{"id":84715,"date":"2022-08-26T09:50:34","date_gmt":"2022-08-26T12:50:34","guid":{"rendered":"https:\/\/www.informelitoral.com.ar\/?p=84715"},"modified":"2022-08-26T09:50:34","modified_gmt":"2022-08-26T12:50:34","slug":"impuesto-a-los-autos-de-lujo-los-montos-que-regiran-a-partir-de-septiembre","status":"publish","type":"post","link":"https:\/\/informelitoral.com.ar\/impuesto-a-los-autos-de-lujo-los-montos-que-regiran-a-partir-de-septiembre\/","title":{"rendered":"Impuesto a los autos \u201cde lujo\u201d: los montos que regir\u00e1n a partir de septiembre"},"content":{"rendered":"<p>Desde el pr\u00f3ximo mes de septiembre se comenzar\u00e1 a aplicar una nueva base imponible para el impuesto interno a los autom\u00f3viles 0 kil\u00f3metro (conocido como \u201cimpuesto a los autom\u00f3viles de lujo\u201d), aunque con las sucesivas actualizaciones, cada vez incluye a m\u00e1s modelos del segmento medio.<\/p>\n<p>Con el nuevo ajuste, el impuesto<b>\u00a0alcanza a los modelos de aproximadamente m\u00e1s de $5 millones (unos USD 17.000 al valor de d\u00f3lar informal) de precio al p\u00fablico<\/b>, aunque no hay un \u00fanico precio y puede haber variaciones de acuerdo al margen de ganancia de las empresas.\u00a0<b>Desde el 1\u00ba de septiembre y hasta fin de noviembre, los 0 kil\u00f3metro por arriba de ese valor estar\u00e1n gravados con la primera escala de los Impuestos Internos, que equivale a una al\u00edcuota del 20 por ciento.<br \/>\n<\/b><br \/>\nEl mes pr\u00f3ximo, el monto que se toma para el c\u00e1lculo impositivo pasar\u00e1 de los $3.016.159 a un valor de salida de f\u00e1brica de $3.552.227. La cifra de venta al p\u00fablico se calcula por un aumento de 18% de los precios mayoristas de los autos en el segundo trimestre del a\u00f1o. A ese n\u00famero se suma el 21% de IVA m\u00e1s la comisi\u00f3n de la red comercial de 15 por ciento.<\/p>\n<p><b>Los ajustes se hacen cada tres meses y el par\u00e1metro es un \u00edndice similar al de la inflaci\u00f3n oficial.<\/b>\u00a0De hecho, el nuevo monto para el siguiente trimestre se le informa a las f\u00e1bricas e importadoras, unos 15 d\u00edas antes de la finalizaci\u00f3n del trimestre en curso, para que tenga vigencia desde el primer d\u00eda h\u00e1bil del mes siguiente.<\/p>\n<p>De esta forma, los fabricantes suelen ir determinando una estrategia de precios: una vez sabido el nuevo precio m\u00e1ximo para quedar fuera del impuesto, se busca determinar un tope a los precios por los siguientes tres meses.<\/p>\n<p><b>Las camionetas, pickups, van, furgones chicos y medianos, se consideran como veh\u00edculos comerciales, o como bien de uso, y por lo tanto no entran en el impuesto por ser considerados herramientas de trabajo.<br \/>\n<\/b><br \/>\nEste impuesto\u00a0<b>impacta sobre los autos importados y adem\u00e1s afecta distintos modelos de 0 km nacionales, aunque pertenezcan al segmento medio.<\/b><\/p>\n<p>La Asociaci\u00f3n de Concesionarios de Automotores de la Rep\u00fablica Argentina (Acara) inform\u00f3 que durante el mes de julio, el n\u00famero de veh\u00edculos patentados ascendi\u00f3 a 38.561 unidades, lo que representa una suba del 8,8% con respecto al mes anterior: en junio pasado se hab\u00edan registrado 35.439 unidades. Si la comparaci\u00f3n es interanual, el incremento alcanza el 16,8% ya que en julio de 2021 se hab\u00edan registrado 33.004 unidades.<\/p>\n<p>De esta forma, en los siete meses acumulados del a\u00f1o se patentaron 248.532 unidades, esto es un 2% m\u00e1s que en el mismo per\u00edodo de 2021, en el que se hab\u00edan registrado 243.736 veh\u00edculos.<\/p>\n<p>Por otro lado, desde el Gobierno se esperan m\u00e1s restricciones a la importaci\u00f3n de autos. La semana pasada el secretario de Comercio, Mat\u00edas Tombolini, se reuni\u00f3 con los directivos de la Asociaci\u00f3n de F\u00e1bricas de Automotores (Adefa) para pedirles su \u201cmayor compromiso\u201d en lograr super\u00e1vit comercial en los pr\u00f3ximos cuatro meses. Seg\u00fan pudo reconstruir\u00a0<b>Infobae<\/b>, cada terminal le acercar\u00e1 una propuesta con el m\u00e1ximo esfuerzo posible que puedan hacer para lograr un saldo positivo entre septiembre y diciembre.<\/p>\n<p>Desde Comercio confirmaron que se les est\u00e1 pidiendo un esfuerzo pero sin afectar producci\u00f3n ni empleo, ya que el objetivo es que se limite el ingreso de los autos terminados de mayor valor. \u201cLo que estamos pidiendo es que tengan balanza superavitaria en los cuatro meses que restan del a\u00f1o produciendo y exportando m\u00e1s, porque est\u00e1n abajo de los niveles de exportaci\u00f3n con los que se hab\u00edan comprometido a principios de a\u00f1o. Todos asumieron mejorar\u201d, aseguraron fuentes cercanas a Tombolini.<\/p>\n","protected":false},"excerpt":{"rendered":"<p>Con el nuevo ajuste, el impuesto alcanza a los modelos de aproximadamente m\u00e1s de $5 millones, unos USD 17.000 al valor de d\u00f3lar informal. Se hacen cada tres meses y el par\u00e1metro es un \u00edndice similar al de la inflaci\u00f3n oficial.<\/p>\n","protected":false},"author":8,"featured_media":84716,"comment_status":"open","ping_status":"open","sticky":false,"template":"","format":"standard","meta":{"fifu_image_url":"","fifu_image_alt":"","footnotes":""},"categories":[1594],"tags":[592],"class_list":{"0":"post-84715","1":"post","2":"type-post","3":"status-publish","4":"format-standard","5":"has-post-thumbnail","7":"category-economia","8":"tag-impuestos"},"yoast_head":"<title>Impuesto a los autos \u201cde lujo\u201d: los montos que regir\u00e1n a partir de septiembre - Informe Litoral<\/title>\n<meta name=\"robots\" content=\"index, follow, max-snippet:-1, max-image-preview:large, max-video-preview:-1\" \/>\n<link rel=\"canonical\" href=\"https:\/\/informelitoral.com.ar\/impuesto-a-los-autos-de-lujo-los-montos-que-regiran-a-partir-de-septiembre\/\" \/>\n<meta property=\"og:locale\" content=\"es_ES\" \/>\n<meta property=\"og:type\" content=\"article\" \/>\n<meta property=\"og:title\" content=\"Impuesto a los autos \u201cde lujo\u201d: los montos que regir\u00e1n a partir de septiembre - Informe Litoral\" \/>\n<meta property=\"og:description\" content=\"Con el nuevo ajuste, el impuesto alcanza a los modelos de aproximadamente m\u00e1s de $5 millones, unos USD 17.000 al valor de d\u00f3lar informal. Se hacen cada tres meses y el par\u00e1metro es un \u00edndice similar al de la inflaci\u00f3n oficial.\" \/>\n<meta property=\"og:url\" content=\"https:\/\/informelitoral.com.ar\/impuesto-a-los-autos-de-lujo-los-montos-que-regiran-a-partir-de-septiembre\/\" \/>\n<meta property=\"og:site_name\" content=\"Informe Litoral\" \/>\n<meta property=\"article:publisher\" content=\"https:\/\/www.facebook.com\/informelitoral\/\" \/>\n<meta property=\"article:published_time\" content=\"2022-08-26T12:50:34+00:00\" \/>\n<meta property=\"og:image\" content=\"https:\/\/informelitoral.com.ar\/%77%70%2d%63%6f%6e%74%65%6e%74\/uploads\/2022\/08\/Fila-de-autos-usados-696x368-1.jpg\" \/>\n\t<meta property=\"og:image:width\" content=\"696\" \/>\n\t<meta property=\"og:image:height\" content=\"368\" \/>\n\t<meta property=\"og:image:type\" content=\"image\/jpeg\" \/>\n<meta name=\"author\" content=\"Sebastian\" \/>\n<meta name=\"twitter:card\" content=\"summary_large_image\" \/>\n<meta name=\"twitter:creator\" content=\"@InformeLitoral\" \/>\n<meta name=\"twitter:site\" content=\"@InformeLitoral\" \/>\n<meta name=\"twitter:label1\" content=\"Escrito por\" \/>\n\t<meta name=\"twitter:data1\" content=\"Sebastian\" \/>\n\t<meta name=\"twitter:label2\" content=\"Tiempo de lectura\" \/>\n\t<meta name=\"twitter:data2\" content=\"3 minutos\" \/>\n<script type=\"application\/ld+json\" class=\"yoast-schema-graph\">{\"@context\":\"https:\\\/\\\/schema.org\",\"@graph\":[{\"@type\":\"Article\",\"@id\":\"https:\\\/\\\/informelitoral.com.ar\\\/impuesto-a-los-autos-de-lujo-los-montos-que-regiran-a-partir-de-septiembre\\\/#article\",\"isPartOf\":{\"@id\":\"https:\\\/\\\/informelitoral.com.ar\\\/impuesto-a-los-autos-de-lujo-los-montos-que-regiran-a-partir-de-septiembre\\\/\"},\"author\":{\"name\":\"Sebastian\",\"@id\":\"https:\\\/\\\/informelitoral.com.ar\\\/#\\\/schema\\\/person\\\/f05f9f461677119578717524b127d6d5\"},\"headline\":\"Impuesto a los autos \u201cde lujo\u201d: los montos que regir\u00e1n a partir de septiembre\",\"datePublished\":\"2022-08-26T12:50:34+00:00\",\"mainEntityOfPage\":{\"@id\":\"https:\\\/\\\/informelitoral.com.ar\\\/impuesto-a-los-autos-de-lujo-los-montos-que-regiran-a-partir-de-septiembre\\\/\"},\"wordCount\":659,\"commentCount\":0,\"publisher\":{\"@id\":\"https:\\\/\\\/informelitoral.com.ar\\\/#organization\"},\"image\":{\"@id\":\"https:\\\/\\\/informelitoral.com.ar\\\/impuesto-a-los-autos-de-lujo-los-montos-que-regiran-a-partir-de-septiembre\\\/#primaryimage\"},\"thumbnailUrl\":\"https:\\\/\\\/informelitoral.com.ar\\\/%77%70%2d%63%6f%6e%74%65%6e%74\\\/uploads\\\/2022\\\/08\\\/Fila-de-autos-usados-696x368-1.jpg\",\"keywords\":[\"Impuestos\"],\"articleSection\":[\"Econom\u00eda\"],\"inLanguage\":\"es\",\"potentialAction\":[{\"@type\":\"CommentAction\",\"name\":\"Comment\",\"target\":[\"https:\\\/\\\/informelitoral.com.ar\\\/impuesto-a-los-autos-de-lujo-los-montos-que-regiran-a-partir-de-septiembre\\\/#respond\"]}]},{\"@type\":\"WebPage\",\"@id\":\"https:\\\/\\\/informelitoral.com.ar\\\/impuesto-a-los-autos-de-lujo-los-montos-que-regiran-a-partir-de-septiembre\\\/\",\"url\":\"https:\\\/\\\/informelitoral.com.ar\\\/impuesto-a-los-autos-de-lujo-los-montos-que-regiran-a-partir-de-septiembre\\\/\",\"name\":\"Impuesto a los autos \u201cde lujo\u201d: los montos que regir\u00e1n a partir de septiembre - Informe Litoral\",\"isPartOf\":{\"@id\":\"https:\\\/\\\/informelitoral.com.ar\\\/#website\"},\"primaryImageOfPage\":{\"@id\":\"https:\\\/\\\/informelitoral.com.ar\\\/impuesto-a-los-autos-de-lujo-los-montos-que-regiran-a-partir-de-septiembre\\\/#primaryimage\"},\"image\":{\"@id\":\"https:\\\/\\\/informelitoral.com.ar\\\/impuesto-a-los-autos-de-lujo-los-montos-que-regiran-a-partir-de-septiembre\\\/#primaryimage\"},\"thumbnailUrl\":\"https:\\\/\\\/informelitoral.com.ar\\\/%77%70%2d%63%6f%6e%74%65%6e%74\\\/uploads\\\/2022\\\/08\\\/Fila-de-autos-usados-696x368-1.jpg\",\"datePublished\":\"2022-08-26T12:50:34+00:00\",\"breadcrumb\":{\"@id\":\"https:\\\/\\\/informelitoral.com.ar\\\/impuesto-a-los-autos-de-lujo-los-montos-que-regiran-a-partir-de-septiembre\\\/#breadcrumb\"},\"inLanguage\":\"es\",\"potentialAction\":[{\"@type\":\"ReadAction\",\"target\":[\"https:\\\/\\\/informelitoral.com.ar\\\/impuesto-a-los-autos-de-lujo-los-montos-que-regiran-a-partir-de-septiembre\\\/\"]}]},{\"@type\":\"ImageObject\",\"inLanguage\":\"es\",\"@id\":\"https:\\\/\\\/informelitoral.com.ar\\\/impuesto-a-los-autos-de-lujo-los-montos-que-regiran-a-partir-de-septiembre\\\/#primaryimage\",\"url\":\"https:\\\/\\\/informelitoral.com.ar\\\/%77%70%2d%63%6f%6e%74%65%6e%74\\\/uploads\\\/2022\\\/08\\\/Fila-de-autos-usados-696x368-1.jpg\",\"contentUrl\":\"https:\\\/\\\/informelitoral.com.ar\\\/%77%70%2d%63%6f%6e%74%65%6e%74\\\/uploads\\\/2022\\\/08\\\/Fila-de-autos-usados-696x368-1.jpg\",\"width\":696,\"height\":368},{\"@type\":\"BreadcrumbList\",\"@id\":\"https:\\\/\\\/informelitoral.com.ar\\\/impuesto-a-los-autos-de-lujo-los-montos-que-regiran-a-partir-de-septiembre\\\/#breadcrumb\",\"itemListElement\":[{\"@type\":\"ListItem\",\"position\":1,\"name\":\"Portada\",\"item\":\"https:\\\/\\\/informelitoral.com.ar\\\/\"},{\"@type\":\"ListItem\",\"position\":2,\"name\":\"Impuesto a los autos \u201cde lujo\u201d: los montos que regir\u00e1n a partir de septiembre\"}]},{\"@type\":\"WebSite\",\"@id\":\"https:\\\/\\\/informelitoral.com.ar\\\/#website\",\"url\":\"https:\\\/\\\/informelitoral.com.ar\\\/\",\"name\":\"Informe Litoral\",\"description\":\"&quot;Nos informamos&quot; \",\"publisher\":{\"@id\":\"https:\\\/\\\/informelitoral.com.ar\\\/#organization\"},\"potentialAction\":[{\"@type\":\"SearchAction\",\"target\":{\"@type\":\"EntryPoint\",\"urlTemplate\":\"https:\\\/\\\/informelitoral.com.ar\\\/?s={search_term_string}\"},\"query-input\":{\"@type\":\"PropertyValueSpecification\",\"valueRequired\":true,\"valueName\":\"search_term_string\"}}],\"inLanguage\":\"es\"},{\"@type\":\"Organization\",\"@id\":\"https:\\\/\\\/informelitoral.com.ar\\\/#organization\",\"name\":\"Informe Litoral\",\"url\":\"https:\\\/\\\/informelitoral.com.ar\\\/\",\"logo\":{\"@type\":\"ImageObject\",\"inLanguage\":\"es\",\"@id\":\"https:\\\/\\\/informelitoral.com.ar\\\/#\\\/schema\\\/logo\\\/image\\\/\",\"url\":\"https:\\\/\\\/informelitoral.com.ar\\\/%77%70%2d%63%6f%6e%74%65%6e%74\\\/uploads\\\/2021\\\/01\\\/circulo.png\",\"contentUrl\":\"https:\\\/\\\/informelitoral.com.ar\\\/%77%70%2d%63%6f%6e%74%65%6e%74\\\/uploads\\\/2021\\\/01\\\/circulo.png\",\"width\":723,\"height\":731,\"caption\":\"Informe Litoral\"},\"image\":{\"@id\":\"https:\\\/\\\/informelitoral.com.ar\\\/#\\\/schema\\\/logo\\\/image\\\/\"},\"sameAs\":[\"https:\\\/\\\/www.facebook.com\\\/informelitoral\\\/\",\"https:\\\/\\\/x.com\\\/InformeLitoral\",\"https:\\\/\\\/www.instagram.com\\\/informelitoral\\\/\",\"https:\\\/\\\/www.youtube.com\\\/channel\\\/UCua4Qvz8Icb6MYqhoq9xLXw\"]},{\"@type\":\"Person\",\"@id\":\"https:\\\/\\\/informelitoral.com.ar\\\/#\\\/schema\\\/person\\\/f05f9f461677119578717524b127d6d5\",\"name\":\"Sebastian\",\"image\":{\"@type\":\"ImageObject\",\"inLanguage\":\"es\",\"@id\":\"https:\\\/\\\/secure.gravatar.com\\\/avatar\\\/b71bf7481d447dfb9583c7f2798e7cc64de6efb9067b74633ed8c31059a3bd82?s=96&d=mm&r=g\",\"url\":\"https:\\\/\\\/secure.gravatar.com\\\/avatar\\\/b71bf7481d447dfb9583c7f2798e7cc64de6efb9067b74633ed8c31059a3bd82?s=96&d=mm&r=g\",\"contentUrl\":\"https:\\\/\\\/secure.gravatar.com\\\/avatar\\\/b71bf7481d447dfb9583c7f2798e7cc64de6efb9067b74633ed8c31059a3bd82?s=96&d=mm&r=g\",\"caption\":\"Sebastian\"},\"url\":\"https:\\\/\\\/informelitoral.com.ar\\\/author\\\/sebastian\\\/\"}]}<\/script>","yoast_head_json":{"title":"Impuesto a los autos \u201cde lujo\u201d: los montos que regir\u00e1n a partir de septiembre - Informe Litoral","robots":{"index":"index","follow":"follow","max-snippet":"max-snippet:-1","max-image-preview":"max-image-preview:large","max-video-preview":"max-video-preview:-1"},"canonical":"https:\/\/informelitoral.com.ar\/impuesto-a-los-autos-de-lujo-los-montos-que-regiran-a-partir-de-septiembre\/","og_locale":"es_ES","og_type":"article","og_title":"Impuesto a los autos \u201cde lujo\u201d: los montos que regir\u00e1n a partir de septiembre - Informe Litoral","og_description":"Con el nuevo ajuste, el impuesto alcanza a los modelos de aproximadamente m\u00e1s de $5 millones, unos USD 17.000 al valor de d\u00f3lar informal. Se hacen cada tres meses y el par\u00e1metro es un \u00edndice similar al de la inflaci\u00f3n oficial.","og_url":"https:\/\/informelitoral.com.ar\/impuesto-a-los-autos-de-lujo-los-montos-que-regiran-a-partir-de-septiembre\/","og_site_name":"Informe Litoral","article_publisher":"https:\/\/www.facebook.com\/informelitoral\/","article_published_time":"2022-08-26T12:50:34+00:00","og_image":[{"width":696,"height":368,"url":"https:\/\/informelitoral.com.ar\/%77%70%2d%63%6f%6e%74%65%6e%74\/uploads\/2022\/08\/Fila-de-autos-usados-696x368-1.jpg","type":"image\/jpeg"}],"author":"Sebastian","twitter_card":"summary_large_image","twitter_creator":"@InformeLitoral","twitter_site":"@InformeLitoral","twitter_misc":{"Escrito por":"Sebastian","Tiempo de lectura":"3 minutos"},"schema":{"@context":"https:\/\/schema.org","@graph":[{"@type":"Article","@id":"https:\/\/informelitoral.com.ar\/impuesto-a-los-autos-de-lujo-los-montos-que-regiran-a-partir-de-septiembre\/#article","isPartOf":{"@id":"https:\/\/informelitoral.com.ar\/impuesto-a-los-autos-de-lujo-los-montos-que-regiran-a-partir-de-septiembre\/"},"author":{"name":"Sebastian","@id":"https:\/\/informelitoral.com.ar\/#\/schema\/person\/f05f9f461677119578717524b127d6d5"},"headline":"Impuesto a los autos \u201cde lujo\u201d: los montos que regir\u00e1n a partir de septiembre","datePublished":"2022-08-26T12:50:34+00:00","mainEntityOfPage":{"@id":"https:\/\/informelitoral.com.ar\/impuesto-a-los-autos-de-lujo-los-montos-que-regiran-a-partir-de-septiembre\/"},"wordCount":659,"commentCount":0,"publisher":{"@id":"https:\/\/informelitoral.com.ar\/#organization"},"image":{"@id":"https:\/\/informelitoral.com.ar\/impuesto-a-los-autos-de-lujo-los-montos-que-regiran-a-partir-de-septiembre\/#primaryimage"},"thumbnailUrl":"https:\/\/informelitoral.com.ar\/%77%70%2d%63%6f%6e%74%65%6e%74\/uploads\/2022\/08\/Fila-de-autos-usados-696x368-1.jpg","keywords":["Impuestos"],"articleSection":["Econom\u00eda"],"inLanguage":"es","potentialAction":[{"@type":"CommentAction","name":"Comment","target":["https:\/\/informelitoral.com.ar\/impuesto-a-los-autos-de-lujo-los-montos-que-regiran-a-partir-de-septiembre\/#respond"]}]},{"@type":"WebPage","@id":"https:\/\/informelitoral.com.ar\/impuesto-a-los-autos-de-lujo-los-montos-que-regiran-a-partir-de-septiembre\/","url":"https:\/\/informelitoral.com.ar\/impuesto-a-los-autos-de-lujo-los-montos-que-regiran-a-partir-de-septiembre\/","name":"Impuesto a los autos \u201cde lujo\u201d: los montos que regir\u00e1n a partir de septiembre - Informe Litoral","isPartOf":{"@id":"https:\/\/informelitoral.com.ar\/#website"},"primaryImageOfPage":{"@id":"https:\/\/informelitoral.com.ar\/impuesto-a-los-autos-de-lujo-los-montos-que-regiran-a-partir-de-septiembre\/#primaryimage"},"image":{"@id":"https:\/\/informelitoral.com.ar\/impuesto-a-los-autos-de-lujo-los-montos-que-regiran-a-partir-de-septiembre\/#primaryimage"},"thumbnailUrl":"https:\/\/informelitoral.com.ar\/%77%70%2d%63%6f%6e%74%65%6e%74\/uploads\/2022\/08\/Fila-de-autos-usados-696x368-1.jpg","datePublished":"2022-08-26T12:50:34+00:00","breadcrumb":{"@id":"https:\/\/informelitoral.com.ar\/impuesto-a-los-autos-de-lujo-los-montos-que-regiran-a-partir-de-septiembre\/#breadcrumb"},"inLanguage":"es","potentialAction":[{"@type":"ReadAction","target":["https:\/\/informelitoral.com.ar\/impuesto-a-los-autos-de-lujo-los-montos-que-regiran-a-partir-de-septiembre\/"]}]},{"@type":"ImageObject","inLanguage":"es","@id":"https:\/\/informelitoral.com.ar\/impuesto-a-los-autos-de-lujo-los-montos-que-regiran-a-partir-de-septiembre\/#primaryimage","url":"https:\/\/informelitoral.com.ar\/%77%70%2d%63%6f%6e%74%65%6e%74\/uploads\/2022\/08\/Fila-de-autos-usados-696x368-1.jpg","contentUrl":"https:\/\/informelitoral.com.ar\/%77%70%2d%63%6f%6e%74%65%6e%74\/uploads\/2022\/08\/Fila-de-autos-usados-696x368-1.jpg","width":696,"height":368},{"@type":"BreadcrumbList","@id":"https:\/\/informelitoral.com.ar\/impuesto-a-los-autos-de-lujo-los-montos-que-regiran-a-partir-de-septiembre\/#breadcrumb","itemListElement":[{"@type":"ListItem","position":1,"name":"Portada","item":"https:\/\/informelitoral.com.ar\/"},{"@type":"ListItem","position":2,"name":"Impuesto a los autos \u201cde lujo\u201d: los montos que regir\u00e1n a partir de septiembre"}]},{"@type":"WebSite","@id":"https:\/\/informelitoral.com.ar\/#website","url":"https:\/\/informelitoral.com.ar\/","name":"Informe Litoral","description":"&quot;Nos informamos&quot; ","publisher":{"@id":"https:\/\/informelitoral.com.ar\/#organization"},"potentialAction":[{"@type":"SearchAction","target":{"@type":"EntryPoint","urlTemplate":"https:\/\/informelitoral.com.ar\/?s={search_term_string}"},"query-input":{"@type":"PropertyValueSpecification","valueRequired":true,"valueName":"search_term_string"}}],"inLanguage":"es"},{"@type":"Organization","@id":"https:\/\/informelitoral.com.ar\/#organization","name":"Informe Litoral","url":"https:\/\/informelitoral.com.ar\/","logo":{"@type":"ImageObject","inLanguage":"es","@id":"https:\/\/informelitoral.com.ar\/#\/schema\/logo\/image\/","url":"https:\/\/informelitoral.com.ar\/%77%70%2d%63%6f%6e%74%65%6e%74\/uploads\/2021\/01\/circulo.png","contentUrl":"https:\/\/informelitoral.com.ar\/%77%70%2d%63%6f%6e%74%65%6e%74\/uploads\/2021\/01\/circulo.png","width":723,"height":731,"caption":"Informe Litoral"},"image":{"@id":"https:\/\/informelitoral.com.ar\/#\/schema\/logo\/image\/"},"sameAs":["https:\/\/www.facebook.com\/informelitoral\/","https:\/\/x.com\/InformeLitoral","https:\/\/www.instagram.com\/informelitoral\/","https:\/\/www.youtube.com\/channel\/UCua4Qvz8Icb6MYqhoq9xLXw"]},{"@type":"Person","@id":"https:\/\/informelitoral.com.ar\/#\/schema\/person\/f05f9f461677119578717524b127d6d5","name":"Sebastian","image":{"@type":"ImageObject","inLanguage":"es","@id":"https:\/\/secure.gravatar.com\/avatar\/b71bf7481d447dfb9583c7f2798e7cc64de6efb9067b74633ed8c31059a3bd82?s=96&d=mm&r=g","url":"https:\/\/secure.gravatar.com\/avatar\/b71bf7481d447dfb9583c7f2798e7cc64de6efb9067b74633ed8c31059a3bd82?s=96&d=mm&r=g","contentUrl":"https:\/\/secure.gravatar.com\/avatar\/b71bf7481d447dfb9583c7f2798e7cc64de6efb9067b74633ed8c31059a3bd82?s=96&d=mm&r=g","caption":"Sebastian"},"url":"https:\/\/informelitoral.com.ar\/author\/sebastian\/"}]}},"_links":{"self":[{"href":"https:\/\/informelitoral.com.ar\/%77%70%2d%6a%73%6f%6e\/wp\/v2\/posts\/84715","targetHints":{"allow":["GET"]}}],"collection":[{"href":"https:\/\/informelitoral.com.ar\/%77%70%2d%6a%73%6f%6e\/wp\/v2\/posts"}],"about":[{"href":"https:\/\/informelitoral.com.ar\/%77%70%2d%6a%73%6f%6e\/wp\/v2\/types\/post"}],"author":[{"embeddable":true,"href":"https:\/\/informelitoral.com.ar\/%77%70%2d%6a%73%6f%6e\/wp\/v2\/users\/8"}],"replies":[{"embeddable":true,"href":"https:\/\/informelitoral.com.ar\/%77%70%2d%6a%73%6f%6e\/wp\/v2\/comments?post=84715"}],"version-history":[{"count":0,"href":"https:\/\/informelitoral.com.ar\/%77%70%2d%6a%73%6f%6e\/wp\/v2\/posts\/84715\/revisions"}],"wp:featuredmedia":[{"embeddable":true,"href":"https:\/\/informelitoral.com.ar\/%77%70%2d%6a%73%6f%6e\/wp\/v2\/media\/84716"}],"wp:attachment":[{"href":"https:\/\/informelitoral.com.ar\/%77%70%2d%6a%73%6f%6e\/wp\/v2\/media?parent=84715"}],"wp:term":[{"taxonomy":"category","embeddable":true,"href":"https:\/\/informelitoral.com.ar\/%77%70%2d%6a%73%6f%6e\/wp\/v2\/categories?post=84715"},{"taxonomy":"post_tag","embeddable":true,"href":"https:\/\/informelitoral.com.ar\/%77%70%2d%6a%73%6f%6e\/wp\/v2\/tags?post=84715"}],"curies":[{"name":"wp","href":"https:\/\/api.w.org\/{rel}","templated":true}]}}