{"id":84704,"date":"2022-08-26T09:22:17","date_gmt":"2022-08-26T12:22:17","guid":{"rendered":"https:\/\/www.informelitoral.com.ar\/?p=84704"},"modified":"2022-08-26T09:22:23","modified_gmt":"2022-08-26T12:22:23","slug":"interesa-a-turquia-la-industria-farmaceutica-y-los-citricos-entrerrianos","status":"publish","type":"post","link":"https:\/\/informelitoral.com.ar\/interesa-a-turquia-la-industria-farmaceutica-y-los-citricos-entrerrianos\/","title":{"rendered":"Interesa a Turqu\u00eda la industria farmac\u00e9utica y los c\u00edtricos entrerrianos"},"content":{"rendered":"<p>La Junta de Relaciones Exteriores es la encargada de gestionar las relaciones econ\u00f3micas del sector privado turco, especialmente su comercio exterior y las relaciones internacionales, la contrataci\u00f3n y la log\u00edstica, y promover el desarrollo empresarial.<\/p>\n<p>La reuni\u00f3n fue con el responsable de las relaciones entre Argentina y Turqu\u00eda, Abdul Celil Kilinc. Acompa\u00f1aron a Bordet, el c\u00f3nsul argentino en Estambul Diego \u00c1lvarez Rivera, el titular del laboratorio Eriochem, Antonio Bouzada, de Dom\u00ednguez Lab., Mario Dom\u00ednguez, los integrantes de la cooperativa Jucofer, Gustavo Zandon\u00e1 y \u00c1lvaro Aguilera y el representante de la citr\u00edcola Guille Hermanos, V\u00edctor Zampedri.<\/p>\n<p>Al finalizar, Bordet destac\u00f3 el encuentro \u201ccon entidades que fomentan la relaci\u00f3n institucional entre los dos pa\u00edses, Turqu\u00eda y Argentina\u201d, y valor\u00f3 su importancia, ya que \u201cnos permite empezar a plantear la llegada de nuestra oferta exportable, con los sectores presentes, a m\u00e1s mercados\u201d.<\/p>\n<p>El objetivo es \u201ciniciar una relaci\u00f3n de cooperaci\u00f3n que nos permita llegar a Turqu\u00eda, que sea un destino de exportaciones, y tambi\u00e9n quedar abiertos para inversiones que puedan realizarse en nuestra provincia y que agreguen valor a nuestro sistema productivo\u201d. \u201cFue una reuni\u00f3n satisfactoria\u201d, subray\u00f3.<\/p>\n<p><b>Opini\u00f3n de los productores<\/b><\/p>\n<p>Respecto al citrus, el titular de la cooperativa Jucofer, de Villa del Rosario, Gustavo Zandon\u00e1, destac\u00f3 que \u201cpara nosotros es muy importante la participaci\u00f3n en esta misi\u00f3n, por lo que agradecemos a la provincia por esta invitaci\u00f3n y la posibilidad de venir a Turqu\u00eda para contactarnos con distintas empresas\u201d.<\/p>\n<p>Explic\u00f3 que en lo que respecta a la cooperativa que integra, que se dedica a la industria del jugo, \u201cmantuvimos distintas reuniones con posibles compradores. Es un mercado que nosotros a\u00fan no tenemos desarrollado, s\u00ed exportamos a otros pa\u00edses, pero no a Turqu\u00eda. Nosotros esperamos que con estas reuniones se nos puedan abrir nuevas oportunidades para nuestra empresa\u201d.<\/p>\n<p>Por su parte. V\u00edctor Zampedri, de la empresa citr\u00edcola Guille Hermanos SRL, de Villa del Rosario, firma que se dedica a producir fruta fresca y es socia de la cooperativa, indic\u00f3 que \u201cparticularmente vine por mi empresa, que actualmente trabaja con mercado interno y le vendemos a empresas exportadoras. La idea es comenzar a salir afuera, tuvimos varias reuniones con buen inter\u00e9s y ahora hay que limar algunos detalles que tienen que ver con gastos de fletes, c\u00f3mo llegar\u00eda la fruta. Ellos tiene detalles respecto a c\u00f3mo llegan por lo cual si pudi\u00e9ramos mejorar, podr\u00edamos tener una buena posibilidad de entablar alguna negociaci\u00f3n\u201d.<\/p>\n<p>En el caso de la industria farmac\u00e9utica, el representante de la firma Eriochem, Antonio Bouzada, coment\u00f3 que \u201cnosotros tenemos productos oncol\u00f3gicos inyectables que estamos exportando actualmente a Turqu\u00eda, uno en especial que es para transplante de m\u00e9dula \u00f3sea. La misi\u00f3n con el gobierno nos dio la posibilidad de tener la protecci\u00f3n de la provincia en la presentaci\u00f3n con otras instituciones\u201d.<\/p>\n<p>\u201cEl hecho de ser empresarios avalados por el gobierno de Entre R\u00edos, da un marco de formalidad que nos va a permitir exportar m\u00e1s productos que los que ya tenemos\u201d, acot\u00f3.<\/p>\n","protected":false},"excerpt":{"rendered":"<p>Con el objetivo de aumentar y diversificar las exportaciones entrerrianas a Turqu\u00eda, el gobernador Gustavo Bordet se reuni\u00f3 con la Junta de Relaciones Exteriores, que nuclea al sector privado de ese pa\u00eds. Empresarios entrerrianos valoraron el apoyo del gobierno provincial.<\/p>\n","protected":false},"author":8,"featured_media":84705,"comment_status":"open","ping_status":"open","sticky":false,"template":"","format":"standard","meta":{"fifu_image_url":"","fifu_image_alt":"","footnotes":""},"categories":[6],"tags":[167],"class_list":{"0":"post-84704","1":"post","2":"type-post","3":"status-publish","4":"format-standard","5":"has-post-thumbnail","7":"category-entre-rios","8":"tag-gustavo-bordet"},"yoast_head":"<title>Interesa a Turqu\u00eda la industria farmac\u00e9utica y los c\u00edtricos entrerrianos - Informe Litoral<\/title>\n<meta name=\"robots\" content=\"index, follow, max-snippet:-1, max-image-preview:large, max-video-preview:-1\" \/>\n<link rel=\"canonical\" href=\"https:\/\/informelitoral.com.ar\/interesa-a-turquia-la-industria-farmaceutica-y-los-citricos-entrerrianos\/\" \/>\n<meta property=\"og:locale\" content=\"es_ES\" \/>\n<meta property=\"og:type\" content=\"article\" \/>\n<meta property=\"og:title\" content=\"Interesa a Turqu\u00eda la industria farmac\u00e9utica y los c\u00edtricos entrerrianos - Informe Litoral\" \/>\n<meta property=\"og:description\" content=\"Con el objetivo de aumentar y diversificar las exportaciones entrerrianas a Turqu\u00eda, el gobernador Gustavo Bordet se reuni\u00f3 con la Junta de Relaciones Exteriores, que nuclea al sector privado de ese pa\u00eds. Empresarios entrerrianos valoraron el apoyo del gobierno provincial.\" \/>\n<meta property=\"og:url\" content=\"https:\/\/informelitoral.com.ar\/interesa-a-turquia-la-industria-farmaceutica-y-los-citricos-entrerrianos\/\" \/>\n<meta property=\"og:site_name\" content=\"Informe Litoral\" \/>\n<meta property=\"article:publisher\" content=\"https:\/\/www.facebook.com\/informelitoral\/\" \/>\n<meta property=\"article:published_time\" content=\"2022-08-26T12:22:17+00:00\" \/>\n<meta property=\"article:modified_time\" content=\"2022-08-26T12:22:23+00:00\" \/>\n<meta property=\"og:image\" content=\"https:\/\/informelitoral.com.ar\/%77%70%2d%63%6f%6e%74%65%6e%74\/uploads\/2022\/08\/p_1661451992.jpg\" \/>\n\t<meta property=\"og:image:width\" content=\"1920\" \/>\n\t<meta property=\"og:image:height\" content=\"800\" \/>\n\t<meta property=\"og:image:type\" content=\"image\/jpeg\" \/>\n<meta name=\"author\" content=\"Sebastian\" \/>\n<meta name=\"twitter:card\" content=\"summary_large_image\" \/>\n<meta name=\"twitter:creator\" content=\"@InformeLitoral\" \/>\n<meta name=\"twitter:site\" content=\"@InformeLitoral\" \/>\n<meta name=\"twitter:label1\" content=\"Escrito por\" \/>\n\t<meta name=\"twitter:data1\" content=\"Sebastian\" \/>\n\t<meta name=\"twitter:label2\" content=\"Tiempo de lectura\" \/>\n\t<meta name=\"twitter:data2\" content=\"3 minutos\" \/>\n<script type=\"application\/ld+json\" class=\"yoast-schema-graph\">{\"@context\":\"https:\\\/\\\/schema.org\",\"@graph\":[{\"@type\":\"Article\",\"@id\":\"https:\\\/\\\/informelitoral.com.ar\\\/interesa-a-turquia-la-industria-farmaceutica-y-los-citricos-entrerrianos\\\/#article\",\"isPartOf\":{\"@id\":\"https:\\\/\\\/informelitoral.com.ar\\\/interesa-a-turquia-la-industria-farmaceutica-y-los-citricos-entrerrianos\\\/\"},\"author\":{\"name\":\"Sebastian\",\"@id\":\"https:\\\/\\\/informelitoral.com.ar\\\/#\\\/schema\\\/person\\\/f05f9f461677119578717524b127d6d5\"},\"headline\":\"Interesa a Turqu\u00eda la industria farmac\u00e9utica y los c\u00edtricos entrerrianos\",\"datePublished\":\"2022-08-26T12:22:17+00:00\",\"dateModified\":\"2022-08-26T12:22:23+00:00\",\"mainEntityOfPage\":{\"@id\":\"https:\\\/\\\/informelitoral.com.ar\\\/interesa-a-turquia-la-industria-farmaceutica-y-los-citricos-entrerrianos\\\/\"},\"wordCount\":548,\"commentCount\":0,\"publisher\":{\"@id\":\"https:\\\/\\\/informelitoral.com.ar\\\/#organization\"},\"image\":{\"@id\":\"https:\\\/\\\/informelitoral.com.ar\\\/interesa-a-turquia-la-industria-farmaceutica-y-los-citricos-entrerrianos\\\/#primaryimage\"},\"thumbnailUrl\":\"https:\\\/\\\/informelitoral.com.ar\\\/%77%70%2d%63%6f%6e%74%65%6e%74\\\/uploads\\\/2022\\\/08\\\/p_1661451992.jpg\",\"keywords\":[\"Gustavo Bordet\"],\"articleSection\":[\"Entre R\u00edos\"],\"inLanguage\":\"es\",\"potentialAction\":[{\"@type\":\"CommentAction\",\"name\":\"Comment\",\"target\":[\"https:\\\/\\\/informelitoral.com.ar\\\/interesa-a-turquia-la-industria-farmaceutica-y-los-citricos-entrerrianos\\\/#respond\"]}]},{\"@type\":\"WebPage\",\"@id\":\"https:\\\/\\\/informelitoral.com.ar\\\/interesa-a-turquia-la-industria-farmaceutica-y-los-citricos-entrerrianos\\\/\",\"url\":\"https:\\\/\\\/informelitoral.com.ar\\\/interesa-a-turquia-la-industria-farmaceutica-y-los-citricos-entrerrianos\\\/\",\"name\":\"Interesa a Turqu\u00eda la industria farmac\u00e9utica y los c\u00edtricos entrerrianos - Informe Litoral\",\"isPartOf\":{\"@id\":\"https:\\\/\\\/informelitoral.com.ar\\\/#website\"},\"primaryImageOfPage\":{\"@id\":\"https:\\\/\\\/informelitoral.com.ar\\\/interesa-a-turquia-la-industria-farmaceutica-y-los-citricos-entrerrianos\\\/#primaryimage\"},\"image\":{\"@id\":\"https:\\\/\\\/informelitoral.com.ar\\\/interesa-a-turquia-la-industria-farmaceutica-y-los-citricos-entrerrianos\\\/#primaryimage\"},\"thumbnailUrl\":\"https:\\\/\\\/informelitoral.com.ar\\\/%77%70%2d%63%6f%6e%74%65%6e%74\\\/uploads\\\/2022\\\/08\\\/p_1661451992.jpg\",\"datePublished\":\"2022-08-26T12:22:17+00:00\",\"dateModified\":\"2022-08-26T12:22:23+00:00\",\"breadcrumb\":{\"@id\":\"https:\\\/\\\/informelitoral.com.ar\\\/interesa-a-turquia-la-industria-farmaceutica-y-los-citricos-entrerrianos\\\/#breadcrumb\"},\"inLanguage\":\"es\",\"potentialAction\":[{\"@type\":\"ReadAction\",\"target\":[\"https:\\\/\\\/informelitoral.com.ar\\\/interesa-a-turquia-la-industria-farmaceutica-y-los-citricos-entrerrianos\\\/\"]}]},{\"@type\":\"ImageObject\",\"inLanguage\":\"es\",\"@id\":\"https:\\\/\\\/informelitoral.com.ar\\\/interesa-a-turquia-la-industria-farmaceutica-y-los-citricos-entrerrianos\\\/#primaryimage\",\"url\":\"https:\\\/\\\/informelitoral.com.ar\\\/%77%70%2d%63%6f%6e%74%65%6e%74\\\/uploads\\\/2022\\\/08\\\/p_1661451992.jpg\",\"contentUrl\":\"https:\\\/\\\/informelitoral.com.ar\\\/%77%70%2d%63%6f%6e%74%65%6e%74\\\/uploads\\\/2022\\\/08\\\/p_1661451992.jpg\",\"width\":1920,\"height\":800},{\"@type\":\"BreadcrumbList\",\"@id\":\"https:\\\/\\\/informelitoral.com.ar\\\/interesa-a-turquia-la-industria-farmaceutica-y-los-citricos-entrerrianos\\\/#breadcrumb\",\"itemListElement\":[{\"@type\":\"ListItem\",\"position\":1,\"name\":\"Portada\",\"item\":\"https:\\\/\\\/informelitoral.com.ar\\\/\"},{\"@type\":\"ListItem\",\"position\":2,\"name\":\"Interesa a Turqu\u00eda la industria farmac\u00e9utica y los c\u00edtricos entrerrianos\"}]},{\"@type\":\"WebSite\",\"@id\":\"https:\\\/\\\/informelitoral.com.ar\\\/#website\",\"url\":\"https:\\\/\\\/informelitoral.com.ar\\\/\",\"name\":\"Informe Litoral\",\"description\":\"&quot;Nos informamos&quot; \",\"publisher\":{\"@id\":\"https:\\\/\\\/informelitoral.com.ar\\\/#organization\"},\"potentialAction\":[{\"@type\":\"SearchAction\",\"target\":{\"@type\":\"EntryPoint\",\"urlTemplate\":\"https:\\\/\\\/informelitoral.com.ar\\\/?s={search_term_string}\"},\"query-input\":{\"@type\":\"PropertyValueSpecification\",\"valueRequired\":true,\"valueName\":\"search_term_string\"}}],\"inLanguage\":\"es\"},{\"@type\":\"Organization\",\"@id\":\"https:\\\/\\\/informelitoral.com.ar\\\/#organization\",\"name\":\"Informe Litoral\",\"url\":\"https:\\\/\\\/informelitoral.com.ar\\\/\",\"logo\":{\"@type\":\"ImageObject\",\"inLanguage\":\"es\",\"@id\":\"https:\\\/\\\/informelitoral.com.ar\\\/#\\\/schema\\\/logo\\\/image\\\/\",\"url\":\"https:\\\/\\\/informelitoral.com.ar\\\/%77%70%2d%63%6f%6e%74%65%6e%74\\\/uploads\\\/2021\\\/01\\\/circulo.png\",\"contentUrl\":\"https:\\\/\\\/informelitoral.com.ar\\\/%77%70%2d%63%6f%6e%74%65%6e%74\\\/uploads\\\/2021\\\/01\\\/circulo.png\",\"width\":723,\"height\":731,\"caption\":\"Informe Litoral\"},\"image\":{\"@id\":\"https:\\\/\\\/informelitoral.com.ar\\\/#\\\/schema\\\/logo\\\/image\\\/\"},\"sameAs\":[\"https:\\\/\\\/www.facebook.com\\\/informelitoral\\\/\",\"https:\\\/\\\/x.com\\\/InformeLitoral\",\"https:\\\/\\\/www.instagram.com\\\/informelitoral\\\/\",\"https:\\\/\\\/www.youtube.com\\\/channel\\\/UCua4Qvz8Icb6MYqhoq9xLXw\"]},{\"@type\":\"Person\",\"@id\":\"https:\\\/\\\/informelitoral.com.ar\\\/#\\\/schema\\\/person\\\/f05f9f461677119578717524b127d6d5\",\"name\":\"Sebastian\",\"image\":{\"@type\":\"ImageObject\",\"inLanguage\":\"es\",\"@id\":\"https:\\\/\\\/secure.gravatar.com\\\/avatar\\\/b71bf7481d447dfb9583c7f2798e7cc64de6efb9067b74633ed8c31059a3bd82?s=96&d=mm&r=g\",\"url\":\"https:\\\/\\\/secure.gravatar.com\\\/avatar\\\/b71bf7481d447dfb9583c7f2798e7cc64de6efb9067b74633ed8c31059a3bd82?s=96&d=mm&r=g\",\"contentUrl\":\"https:\\\/\\\/secure.gravatar.com\\\/avatar\\\/b71bf7481d447dfb9583c7f2798e7cc64de6efb9067b74633ed8c31059a3bd82?s=96&d=mm&r=g\",\"caption\":\"Sebastian\"},\"url\":\"https:\\\/\\\/informelitoral.com.ar\\\/author\\\/sebastian\\\/\"}]}<\/script>","yoast_head_json":{"title":"Interesa a Turqu\u00eda la industria farmac\u00e9utica y los c\u00edtricos entrerrianos - Informe Litoral","robots":{"index":"index","follow":"follow","max-snippet":"max-snippet:-1","max-image-preview":"max-image-preview:large","max-video-preview":"max-video-preview:-1"},"canonical":"https:\/\/informelitoral.com.ar\/interesa-a-turquia-la-industria-farmaceutica-y-los-citricos-entrerrianos\/","og_locale":"es_ES","og_type":"article","og_title":"Interesa a Turqu\u00eda la industria farmac\u00e9utica y los c\u00edtricos entrerrianos - Informe Litoral","og_description":"Con el objetivo de aumentar y diversificar las exportaciones entrerrianas a Turqu\u00eda, el gobernador Gustavo Bordet se reuni\u00f3 con la Junta de Relaciones Exteriores, que nuclea al sector privado de ese pa\u00eds. Empresarios entrerrianos valoraron el apoyo del gobierno provincial.","og_url":"https:\/\/informelitoral.com.ar\/interesa-a-turquia-la-industria-farmaceutica-y-los-citricos-entrerrianos\/","og_site_name":"Informe Litoral","article_publisher":"https:\/\/www.facebook.com\/informelitoral\/","article_published_time":"2022-08-26T12:22:17+00:00","article_modified_time":"2022-08-26T12:22:23+00:00","og_image":[{"width":1920,"height":800,"url":"https:\/\/informelitoral.com.ar\/%77%70%2d%63%6f%6e%74%65%6e%74\/uploads\/2022\/08\/p_1661451992.jpg","type":"image\/jpeg"}],"author":"Sebastian","twitter_card":"summary_large_image","twitter_creator":"@InformeLitoral","twitter_site":"@InformeLitoral","twitter_misc":{"Escrito por":"Sebastian","Tiempo de lectura":"3 minutos"},"schema":{"@context":"https:\/\/schema.org","@graph":[{"@type":"Article","@id":"https:\/\/informelitoral.com.ar\/interesa-a-turquia-la-industria-farmaceutica-y-los-citricos-entrerrianos\/#article","isPartOf":{"@id":"https:\/\/informelitoral.com.ar\/interesa-a-turquia-la-industria-farmaceutica-y-los-citricos-entrerrianos\/"},"author":{"name":"Sebastian","@id":"https:\/\/informelitoral.com.ar\/#\/schema\/person\/f05f9f461677119578717524b127d6d5"},"headline":"Interesa a Turqu\u00eda la industria farmac\u00e9utica y los c\u00edtricos entrerrianos","datePublished":"2022-08-26T12:22:17+00:00","dateModified":"2022-08-26T12:22:23+00:00","mainEntityOfPage":{"@id":"https:\/\/informelitoral.com.ar\/interesa-a-turquia-la-industria-farmaceutica-y-los-citricos-entrerrianos\/"},"wordCount":548,"commentCount":0,"publisher":{"@id":"https:\/\/informelitoral.com.ar\/#organization"},"image":{"@id":"https:\/\/informelitoral.com.ar\/interesa-a-turquia-la-industria-farmaceutica-y-los-citricos-entrerrianos\/#primaryimage"},"thumbnailUrl":"https:\/\/informelitoral.com.ar\/%77%70%2d%63%6f%6e%74%65%6e%74\/uploads\/2022\/08\/p_1661451992.jpg","keywords":["Gustavo Bordet"],"articleSection":["Entre R\u00edos"],"inLanguage":"es","potentialAction":[{"@type":"CommentAction","name":"Comment","target":["https:\/\/informelitoral.com.ar\/interesa-a-turquia-la-industria-farmaceutica-y-los-citricos-entrerrianos\/#respond"]}]},{"@type":"WebPage","@id":"https:\/\/informelitoral.com.ar\/interesa-a-turquia-la-industria-farmaceutica-y-los-citricos-entrerrianos\/","url":"https:\/\/informelitoral.com.ar\/interesa-a-turquia-la-industria-farmaceutica-y-los-citricos-entrerrianos\/","name":"Interesa a Turqu\u00eda la industria farmac\u00e9utica y los c\u00edtricos entrerrianos - Informe Litoral","isPartOf":{"@id":"https:\/\/informelitoral.com.ar\/#website"},"primaryImageOfPage":{"@id":"https:\/\/informelitoral.com.ar\/interesa-a-turquia-la-industria-farmaceutica-y-los-citricos-entrerrianos\/#primaryimage"},"image":{"@id":"https:\/\/informelitoral.com.ar\/interesa-a-turquia-la-industria-farmaceutica-y-los-citricos-entrerrianos\/#primaryimage"},"thumbnailUrl":"https:\/\/informelitoral.com.ar\/%77%70%2d%63%6f%6e%74%65%6e%74\/uploads\/2022\/08\/p_1661451992.jpg","datePublished":"2022-08-26T12:22:17+00:00","dateModified":"2022-08-26T12:22:23+00:00","breadcrumb":{"@id":"https:\/\/informelitoral.com.ar\/interesa-a-turquia-la-industria-farmaceutica-y-los-citricos-entrerrianos\/#breadcrumb"},"inLanguage":"es","potentialAction":[{"@type":"ReadAction","target":["https:\/\/informelitoral.com.ar\/interesa-a-turquia-la-industria-farmaceutica-y-los-citricos-entrerrianos\/"]}]},{"@type":"ImageObject","inLanguage":"es","@id":"https:\/\/informelitoral.com.ar\/interesa-a-turquia-la-industria-farmaceutica-y-los-citricos-entrerrianos\/#primaryimage","url":"https:\/\/informelitoral.com.ar\/%77%70%2d%63%6f%6e%74%65%6e%74\/uploads\/2022\/08\/p_1661451992.jpg","contentUrl":"https:\/\/informelitoral.com.ar\/%77%70%2d%63%6f%6e%74%65%6e%74\/uploads\/2022\/08\/p_1661451992.jpg","width":1920,"height":800},{"@type":"BreadcrumbList","@id":"https:\/\/informelitoral.com.ar\/interesa-a-turquia-la-industria-farmaceutica-y-los-citricos-entrerrianos\/#breadcrumb","itemListElement":[{"@type":"ListItem","position":1,"name":"Portada","item":"https:\/\/informelitoral.com.ar\/"},{"@type":"ListItem","position":2,"name":"Interesa a Turqu\u00eda la industria farmac\u00e9utica y los c\u00edtricos entrerrianos"}]},{"@type":"WebSite","@id":"https:\/\/informelitoral.com.ar\/#website","url":"https:\/\/informelitoral.com.ar\/","name":"Informe Litoral","description":"&quot;Nos informamos&quot; ","publisher":{"@id":"https:\/\/informelitoral.com.ar\/#organization"},"potentialAction":[{"@type":"SearchAction","target":{"@type":"EntryPoint","urlTemplate":"https:\/\/informelitoral.com.ar\/?s={search_term_string}"},"query-input":{"@type":"PropertyValueSpecification","valueRequired":true,"valueName":"search_term_string"}}],"inLanguage":"es"},{"@type":"Organization","@id":"https:\/\/informelitoral.com.ar\/#organization","name":"Informe Litoral","url":"https:\/\/informelitoral.com.ar\/","logo":{"@type":"ImageObject","inLanguage":"es","@id":"https:\/\/informelitoral.com.ar\/#\/schema\/logo\/image\/","url":"https:\/\/informelitoral.com.ar\/%77%70%2d%63%6f%6e%74%65%6e%74\/uploads\/2021\/01\/circulo.png","contentUrl":"https:\/\/informelitoral.com.ar\/%77%70%2d%63%6f%6e%74%65%6e%74\/uploads\/2021\/01\/circulo.png","width":723,"height":731,"caption":"Informe Litoral"},"image":{"@id":"https:\/\/informelitoral.com.ar\/#\/schema\/logo\/image\/"},"sameAs":["https:\/\/www.facebook.com\/informelitoral\/","https:\/\/x.com\/InformeLitoral","https:\/\/www.instagram.com\/informelitoral\/","https:\/\/www.youtube.com\/channel\/UCua4Qvz8Icb6MYqhoq9xLXw"]},{"@type":"Person","@id":"https:\/\/informelitoral.com.ar\/#\/schema\/person\/f05f9f461677119578717524b127d6d5","name":"Sebastian","image":{"@type":"ImageObject","inLanguage":"es","@id":"https:\/\/secure.gravatar.com\/avatar\/b71bf7481d447dfb9583c7f2798e7cc64de6efb9067b74633ed8c31059a3bd82?s=96&d=mm&r=g","url":"https:\/\/secure.gravatar.com\/avatar\/b71bf7481d447dfb9583c7f2798e7cc64de6efb9067b74633ed8c31059a3bd82?s=96&d=mm&r=g","contentUrl":"https:\/\/secure.gravatar.com\/avatar\/b71bf7481d447dfb9583c7f2798e7cc64de6efb9067b74633ed8c31059a3bd82?s=96&d=mm&r=g","caption":"Sebastian"},"url":"https:\/\/informelitoral.com.ar\/author\/sebastian\/"}]}},"_links":{"self":[{"href":"https:\/\/informelitoral.com.ar\/%77%70%2d%6a%73%6f%6e\/wp\/v2\/posts\/84704","targetHints":{"allow":["GET"]}}],"collection":[{"href":"https:\/\/informelitoral.com.ar\/%77%70%2d%6a%73%6f%6e\/wp\/v2\/posts"}],"about":[{"href":"https:\/\/informelitoral.com.ar\/%77%70%2d%6a%73%6f%6e\/wp\/v2\/types\/post"}],"author":[{"embeddable":true,"href":"https:\/\/informelitoral.com.ar\/%77%70%2d%6a%73%6f%6e\/wp\/v2\/users\/8"}],"replies":[{"embeddable":true,"href":"https:\/\/informelitoral.com.ar\/%77%70%2d%6a%73%6f%6e\/wp\/v2\/comments?post=84704"}],"version-history":[{"count":0,"href":"https:\/\/informelitoral.com.ar\/%77%70%2d%6a%73%6f%6e\/wp\/v2\/posts\/84704\/revisions"}],"wp:featuredmedia":[{"embeddable":true,"href":"https:\/\/informelitoral.com.ar\/%77%70%2d%6a%73%6f%6e\/wp\/v2\/media\/84705"}],"wp:attachment":[{"href":"https:\/\/informelitoral.com.ar\/%77%70%2d%6a%73%6f%6e\/wp\/v2\/media?parent=84704"}],"wp:term":[{"taxonomy":"category","embeddable":true,"href":"https:\/\/informelitoral.com.ar\/%77%70%2d%6a%73%6f%6e\/wp\/v2\/categories?post=84704"},{"taxonomy":"post_tag","embeddable":true,"href":"https:\/\/informelitoral.com.ar\/%77%70%2d%6a%73%6f%6e\/wp\/v2\/tags?post=84704"}],"curies":[{"name":"wp","href":"https:\/\/api.w.org\/{rel}","templated":true}]}}