{"id":84691,"date":"2022-08-26T09:02:03","date_gmt":"2022-08-26T12:02:03","guid":{"rendered":"https:\/\/www.informelitoral.com.ar\/?p=84691"},"modified":"2022-08-26T09:02:08","modified_gmt":"2022-08-26T12:02:08","slug":"se-realizo-el-lanzamiento-de-la-plataforma-de-comercio-exterior-de-la-provincia","status":"publish","type":"post","link":"https:\/\/informelitoral.com.ar\/se-realizo-el-lanzamiento-de-la-plataforma-de-comercio-exterior-de-la-provincia\/","title":{"rendered":"Se realiz\u00f3 el lanzamiento de la plataforma de comercio exterior de la provincia"},"content":{"rendered":"<p>Se trata de una propuesta innovadora que cuenta con el respaldo de la Uni\u00f3n Industrial de Entre R\u00edos; el Consejo Empresario; la Bolsa de Cereales y de Comercio; y la C\u00e1mara de Comercio Exterior; y con el aporte t\u00e9cnico del Polo Tecnol\u00f3gico del Paran\u00e1.<\/p>\n<p>\u201cQueremos celebrar junto a ustedes el lanzamiento de esta plataforma que es parte de un proceso que hoy comienza y que se afianza para potenciar la oferta exportable, las actividades productivas y el desarrollo econ\u00f3mico de la provincia\u201d, dijo Stratta. \u201cEsta herramienta que es parte de esta l\u00ednea y articulaci\u00f3n p\u00fablico -privado se inscribe en esta l\u00ednea de pensar la provincia para mediano y largo plazo\u201d, a\u00f1adi\u00f3.<\/p>\n<p>En ese mismo sentido, mencion\u00f3 los encuentros con el sector para conformar la Agencia P\u00fablico-Privado para la Promoci\u00f3n de Exportaciones, Inversiones y Desarrollo Econ\u00f3mico de Entre R\u00edos. \u201cEs una definici\u00f3n pol\u00edtica que tom\u00f3 el gobernador Gustavo Bordet y nos pareci\u00f3 importante que se plasme en una ley, para que tenga una musculatura, trazabilidad y previsibilidad\u201d, explic\u00f3 la vicegobernadora.<\/p>\n<p>Luego consider\u00f3 que \u201cconstruir pol\u00edticas de Estado a mediano y largo plazo, en articulaci\u00f3n, significa trazar un camino distinto para Entre R\u00edos, un camino de crecimiento basado en el dise\u00f1o de mejores pol\u00edticas p\u00fablicas. Por eso, necesitamos seguir potenciando esta alianza estrat\u00e9gica\u201d, concluy\u00f3.<\/p>\n<p>A su turno, el ministro Ballay felicit\u00f3 a las cinco instituciones que en 2021 firmaron un convenio marco que les permiti\u00f3 avanzar con esta plataforma digital. \u201cHoy estamos nuevamente concretando la colaboraci\u00f3n entre lo p\u00fablico y lo privado\u201d, subray\u00f3 tras mencionar las acciones conjuntas que se vienen concretando con los sectores productivos e industriales de la provincia. \u201cEs por eso que estoy muy contento por esta interacci\u00f3n\u201d, a\u00f1adi\u00f3 el ministro de Econom\u00eda, y finalmente consider\u00f3 \u201cel enorme potencial de nuestra provincia, que tiene mucho para dar todav\u00eda\u201d.<\/p>\n<p>La apertura de la actividad estuvo a cargo del presidente de la Bolsa de Cereales Entre R\u00edos, Diego Maier, quien destac\u00f3 la iniciativa de la plataforma digital, fruto del trabajo conjunto de las cinco entidades y el gobierno provincial. \u201cLa potencia est\u00e1 en sumar esfuerzos de lo p\u00fablico y privado para poder lograr una herramienta que sea de utilidad y lleve desarrollo a la econom\u00eda entrerriana\u201d, resalt\u00f3.<\/p>\n<p>Por su parte, Alfredo Calabrese, vicepresidente Bolsa de Comercio, hizo una breve rese\u00f1a del proyecto; destac\u00f3 el apoyo el Gobierno y valor\u00f3 el trabajo compartido calific\u00e1ndolo como \u201cmuy fecundo\u201d entre las entidades que forman parte del Consejo Consultivo Interinstitucional: Uni\u00f3n Industrial de Entre R\u00edos, el Consejo Empresario de Entre R\u00edos, la Bolsa de Cereales de Entre R\u00edos, la Bolsa de Comercio de Entre R\u00edos y la C\u00e1mara de Comercio Exterior de Entre R\u00edos.<\/p>\n<p>Seguidamente, Aquiles Guillermo Ar\u00fas, presidente de la C\u00e1mara de Comercio Exterior de Entre R\u00edos, expres\u00f3 unas palabras en representaci\u00f3n del sector exportador provincial y de las organizaciones que integran el proyecto.<\/p>\n<p>Luego, Salvador Alejandro Cel\u00eda, Cofounder de Be The Driver, habl\u00f3 sobre el desarrollo t\u00e9cnico de la plataforma entreriosexporta.com<\/p>\n<p>Y finalmente, Pablo Z\u00e1rate, responsable de Comercio Exterior de Petropack S.A., como potencial usuario, se refiri\u00f3 a los beneficios de la plataforma digital entreriosexporta.com para la promoci\u00f3n de la oferta exportable.<\/p>\n<p>Plataforma digital<\/p>\n<p>La plataforma de comercio exterior tiene como objetivo central promover el desarrollo del sector exportador entrerriano de manera sostenible y potenciar las cadenas de valor provinciales que lo componen, facilitando el acceso a nuevos mercados y el posicionamiento de los productos y servicios entrerrianos en el mundo. Esta herramienta est\u00e1 destinada a pymes, agentes y prestadores de servicios relacionados con el comercio exterior de la provincia.<\/p>\n<p>Desde las instituciones que integran el proyecto se invita a las empresas y emprendedores a registrar sus productos y servicios en la plataforma y a seguir las redes sociales vinculadas al proyecto.<\/p>\n<p>Presencias<\/p>\n<p>Participaron adem\u00e1s, los secretarios de Industria y Comercio y Desarrollo Econ\u00f3mico, Fernando Caviglia y Pedro Gebhart; y el director general de Comercio Exterior, Juan Mansur. Tambi\u00e9n estuvo presente Patricia Popelka, Gerente General de Elevadores Neum\u00e1ticos S.A. y miembro del Consejo Empresario de Entre R\u00edos; el titular del Polo Tecnol\u00f3gico de Paran\u00e1, Joel Lifschitz; entre otros invitados especiales.<\/p>\n","protected":false},"excerpt":{"rendered":"<p>La vicegobernadora Laura Stratta y el ministro de Econom\u00eda, Hacienda y Finanzas, Hugo Ballay, participaron del lanzamiento de la plataforma digital de comercio exterior \u201cEntre R\u00edos Exporta\u201d. La actividad fue este jueves por la tarde en la sede de la Bolsa de Cereales de Entre R\u00edos, en Paran\u00e1.<\/p>\n","protected":false},"author":8,"featured_media":84695,"comment_status":"open","ping_status":"open","sticky":false,"template":"","format":"standard","meta":{"fifu_image_url":"","fifu_image_alt":"","footnotes":""},"categories":[10],"tags":[3486],"class_list":{"0":"post-84691","1":"post","2":"type-post","3":"status-publish","4":"format-standard","5":"has-post-thumbnail","7":"category-campo","8":"tag-bolsa-de-cereales-de-entre-rios"},"yoast_head":"<title>Se realiz\u00f3 el lanzamiento de la plataforma de comercio exterior de la provincia - Informe Litoral<\/title>\n<meta name=\"robots\" content=\"index, follow, max-snippet:-1, max-image-preview:large, max-video-preview:-1\" \/>\n<link rel=\"canonical\" href=\"https:\/\/informelitoral.com.ar\/se-realizo-el-lanzamiento-de-la-plataforma-de-comercio-exterior-de-la-provincia\/\" \/>\n<meta property=\"og:locale\" content=\"es_ES\" \/>\n<meta property=\"og:type\" content=\"article\" \/>\n<meta property=\"og:title\" content=\"Se realiz\u00f3 el lanzamiento de la plataforma de comercio exterior de la provincia - Informe Litoral\" \/>\n<meta property=\"og:description\" content=\"La vicegobernadora Laura Stratta y el ministro de Econom\u00eda, Hacienda y Finanzas, Hugo Ballay, participaron del lanzamiento de la plataforma digital de comercio exterior \u201cEntre R\u00edos Exporta\u201d. La actividad fue este jueves por la tarde en la sede de la Bolsa de Cereales de Entre R\u00edos, en Paran\u00e1.\" \/>\n<meta property=\"og:url\" content=\"https:\/\/informelitoral.com.ar\/se-realizo-el-lanzamiento-de-la-plataforma-de-comercio-exterior-de-la-provincia\/\" \/>\n<meta property=\"og:site_name\" content=\"Informe Litoral\" \/>\n<meta property=\"article:publisher\" content=\"https:\/\/www.facebook.com\/informelitoral\/\" \/>\n<meta property=\"article:published_time\" content=\"2022-08-26T12:02:03+00:00\" \/>\n<meta property=\"article:modified_time\" content=\"2022-08-26T12:02:08+00:00\" \/>\n<meta property=\"og:image\" content=\"https:\/\/informelitoral.com.ar\/%77%70%2d%63%6f%6e%74%65%6e%74\/uploads\/2022\/08\/p_1661514102.jpeg\" \/>\n\t<meta property=\"og:image:width\" content=\"1920\" \/>\n\t<meta property=\"og:image:height\" content=\"800\" \/>\n\t<meta property=\"og:image:type\" content=\"image\/jpeg\" \/>\n<meta name=\"author\" content=\"Sebastian\" \/>\n<meta name=\"twitter:card\" content=\"summary_large_image\" \/>\n<meta name=\"twitter:creator\" content=\"@InformeLitoral\" \/>\n<meta name=\"twitter:site\" content=\"@InformeLitoral\" \/>\n<meta name=\"twitter:label1\" content=\"Escrito por\" \/>\n\t<meta name=\"twitter:data1\" content=\"Sebastian\" \/>\n\t<meta name=\"twitter:label2\" content=\"Tiempo de lectura\" \/>\n\t<meta name=\"twitter:data2\" content=\"4 minutos\" \/>\n<script type=\"application\/ld+json\" class=\"yoast-schema-graph\">{\"@context\":\"https:\\\/\\\/schema.org\",\"@graph\":[{\"@type\":\"Article\",\"@id\":\"https:\\\/\\\/informelitoral.com.ar\\\/se-realizo-el-lanzamiento-de-la-plataforma-de-comercio-exterior-de-la-provincia\\\/#article\",\"isPartOf\":{\"@id\":\"https:\\\/\\\/informelitoral.com.ar\\\/se-realizo-el-lanzamiento-de-la-plataforma-de-comercio-exterior-de-la-provincia\\\/\"},\"author\":{\"name\":\"Sebastian\",\"@id\":\"https:\\\/\\\/informelitoral.com.ar\\\/#\\\/schema\\\/person\\\/f05f9f461677119578717524b127d6d5\"},\"headline\":\"Se realiz\u00f3 el lanzamiento de la plataforma de comercio exterior de la provincia\",\"datePublished\":\"2022-08-26T12:02:03+00:00\",\"dateModified\":\"2022-08-26T12:02:08+00:00\",\"mainEntityOfPage\":{\"@id\":\"https:\\\/\\\/informelitoral.com.ar\\\/se-realizo-el-lanzamiento-de-la-plataforma-de-comercio-exterior-de-la-provincia\\\/\"},\"wordCount\":749,\"commentCount\":0,\"publisher\":{\"@id\":\"https:\\\/\\\/informelitoral.com.ar\\\/#organization\"},\"image\":{\"@id\":\"https:\\\/\\\/informelitoral.com.ar\\\/se-realizo-el-lanzamiento-de-la-plataforma-de-comercio-exterior-de-la-provincia\\\/#primaryimage\"},\"thumbnailUrl\":\"https:\\\/\\\/informelitoral.com.ar\\\/%77%70%2d%63%6f%6e%74%65%6e%74\\\/uploads\\\/2022\\\/08\\\/p_1661514102.jpeg\",\"keywords\":[\"Bolsa de Cereales de Entre R\u00edos\"],\"articleSection\":[\"Campo\"],\"inLanguage\":\"es\",\"potentialAction\":[{\"@type\":\"CommentAction\",\"name\":\"Comment\",\"target\":[\"https:\\\/\\\/informelitoral.com.ar\\\/se-realizo-el-lanzamiento-de-la-plataforma-de-comercio-exterior-de-la-provincia\\\/#respond\"]}]},{\"@type\":\"WebPage\",\"@id\":\"https:\\\/\\\/informelitoral.com.ar\\\/se-realizo-el-lanzamiento-de-la-plataforma-de-comercio-exterior-de-la-provincia\\\/\",\"url\":\"https:\\\/\\\/informelitoral.com.ar\\\/se-realizo-el-lanzamiento-de-la-plataforma-de-comercio-exterior-de-la-provincia\\\/\",\"name\":\"Se realiz\u00f3 el lanzamiento de la plataforma de comercio exterior de la provincia - Informe Litoral\",\"isPartOf\":{\"@id\":\"https:\\\/\\\/informelitoral.com.ar\\\/#website\"},\"primaryImageOfPage\":{\"@id\":\"https:\\\/\\\/informelitoral.com.ar\\\/se-realizo-el-lanzamiento-de-la-plataforma-de-comercio-exterior-de-la-provincia\\\/#primaryimage\"},\"image\":{\"@id\":\"https:\\\/\\\/informelitoral.com.ar\\\/se-realizo-el-lanzamiento-de-la-plataforma-de-comercio-exterior-de-la-provincia\\\/#primaryimage\"},\"thumbnailUrl\":\"https:\\\/\\\/informelitoral.com.ar\\\/%77%70%2d%63%6f%6e%74%65%6e%74\\\/uploads\\\/2022\\\/08\\\/p_1661514102.jpeg\",\"datePublished\":\"2022-08-26T12:02:03+00:00\",\"dateModified\":\"2022-08-26T12:02:08+00:00\",\"breadcrumb\":{\"@id\":\"https:\\\/\\\/informelitoral.com.ar\\\/se-realizo-el-lanzamiento-de-la-plataforma-de-comercio-exterior-de-la-provincia\\\/#breadcrumb\"},\"inLanguage\":\"es\",\"potentialAction\":[{\"@type\":\"ReadAction\",\"target\":[\"https:\\\/\\\/informelitoral.com.ar\\\/se-realizo-el-lanzamiento-de-la-plataforma-de-comercio-exterior-de-la-provincia\\\/\"]}]},{\"@type\":\"ImageObject\",\"inLanguage\":\"es\",\"@id\":\"https:\\\/\\\/informelitoral.com.ar\\\/se-realizo-el-lanzamiento-de-la-plataforma-de-comercio-exterior-de-la-provincia\\\/#primaryimage\",\"url\":\"https:\\\/\\\/informelitoral.com.ar\\\/%77%70%2d%63%6f%6e%74%65%6e%74\\\/uploads\\\/2022\\\/08\\\/p_1661514102.jpeg\",\"contentUrl\":\"https:\\\/\\\/informelitoral.com.ar\\\/%77%70%2d%63%6f%6e%74%65%6e%74\\\/uploads\\\/2022\\\/08\\\/p_1661514102.jpeg\",\"width\":1920,\"height\":800},{\"@type\":\"BreadcrumbList\",\"@id\":\"https:\\\/\\\/informelitoral.com.ar\\\/se-realizo-el-lanzamiento-de-la-plataforma-de-comercio-exterior-de-la-provincia\\\/#breadcrumb\",\"itemListElement\":[{\"@type\":\"ListItem\",\"position\":1,\"name\":\"Portada\",\"item\":\"https:\\\/\\\/informelitoral.com.ar\\\/\"},{\"@type\":\"ListItem\",\"position\":2,\"name\":\"Se realiz\u00f3 el lanzamiento de la plataforma de comercio exterior de la provincia\"}]},{\"@type\":\"WebSite\",\"@id\":\"https:\\\/\\\/informelitoral.com.ar\\\/#website\",\"url\":\"https:\\\/\\\/informelitoral.com.ar\\\/\",\"name\":\"Informe Litoral\",\"description\":\"&quot;Nos informamos&quot; \",\"publisher\":{\"@id\":\"https:\\\/\\\/informelitoral.com.ar\\\/#organization\"},\"potentialAction\":[{\"@type\":\"SearchAction\",\"target\":{\"@type\":\"EntryPoint\",\"urlTemplate\":\"https:\\\/\\\/informelitoral.com.ar\\\/?s={search_term_string}\"},\"query-input\":{\"@type\":\"PropertyValueSpecification\",\"valueRequired\":true,\"valueName\":\"search_term_string\"}}],\"inLanguage\":\"es\"},{\"@type\":\"Organization\",\"@id\":\"https:\\\/\\\/informelitoral.com.ar\\\/#organization\",\"name\":\"Informe Litoral\",\"url\":\"https:\\\/\\\/informelitoral.com.ar\\\/\",\"logo\":{\"@type\":\"ImageObject\",\"inLanguage\":\"es\",\"@id\":\"https:\\\/\\\/informelitoral.com.ar\\\/#\\\/schema\\\/logo\\\/image\\\/\",\"url\":\"https:\\\/\\\/informelitoral.com.ar\\\/%77%70%2d%63%6f%6e%74%65%6e%74\\\/uploads\\\/2021\\\/01\\\/circulo.png\",\"contentUrl\":\"https:\\\/\\\/informelitoral.com.ar\\\/%77%70%2d%63%6f%6e%74%65%6e%74\\\/uploads\\\/2021\\\/01\\\/circulo.png\",\"width\":723,\"height\":731,\"caption\":\"Informe Litoral\"},\"image\":{\"@id\":\"https:\\\/\\\/informelitoral.com.ar\\\/#\\\/schema\\\/logo\\\/image\\\/\"},\"sameAs\":[\"https:\\\/\\\/www.facebook.com\\\/informelitoral\\\/\",\"https:\\\/\\\/x.com\\\/InformeLitoral\",\"https:\\\/\\\/www.instagram.com\\\/informelitoral\\\/\",\"https:\\\/\\\/www.youtube.com\\\/channel\\\/UCua4Qvz8Icb6MYqhoq9xLXw\"]},{\"@type\":\"Person\",\"@id\":\"https:\\\/\\\/informelitoral.com.ar\\\/#\\\/schema\\\/person\\\/f05f9f461677119578717524b127d6d5\",\"name\":\"Sebastian\",\"image\":{\"@type\":\"ImageObject\",\"inLanguage\":\"es\",\"@id\":\"https:\\\/\\\/secure.gravatar.com\\\/avatar\\\/b71bf7481d447dfb9583c7f2798e7cc64de6efb9067b74633ed8c31059a3bd82?s=96&d=mm&r=g\",\"url\":\"https:\\\/\\\/secure.gravatar.com\\\/avatar\\\/b71bf7481d447dfb9583c7f2798e7cc64de6efb9067b74633ed8c31059a3bd82?s=96&d=mm&r=g\",\"contentUrl\":\"https:\\\/\\\/secure.gravatar.com\\\/avatar\\\/b71bf7481d447dfb9583c7f2798e7cc64de6efb9067b74633ed8c31059a3bd82?s=96&d=mm&r=g\",\"caption\":\"Sebastian\"},\"url\":\"https:\\\/\\\/informelitoral.com.ar\\\/author\\\/sebastian\\\/\"}]}<\/script>","yoast_head_json":{"title":"Se realiz\u00f3 el lanzamiento de la plataforma de comercio exterior de la provincia - Informe Litoral","robots":{"index":"index","follow":"follow","max-snippet":"max-snippet:-1","max-image-preview":"max-image-preview:large","max-video-preview":"max-video-preview:-1"},"canonical":"https:\/\/informelitoral.com.ar\/se-realizo-el-lanzamiento-de-la-plataforma-de-comercio-exterior-de-la-provincia\/","og_locale":"es_ES","og_type":"article","og_title":"Se realiz\u00f3 el lanzamiento de la plataforma de comercio exterior de la provincia - Informe Litoral","og_description":"La vicegobernadora Laura Stratta y el ministro de Econom\u00eda, Hacienda y Finanzas, Hugo Ballay, participaron del lanzamiento de la plataforma digital de comercio exterior \u201cEntre R\u00edos Exporta\u201d. La actividad fue este jueves por la tarde en la sede de la Bolsa de Cereales de Entre R\u00edos, en Paran\u00e1.","og_url":"https:\/\/informelitoral.com.ar\/se-realizo-el-lanzamiento-de-la-plataforma-de-comercio-exterior-de-la-provincia\/","og_site_name":"Informe Litoral","article_publisher":"https:\/\/www.facebook.com\/informelitoral\/","article_published_time":"2022-08-26T12:02:03+00:00","article_modified_time":"2022-08-26T12:02:08+00:00","og_image":[{"width":1920,"height":800,"url":"https:\/\/informelitoral.com.ar\/%77%70%2d%63%6f%6e%74%65%6e%74\/uploads\/2022\/08\/p_1661514102.jpeg","type":"image\/jpeg"}],"author":"Sebastian","twitter_card":"summary_large_image","twitter_creator":"@InformeLitoral","twitter_site":"@InformeLitoral","twitter_misc":{"Escrito por":"Sebastian","Tiempo de lectura":"4 minutos"},"schema":{"@context":"https:\/\/schema.org","@graph":[{"@type":"Article","@id":"https:\/\/informelitoral.com.ar\/se-realizo-el-lanzamiento-de-la-plataforma-de-comercio-exterior-de-la-provincia\/#article","isPartOf":{"@id":"https:\/\/informelitoral.com.ar\/se-realizo-el-lanzamiento-de-la-plataforma-de-comercio-exterior-de-la-provincia\/"},"author":{"name":"Sebastian","@id":"https:\/\/informelitoral.com.ar\/#\/schema\/person\/f05f9f461677119578717524b127d6d5"},"headline":"Se realiz\u00f3 el lanzamiento de la plataforma de comercio exterior de la provincia","datePublished":"2022-08-26T12:02:03+00:00","dateModified":"2022-08-26T12:02:08+00:00","mainEntityOfPage":{"@id":"https:\/\/informelitoral.com.ar\/se-realizo-el-lanzamiento-de-la-plataforma-de-comercio-exterior-de-la-provincia\/"},"wordCount":749,"commentCount":0,"publisher":{"@id":"https:\/\/informelitoral.com.ar\/#organization"},"image":{"@id":"https:\/\/informelitoral.com.ar\/se-realizo-el-lanzamiento-de-la-plataforma-de-comercio-exterior-de-la-provincia\/#primaryimage"},"thumbnailUrl":"https:\/\/informelitoral.com.ar\/%77%70%2d%63%6f%6e%74%65%6e%74\/uploads\/2022\/08\/p_1661514102.jpeg","keywords":["Bolsa de Cereales de Entre R\u00edos"],"articleSection":["Campo"],"inLanguage":"es","potentialAction":[{"@type":"CommentAction","name":"Comment","target":["https:\/\/informelitoral.com.ar\/se-realizo-el-lanzamiento-de-la-plataforma-de-comercio-exterior-de-la-provincia\/#respond"]}]},{"@type":"WebPage","@id":"https:\/\/informelitoral.com.ar\/se-realizo-el-lanzamiento-de-la-plataforma-de-comercio-exterior-de-la-provincia\/","url":"https:\/\/informelitoral.com.ar\/se-realizo-el-lanzamiento-de-la-plataforma-de-comercio-exterior-de-la-provincia\/","name":"Se realiz\u00f3 el lanzamiento de la plataforma de comercio exterior de la provincia - Informe Litoral","isPartOf":{"@id":"https:\/\/informelitoral.com.ar\/#website"},"primaryImageOfPage":{"@id":"https:\/\/informelitoral.com.ar\/se-realizo-el-lanzamiento-de-la-plataforma-de-comercio-exterior-de-la-provincia\/#primaryimage"},"image":{"@id":"https:\/\/informelitoral.com.ar\/se-realizo-el-lanzamiento-de-la-plataforma-de-comercio-exterior-de-la-provincia\/#primaryimage"},"thumbnailUrl":"https:\/\/informelitoral.com.ar\/%77%70%2d%63%6f%6e%74%65%6e%74\/uploads\/2022\/08\/p_1661514102.jpeg","datePublished":"2022-08-26T12:02:03+00:00","dateModified":"2022-08-26T12:02:08+00:00","breadcrumb":{"@id":"https:\/\/informelitoral.com.ar\/se-realizo-el-lanzamiento-de-la-plataforma-de-comercio-exterior-de-la-provincia\/#breadcrumb"},"inLanguage":"es","potentialAction":[{"@type":"ReadAction","target":["https:\/\/informelitoral.com.ar\/se-realizo-el-lanzamiento-de-la-plataforma-de-comercio-exterior-de-la-provincia\/"]}]},{"@type":"ImageObject","inLanguage":"es","@id":"https:\/\/informelitoral.com.ar\/se-realizo-el-lanzamiento-de-la-plataforma-de-comercio-exterior-de-la-provincia\/#primaryimage","url":"https:\/\/informelitoral.com.ar\/%77%70%2d%63%6f%6e%74%65%6e%74\/uploads\/2022\/08\/p_1661514102.jpeg","contentUrl":"https:\/\/informelitoral.com.ar\/%77%70%2d%63%6f%6e%74%65%6e%74\/uploads\/2022\/08\/p_1661514102.jpeg","width":1920,"height":800},{"@type":"BreadcrumbList","@id":"https:\/\/informelitoral.com.ar\/se-realizo-el-lanzamiento-de-la-plataforma-de-comercio-exterior-de-la-provincia\/#breadcrumb","itemListElement":[{"@type":"ListItem","position":1,"name":"Portada","item":"https:\/\/informelitoral.com.ar\/"},{"@type":"ListItem","position":2,"name":"Se realiz\u00f3 el lanzamiento de la plataforma de comercio exterior de la provincia"}]},{"@type":"WebSite","@id":"https:\/\/informelitoral.com.ar\/#website","url":"https:\/\/informelitoral.com.ar\/","name":"Informe Litoral","description":"&quot;Nos informamos&quot; ","publisher":{"@id":"https:\/\/informelitoral.com.ar\/#organization"},"potentialAction":[{"@type":"SearchAction","target":{"@type":"EntryPoint","urlTemplate":"https:\/\/informelitoral.com.ar\/?s={search_term_string}"},"query-input":{"@type":"PropertyValueSpecification","valueRequired":true,"valueName":"search_term_string"}}],"inLanguage":"es"},{"@type":"Organization","@id":"https:\/\/informelitoral.com.ar\/#organization","name":"Informe Litoral","url":"https:\/\/informelitoral.com.ar\/","logo":{"@type":"ImageObject","inLanguage":"es","@id":"https:\/\/informelitoral.com.ar\/#\/schema\/logo\/image\/","url":"https:\/\/informelitoral.com.ar\/%77%70%2d%63%6f%6e%74%65%6e%74\/uploads\/2021\/01\/circulo.png","contentUrl":"https:\/\/informelitoral.com.ar\/%77%70%2d%63%6f%6e%74%65%6e%74\/uploads\/2021\/01\/circulo.png","width":723,"height":731,"caption":"Informe Litoral"},"image":{"@id":"https:\/\/informelitoral.com.ar\/#\/schema\/logo\/image\/"},"sameAs":["https:\/\/www.facebook.com\/informelitoral\/","https:\/\/x.com\/InformeLitoral","https:\/\/www.instagram.com\/informelitoral\/","https:\/\/www.youtube.com\/channel\/UCua4Qvz8Icb6MYqhoq9xLXw"]},{"@type":"Person","@id":"https:\/\/informelitoral.com.ar\/#\/schema\/person\/f05f9f461677119578717524b127d6d5","name":"Sebastian","image":{"@type":"ImageObject","inLanguage":"es","@id":"https:\/\/secure.gravatar.com\/avatar\/b71bf7481d447dfb9583c7f2798e7cc64de6efb9067b74633ed8c31059a3bd82?s=96&d=mm&r=g","url":"https:\/\/secure.gravatar.com\/avatar\/b71bf7481d447dfb9583c7f2798e7cc64de6efb9067b74633ed8c31059a3bd82?s=96&d=mm&r=g","contentUrl":"https:\/\/secure.gravatar.com\/avatar\/b71bf7481d447dfb9583c7f2798e7cc64de6efb9067b74633ed8c31059a3bd82?s=96&d=mm&r=g","caption":"Sebastian"},"url":"https:\/\/informelitoral.com.ar\/author\/sebastian\/"}]}},"_links":{"self":[{"href":"https:\/\/informelitoral.com.ar\/%77%70%2d%6a%73%6f%6e\/wp\/v2\/posts\/84691","targetHints":{"allow":["GET"]}}],"collection":[{"href":"https:\/\/informelitoral.com.ar\/%77%70%2d%6a%73%6f%6e\/wp\/v2\/posts"}],"about":[{"href":"https:\/\/informelitoral.com.ar\/%77%70%2d%6a%73%6f%6e\/wp\/v2\/types\/post"}],"author":[{"embeddable":true,"href":"https:\/\/informelitoral.com.ar\/%77%70%2d%6a%73%6f%6e\/wp\/v2\/users\/8"}],"replies":[{"embeddable":true,"href":"https:\/\/informelitoral.com.ar\/%77%70%2d%6a%73%6f%6e\/wp\/v2\/comments?post=84691"}],"version-history":[{"count":0,"href":"https:\/\/informelitoral.com.ar\/%77%70%2d%6a%73%6f%6e\/wp\/v2\/posts\/84691\/revisions"}],"wp:featuredmedia":[{"embeddable":true,"href":"https:\/\/informelitoral.com.ar\/%77%70%2d%6a%73%6f%6e\/wp\/v2\/media\/84695"}],"wp:attachment":[{"href":"https:\/\/informelitoral.com.ar\/%77%70%2d%6a%73%6f%6e\/wp\/v2\/media?parent=84691"}],"wp:term":[{"taxonomy":"category","embeddable":true,"href":"https:\/\/informelitoral.com.ar\/%77%70%2d%6a%73%6f%6e\/wp\/v2\/categories?post=84691"},{"taxonomy":"post_tag","embeddable":true,"href":"https:\/\/informelitoral.com.ar\/%77%70%2d%6a%73%6f%6e\/wp\/v2\/tags?post=84691"}],"curies":[{"name":"wp","href":"https:\/\/api.w.org\/{rel}","templated":true}]}}