{"id":84673,"date":"2022-08-26T08:22:16","date_gmt":"2022-08-26T11:22:16","guid":{"rendered":"https:\/\/www.informelitoral.com.ar\/?p=84673"},"modified":"2022-08-26T08:23:32","modified_gmt":"2022-08-26T11:23:32","slug":"nueva-alerta-por-tormentas-hoy-la-temperatura-estara-cerca-de-los-30-grados","status":"publish","type":"post","link":"https:\/\/informelitoral.com.ar\/nueva-alerta-por-tormentas-hoy-la-temperatura-estara-cerca-de-los-30-grados\/","title":{"rendered":"Nueva alerta por tormentas: hoy la temperatura estar\u00e1 cerca de los 30 grados"},"content":{"rendered":"<p>El Servicio Meteorol\u00f3gico Nacional emiti\u00f3 una nueva alerta amarilla para el sur de Entre R\u00edos y otras provincias, tal como se observa en el mapa. La misma rige para el s\u00e1bado desde la madrugada.<\/p>\n<p>Al respecto, alert\u00f3 que en \u00e1rea afectada en nuestra provincia podr\u00eda producirse \u201ctormentas, algunas localmente fuertes. Las mismas estar\u00e1n acompa\u00f1adas por fuerte actividad el\u00e9ctrica, intensas r\u00e1fagas, ca\u00edda de granizo y abundante ca\u00edda de agua en cortos periodos\u201d.<br \/>\nSe estiman \u201cvalores de precipitaci\u00f3n acumulada entre 20 y 40 mil\u00edmetros, pudiendo ser superados de manera localizada\u201d.<\/p>\n<p>Mientras tanto, para hoy se anuncia una jornada inestable y no se descarta la probabilidad de lluvias y tormentas aisladas. No obstante, se prev\u00e9 que las temperaturas ascender\u00e1n hacia la tarde, con m\u00e1ximas que rondar\u00edan los 29 grados y sensaciones t\u00e9rmicas que podr\u00edan trepar hasta los 32 grados, producto de la alta humedad.<\/p>\n<p><b>A sacar los abrigos<\/b><br \/>\nEl s\u00e1bado habr\u00e1 \u201c<b>avance de un sistema frontal de aire fr\u00edo<\/b>\u201d, explic\u00f3 el meteor\u00f3logo Alejandro G\u00f3mez.<\/p>\n<p>\u201cEstar\u00edamos con rotaci\u00f3n de vientos al sur, probables\u00a0<b>lluvias y tormentas<\/b>, primero en el sur y luego en el resto de la provincia.\u00a0<b>Hacia la noche mejorar\u00e1<\/b>\u00a0con marcado descenso de las temperaturas. Las m\u00e1ximas se dar\u00e1n durante la ma\u00f1ana, con unos 20 grados\u201d, indic\u00f3.<\/p>\n<p>Durante el programa\u00a0<i>El Despertador<\/i>, adelant\u00f3 que\u00a0<b>\u201cel domingo se reinstala el aire fr\u00edo, con buenas condiciones de tiempo, con m\u00ednimas de unos seis grados y m\u00e1ximas de 15\u201d<\/b>.<\/p>\n","protected":false},"excerpt":{"rendered":"<p>Para hoy se prev\u00e9n sensaciones t\u00e9rmicas que podr\u00edan trepar hasta los 32 grados, producto de la alta humedad. No se descartan lluvias aisladas. Ma\u00f1ana llegar\u00e1 el sistema frontal fr\u00edo. Hay alerta por tormentas y probabilidad de granizo.<\/p>\n","protected":false},"author":8,"featured_media":84674,"comment_status":"open","ping_status":"open","sticky":false,"template":"","format":"standard","meta":{"fifu_image_url":"","fifu_image_alt":"","footnotes":""},"categories":[6],"tags":[113],"class_list":{"0":"post-84673","1":"post","2":"type-post","3":"status-publish","4":"format-standard","5":"has-post-thumbnail","7":"category-entre-rios","8":"tag-smn"},"yoast_head":"<title>Nueva alerta por tormentas: hoy la temperatura estar\u00e1 cerca de los 30 grados - Informe Litoral<\/title>\n<meta name=\"robots\" content=\"index, follow, max-snippet:-1, max-image-preview:large, max-video-preview:-1\" \/>\n<link rel=\"canonical\" href=\"https:\/\/informelitoral.com.ar\/nueva-alerta-por-tormentas-hoy-la-temperatura-estara-cerca-de-los-30-grados\/\" \/>\n<meta property=\"og:locale\" content=\"es_ES\" \/>\n<meta property=\"og:type\" content=\"article\" \/>\n<meta property=\"og:title\" content=\"Nueva alerta por tormentas: hoy la temperatura estar\u00e1 cerca de los 30 grados - Informe Litoral\" \/>\n<meta property=\"og:description\" content=\"Para hoy se prev\u00e9n sensaciones t\u00e9rmicas que podr\u00edan trepar hasta los 32 grados, producto de la alta humedad. No se descartan lluvias aisladas. Ma\u00f1ana llegar\u00e1 el sistema frontal fr\u00edo. Hay alerta por tormentas y probabilidad de granizo.\" \/>\n<meta property=\"og:url\" content=\"https:\/\/informelitoral.com.ar\/nueva-alerta-por-tormentas-hoy-la-temperatura-estara-cerca-de-los-30-grados\/\" \/>\n<meta property=\"og:site_name\" content=\"Informe Litoral\" \/>\n<meta property=\"article:publisher\" content=\"https:\/\/www.facebook.com\/informelitoral\/\" \/>\n<meta property=\"article:published_time\" content=\"2022-08-26T11:22:16+00:00\" \/>\n<meta property=\"article:modified_time\" content=\"2022-08-26T11:23:32+00:00\" \/>\n<meta property=\"og:image\" content=\"https:\/\/informelitoral.com.ar\/%77%70%2d%63%6f%6e%74%65%6e%74\/uploads\/2022\/08\/012b0cfa-597d-4253-b044-5ba0554edad9_media-libre-aspect-ratio_default_0.jpg\" \/>\n\t<meta property=\"og:image:width\" content=\"660\" \/>\n\t<meta property=\"og:image:height\" content=\"418\" \/>\n\t<meta property=\"og:image:type\" content=\"image\/jpeg\" \/>\n<meta name=\"author\" content=\"Sebastian\" \/>\n<meta name=\"twitter:card\" content=\"summary_large_image\" \/>\n<meta name=\"twitter:creator\" content=\"@InformeLitoral\" \/>\n<meta name=\"twitter:site\" content=\"@InformeLitoral\" \/>\n<meta name=\"twitter:label1\" content=\"Escrito por\" \/>\n\t<meta name=\"twitter:data1\" content=\"Sebastian\" \/>\n\t<meta name=\"twitter:label2\" content=\"Tiempo de lectura\" \/>\n\t<meta name=\"twitter:data2\" content=\"1 minuto\" \/>\n<script type=\"application\/ld+json\" class=\"yoast-schema-graph\">{\"@context\":\"https:\\\/\\\/schema.org\",\"@graph\":[{\"@type\":\"Article\",\"@id\":\"https:\\\/\\\/informelitoral.com.ar\\\/nueva-alerta-por-tormentas-hoy-la-temperatura-estara-cerca-de-los-30-grados\\\/#article\",\"isPartOf\":{\"@id\":\"https:\\\/\\\/informelitoral.com.ar\\\/nueva-alerta-por-tormentas-hoy-la-temperatura-estara-cerca-de-los-30-grados\\\/\"},\"author\":{\"name\":\"Sebastian\",\"@id\":\"https:\\\/\\\/informelitoral.com.ar\\\/#\\\/schema\\\/person\\\/f05f9f461677119578717524b127d6d5\"},\"headline\":\"Nueva alerta por tormentas: hoy la temperatura estar\u00e1 cerca de los 30 grados\",\"datePublished\":\"2022-08-26T11:22:16+00:00\",\"dateModified\":\"2022-08-26T11:23:32+00:00\",\"mainEntityOfPage\":{\"@id\":\"https:\\\/\\\/informelitoral.com.ar\\\/nueva-alerta-por-tormentas-hoy-la-temperatura-estara-cerca-de-los-30-grados\\\/\"},\"wordCount\":270,\"commentCount\":0,\"publisher\":{\"@id\":\"https:\\\/\\\/informelitoral.com.ar\\\/#organization\"},\"image\":{\"@id\":\"https:\\\/\\\/informelitoral.com.ar\\\/nueva-alerta-por-tormentas-hoy-la-temperatura-estara-cerca-de-los-30-grados\\\/#primaryimage\"},\"thumbnailUrl\":\"https:\\\/\\\/informelitoral.com.ar\\\/%77%70%2d%63%6f%6e%74%65%6e%74\\\/uploads\\\/2022\\\/08\\\/012b0cfa-597d-4253-b044-5ba0554edad9_media-libre-aspect-ratio_default_0.jpg\",\"keywords\":[\"SMN\"],\"articleSection\":[\"Entre R\u00edos\"],\"inLanguage\":\"es\",\"potentialAction\":[{\"@type\":\"CommentAction\",\"name\":\"Comment\",\"target\":[\"https:\\\/\\\/informelitoral.com.ar\\\/nueva-alerta-por-tormentas-hoy-la-temperatura-estara-cerca-de-los-30-grados\\\/#respond\"]}]},{\"@type\":\"WebPage\",\"@id\":\"https:\\\/\\\/informelitoral.com.ar\\\/nueva-alerta-por-tormentas-hoy-la-temperatura-estara-cerca-de-los-30-grados\\\/\",\"url\":\"https:\\\/\\\/informelitoral.com.ar\\\/nueva-alerta-por-tormentas-hoy-la-temperatura-estara-cerca-de-los-30-grados\\\/\",\"name\":\"Nueva alerta por tormentas: hoy la temperatura estar\u00e1 cerca de los 30 grados - Informe Litoral\",\"isPartOf\":{\"@id\":\"https:\\\/\\\/informelitoral.com.ar\\\/#website\"},\"primaryImageOfPage\":{\"@id\":\"https:\\\/\\\/informelitoral.com.ar\\\/nueva-alerta-por-tormentas-hoy-la-temperatura-estara-cerca-de-los-30-grados\\\/#primaryimage\"},\"image\":{\"@id\":\"https:\\\/\\\/informelitoral.com.ar\\\/nueva-alerta-por-tormentas-hoy-la-temperatura-estara-cerca-de-los-30-grados\\\/#primaryimage\"},\"thumbnailUrl\":\"https:\\\/\\\/informelitoral.com.ar\\\/%77%70%2d%63%6f%6e%74%65%6e%74\\\/uploads\\\/2022\\\/08\\\/012b0cfa-597d-4253-b044-5ba0554edad9_media-libre-aspect-ratio_default_0.jpg\",\"datePublished\":\"2022-08-26T11:22:16+00:00\",\"dateModified\":\"2022-08-26T11:23:32+00:00\",\"breadcrumb\":{\"@id\":\"https:\\\/\\\/informelitoral.com.ar\\\/nueva-alerta-por-tormentas-hoy-la-temperatura-estara-cerca-de-los-30-grados\\\/#breadcrumb\"},\"inLanguage\":\"es\",\"potentialAction\":[{\"@type\":\"ReadAction\",\"target\":[\"https:\\\/\\\/informelitoral.com.ar\\\/nueva-alerta-por-tormentas-hoy-la-temperatura-estara-cerca-de-los-30-grados\\\/\"]}]},{\"@type\":\"ImageObject\",\"inLanguage\":\"es\",\"@id\":\"https:\\\/\\\/informelitoral.com.ar\\\/nueva-alerta-por-tormentas-hoy-la-temperatura-estara-cerca-de-los-30-grados\\\/#primaryimage\",\"url\":\"https:\\\/\\\/informelitoral.com.ar\\\/%77%70%2d%63%6f%6e%74%65%6e%74\\\/uploads\\\/2022\\\/08\\\/012b0cfa-597d-4253-b044-5ba0554edad9_media-libre-aspect-ratio_default_0.jpg\",\"contentUrl\":\"https:\\\/\\\/informelitoral.com.ar\\\/%77%70%2d%63%6f%6e%74%65%6e%74\\\/uploads\\\/2022\\\/08\\\/012b0cfa-597d-4253-b044-5ba0554edad9_media-libre-aspect-ratio_default_0.jpg\",\"width\":660,\"height\":418},{\"@type\":\"BreadcrumbList\",\"@id\":\"https:\\\/\\\/informelitoral.com.ar\\\/nueva-alerta-por-tormentas-hoy-la-temperatura-estara-cerca-de-los-30-grados\\\/#breadcrumb\",\"itemListElement\":[{\"@type\":\"ListItem\",\"position\":1,\"name\":\"Portada\",\"item\":\"https:\\\/\\\/informelitoral.com.ar\\\/\"},{\"@type\":\"ListItem\",\"position\":2,\"name\":\"Nueva alerta por tormentas: hoy la temperatura estar\u00e1 cerca de los 30 grados\"}]},{\"@type\":\"WebSite\",\"@id\":\"https:\\\/\\\/informelitoral.com.ar\\\/#website\",\"url\":\"https:\\\/\\\/informelitoral.com.ar\\\/\",\"name\":\"Informe Litoral\",\"description\":\"&quot;Nos informamos&quot; \",\"publisher\":{\"@id\":\"https:\\\/\\\/informelitoral.com.ar\\\/#organization\"},\"potentialAction\":[{\"@type\":\"SearchAction\",\"target\":{\"@type\":\"EntryPoint\",\"urlTemplate\":\"https:\\\/\\\/informelitoral.com.ar\\\/?s={search_term_string}\"},\"query-input\":{\"@type\":\"PropertyValueSpecification\",\"valueRequired\":true,\"valueName\":\"search_term_string\"}}],\"inLanguage\":\"es\"},{\"@type\":\"Organization\",\"@id\":\"https:\\\/\\\/informelitoral.com.ar\\\/#organization\",\"name\":\"Informe Litoral\",\"url\":\"https:\\\/\\\/informelitoral.com.ar\\\/\",\"logo\":{\"@type\":\"ImageObject\",\"inLanguage\":\"es\",\"@id\":\"https:\\\/\\\/informelitoral.com.ar\\\/#\\\/schema\\\/logo\\\/image\\\/\",\"url\":\"https:\\\/\\\/informelitoral.com.ar\\\/%77%70%2d%63%6f%6e%74%65%6e%74\\\/uploads\\\/2021\\\/01\\\/circulo.png\",\"contentUrl\":\"https:\\\/\\\/informelitoral.com.ar\\\/%77%70%2d%63%6f%6e%74%65%6e%74\\\/uploads\\\/2021\\\/01\\\/circulo.png\",\"width\":723,\"height\":731,\"caption\":\"Informe Litoral\"},\"image\":{\"@id\":\"https:\\\/\\\/informelitoral.com.ar\\\/#\\\/schema\\\/logo\\\/image\\\/\"},\"sameAs\":[\"https:\\\/\\\/www.facebook.com\\\/informelitoral\\\/\",\"https:\\\/\\\/x.com\\\/InformeLitoral\",\"https:\\\/\\\/www.instagram.com\\\/informelitoral\\\/\",\"https:\\\/\\\/www.youtube.com\\\/channel\\\/UCua4Qvz8Icb6MYqhoq9xLXw\"]},{\"@type\":\"Person\",\"@id\":\"https:\\\/\\\/informelitoral.com.ar\\\/#\\\/schema\\\/person\\\/f05f9f461677119578717524b127d6d5\",\"name\":\"Sebastian\",\"image\":{\"@type\":\"ImageObject\",\"inLanguage\":\"es\",\"@id\":\"https:\\\/\\\/secure.gravatar.com\\\/avatar\\\/b71bf7481d447dfb9583c7f2798e7cc64de6efb9067b74633ed8c31059a3bd82?s=96&d=mm&r=g\",\"url\":\"https:\\\/\\\/secure.gravatar.com\\\/avatar\\\/b71bf7481d447dfb9583c7f2798e7cc64de6efb9067b74633ed8c31059a3bd82?s=96&d=mm&r=g\",\"contentUrl\":\"https:\\\/\\\/secure.gravatar.com\\\/avatar\\\/b71bf7481d447dfb9583c7f2798e7cc64de6efb9067b74633ed8c31059a3bd82?s=96&d=mm&r=g\",\"caption\":\"Sebastian\"},\"url\":\"https:\\\/\\\/informelitoral.com.ar\\\/author\\\/sebastian\\\/\"}]}<\/script>","yoast_head_json":{"title":"Nueva alerta por tormentas: hoy la temperatura estar\u00e1 cerca de los 30 grados - Informe Litoral","robots":{"index":"index","follow":"follow","max-snippet":"max-snippet:-1","max-image-preview":"max-image-preview:large","max-video-preview":"max-video-preview:-1"},"canonical":"https:\/\/informelitoral.com.ar\/nueva-alerta-por-tormentas-hoy-la-temperatura-estara-cerca-de-los-30-grados\/","og_locale":"es_ES","og_type":"article","og_title":"Nueva alerta por tormentas: hoy la temperatura estar\u00e1 cerca de los 30 grados - Informe Litoral","og_description":"Para hoy se prev\u00e9n sensaciones t\u00e9rmicas que podr\u00edan trepar hasta los 32 grados, producto de la alta humedad. No se descartan lluvias aisladas. Ma\u00f1ana llegar\u00e1 el sistema frontal fr\u00edo. Hay alerta por tormentas y probabilidad de granizo.","og_url":"https:\/\/informelitoral.com.ar\/nueva-alerta-por-tormentas-hoy-la-temperatura-estara-cerca-de-los-30-grados\/","og_site_name":"Informe Litoral","article_publisher":"https:\/\/www.facebook.com\/informelitoral\/","article_published_time":"2022-08-26T11:22:16+00:00","article_modified_time":"2022-08-26T11:23:32+00:00","og_image":[{"width":660,"height":418,"url":"https:\/\/informelitoral.com.ar\/%77%70%2d%63%6f%6e%74%65%6e%74\/uploads\/2022\/08\/012b0cfa-597d-4253-b044-5ba0554edad9_media-libre-aspect-ratio_default_0.jpg","type":"image\/jpeg"}],"author":"Sebastian","twitter_card":"summary_large_image","twitter_creator":"@InformeLitoral","twitter_site":"@InformeLitoral","twitter_misc":{"Escrito por":"Sebastian","Tiempo de lectura":"1 minuto"},"schema":{"@context":"https:\/\/schema.org","@graph":[{"@type":"Article","@id":"https:\/\/informelitoral.com.ar\/nueva-alerta-por-tormentas-hoy-la-temperatura-estara-cerca-de-los-30-grados\/#article","isPartOf":{"@id":"https:\/\/informelitoral.com.ar\/nueva-alerta-por-tormentas-hoy-la-temperatura-estara-cerca-de-los-30-grados\/"},"author":{"name":"Sebastian","@id":"https:\/\/informelitoral.com.ar\/#\/schema\/person\/f05f9f461677119578717524b127d6d5"},"headline":"Nueva alerta por tormentas: hoy la temperatura estar\u00e1 cerca de los 30 grados","datePublished":"2022-08-26T11:22:16+00:00","dateModified":"2022-08-26T11:23:32+00:00","mainEntityOfPage":{"@id":"https:\/\/informelitoral.com.ar\/nueva-alerta-por-tormentas-hoy-la-temperatura-estara-cerca-de-los-30-grados\/"},"wordCount":270,"commentCount":0,"publisher":{"@id":"https:\/\/informelitoral.com.ar\/#organization"},"image":{"@id":"https:\/\/informelitoral.com.ar\/nueva-alerta-por-tormentas-hoy-la-temperatura-estara-cerca-de-los-30-grados\/#primaryimage"},"thumbnailUrl":"https:\/\/informelitoral.com.ar\/%77%70%2d%63%6f%6e%74%65%6e%74\/uploads\/2022\/08\/012b0cfa-597d-4253-b044-5ba0554edad9_media-libre-aspect-ratio_default_0.jpg","keywords":["SMN"],"articleSection":["Entre R\u00edos"],"inLanguage":"es","potentialAction":[{"@type":"CommentAction","name":"Comment","target":["https:\/\/informelitoral.com.ar\/nueva-alerta-por-tormentas-hoy-la-temperatura-estara-cerca-de-los-30-grados\/#respond"]}]},{"@type":"WebPage","@id":"https:\/\/informelitoral.com.ar\/nueva-alerta-por-tormentas-hoy-la-temperatura-estara-cerca-de-los-30-grados\/","url":"https:\/\/informelitoral.com.ar\/nueva-alerta-por-tormentas-hoy-la-temperatura-estara-cerca-de-los-30-grados\/","name":"Nueva alerta por tormentas: hoy la temperatura estar\u00e1 cerca de los 30 grados - Informe Litoral","isPartOf":{"@id":"https:\/\/informelitoral.com.ar\/#website"},"primaryImageOfPage":{"@id":"https:\/\/informelitoral.com.ar\/nueva-alerta-por-tormentas-hoy-la-temperatura-estara-cerca-de-los-30-grados\/#primaryimage"},"image":{"@id":"https:\/\/informelitoral.com.ar\/nueva-alerta-por-tormentas-hoy-la-temperatura-estara-cerca-de-los-30-grados\/#primaryimage"},"thumbnailUrl":"https:\/\/informelitoral.com.ar\/%77%70%2d%63%6f%6e%74%65%6e%74\/uploads\/2022\/08\/012b0cfa-597d-4253-b044-5ba0554edad9_media-libre-aspect-ratio_default_0.jpg","datePublished":"2022-08-26T11:22:16+00:00","dateModified":"2022-08-26T11:23:32+00:00","breadcrumb":{"@id":"https:\/\/informelitoral.com.ar\/nueva-alerta-por-tormentas-hoy-la-temperatura-estara-cerca-de-los-30-grados\/#breadcrumb"},"inLanguage":"es","potentialAction":[{"@type":"ReadAction","target":["https:\/\/informelitoral.com.ar\/nueva-alerta-por-tormentas-hoy-la-temperatura-estara-cerca-de-los-30-grados\/"]}]},{"@type":"ImageObject","inLanguage":"es","@id":"https:\/\/informelitoral.com.ar\/nueva-alerta-por-tormentas-hoy-la-temperatura-estara-cerca-de-los-30-grados\/#primaryimage","url":"https:\/\/informelitoral.com.ar\/%77%70%2d%63%6f%6e%74%65%6e%74\/uploads\/2022\/08\/012b0cfa-597d-4253-b044-5ba0554edad9_media-libre-aspect-ratio_default_0.jpg","contentUrl":"https:\/\/informelitoral.com.ar\/%77%70%2d%63%6f%6e%74%65%6e%74\/uploads\/2022\/08\/012b0cfa-597d-4253-b044-5ba0554edad9_media-libre-aspect-ratio_default_0.jpg","width":660,"height":418},{"@type":"BreadcrumbList","@id":"https:\/\/informelitoral.com.ar\/nueva-alerta-por-tormentas-hoy-la-temperatura-estara-cerca-de-los-30-grados\/#breadcrumb","itemListElement":[{"@type":"ListItem","position":1,"name":"Portada","item":"https:\/\/informelitoral.com.ar\/"},{"@type":"ListItem","position":2,"name":"Nueva alerta por tormentas: hoy la temperatura estar\u00e1 cerca de los 30 grados"}]},{"@type":"WebSite","@id":"https:\/\/informelitoral.com.ar\/#website","url":"https:\/\/informelitoral.com.ar\/","name":"Informe Litoral","description":"&quot;Nos informamos&quot; ","publisher":{"@id":"https:\/\/informelitoral.com.ar\/#organization"},"potentialAction":[{"@type":"SearchAction","target":{"@type":"EntryPoint","urlTemplate":"https:\/\/informelitoral.com.ar\/?s={search_term_string}"},"query-input":{"@type":"PropertyValueSpecification","valueRequired":true,"valueName":"search_term_string"}}],"inLanguage":"es"},{"@type":"Organization","@id":"https:\/\/informelitoral.com.ar\/#organization","name":"Informe Litoral","url":"https:\/\/informelitoral.com.ar\/","logo":{"@type":"ImageObject","inLanguage":"es","@id":"https:\/\/informelitoral.com.ar\/#\/schema\/logo\/image\/","url":"https:\/\/informelitoral.com.ar\/%77%70%2d%63%6f%6e%74%65%6e%74\/uploads\/2021\/01\/circulo.png","contentUrl":"https:\/\/informelitoral.com.ar\/%77%70%2d%63%6f%6e%74%65%6e%74\/uploads\/2021\/01\/circulo.png","width":723,"height":731,"caption":"Informe Litoral"},"image":{"@id":"https:\/\/informelitoral.com.ar\/#\/schema\/logo\/image\/"},"sameAs":["https:\/\/www.facebook.com\/informelitoral\/","https:\/\/x.com\/InformeLitoral","https:\/\/www.instagram.com\/informelitoral\/","https:\/\/www.youtube.com\/channel\/UCua4Qvz8Icb6MYqhoq9xLXw"]},{"@type":"Person","@id":"https:\/\/informelitoral.com.ar\/#\/schema\/person\/f05f9f461677119578717524b127d6d5","name":"Sebastian","image":{"@type":"ImageObject","inLanguage":"es","@id":"https:\/\/secure.gravatar.com\/avatar\/b71bf7481d447dfb9583c7f2798e7cc64de6efb9067b74633ed8c31059a3bd82?s=96&d=mm&r=g","url":"https:\/\/secure.gravatar.com\/avatar\/b71bf7481d447dfb9583c7f2798e7cc64de6efb9067b74633ed8c31059a3bd82?s=96&d=mm&r=g","contentUrl":"https:\/\/secure.gravatar.com\/avatar\/b71bf7481d447dfb9583c7f2798e7cc64de6efb9067b74633ed8c31059a3bd82?s=96&d=mm&r=g","caption":"Sebastian"},"url":"https:\/\/informelitoral.com.ar\/author\/sebastian\/"}]}},"_links":{"self":[{"href":"https:\/\/informelitoral.com.ar\/%77%70%2d%6a%73%6f%6e\/wp\/v2\/posts\/84673","targetHints":{"allow":["GET"]}}],"collection":[{"href":"https:\/\/informelitoral.com.ar\/%77%70%2d%6a%73%6f%6e\/wp\/v2\/posts"}],"about":[{"href":"https:\/\/informelitoral.com.ar\/%77%70%2d%6a%73%6f%6e\/wp\/v2\/types\/post"}],"author":[{"embeddable":true,"href":"https:\/\/informelitoral.com.ar\/%77%70%2d%6a%73%6f%6e\/wp\/v2\/users\/8"}],"replies":[{"embeddable":true,"href":"https:\/\/informelitoral.com.ar\/%77%70%2d%6a%73%6f%6e\/wp\/v2\/comments?post=84673"}],"version-history":[{"count":0,"href":"https:\/\/informelitoral.com.ar\/%77%70%2d%6a%73%6f%6e\/wp\/v2\/posts\/84673\/revisions"}],"wp:featuredmedia":[{"embeddable":true,"href":"https:\/\/informelitoral.com.ar\/%77%70%2d%6a%73%6f%6e\/wp\/v2\/media\/84674"}],"wp:attachment":[{"href":"https:\/\/informelitoral.com.ar\/%77%70%2d%6a%73%6f%6e\/wp\/v2\/media?parent=84673"}],"wp:term":[{"taxonomy":"category","embeddable":true,"href":"https:\/\/informelitoral.com.ar\/%77%70%2d%6a%73%6f%6e\/wp\/v2\/categories?post=84673"},{"taxonomy":"post_tag","embeddable":true,"href":"https:\/\/informelitoral.com.ar\/%77%70%2d%6a%73%6f%6e\/wp\/v2\/tags?post=84673"}],"curies":[{"name":"wp","href":"https:\/\/api.w.org\/{rel}","templated":true}]}}