{"id":84638,"date":"2022-08-25T10:02:08","date_gmt":"2022-08-25T13:02:08","guid":{"rendered":"https:\/\/www.informelitoral.com.ar\/?p=84638"},"modified":"2022-08-25T10:02:08","modified_gmt":"2022-08-25T13:02:08","slug":"con-un-aumento-del-10-por-ciento-el-1-de-septiembre-comenzara-el-cronograma-de-pagos","status":"publish","type":"post","link":"https:\/\/informelitoral.com.ar\/con-un-aumento-del-10-por-ciento-el-1-de-septiembre-comenzara-el-cronograma-de-pagos\/","title":{"rendered":"Con un aumento del 10 por ciento, el 1\u00b0 de septiembre comenzar\u00e1 el cronograma de pagos"},"content":{"rendered":"<p>Cabe recordar que la provincia adelantar\u00e1 un 10,16 por ciento de aumento con los haberes de agosto a cuenta del pr\u00f3ximo acuerdo paritario que trabajan el gobierno provincial y los gremios docentes y estatales.<\/p>\n<p>El incremento que se efectuar\u00e1 con los haberes de agosto, se compone del 6,16 por ciento pendiente en el primer acuerdo paritario de este a\u00f1o (que totaliza un 45,45 por ciento) y un 4 por ciento. El porcentaje representa una medida adicional que busca mejorar el salario de las y los trabajadores estatales ante la escalada inflacionaria.<\/p>\n<p>El cronograma de pago dado a conocer por el Ministerio de Econom\u00eda es el siguiente:<\/p>\n<p>Jueves 1\u00b0 de septiembre: hasta 85.000 pesos<br \/>\nViernes 2 de septiembre: de 85.001 pesos a 100.000 pesos<br \/>\nS\u00e1bado 3 de septiembre: de 100.001 pesos a 125.000 pesos<br \/>\nMartes 6 de septiembre: de 125.001 pesos a 175.000 pesos<br \/>\nMi\u00e9rcoles 7 de septiembre: m\u00e1s de 175.000 pesos<\/p>\n","protected":false},"excerpt":{"rendered":"<p>El jueves 1\u00b0 de septiembre comenzar\u00e1 el cronograma de pagos de los haberes de agosto de la administraci\u00f3n p\u00fablica provincial. Se liquidar\u00e1 el aumento del 10 por ciento establecido por el gobierno provincial a cuenta del pr\u00f3ximo acuerdo paritario.<\/p>\n","protected":false},"author":8,"featured_media":81213,"comment_status":"open","ping_status":"open","sticky":false,"template":"","format":"standard","meta":{"fifu_image_url":"","fifu_image_alt":"","footnotes":""},"categories":[6],"tags":[1178],"class_list":{"0":"post-84638","1":"post","2":"type-post","3":"status-publish","4":"format-standard","5":"has-post-thumbnail","7":"category-entre-rios","8":"tag-cronograma-de-pago"},"yoast_head":"<title>Con un aumento del 10 por ciento, el 1\u00b0 de septiembre comenzar\u00e1 el cronograma de pagos - Informe Litoral<\/title>\n<meta name=\"robots\" content=\"index, follow, max-snippet:-1, max-image-preview:large, max-video-preview:-1\" \/>\n<link rel=\"canonical\" href=\"https:\/\/informelitoral.com.ar\/con-un-aumento-del-10-por-ciento-el-1-de-septiembre-comenzara-el-cronograma-de-pagos\/\" \/>\n<meta property=\"og:locale\" content=\"es_ES\" \/>\n<meta property=\"og:type\" content=\"article\" \/>\n<meta property=\"og:title\" content=\"Con un aumento del 10 por ciento, el 1\u00b0 de septiembre comenzar\u00e1 el cronograma de pagos - Informe Litoral\" \/>\n<meta property=\"og:description\" content=\"El jueves 1\u00b0 de septiembre comenzar\u00e1 el cronograma de pagos de los haberes de agosto de la administraci\u00f3n p\u00fablica provincial. Se liquidar\u00e1 el aumento del 10 por ciento establecido por el gobierno provincial a cuenta del pr\u00f3ximo acuerdo paritario.\" \/>\n<meta property=\"og:url\" content=\"https:\/\/informelitoral.com.ar\/con-un-aumento-del-10-por-ciento-el-1-de-septiembre-comenzara-el-cronograma-de-pagos\/\" \/>\n<meta property=\"og:site_name\" content=\"Informe Litoral\" \/>\n<meta property=\"article:publisher\" content=\"https:\/\/www.facebook.com\/informelitoral\/\" \/>\n<meta property=\"article:published_time\" content=\"2022-08-25T13:02:08+00:00\" \/>\n<meta property=\"og:image\" content=\"https:\/\/informelitoral.com.ar\/%77%70%2d%63%6f%6e%74%65%6e%74\/uploads\/2022\/07\/p_1639050016.jpg\" \/>\n\t<meta property=\"og:image:width\" content=\"1920\" \/>\n\t<meta property=\"og:image:height\" content=\"800\" \/>\n\t<meta property=\"og:image:type\" content=\"image\/jpeg\" \/>\n<meta name=\"author\" content=\"Sebastian\" \/>\n<meta name=\"twitter:card\" content=\"summary_large_image\" \/>\n<meta name=\"twitter:creator\" content=\"@InformeLitoral\" \/>\n<meta name=\"twitter:site\" content=\"@InformeLitoral\" \/>\n<meta name=\"twitter:label1\" content=\"Escrito por\" \/>\n\t<meta name=\"twitter:data1\" content=\"Sebastian\" \/>\n\t<meta name=\"twitter:label2\" content=\"Tiempo de lectura\" \/>\n\t<meta name=\"twitter:data2\" content=\"1 minuto\" \/>\n<script type=\"application\/ld+json\" class=\"yoast-schema-graph\">{\"@context\":\"https:\\\/\\\/schema.org\",\"@graph\":[{\"@type\":\"Article\",\"@id\":\"https:\\\/\\\/informelitoral.com.ar\\\/con-un-aumento-del-10-por-ciento-el-1-de-septiembre-comenzara-el-cronograma-de-pagos\\\/#article\",\"isPartOf\":{\"@id\":\"https:\\\/\\\/informelitoral.com.ar\\\/con-un-aumento-del-10-por-ciento-el-1-de-septiembre-comenzara-el-cronograma-de-pagos\\\/\"},\"author\":{\"name\":\"Sebastian\",\"@id\":\"https:\\\/\\\/informelitoral.com.ar\\\/#\\\/schema\\\/person\\\/f05f9f461677119578717524b127d6d5\"},\"headline\":\"Con un aumento del 10 por ciento, el 1\u00b0 de septiembre comenzar\u00e1 el cronograma de pagos\",\"datePublished\":\"2022-08-25T13:02:08+00:00\",\"mainEntityOfPage\":{\"@id\":\"https:\\\/\\\/informelitoral.com.ar\\\/con-un-aumento-del-10-por-ciento-el-1-de-septiembre-comenzara-el-cronograma-de-pagos\\\/\"},\"wordCount\":154,\"commentCount\":0,\"publisher\":{\"@id\":\"https:\\\/\\\/informelitoral.com.ar\\\/#organization\"},\"image\":{\"@id\":\"https:\\\/\\\/informelitoral.com.ar\\\/con-un-aumento-del-10-por-ciento-el-1-de-septiembre-comenzara-el-cronograma-de-pagos\\\/#primaryimage\"},\"thumbnailUrl\":\"https:\\\/\\\/informelitoral.com.ar\\\/%77%70%2d%63%6f%6e%74%65%6e%74\\\/uploads\\\/2022\\\/07\\\/p_1639050016.jpg\",\"keywords\":[\"Cronograma de pago\"],\"articleSection\":[\"Entre R\u00edos\"],\"inLanguage\":\"es\",\"potentialAction\":[{\"@type\":\"CommentAction\",\"name\":\"Comment\",\"target\":[\"https:\\\/\\\/informelitoral.com.ar\\\/con-un-aumento-del-10-por-ciento-el-1-de-septiembre-comenzara-el-cronograma-de-pagos\\\/#respond\"]}]},{\"@type\":\"WebPage\",\"@id\":\"https:\\\/\\\/informelitoral.com.ar\\\/con-un-aumento-del-10-por-ciento-el-1-de-septiembre-comenzara-el-cronograma-de-pagos\\\/\",\"url\":\"https:\\\/\\\/informelitoral.com.ar\\\/con-un-aumento-del-10-por-ciento-el-1-de-septiembre-comenzara-el-cronograma-de-pagos\\\/\",\"name\":\"Con un aumento del 10 por ciento, el 1\u00b0 de septiembre comenzar\u00e1 el cronograma de pagos - Informe Litoral\",\"isPartOf\":{\"@id\":\"https:\\\/\\\/informelitoral.com.ar\\\/#website\"},\"primaryImageOfPage\":{\"@id\":\"https:\\\/\\\/informelitoral.com.ar\\\/con-un-aumento-del-10-por-ciento-el-1-de-septiembre-comenzara-el-cronograma-de-pagos\\\/#primaryimage\"},\"image\":{\"@id\":\"https:\\\/\\\/informelitoral.com.ar\\\/con-un-aumento-del-10-por-ciento-el-1-de-septiembre-comenzara-el-cronograma-de-pagos\\\/#primaryimage\"},\"thumbnailUrl\":\"https:\\\/\\\/informelitoral.com.ar\\\/%77%70%2d%63%6f%6e%74%65%6e%74\\\/uploads\\\/2022\\\/07\\\/p_1639050016.jpg\",\"datePublished\":\"2022-08-25T13:02:08+00:00\",\"breadcrumb\":{\"@id\":\"https:\\\/\\\/informelitoral.com.ar\\\/con-un-aumento-del-10-por-ciento-el-1-de-septiembre-comenzara-el-cronograma-de-pagos\\\/#breadcrumb\"},\"inLanguage\":\"es\",\"potentialAction\":[{\"@type\":\"ReadAction\",\"target\":[\"https:\\\/\\\/informelitoral.com.ar\\\/con-un-aumento-del-10-por-ciento-el-1-de-septiembre-comenzara-el-cronograma-de-pagos\\\/\"]}]},{\"@type\":\"ImageObject\",\"inLanguage\":\"es\",\"@id\":\"https:\\\/\\\/informelitoral.com.ar\\\/con-un-aumento-del-10-por-ciento-el-1-de-septiembre-comenzara-el-cronograma-de-pagos\\\/#primaryimage\",\"url\":\"https:\\\/\\\/informelitoral.com.ar\\\/%77%70%2d%63%6f%6e%74%65%6e%74\\\/uploads\\\/2022\\\/07\\\/p_1639050016.jpg\",\"contentUrl\":\"https:\\\/\\\/informelitoral.com.ar\\\/%77%70%2d%63%6f%6e%74%65%6e%74\\\/uploads\\\/2022\\\/07\\\/p_1639050016.jpg\",\"width\":1920,\"height\":800},{\"@type\":\"BreadcrumbList\",\"@id\":\"https:\\\/\\\/informelitoral.com.ar\\\/con-un-aumento-del-10-por-ciento-el-1-de-septiembre-comenzara-el-cronograma-de-pagos\\\/#breadcrumb\",\"itemListElement\":[{\"@type\":\"ListItem\",\"position\":1,\"name\":\"Portada\",\"item\":\"https:\\\/\\\/informelitoral.com.ar\\\/\"},{\"@type\":\"ListItem\",\"position\":2,\"name\":\"Con un aumento del 10 por ciento, el 1\u00b0 de septiembre comenzar\u00e1 el cronograma de pagos\"}]},{\"@type\":\"WebSite\",\"@id\":\"https:\\\/\\\/informelitoral.com.ar\\\/#website\",\"url\":\"https:\\\/\\\/informelitoral.com.ar\\\/\",\"name\":\"Informe Litoral\",\"description\":\"&quot;Nos informamos&quot; \",\"publisher\":{\"@id\":\"https:\\\/\\\/informelitoral.com.ar\\\/#organization\"},\"potentialAction\":[{\"@type\":\"SearchAction\",\"target\":{\"@type\":\"EntryPoint\",\"urlTemplate\":\"https:\\\/\\\/informelitoral.com.ar\\\/?s={search_term_string}\"},\"query-input\":{\"@type\":\"PropertyValueSpecification\",\"valueRequired\":true,\"valueName\":\"search_term_string\"}}],\"inLanguage\":\"es\"},{\"@type\":\"Organization\",\"@id\":\"https:\\\/\\\/informelitoral.com.ar\\\/#organization\",\"name\":\"Informe Litoral\",\"url\":\"https:\\\/\\\/informelitoral.com.ar\\\/\",\"logo\":{\"@type\":\"ImageObject\",\"inLanguage\":\"es\",\"@id\":\"https:\\\/\\\/informelitoral.com.ar\\\/#\\\/schema\\\/logo\\\/image\\\/\",\"url\":\"https:\\\/\\\/informelitoral.com.ar\\\/%77%70%2d%63%6f%6e%74%65%6e%74\\\/uploads\\\/2021\\\/01\\\/circulo.png\",\"contentUrl\":\"https:\\\/\\\/informelitoral.com.ar\\\/%77%70%2d%63%6f%6e%74%65%6e%74\\\/uploads\\\/2021\\\/01\\\/circulo.png\",\"width\":723,\"height\":731,\"caption\":\"Informe Litoral\"},\"image\":{\"@id\":\"https:\\\/\\\/informelitoral.com.ar\\\/#\\\/schema\\\/logo\\\/image\\\/\"},\"sameAs\":[\"https:\\\/\\\/www.facebook.com\\\/informelitoral\\\/\",\"https:\\\/\\\/x.com\\\/InformeLitoral\",\"https:\\\/\\\/www.instagram.com\\\/informelitoral\\\/\",\"https:\\\/\\\/www.youtube.com\\\/channel\\\/UCua4Qvz8Icb6MYqhoq9xLXw\"]},{\"@type\":\"Person\",\"@id\":\"https:\\\/\\\/informelitoral.com.ar\\\/#\\\/schema\\\/person\\\/f05f9f461677119578717524b127d6d5\",\"name\":\"Sebastian\",\"image\":{\"@type\":\"ImageObject\",\"inLanguage\":\"es\",\"@id\":\"https:\\\/\\\/secure.gravatar.com\\\/avatar\\\/b71bf7481d447dfb9583c7f2798e7cc64de6efb9067b74633ed8c31059a3bd82?s=96&d=mm&r=g\",\"url\":\"https:\\\/\\\/secure.gravatar.com\\\/avatar\\\/b71bf7481d447dfb9583c7f2798e7cc64de6efb9067b74633ed8c31059a3bd82?s=96&d=mm&r=g\",\"contentUrl\":\"https:\\\/\\\/secure.gravatar.com\\\/avatar\\\/b71bf7481d447dfb9583c7f2798e7cc64de6efb9067b74633ed8c31059a3bd82?s=96&d=mm&r=g\",\"caption\":\"Sebastian\"},\"url\":\"https:\\\/\\\/informelitoral.com.ar\\\/author\\\/sebastian\\\/\"}]}<\/script>","yoast_head_json":{"title":"Con un aumento del 10 por ciento, el 1\u00b0 de septiembre comenzar\u00e1 el cronograma de pagos - Informe Litoral","robots":{"index":"index","follow":"follow","max-snippet":"max-snippet:-1","max-image-preview":"max-image-preview:large","max-video-preview":"max-video-preview:-1"},"canonical":"https:\/\/informelitoral.com.ar\/con-un-aumento-del-10-por-ciento-el-1-de-septiembre-comenzara-el-cronograma-de-pagos\/","og_locale":"es_ES","og_type":"article","og_title":"Con un aumento del 10 por ciento, el 1\u00b0 de septiembre comenzar\u00e1 el cronograma de pagos - Informe Litoral","og_description":"El jueves 1\u00b0 de septiembre comenzar\u00e1 el cronograma de pagos de los haberes de agosto de la administraci\u00f3n p\u00fablica provincial. Se liquidar\u00e1 el aumento del 10 por ciento establecido por el gobierno provincial a cuenta del pr\u00f3ximo acuerdo paritario.","og_url":"https:\/\/informelitoral.com.ar\/con-un-aumento-del-10-por-ciento-el-1-de-septiembre-comenzara-el-cronograma-de-pagos\/","og_site_name":"Informe Litoral","article_publisher":"https:\/\/www.facebook.com\/informelitoral\/","article_published_time":"2022-08-25T13:02:08+00:00","og_image":[{"width":1920,"height":800,"url":"https:\/\/informelitoral.com.ar\/%77%70%2d%63%6f%6e%74%65%6e%74\/uploads\/2022\/07\/p_1639050016.jpg","type":"image\/jpeg"}],"author":"Sebastian","twitter_card":"summary_large_image","twitter_creator":"@InformeLitoral","twitter_site":"@InformeLitoral","twitter_misc":{"Escrito por":"Sebastian","Tiempo de lectura":"1 minuto"},"schema":{"@context":"https:\/\/schema.org","@graph":[{"@type":"Article","@id":"https:\/\/informelitoral.com.ar\/con-un-aumento-del-10-por-ciento-el-1-de-septiembre-comenzara-el-cronograma-de-pagos\/#article","isPartOf":{"@id":"https:\/\/informelitoral.com.ar\/con-un-aumento-del-10-por-ciento-el-1-de-septiembre-comenzara-el-cronograma-de-pagos\/"},"author":{"name":"Sebastian","@id":"https:\/\/informelitoral.com.ar\/#\/schema\/person\/f05f9f461677119578717524b127d6d5"},"headline":"Con un aumento del 10 por ciento, el 1\u00b0 de septiembre comenzar\u00e1 el cronograma de pagos","datePublished":"2022-08-25T13:02:08+00:00","mainEntityOfPage":{"@id":"https:\/\/informelitoral.com.ar\/con-un-aumento-del-10-por-ciento-el-1-de-septiembre-comenzara-el-cronograma-de-pagos\/"},"wordCount":154,"commentCount":0,"publisher":{"@id":"https:\/\/informelitoral.com.ar\/#organization"},"image":{"@id":"https:\/\/informelitoral.com.ar\/con-un-aumento-del-10-por-ciento-el-1-de-septiembre-comenzara-el-cronograma-de-pagos\/#primaryimage"},"thumbnailUrl":"https:\/\/informelitoral.com.ar\/%77%70%2d%63%6f%6e%74%65%6e%74\/uploads\/2022\/07\/p_1639050016.jpg","keywords":["Cronograma de pago"],"articleSection":["Entre R\u00edos"],"inLanguage":"es","potentialAction":[{"@type":"CommentAction","name":"Comment","target":["https:\/\/informelitoral.com.ar\/con-un-aumento-del-10-por-ciento-el-1-de-septiembre-comenzara-el-cronograma-de-pagos\/#respond"]}]},{"@type":"WebPage","@id":"https:\/\/informelitoral.com.ar\/con-un-aumento-del-10-por-ciento-el-1-de-septiembre-comenzara-el-cronograma-de-pagos\/","url":"https:\/\/informelitoral.com.ar\/con-un-aumento-del-10-por-ciento-el-1-de-septiembre-comenzara-el-cronograma-de-pagos\/","name":"Con un aumento del 10 por ciento, el 1\u00b0 de septiembre comenzar\u00e1 el cronograma de pagos - Informe Litoral","isPartOf":{"@id":"https:\/\/informelitoral.com.ar\/#website"},"primaryImageOfPage":{"@id":"https:\/\/informelitoral.com.ar\/con-un-aumento-del-10-por-ciento-el-1-de-septiembre-comenzara-el-cronograma-de-pagos\/#primaryimage"},"image":{"@id":"https:\/\/informelitoral.com.ar\/con-un-aumento-del-10-por-ciento-el-1-de-septiembre-comenzara-el-cronograma-de-pagos\/#primaryimage"},"thumbnailUrl":"https:\/\/informelitoral.com.ar\/%77%70%2d%63%6f%6e%74%65%6e%74\/uploads\/2022\/07\/p_1639050016.jpg","datePublished":"2022-08-25T13:02:08+00:00","breadcrumb":{"@id":"https:\/\/informelitoral.com.ar\/con-un-aumento-del-10-por-ciento-el-1-de-septiembre-comenzara-el-cronograma-de-pagos\/#breadcrumb"},"inLanguage":"es","potentialAction":[{"@type":"ReadAction","target":["https:\/\/informelitoral.com.ar\/con-un-aumento-del-10-por-ciento-el-1-de-septiembre-comenzara-el-cronograma-de-pagos\/"]}]},{"@type":"ImageObject","inLanguage":"es","@id":"https:\/\/informelitoral.com.ar\/con-un-aumento-del-10-por-ciento-el-1-de-septiembre-comenzara-el-cronograma-de-pagos\/#primaryimage","url":"https:\/\/informelitoral.com.ar\/%77%70%2d%63%6f%6e%74%65%6e%74\/uploads\/2022\/07\/p_1639050016.jpg","contentUrl":"https:\/\/informelitoral.com.ar\/%77%70%2d%63%6f%6e%74%65%6e%74\/uploads\/2022\/07\/p_1639050016.jpg","width":1920,"height":800},{"@type":"BreadcrumbList","@id":"https:\/\/informelitoral.com.ar\/con-un-aumento-del-10-por-ciento-el-1-de-septiembre-comenzara-el-cronograma-de-pagos\/#breadcrumb","itemListElement":[{"@type":"ListItem","position":1,"name":"Portada","item":"https:\/\/informelitoral.com.ar\/"},{"@type":"ListItem","position":2,"name":"Con un aumento del 10 por ciento, el 1\u00b0 de septiembre comenzar\u00e1 el cronograma de pagos"}]},{"@type":"WebSite","@id":"https:\/\/informelitoral.com.ar\/#website","url":"https:\/\/informelitoral.com.ar\/","name":"Informe Litoral","description":"&quot;Nos informamos&quot; ","publisher":{"@id":"https:\/\/informelitoral.com.ar\/#organization"},"potentialAction":[{"@type":"SearchAction","target":{"@type":"EntryPoint","urlTemplate":"https:\/\/informelitoral.com.ar\/?s={search_term_string}"},"query-input":{"@type":"PropertyValueSpecification","valueRequired":true,"valueName":"search_term_string"}}],"inLanguage":"es"},{"@type":"Organization","@id":"https:\/\/informelitoral.com.ar\/#organization","name":"Informe Litoral","url":"https:\/\/informelitoral.com.ar\/","logo":{"@type":"ImageObject","inLanguage":"es","@id":"https:\/\/informelitoral.com.ar\/#\/schema\/logo\/image\/","url":"https:\/\/informelitoral.com.ar\/%77%70%2d%63%6f%6e%74%65%6e%74\/uploads\/2021\/01\/circulo.png","contentUrl":"https:\/\/informelitoral.com.ar\/%77%70%2d%63%6f%6e%74%65%6e%74\/uploads\/2021\/01\/circulo.png","width":723,"height":731,"caption":"Informe Litoral"},"image":{"@id":"https:\/\/informelitoral.com.ar\/#\/schema\/logo\/image\/"},"sameAs":["https:\/\/www.facebook.com\/informelitoral\/","https:\/\/x.com\/InformeLitoral","https:\/\/www.instagram.com\/informelitoral\/","https:\/\/www.youtube.com\/channel\/UCua4Qvz8Icb6MYqhoq9xLXw"]},{"@type":"Person","@id":"https:\/\/informelitoral.com.ar\/#\/schema\/person\/f05f9f461677119578717524b127d6d5","name":"Sebastian","image":{"@type":"ImageObject","inLanguage":"es","@id":"https:\/\/secure.gravatar.com\/avatar\/b71bf7481d447dfb9583c7f2798e7cc64de6efb9067b74633ed8c31059a3bd82?s=96&d=mm&r=g","url":"https:\/\/secure.gravatar.com\/avatar\/b71bf7481d447dfb9583c7f2798e7cc64de6efb9067b74633ed8c31059a3bd82?s=96&d=mm&r=g","contentUrl":"https:\/\/secure.gravatar.com\/avatar\/b71bf7481d447dfb9583c7f2798e7cc64de6efb9067b74633ed8c31059a3bd82?s=96&d=mm&r=g","caption":"Sebastian"},"url":"https:\/\/informelitoral.com.ar\/author\/sebastian\/"}]}},"_links":{"self":[{"href":"https:\/\/informelitoral.com.ar\/%77%70%2d%6a%73%6f%6e\/wp\/v2\/posts\/84638","targetHints":{"allow":["GET"]}}],"collection":[{"href":"https:\/\/informelitoral.com.ar\/%77%70%2d%6a%73%6f%6e\/wp\/v2\/posts"}],"about":[{"href":"https:\/\/informelitoral.com.ar\/%77%70%2d%6a%73%6f%6e\/wp\/v2\/types\/post"}],"author":[{"embeddable":true,"href":"https:\/\/informelitoral.com.ar\/%77%70%2d%6a%73%6f%6e\/wp\/v2\/users\/8"}],"replies":[{"embeddable":true,"href":"https:\/\/informelitoral.com.ar\/%77%70%2d%6a%73%6f%6e\/wp\/v2\/comments?post=84638"}],"version-history":[{"count":0,"href":"https:\/\/informelitoral.com.ar\/%77%70%2d%6a%73%6f%6e\/wp\/v2\/posts\/84638\/revisions"}],"wp:featuredmedia":[{"embeddable":true,"href":"https:\/\/informelitoral.com.ar\/%77%70%2d%6a%73%6f%6e\/wp\/v2\/media\/81213"}],"wp:attachment":[{"href":"https:\/\/informelitoral.com.ar\/%77%70%2d%6a%73%6f%6e\/wp\/v2\/media?parent=84638"}],"wp:term":[{"taxonomy":"category","embeddable":true,"href":"https:\/\/informelitoral.com.ar\/%77%70%2d%6a%73%6f%6e\/wp\/v2\/categories?post=84638"},{"taxonomy":"post_tag","embeddable":true,"href":"https:\/\/informelitoral.com.ar\/%77%70%2d%6a%73%6f%6e\/wp\/v2\/tags?post=84638"}],"curies":[{"name":"wp","href":"https:\/\/api.w.org\/{rel}","templated":true}]}}