{"id":84630,"date":"2022-08-25T09:17:56","date_gmt":"2022-08-25T12:17:56","guid":{"rendered":"https:\/\/www.informelitoral.com.ar\/?p=84630"},"modified":"2022-08-25T09:17:56","modified_gmt":"2022-08-25T12:17:56","slug":"bahillo-encabezo-un-encuentro-del-consejo-federal-lechero","status":"publish","type":"post","link":"https:\/\/informelitoral.com.ar\/bahillo-encabezo-un-encuentro-del-consejo-federal-lechero\/","title":{"rendered":"Bahillo encabez\u00f3 un encuentro del Consejo Federal Lechero"},"content":{"rendered":"<p>El secretario de Agricultura, Juan Jos\u00e9 Bahillo, encabez\u00f3 un nuevo encuentro del Consejo Federal Lechero (CFL), donde representantes de la Fundaci\u00f3n para la Promoci\u00f3n y Desarrollo de la Cadena L\u00e1ctea Argentina (FunPel) presentaron un an\u00e1lisis de la potencialidad y los desaf\u00edos que tiene el sector de cara al futuro como motor de la recuperaci\u00f3n econ\u00f3mica del pa\u00eds.<\/p>\n<p>\u00abAnalizamos en conjunto la agenda de trabajo que se viene llevando adelante y las prioridades de la cadena lechera. Nuestra idea es armar una agenda sectorial con todos los actores del sector\u00bb, indic\u00f3 Bahillo, quien estuvo acompa\u00f1ado por el director Nacional de Lecher\u00eda, Arturo Videla.<\/p>\n<p>En esa direcci\u00f3n, el secretario sostuvo que como funcionario p\u00fablico tiene \u201cresponsabilidades ineludibles de tomar la iniciativa para continuar con el ordenamiento de la cadena\u00bb.<\/p>\n<p>\u00abSoy un convencido de que las decisiones pol\u00edticas deben ser tomadas en base al di\u00e1logo y al consenso\u00bb, afirm\u00f3 el funcionario.<\/p>\n<p>Por su parte, desde FunPel ponderaron el trabajo en conjunto que se lleva adelante junto con la Direcci\u00f3n Nacional de Lecher\u00eda, y aprovecharon la oportunidad para describir las distintas realidades de la cadena l\u00e1ctea argentina.<\/p>\n<p>As\u00ed, destacaron tener la posibilidad de contar con un interlocutor v\u00e1lido para la definici\u00f3n de las pol\u00edticas p\u00fablicas para el sector, y calificaron como de vital importancia contar con el Sistema Integrado de Gesti\u00f3n de la Lecher\u00eda Argentina (Siglea) que permite el monitoreo del sector.<\/p>\n<p>En otro orden, Bahillo asegur\u00f3 su presencia en el Quinto Encuentro de la Cadena L\u00e1ctea Argentina, que se va a realizar el pr\u00f3ximo 1 de septiembre en la ciudad de Rosario, un evento de vital importancia para el sector a la hora de definir los lineamientos de la pol\u00edtica p\u00fablica sectorial.<\/p>\n<p>Del encuentro participaron el director de Producci\u00f3n Animal santafesino, Abel Zenklunsen; el director de Producci\u00f3n cordob\u00e9s, Marcelo Cravero; el director de Ganader\u00eda pampeana, Marcelo Lluch; el director de Producci\u00f3n Animal entrerriano, Horacio Lavarenque; el jefe de Gabinete del Ministerio de Desarrollo Agrario bonaerense, Pablo Portela; y la directora de Lecher\u00eda bonaerense, Agustina Llano.<\/p>\n<p>Tambi\u00e9n lo hizo en forma virtual Jos\u00e9 Guillermon, coordinador del Programa Ganadero Provincial de Santiago del Estero.<\/p>\n<p>Por Funpel estuvieron Gustavo Mozeris, Flavio Mastellone, Claudio Gonz\u00e1lez y Andr\u00e9s Jarkowski.<\/p>\n","protected":false},"excerpt":{"rendered":"<p>El secretario de Agricultura encabez\u00f3 un nuevo encuentro del Consejo Federal Lechero. \u201cSoy un convencido de que las decisiones pol\u00edticas deben ser tomadas en base al di\u00e1logo y al consenso\u00bb, afirm\u00f3 el funcionario.<\/p>\n","protected":false},"author":8,"featured_media":84631,"comment_status":"open","ping_status":"open","sticky":false,"template":"","format":"standard","meta":{"fifu_image_url":"","fifu_image_alt":"","footnotes":""},"categories":[1594],"tags":[1646],"class_list":{"0":"post-84630","1":"post","2":"type-post","3":"status-publish","4":"format-standard","5":"has-post-thumbnail","7":"category-economia","8":"tag-juan-jose-bahillo"},"yoast_head":"<title>Bahillo encabez\u00f3 un encuentro del Consejo Federal Lechero - Informe Litoral<\/title>\n<meta name=\"robots\" content=\"index, follow, max-snippet:-1, max-image-preview:large, max-video-preview:-1\" \/>\n<link rel=\"canonical\" href=\"https:\/\/informelitoral.com.ar\/bahillo-encabezo-un-encuentro-del-consejo-federal-lechero\/\" \/>\n<meta property=\"og:locale\" content=\"es_ES\" \/>\n<meta property=\"og:type\" content=\"article\" \/>\n<meta property=\"og:title\" content=\"Bahillo encabez\u00f3 un encuentro del Consejo Federal Lechero - Informe Litoral\" \/>\n<meta property=\"og:description\" content=\"El secretario de Agricultura encabez\u00f3 un nuevo encuentro del Consejo Federal Lechero. \u201cSoy un convencido de que las decisiones pol\u00edticas deben ser tomadas en base al di\u00e1logo y al consenso&quot;, afirm\u00f3 el funcionario.\" \/>\n<meta property=\"og:url\" content=\"https:\/\/informelitoral.com.ar\/bahillo-encabezo-un-encuentro-del-consejo-federal-lechero\/\" \/>\n<meta property=\"og:site_name\" content=\"Informe Litoral\" \/>\n<meta property=\"article:publisher\" content=\"https:\/\/www.facebook.com\/informelitoral\/\" \/>\n<meta property=\"article:published_time\" content=\"2022-08-25T12:17:56+00:00\" \/>\n<meta property=\"og:image\" content=\"https:\/\/informelitoral.com.ar\/%77%70%2d%63%6f%6e%74%65%6e%74\/uploads\/2022\/08\/Bahillo.jpg\" \/>\n\t<meta property=\"og:image:width\" content=\"800\" \/>\n\t<meta property=\"og:image:height\" content=\"533\" \/>\n\t<meta property=\"og:image:type\" content=\"image\/jpeg\" \/>\n<meta name=\"author\" content=\"Sebastian\" \/>\n<meta name=\"twitter:card\" content=\"summary_large_image\" \/>\n<meta name=\"twitter:creator\" content=\"@InformeLitoral\" \/>\n<meta name=\"twitter:site\" content=\"@InformeLitoral\" \/>\n<meta name=\"twitter:label1\" content=\"Escrito por\" \/>\n\t<meta name=\"twitter:data1\" content=\"Sebastian\" \/>\n\t<meta name=\"twitter:label2\" content=\"Tiempo de lectura\" \/>\n\t<meta name=\"twitter:data2\" content=\"2 minutos\" \/>\n<script type=\"application\/ld+json\" class=\"yoast-schema-graph\">{\"@context\":\"https:\\\/\\\/schema.org\",\"@graph\":[{\"@type\":\"Article\",\"@id\":\"https:\\\/\\\/informelitoral.com.ar\\\/bahillo-encabezo-un-encuentro-del-consejo-federal-lechero\\\/#article\",\"isPartOf\":{\"@id\":\"https:\\\/\\\/informelitoral.com.ar\\\/bahillo-encabezo-un-encuentro-del-consejo-federal-lechero\\\/\"},\"author\":{\"name\":\"Sebastian\",\"@id\":\"https:\\\/\\\/informelitoral.com.ar\\\/#\\\/schema\\\/person\\\/f05f9f461677119578717524b127d6d5\"},\"headline\":\"Bahillo encabez\u00f3 un encuentro del Consejo Federal Lechero\",\"datePublished\":\"2022-08-25T12:17:56+00:00\",\"mainEntityOfPage\":{\"@id\":\"https:\\\/\\\/informelitoral.com.ar\\\/bahillo-encabezo-un-encuentro-del-consejo-federal-lechero\\\/\"},\"wordCount\":404,\"commentCount\":0,\"publisher\":{\"@id\":\"https:\\\/\\\/informelitoral.com.ar\\\/#organization\"},\"image\":{\"@id\":\"https:\\\/\\\/informelitoral.com.ar\\\/bahillo-encabezo-un-encuentro-del-consejo-federal-lechero\\\/#primaryimage\"},\"thumbnailUrl\":\"https:\\\/\\\/informelitoral.com.ar\\\/%77%70%2d%63%6f%6e%74%65%6e%74\\\/uploads\\\/2022\\\/08\\\/Bahillo.jpg\",\"keywords\":[\"Juan Jos\u00e9 Bahillo\"],\"articleSection\":[\"Econom\u00eda\"],\"inLanguage\":\"es\",\"potentialAction\":[{\"@type\":\"CommentAction\",\"name\":\"Comment\",\"target\":[\"https:\\\/\\\/informelitoral.com.ar\\\/bahillo-encabezo-un-encuentro-del-consejo-federal-lechero\\\/#respond\"]}]},{\"@type\":\"WebPage\",\"@id\":\"https:\\\/\\\/informelitoral.com.ar\\\/bahillo-encabezo-un-encuentro-del-consejo-federal-lechero\\\/\",\"url\":\"https:\\\/\\\/informelitoral.com.ar\\\/bahillo-encabezo-un-encuentro-del-consejo-federal-lechero\\\/\",\"name\":\"Bahillo encabez\u00f3 un encuentro del Consejo Federal Lechero - Informe Litoral\",\"isPartOf\":{\"@id\":\"https:\\\/\\\/informelitoral.com.ar\\\/#website\"},\"primaryImageOfPage\":{\"@id\":\"https:\\\/\\\/informelitoral.com.ar\\\/bahillo-encabezo-un-encuentro-del-consejo-federal-lechero\\\/#primaryimage\"},\"image\":{\"@id\":\"https:\\\/\\\/informelitoral.com.ar\\\/bahillo-encabezo-un-encuentro-del-consejo-federal-lechero\\\/#primaryimage\"},\"thumbnailUrl\":\"https:\\\/\\\/informelitoral.com.ar\\\/%77%70%2d%63%6f%6e%74%65%6e%74\\\/uploads\\\/2022\\\/08\\\/Bahillo.jpg\",\"datePublished\":\"2022-08-25T12:17:56+00:00\",\"breadcrumb\":{\"@id\":\"https:\\\/\\\/informelitoral.com.ar\\\/bahillo-encabezo-un-encuentro-del-consejo-federal-lechero\\\/#breadcrumb\"},\"inLanguage\":\"es\",\"potentialAction\":[{\"@type\":\"ReadAction\",\"target\":[\"https:\\\/\\\/informelitoral.com.ar\\\/bahillo-encabezo-un-encuentro-del-consejo-federal-lechero\\\/\"]}]},{\"@type\":\"ImageObject\",\"inLanguage\":\"es\",\"@id\":\"https:\\\/\\\/informelitoral.com.ar\\\/bahillo-encabezo-un-encuentro-del-consejo-federal-lechero\\\/#primaryimage\",\"url\":\"https:\\\/\\\/informelitoral.com.ar\\\/%77%70%2d%63%6f%6e%74%65%6e%74\\\/uploads\\\/2022\\\/08\\\/Bahillo.jpg\",\"contentUrl\":\"https:\\\/\\\/informelitoral.com.ar\\\/%77%70%2d%63%6f%6e%74%65%6e%74\\\/uploads\\\/2022\\\/08\\\/Bahillo.jpg\",\"width\":800,\"height\":533},{\"@type\":\"BreadcrumbList\",\"@id\":\"https:\\\/\\\/informelitoral.com.ar\\\/bahillo-encabezo-un-encuentro-del-consejo-federal-lechero\\\/#breadcrumb\",\"itemListElement\":[{\"@type\":\"ListItem\",\"position\":1,\"name\":\"Portada\",\"item\":\"https:\\\/\\\/informelitoral.com.ar\\\/\"},{\"@type\":\"ListItem\",\"position\":2,\"name\":\"Bahillo encabez\u00f3 un encuentro del Consejo Federal Lechero\"}]},{\"@type\":\"WebSite\",\"@id\":\"https:\\\/\\\/informelitoral.com.ar\\\/#website\",\"url\":\"https:\\\/\\\/informelitoral.com.ar\\\/\",\"name\":\"Informe Litoral\",\"description\":\"&quot;Nos informamos&quot; \",\"publisher\":{\"@id\":\"https:\\\/\\\/informelitoral.com.ar\\\/#organization\"},\"potentialAction\":[{\"@type\":\"SearchAction\",\"target\":{\"@type\":\"EntryPoint\",\"urlTemplate\":\"https:\\\/\\\/informelitoral.com.ar\\\/?s={search_term_string}\"},\"query-input\":{\"@type\":\"PropertyValueSpecification\",\"valueRequired\":true,\"valueName\":\"search_term_string\"}}],\"inLanguage\":\"es\"},{\"@type\":\"Organization\",\"@id\":\"https:\\\/\\\/informelitoral.com.ar\\\/#organization\",\"name\":\"Informe Litoral\",\"url\":\"https:\\\/\\\/informelitoral.com.ar\\\/\",\"logo\":{\"@type\":\"ImageObject\",\"inLanguage\":\"es\",\"@id\":\"https:\\\/\\\/informelitoral.com.ar\\\/#\\\/schema\\\/logo\\\/image\\\/\",\"url\":\"https:\\\/\\\/informelitoral.com.ar\\\/%77%70%2d%63%6f%6e%74%65%6e%74\\\/uploads\\\/2021\\\/01\\\/circulo.png\",\"contentUrl\":\"https:\\\/\\\/informelitoral.com.ar\\\/%77%70%2d%63%6f%6e%74%65%6e%74\\\/uploads\\\/2021\\\/01\\\/circulo.png\",\"width\":723,\"height\":731,\"caption\":\"Informe Litoral\"},\"image\":{\"@id\":\"https:\\\/\\\/informelitoral.com.ar\\\/#\\\/schema\\\/logo\\\/image\\\/\"},\"sameAs\":[\"https:\\\/\\\/www.facebook.com\\\/informelitoral\\\/\",\"https:\\\/\\\/x.com\\\/InformeLitoral\",\"https:\\\/\\\/www.instagram.com\\\/informelitoral\\\/\",\"https:\\\/\\\/www.youtube.com\\\/channel\\\/UCua4Qvz8Icb6MYqhoq9xLXw\"]},{\"@type\":\"Person\",\"@id\":\"https:\\\/\\\/informelitoral.com.ar\\\/#\\\/schema\\\/person\\\/f05f9f461677119578717524b127d6d5\",\"name\":\"Sebastian\",\"image\":{\"@type\":\"ImageObject\",\"inLanguage\":\"es\",\"@id\":\"https:\\\/\\\/secure.gravatar.com\\\/avatar\\\/b71bf7481d447dfb9583c7f2798e7cc64de6efb9067b74633ed8c31059a3bd82?s=96&d=mm&r=g\",\"url\":\"https:\\\/\\\/secure.gravatar.com\\\/avatar\\\/b71bf7481d447dfb9583c7f2798e7cc64de6efb9067b74633ed8c31059a3bd82?s=96&d=mm&r=g\",\"contentUrl\":\"https:\\\/\\\/secure.gravatar.com\\\/avatar\\\/b71bf7481d447dfb9583c7f2798e7cc64de6efb9067b74633ed8c31059a3bd82?s=96&d=mm&r=g\",\"caption\":\"Sebastian\"},\"url\":\"https:\\\/\\\/informelitoral.com.ar\\\/author\\\/sebastian\\\/\"}]}<\/script>","yoast_head_json":{"title":"Bahillo encabez\u00f3 un encuentro del Consejo Federal Lechero - Informe Litoral","robots":{"index":"index","follow":"follow","max-snippet":"max-snippet:-1","max-image-preview":"max-image-preview:large","max-video-preview":"max-video-preview:-1"},"canonical":"https:\/\/informelitoral.com.ar\/bahillo-encabezo-un-encuentro-del-consejo-federal-lechero\/","og_locale":"es_ES","og_type":"article","og_title":"Bahillo encabez\u00f3 un encuentro del Consejo Federal Lechero - Informe Litoral","og_description":"El secretario de Agricultura encabez\u00f3 un nuevo encuentro del Consejo Federal Lechero. \u201cSoy un convencido de que las decisiones pol\u00edticas deben ser tomadas en base al di\u00e1logo y al consenso\", afirm\u00f3 el funcionario.","og_url":"https:\/\/informelitoral.com.ar\/bahillo-encabezo-un-encuentro-del-consejo-federal-lechero\/","og_site_name":"Informe Litoral","article_publisher":"https:\/\/www.facebook.com\/informelitoral\/","article_published_time":"2022-08-25T12:17:56+00:00","og_image":[{"width":800,"height":533,"url":"https:\/\/informelitoral.com.ar\/%77%70%2d%63%6f%6e%74%65%6e%74\/uploads\/2022\/08\/Bahillo.jpg","type":"image\/jpeg"}],"author":"Sebastian","twitter_card":"summary_large_image","twitter_creator":"@InformeLitoral","twitter_site":"@InformeLitoral","twitter_misc":{"Escrito por":"Sebastian","Tiempo de lectura":"2 minutos"},"schema":{"@context":"https:\/\/schema.org","@graph":[{"@type":"Article","@id":"https:\/\/informelitoral.com.ar\/bahillo-encabezo-un-encuentro-del-consejo-federal-lechero\/#article","isPartOf":{"@id":"https:\/\/informelitoral.com.ar\/bahillo-encabezo-un-encuentro-del-consejo-federal-lechero\/"},"author":{"name":"Sebastian","@id":"https:\/\/informelitoral.com.ar\/#\/schema\/person\/f05f9f461677119578717524b127d6d5"},"headline":"Bahillo encabez\u00f3 un encuentro del Consejo Federal Lechero","datePublished":"2022-08-25T12:17:56+00:00","mainEntityOfPage":{"@id":"https:\/\/informelitoral.com.ar\/bahillo-encabezo-un-encuentro-del-consejo-federal-lechero\/"},"wordCount":404,"commentCount":0,"publisher":{"@id":"https:\/\/informelitoral.com.ar\/#organization"},"image":{"@id":"https:\/\/informelitoral.com.ar\/bahillo-encabezo-un-encuentro-del-consejo-federal-lechero\/#primaryimage"},"thumbnailUrl":"https:\/\/informelitoral.com.ar\/%77%70%2d%63%6f%6e%74%65%6e%74\/uploads\/2022\/08\/Bahillo.jpg","keywords":["Juan Jos\u00e9 Bahillo"],"articleSection":["Econom\u00eda"],"inLanguage":"es","potentialAction":[{"@type":"CommentAction","name":"Comment","target":["https:\/\/informelitoral.com.ar\/bahillo-encabezo-un-encuentro-del-consejo-federal-lechero\/#respond"]}]},{"@type":"WebPage","@id":"https:\/\/informelitoral.com.ar\/bahillo-encabezo-un-encuentro-del-consejo-federal-lechero\/","url":"https:\/\/informelitoral.com.ar\/bahillo-encabezo-un-encuentro-del-consejo-federal-lechero\/","name":"Bahillo encabez\u00f3 un encuentro del Consejo Federal Lechero - Informe Litoral","isPartOf":{"@id":"https:\/\/informelitoral.com.ar\/#website"},"primaryImageOfPage":{"@id":"https:\/\/informelitoral.com.ar\/bahillo-encabezo-un-encuentro-del-consejo-federal-lechero\/#primaryimage"},"image":{"@id":"https:\/\/informelitoral.com.ar\/bahillo-encabezo-un-encuentro-del-consejo-federal-lechero\/#primaryimage"},"thumbnailUrl":"https:\/\/informelitoral.com.ar\/%77%70%2d%63%6f%6e%74%65%6e%74\/uploads\/2022\/08\/Bahillo.jpg","datePublished":"2022-08-25T12:17:56+00:00","breadcrumb":{"@id":"https:\/\/informelitoral.com.ar\/bahillo-encabezo-un-encuentro-del-consejo-federal-lechero\/#breadcrumb"},"inLanguage":"es","potentialAction":[{"@type":"ReadAction","target":["https:\/\/informelitoral.com.ar\/bahillo-encabezo-un-encuentro-del-consejo-federal-lechero\/"]}]},{"@type":"ImageObject","inLanguage":"es","@id":"https:\/\/informelitoral.com.ar\/bahillo-encabezo-un-encuentro-del-consejo-federal-lechero\/#primaryimage","url":"https:\/\/informelitoral.com.ar\/%77%70%2d%63%6f%6e%74%65%6e%74\/uploads\/2022\/08\/Bahillo.jpg","contentUrl":"https:\/\/informelitoral.com.ar\/%77%70%2d%63%6f%6e%74%65%6e%74\/uploads\/2022\/08\/Bahillo.jpg","width":800,"height":533},{"@type":"BreadcrumbList","@id":"https:\/\/informelitoral.com.ar\/bahillo-encabezo-un-encuentro-del-consejo-federal-lechero\/#breadcrumb","itemListElement":[{"@type":"ListItem","position":1,"name":"Portada","item":"https:\/\/informelitoral.com.ar\/"},{"@type":"ListItem","position":2,"name":"Bahillo encabez\u00f3 un encuentro del Consejo Federal Lechero"}]},{"@type":"WebSite","@id":"https:\/\/informelitoral.com.ar\/#website","url":"https:\/\/informelitoral.com.ar\/","name":"Informe Litoral","description":"&quot;Nos informamos&quot; ","publisher":{"@id":"https:\/\/informelitoral.com.ar\/#organization"},"potentialAction":[{"@type":"SearchAction","target":{"@type":"EntryPoint","urlTemplate":"https:\/\/informelitoral.com.ar\/?s={search_term_string}"},"query-input":{"@type":"PropertyValueSpecification","valueRequired":true,"valueName":"search_term_string"}}],"inLanguage":"es"},{"@type":"Organization","@id":"https:\/\/informelitoral.com.ar\/#organization","name":"Informe Litoral","url":"https:\/\/informelitoral.com.ar\/","logo":{"@type":"ImageObject","inLanguage":"es","@id":"https:\/\/informelitoral.com.ar\/#\/schema\/logo\/image\/","url":"https:\/\/informelitoral.com.ar\/%77%70%2d%63%6f%6e%74%65%6e%74\/uploads\/2021\/01\/circulo.png","contentUrl":"https:\/\/informelitoral.com.ar\/%77%70%2d%63%6f%6e%74%65%6e%74\/uploads\/2021\/01\/circulo.png","width":723,"height":731,"caption":"Informe Litoral"},"image":{"@id":"https:\/\/informelitoral.com.ar\/#\/schema\/logo\/image\/"},"sameAs":["https:\/\/www.facebook.com\/informelitoral\/","https:\/\/x.com\/InformeLitoral","https:\/\/www.instagram.com\/informelitoral\/","https:\/\/www.youtube.com\/channel\/UCua4Qvz8Icb6MYqhoq9xLXw"]},{"@type":"Person","@id":"https:\/\/informelitoral.com.ar\/#\/schema\/person\/f05f9f461677119578717524b127d6d5","name":"Sebastian","image":{"@type":"ImageObject","inLanguage":"es","@id":"https:\/\/secure.gravatar.com\/avatar\/b71bf7481d447dfb9583c7f2798e7cc64de6efb9067b74633ed8c31059a3bd82?s=96&d=mm&r=g","url":"https:\/\/secure.gravatar.com\/avatar\/b71bf7481d447dfb9583c7f2798e7cc64de6efb9067b74633ed8c31059a3bd82?s=96&d=mm&r=g","contentUrl":"https:\/\/secure.gravatar.com\/avatar\/b71bf7481d447dfb9583c7f2798e7cc64de6efb9067b74633ed8c31059a3bd82?s=96&d=mm&r=g","caption":"Sebastian"},"url":"https:\/\/informelitoral.com.ar\/author\/sebastian\/"}]}},"_links":{"self":[{"href":"https:\/\/informelitoral.com.ar\/%77%70%2d%6a%73%6f%6e\/wp\/v2\/posts\/84630","targetHints":{"allow":["GET"]}}],"collection":[{"href":"https:\/\/informelitoral.com.ar\/%77%70%2d%6a%73%6f%6e\/wp\/v2\/posts"}],"about":[{"href":"https:\/\/informelitoral.com.ar\/%77%70%2d%6a%73%6f%6e\/wp\/v2\/types\/post"}],"author":[{"embeddable":true,"href":"https:\/\/informelitoral.com.ar\/%77%70%2d%6a%73%6f%6e\/wp\/v2\/users\/8"}],"replies":[{"embeddable":true,"href":"https:\/\/informelitoral.com.ar\/%77%70%2d%6a%73%6f%6e\/wp\/v2\/comments?post=84630"}],"version-history":[{"count":0,"href":"https:\/\/informelitoral.com.ar\/%77%70%2d%6a%73%6f%6e\/wp\/v2\/posts\/84630\/revisions"}],"wp:featuredmedia":[{"embeddable":true,"href":"https:\/\/informelitoral.com.ar\/%77%70%2d%6a%73%6f%6e\/wp\/v2\/media\/84631"}],"wp:attachment":[{"href":"https:\/\/informelitoral.com.ar\/%77%70%2d%6a%73%6f%6e\/wp\/v2\/media?parent=84630"}],"wp:term":[{"taxonomy":"category","embeddable":true,"href":"https:\/\/informelitoral.com.ar\/%77%70%2d%6a%73%6f%6e\/wp\/v2\/categories?post=84630"},{"taxonomy":"post_tag","embeddable":true,"href":"https:\/\/informelitoral.com.ar\/%77%70%2d%6a%73%6f%6e\/wp\/v2\/tags?post=84630"}],"curies":[{"name":"wp","href":"https:\/\/api.w.org\/{rel}","templated":true}]}}