{"id":84626,"date":"2022-08-25T09:10:11","date_gmt":"2022-08-25T12:10:11","guid":{"rendered":"https:\/\/www.informelitoral.com.ar\/?p=84626"},"modified":"2022-08-25T09:10:11","modified_gmt":"2022-08-25T12:10:11","slug":"se-autorizo-el-llamado-a-licitacion-para-la-ampliacion-de-la-red-de-gas-natural-en-ramirez","status":"publish","type":"post","link":"https:\/\/informelitoral.com.ar\/se-autorizo-el-llamado-a-licitacion-para-la-ampliacion-de-la-red-de-gas-natural-en-ramirez\/","title":{"rendered":"Se autoriz\u00f3 el llamado a licitaci\u00f3n para la ampliaci\u00f3n de la red de gas natural en Ram\u00edrez"},"content":{"rendered":"<p>La Secretar\u00eda de Energ\u00eda public\u00f3 el llamado a licitaci\u00f3n p\u00fablica para la ampliaci\u00f3n de la red de gas natural en Ram\u00edrez, departamento Diamante. Cuenta con un presupuesto oficial de 37.998.199 para un tendido de 5.075 metros de ca\u00f1er\u00edas con un plazo de ejecuci\u00f3n de 90 d\u00edas corridos.<\/p>\n<p>\u201cLa obra es encarada con fondos \u00edntegramente provinciales y cuenta con un presupuesto oficial superior a los 37 millones de pesos. Gracias a una gesti\u00f3n de gobierno ordenada y previsible, hoy cumplimos con el compromiso tomado por el gobernador Gustavo Bordet, al dar un paso administrativo m\u00e1s, que nos deja m\u00e1s cerca de poder concretar el sue\u00f1o de llegar con mejor calidad de vida para las familias y competitividad para los emprendimientos, pero adem\u00e1s, generando mano de obra genuina en el proceso\u201d, destac\u00f3 la secretaria de Energ\u00eda, Silvina Guerra.<\/p>\n<p>La apertura est\u00e1 prevista para el jueves 15 de septiembre, a las 11, en la sede de la municipalidad de Ram\u00edrez, ubicada en Sarmiento 51 de la localidad.<\/p>\n<p>El intendente de Gral. Ram\u00edrez, Gustavo Vergara, al momento de firmar el convenio espec\u00edfico que le dio acci\u00f3n al proyecto de obra, manifest\u00f3 su agradecimiento al gobernador de la provincia por haber atendido este reclamo, como as\u00ed tambi\u00e9n al ministro de Planeamiento, Marcelo Richard. A su vez, expres\u00f3 su reconocimiento a la secretaria de Energ\u00eda: \u201cNos llam\u00f3 r\u00e1pidamente para celebrar este convenio y que nuestra ciudad goce de esta importante infraestructura\u201d.<\/p>\n","protected":false},"excerpt":{"rendered":"<p>Con una inversi\u00f3n que supera los 37 millones de pesos, el gobierno provincial llam\u00f3 a licitaci\u00f3n para la obra de ampliaci\u00f3n de la red de gas natural de General Ram\u00edrez. La apertura de sobres se realizar\u00e1 el jueves 15 de septiembre, en el edificio municipal.<\/p>\n","protected":false},"author":8,"featured_media":84627,"comment_status":"open","ping_status":"open","sticky":false,"template":"","format":"standard","meta":{"fifu_image_url":"","fifu_image_alt":"","footnotes":""},"categories":[5],"tags":[556,600],"class_list":{"0":"post-84626","1":"post","2":"type-post","3":"status-publish","4":"format-standard","5":"has-post-thumbnail","7":"category-zonales","8":"tag-general-ramirez","9":"tag-licitacion"},"yoast_head":"<title>Se autoriz\u00f3 el llamado a licitaci\u00f3n para la ampliaci\u00f3n de la red de gas natural en Ram\u00edrez - Informe Litoral<\/title>\n<meta name=\"robots\" content=\"index, follow, max-snippet:-1, max-image-preview:large, max-video-preview:-1\" \/>\n<link rel=\"canonical\" href=\"https:\/\/informelitoral.com.ar\/se-autorizo-el-llamado-a-licitacion-para-la-ampliacion-de-la-red-de-gas-natural-en-ramirez\/\" \/>\n<meta property=\"og:locale\" content=\"es_ES\" \/>\n<meta property=\"og:type\" content=\"article\" \/>\n<meta property=\"og:title\" content=\"Se autoriz\u00f3 el llamado a licitaci\u00f3n para la ampliaci\u00f3n de la red de gas natural en Ram\u00edrez - Informe Litoral\" \/>\n<meta property=\"og:description\" content=\"Con una inversi\u00f3n que supera los 37 millones de pesos, el gobierno provincial llam\u00f3 a licitaci\u00f3n para la obra de ampliaci\u00f3n de la red de gas natural de General Ram\u00edrez. La apertura de sobres se realizar\u00e1 el jueves 15 de septiembre, en el edificio municipal.\" \/>\n<meta property=\"og:url\" content=\"https:\/\/informelitoral.com.ar\/se-autorizo-el-llamado-a-licitacion-para-la-ampliacion-de-la-red-de-gas-natural-en-ramirez\/\" \/>\n<meta property=\"og:site_name\" content=\"Informe Litoral\" \/>\n<meta property=\"article:publisher\" content=\"https:\/\/www.facebook.com\/informelitoral\/\" \/>\n<meta property=\"article:published_time\" content=\"2022-08-25T12:10:11+00:00\" \/>\n<meta property=\"og:image\" content=\"https:\/\/informelitoral.com.ar\/%77%70%2d%63%6f%6e%74%65%6e%74\/uploads\/2022\/08\/p_1661428826.jpg\" \/>\n\t<meta property=\"og:image:width\" content=\"1920\" \/>\n\t<meta property=\"og:image:height\" content=\"800\" \/>\n\t<meta property=\"og:image:type\" content=\"image\/jpeg\" \/>\n<meta name=\"author\" content=\"Sebastian\" \/>\n<meta name=\"twitter:card\" content=\"summary_large_image\" \/>\n<meta name=\"twitter:creator\" content=\"@InformeLitoral\" \/>\n<meta name=\"twitter:site\" content=\"@InformeLitoral\" \/>\n<meta name=\"twitter:label1\" content=\"Escrito por\" \/>\n\t<meta name=\"twitter:data1\" content=\"Sebastian\" \/>\n\t<meta name=\"twitter:label2\" content=\"Tiempo de lectura\" \/>\n\t<meta name=\"twitter:data2\" content=\"1 minuto\" \/>\n<script type=\"application\/ld+json\" class=\"yoast-schema-graph\">{\"@context\":\"https:\\\/\\\/schema.org\",\"@graph\":[{\"@type\":\"Article\",\"@id\":\"https:\\\/\\\/informelitoral.com.ar\\\/se-autorizo-el-llamado-a-licitacion-para-la-ampliacion-de-la-red-de-gas-natural-en-ramirez\\\/#article\",\"isPartOf\":{\"@id\":\"https:\\\/\\\/informelitoral.com.ar\\\/se-autorizo-el-llamado-a-licitacion-para-la-ampliacion-de-la-red-de-gas-natural-en-ramirez\\\/\"},\"author\":{\"name\":\"Sebastian\",\"@id\":\"https:\\\/\\\/informelitoral.com.ar\\\/#\\\/schema\\\/person\\\/f05f9f461677119578717524b127d6d5\"},\"headline\":\"Se autoriz\u00f3 el llamado a licitaci\u00f3n para la ampliaci\u00f3n de la red de gas natural en Ram\u00edrez\",\"datePublished\":\"2022-08-25T12:10:11+00:00\",\"mainEntityOfPage\":{\"@id\":\"https:\\\/\\\/informelitoral.com.ar\\\/se-autorizo-el-llamado-a-licitacion-para-la-ampliacion-de-la-red-de-gas-natural-en-ramirez\\\/\"},\"wordCount\":271,\"commentCount\":0,\"publisher\":{\"@id\":\"https:\\\/\\\/informelitoral.com.ar\\\/#organization\"},\"image\":{\"@id\":\"https:\\\/\\\/informelitoral.com.ar\\\/se-autorizo-el-llamado-a-licitacion-para-la-ampliacion-de-la-red-de-gas-natural-en-ramirez\\\/#primaryimage\"},\"thumbnailUrl\":\"https:\\\/\\\/informelitoral.com.ar\\\/%77%70%2d%63%6f%6e%74%65%6e%74\\\/uploads\\\/2022\\\/08\\\/p_1661428826.jpg\",\"keywords\":[\"General Ram\u00edrez\",\"Licitaci\u00f3n\"],\"articleSection\":[\"Departamento Diamante\"],\"inLanguage\":\"es\",\"potentialAction\":[{\"@type\":\"CommentAction\",\"name\":\"Comment\",\"target\":[\"https:\\\/\\\/informelitoral.com.ar\\\/se-autorizo-el-llamado-a-licitacion-para-la-ampliacion-de-la-red-de-gas-natural-en-ramirez\\\/#respond\"]}]},{\"@type\":\"WebPage\",\"@id\":\"https:\\\/\\\/informelitoral.com.ar\\\/se-autorizo-el-llamado-a-licitacion-para-la-ampliacion-de-la-red-de-gas-natural-en-ramirez\\\/\",\"url\":\"https:\\\/\\\/informelitoral.com.ar\\\/se-autorizo-el-llamado-a-licitacion-para-la-ampliacion-de-la-red-de-gas-natural-en-ramirez\\\/\",\"name\":\"Se autoriz\u00f3 el llamado a licitaci\u00f3n para la ampliaci\u00f3n de la red de gas natural en Ram\u00edrez - Informe Litoral\",\"isPartOf\":{\"@id\":\"https:\\\/\\\/informelitoral.com.ar\\\/#website\"},\"primaryImageOfPage\":{\"@id\":\"https:\\\/\\\/informelitoral.com.ar\\\/se-autorizo-el-llamado-a-licitacion-para-la-ampliacion-de-la-red-de-gas-natural-en-ramirez\\\/#primaryimage\"},\"image\":{\"@id\":\"https:\\\/\\\/informelitoral.com.ar\\\/se-autorizo-el-llamado-a-licitacion-para-la-ampliacion-de-la-red-de-gas-natural-en-ramirez\\\/#primaryimage\"},\"thumbnailUrl\":\"https:\\\/\\\/informelitoral.com.ar\\\/%77%70%2d%63%6f%6e%74%65%6e%74\\\/uploads\\\/2022\\\/08\\\/p_1661428826.jpg\",\"datePublished\":\"2022-08-25T12:10:11+00:00\",\"breadcrumb\":{\"@id\":\"https:\\\/\\\/informelitoral.com.ar\\\/se-autorizo-el-llamado-a-licitacion-para-la-ampliacion-de-la-red-de-gas-natural-en-ramirez\\\/#breadcrumb\"},\"inLanguage\":\"es\",\"potentialAction\":[{\"@type\":\"ReadAction\",\"target\":[\"https:\\\/\\\/informelitoral.com.ar\\\/se-autorizo-el-llamado-a-licitacion-para-la-ampliacion-de-la-red-de-gas-natural-en-ramirez\\\/\"]}]},{\"@type\":\"ImageObject\",\"inLanguage\":\"es\",\"@id\":\"https:\\\/\\\/informelitoral.com.ar\\\/se-autorizo-el-llamado-a-licitacion-para-la-ampliacion-de-la-red-de-gas-natural-en-ramirez\\\/#primaryimage\",\"url\":\"https:\\\/\\\/informelitoral.com.ar\\\/%77%70%2d%63%6f%6e%74%65%6e%74\\\/uploads\\\/2022\\\/08\\\/p_1661428826.jpg\",\"contentUrl\":\"https:\\\/\\\/informelitoral.com.ar\\\/%77%70%2d%63%6f%6e%74%65%6e%74\\\/uploads\\\/2022\\\/08\\\/p_1661428826.jpg\",\"width\":1920,\"height\":800},{\"@type\":\"BreadcrumbList\",\"@id\":\"https:\\\/\\\/informelitoral.com.ar\\\/se-autorizo-el-llamado-a-licitacion-para-la-ampliacion-de-la-red-de-gas-natural-en-ramirez\\\/#breadcrumb\",\"itemListElement\":[{\"@type\":\"ListItem\",\"position\":1,\"name\":\"Portada\",\"item\":\"https:\\\/\\\/informelitoral.com.ar\\\/\"},{\"@type\":\"ListItem\",\"position\":2,\"name\":\"Se autoriz\u00f3 el llamado a licitaci\u00f3n para la ampliaci\u00f3n de la red de gas natural en Ram\u00edrez\"}]},{\"@type\":\"WebSite\",\"@id\":\"https:\\\/\\\/informelitoral.com.ar\\\/#website\",\"url\":\"https:\\\/\\\/informelitoral.com.ar\\\/\",\"name\":\"Informe Litoral\",\"description\":\"&quot;Nos informamos&quot; \",\"publisher\":{\"@id\":\"https:\\\/\\\/informelitoral.com.ar\\\/#organization\"},\"potentialAction\":[{\"@type\":\"SearchAction\",\"target\":{\"@type\":\"EntryPoint\",\"urlTemplate\":\"https:\\\/\\\/informelitoral.com.ar\\\/?s={search_term_string}\"},\"query-input\":{\"@type\":\"PropertyValueSpecification\",\"valueRequired\":true,\"valueName\":\"search_term_string\"}}],\"inLanguage\":\"es\"},{\"@type\":\"Organization\",\"@id\":\"https:\\\/\\\/informelitoral.com.ar\\\/#organization\",\"name\":\"Informe Litoral\",\"url\":\"https:\\\/\\\/informelitoral.com.ar\\\/\",\"logo\":{\"@type\":\"ImageObject\",\"inLanguage\":\"es\",\"@id\":\"https:\\\/\\\/informelitoral.com.ar\\\/#\\\/schema\\\/logo\\\/image\\\/\",\"url\":\"https:\\\/\\\/informelitoral.com.ar\\\/%77%70%2d%63%6f%6e%74%65%6e%74\\\/uploads\\\/2021\\\/01\\\/circulo.png\",\"contentUrl\":\"https:\\\/\\\/informelitoral.com.ar\\\/%77%70%2d%63%6f%6e%74%65%6e%74\\\/uploads\\\/2021\\\/01\\\/circulo.png\",\"width\":723,\"height\":731,\"caption\":\"Informe Litoral\"},\"image\":{\"@id\":\"https:\\\/\\\/informelitoral.com.ar\\\/#\\\/schema\\\/logo\\\/image\\\/\"},\"sameAs\":[\"https:\\\/\\\/www.facebook.com\\\/informelitoral\\\/\",\"https:\\\/\\\/x.com\\\/InformeLitoral\",\"https:\\\/\\\/www.instagram.com\\\/informelitoral\\\/\",\"https:\\\/\\\/www.youtube.com\\\/channel\\\/UCua4Qvz8Icb6MYqhoq9xLXw\"]},{\"@type\":\"Person\",\"@id\":\"https:\\\/\\\/informelitoral.com.ar\\\/#\\\/schema\\\/person\\\/f05f9f461677119578717524b127d6d5\",\"name\":\"Sebastian\",\"image\":{\"@type\":\"ImageObject\",\"inLanguage\":\"es\",\"@id\":\"https:\\\/\\\/secure.gravatar.com\\\/avatar\\\/b71bf7481d447dfb9583c7f2798e7cc64de6efb9067b74633ed8c31059a3bd82?s=96&d=mm&r=g\",\"url\":\"https:\\\/\\\/secure.gravatar.com\\\/avatar\\\/b71bf7481d447dfb9583c7f2798e7cc64de6efb9067b74633ed8c31059a3bd82?s=96&d=mm&r=g\",\"contentUrl\":\"https:\\\/\\\/secure.gravatar.com\\\/avatar\\\/b71bf7481d447dfb9583c7f2798e7cc64de6efb9067b74633ed8c31059a3bd82?s=96&d=mm&r=g\",\"caption\":\"Sebastian\"},\"url\":\"https:\\\/\\\/informelitoral.com.ar\\\/author\\\/sebastian\\\/\"}]}<\/script>","yoast_head_json":{"title":"Se autoriz\u00f3 el llamado a licitaci\u00f3n para la ampliaci\u00f3n de la red de gas natural en Ram\u00edrez - Informe Litoral","robots":{"index":"index","follow":"follow","max-snippet":"max-snippet:-1","max-image-preview":"max-image-preview:large","max-video-preview":"max-video-preview:-1"},"canonical":"https:\/\/informelitoral.com.ar\/se-autorizo-el-llamado-a-licitacion-para-la-ampliacion-de-la-red-de-gas-natural-en-ramirez\/","og_locale":"es_ES","og_type":"article","og_title":"Se autoriz\u00f3 el llamado a licitaci\u00f3n para la ampliaci\u00f3n de la red de gas natural en Ram\u00edrez - Informe Litoral","og_description":"Con una inversi\u00f3n que supera los 37 millones de pesos, el gobierno provincial llam\u00f3 a licitaci\u00f3n para la obra de ampliaci\u00f3n de la red de gas natural de General Ram\u00edrez. La apertura de sobres se realizar\u00e1 el jueves 15 de septiembre, en el edificio municipal.","og_url":"https:\/\/informelitoral.com.ar\/se-autorizo-el-llamado-a-licitacion-para-la-ampliacion-de-la-red-de-gas-natural-en-ramirez\/","og_site_name":"Informe Litoral","article_publisher":"https:\/\/www.facebook.com\/informelitoral\/","article_published_time":"2022-08-25T12:10:11+00:00","og_image":[{"width":1920,"height":800,"url":"https:\/\/informelitoral.com.ar\/%77%70%2d%63%6f%6e%74%65%6e%74\/uploads\/2022\/08\/p_1661428826.jpg","type":"image\/jpeg"}],"author":"Sebastian","twitter_card":"summary_large_image","twitter_creator":"@InformeLitoral","twitter_site":"@InformeLitoral","twitter_misc":{"Escrito por":"Sebastian","Tiempo de lectura":"1 minuto"},"schema":{"@context":"https:\/\/schema.org","@graph":[{"@type":"Article","@id":"https:\/\/informelitoral.com.ar\/se-autorizo-el-llamado-a-licitacion-para-la-ampliacion-de-la-red-de-gas-natural-en-ramirez\/#article","isPartOf":{"@id":"https:\/\/informelitoral.com.ar\/se-autorizo-el-llamado-a-licitacion-para-la-ampliacion-de-la-red-de-gas-natural-en-ramirez\/"},"author":{"name":"Sebastian","@id":"https:\/\/informelitoral.com.ar\/#\/schema\/person\/f05f9f461677119578717524b127d6d5"},"headline":"Se autoriz\u00f3 el llamado a licitaci\u00f3n para la ampliaci\u00f3n de la red de gas natural en Ram\u00edrez","datePublished":"2022-08-25T12:10:11+00:00","mainEntityOfPage":{"@id":"https:\/\/informelitoral.com.ar\/se-autorizo-el-llamado-a-licitacion-para-la-ampliacion-de-la-red-de-gas-natural-en-ramirez\/"},"wordCount":271,"commentCount":0,"publisher":{"@id":"https:\/\/informelitoral.com.ar\/#organization"},"image":{"@id":"https:\/\/informelitoral.com.ar\/se-autorizo-el-llamado-a-licitacion-para-la-ampliacion-de-la-red-de-gas-natural-en-ramirez\/#primaryimage"},"thumbnailUrl":"https:\/\/informelitoral.com.ar\/%77%70%2d%63%6f%6e%74%65%6e%74\/uploads\/2022\/08\/p_1661428826.jpg","keywords":["General Ram\u00edrez","Licitaci\u00f3n"],"articleSection":["Departamento Diamante"],"inLanguage":"es","potentialAction":[{"@type":"CommentAction","name":"Comment","target":["https:\/\/informelitoral.com.ar\/se-autorizo-el-llamado-a-licitacion-para-la-ampliacion-de-la-red-de-gas-natural-en-ramirez\/#respond"]}]},{"@type":"WebPage","@id":"https:\/\/informelitoral.com.ar\/se-autorizo-el-llamado-a-licitacion-para-la-ampliacion-de-la-red-de-gas-natural-en-ramirez\/","url":"https:\/\/informelitoral.com.ar\/se-autorizo-el-llamado-a-licitacion-para-la-ampliacion-de-la-red-de-gas-natural-en-ramirez\/","name":"Se autoriz\u00f3 el llamado a licitaci\u00f3n para la ampliaci\u00f3n de la red de gas natural en Ram\u00edrez - Informe Litoral","isPartOf":{"@id":"https:\/\/informelitoral.com.ar\/#website"},"primaryImageOfPage":{"@id":"https:\/\/informelitoral.com.ar\/se-autorizo-el-llamado-a-licitacion-para-la-ampliacion-de-la-red-de-gas-natural-en-ramirez\/#primaryimage"},"image":{"@id":"https:\/\/informelitoral.com.ar\/se-autorizo-el-llamado-a-licitacion-para-la-ampliacion-de-la-red-de-gas-natural-en-ramirez\/#primaryimage"},"thumbnailUrl":"https:\/\/informelitoral.com.ar\/%77%70%2d%63%6f%6e%74%65%6e%74\/uploads\/2022\/08\/p_1661428826.jpg","datePublished":"2022-08-25T12:10:11+00:00","breadcrumb":{"@id":"https:\/\/informelitoral.com.ar\/se-autorizo-el-llamado-a-licitacion-para-la-ampliacion-de-la-red-de-gas-natural-en-ramirez\/#breadcrumb"},"inLanguage":"es","potentialAction":[{"@type":"ReadAction","target":["https:\/\/informelitoral.com.ar\/se-autorizo-el-llamado-a-licitacion-para-la-ampliacion-de-la-red-de-gas-natural-en-ramirez\/"]}]},{"@type":"ImageObject","inLanguage":"es","@id":"https:\/\/informelitoral.com.ar\/se-autorizo-el-llamado-a-licitacion-para-la-ampliacion-de-la-red-de-gas-natural-en-ramirez\/#primaryimage","url":"https:\/\/informelitoral.com.ar\/%77%70%2d%63%6f%6e%74%65%6e%74\/uploads\/2022\/08\/p_1661428826.jpg","contentUrl":"https:\/\/informelitoral.com.ar\/%77%70%2d%63%6f%6e%74%65%6e%74\/uploads\/2022\/08\/p_1661428826.jpg","width":1920,"height":800},{"@type":"BreadcrumbList","@id":"https:\/\/informelitoral.com.ar\/se-autorizo-el-llamado-a-licitacion-para-la-ampliacion-de-la-red-de-gas-natural-en-ramirez\/#breadcrumb","itemListElement":[{"@type":"ListItem","position":1,"name":"Portada","item":"https:\/\/informelitoral.com.ar\/"},{"@type":"ListItem","position":2,"name":"Se autoriz\u00f3 el llamado a licitaci\u00f3n para la ampliaci\u00f3n de la red de gas natural en Ram\u00edrez"}]},{"@type":"WebSite","@id":"https:\/\/informelitoral.com.ar\/#website","url":"https:\/\/informelitoral.com.ar\/","name":"Informe Litoral","description":"&quot;Nos informamos&quot; ","publisher":{"@id":"https:\/\/informelitoral.com.ar\/#organization"},"potentialAction":[{"@type":"SearchAction","target":{"@type":"EntryPoint","urlTemplate":"https:\/\/informelitoral.com.ar\/?s={search_term_string}"},"query-input":{"@type":"PropertyValueSpecification","valueRequired":true,"valueName":"search_term_string"}}],"inLanguage":"es"},{"@type":"Organization","@id":"https:\/\/informelitoral.com.ar\/#organization","name":"Informe Litoral","url":"https:\/\/informelitoral.com.ar\/","logo":{"@type":"ImageObject","inLanguage":"es","@id":"https:\/\/informelitoral.com.ar\/#\/schema\/logo\/image\/","url":"https:\/\/informelitoral.com.ar\/%77%70%2d%63%6f%6e%74%65%6e%74\/uploads\/2021\/01\/circulo.png","contentUrl":"https:\/\/informelitoral.com.ar\/%77%70%2d%63%6f%6e%74%65%6e%74\/uploads\/2021\/01\/circulo.png","width":723,"height":731,"caption":"Informe Litoral"},"image":{"@id":"https:\/\/informelitoral.com.ar\/#\/schema\/logo\/image\/"},"sameAs":["https:\/\/www.facebook.com\/informelitoral\/","https:\/\/x.com\/InformeLitoral","https:\/\/www.instagram.com\/informelitoral\/","https:\/\/www.youtube.com\/channel\/UCua4Qvz8Icb6MYqhoq9xLXw"]},{"@type":"Person","@id":"https:\/\/informelitoral.com.ar\/#\/schema\/person\/f05f9f461677119578717524b127d6d5","name":"Sebastian","image":{"@type":"ImageObject","inLanguage":"es","@id":"https:\/\/secure.gravatar.com\/avatar\/b71bf7481d447dfb9583c7f2798e7cc64de6efb9067b74633ed8c31059a3bd82?s=96&d=mm&r=g","url":"https:\/\/secure.gravatar.com\/avatar\/b71bf7481d447dfb9583c7f2798e7cc64de6efb9067b74633ed8c31059a3bd82?s=96&d=mm&r=g","contentUrl":"https:\/\/secure.gravatar.com\/avatar\/b71bf7481d447dfb9583c7f2798e7cc64de6efb9067b74633ed8c31059a3bd82?s=96&d=mm&r=g","caption":"Sebastian"},"url":"https:\/\/informelitoral.com.ar\/author\/sebastian\/"}]}},"_links":{"self":[{"href":"https:\/\/informelitoral.com.ar\/%77%70%2d%6a%73%6f%6e\/wp\/v2\/posts\/84626","targetHints":{"allow":["GET"]}}],"collection":[{"href":"https:\/\/informelitoral.com.ar\/%77%70%2d%6a%73%6f%6e\/wp\/v2\/posts"}],"about":[{"href":"https:\/\/informelitoral.com.ar\/%77%70%2d%6a%73%6f%6e\/wp\/v2\/types\/post"}],"author":[{"embeddable":true,"href":"https:\/\/informelitoral.com.ar\/%77%70%2d%6a%73%6f%6e\/wp\/v2\/users\/8"}],"replies":[{"embeddable":true,"href":"https:\/\/informelitoral.com.ar\/%77%70%2d%6a%73%6f%6e\/wp\/v2\/comments?post=84626"}],"version-history":[{"count":0,"href":"https:\/\/informelitoral.com.ar\/%77%70%2d%6a%73%6f%6e\/wp\/v2\/posts\/84626\/revisions"}],"wp:featuredmedia":[{"embeddable":true,"href":"https:\/\/informelitoral.com.ar\/%77%70%2d%6a%73%6f%6e\/wp\/v2\/media\/84627"}],"wp:attachment":[{"href":"https:\/\/informelitoral.com.ar\/%77%70%2d%6a%73%6f%6e\/wp\/v2\/media?parent=84626"}],"wp:term":[{"taxonomy":"category","embeddable":true,"href":"https:\/\/informelitoral.com.ar\/%77%70%2d%6a%73%6f%6e\/wp\/v2\/categories?post=84626"},{"taxonomy":"post_tag","embeddable":true,"href":"https:\/\/informelitoral.com.ar\/%77%70%2d%6a%73%6f%6e\/wp\/v2\/tags?post=84626"}],"curies":[{"name":"wp","href":"https:\/\/api.w.org\/{rel}","templated":true}]}}