{"id":84620,"date":"2022-08-25T07:50:04","date_gmt":"2022-08-25T10:50:04","guid":{"rendered":"https:\/\/www.informelitoral.com.ar\/?p=84620"},"modified":"2022-08-25T08:45:59","modified_gmt":"2022-08-25T11:45:59","slug":"oficializaron-el-bono-para-jubilados-de-cuanto-sera-segun-el-haber-que-perciben","status":"publish","type":"post","link":"https:\/\/informelitoral.com.ar\/oficializaron-el-bono-para-jubilados-de-cuanto-sera-segun-el-haber-que-perciben\/","title":{"rendered":"Oficializaron el bono para jubilados: de cu\u00e1nto ser\u00e1 seg\u00fan el haber que perciben"},"content":{"rendered":"<p>El Gobierno oficializ\u00f3, con la publicaci\u00f3n del decreto 532 en el Bolet\u00edn Oficial, el pago de un bono o \u201crefuerzo de ingreso\u201d de hasta $7000 y por un plazo de tres meses, para los jubilados y pensionados que cobren hasta un monto equivalente a dos veces el haber m\u00ednimo.<\/p>\n<p>Adem\u00e1s, la Anses estableci\u00f3, mediante la resoluci\u00f3n 201 que, por\u00a0<b>el reajuste de 15,53% determinado para la totalidad de las jubilaciones y pensiones por la f\u00f3rmula de movilidad<\/b>, a partir de septiembre y hasta noviembre el haber m\u00ednimo ser\u00e1 de $43.352,59 y el m\u00e1ximo, de $291.721,85, ambas cifras en bruto.<\/p>\n<p>El mencionado decreto dispone que el refuerzo\u00a0<b>se liquidar\u00e1 \u201cpor titular\u201d y no por beneficio<\/b>\u00a0(eso se aclara porque una misma persona puede tener dos prestaciones y, en tal caso, la suma de los montos definir\u00e1 si cobra y, en todo caso, qu\u00e9 cifra cobra) y establece que, adem\u00e1s de los beneficiarios del sistema contributivo que perciben hasta cierto monto, alcanzar\u00e1 a quienes cobran la Pensi\u00f3n Universal para el Adulto Mayor (PUAM) y las prestaciones no contributivas por vejez, por invalidez, por ser madre de siete o m\u00e1s hijos y otras cuyo pago est\u00e9 a cargo de la Anses.<\/p>\n<p><b>Los refuerzos se abonar\u00e1n durante los meses de septiembre, octubre y noviembre<\/b>. No tendr\u00e1n descuentos ni se incorporar\u00e1n los haberes (con lo cual, no se tendr\u00e1n en cuenta para aplicar el porcentaje de movilidad de diciembre).<\/p>\n<p><b>Los importes ser\u00e1n los siguientes, para cada grupo de personas alcanzadas:<\/b><\/p>\n<p><b>Quienes cobren hasta $43.352,59 (esa cifra ser\u00e1, desde septiembre, el equivalente al haber m\u00ednimo, que hasta el actual mes de agosto es de $37.524,96) recibir\u00e1n $7000 adicionales en cada uno de los tres meses ya mencionados<\/b>. Esto incluye prestaciones que est\u00e1n por fuera del sistema contributivo, como la PUAM. Para determinar si se llega al umbral se considera todo lo que cobra del sistema previsional la persona; por eso, si alguien tiene jubilaci\u00f3n y pensi\u00f3n ya exceder\u00e1 el l\u00edmite y no estar\u00e1 dentro de este grupo.<\/p>\n<p><b>Las personas que tengan a partir de septiembre un haber bruto de entre $43.352,59 y $46.352,59<\/b>\u00a0(son quienes en este mes de agosto perciben entre $37.524,96 y $40.121,69),\u00a0<b>recibir\u00e1n la cantidad de pesos que haga falta para llegar a la suma de $50.352,59<\/b>. Por ejemplo, un jubilado con un ingreso de $44.500 tendr\u00e1 un refuerzo de $5852,59 y otro con un haber de $46.000 percibir\u00e1 $4352,59, siempre durante tres meses.<\/p>\n<p><b>Los jubilados y pensionados con un ingreso mensual superior a $46.352,59, pero inferior a $86.705,18<\/b>\u00a0(es el equivalente a dos veces el haber m\u00ednimo, considerando ya el reajuste de 15,53% que se aplicar\u00e1 el mes pr\u00f3ximo)\u00a0<b>tendr\u00e1n un extra mensual de $4000<\/b>.<\/p>\n<p><b>Quienes tengan a partir de septiembre un ingreso ubicado entre los $86.705,18 y los $90.705,18, recibir\u00e1n un bono de tal cuant\u00eda que se llegue a la segunda de esas cifras<\/b>. Por ejemplo, con un ingreso de $87.500 se percibir\u00e1 un extra de $3205,18. Y con un haber de $90.000 la cifra ser\u00e1 de $705,18, detalla La Naci\u00f3n.<\/p>\n<p>En el decreto publicado este jueves en el Bolet\u00edn Oficial, que lleva las firmas de Alberto Fern\u00e1ndez, el jefe de Gabinete Juan Manzur y el titular de la cartera de Trabajo, Claudio Moroni, el Poder Ejecutivo relat\u00f3 que al finalizar el 2021 todas las jubilaciones y pensiones \u201cquedaron 1,1% por encima de la inflaci\u00f3n de ese a\u00f1o\u201d, sin embargo, \u201cdurante el corriente a\u00f1o 2022, producto de diversos factores, en particular el impacto del conflicto internacional por la invasi\u00f3n de Rusia a Ucrania, nuestro pa\u00eds ha sufrido una importante alza del \u00edndice de precios, con especial incidencia en bienes de primera necesidad\u201d.<\/p>\n<p>\u201cEl aceleramiento de precios referido tiene una mayor afectaci\u00f3n en las personas de menores ingresos, para quienes es necesario generar herramientas de mayor acompa\u00f1amiento hasta tanto se estabilicen las variables macroecon\u00f3micas\u201d, fundament\u00f3 el Gobierno.<\/p>\n<p>\u201cEl refuerzo de ingreso previsional que se otorga por el presente decreto no ser\u00e1 susceptible de descuento alguno ni computable para ning\u00fan otro concepto\u201d, se aclar\u00f3.<\/p>\n<p><b>Los valores de las prestaciones<\/b><br \/>\nPor otra parte, el gobierno estableci\u00f3 que el haber m\u00ednimo garantizado vigente a partir del mes de septiembre de 2022ser\u00e1 de $ 43.352,59 y el m\u00e1ximo ascender\u00e1 a $ 291.721,85.<\/p>\n<p>La Prestaci\u00f3n B\u00e1sica Universal (PBU) ser\u00e1 desde el mes venidero de 19.831,83 pesos y la Pensi\u00f3n Universal para el Adulto Mayor (PUAM) de 34.682,07 pesos.<\/p>\n","protected":false},"excerpt":{"rendered":"<p>El Gobierno confirm\u00f3 el \u201crefuerzo de ingreso provisional\u201d por un monto m\u00e1ximo $7.000, que se abonar\u00e1 en septiembre, octubre y noviembre. El detalle de cu\u00e1l ser\u00e1 la cifra seg\u00fan el haber del beneficiario.<\/p>\n","protected":false},"author":8,"featured_media":24481,"comment_status":"open","ping_status":"open","sticky":false,"template":"","format":"standard","meta":{"fifu_image_url":"","fifu_image_alt":"","footnotes":""},"categories":[1594],"tags":[269,102],"class_list":{"0":"post-84620","1":"post","2":"type-post","3":"status-publish","4":"format-standard","5":"has-post-thumbnail","7":"category-economia","8":"tag-anses","9":"tag-jubilados"},"yoast_head":"<title>Oficializaron el bono para jubilados: de cu\u00e1nto ser\u00e1 seg\u00fan el haber que perciben - Informe Litoral<\/title>\n<meta name=\"robots\" content=\"index, follow, max-snippet:-1, max-image-preview:large, max-video-preview:-1\" \/>\n<link rel=\"canonical\" href=\"https:\/\/informelitoral.com.ar\/oficializaron-el-bono-para-jubilados-de-cuanto-sera-segun-el-haber-que-perciben\/\" \/>\n<meta property=\"og:locale\" content=\"es_ES\" \/>\n<meta property=\"og:type\" content=\"article\" \/>\n<meta property=\"og:title\" content=\"Oficializaron el bono para jubilados: de cu\u00e1nto ser\u00e1 seg\u00fan el haber que perciben - Informe Litoral\" \/>\n<meta property=\"og:description\" content=\"El Gobierno confirm\u00f3 el \u201crefuerzo de ingreso provisional\u201d por un monto m\u00e1ximo $7.000, que se abonar\u00e1 en septiembre, octubre y noviembre. El detalle de cu\u00e1l ser\u00e1 la cifra seg\u00fan el haber del beneficiario.\" \/>\n<meta property=\"og:url\" content=\"https:\/\/informelitoral.com.ar\/oficializaron-el-bono-para-jubilados-de-cuanto-sera-segun-el-haber-que-perciben\/\" \/>\n<meta property=\"og:site_name\" content=\"Informe Litoral\" \/>\n<meta property=\"article:publisher\" content=\"https:\/\/www.facebook.com\/informelitoral\/\" \/>\n<meta property=\"article:published_time\" content=\"2022-08-25T10:50:04+00:00\" \/>\n<meta property=\"article:modified_time\" content=\"2022-08-25T11:45:59+00:00\" \/>\n<meta property=\"og:image\" content=\"https:\/\/informelitoral.com.ar\/%77%70%2d%63%6f%6e%74%65%6e%74\/uploads\/2018\/01\/anses_39_0_0.jpg\" \/>\n\t<meta property=\"og:image:width\" content=\"1020\" \/>\n\t<meta property=\"og:image:height\" content=\"560\" \/>\n\t<meta property=\"og:image:type\" content=\"image\/jpeg\" \/>\n<meta name=\"author\" content=\"Sebastian\" \/>\n<meta name=\"twitter:card\" content=\"summary_large_image\" \/>\n<meta name=\"twitter:creator\" content=\"@InformeLitoral\" \/>\n<meta name=\"twitter:site\" content=\"@InformeLitoral\" \/>\n<meta name=\"twitter:label1\" content=\"Escrito por\" \/>\n\t<meta name=\"twitter:data1\" content=\"Sebastian\" \/>\n\t<meta name=\"twitter:label2\" content=\"Tiempo de lectura\" \/>\n\t<meta name=\"twitter:data2\" content=\"4 minutos\" \/>\n<script type=\"application\/ld+json\" class=\"yoast-schema-graph\">{\"@context\":\"https:\\\/\\\/schema.org\",\"@graph\":[{\"@type\":\"Article\",\"@id\":\"https:\\\/\\\/informelitoral.com.ar\\\/oficializaron-el-bono-para-jubilados-de-cuanto-sera-segun-el-haber-que-perciben\\\/#article\",\"isPartOf\":{\"@id\":\"https:\\\/\\\/informelitoral.com.ar\\\/oficializaron-el-bono-para-jubilados-de-cuanto-sera-segun-el-haber-que-perciben\\\/\"},\"author\":{\"name\":\"Sebastian\",\"@id\":\"https:\\\/\\\/informelitoral.com.ar\\\/#\\\/schema\\\/person\\\/f05f9f461677119578717524b127d6d5\"},\"headline\":\"Oficializaron el bono para jubilados: de cu\u00e1nto ser\u00e1 seg\u00fan el haber que perciben\",\"datePublished\":\"2022-08-25T10:50:04+00:00\",\"dateModified\":\"2022-08-25T11:45:59+00:00\",\"mainEntityOfPage\":{\"@id\":\"https:\\\/\\\/informelitoral.com.ar\\\/oficializaron-el-bono-para-jubilados-de-cuanto-sera-segun-el-haber-que-perciben\\\/\"},\"wordCount\":744,\"commentCount\":0,\"publisher\":{\"@id\":\"https:\\\/\\\/informelitoral.com.ar\\\/#organization\"},\"image\":{\"@id\":\"https:\\\/\\\/informelitoral.com.ar\\\/oficializaron-el-bono-para-jubilados-de-cuanto-sera-segun-el-haber-que-perciben\\\/#primaryimage\"},\"thumbnailUrl\":\"https:\\\/\\\/informelitoral.com.ar\\\/%77%70%2d%63%6f%6e%74%65%6e%74\\\/uploads\\\/2018\\\/01\\\/anses_39_0_0.jpg\",\"keywords\":[\"Anses\",\"Jubilados\"],\"articleSection\":[\"Econom\u00eda\"],\"inLanguage\":\"es\",\"potentialAction\":[{\"@type\":\"CommentAction\",\"name\":\"Comment\",\"target\":[\"https:\\\/\\\/informelitoral.com.ar\\\/oficializaron-el-bono-para-jubilados-de-cuanto-sera-segun-el-haber-que-perciben\\\/#respond\"]}]},{\"@type\":\"WebPage\",\"@id\":\"https:\\\/\\\/informelitoral.com.ar\\\/oficializaron-el-bono-para-jubilados-de-cuanto-sera-segun-el-haber-que-perciben\\\/\",\"url\":\"https:\\\/\\\/informelitoral.com.ar\\\/oficializaron-el-bono-para-jubilados-de-cuanto-sera-segun-el-haber-que-perciben\\\/\",\"name\":\"Oficializaron el bono para jubilados: de cu\u00e1nto ser\u00e1 seg\u00fan el haber que perciben - Informe Litoral\",\"isPartOf\":{\"@id\":\"https:\\\/\\\/informelitoral.com.ar\\\/#website\"},\"primaryImageOfPage\":{\"@id\":\"https:\\\/\\\/informelitoral.com.ar\\\/oficializaron-el-bono-para-jubilados-de-cuanto-sera-segun-el-haber-que-perciben\\\/#primaryimage\"},\"image\":{\"@id\":\"https:\\\/\\\/informelitoral.com.ar\\\/oficializaron-el-bono-para-jubilados-de-cuanto-sera-segun-el-haber-que-perciben\\\/#primaryimage\"},\"thumbnailUrl\":\"https:\\\/\\\/informelitoral.com.ar\\\/%77%70%2d%63%6f%6e%74%65%6e%74\\\/uploads\\\/2018\\\/01\\\/anses_39_0_0.jpg\",\"datePublished\":\"2022-08-25T10:50:04+00:00\",\"dateModified\":\"2022-08-25T11:45:59+00:00\",\"breadcrumb\":{\"@id\":\"https:\\\/\\\/informelitoral.com.ar\\\/oficializaron-el-bono-para-jubilados-de-cuanto-sera-segun-el-haber-que-perciben\\\/#breadcrumb\"},\"inLanguage\":\"es\",\"potentialAction\":[{\"@type\":\"ReadAction\",\"target\":[\"https:\\\/\\\/informelitoral.com.ar\\\/oficializaron-el-bono-para-jubilados-de-cuanto-sera-segun-el-haber-que-perciben\\\/\"]}]},{\"@type\":\"ImageObject\",\"inLanguage\":\"es\",\"@id\":\"https:\\\/\\\/informelitoral.com.ar\\\/oficializaron-el-bono-para-jubilados-de-cuanto-sera-segun-el-haber-que-perciben\\\/#primaryimage\",\"url\":\"https:\\\/\\\/informelitoral.com.ar\\\/%77%70%2d%63%6f%6e%74%65%6e%74\\\/uploads\\\/2018\\\/01\\\/anses_39_0_0.jpg\",\"contentUrl\":\"https:\\\/\\\/informelitoral.com.ar\\\/%77%70%2d%63%6f%6e%74%65%6e%74\\\/uploads\\\/2018\\\/01\\\/anses_39_0_0.jpg\",\"width\":1020,\"height\":560},{\"@type\":\"BreadcrumbList\",\"@id\":\"https:\\\/\\\/informelitoral.com.ar\\\/oficializaron-el-bono-para-jubilados-de-cuanto-sera-segun-el-haber-que-perciben\\\/#breadcrumb\",\"itemListElement\":[{\"@type\":\"ListItem\",\"position\":1,\"name\":\"Portada\",\"item\":\"https:\\\/\\\/informelitoral.com.ar\\\/\"},{\"@type\":\"ListItem\",\"position\":2,\"name\":\"Oficializaron el bono para jubilados: de cu\u00e1nto ser\u00e1 seg\u00fan el haber que perciben\"}]},{\"@type\":\"WebSite\",\"@id\":\"https:\\\/\\\/informelitoral.com.ar\\\/#website\",\"url\":\"https:\\\/\\\/informelitoral.com.ar\\\/\",\"name\":\"Informe Litoral\",\"description\":\"&quot;Nos informamos&quot; \",\"publisher\":{\"@id\":\"https:\\\/\\\/informelitoral.com.ar\\\/#organization\"},\"potentialAction\":[{\"@type\":\"SearchAction\",\"target\":{\"@type\":\"EntryPoint\",\"urlTemplate\":\"https:\\\/\\\/informelitoral.com.ar\\\/?s={search_term_string}\"},\"query-input\":{\"@type\":\"PropertyValueSpecification\",\"valueRequired\":true,\"valueName\":\"search_term_string\"}}],\"inLanguage\":\"es\"},{\"@type\":\"Organization\",\"@id\":\"https:\\\/\\\/informelitoral.com.ar\\\/#organization\",\"name\":\"Informe Litoral\",\"url\":\"https:\\\/\\\/informelitoral.com.ar\\\/\",\"logo\":{\"@type\":\"ImageObject\",\"inLanguage\":\"es\",\"@id\":\"https:\\\/\\\/informelitoral.com.ar\\\/#\\\/schema\\\/logo\\\/image\\\/\",\"url\":\"https:\\\/\\\/informelitoral.com.ar\\\/%77%70%2d%63%6f%6e%74%65%6e%74\\\/uploads\\\/2021\\\/01\\\/circulo.png\",\"contentUrl\":\"https:\\\/\\\/informelitoral.com.ar\\\/%77%70%2d%63%6f%6e%74%65%6e%74\\\/uploads\\\/2021\\\/01\\\/circulo.png\",\"width\":723,\"height\":731,\"caption\":\"Informe Litoral\"},\"image\":{\"@id\":\"https:\\\/\\\/informelitoral.com.ar\\\/#\\\/schema\\\/logo\\\/image\\\/\"},\"sameAs\":[\"https:\\\/\\\/www.facebook.com\\\/informelitoral\\\/\",\"https:\\\/\\\/x.com\\\/InformeLitoral\",\"https:\\\/\\\/www.instagram.com\\\/informelitoral\\\/\",\"https:\\\/\\\/www.youtube.com\\\/channel\\\/UCua4Qvz8Icb6MYqhoq9xLXw\"]},{\"@type\":\"Person\",\"@id\":\"https:\\\/\\\/informelitoral.com.ar\\\/#\\\/schema\\\/person\\\/f05f9f461677119578717524b127d6d5\",\"name\":\"Sebastian\",\"image\":{\"@type\":\"ImageObject\",\"inLanguage\":\"es\",\"@id\":\"https:\\\/\\\/secure.gravatar.com\\\/avatar\\\/b71bf7481d447dfb9583c7f2798e7cc64de6efb9067b74633ed8c31059a3bd82?s=96&d=mm&r=g\",\"url\":\"https:\\\/\\\/secure.gravatar.com\\\/avatar\\\/b71bf7481d447dfb9583c7f2798e7cc64de6efb9067b74633ed8c31059a3bd82?s=96&d=mm&r=g\",\"contentUrl\":\"https:\\\/\\\/secure.gravatar.com\\\/avatar\\\/b71bf7481d447dfb9583c7f2798e7cc64de6efb9067b74633ed8c31059a3bd82?s=96&d=mm&r=g\",\"caption\":\"Sebastian\"},\"url\":\"https:\\\/\\\/informelitoral.com.ar\\\/author\\\/sebastian\\\/\"}]}<\/script>","yoast_head_json":{"title":"Oficializaron el bono para jubilados: de cu\u00e1nto ser\u00e1 seg\u00fan el haber que perciben - Informe Litoral","robots":{"index":"index","follow":"follow","max-snippet":"max-snippet:-1","max-image-preview":"max-image-preview:large","max-video-preview":"max-video-preview:-1"},"canonical":"https:\/\/informelitoral.com.ar\/oficializaron-el-bono-para-jubilados-de-cuanto-sera-segun-el-haber-que-perciben\/","og_locale":"es_ES","og_type":"article","og_title":"Oficializaron el bono para jubilados: de cu\u00e1nto ser\u00e1 seg\u00fan el haber que perciben - Informe Litoral","og_description":"El Gobierno confirm\u00f3 el \u201crefuerzo de ingreso provisional\u201d por un monto m\u00e1ximo $7.000, que se abonar\u00e1 en septiembre, octubre y noviembre. El detalle de cu\u00e1l ser\u00e1 la cifra seg\u00fan el haber del beneficiario.","og_url":"https:\/\/informelitoral.com.ar\/oficializaron-el-bono-para-jubilados-de-cuanto-sera-segun-el-haber-que-perciben\/","og_site_name":"Informe Litoral","article_publisher":"https:\/\/www.facebook.com\/informelitoral\/","article_published_time":"2022-08-25T10:50:04+00:00","article_modified_time":"2022-08-25T11:45:59+00:00","og_image":[{"width":1020,"height":560,"url":"https:\/\/informelitoral.com.ar\/%77%70%2d%63%6f%6e%74%65%6e%74\/uploads\/2018\/01\/anses_39_0_0.jpg","type":"image\/jpeg"}],"author":"Sebastian","twitter_card":"summary_large_image","twitter_creator":"@InformeLitoral","twitter_site":"@InformeLitoral","twitter_misc":{"Escrito por":"Sebastian","Tiempo de lectura":"4 minutos"},"schema":{"@context":"https:\/\/schema.org","@graph":[{"@type":"Article","@id":"https:\/\/informelitoral.com.ar\/oficializaron-el-bono-para-jubilados-de-cuanto-sera-segun-el-haber-que-perciben\/#article","isPartOf":{"@id":"https:\/\/informelitoral.com.ar\/oficializaron-el-bono-para-jubilados-de-cuanto-sera-segun-el-haber-que-perciben\/"},"author":{"name":"Sebastian","@id":"https:\/\/informelitoral.com.ar\/#\/schema\/person\/f05f9f461677119578717524b127d6d5"},"headline":"Oficializaron el bono para jubilados: de cu\u00e1nto ser\u00e1 seg\u00fan el haber que perciben","datePublished":"2022-08-25T10:50:04+00:00","dateModified":"2022-08-25T11:45:59+00:00","mainEntityOfPage":{"@id":"https:\/\/informelitoral.com.ar\/oficializaron-el-bono-para-jubilados-de-cuanto-sera-segun-el-haber-que-perciben\/"},"wordCount":744,"commentCount":0,"publisher":{"@id":"https:\/\/informelitoral.com.ar\/#organization"},"image":{"@id":"https:\/\/informelitoral.com.ar\/oficializaron-el-bono-para-jubilados-de-cuanto-sera-segun-el-haber-que-perciben\/#primaryimage"},"thumbnailUrl":"https:\/\/informelitoral.com.ar\/%77%70%2d%63%6f%6e%74%65%6e%74\/uploads\/2018\/01\/anses_39_0_0.jpg","keywords":["Anses","Jubilados"],"articleSection":["Econom\u00eda"],"inLanguage":"es","potentialAction":[{"@type":"CommentAction","name":"Comment","target":["https:\/\/informelitoral.com.ar\/oficializaron-el-bono-para-jubilados-de-cuanto-sera-segun-el-haber-que-perciben\/#respond"]}]},{"@type":"WebPage","@id":"https:\/\/informelitoral.com.ar\/oficializaron-el-bono-para-jubilados-de-cuanto-sera-segun-el-haber-que-perciben\/","url":"https:\/\/informelitoral.com.ar\/oficializaron-el-bono-para-jubilados-de-cuanto-sera-segun-el-haber-que-perciben\/","name":"Oficializaron el bono para jubilados: de cu\u00e1nto ser\u00e1 seg\u00fan el haber que perciben - Informe Litoral","isPartOf":{"@id":"https:\/\/informelitoral.com.ar\/#website"},"primaryImageOfPage":{"@id":"https:\/\/informelitoral.com.ar\/oficializaron-el-bono-para-jubilados-de-cuanto-sera-segun-el-haber-que-perciben\/#primaryimage"},"image":{"@id":"https:\/\/informelitoral.com.ar\/oficializaron-el-bono-para-jubilados-de-cuanto-sera-segun-el-haber-que-perciben\/#primaryimage"},"thumbnailUrl":"https:\/\/informelitoral.com.ar\/%77%70%2d%63%6f%6e%74%65%6e%74\/uploads\/2018\/01\/anses_39_0_0.jpg","datePublished":"2022-08-25T10:50:04+00:00","dateModified":"2022-08-25T11:45:59+00:00","breadcrumb":{"@id":"https:\/\/informelitoral.com.ar\/oficializaron-el-bono-para-jubilados-de-cuanto-sera-segun-el-haber-que-perciben\/#breadcrumb"},"inLanguage":"es","potentialAction":[{"@type":"ReadAction","target":["https:\/\/informelitoral.com.ar\/oficializaron-el-bono-para-jubilados-de-cuanto-sera-segun-el-haber-que-perciben\/"]}]},{"@type":"ImageObject","inLanguage":"es","@id":"https:\/\/informelitoral.com.ar\/oficializaron-el-bono-para-jubilados-de-cuanto-sera-segun-el-haber-que-perciben\/#primaryimage","url":"https:\/\/informelitoral.com.ar\/%77%70%2d%63%6f%6e%74%65%6e%74\/uploads\/2018\/01\/anses_39_0_0.jpg","contentUrl":"https:\/\/informelitoral.com.ar\/%77%70%2d%63%6f%6e%74%65%6e%74\/uploads\/2018\/01\/anses_39_0_0.jpg","width":1020,"height":560},{"@type":"BreadcrumbList","@id":"https:\/\/informelitoral.com.ar\/oficializaron-el-bono-para-jubilados-de-cuanto-sera-segun-el-haber-que-perciben\/#breadcrumb","itemListElement":[{"@type":"ListItem","position":1,"name":"Portada","item":"https:\/\/informelitoral.com.ar\/"},{"@type":"ListItem","position":2,"name":"Oficializaron el bono para jubilados: de cu\u00e1nto ser\u00e1 seg\u00fan el haber que perciben"}]},{"@type":"WebSite","@id":"https:\/\/informelitoral.com.ar\/#website","url":"https:\/\/informelitoral.com.ar\/","name":"Informe Litoral","description":"&quot;Nos informamos&quot; ","publisher":{"@id":"https:\/\/informelitoral.com.ar\/#organization"},"potentialAction":[{"@type":"SearchAction","target":{"@type":"EntryPoint","urlTemplate":"https:\/\/informelitoral.com.ar\/?s={search_term_string}"},"query-input":{"@type":"PropertyValueSpecification","valueRequired":true,"valueName":"search_term_string"}}],"inLanguage":"es"},{"@type":"Organization","@id":"https:\/\/informelitoral.com.ar\/#organization","name":"Informe Litoral","url":"https:\/\/informelitoral.com.ar\/","logo":{"@type":"ImageObject","inLanguage":"es","@id":"https:\/\/informelitoral.com.ar\/#\/schema\/logo\/image\/","url":"https:\/\/informelitoral.com.ar\/%77%70%2d%63%6f%6e%74%65%6e%74\/uploads\/2021\/01\/circulo.png","contentUrl":"https:\/\/informelitoral.com.ar\/%77%70%2d%63%6f%6e%74%65%6e%74\/uploads\/2021\/01\/circulo.png","width":723,"height":731,"caption":"Informe Litoral"},"image":{"@id":"https:\/\/informelitoral.com.ar\/#\/schema\/logo\/image\/"},"sameAs":["https:\/\/www.facebook.com\/informelitoral\/","https:\/\/x.com\/InformeLitoral","https:\/\/www.instagram.com\/informelitoral\/","https:\/\/www.youtube.com\/channel\/UCua4Qvz8Icb6MYqhoq9xLXw"]},{"@type":"Person","@id":"https:\/\/informelitoral.com.ar\/#\/schema\/person\/f05f9f461677119578717524b127d6d5","name":"Sebastian","image":{"@type":"ImageObject","inLanguage":"es","@id":"https:\/\/secure.gravatar.com\/avatar\/b71bf7481d447dfb9583c7f2798e7cc64de6efb9067b74633ed8c31059a3bd82?s=96&d=mm&r=g","url":"https:\/\/secure.gravatar.com\/avatar\/b71bf7481d447dfb9583c7f2798e7cc64de6efb9067b74633ed8c31059a3bd82?s=96&d=mm&r=g","contentUrl":"https:\/\/secure.gravatar.com\/avatar\/b71bf7481d447dfb9583c7f2798e7cc64de6efb9067b74633ed8c31059a3bd82?s=96&d=mm&r=g","caption":"Sebastian"},"url":"https:\/\/informelitoral.com.ar\/author\/sebastian\/"}]}},"_links":{"self":[{"href":"https:\/\/informelitoral.com.ar\/%77%70%2d%6a%73%6f%6e\/wp\/v2\/posts\/84620","targetHints":{"allow":["GET"]}}],"collection":[{"href":"https:\/\/informelitoral.com.ar\/%77%70%2d%6a%73%6f%6e\/wp\/v2\/posts"}],"about":[{"href":"https:\/\/informelitoral.com.ar\/%77%70%2d%6a%73%6f%6e\/wp\/v2\/types\/post"}],"author":[{"embeddable":true,"href":"https:\/\/informelitoral.com.ar\/%77%70%2d%6a%73%6f%6e\/wp\/v2\/users\/8"}],"replies":[{"embeddable":true,"href":"https:\/\/informelitoral.com.ar\/%77%70%2d%6a%73%6f%6e\/wp\/v2\/comments?post=84620"}],"version-history":[{"count":0,"href":"https:\/\/informelitoral.com.ar\/%77%70%2d%6a%73%6f%6e\/wp\/v2\/posts\/84620\/revisions"}],"wp:featuredmedia":[{"embeddable":true,"href":"https:\/\/informelitoral.com.ar\/%77%70%2d%6a%73%6f%6e\/wp\/v2\/media\/24481"}],"wp:attachment":[{"href":"https:\/\/informelitoral.com.ar\/%77%70%2d%6a%73%6f%6e\/wp\/v2\/media?parent=84620"}],"wp:term":[{"taxonomy":"category","embeddable":true,"href":"https:\/\/informelitoral.com.ar\/%77%70%2d%6a%73%6f%6e\/wp\/v2\/categories?post=84620"},{"taxonomy":"post_tag","embeddable":true,"href":"https:\/\/informelitoral.com.ar\/%77%70%2d%6a%73%6f%6e\/wp\/v2\/tags?post=84620"}],"curies":[{"name":"wp","href":"https:\/\/api.w.org\/{rel}","templated":true}]}}