{"id":84608,"date":"2022-08-24T13:05:43","date_gmt":"2022-08-24T16:05:43","guid":{"rendered":"https:\/\/www.informelitoral.com.ar\/?p=84608"},"modified":"2022-08-24T13:06:49","modified_gmt":"2022-08-24T16:06:49","slug":"desde-estambul-bordet-impulsa-el-agregado-de-valor-a-la-produccion-apicola-de-la-provincia","status":"publish","type":"post","link":"https:\/\/informelitoral.com.ar\/desde-estambul-bordet-impulsa-el-agregado-de-valor-a-la-produccion-apicola-de-la-provincia\/","title":{"rendered":"Desde Estambul, Bordet impulsa el agregado de valor a la producci\u00f3n ap\u00edcola de la provincia"},"content":{"rendered":"<p>El mandatario entrerriano encabez\u00f3 el acto junto al presidente de Apimondia, Jeff Pettis, el c\u00f3nsul argentino en Estambul, Diego \u00c1lvarez Rivera y el intendente de Maci\u00e1, Juan Diego Conti.<\/p>\n<p>\u201cTrabajamos para generar una marca que se conozca en el mundo\u201d, expres\u00f3 el mandatario durante el acto. \u201cQueremos que se afiance este sector en la provincia, que da empleo y sustento a muchas familias entrerrianas\u201d, agreg\u00f3.<\/p>\n<p>Apimondia es la Federaci\u00f3n Internacional de Asociaciones de Apicultura. Desde este mi\u00e9rcoles hasta el s\u00e1bado 26 lleva adelante la edici\u00f3n 2022 del congreso y feria que re\u00fane a empresarios, cooperativas y asociaciones ap\u00edcolas de todo el mundo.<\/p>\n<p>La misi\u00f3n comercial e institucional cuenta con el apoyo t\u00e9cnico y financiero del Consejo Federal de Inversiones (CFI). Adem\u00e1s de la delegaci\u00f3n entrerriana, participan empresarios de Santa Fe, C\u00f3rdoba y otras cinco provincias.<\/p>\n<p>Bordet comparti\u00f3 el acto de apertura desde el stand de Argentina junto al c\u00f3nsul general. En ese marco, destac\u00f3 que la delegaci\u00f3n entrerriana \u201ces la m\u00e1s nutrida que participa en Apimondia, la feria m\u00e1s importante de miel en el mundo\u201d.<\/p>\n<p>\u201cEntre R\u00edos es la segunda productora de miel y la segunda provincia exportadora\u201d, remarc\u00f3 el mandatario, y resalt\u00f3 la posibilidad que ofrece la feria de \u201csostener la oportunidad del negocio, estar actualizado en cuanto a los avances cient\u00edficos y tecnol\u00f3gicos que la actividad trae aparejada, represente una oportunidad\u201d. \u201cPor esto es que estamos acompa\u00f1ando a nuestros productores\u201d, afirm\u00f3.<\/p>\n<p>Bordet subray\u00f3 que los productores de miel de Entre R\u00edos se nuclean mayormente en formas asociativas, y destac\u00f3 que est\u00e1n presentes en Estambul \u201ccooperativas de Maci\u00e1, de Paran\u00e1, de Gualeguaych\u00fa, de Villa Elisa y de otros lugares que producen miel de diferentes variedades\u201d.<\/p>\n<p>Acot\u00f3 que en la provincia se producen distintas variedades de miel: de eucaliptus, de azahares, de c\u00edtricos, de monte, que \u201cson muy demandas y apreciadas en el mundo\u201d. \u201cEs importante apoyar a las cooperativas porque vienen trabajando sostenidamente desde hace muchos a\u00f1os. Con gran esfuerzo lograron much\u00edsimas cosas para poder estar en el lugar donde hoy est\u00e1n\u201d.<\/p>\n<p>Apoyo y financiamiento<\/p>\n<p>Adem\u00e1s, el mandatario record\u00f3 que cuando estuvo en la Expo Miel de Maci\u00e1, los productores le plantearon \u201cla posibilidad de poder estar en esta feria en Estambul y que obtengamos financiamiento a trav\u00e9s del Consejo Federal de Inversiones, y ac\u00e1 estamos\u00bb.<\/p>\n<p>\u201cComo gobierno tenemos que estar acompa\u00f1ando, generar los instrumentos necesarios para que el sector mejore su competitividad en materia de exportaciones, pero tambi\u00e9n para la producci\u00f3n local\u201d, expres\u00f3 Bordet, y en ese marco indic\u00f3: \u201cPor eso es que a trav\u00e9s del CFI financiamos l\u00edneas de cr\u00e9ditos con intereses muy bajos, para que puedan comprar bienes de capital, maquinarias, y entregamos subsidios a distintas cooperativas para que puedan acceder a equipamiento\u201d.<\/p>\n<p>Misi\u00f3n inversa<\/p>\n<p>Luego mencion\u00f3 en Apimondia promocionan la Fiesta Nacional de la Apicultura y Expo Ap\u00edcola del Mercosur, a realizarse en Maci\u00e1 en 2023, y que el CFI financiar\u00e1 \u201cuna misi\u00f3n inversa, es decir que llegar\u00e1n potenciales compradores a Maci\u00e1, se har\u00e1n rondas de negocios y se abrir\u00e1n oportunidades para nuestros productores en materia exportable, y no s\u00f3lo en lo que es miel, sino tambi\u00e9n en abejas reinas que tambi\u00e9n Entre R\u00edos es pionera y est\u00e1 buscando mercados en Argentina y en el mundo\u201d.<\/p>\n<p>Agregar valor<\/p>\n<p>El gobernador tambi\u00e9n reiter\u00f3 que su gesti\u00f3n apunta a generar valor agregado a la miel producida en la provincia: \u00abes el paso que falta y sobre el cual estamos trabajando. Apuntamos a que la miel que hoy exporta Entre R\u00edos pueda lograr un salto en valor agregado\u201d.<\/p>\n<p>\u201cEsto genera un mayor precio para el productor y tambi\u00e9n un mercado que es muy demandado, porque la miel nuestra tiene una muy buena caracter\u00edstica y reconocimiento en distintos pa\u00edses. Poder generar una marca que se conozca en el mundo es importante y en esto estamos trabajando, para dar este salto de calidad\u201d, continu\u00f3.<\/p>\n<p>\u201cDesde el gobierno siempre estamos acompa\u00f1ando no s\u00f3lo a los productores de miel, sino tambi\u00e9n a todas las econom\u00edas regionales: c\u00edtricos, ar\u00e1ndanos, av\u00edcolas y foresto industriales. El trabajo en conjunto es lo que nos posibilita que nuestra provincia pueda tener una gran diversificaci\u00f3n en un sistema productivo que genera, por un lado, arraigo rural y por otro lado desarrollo y empleo\u201d, concluy\u00f3 Bordet.<\/p>\n<p>Sobre Apimondia<\/p>\n<p>Apimondia es la Federaci\u00f3n Internacional de Asociaciones de Apicultura, cuyo objetivo principal es establecer relaciones entre las personas y asociaciones que se dedican a la apicultura.<\/p>\n<p>Para esta oportunidad, Apimondia organiz\u00f3 en el Centro de Congresos de Estambul dos eventos que van a estar actuando en sinergia en un mismo espacio. Por un lado Apimondia Congress, espacio destinado a dictar capacitaciones y simposios y la feria, Apiexpo, con un fin comercial para que importadores y apicultores de todo el mundo se conozcan e interact\u00faen acerca de sus productos, nuevas tecnolog\u00edas y tendencias del mercado.<\/p>\n","protected":false},"excerpt":{"rendered":"<p>El gobernador Gustavo Bordet inaugur\u00f3 el stand de Argentina en Apimondia, la feria ap\u00edcola m\u00e1s grande del mundo. Destac\u00f3 la numerosa participaci\u00f3n de cooperativas entrerrianas y ratific\u00f3 la decisi\u00f3n de impulsar estrategias para promover la industrializaci\u00f3n de la producci\u00f3n de miel.<\/p>\n","protected":false},"author":8,"featured_media":84610,"comment_status":"open","ping_status":"open","sticky":false,"template":"","format":"standard","meta":{"fifu_image_url":"","fifu_image_alt":"","footnotes":""},"categories":[6],"tags":[167,3907],"class_list":{"0":"post-84608","1":"post","2":"type-post","3":"status-publish","4":"format-standard","5":"has-post-thumbnail","7":"category-entre-rios","8":"tag-gustavo-bordet","9":"tag-produccion-apicola"},"yoast_head":"<title>Desde Estambul, Bordet impulsa el agregado de valor a la producci\u00f3n ap\u00edcola de la provincia - Informe Litoral<\/title>\n<meta name=\"robots\" content=\"index, follow, max-snippet:-1, max-image-preview:large, max-video-preview:-1\" \/>\n<link rel=\"canonical\" href=\"https:\/\/informelitoral.com.ar\/desde-estambul-bordet-impulsa-el-agregado-de-valor-a-la-produccion-apicola-de-la-provincia\/\" \/>\n<meta property=\"og:locale\" content=\"es_ES\" \/>\n<meta property=\"og:type\" content=\"article\" \/>\n<meta property=\"og:title\" content=\"Desde Estambul, Bordet impulsa el agregado de valor a la producci\u00f3n ap\u00edcola de la provincia - Informe Litoral\" \/>\n<meta property=\"og:description\" content=\"El gobernador Gustavo Bordet inaugur\u00f3 el stand de Argentina en Apimondia, la feria ap\u00edcola m\u00e1s grande del mundo. Destac\u00f3 la numerosa participaci\u00f3n de cooperativas entrerrianas y ratific\u00f3 la decisi\u00f3n de impulsar estrategias para promover la industrializaci\u00f3n de la producci\u00f3n de miel.\" \/>\n<meta property=\"og:url\" content=\"https:\/\/informelitoral.com.ar\/desde-estambul-bordet-impulsa-el-agregado-de-valor-a-la-produccion-apicola-de-la-provincia\/\" \/>\n<meta property=\"og:site_name\" content=\"Informe Litoral\" \/>\n<meta property=\"article:publisher\" content=\"https:\/\/www.facebook.com\/informelitoral\/\" \/>\n<meta property=\"article:published_time\" content=\"2022-08-24T16:05:43+00:00\" \/>\n<meta property=\"article:modified_time\" content=\"2022-08-24T16:06:49+00:00\" \/>\n<meta property=\"og:image\" content=\"https:\/\/informelitoral.com.ar\/%77%70%2d%63%6f%6e%74%65%6e%74\/uploads\/2022\/08\/p_1661352778.jpg\" \/>\n\t<meta property=\"og:image:width\" content=\"1920\" \/>\n\t<meta property=\"og:image:height\" content=\"800\" \/>\n\t<meta property=\"og:image:type\" content=\"image\/jpeg\" \/>\n<meta name=\"author\" content=\"Sebastian\" \/>\n<meta name=\"twitter:card\" content=\"summary_large_image\" \/>\n<meta name=\"twitter:creator\" content=\"@InformeLitoral\" \/>\n<meta name=\"twitter:site\" content=\"@InformeLitoral\" \/>\n<meta name=\"twitter:label1\" content=\"Escrito por\" \/>\n\t<meta name=\"twitter:data1\" content=\"Sebastian\" \/>\n\t<meta name=\"twitter:label2\" content=\"Tiempo de lectura\" \/>\n\t<meta name=\"twitter:data2\" content=\"4 minutos\" \/>\n<script type=\"application\/ld+json\" class=\"yoast-schema-graph\">{\"@context\":\"https:\\\/\\\/schema.org\",\"@graph\":[{\"@type\":\"Article\",\"@id\":\"https:\\\/\\\/informelitoral.com.ar\\\/desde-estambul-bordet-impulsa-el-agregado-de-valor-a-la-produccion-apicola-de-la-provincia\\\/#article\",\"isPartOf\":{\"@id\":\"https:\\\/\\\/informelitoral.com.ar\\\/desde-estambul-bordet-impulsa-el-agregado-de-valor-a-la-produccion-apicola-de-la-provincia\\\/\"},\"author\":{\"name\":\"Sebastian\",\"@id\":\"https:\\\/\\\/informelitoral.com.ar\\\/#\\\/schema\\\/person\\\/f05f9f461677119578717524b127d6d5\"},\"headline\":\"Desde Estambul, Bordet impulsa el agregado de valor a la producci\u00f3n ap\u00edcola de la provincia\",\"datePublished\":\"2022-08-24T16:05:43+00:00\",\"dateModified\":\"2022-08-24T16:06:49+00:00\",\"mainEntityOfPage\":{\"@id\":\"https:\\\/\\\/informelitoral.com.ar\\\/desde-estambul-bordet-impulsa-el-agregado-de-valor-a-la-produccion-apicola-de-la-provincia\\\/\"},\"wordCount\":868,\"commentCount\":0,\"publisher\":{\"@id\":\"https:\\\/\\\/informelitoral.com.ar\\\/#organization\"},\"image\":{\"@id\":\"https:\\\/\\\/informelitoral.com.ar\\\/desde-estambul-bordet-impulsa-el-agregado-de-valor-a-la-produccion-apicola-de-la-provincia\\\/#primaryimage\"},\"thumbnailUrl\":\"https:\\\/\\\/informelitoral.com.ar\\\/%77%70%2d%63%6f%6e%74%65%6e%74\\\/uploads\\\/2022\\\/08\\\/p_1661352778.jpg\",\"keywords\":[\"Gustavo Bordet\",\"Producci\u00f3n ap\u00edcola\"],\"articleSection\":[\"Entre R\u00edos\"],\"inLanguage\":\"es\",\"potentialAction\":[{\"@type\":\"CommentAction\",\"name\":\"Comment\",\"target\":[\"https:\\\/\\\/informelitoral.com.ar\\\/desde-estambul-bordet-impulsa-el-agregado-de-valor-a-la-produccion-apicola-de-la-provincia\\\/#respond\"]}]},{\"@type\":\"WebPage\",\"@id\":\"https:\\\/\\\/informelitoral.com.ar\\\/desde-estambul-bordet-impulsa-el-agregado-de-valor-a-la-produccion-apicola-de-la-provincia\\\/\",\"url\":\"https:\\\/\\\/informelitoral.com.ar\\\/desde-estambul-bordet-impulsa-el-agregado-de-valor-a-la-produccion-apicola-de-la-provincia\\\/\",\"name\":\"Desde Estambul, Bordet impulsa el agregado de valor a la producci\u00f3n ap\u00edcola de la provincia - Informe Litoral\",\"isPartOf\":{\"@id\":\"https:\\\/\\\/informelitoral.com.ar\\\/#website\"},\"primaryImageOfPage\":{\"@id\":\"https:\\\/\\\/informelitoral.com.ar\\\/desde-estambul-bordet-impulsa-el-agregado-de-valor-a-la-produccion-apicola-de-la-provincia\\\/#primaryimage\"},\"image\":{\"@id\":\"https:\\\/\\\/informelitoral.com.ar\\\/desde-estambul-bordet-impulsa-el-agregado-de-valor-a-la-produccion-apicola-de-la-provincia\\\/#primaryimage\"},\"thumbnailUrl\":\"https:\\\/\\\/informelitoral.com.ar\\\/%77%70%2d%63%6f%6e%74%65%6e%74\\\/uploads\\\/2022\\\/08\\\/p_1661352778.jpg\",\"datePublished\":\"2022-08-24T16:05:43+00:00\",\"dateModified\":\"2022-08-24T16:06:49+00:00\",\"breadcrumb\":{\"@id\":\"https:\\\/\\\/informelitoral.com.ar\\\/desde-estambul-bordet-impulsa-el-agregado-de-valor-a-la-produccion-apicola-de-la-provincia\\\/#breadcrumb\"},\"inLanguage\":\"es\",\"potentialAction\":[{\"@type\":\"ReadAction\",\"target\":[\"https:\\\/\\\/informelitoral.com.ar\\\/desde-estambul-bordet-impulsa-el-agregado-de-valor-a-la-produccion-apicola-de-la-provincia\\\/\"]}]},{\"@type\":\"ImageObject\",\"inLanguage\":\"es\",\"@id\":\"https:\\\/\\\/informelitoral.com.ar\\\/desde-estambul-bordet-impulsa-el-agregado-de-valor-a-la-produccion-apicola-de-la-provincia\\\/#primaryimage\",\"url\":\"https:\\\/\\\/informelitoral.com.ar\\\/%77%70%2d%63%6f%6e%74%65%6e%74\\\/uploads\\\/2022\\\/08\\\/p_1661352778.jpg\",\"contentUrl\":\"https:\\\/\\\/informelitoral.com.ar\\\/%77%70%2d%63%6f%6e%74%65%6e%74\\\/uploads\\\/2022\\\/08\\\/p_1661352778.jpg\",\"width\":1920,\"height\":800},{\"@type\":\"BreadcrumbList\",\"@id\":\"https:\\\/\\\/informelitoral.com.ar\\\/desde-estambul-bordet-impulsa-el-agregado-de-valor-a-la-produccion-apicola-de-la-provincia\\\/#breadcrumb\",\"itemListElement\":[{\"@type\":\"ListItem\",\"position\":1,\"name\":\"Portada\",\"item\":\"https:\\\/\\\/informelitoral.com.ar\\\/\"},{\"@type\":\"ListItem\",\"position\":2,\"name\":\"Desde Estambul, Bordet impulsa el agregado de valor a la producci\u00f3n ap\u00edcola de la provincia\"}]},{\"@type\":\"WebSite\",\"@id\":\"https:\\\/\\\/informelitoral.com.ar\\\/#website\",\"url\":\"https:\\\/\\\/informelitoral.com.ar\\\/\",\"name\":\"Informe Litoral\",\"description\":\"&quot;Nos informamos&quot; \",\"publisher\":{\"@id\":\"https:\\\/\\\/informelitoral.com.ar\\\/#organization\"},\"potentialAction\":[{\"@type\":\"SearchAction\",\"target\":{\"@type\":\"EntryPoint\",\"urlTemplate\":\"https:\\\/\\\/informelitoral.com.ar\\\/?s={search_term_string}\"},\"query-input\":{\"@type\":\"PropertyValueSpecification\",\"valueRequired\":true,\"valueName\":\"search_term_string\"}}],\"inLanguage\":\"es\"},{\"@type\":\"Organization\",\"@id\":\"https:\\\/\\\/informelitoral.com.ar\\\/#organization\",\"name\":\"Informe Litoral\",\"url\":\"https:\\\/\\\/informelitoral.com.ar\\\/\",\"logo\":{\"@type\":\"ImageObject\",\"inLanguage\":\"es\",\"@id\":\"https:\\\/\\\/informelitoral.com.ar\\\/#\\\/schema\\\/logo\\\/image\\\/\",\"url\":\"https:\\\/\\\/informelitoral.com.ar\\\/%77%70%2d%63%6f%6e%74%65%6e%74\\\/uploads\\\/2021\\\/01\\\/circulo.png\",\"contentUrl\":\"https:\\\/\\\/informelitoral.com.ar\\\/%77%70%2d%63%6f%6e%74%65%6e%74\\\/uploads\\\/2021\\\/01\\\/circulo.png\",\"width\":723,\"height\":731,\"caption\":\"Informe Litoral\"},\"image\":{\"@id\":\"https:\\\/\\\/informelitoral.com.ar\\\/#\\\/schema\\\/logo\\\/image\\\/\"},\"sameAs\":[\"https:\\\/\\\/www.facebook.com\\\/informelitoral\\\/\",\"https:\\\/\\\/x.com\\\/InformeLitoral\",\"https:\\\/\\\/www.instagram.com\\\/informelitoral\\\/\",\"https:\\\/\\\/www.youtube.com\\\/channel\\\/UCua4Qvz8Icb6MYqhoq9xLXw\"]},{\"@type\":\"Person\",\"@id\":\"https:\\\/\\\/informelitoral.com.ar\\\/#\\\/schema\\\/person\\\/f05f9f461677119578717524b127d6d5\",\"name\":\"Sebastian\",\"image\":{\"@type\":\"ImageObject\",\"inLanguage\":\"es\",\"@id\":\"https:\\\/\\\/secure.gravatar.com\\\/avatar\\\/b71bf7481d447dfb9583c7f2798e7cc64de6efb9067b74633ed8c31059a3bd82?s=96&d=mm&r=g\",\"url\":\"https:\\\/\\\/secure.gravatar.com\\\/avatar\\\/b71bf7481d447dfb9583c7f2798e7cc64de6efb9067b74633ed8c31059a3bd82?s=96&d=mm&r=g\",\"contentUrl\":\"https:\\\/\\\/secure.gravatar.com\\\/avatar\\\/b71bf7481d447dfb9583c7f2798e7cc64de6efb9067b74633ed8c31059a3bd82?s=96&d=mm&r=g\",\"caption\":\"Sebastian\"},\"url\":\"https:\\\/\\\/informelitoral.com.ar\\\/author\\\/sebastian\\\/\"}]}<\/script>","yoast_head_json":{"title":"Desde Estambul, Bordet impulsa el agregado de valor a la producci\u00f3n ap\u00edcola de la provincia - Informe Litoral","robots":{"index":"index","follow":"follow","max-snippet":"max-snippet:-1","max-image-preview":"max-image-preview:large","max-video-preview":"max-video-preview:-1"},"canonical":"https:\/\/informelitoral.com.ar\/desde-estambul-bordet-impulsa-el-agregado-de-valor-a-la-produccion-apicola-de-la-provincia\/","og_locale":"es_ES","og_type":"article","og_title":"Desde Estambul, Bordet impulsa el agregado de valor a la producci\u00f3n ap\u00edcola de la provincia - Informe Litoral","og_description":"El gobernador Gustavo Bordet inaugur\u00f3 el stand de Argentina en Apimondia, la feria ap\u00edcola m\u00e1s grande del mundo. Destac\u00f3 la numerosa participaci\u00f3n de cooperativas entrerrianas y ratific\u00f3 la decisi\u00f3n de impulsar estrategias para promover la industrializaci\u00f3n de la producci\u00f3n de miel.","og_url":"https:\/\/informelitoral.com.ar\/desde-estambul-bordet-impulsa-el-agregado-de-valor-a-la-produccion-apicola-de-la-provincia\/","og_site_name":"Informe Litoral","article_publisher":"https:\/\/www.facebook.com\/informelitoral\/","article_published_time":"2022-08-24T16:05:43+00:00","article_modified_time":"2022-08-24T16:06:49+00:00","og_image":[{"width":1920,"height":800,"url":"https:\/\/informelitoral.com.ar\/%77%70%2d%63%6f%6e%74%65%6e%74\/uploads\/2022\/08\/p_1661352778.jpg","type":"image\/jpeg"}],"author":"Sebastian","twitter_card":"summary_large_image","twitter_creator":"@InformeLitoral","twitter_site":"@InformeLitoral","twitter_misc":{"Escrito por":"Sebastian","Tiempo de lectura":"4 minutos"},"schema":{"@context":"https:\/\/schema.org","@graph":[{"@type":"Article","@id":"https:\/\/informelitoral.com.ar\/desde-estambul-bordet-impulsa-el-agregado-de-valor-a-la-produccion-apicola-de-la-provincia\/#article","isPartOf":{"@id":"https:\/\/informelitoral.com.ar\/desde-estambul-bordet-impulsa-el-agregado-de-valor-a-la-produccion-apicola-de-la-provincia\/"},"author":{"name":"Sebastian","@id":"https:\/\/informelitoral.com.ar\/#\/schema\/person\/f05f9f461677119578717524b127d6d5"},"headline":"Desde Estambul, Bordet impulsa el agregado de valor a la producci\u00f3n ap\u00edcola de la provincia","datePublished":"2022-08-24T16:05:43+00:00","dateModified":"2022-08-24T16:06:49+00:00","mainEntityOfPage":{"@id":"https:\/\/informelitoral.com.ar\/desde-estambul-bordet-impulsa-el-agregado-de-valor-a-la-produccion-apicola-de-la-provincia\/"},"wordCount":868,"commentCount":0,"publisher":{"@id":"https:\/\/informelitoral.com.ar\/#organization"},"image":{"@id":"https:\/\/informelitoral.com.ar\/desde-estambul-bordet-impulsa-el-agregado-de-valor-a-la-produccion-apicola-de-la-provincia\/#primaryimage"},"thumbnailUrl":"https:\/\/informelitoral.com.ar\/%77%70%2d%63%6f%6e%74%65%6e%74\/uploads\/2022\/08\/p_1661352778.jpg","keywords":["Gustavo Bordet","Producci\u00f3n ap\u00edcola"],"articleSection":["Entre R\u00edos"],"inLanguage":"es","potentialAction":[{"@type":"CommentAction","name":"Comment","target":["https:\/\/informelitoral.com.ar\/desde-estambul-bordet-impulsa-el-agregado-de-valor-a-la-produccion-apicola-de-la-provincia\/#respond"]}]},{"@type":"WebPage","@id":"https:\/\/informelitoral.com.ar\/desde-estambul-bordet-impulsa-el-agregado-de-valor-a-la-produccion-apicola-de-la-provincia\/","url":"https:\/\/informelitoral.com.ar\/desde-estambul-bordet-impulsa-el-agregado-de-valor-a-la-produccion-apicola-de-la-provincia\/","name":"Desde Estambul, Bordet impulsa el agregado de valor a la producci\u00f3n ap\u00edcola de la provincia - Informe Litoral","isPartOf":{"@id":"https:\/\/informelitoral.com.ar\/#website"},"primaryImageOfPage":{"@id":"https:\/\/informelitoral.com.ar\/desde-estambul-bordet-impulsa-el-agregado-de-valor-a-la-produccion-apicola-de-la-provincia\/#primaryimage"},"image":{"@id":"https:\/\/informelitoral.com.ar\/desde-estambul-bordet-impulsa-el-agregado-de-valor-a-la-produccion-apicola-de-la-provincia\/#primaryimage"},"thumbnailUrl":"https:\/\/informelitoral.com.ar\/%77%70%2d%63%6f%6e%74%65%6e%74\/uploads\/2022\/08\/p_1661352778.jpg","datePublished":"2022-08-24T16:05:43+00:00","dateModified":"2022-08-24T16:06:49+00:00","breadcrumb":{"@id":"https:\/\/informelitoral.com.ar\/desde-estambul-bordet-impulsa-el-agregado-de-valor-a-la-produccion-apicola-de-la-provincia\/#breadcrumb"},"inLanguage":"es","potentialAction":[{"@type":"ReadAction","target":["https:\/\/informelitoral.com.ar\/desde-estambul-bordet-impulsa-el-agregado-de-valor-a-la-produccion-apicola-de-la-provincia\/"]}]},{"@type":"ImageObject","inLanguage":"es","@id":"https:\/\/informelitoral.com.ar\/desde-estambul-bordet-impulsa-el-agregado-de-valor-a-la-produccion-apicola-de-la-provincia\/#primaryimage","url":"https:\/\/informelitoral.com.ar\/%77%70%2d%63%6f%6e%74%65%6e%74\/uploads\/2022\/08\/p_1661352778.jpg","contentUrl":"https:\/\/informelitoral.com.ar\/%77%70%2d%63%6f%6e%74%65%6e%74\/uploads\/2022\/08\/p_1661352778.jpg","width":1920,"height":800},{"@type":"BreadcrumbList","@id":"https:\/\/informelitoral.com.ar\/desde-estambul-bordet-impulsa-el-agregado-de-valor-a-la-produccion-apicola-de-la-provincia\/#breadcrumb","itemListElement":[{"@type":"ListItem","position":1,"name":"Portada","item":"https:\/\/informelitoral.com.ar\/"},{"@type":"ListItem","position":2,"name":"Desde Estambul, Bordet impulsa el agregado de valor a la producci\u00f3n ap\u00edcola de la provincia"}]},{"@type":"WebSite","@id":"https:\/\/informelitoral.com.ar\/#website","url":"https:\/\/informelitoral.com.ar\/","name":"Informe Litoral","description":"&quot;Nos informamos&quot; ","publisher":{"@id":"https:\/\/informelitoral.com.ar\/#organization"},"potentialAction":[{"@type":"SearchAction","target":{"@type":"EntryPoint","urlTemplate":"https:\/\/informelitoral.com.ar\/?s={search_term_string}"},"query-input":{"@type":"PropertyValueSpecification","valueRequired":true,"valueName":"search_term_string"}}],"inLanguage":"es"},{"@type":"Organization","@id":"https:\/\/informelitoral.com.ar\/#organization","name":"Informe Litoral","url":"https:\/\/informelitoral.com.ar\/","logo":{"@type":"ImageObject","inLanguage":"es","@id":"https:\/\/informelitoral.com.ar\/#\/schema\/logo\/image\/","url":"https:\/\/informelitoral.com.ar\/%77%70%2d%63%6f%6e%74%65%6e%74\/uploads\/2021\/01\/circulo.png","contentUrl":"https:\/\/informelitoral.com.ar\/%77%70%2d%63%6f%6e%74%65%6e%74\/uploads\/2021\/01\/circulo.png","width":723,"height":731,"caption":"Informe Litoral"},"image":{"@id":"https:\/\/informelitoral.com.ar\/#\/schema\/logo\/image\/"},"sameAs":["https:\/\/www.facebook.com\/informelitoral\/","https:\/\/x.com\/InformeLitoral","https:\/\/www.instagram.com\/informelitoral\/","https:\/\/www.youtube.com\/channel\/UCua4Qvz8Icb6MYqhoq9xLXw"]},{"@type":"Person","@id":"https:\/\/informelitoral.com.ar\/#\/schema\/person\/f05f9f461677119578717524b127d6d5","name":"Sebastian","image":{"@type":"ImageObject","inLanguage":"es","@id":"https:\/\/secure.gravatar.com\/avatar\/b71bf7481d447dfb9583c7f2798e7cc64de6efb9067b74633ed8c31059a3bd82?s=96&d=mm&r=g","url":"https:\/\/secure.gravatar.com\/avatar\/b71bf7481d447dfb9583c7f2798e7cc64de6efb9067b74633ed8c31059a3bd82?s=96&d=mm&r=g","contentUrl":"https:\/\/secure.gravatar.com\/avatar\/b71bf7481d447dfb9583c7f2798e7cc64de6efb9067b74633ed8c31059a3bd82?s=96&d=mm&r=g","caption":"Sebastian"},"url":"https:\/\/informelitoral.com.ar\/author\/sebastian\/"}]}},"_links":{"self":[{"href":"https:\/\/informelitoral.com.ar\/%77%70%2d%6a%73%6f%6e\/wp\/v2\/posts\/84608","targetHints":{"allow":["GET"]}}],"collection":[{"href":"https:\/\/informelitoral.com.ar\/%77%70%2d%6a%73%6f%6e\/wp\/v2\/posts"}],"about":[{"href":"https:\/\/informelitoral.com.ar\/%77%70%2d%6a%73%6f%6e\/wp\/v2\/types\/post"}],"author":[{"embeddable":true,"href":"https:\/\/informelitoral.com.ar\/%77%70%2d%6a%73%6f%6e\/wp\/v2\/users\/8"}],"replies":[{"embeddable":true,"href":"https:\/\/informelitoral.com.ar\/%77%70%2d%6a%73%6f%6e\/wp\/v2\/comments?post=84608"}],"version-history":[{"count":0,"href":"https:\/\/informelitoral.com.ar\/%77%70%2d%6a%73%6f%6e\/wp\/v2\/posts\/84608\/revisions"}],"wp:featuredmedia":[{"embeddable":true,"href":"https:\/\/informelitoral.com.ar\/%77%70%2d%6a%73%6f%6e\/wp\/v2\/media\/84610"}],"wp:attachment":[{"href":"https:\/\/informelitoral.com.ar\/%77%70%2d%6a%73%6f%6e\/wp\/v2\/media?parent=84608"}],"wp:term":[{"taxonomy":"category","embeddable":true,"href":"https:\/\/informelitoral.com.ar\/%77%70%2d%6a%73%6f%6e\/wp\/v2\/categories?post=84608"},{"taxonomy":"post_tag","embeddable":true,"href":"https:\/\/informelitoral.com.ar\/%77%70%2d%6a%73%6f%6e\/wp\/v2\/tags?post=84608"}],"curies":[{"name":"wp","href":"https:\/\/api.w.org\/{rel}","templated":true}]}}