{"id":8448,"date":"2014-10-03T22:59:30","date_gmt":"2014-10-04T01:59:30","guid":{"rendered":"http:\/\/www.isletasnoticias.com.ar\/?p=8448"},"modified":"2014-10-03T22:59:30","modified_gmt":"2014-10-04T01:59:30","slug":"afirman-que-la-instalacion-de-nuevas-industrias-genero-mas-de-7-000-empleos-en-los-ultimos-seis-anos-en-entre-rios","status":"publish","type":"post","link":"https:\/\/informelitoral.com.ar\/afirman-que-la-instalacion-de-nuevas-industrias-genero-mas-de-7-000-empleos-en-los-ultimos-seis-anos-en-entre-rios\/","title":{"rendered":"Afirman que la instalaci\u00f3n de nuevas industrias gener\u00f3 m\u00e1s de 7.000 empleos en los \u00faltimos seis a\u00f1os en Entre R\u00edos"},"content":{"rendered":"<div><strong>La Provincia ya cuenta con 21 parques y \u00e1reas industriales en funcionamiento, siete en formaci\u00f3n y 13 que est\u00e1n proyectados. En los \u00faltimos seis a\u00f1os se instalaron en la provincia 1850 establecimientos industriales que crearon 7019 puestos de trabajo, la mayor\u00eda en el rubro agro alimentos, maderera y metal mec\u00e1nica.<a href=\"http:\/\/www.isletasnoticias.com.ar\/%77%70%2d%63%6f%6e%74%65%6e%74\/uploads\/2014\/10\/m_1412281914.jpg\"><img loading=\"lazy\" decoding=\"async\" class=\"aligncenter size-full wp-image-8449\" src=\"http:\/\/www.isletasnoticias.com.ar\/%77%70%2d%63%6f%6e%74%65%6e%74\/uploads\/2014\/10\/m_1412281914.jpg\" alt=\"m_1412281914\" width=\"288\" height=\"192\" \/><\/a><\/strong><\/div>\n<div><\/div>\n<div>La provincia cuenta con una ley de promoci\u00f3n industrial que estimula las inversiones productivas, generando un incremento de la mano de obra de base industrial. A la fecha hay 11 proyectos en etapa de an\u00e1lisis con uno ya aprobado. Se inician con una inversi\u00f3n de 165 millones de pesos y se proyectan en cinco a\u00f1os con una inversi\u00f3n adicional de 265 millones de pesos.<\/p>\n<p>En la provincia el 94 por ciento de las industrias son peque\u00f1as empresas y el 75 por ciento de ellas tiene menos de 200 empleados. En los \u00faltimos seis a\u00f1os se instalaron en la provincia 1850 establecimientos industriales que crearon 7019 puestos de trabajo en el sector. La mayor\u00eda corresponde al rubro agroalimentos, maderera y metal mec\u00e1nica, lo que pone de manifiesto la importancia estrat\u00e9gica que adquiere ese tipo de localizaciones.<\/p>\n<p>\u201cLa Argentina logr\u00f3 reconstruir su historia industrial a partir de 2003, y lo hizo porque se recuper\u00f3 el proyecto de pa\u00eds soberano, con una determinaci\u00f3n firme que debemos apuntalar cada d\u00eda. Esa historia es la que reivindicamos hoy en Entre R\u00edos\u00bb, asegur\u00f3 el gobernador Sergio Urribarri al recibir un informe del \u00e1rea de parques industriales de la provincia.<\/p>\n<p>\u00abEsta experiencia entrerriana puede replicarse. Porque lo que tenemos en materia de recursos naturales y humanos es enorme. Esta coyuntura dif\u00edcil que est\u00e1 pasando el pa\u00eds y el mundo es el momento donde m\u00e1s patriotas podemos ser. Quienes gobernamos, gobernando bien, rectificando rumbos cuando sea necesario, y los empresarios, cuidando los precios y cuidando los empleos\u201d, remarc\u00f3 el gobernador.<\/p>\n<p><b>Proyectos en el marco de la ley de promoci\u00f3n industrial<\/b><\/p>\n<p>Son 11 los proyectos se han presentado desde el mes de marzo del 2014 a la fecha. Se est\u00e1n analizando para adherirse al R\u00e9gimen de Promoci\u00f3n, la orientaci\u00f3n es para empresas de capitales nacionales sobre todo reinvirtiendo utilidades marcando la preponderancia de que la mayor\u00eda son capitales entrerrianos y reinversi\u00f3n de utilidades sobre capitales ya existentes.<\/p>\n<p>Los mismos parten con una incorporaci\u00f3n de 431 puestos de trabajo estimando la creaci\u00f3n en cinco a\u00f1os de 500 puestos m\u00e1s, logrando un total de casi 1.000 puestos de trabajo.<\/p>\n<p>La naturaleza de las inversiones en el sector industrial debe ser evaluada no solo desde la magnitud de las cifras, sino desde la posibilidad de generaci\u00f3n de cadenas de valor regionales, para lo cual resulta estrat\u00e9gico la conformaci\u00f3n de un sistema de informaci\u00f3n, que describa acabadamente las identidades productivas propias, como as\u00ed aquellas de mayor efecto multiplicador en t\u00e9rminos de generaci\u00f3n de riqueza y\/o empleo.<\/p>\n<p><b>En n\u00fameros<\/b><\/p>\n<p>La provincia cuenta con 10 parques industriales, los que abarcan un total de 842 hect\u00e1reas de superficie. El detalle es el siguiente: Gualeguaych\u00fa (214 has, el 25 por ciento del total), Concepci\u00f3n del Uruguay (124 has, 15 por ciento del total), Paran\u00e1 (122 has, 14 por ciento del total), Concordia (100 has), Crespo (70 has), Villaguay (68 has), La Paz (62 has), Urdinarrain (40 has), Viale (27 has) y Cerrito (15 has).<\/p>\n<p>En tanto, las \u00e1reas industriales, con 493 hect\u00e1reas en total, est\u00e1n as\u00ed distribuidas: Federaci\u00f3n (140 has, 32 por ciento del total), Rosario de Tala (73 has, 17 por ciento), Chajar\u00ed (64 has, 15 por ciento), Larroque (35 has), General Ram\u00edrez (31 has), Mar\u00eda Grande (15 has), Maci\u00e1 (18 has), General Galarza (14 has), Gobernador San Jos\u00e9 (9 has), Mansilla (8 has).<\/p>\n<p>Por otro lado, hay siete parques y \u00e1reas en formaci\u00f3n. Estos son: Gualeguay (220 has, 44 por ciento del total), Ubajay (99 has, 20 por ciento), Nogoy\u00e1 (45 has, 9 por ciento), Valle Mar\u00eda (44 has), Pronunciamiento (39 has), Basavilbaso (29 has) y San Jos\u00e9 de Feliciano (28 has).<\/p>\n<p>Hay 13 parques y \u00e1reas proyectados, los que se instalar\u00e1n en Santa Elena, Hasenkamp, Hernandarias, Arroyo Bar\u00fa, La Criolla, Los Charr\u00faas, Islas del Ibicuy, Piedras Blancas, Diamante, San Benito, Los Conquistadores, Lucas Gonz\u00e1lez y Libertador San Mart\u00edn.<\/p>\n<p>En total son 1785 las hect\u00e1reas destinadas al desarrollo industrial planificado. El 47 por ciento de esas son de parques industriales, el 25 por ciento de \u00e1reas y el 28 por ciento a parques y \u00e1reas proyectados.<\/p><\/div>\n","protected":false},"excerpt":{"rendered":"<p>La Provincia ya cuenta con 21 parques y &aacute;reas industriales en funcionamiento, siete en formaci&oacute;n y 13 que est&aacute;n proyectados. En los &uacute;ltimos seis a&ntilde;os se instalaron en la provincia 1850 establecimientos industriales que crearon 7019 puestos de trabajo, la mayor&iacute;a en el rubro agro alimentos, maderera y metal mec&aacute;nica. La provincia cuenta con una [&hellip;]<\/p>\n","protected":false},"author":2,"featured_media":0,"comment_status":"open","ping_status":"open","sticky":false,"template":"","format":"standard","meta":{"fifu_image_url":"","fifu_image_alt":"","footnotes":""},"categories":[6],"tags":[],"class_list":{"0":"post-8448","1":"post","2":"type-post","3":"status-publish","4":"format-standard","6":"category-entre-rios"},"yoast_head":"<title>Afirman que la instalaci\u00f3n de nuevas industrias gener\u00f3 m\u00e1s de 7.000 empleos en los \u00faltimos seis a\u00f1os en Entre R\u00edos - Informe Litoral<\/title>\n<meta name=\"robots\" content=\"index, follow, max-snippet:-1, max-image-preview:large, max-video-preview:-1\" \/>\n<link rel=\"canonical\" href=\"https:\/\/informelitoral.com.ar\/afirman-que-la-instalacion-de-nuevas-industrias-genero-mas-de-7-000-empleos-en-los-ultimos-seis-anos-en-entre-rios\/\" \/>\n<meta property=\"og:locale\" content=\"es_ES\" \/>\n<meta property=\"og:type\" content=\"article\" \/>\n<meta property=\"og:title\" content=\"Afirman que la instalaci\u00f3n de nuevas industrias gener\u00f3 m\u00e1s de 7.000 empleos en los \u00faltimos seis a\u00f1os en Entre R\u00edos - Informe Litoral\" \/>\n<meta property=\"og:description\" content=\"La Provincia ya cuenta con 21 parques y &aacute;reas industriales en funcionamiento, siete en formaci&oacute;n y 13 que est&aacute;n proyectados. En los &uacute;ltimos seis a&ntilde;os se instalaron en la provincia 1850 establecimientos industriales que crearon 7019 puestos de trabajo, la mayor&iacute;a en el rubro agro alimentos, maderera y metal mec&aacute;nica. La provincia cuenta con una [&hellip;]\" \/>\n<meta property=\"og:url\" content=\"https:\/\/informelitoral.com.ar\/afirman-que-la-instalacion-de-nuevas-industrias-genero-mas-de-7-000-empleos-en-los-ultimos-seis-anos-en-entre-rios\/\" \/>\n<meta property=\"og:site_name\" content=\"Informe Litoral\" \/>\n<meta property=\"article:publisher\" content=\"https:\/\/www.facebook.com\/informelitoral\/\" \/>\n<meta property=\"article:published_time\" content=\"2014-10-04T01:59:30+00:00\" \/>\n<meta property=\"og:image\" content=\"https:\/\/informelitoral.com.ar\/%77%70%2d%63%6f%6e%74%65%6e%74\/uploads\/2014\/10\/m_1412281914.jpg\" \/>\n\t<meta property=\"og:image:width\" content=\"288\" \/>\n\t<meta property=\"og:image:height\" content=\"192\" \/>\n\t<meta property=\"og:image:type\" content=\"image\/jpeg\" \/>\n<meta name=\"author\" content=\"Gonzalo Schmidt\" \/>\n<meta name=\"twitter:card\" content=\"summary_large_image\" \/>\n<meta name=\"twitter:creator\" content=\"@InformeLitoral\" \/>\n<meta name=\"twitter:site\" content=\"@InformeLitoral\" \/>\n<meta name=\"twitter:label1\" content=\"Escrito por\" \/>\n\t<meta name=\"twitter:data1\" content=\"Gonzalo Schmidt\" \/>\n\t<meta name=\"twitter:label2\" content=\"Tiempo de lectura\" \/>\n\t<meta name=\"twitter:data2\" content=\"4 minutos\" \/>\n<script type=\"application\/ld+json\" class=\"yoast-schema-graph\">{\"@context\":\"https:\\\/\\\/schema.org\",\"@graph\":[{\"@type\":\"Article\",\"@id\":\"https:\\\/\\\/informelitoral.com.ar\\\/afirman-que-la-instalacion-de-nuevas-industrias-genero-mas-de-7-000-empleos-en-los-ultimos-seis-anos-en-entre-rios\\\/#article\",\"isPartOf\":{\"@id\":\"https:\\\/\\\/informelitoral.com.ar\\\/afirman-que-la-instalacion-de-nuevas-industrias-genero-mas-de-7-000-empleos-en-los-ultimos-seis-anos-en-entre-rios\\\/\"},\"author\":{\"name\":\"Gonzalo Schmidt\",\"@id\":\"https:\\\/\\\/informelitoral.com.ar\\\/#\\\/schema\\\/person\\\/b9d00407c836482871ef1d57bf8e3180\"},\"headline\":\"Afirman que la instalaci\u00f3n de nuevas industrias gener\u00f3 m\u00e1s de 7.000 empleos en los \u00faltimos seis a\u00f1os en Entre R\u00edos\",\"datePublished\":\"2014-10-04T01:59:30+00:00\",\"mainEntityOfPage\":{\"@id\":\"https:\\\/\\\/informelitoral.com.ar\\\/afirman-que-la-instalacion-de-nuevas-industrias-genero-mas-de-7-000-empleos-en-los-ultimos-seis-anos-en-entre-rios\\\/\"},\"wordCount\":737,\"commentCount\":0,\"publisher\":{\"@id\":\"https:\\\/\\\/informelitoral.com.ar\\\/#organization\"},\"image\":{\"@id\":\"https:\\\/\\\/informelitoral.com.ar\\\/afirman-que-la-instalacion-de-nuevas-industrias-genero-mas-de-7-000-empleos-en-los-ultimos-seis-anos-en-entre-rios\\\/#primaryimage\"},\"thumbnailUrl\":\"http:\\\/\\\/www.isletasnoticias.com.ar\\\/%77%70%2d%63%6f%6e%74%65%6e%74\\\/uploads\\\/2014\\\/10\\\/m_1412281914.jpg\",\"articleSection\":[\"Entre R\u00edos\"],\"inLanguage\":\"es\",\"potentialAction\":[{\"@type\":\"CommentAction\",\"name\":\"Comment\",\"target\":[\"https:\\\/\\\/informelitoral.com.ar\\\/afirman-que-la-instalacion-de-nuevas-industrias-genero-mas-de-7-000-empleos-en-los-ultimos-seis-anos-en-entre-rios\\\/#respond\"]}]},{\"@type\":\"WebPage\",\"@id\":\"https:\\\/\\\/informelitoral.com.ar\\\/afirman-que-la-instalacion-de-nuevas-industrias-genero-mas-de-7-000-empleos-en-los-ultimos-seis-anos-en-entre-rios\\\/\",\"url\":\"https:\\\/\\\/informelitoral.com.ar\\\/afirman-que-la-instalacion-de-nuevas-industrias-genero-mas-de-7-000-empleos-en-los-ultimos-seis-anos-en-entre-rios\\\/\",\"name\":\"Afirman que la instalaci\u00f3n de nuevas industrias gener\u00f3 m\u00e1s de 7.000 empleos en los \u00faltimos seis a\u00f1os en Entre R\u00edos - Informe Litoral\",\"isPartOf\":{\"@id\":\"https:\\\/\\\/informelitoral.com.ar\\\/#website\"},\"primaryImageOfPage\":{\"@id\":\"https:\\\/\\\/informelitoral.com.ar\\\/afirman-que-la-instalacion-de-nuevas-industrias-genero-mas-de-7-000-empleos-en-los-ultimos-seis-anos-en-entre-rios\\\/#primaryimage\"},\"image\":{\"@id\":\"https:\\\/\\\/informelitoral.com.ar\\\/afirman-que-la-instalacion-de-nuevas-industrias-genero-mas-de-7-000-empleos-en-los-ultimos-seis-anos-en-entre-rios\\\/#primaryimage\"},\"thumbnailUrl\":\"http:\\\/\\\/www.isletasnoticias.com.ar\\\/%77%70%2d%63%6f%6e%74%65%6e%74\\\/uploads\\\/2014\\\/10\\\/m_1412281914.jpg\",\"datePublished\":\"2014-10-04T01:59:30+00:00\",\"breadcrumb\":{\"@id\":\"https:\\\/\\\/informelitoral.com.ar\\\/afirman-que-la-instalacion-de-nuevas-industrias-genero-mas-de-7-000-empleos-en-los-ultimos-seis-anos-en-entre-rios\\\/#breadcrumb\"},\"inLanguage\":\"es\",\"potentialAction\":[{\"@type\":\"ReadAction\",\"target\":[\"https:\\\/\\\/informelitoral.com.ar\\\/afirman-que-la-instalacion-de-nuevas-industrias-genero-mas-de-7-000-empleos-en-los-ultimos-seis-anos-en-entre-rios\\\/\"]}]},{\"@type\":\"ImageObject\",\"inLanguage\":\"es\",\"@id\":\"https:\\\/\\\/informelitoral.com.ar\\\/afirman-que-la-instalacion-de-nuevas-industrias-genero-mas-de-7-000-empleos-en-los-ultimos-seis-anos-en-entre-rios\\\/#primaryimage\",\"url\":\"http:\\\/\\\/www.isletasnoticias.com.ar\\\/%77%70%2d%63%6f%6e%74%65%6e%74\\\/uploads\\\/2014\\\/10\\\/m_1412281914.jpg\",\"contentUrl\":\"http:\\\/\\\/www.isletasnoticias.com.ar\\\/%77%70%2d%63%6f%6e%74%65%6e%74\\\/uploads\\\/2014\\\/10\\\/m_1412281914.jpg\"},{\"@type\":\"BreadcrumbList\",\"@id\":\"https:\\\/\\\/informelitoral.com.ar\\\/afirman-que-la-instalacion-de-nuevas-industrias-genero-mas-de-7-000-empleos-en-los-ultimos-seis-anos-en-entre-rios\\\/#breadcrumb\",\"itemListElement\":[{\"@type\":\"ListItem\",\"position\":1,\"name\":\"Portada\",\"item\":\"https:\\\/\\\/informelitoral.com.ar\\\/\"},{\"@type\":\"ListItem\",\"position\":2,\"name\":\"Afirman que la instalaci\u00f3n de nuevas industrias gener\u00f3 m\u00e1s de 7.000 empleos en los \u00faltimos seis a\u00f1os en Entre R\u00edos\"}]},{\"@type\":\"WebSite\",\"@id\":\"https:\\\/\\\/informelitoral.com.ar\\\/#website\",\"url\":\"https:\\\/\\\/informelitoral.com.ar\\\/\",\"name\":\"Informe Litoral\",\"description\":\"&quot;Nos informamos&quot; \",\"publisher\":{\"@id\":\"https:\\\/\\\/informelitoral.com.ar\\\/#organization\"},\"potentialAction\":[{\"@type\":\"SearchAction\",\"target\":{\"@type\":\"EntryPoint\",\"urlTemplate\":\"https:\\\/\\\/informelitoral.com.ar\\\/?s={search_term_string}\"},\"query-input\":{\"@type\":\"PropertyValueSpecification\",\"valueRequired\":true,\"valueName\":\"search_term_string\"}}],\"inLanguage\":\"es\"},{\"@type\":\"Organization\",\"@id\":\"https:\\\/\\\/informelitoral.com.ar\\\/#organization\",\"name\":\"Informe Litoral\",\"url\":\"https:\\\/\\\/informelitoral.com.ar\\\/\",\"logo\":{\"@type\":\"ImageObject\",\"inLanguage\":\"es\",\"@id\":\"https:\\\/\\\/informelitoral.com.ar\\\/#\\\/schema\\\/logo\\\/image\\\/\",\"url\":\"https:\\\/\\\/informelitoral.com.ar\\\/%77%70%2d%63%6f%6e%74%65%6e%74\\\/uploads\\\/2021\\\/01\\\/circulo.png\",\"contentUrl\":\"https:\\\/\\\/informelitoral.com.ar\\\/%77%70%2d%63%6f%6e%74%65%6e%74\\\/uploads\\\/2021\\\/01\\\/circulo.png\",\"width\":723,\"height\":731,\"caption\":\"Informe Litoral\"},\"image\":{\"@id\":\"https:\\\/\\\/informelitoral.com.ar\\\/#\\\/schema\\\/logo\\\/image\\\/\"},\"sameAs\":[\"https:\\\/\\\/www.facebook.com\\\/informelitoral\\\/\",\"https:\\\/\\\/x.com\\\/InformeLitoral\",\"https:\\\/\\\/www.instagram.com\\\/informelitoral\\\/\",\"https:\\\/\\\/www.youtube.com\\\/channel\\\/UCua4Qvz8Icb6MYqhoq9xLXw\"]},{\"@type\":\"Person\",\"@id\":\"https:\\\/\\\/informelitoral.com.ar\\\/#\\\/schema\\\/person\\\/b9d00407c836482871ef1d57bf8e3180\",\"name\":\"Gonzalo Schmidt\",\"image\":{\"@type\":\"ImageObject\",\"inLanguage\":\"es\",\"@id\":\"https:\\\/\\\/secure.gravatar.com\\\/avatar\\\/31a1a7b66ff2de83bd0e9fd79d026630d2d99e55e8bfe501287647b4fd9743de?s=96&d=mm&r=g\",\"url\":\"https:\\\/\\\/secure.gravatar.com\\\/avatar\\\/31a1a7b66ff2de83bd0e9fd79d026630d2d99e55e8bfe501287647b4fd9743de?s=96&d=mm&r=g\",\"contentUrl\":\"https:\\\/\\\/secure.gravatar.com\\\/avatar\\\/31a1a7b66ff2de83bd0e9fd79d026630d2d99e55e8bfe501287647b4fd9743de?s=96&d=mm&r=g\",\"caption\":\"Gonzalo Schmidt\"},\"description\":\"Sitio web de noticias de la provincia de Entre R\u00edos, Argentina. Informaci\u00f3n y entretenimiento. Informe Litoral, nos informamos.\",\"sameAs\":[\"http:\\\/\\\/www.isletasnoticias.com.ar\"],\"url\":\"https:\\\/\\\/informelitoral.com.ar\\\/author\\\/gonzalo\\\/\"}]}<\/script>","yoast_head_json":{"title":"Afirman que la instalaci\u00f3n de nuevas industrias gener\u00f3 m\u00e1s de 7.000 empleos en los \u00faltimos seis a\u00f1os en Entre R\u00edos - Informe Litoral","robots":{"index":"index","follow":"follow","max-snippet":"max-snippet:-1","max-image-preview":"max-image-preview:large","max-video-preview":"max-video-preview:-1"},"canonical":"https:\/\/informelitoral.com.ar\/afirman-que-la-instalacion-de-nuevas-industrias-genero-mas-de-7-000-empleos-en-los-ultimos-seis-anos-en-entre-rios\/","og_locale":"es_ES","og_type":"article","og_title":"Afirman que la instalaci\u00f3n de nuevas industrias gener\u00f3 m\u00e1s de 7.000 empleos en los \u00faltimos seis a\u00f1os en Entre R\u00edos - Informe Litoral","og_description":"La Provincia ya cuenta con 21 parques y &aacute;reas industriales en funcionamiento, siete en formaci&oacute;n y 13 que est&aacute;n proyectados. En los &uacute;ltimos seis a&ntilde;os se instalaron en la provincia 1850 establecimientos industriales que crearon 7019 puestos de trabajo, la mayor&iacute;a en el rubro agro alimentos, maderera y metal mec&aacute;nica. La provincia cuenta con una [&hellip;]","og_url":"https:\/\/informelitoral.com.ar\/afirman-que-la-instalacion-de-nuevas-industrias-genero-mas-de-7-000-empleos-en-los-ultimos-seis-anos-en-entre-rios\/","og_site_name":"Informe Litoral","article_publisher":"https:\/\/www.facebook.com\/informelitoral\/","article_published_time":"2014-10-04T01:59:30+00:00","og_image":[{"width":288,"height":192,"url":"https:\/\/informelitoral.com.ar\/%77%70%2d%63%6f%6e%74%65%6e%74\/uploads\/2014\/10\/m_1412281914.jpg","type":"image\/jpeg"}],"author":"Gonzalo Schmidt","twitter_card":"summary_large_image","twitter_creator":"@InformeLitoral","twitter_site":"@InformeLitoral","twitter_misc":{"Escrito por":"Gonzalo Schmidt","Tiempo de lectura":"4 minutos"},"schema":{"@context":"https:\/\/schema.org","@graph":[{"@type":"Article","@id":"https:\/\/informelitoral.com.ar\/afirman-que-la-instalacion-de-nuevas-industrias-genero-mas-de-7-000-empleos-en-los-ultimos-seis-anos-en-entre-rios\/#article","isPartOf":{"@id":"https:\/\/informelitoral.com.ar\/afirman-que-la-instalacion-de-nuevas-industrias-genero-mas-de-7-000-empleos-en-los-ultimos-seis-anos-en-entre-rios\/"},"author":{"name":"Gonzalo Schmidt","@id":"https:\/\/informelitoral.com.ar\/#\/schema\/person\/b9d00407c836482871ef1d57bf8e3180"},"headline":"Afirman que la instalaci\u00f3n de nuevas industrias gener\u00f3 m\u00e1s de 7.000 empleos en los \u00faltimos seis a\u00f1os en Entre R\u00edos","datePublished":"2014-10-04T01:59:30+00:00","mainEntityOfPage":{"@id":"https:\/\/informelitoral.com.ar\/afirman-que-la-instalacion-de-nuevas-industrias-genero-mas-de-7-000-empleos-en-los-ultimos-seis-anos-en-entre-rios\/"},"wordCount":737,"commentCount":0,"publisher":{"@id":"https:\/\/informelitoral.com.ar\/#organization"},"image":{"@id":"https:\/\/informelitoral.com.ar\/afirman-que-la-instalacion-de-nuevas-industrias-genero-mas-de-7-000-empleos-en-los-ultimos-seis-anos-en-entre-rios\/#primaryimage"},"thumbnailUrl":"http:\/\/www.isletasnoticias.com.ar\/%77%70%2d%63%6f%6e%74%65%6e%74\/uploads\/2014\/10\/m_1412281914.jpg","articleSection":["Entre R\u00edos"],"inLanguage":"es","potentialAction":[{"@type":"CommentAction","name":"Comment","target":["https:\/\/informelitoral.com.ar\/afirman-que-la-instalacion-de-nuevas-industrias-genero-mas-de-7-000-empleos-en-los-ultimos-seis-anos-en-entre-rios\/#respond"]}]},{"@type":"WebPage","@id":"https:\/\/informelitoral.com.ar\/afirman-que-la-instalacion-de-nuevas-industrias-genero-mas-de-7-000-empleos-en-los-ultimos-seis-anos-en-entre-rios\/","url":"https:\/\/informelitoral.com.ar\/afirman-que-la-instalacion-de-nuevas-industrias-genero-mas-de-7-000-empleos-en-los-ultimos-seis-anos-en-entre-rios\/","name":"Afirman que la instalaci\u00f3n de nuevas industrias gener\u00f3 m\u00e1s de 7.000 empleos en los \u00faltimos seis a\u00f1os en Entre R\u00edos - Informe Litoral","isPartOf":{"@id":"https:\/\/informelitoral.com.ar\/#website"},"primaryImageOfPage":{"@id":"https:\/\/informelitoral.com.ar\/afirman-que-la-instalacion-de-nuevas-industrias-genero-mas-de-7-000-empleos-en-los-ultimos-seis-anos-en-entre-rios\/#primaryimage"},"image":{"@id":"https:\/\/informelitoral.com.ar\/afirman-que-la-instalacion-de-nuevas-industrias-genero-mas-de-7-000-empleos-en-los-ultimos-seis-anos-en-entre-rios\/#primaryimage"},"thumbnailUrl":"http:\/\/www.isletasnoticias.com.ar\/%77%70%2d%63%6f%6e%74%65%6e%74\/uploads\/2014\/10\/m_1412281914.jpg","datePublished":"2014-10-04T01:59:30+00:00","breadcrumb":{"@id":"https:\/\/informelitoral.com.ar\/afirman-que-la-instalacion-de-nuevas-industrias-genero-mas-de-7-000-empleos-en-los-ultimos-seis-anos-en-entre-rios\/#breadcrumb"},"inLanguage":"es","potentialAction":[{"@type":"ReadAction","target":["https:\/\/informelitoral.com.ar\/afirman-que-la-instalacion-de-nuevas-industrias-genero-mas-de-7-000-empleos-en-los-ultimos-seis-anos-en-entre-rios\/"]}]},{"@type":"ImageObject","inLanguage":"es","@id":"https:\/\/informelitoral.com.ar\/afirman-que-la-instalacion-de-nuevas-industrias-genero-mas-de-7-000-empleos-en-los-ultimos-seis-anos-en-entre-rios\/#primaryimage","url":"http:\/\/www.isletasnoticias.com.ar\/%77%70%2d%63%6f%6e%74%65%6e%74\/uploads\/2014\/10\/m_1412281914.jpg","contentUrl":"http:\/\/www.isletasnoticias.com.ar\/%77%70%2d%63%6f%6e%74%65%6e%74\/uploads\/2014\/10\/m_1412281914.jpg"},{"@type":"BreadcrumbList","@id":"https:\/\/informelitoral.com.ar\/afirman-que-la-instalacion-de-nuevas-industrias-genero-mas-de-7-000-empleos-en-los-ultimos-seis-anos-en-entre-rios\/#breadcrumb","itemListElement":[{"@type":"ListItem","position":1,"name":"Portada","item":"https:\/\/informelitoral.com.ar\/"},{"@type":"ListItem","position":2,"name":"Afirman que la instalaci\u00f3n de nuevas industrias gener\u00f3 m\u00e1s de 7.000 empleos en los \u00faltimos seis a\u00f1os en Entre R\u00edos"}]},{"@type":"WebSite","@id":"https:\/\/informelitoral.com.ar\/#website","url":"https:\/\/informelitoral.com.ar\/","name":"Informe Litoral","description":"&quot;Nos informamos&quot; ","publisher":{"@id":"https:\/\/informelitoral.com.ar\/#organization"},"potentialAction":[{"@type":"SearchAction","target":{"@type":"EntryPoint","urlTemplate":"https:\/\/informelitoral.com.ar\/?s={search_term_string}"},"query-input":{"@type":"PropertyValueSpecification","valueRequired":true,"valueName":"search_term_string"}}],"inLanguage":"es"},{"@type":"Organization","@id":"https:\/\/informelitoral.com.ar\/#organization","name":"Informe Litoral","url":"https:\/\/informelitoral.com.ar\/","logo":{"@type":"ImageObject","inLanguage":"es","@id":"https:\/\/informelitoral.com.ar\/#\/schema\/logo\/image\/","url":"https:\/\/informelitoral.com.ar\/%77%70%2d%63%6f%6e%74%65%6e%74\/uploads\/2021\/01\/circulo.png","contentUrl":"https:\/\/informelitoral.com.ar\/%77%70%2d%63%6f%6e%74%65%6e%74\/uploads\/2021\/01\/circulo.png","width":723,"height":731,"caption":"Informe Litoral"},"image":{"@id":"https:\/\/informelitoral.com.ar\/#\/schema\/logo\/image\/"},"sameAs":["https:\/\/www.facebook.com\/informelitoral\/","https:\/\/x.com\/InformeLitoral","https:\/\/www.instagram.com\/informelitoral\/","https:\/\/www.youtube.com\/channel\/UCua4Qvz8Icb6MYqhoq9xLXw"]},{"@type":"Person","@id":"https:\/\/informelitoral.com.ar\/#\/schema\/person\/b9d00407c836482871ef1d57bf8e3180","name":"Gonzalo Schmidt","image":{"@type":"ImageObject","inLanguage":"es","@id":"https:\/\/secure.gravatar.com\/avatar\/31a1a7b66ff2de83bd0e9fd79d026630d2d99e55e8bfe501287647b4fd9743de?s=96&d=mm&r=g","url":"https:\/\/secure.gravatar.com\/avatar\/31a1a7b66ff2de83bd0e9fd79d026630d2d99e55e8bfe501287647b4fd9743de?s=96&d=mm&r=g","contentUrl":"https:\/\/secure.gravatar.com\/avatar\/31a1a7b66ff2de83bd0e9fd79d026630d2d99e55e8bfe501287647b4fd9743de?s=96&d=mm&r=g","caption":"Gonzalo Schmidt"},"description":"Sitio web de noticias de la provincia de Entre R\u00edos, Argentina. Informaci\u00f3n y entretenimiento. Informe Litoral, nos informamos.","sameAs":["http:\/\/www.isletasnoticias.com.ar"],"url":"https:\/\/informelitoral.com.ar\/author\/gonzalo\/"}]}},"_links":{"self":[{"href":"https:\/\/informelitoral.com.ar\/%77%70%2d%6a%73%6f%6e\/wp\/v2\/posts\/8448","targetHints":{"allow":["GET"]}}],"collection":[{"href":"https:\/\/informelitoral.com.ar\/%77%70%2d%6a%73%6f%6e\/wp\/v2\/posts"}],"about":[{"href":"https:\/\/informelitoral.com.ar\/%77%70%2d%6a%73%6f%6e\/wp\/v2\/types\/post"}],"author":[{"embeddable":true,"href":"https:\/\/informelitoral.com.ar\/%77%70%2d%6a%73%6f%6e\/wp\/v2\/users\/2"}],"replies":[{"embeddable":true,"href":"https:\/\/informelitoral.com.ar\/%77%70%2d%6a%73%6f%6e\/wp\/v2\/comments?post=8448"}],"version-history":[{"count":0,"href":"https:\/\/informelitoral.com.ar\/%77%70%2d%6a%73%6f%6e\/wp\/v2\/posts\/8448\/revisions"}],"wp:attachment":[{"href":"https:\/\/informelitoral.com.ar\/%77%70%2d%6a%73%6f%6e\/wp\/v2\/media?parent=8448"}],"wp:term":[{"taxonomy":"category","embeddable":true,"href":"https:\/\/informelitoral.com.ar\/%77%70%2d%6a%73%6f%6e\/wp\/v2\/categories?post=8448"},{"taxonomy":"post_tag","embeddable":true,"href":"https:\/\/informelitoral.com.ar\/%77%70%2d%6a%73%6f%6e\/wp\/v2\/tags?post=8448"}],"curies":[{"name":"wp","href":"https:\/\/api.w.org\/{rel}","templated":true}]}}