{"id":84459,"date":"2022-08-22T10:49:48","date_gmt":"2022-08-22T13:49:48","guid":{"rendered":"https:\/\/www.informelitoral.com.ar\/?p=84459"},"modified":"2022-08-22T10:49:48","modified_gmt":"2022-08-22T13:49:48","slug":"diamante-detuvieron-a-conductor-que-choco-a-un-vehiculo-que-termino-impactando-contra-una-vivienda-y-huyo","status":"publish","type":"post","link":"https:\/\/informelitoral.com.ar\/diamante-detuvieron-a-conductor-que-choco-a-un-vehiculo-que-termino-impactando-contra-una-vivienda-y-huyo\/","title":{"rendered":"Diamante: Detuvieron a conductor que choc\u00f3 a un veh\u00edculo que termin\u00f3 impactando contra una vivienda y huy\u00f3"},"content":{"rendered":"<p>Una colisi\u00f3n de singulares caracter\u00edsticas tuvo lugar en Diamante, alrededor de las 17:50 de este domingo. Se pudo confirmar que en Barrio 23 de Septiembre, un furg\u00f3n Traffic, color blanco, hab\u00eda colisionado a una Eco Sport, la cual termina su trayectoria contra un domicilio, da\u00f1ando una ventana y parte de la construcci\u00f3n. En ese momento, el conductor de la Traffic huy\u00f3.<\/p>\n<p>Anoticiada la polic\u00eda, se dispuso un operativo de b\u00fasqueda en las inmediaciones, siendo prontamente localizado. La justicia orden\u00f3 su correcta identificaci\u00f3n, para lo cual el\u00a0hombre manifest\u00f3 que se conducir\u00eda hasta la Jefatura Departamental en su propio veh\u00edculo, escoltado por efectivos de la motorizada. Lo que deb\u00eda ser un tr\u00e1mite, revisti\u00f3 una nueva complicaci\u00f3n.<\/p>\n<p>El desplazamiento fue correcto hasta calles Alem y Andrade, intersecci\u00f3n donde el conductor realiza una maniobra en clara intensi\u00f3n evasiva, huyendo por calle Alem y desarroll\u00e1ndose por ello una persecusi\u00f3n por varias calles de la ciudad. Finalmente, fue interceptado por los uniformados en Ram\u00edrez y Dr. L\u00f3pez.<\/p>\n<p>La Fiscal\u00eda orden\u00f3 que ingrese a la Jefatura en calidad de detenido, por el supuesto delito de Resistencia a la Autoridad; siendo un ciudadano de 52 a\u00f1os, oriundo de Diamante.<\/p>\n","protected":false},"excerpt":{"rendered":"<p>La actitud del protagonista del siniestro vial gener\u00f3 una b\u00fasqueda y persecusi\u00f3n en Diamante.<\/p>\n","protected":false},"author":8,"featured_media":24888,"comment_status":"open","ping_status":"open","sticky":false,"template":"","format":"standard","meta":{"fifu_image_url":"","fifu_image_alt":"","footnotes":""},"categories":[14],"tags":[304],"class_list":{"0":"post-84459","1":"post","2":"type-post","3":"status-publish","4":"format-standard","5":"has-post-thumbnail","7":"category-policiales","8":"tag-accidente-vial"},"yoast_head":"<title>Diamante: Detuvieron a conductor que choc\u00f3 a un veh\u00edculo que termin\u00f3 impactando contra una vivienda y huy\u00f3 - Informe Litoral<\/title>\n<meta name=\"robots\" content=\"index, follow, max-snippet:-1, max-image-preview:large, max-video-preview:-1\" \/>\n<link rel=\"canonical\" href=\"https:\/\/informelitoral.com.ar\/diamante-detuvieron-a-conductor-que-choco-a-un-vehiculo-que-termino-impactando-contra-una-vivienda-y-huyo\/\" \/>\n<meta property=\"og:locale\" content=\"es_ES\" \/>\n<meta property=\"og:type\" content=\"article\" \/>\n<meta property=\"og:title\" content=\"Diamante: Detuvieron a conductor que choc\u00f3 a un veh\u00edculo que termin\u00f3 impactando contra una vivienda y huy\u00f3 - Informe Litoral\" \/>\n<meta property=\"og:description\" content=\"La actitud del protagonista del siniestro vial gener\u00f3 una b\u00fasqueda y persecusi\u00f3n en Diamante.\" \/>\n<meta property=\"og:url\" content=\"https:\/\/informelitoral.com.ar\/diamante-detuvieron-a-conductor-que-choco-a-un-vehiculo-que-termino-impactando-contra-una-vivienda-y-huyo\/\" \/>\n<meta property=\"og:site_name\" content=\"Informe Litoral\" \/>\n<meta property=\"article:publisher\" content=\"https:\/\/www.facebook.com\/informelitoral\/\" \/>\n<meta property=\"article:published_time\" content=\"2022-08-22T13:49:48+00:00\" \/>\n<meta property=\"og:image\" content=\"https:\/\/informelitoral.com.ar\/%77%70%2d%63%6f%6e%74%65%6e%74\/uploads\/2018\/02\/policia-patrullero-768x506.jpg\" \/>\n\t<meta property=\"og:image:width\" content=\"768\" \/>\n\t<meta property=\"og:image:height\" content=\"506\" \/>\n\t<meta property=\"og:image:type\" content=\"image\/jpeg\" \/>\n<meta name=\"author\" content=\"Sebastian\" \/>\n<meta name=\"twitter:card\" content=\"summary_large_image\" \/>\n<meta name=\"twitter:creator\" content=\"@InformeLitoral\" \/>\n<meta name=\"twitter:site\" content=\"@InformeLitoral\" \/>\n<meta name=\"twitter:label1\" content=\"Escrito por\" \/>\n\t<meta name=\"twitter:data1\" content=\"Sebastian\" \/>\n\t<meta name=\"twitter:label2\" content=\"Tiempo de lectura\" \/>\n\t<meta name=\"twitter:data2\" content=\"1 minuto\" \/>\n<script type=\"application\/ld+json\" class=\"yoast-schema-graph\">{\"@context\":\"https:\\\/\\\/schema.org\",\"@graph\":[{\"@type\":\"Article\",\"@id\":\"https:\\\/\\\/informelitoral.com.ar\\\/diamante-detuvieron-a-conductor-que-choco-a-un-vehiculo-que-termino-impactando-contra-una-vivienda-y-huyo\\\/#article\",\"isPartOf\":{\"@id\":\"https:\\\/\\\/informelitoral.com.ar\\\/diamante-detuvieron-a-conductor-que-choco-a-un-vehiculo-que-termino-impactando-contra-una-vivienda-y-huyo\\\/\"},\"author\":{\"name\":\"Sebastian\",\"@id\":\"https:\\\/\\\/informelitoral.com.ar\\\/#\\\/schema\\\/person\\\/f05f9f461677119578717524b127d6d5\"},\"headline\":\"Diamante: Detuvieron a conductor que choc\u00f3 a un veh\u00edculo que termin\u00f3 impactando contra una vivienda y huy\u00f3\",\"datePublished\":\"2022-08-22T13:49:48+00:00\",\"mainEntityOfPage\":{\"@id\":\"https:\\\/\\\/informelitoral.com.ar\\\/diamante-detuvieron-a-conductor-que-choco-a-un-vehiculo-que-termino-impactando-contra-una-vivienda-y-huyo\\\/\"},\"wordCount\":229,\"commentCount\":0,\"publisher\":{\"@id\":\"https:\\\/\\\/informelitoral.com.ar\\\/#organization\"},\"image\":{\"@id\":\"https:\\\/\\\/informelitoral.com.ar\\\/diamante-detuvieron-a-conductor-que-choco-a-un-vehiculo-que-termino-impactando-contra-una-vivienda-y-huyo\\\/#primaryimage\"},\"thumbnailUrl\":\"https:\\\/\\\/informelitoral.com.ar\\\/%77%70%2d%63%6f%6e%74%65%6e%74\\\/uploads\\\/2018\\\/02\\\/policia-patrullero-768x506.jpg\",\"keywords\":[\"Accidente vial\"],\"articleSection\":[\"Policiales\"],\"inLanguage\":\"es\",\"potentialAction\":[{\"@type\":\"CommentAction\",\"name\":\"Comment\",\"target\":[\"https:\\\/\\\/informelitoral.com.ar\\\/diamante-detuvieron-a-conductor-que-choco-a-un-vehiculo-que-termino-impactando-contra-una-vivienda-y-huyo\\\/#respond\"]}]},{\"@type\":\"WebPage\",\"@id\":\"https:\\\/\\\/informelitoral.com.ar\\\/diamante-detuvieron-a-conductor-que-choco-a-un-vehiculo-que-termino-impactando-contra-una-vivienda-y-huyo\\\/\",\"url\":\"https:\\\/\\\/informelitoral.com.ar\\\/diamante-detuvieron-a-conductor-que-choco-a-un-vehiculo-que-termino-impactando-contra-una-vivienda-y-huyo\\\/\",\"name\":\"Diamante: Detuvieron a conductor que choc\u00f3 a un veh\u00edculo que termin\u00f3 impactando contra una vivienda y huy\u00f3 - Informe Litoral\",\"isPartOf\":{\"@id\":\"https:\\\/\\\/informelitoral.com.ar\\\/#website\"},\"primaryImageOfPage\":{\"@id\":\"https:\\\/\\\/informelitoral.com.ar\\\/diamante-detuvieron-a-conductor-que-choco-a-un-vehiculo-que-termino-impactando-contra-una-vivienda-y-huyo\\\/#primaryimage\"},\"image\":{\"@id\":\"https:\\\/\\\/informelitoral.com.ar\\\/diamante-detuvieron-a-conductor-que-choco-a-un-vehiculo-que-termino-impactando-contra-una-vivienda-y-huyo\\\/#primaryimage\"},\"thumbnailUrl\":\"https:\\\/\\\/informelitoral.com.ar\\\/%77%70%2d%63%6f%6e%74%65%6e%74\\\/uploads\\\/2018\\\/02\\\/policia-patrullero-768x506.jpg\",\"datePublished\":\"2022-08-22T13:49:48+00:00\",\"breadcrumb\":{\"@id\":\"https:\\\/\\\/informelitoral.com.ar\\\/diamante-detuvieron-a-conductor-que-choco-a-un-vehiculo-que-termino-impactando-contra-una-vivienda-y-huyo\\\/#breadcrumb\"},\"inLanguage\":\"es\",\"potentialAction\":[{\"@type\":\"ReadAction\",\"target\":[\"https:\\\/\\\/informelitoral.com.ar\\\/diamante-detuvieron-a-conductor-que-choco-a-un-vehiculo-que-termino-impactando-contra-una-vivienda-y-huyo\\\/\"]}]},{\"@type\":\"ImageObject\",\"inLanguage\":\"es\",\"@id\":\"https:\\\/\\\/informelitoral.com.ar\\\/diamante-detuvieron-a-conductor-que-choco-a-un-vehiculo-que-termino-impactando-contra-una-vivienda-y-huyo\\\/#primaryimage\",\"url\":\"https:\\\/\\\/informelitoral.com.ar\\\/%77%70%2d%63%6f%6e%74%65%6e%74\\\/uploads\\\/2018\\\/02\\\/policia-patrullero-768x506.jpg\",\"contentUrl\":\"https:\\\/\\\/informelitoral.com.ar\\\/%77%70%2d%63%6f%6e%74%65%6e%74\\\/uploads\\\/2018\\\/02\\\/policia-patrullero-768x506.jpg\",\"width\":768,\"height\":506},{\"@type\":\"BreadcrumbList\",\"@id\":\"https:\\\/\\\/informelitoral.com.ar\\\/diamante-detuvieron-a-conductor-que-choco-a-un-vehiculo-que-termino-impactando-contra-una-vivienda-y-huyo\\\/#breadcrumb\",\"itemListElement\":[{\"@type\":\"ListItem\",\"position\":1,\"name\":\"Portada\",\"item\":\"https:\\\/\\\/informelitoral.com.ar\\\/\"},{\"@type\":\"ListItem\",\"position\":2,\"name\":\"Diamante: Detuvieron a conductor que choc\u00f3 a un veh\u00edculo que termin\u00f3 impactando contra una vivienda y huy\u00f3\"}]},{\"@type\":\"WebSite\",\"@id\":\"https:\\\/\\\/informelitoral.com.ar\\\/#website\",\"url\":\"https:\\\/\\\/informelitoral.com.ar\\\/\",\"name\":\"Informe Litoral\",\"description\":\"&quot;Nos informamos&quot; \",\"publisher\":{\"@id\":\"https:\\\/\\\/informelitoral.com.ar\\\/#organization\"},\"potentialAction\":[{\"@type\":\"SearchAction\",\"target\":{\"@type\":\"EntryPoint\",\"urlTemplate\":\"https:\\\/\\\/informelitoral.com.ar\\\/?s={search_term_string}\"},\"query-input\":{\"@type\":\"PropertyValueSpecification\",\"valueRequired\":true,\"valueName\":\"search_term_string\"}}],\"inLanguage\":\"es\"},{\"@type\":\"Organization\",\"@id\":\"https:\\\/\\\/informelitoral.com.ar\\\/#organization\",\"name\":\"Informe Litoral\",\"url\":\"https:\\\/\\\/informelitoral.com.ar\\\/\",\"logo\":{\"@type\":\"ImageObject\",\"inLanguage\":\"es\",\"@id\":\"https:\\\/\\\/informelitoral.com.ar\\\/#\\\/schema\\\/logo\\\/image\\\/\",\"url\":\"https:\\\/\\\/informelitoral.com.ar\\\/%77%70%2d%63%6f%6e%74%65%6e%74\\\/uploads\\\/2021\\\/01\\\/circulo.png\",\"contentUrl\":\"https:\\\/\\\/informelitoral.com.ar\\\/%77%70%2d%63%6f%6e%74%65%6e%74\\\/uploads\\\/2021\\\/01\\\/circulo.png\",\"width\":723,\"height\":731,\"caption\":\"Informe Litoral\"},\"image\":{\"@id\":\"https:\\\/\\\/informelitoral.com.ar\\\/#\\\/schema\\\/logo\\\/image\\\/\"},\"sameAs\":[\"https:\\\/\\\/www.facebook.com\\\/informelitoral\\\/\",\"https:\\\/\\\/x.com\\\/InformeLitoral\",\"https:\\\/\\\/www.instagram.com\\\/informelitoral\\\/\",\"https:\\\/\\\/www.youtube.com\\\/channel\\\/UCua4Qvz8Icb6MYqhoq9xLXw\"]},{\"@type\":\"Person\",\"@id\":\"https:\\\/\\\/informelitoral.com.ar\\\/#\\\/schema\\\/person\\\/f05f9f461677119578717524b127d6d5\",\"name\":\"Sebastian\",\"image\":{\"@type\":\"ImageObject\",\"inLanguage\":\"es\",\"@id\":\"https:\\\/\\\/secure.gravatar.com\\\/avatar\\\/b71bf7481d447dfb9583c7f2798e7cc64de6efb9067b74633ed8c31059a3bd82?s=96&d=mm&r=g\",\"url\":\"https:\\\/\\\/secure.gravatar.com\\\/avatar\\\/b71bf7481d447dfb9583c7f2798e7cc64de6efb9067b74633ed8c31059a3bd82?s=96&d=mm&r=g\",\"contentUrl\":\"https:\\\/\\\/secure.gravatar.com\\\/avatar\\\/b71bf7481d447dfb9583c7f2798e7cc64de6efb9067b74633ed8c31059a3bd82?s=96&d=mm&r=g\",\"caption\":\"Sebastian\"},\"url\":\"https:\\\/\\\/informelitoral.com.ar\\\/author\\\/sebastian\\\/\"}]}<\/script>","yoast_head_json":{"title":"Diamante: Detuvieron a conductor que choc\u00f3 a un veh\u00edculo que termin\u00f3 impactando contra una vivienda y huy\u00f3 - Informe Litoral","robots":{"index":"index","follow":"follow","max-snippet":"max-snippet:-1","max-image-preview":"max-image-preview:large","max-video-preview":"max-video-preview:-1"},"canonical":"https:\/\/informelitoral.com.ar\/diamante-detuvieron-a-conductor-que-choco-a-un-vehiculo-que-termino-impactando-contra-una-vivienda-y-huyo\/","og_locale":"es_ES","og_type":"article","og_title":"Diamante: Detuvieron a conductor que choc\u00f3 a un veh\u00edculo que termin\u00f3 impactando contra una vivienda y huy\u00f3 - Informe Litoral","og_description":"La actitud del protagonista del siniestro vial gener\u00f3 una b\u00fasqueda y persecusi\u00f3n en Diamante.","og_url":"https:\/\/informelitoral.com.ar\/diamante-detuvieron-a-conductor-que-choco-a-un-vehiculo-que-termino-impactando-contra-una-vivienda-y-huyo\/","og_site_name":"Informe Litoral","article_publisher":"https:\/\/www.facebook.com\/informelitoral\/","article_published_time":"2022-08-22T13:49:48+00:00","og_image":[{"width":768,"height":506,"url":"https:\/\/informelitoral.com.ar\/%77%70%2d%63%6f%6e%74%65%6e%74\/uploads\/2018\/02\/policia-patrullero-768x506.jpg","type":"image\/jpeg"}],"author":"Sebastian","twitter_card":"summary_large_image","twitter_creator":"@InformeLitoral","twitter_site":"@InformeLitoral","twitter_misc":{"Escrito por":"Sebastian","Tiempo de lectura":"1 minuto"},"schema":{"@context":"https:\/\/schema.org","@graph":[{"@type":"Article","@id":"https:\/\/informelitoral.com.ar\/diamante-detuvieron-a-conductor-que-choco-a-un-vehiculo-que-termino-impactando-contra-una-vivienda-y-huyo\/#article","isPartOf":{"@id":"https:\/\/informelitoral.com.ar\/diamante-detuvieron-a-conductor-que-choco-a-un-vehiculo-que-termino-impactando-contra-una-vivienda-y-huyo\/"},"author":{"name":"Sebastian","@id":"https:\/\/informelitoral.com.ar\/#\/schema\/person\/f05f9f461677119578717524b127d6d5"},"headline":"Diamante: Detuvieron a conductor que choc\u00f3 a un veh\u00edculo que termin\u00f3 impactando contra una vivienda y huy\u00f3","datePublished":"2022-08-22T13:49:48+00:00","mainEntityOfPage":{"@id":"https:\/\/informelitoral.com.ar\/diamante-detuvieron-a-conductor-que-choco-a-un-vehiculo-que-termino-impactando-contra-una-vivienda-y-huyo\/"},"wordCount":229,"commentCount":0,"publisher":{"@id":"https:\/\/informelitoral.com.ar\/#organization"},"image":{"@id":"https:\/\/informelitoral.com.ar\/diamante-detuvieron-a-conductor-que-choco-a-un-vehiculo-que-termino-impactando-contra-una-vivienda-y-huyo\/#primaryimage"},"thumbnailUrl":"https:\/\/informelitoral.com.ar\/%77%70%2d%63%6f%6e%74%65%6e%74\/uploads\/2018\/02\/policia-patrullero-768x506.jpg","keywords":["Accidente vial"],"articleSection":["Policiales"],"inLanguage":"es","potentialAction":[{"@type":"CommentAction","name":"Comment","target":["https:\/\/informelitoral.com.ar\/diamante-detuvieron-a-conductor-que-choco-a-un-vehiculo-que-termino-impactando-contra-una-vivienda-y-huyo\/#respond"]}]},{"@type":"WebPage","@id":"https:\/\/informelitoral.com.ar\/diamante-detuvieron-a-conductor-que-choco-a-un-vehiculo-que-termino-impactando-contra-una-vivienda-y-huyo\/","url":"https:\/\/informelitoral.com.ar\/diamante-detuvieron-a-conductor-que-choco-a-un-vehiculo-que-termino-impactando-contra-una-vivienda-y-huyo\/","name":"Diamante: Detuvieron a conductor que choc\u00f3 a un veh\u00edculo que termin\u00f3 impactando contra una vivienda y huy\u00f3 - Informe Litoral","isPartOf":{"@id":"https:\/\/informelitoral.com.ar\/#website"},"primaryImageOfPage":{"@id":"https:\/\/informelitoral.com.ar\/diamante-detuvieron-a-conductor-que-choco-a-un-vehiculo-que-termino-impactando-contra-una-vivienda-y-huyo\/#primaryimage"},"image":{"@id":"https:\/\/informelitoral.com.ar\/diamante-detuvieron-a-conductor-que-choco-a-un-vehiculo-que-termino-impactando-contra-una-vivienda-y-huyo\/#primaryimage"},"thumbnailUrl":"https:\/\/informelitoral.com.ar\/%77%70%2d%63%6f%6e%74%65%6e%74\/uploads\/2018\/02\/policia-patrullero-768x506.jpg","datePublished":"2022-08-22T13:49:48+00:00","breadcrumb":{"@id":"https:\/\/informelitoral.com.ar\/diamante-detuvieron-a-conductor-que-choco-a-un-vehiculo-que-termino-impactando-contra-una-vivienda-y-huyo\/#breadcrumb"},"inLanguage":"es","potentialAction":[{"@type":"ReadAction","target":["https:\/\/informelitoral.com.ar\/diamante-detuvieron-a-conductor-que-choco-a-un-vehiculo-que-termino-impactando-contra-una-vivienda-y-huyo\/"]}]},{"@type":"ImageObject","inLanguage":"es","@id":"https:\/\/informelitoral.com.ar\/diamante-detuvieron-a-conductor-que-choco-a-un-vehiculo-que-termino-impactando-contra-una-vivienda-y-huyo\/#primaryimage","url":"https:\/\/informelitoral.com.ar\/%77%70%2d%63%6f%6e%74%65%6e%74\/uploads\/2018\/02\/policia-patrullero-768x506.jpg","contentUrl":"https:\/\/informelitoral.com.ar\/%77%70%2d%63%6f%6e%74%65%6e%74\/uploads\/2018\/02\/policia-patrullero-768x506.jpg","width":768,"height":506},{"@type":"BreadcrumbList","@id":"https:\/\/informelitoral.com.ar\/diamante-detuvieron-a-conductor-que-choco-a-un-vehiculo-que-termino-impactando-contra-una-vivienda-y-huyo\/#breadcrumb","itemListElement":[{"@type":"ListItem","position":1,"name":"Portada","item":"https:\/\/informelitoral.com.ar\/"},{"@type":"ListItem","position":2,"name":"Diamante: Detuvieron a conductor que choc\u00f3 a un veh\u00edculo que termin\u00f3 impactando contra una vivienda y huy\u00f3"}]},{"@type":"WebSite","@id":"https:\/\/informelitoral.com.ar\/#website","url":"https:\/\/informelitoral.com.ar\/","name":"Informe Litoral","description":"&quot;Nos informamos&quot; ","publisher":{"@id":"https:\/\/informelitoral.com.ar\/#organization"},"potentialAction":[{"@type":"SearchAction","target":{"@type":"EntryPoint","urlTemplate":"https:\/\/informelitoral.com.ar\/?s={search_term_string}"},"query-input":{"@type":"PropertyValueSpecification","valueRequired":true,"valueName":"search_term_string"}}],"inLanguage":"es"},{"@type":"Organization","@id":"https:\/\/informelitoral.com.ar\/#organization","name":"Informe Litoral","url":"https:\/\/informelitoral.com.ar\/","logo":{"@type":"ImageObject","inLanguage":"es","@id":"https:\/\/informelitoral.com.ar\/#\/schema\/logo\/image\/","url":"https:\/\/informelitoral.com.ar\/%77%70%2d%63%6f%6e%74%65%6e%74\/uploads\/2021\/01\/circulo.png","contentUrl":"https:\/\/informelitoral.com.ar\/%77%70%2d%63%6f%6e%74%65%6e%74\/uploads\/2021\/01\/circulo.png","width":723,"height":731,"caption":"Informe Litoral"},"image":{"@id":"https:\/\/informelitoral.com.ar\/#\/schema\/logo\/image\/"},"sameAs":["https:\/\/www.facebook.com\/informelitoral\/","https:\/\/x.com\/InformeLitoral","https:\/\/www.instagram.com\/informelitoral\/","https:\/\/www.youtube.com\/channel\/UCua4Qvz8Icb6MYqhoq9xLXw"]},{"@type":"Person","@id":"https:\/\/informelitoral.com.ar\/#\/schema\/person\/f05f9f461677119578717524b127d6d5","name":"Sebastian","image":{"@type":"ImageObject","inLanguage":"es","@id":"https:\/\/secure.gravatar.com\/avatar\/b71bf7481d447dfb9583c7f2798e7cc64de6efb9067b74633ed8c31059a3bd82?s=96&d=mm&r=g","url":"https:\/\/secure.gravatar.com\/avatar\/b71bf7481d447dfb9583c7f2798e7cc64de6efb9067b74633ed8c31059a3bd82?s=96&d=mm&r=g","contentUrl":"https:\/\/secure.gravatar.com\/avatar\/b71bf7481d447dfb9583c7f2798e7cc64de6efb9067b74633ed8c31059a3bd82?s=96&d=mm&r=g","caption":"Sebastian"},"url":"https:\/\/informelitoral.com.ar\/author\/sebastian\/"}]}},"_links":{"self":[{"href":"https:\/\/informelitoral.com.ar\/%77%70%2d%6a%73%6f%6e\/wp\/v2\/posts\/84459","targetHints":{"allow":["GET"]}}],"collection":[{"href":"https:\/\/informelitoral.com.ar\/%77%70%2d%6a%73%6f%6e\/wp\/v2\/posts"}],"about":[{"href":"https:\/\/informelitoral.com.ar\/%77%70%2d%6a%73%6f%6e\/wp\/v2\/types\/post"}],"author":[{"embeddable":true,"href":"https:\/\/informelitoral.com.ar\/%77%70%2d%6a%73%6f%6e\/wp\/v2\/users\/8"}],"replies":[{"embeddable":true,"href":"https:\/\/informelitoral.com.ar\/%77%70%2d%6a%73%6f%6e\/wp\/v2\/comments?post=84459"}],"version-history":[{"count":0,"href":"https:\/\/informelitoral.com.ar\/%77%70%2d%6a%73%6f%6e\/wp\/v2\/posts\/84459\/revisions"}],"wp:featuredmedia":[{"embeddable":true,"href":"https:\/\/informelitoral.com.ar\/%77%70%2d%6a%73%6f%6e\/wp\/v2\/media\/24888"}],"wp:attachment":[{"href":"https:\/\/informelitoral.com.ar\/%77%70%2d%6a%73%6f%6e\/wp\/v2\/media?parent=84459"}],"wp:term":[{"taxonomy":"category","embeddable":true,"href":"https:\/\/informelitoral.com.ar\/%77%70%2d%6a%73%6f%6e\/wp\/v2\/categories?post=84459"},{"taxonomy":"post_tag","embeddable":true,"href":"https:\/\/informelitoral.com.ar\/%77%70%2d%6a%73%6f%6e\/wp\/v2\/tags?post=84459"}],"curies":[{"name":"wp","href":"https:\/\/api.w.org\/{rel}","templated":true}]}}