{"id":84454,"date":"2022-08-22T10:36:53","date_gmt":"2022-08-22T13:36:53","guid":{"rendered":"https:\/\/www.informelitoral.com.ar\/?p=84454"},"modified":"2022-08-22T10:36:53","modified_gmt":"2022-08-22T13:36:53","slug":"apuntan-a-la-modernizacion-del-tribunal-de-cuentas-para-mejorar-la-transparencia","status":"publish","type":"post","link":"https:\/\/informelitoral.com.ar\/apuntan-a-la-modernizacion-del-tribunal-de-cuentas-para-mejorar-la-transparencia\/","title":{"rendered":"Apuntan a la modernizaci\u00f3n del Tribunal de Cuentas para mejorar la transparencia"},"content":{"rendered":"<p>Luego del encuentro, Lara cont\u00f3 que abordaron las \u201cinversiones en materia de infraestructura en la sede, en tecnolog\u00eda y en capacitaciones\u201d, que se llevan a cabo en el Tribunal de Cuentas, y remarc\u00f3 el inter\u00e9s del gobernador en el fortalecimiento de la transparencia de la gesti\u00f3n y la calidad institucional.<\/p>\n<p>El funcionario precis\u00f3 que el aspecto central del trabajo que se lleva adelante es la modernizaci\u00f3n del organismo. En ese contexto, \u00abfirmamos los convenios necesarios para realizar una prueba piloto e implementar un sistema muy novedoso, que consiste en la notificaci\u00f3n electr\u00f3nica y el domicilio digital de todo el universo de organismos que auditamos\u201d, puntualiz\u00f3. En esa l\u00ednea, remarc\u00f3 que el trabajo que se lleva adelante aportar\u00e1 \u201cagilidad de los procedimientos, a la despapelizaci\u00f3n en los expedientes y a la seguridad de la informaci\u00f3n que se administra\u201d.<\/p>\n<p>Por otra parte, subray\u00f3 que se est\u00e1 llevando adelante \u201cel proceso de licitaci\u00f3n de una obra de mejora de infraestructura del tercer y cuarto piso del Tribunal de Cuentas\u201d, que \u201cva a ser una inversi\u00f3n hist\u00f3rica, porque mejorar\u00e1 mucho las condiciones laborales de todo el personal\u00bb.<\/p>\n<p>\u201cEl compromiso es seguir trabajando desde el punto de vista presupuestario para atender todas estas cuestiones que tienen que ver con el presupuesto del Tribunal de Cuentas, que est\u00e1 dentro del presupuesto general de la Administraci\u00f3n P\u00fablica provincial\u00bb, agreg\u00f3 Lara.<\/p>\n<p>Modernizaci\u00f3n<\/p>\n<p>Respecto al proceso de modernizaci\u00f3n que est\u00e1 encarando el organismo de contralor, se\u00f1al\u00f3 que \u201cuno de los pilares fundamentales y objetivos de la actual gesti\u00f3n del Tribunal es modernizarlo, actualizarlo y adaptarlo a los tiempos que corren\u201d.<\/p>\n<p>En ese sentido, hizo hincapi\u00e9 en que \u201cimpulsamos un proceso de digitalizaci\u00f3n de los expedientes, e inversi\u00f3n en tecnolog\u00eda\u201d. \u201cEl Tribunal ha incorporado computadoras, notebooks, ha mejorado la red de conectividad y un servidor con una capacidad de almacenamiento muy importante que est\u00e1 previsto, asentado en el propio edificio en la Caja de Jubilaciones\u201d, puntualiz\u00f3 el presidente del TdC.<\/p>\n<p>La idea es llevar adelante \u201ctodo un proceso de cara a tener el expediente digital\u201d, adelant\u00f3 Lara, y explic\u00f3 que \u201cla primera instancia es esta prueba piloto\u201d. En ese marco, \u201cvamos a firmar convenios con la Secretar\u00eda General de la Gobernaci\u00f3n, con la Caja de Jubilaciones, con la Polic\u00eda, con el Instituto del Seguro, con algunos ministerios y municipios. Va a ser una prueba piloto de lo que va a ser la notificaci\u00f3n electr\u00f3nica y el domicilio digital, que es un salto cualitativo en cuanto a la celeridad de los expedientes con respecto a todo el universo de organismos que tienen que rendir cuentas ante el Tribunal\u201d, concluy\u00f3.<\/p>\n","protected":false},"excerpt":{"rendered":"<p>El gobernador Gustavo Bordet se reuni\u00f3 con el titular del Tribunal de Cuentas, Diego Lara. Analizaron las inversiones en modernizaci\u00f3n e infraestructura que lleva adelante el organismo y su aporte a la transparencia y calidad institucional de la provincia.<\/p>\n","protected":false},"author":8,"featured_media":84456,"comment_status":"open","ping_status":"open","sticky":false,"template":"","format":"standard","meta":{"fifu_image_url":"","fifu_image_alt":"","footnotes":""},"categories":[6],"tags":[167,3902],"class_list":{"0":"post-84454","1":"post","2":"type-post","3":"status-publish","4":"format-standard","5":"has-post-thumbnail","7":"category-entre-rios","8":"tag-gustavo-bordet","9":"tag-tribunal-de-cuentas"},"yoast_head":"<title>Apuntan a la modernizaci\u00f3n del Tribunal de Cuentas para mejorar la transparencia - Informe Litoral<\/title>\n<meta name=\"robots\" content=\"index, follow, max-snippet:-1, max-image-preview:large, max-video-preview:-1\" \/>\n<link rel=\"canonical\" href=\"https:\/\/informelitoral.com.ar\/apuntan-a-la-modernizacion-del-tribunal-de-cuentas-para-mejorar-la-transparencia\/\" \/>\n<meta property=\"og:locale\" content=\"es_ES\" \/>\n<meta property=\"og:type\" content=\"article\" \/>\n<meta property=\"og:title\" content=\"Apuntan a la modernizaci\u00f3n del Tribunal de Cuentas para mejorar la transparencia - Informe Litoral\" \/>\n<meta property=\"og:description\" content=\"El gobernador Gustavo Bordet se reuni\u00f3 con el titular del Tribunal de Cuentas, Diego Lara. Analizaron las inversiones en modernizaci\u00f3n e infraestructura que lleva adelante el organismo y su aporte a la transparencia y calidad institucional de la provincia.\" \/>\n<meta property=\"og:url\" content=\"https:\/\/informelitoral.com.ar\/apuntan-a-la-modernizacion-del-tribunal-de-cuentas-para-mejorar-la-transparencia\/\" \/>\n<meta property=\"og:site_name\" content=\"Informe Litoral\" \/>\n<meta property=\"article:publisher\" content=\"https:\/\/www.facebook.com\/informelitoral\/\" \/>\n<meta property=\"article:published_time\" content=\"2022-08-22T13:36:53+00:00\" \/>\n<meta property=\"og:image\" content=\"https:\/\/informelitoral.com.ar\/%77%70%2d%63%6f%6e%74%65%6e%74\/uploads\/2022\/08\/p_1661174073.jpg\" \/>\n\t<meta property=\"og:image:width\" content=\"1920\" \/>\n\t<meta property=\"og:image:height\" content=\"800\" \/>\n\t<meta property=\"og:image:type\" content=\"image\/jpeg\" \/>\n<meta name=\"author\" content=\"Sebastian\" \/>\n<meta name=\"twitter:card\" content=\"summary_large_image\" \/>\n<meta name=\"twitter:creator\" content=\"@InformeLitoral\" \/>\n<meta name=\"twitter:site\" content=\"@InformeLitoral\" \/>\n<meta name=\"twitter:label1\" content=\"Escrito por\" \/>\n\t<meta name=\"twitter:data1\" content=\"Sebastian\" \/>\n\t<meta name=\"twitter:label2\" content=\"Tiempo de lectura\" \/>\n\t<meta name=\"twitter:data2\" content=\"2 minutos\" \/>\n<script type=\"application\/ld+json\" class=\"yoast-schema-graph\">{\"@context\":\"https:\\\/\\\/schema.org\",\"@graph\":[{\"@type\":\"Article\",\"@id\":\"https:\\\/\\\/informelitoral.com.ar\\\/apuntan-a-la-modernizacion-del-tribunal-de-cuentas-para-mejorar-la-transparencia\\\/#article\",\"isPartOf\":{\"@id\":\"https:\\\/\\\/informelitoral.com.ar\\\/apuntan-a-la-modernizacion-del-tribunal-de-cuentas-para-mejorar-la-transparencia\\\/\"},\"author\":{\"name\":\"Sebastian\",\"@id\":\"https:\\\/\\\/informelitoral.com.ar\\\/#\\\/schema\\\/person\\\/f05f9f461677119578717524b127d6d5\"},\"headline\":\"Apuntan a la modernizaci\u00f3n del Tribunal de Cuentas para mejorar la transparencia\",\"datePublished\":\"2022-08-22T13:36:53+00:00\",\"mainEntityOfPage\":{\"@id\":\"https:\\\/\\\/informelitoral.com.ar\\\/apuntan-a-la-modernizacion-del-tribunal-de-cuentas-para-mejorar-la-transparencia\\\/\"},\"wordCount\":467,\"commentCount\":0,\"publisher\":{\"@id\":\"https:\\\/\\\/informelitoral.com.ar\\\/#organization\"},\"image\":{\"@id\":\"https:\\\/\\\/informelitoral.com.ar\\\/apuntan-a-la-modernizacion-del-tribunal-de-cuentas-para-mejorar-la-transparencia\\\/#primaryimage\"},\"thumbnailUrl\":\"https:\\\/\\\/informelitoral.com.ar\\\/%77%70%2d%63%6f%6e%74%65%6e%74\\\/uploads\\\/2022\\\/08\\\/p_1661174073.jpg\",\"keywords\":[\"Gustavo Bordet\",\"Tribunal de cuentas\"],\"articleSection\":[\"Entre R\u00edos\"],\"inLanguage\":\"es\",\"potentialAction\":[{\"@type\":\"CommentAction\",\"name\":\"Comment\",\"target\":[\"https:\\\/\\\/informelitoral.com.ar\\\/apuntan-a-la-modernizacion-del-tribunal-de-cuentas-para-mejorar-la-transparencia\\\/#respond\"]}]},{\"@type\":\"WebPage\",\"@id\":\"https:\\\/\\\/informelitoral.com.ar\\\/apuntan-a-la-modernizacion-del-tribunal-de-cuentas-para-mejorar-la-transparencia\\\/\",\"url\":\"https:\\\/\\\/informelitoral.com.ar\\\/apuntan-a-la-modernizacion-del-tribunal-de-cuentas-para-mejorar-la-transparencia\\\/\",\"name\":\"Apuntan a la modernizaci\u00f3n del Tribunal de Cuentas para mejorar la transparencia - Informe Litoral\",\"isPartOf\":{\"@id\":\"https:\\\/\\\/informelitoral.com.ar\\\/#website\"},\"primaryImageOfPage\":{\"@id\":\"https:\\\/\\\/informelitoral.com.ar\\\/apuntan-a-la-modernizacion-del-tribunal-de-cuentas-para-mejorar-la-transparencia\\\/#primaryimage\"},\"image\":{\"@id\":\"https:\\\/\\\/informelitoral.com.ar\\\/apuntan-a-la-modernizacion-del-tribunal-de-cuentas-para-mejorar-la-transparencia\\\/#primaryimage\"},\"thumbnailUrl\":\"https:\\\/\\\/informelitoral.com.ar\\\/%77%70%2d%63%6f%6e%74%65%6e%74\\\/uploads\\\/2022\\\/08\\\/p_1661174073.jpg\",\"datePublished\":\"2022-08-22T13:36:53+00:00\",\"breadcrumb\":{\"@id\":\"https:\\\/\\\/informelitoral.com.ar\\\/apuntan-a-la-modernizacion-del-tribunal-de-cuentas-para-mejorar-la-transparencia\\\/#breadcrumb\"},\"inLanguage\":\"es\",\"potentialAction\":[{\"@type\":\"ReadAction\",\"target\":[\"https:\\\/\\\/informelitoral.com.ar\\\/apuntan-a-la-modernizacion-del-tribunal-de-cuentas-para-mejorar-la-transparencia\\\/\"]}]},{\"@type\":\"ImageObject\",\"inLanguage\":\"es\",\"@id\":\"https:\\\/\\\/informelitoral.com.ar\\\/apuntan-a-la-modernizacion-del-tribunal-de-cuentas-para-mejorar-la-transparencia\\\/#primaryimage\",\"url\":\"https:\\\/\\\/informelitoral.com.ar\\\/%77%70%2d%63%6f%6e%74%65%6e%74\\\/uploads\\\/2022\\\/08\\\/p_1661174073.jpg\",\"contentUrl\":\"https:\\\/\\\/informelitoral.com.ar\\\/%77%70%2d%63%6f%6e%74%65%6e%74\\\/uploads\\\/2022\\\/08\\\/p_1661174073.jpg\",\"width\":1920,\"height\":800},{\"@type\":\"BreadcrumbList\",\"@id\":\"https:\\\/\\\/informelitoral.com.ar\\\/apuntan-a-la-modernizacion-del-tribunal-de-cuentas-para-mejorar-la-transparencia\\\/#breadcrumb\",\"itemListElement\":[{\"@type\":\"ListItem\",\"position\":1,\"name\":\"Portada\",\"item\":\"https:\\\/\\\/informelitoral.com.ar\\\/\"},{\"@type\":\"ListItem\",\"position\":2,\"name\":\"Apuntan a la modernizaci\u00f3n del Tribunal de Cuentas para mejorar la transparencia\"}]},{\"@type\":\"WebSite\",\"@id\":\"https:\\\/\\\/informelitoral.com.ar\\\/#website\",\"url\":\"https:\\\/\\\/informelitoral.com.ar\\\/\",\"name\":\"Informe Litoral\",\"description\":\"&quot;Nos informamos&quot; \",\"publisher\":{\"@id\":\"https:\\\/\\\/informelitoral.com.ar\\\/#organization\"},\"potentialAction\":[{\"@type\":\"SearchAction\",\"target\":{\"@type\":\"EntryPoint\",\"urlTemplate\":\"https:\\\/\\\/informelitoral.com.ar\\\/?s={search_term_string}\"},\"query-input\":{\"@type\":\"PropertyValueSpecification\",\"valueRequired\":true,\"valueName\":\"search_term_string\"}}],\"inLanguage\":\"es\"},{\"@type\":\"Organization\",\"@id\":\"https:\\\/\\\/informelitoral.com.ar\\\/#organization\",\"name\":\"Informe Litoral\",\"url\":\"https:\\\/\\\/informelitoral.com.ar\\\/\",\"logo\":{\"@type\":\"ImageObject\",\"inLanguage\":\"es\",\"@id\":\"https:\\\/\\\/informelitoral.com.ar\\\/#\\\/schema\\\/logo\\\/image\\\/\",\"url\":\"https:\\\/\\\/informelitoral.com.ar\\\/%77%70%2d%63%6f%6e%74%65%6e%74\\\/uploads\\\/2021\\\/01\\\/circulo.png\",\"contentUrl\":\"https:\\\/\\\/informelitoral.com.ar\\\/%77%70%2d%63%6f%6e%74%65%6e%74\\\/uploads\\\/2021\\\/01\\\/circulo.png\",\"width\":723,\"height\":731,\"caption\":\"Informe Litoral\"},\"image\":{\"@id\":\"https:\\\/\\\/informelitoral.com.ar\\\/#\\\/schema\\\/logo\\\/image\\\/\"},\"sameAs\":[\"https:\\\/\\\/www.facebook.com\\\/informelitoral\\\/\",\"https:\\\/\\\/x.com\\\/InformeLitoral\",\"https:\\\/\\\/www.instagram.com\\\/informelitoral\\\/\",\"https:\\\/\\\/www.youtube.com\\\/channel\\\/UCua4Qvz8Icb6MYqhoq9xLXw\"]},{\"@type\":\"Person\",\"@id\":\"https:\\\/\\\/informelitoral.com.ar\\\/#\\\/schema\\\/person\\\/f05f9f461677119578717524b127d6d5\",\"name\":\"Sebastian\",\"image\":{\"@type\":\"ImageObject\",\"inLanguage\":\"es\",\"@id\":\"https:\\\/\\\/secure.gravatar.com\\\/avatar\\\/b71bf7481d447dfb9583c7f2798e7cc64de6efb9067b74633ed8c31059a3bd82?s=96&d=mm&r=g\",\"url\":\"https:\\\/\\\/secure.gravatar.com\\\/avatar\\\/b71bf7481d447dfb9583c7f2798e7cc64de6efb9067b74633ed8c31059a3bd82?s=96&d=mm&r=g\",\"contentUrl\":\"https:\\\/\\\/secure.gravatar.com\\\/avatar\\\/b71bf7481d447dfb9583c7f2798e7cc64de6efb9067b74633ed8c31059a3bd82?s=96&d=mm&r=g\",\"caption\":\"Sebastian\"},\"url\":\"https:\\\/\\\/informelitoral.com.ar\\\/author\\\/sebastian\\\/\"}]}<\/script>","yoast_head_json":{"title":"Apuntan a la modernizaci\u00f3n del Tribunal de Cuentas para mejorar la transparencia - Informe Litoral","robots":{"index":"index","follow":"follow","max-snippet":"max-snippet:-1","max-image-preview":"max-image-preview:large","max-video-preview":"max-video-preview:-1"},"canonical":"https:\/\/informelitoral.com.ar\/apuntan-a-la-modernizacion-del-tribunal-de-cuentas-para-mejorar-la-transparencia\/","og_locale":"es_ES","og_type":"article","og_title":"Apuntan a la modernizaci\u00f3n del Tribunal de Cuentas para mejorar la transparencia - Informe Litoral","og_description":"El gobernador Gustavo Bordet se reuni\u00f3 con el titular del Tribunal de Cuentas, Diego Lara. Analizaron las inversiones en modernizaci\u00f3n e infraestructura que lleva adelante el organismo y su aporte a la transparencia y calidad institucional de la provincia.","og_url":"https:\/\/informelitoral.com.ar\/apuntan-a-la-modernizacion-del-tribunal-de-cuentas-para-mejorar-la-transparencia\/","og_site_name":"Informe Litoral","article_publisher":"https:\/\/www.facebook.com\/informelitoral\/","article_published_time":"2022-08-22T13:36:53+00:00","og_image":[{"width":1920,"height":800,"url":"https:\/\/informelitoral.com.ar\/%77%70%2d%63%6f%6e%74%65%6e%74\/uploads\/2022\/08\/p_1661174073.jpg","type":"image\/jpeg"}],"author":"Sebastian","twitter_card":"summary_large_image","twitter_creator":"@InformeLitoral","twitter_site":"@InformeLitoral","twitter_misc":{"Escrito por":"Sebastian","Tiempo de lectura":"2 minutos"},"schema":{"@context":"https:\/\/schema.org","@graph":[{"@type":"Article","@id":"https:\/\/informelitoral.com.ar\/apuntan-a-la-modernizacion-del-tribunal-de-cuentas-para-mejorar-la-transparencia\/#article","isPartOf":{"@id":"https:\/\/informelitoral.com.ar\/apuntan-a-la-modernizacion-del-tribunal-de-cuentas-para-mejorar-la-transparencia\/"},"author":{"name":"Sebastian","@id":"https:\/\/informelitoral.com.ar\/#\/schema\/person\/f05f9f461677119578717524b127d6d5"},"headline":"Apuntan a la modernizaci\u00f3n del Tribunal de Cuentas para mejorar la transparencia","datePublished":"2022-08-22T13:36:53+00:00","mainEntityOfPage":{"@id":"https:\/\/informelitoral.com.ar\/apuntan-a-la-modernizacion-del-tribunal-de-cuentas-para-mejorar-la-transparencia\/"},"wordCount":467,"commentCount":0,"publisher":{"@id":"https:\/\/informelitoral.com.ar\/#organization"},"image":{"@id":"https:\/\/informelitoral.com.ar\/apuntan-a-la-modernizacion-del-tribunal-de-cuentas-para-mejorar-la-transparencia\/#primaryimage"},"thumbnailUrl":"https:\/\/informelitoral.com.ar\/%77%70%2d%63%6f%6e%74%65%6e%74\/uploads\/2022\/08\/p_1661174073.jpg","keywords":["Gustavo Bordet","Tribunal de cuentas"],"articleSection":["Entre R\u00edos"],"inLanguage":"es","potentialAction":[{"@type":"CommentAction","name":"Comment","target":["https:\/\/informelitoral.com.ar\/apuntan-a-la-modernizacion-del-tribunal-de-cuentas-para-mejorar-la-transparencia\/#respond"]}]},{"@type":"WebPage","@id":"https:\/\/informelitoral.com.ar\/apuntan-a-la-modernizacion-del-tribunal-de-cuentas-para-mejorar-la-transparencia\/","url":"https:\/\/informelitoral.com.ar\/apuntan-a-la-modernizacion-del-tribunal-de-cuentas-para-mejorar-la-transparencia\/","name":"Apuntan a la modernizaci\u00f3n del Tribunal de Cuentas para mejorar la transparencia - Informe Litoral","isPartOf":{"@id":"https:\/\/informelitoral.com.ar\/#website"},"primaryImageOfPage":{"@id":"https:\/\/informelitoral.com.ar\/apuntan-a-la-modernizacion-del-tribunal-de-cuentas-para-mejorar-la-transparencia\/#primaryimage"},"image":{"@id":"https:\/\/informelitoral.com.ar\/apuntan-a-la-modernizacion-del-tribunal-de-cuentas-para-mejorar-la-transparencia\/#primaryimage"},"thumbnailUrl":"https:\/\/informelitoral.com.ar\/%77%70%2d%63%6f%6e%74%65%6e%74\/uploads\/2022\/08\/p_1661174073.jpg","datePublished":"2022-08-22T13:36:53+00:00","breadcrumb":{"@id":"https:\/\/informelitoral.com.ar\/apuntan-a-la-modernizacion-del-tribunal-de-cuentas-para-mejorar-la-transparencia\/#breadcrumb"},"inLanguage":"es","potentialAction":[{"@type":"ReadAction","target":["https:\/\/informelitoral.com.ar\/apuntan-a-la-modernizacion-del-tribunal-de-cuentas-para-mejorar-la-transparencia\/"]}]},{"@type":"ImageObject","inLanguage":"es","@id":"https:\/\/informelitoral.com.ar\/apuntan-a-la-modernizacion-del-tribunal-de-cuentas-para-mejorar-la-transparencia\/#primaryimage","url":"https:\/\/informelitoral.com.ar\/%77%70%2d%63%6f%6e%74%65%6e%74\/uploads\/2022\/08\/p_1661174073.jpg","contentUrl":"https:\/\/informelitoral.com.ar\/%77%70%2d%63%6f%6e%74%65%6e%74\/uploads\/2022\/08\/p_1661174073.jpg","width":1920,"height":800},{"@type":"BreadcrumbList","@id":"https:\/\/informelitoral.com.ar\/apuntan-a-la-modernizacion-del-tribunal-de-cuentas-para-mejorar-la-transparencia\/#breadcrumb","itemListElement":[{"@type":"ListItem","position":1,"name":"Portada","item":"https:\/\/informelitoral.com.ar\/"},{"@type":"ListItem","position":2,"name":"Apuntan a la modernizaci\u00f3n del Tribunal de Cuentas para mejorar la transparencia"}]},{"@type":"WebSite","@id":"https:\/\/informelitoral.com.ar\/#website","url":"https:\/\/informelitoral.com.ar\/","name":"Informe Litoral","description":"&quot;Nos informamos&quot; ","publisher":{"@id":"https:\/\/informelitoral.com.ar\/#organization"},"potentialAction":[{"@type":"SearchAction","target":{"@type":"EntryPoint","urlTemplate":"https:\/\/informelitoral.com.ar\/?s={search_term_string}"},"query-input":{"@type":"PropertyValueSpecification","valueRequired":true,"valueName":"search_term_string"}}],"inLanguage":"es"},{"@type":"Organization","@id":"https:\/\/informelitoral.com.ar\/#organization","name":"Informe Litoral","url":"https:\/\/informelitoral.com.ar\/","logo":{"@type":"ImageObject","inLanguage":"es","@id":"https:\/\/informelitoral.com.ar\/#\/schema\/logo\/image\/","url":"https:\/\/informelitoral.com.ar\/%77%70%2d%63%6f%6e%74%65%6e%74\/uploads\/2021\/01\/circulo.png","contentUrl":"https:\/\/informelitoral.com.ar\/%77%70%2d%63%6f%6e%74%65%6e%74\/uploads\/2021\/01\/circulo.png","width":723,"height":731,"caption":"Informe Litoral"},"image":{"@id":"https:\/\/informelitoral.com.ar\/#\/schema\/logo\/image\/"},"sameAs":["https:\/\/www.facebook.com\/informelitoral\/","https:\/\/x.com\/InformeLitoral","https:\/\/www.instagram.com\/informelitoral\/","https:\/\/www.youtube.com\/channel\/UCua4Qvz8Icb6MYqhoq9xLXw"]},{"@type":"Person","@id":"https:\/\/informelitoral.com.ar\/#\/schema\/person\/f05f9f461677119578717524b127d6d5","name":"Sebastian","image":{"@type":"ImageObject","inLanguage":"es","@id":"https:\/\/secure.gravatar.com\/avatar\/b71bf7481d447dfb9583c7f2798e7cc64de6efb9067b74633ed8c31059a3bd82?s=96&d=mm&r=g","url":"https:\/\/secure.gravatar.com\/avatar\/b71bf7481d447dfb9583c7f2798e7cc64de6efb9067b74633ed8c31059a3bd82?s=96&d=mm&r=g","contentUrl":"https:\/\/secure.gravatar.com\/avatar\/b71bf7481d447dfb9583c7f2798e7cc64de6efb9067b74633ed8c31059a3bd82?s=96&d=mm&r=g","caption":"Sebastian"},"url":"https:\/\/informelitoral.com.ar\/author\/sebastian\/"}]}},"_links":{"self":[{"href":"https:\/\/informelitoral.com.ar\/%77%70%2d%6a%73%6f%6e\/wp\/v2\/posts\/84454","targetHints":{"allow":["GET"]}}],"collection":[{"href":"https:\/\/informelitoral.com.ar\/%77%70%2d%6a%73%6f%6e\/wp\/v2\/posts"}],"about":[{"href":"https:\/\/informelitoral.com.ar\/%77%70%2d%6a%73%6f%6e\/wp\/v2\/types\/post"}],"author":[{"embeddable":true,"href":"https:\/\/informelitoral.com.ar\/%77%70%2d%6a%73%6f%6e\/wp\/v2\/users\/8"}],"replies":[{"embeddable":true,"href":"https:\/\/informelitoral.com.ar\/%77%70%2d%6a%73%6f%6e\/wp\/v2\/comments?post=84454"}],"version-history":[{"count":0,"href":"https:\/\/informelitoral.com.ar\/%77%70%2d%6a%73%6f%6e\/wp\/v2\/posts\/84454\/revisions"}],"wp:featuredmedia":[{"embeddable":true,"href":"https:\/\/informelitoral.com.ar\/%77%70%2d%6a%73%6f%6e\/wp\/v2\/media\/84456"}],"wp:attachment":[{"href":"https:\/\/informelitoral.com.ar\/%77%70%2d%6a%73%6f%6e\/wp\/v2\/media?parent=84454"}],"wp:term":[{"taxonomy":"category","embeddable":true,"href":"https:\/\/informelitoral.com.ar\/%77%70%2d%6a%73%6f%6e\/wp\/v2\/categories?post=84454"},{"taxonomy":"post_tag","embeddable":true,"href":"https:\/\/informelitoral.com.ar\/%77%70%2d%6a%73%6f%6e\/wp\/v2\/tags?post=84454"}],"curies":[{"name":"wp","href":"https:\/\/api.w.org\/{rel}","templated":true}]}}