{"id":84440,"date":"2022-08-22T09:13:59","date_gmt":"2022-08-22T12:13:59","guid":{"rendered":"https:\/\/www.informelitoral.com.ar\/?p=84440"},"modified":"2022-08-22T09:14:43","modified_gmt":"2022-08-22T12:14:43","slug":"las-obras-de-ampliacion-de-dos-establecimientos-educativos-en-strobel-ingresan-en-su-etapa-final","status":"publish","type":"post","link":"https:\/\/informelitoral.com.ar\/las-obras-de-ampliacion-de-dos-establecimientos-educativos-en-strobel-ingresan-en-su-etapa-final\/","title":{"rendered":"Las obras de ampliaci\u00f3n de dos establecimientos educativos en Strobel ingresan en su etapa final"},"content":{"rendered":"<p>Se trata de los trabajos de la Escuela Primaria N\u00ba 29 \u00abGdor. Etchevehere\u00bb y la Escuela N\u00ba 10 \u201cDavid Emiliano Garc\u00eda\u201d de la localidad ubicada en el departamento Diamante. El avance de obra es del 90% y con una inversi\u00f3n, de fondos provinciales, cercana a los 39 millones de pesos.<\/p>\n<p>El predio que re\u00fane a ambos establecimientos y se ubica en la avenida General San Mart\u00edn y calle Mocoret\u00e1, contar\u00e1 con la construcci\u00f3n de cuatro aulas, un sector administrativo, una direcci\u00f3n, una preceptoria, una sala docente, una cocina-office, un sanitario para docentes y personal no docente, galer\u00eda, patio y un ingreso jerarquizado sobre una calle lateral.<\/p>\n<p>La obra se inici\u00f3 a finales del pasado a\u00f1o y tiene una finalizaci\u00f3n prevista para los pr\u00f3ximos meses. Los trabajos son ejecutados por la empresa Calco Construcciones S.R.L. y financiados por el tesoro provincial, con una inversi\u00f3n hasta el momento de $38.977.252,51. La superficie total a intervenir es de 484 metros cuadrados.<\/p>\n<p>La obra surge para dar respuesta al incremento significativo de la densidad poblacional del barrio perif\u00e9rico Strobel. La infraestructura donde funcionan ambas escuelas requiere de una ampliaci\u00f3n ya que se trata de las \u00fanicas ofertas educativas con las que cuenta la comunidad. Estos trabajos van a permitir brindar un servicio acorde a las nuevas y mayores necesidades por parte de los habitantes.<\/p>\n","protected":false},"excerpt":{"rendered":"<p>Se trata de los trabajos de la Escuela Primaria N\u00ba 29 \u00abGdor. Etchevehere\u00bb y la Escuela N\u00ba 10 \u201cDavid Emiliano Garc\u00eda\u201d.<\/p>\n","protected":false},"author":8,"featured_media":84441,"comment_status":"open","ping_status":"open","sticky":false,"template":"","format":"standard","meta":{"fifu_image_url":"","fifu_image_alt":"","footnotes":""},"categories":[5],"tags":[3579,1037],"class_list":{"0":"post-84440","1":"post","2":"type-post","3":"status-publish","4":"format-standard","5":"has-post-thumbnail","7":"category-zonales","8":"tag-ampliacion-de-escuela","9":"tag-claudia-gieco"},"yoast_head":"<title>Las obras de ampliaci\u00f3n de dos establecimientos educativos en Strobel ingresan en su etapa final - Informe Litoral<\/title>\n<meta name=\"robots\" content=\"index, follow, max-snippet:-1, max-image-preview:large, max-video-preview:-1\" \/>\n<link rel=\"canonical\" href=\"https:\/\/informelitoral.com.ar\/las-obras-de-ampliacion-de-dos-establecimientos-educativos-en-strobel-ingresan-en-su-etapa-final\/\" \/>\n<meta property=\"og:locale\" content=\"es_ES\" \/>\n<meta property=\"og:type\" content=\"article\" \/>\n<meta property=\"og:title\" content=\"Las obras de ampliaci\u00f3n de dos establecimientos educativos en Strobel ingresan en su etapa final - Informe Litoral\" \/>\n<meta property=\"og:description\" content=\"Se trata de los trabajos de la Escuela Primaria N\u00ba 29 \u00abGdor. Etchevehere\u00bb y la Escuela N\u00ba 10 \u201cDavid Emiliano Garc\u00eda\u201d.\" \/>\n<meta property=\"og:url\" content=\"https:\/\/informelitoral.com.ar\/las-obras-de-ampliacion-de-dos-establecimientos-educativos-en-strobel-ingresan-en-su-etapa-final\/\" \/>\n<meta property=\"og:site_name\" content=\"Informe Litoral\" \/>\n<meta property=\"article:publisher\" content=\"https:\/\/www.facebook.com\/informelitoral\/\" \/>\n<meta property=\"article:published_time\" content=\"2022-08-22T12:13:59+00:00\" \/>\n<meta property=\"article:modified_time\" content=\"2022-08-22T12:14:43+00:00\" \/>\n<meta property=\"og:image\" content=\"https:\/\/informelitoral.com.ar\/%77%70%2d%63%6f%6e%74%65%6e%74\/uploads\/2022\/08\/Sin-titulo-1-copia-4-1024x580.jpg.webp\" \/>\n\t<meta property=\"og:image:width\" content=\"1024\" \/>\n\t<meta property=\"og:image:height\" content=\"580\" \/>\n\t<meta property=\"og:image:type\" content=\"image\/webp\" \/>\n<meta name=\"author\" content=\"Sebastian\" \/>\n<meta name=\"twitter:card\" content=\"summary_large_image\" \/>\n<meta name=\"twitter:creator\" content=\"@InformeLitoral\" \/>\n<meta name=\"twitter:site\" content=\"@InformeLitoral\" \/>\n<meta name=\"twitter:label1\" content=\"Escrito por\" \/>\n\t<meta name=\"twitter:data1\" content=\"Sebastian\" \/>\n\t<meta name=\"twitter:label2\" content=\"Tiempo de lectura\" \/>\n\t<meta name=\"twitter:data2\" content=\"1 minuto\" \/>\n<script type=\"application\/ld+json\" class=\"yoast-schema-graph\">{\"@context\":\"https:\\\/\\\/schema.org\",\"@graph\":[{\"@type\":\"Article\",\"@id\":\"https:\\\/\\\/informelitoral.com.ar\\\/las-obras-de-ampliacion-de-dos-establecimientos-educativos-en-strobel-ingresan-en-su-etapa-final\\\/#article\",\"isPartOf\":{\"@id\":\"https:\\\/\\\/informelitoral.com.ar\\\/las-obras-de-ampliacion-de-dos-establecimientos-educativos-en-strobel-ingresan-en-su-etapa-final\\\/\"},\"author\":{\"name\":\"Sebastian\",\"@id\":\"https:\\\/\\\/informelitoral.com.ar\\\/#\\\/schema\\\/person\\\/f05f9f461677119578717524b127d6d5\"},\"headline\":\"Las obras de ampliaci\u00f3n de dos establecimientos educativos en Strobel ingresan en su etapa final\",\"datePublished\":\"2022-08-22T12:13:59+00:00\",\"dateModified\":\"2022-08-22T12:14:43+00:00\",\"mainEntityOfPage\":{\"@id\":\"https:\\\/\\\/informelitoral.com.ar\\\/las-obras-de-ampliacion-de-dos-establecimientos-educativos-en-strobel-ingresan-en-su-etapa-final\\\/\"},\"wordCount\":245,\"commentCount\":0,\"publisher\":{\"@id\":\"https:\\\/\\\/informelitoral.com.ar\\\/#organization\"},\"image\":{\"@id\":\"https:\\\/\\\/informelitoral.com.ar\\\/las-obras-de-ampliacion-de-dos-establecimientos-educativos-en-strobel-ingresan-en-su-etapa-final\\\/#primaryimage\"},\"thumbnailUrl\":\"https:\\\/\\\/informelitoral.com.ar\\\/%77%70%2d%63%6f%6e%74%65%6e%74\\\/uploads\\\/2022\\\/08\\\/Sin-titulo-1-copia-4-1024x580.jpg.webp\",\"keywords\":[\"Ampliaci\u00f3n de escuela\",\"Claudia Gieco\"],\"articleSection\":[\"Departamento Diamante\"],\"inLanguage\":\"es\",\"potentialAction\":[{\"@type\":\"CommentAction\",\"name\":\"Comment\",\"target\":[\"https:\\\/\\\/informelitoral.com.ar\\\/las-obras-de-ampliacion-de-dos-establecimientos-educativos-en-strobel-ingresan-en-su-etapa-final\\\/#respond\"]}]},{\"@type\":\"WebPage\",\"@id\":\"https:\\\/\\\/informelitoral.com.ar\\\/las-obras-de-ampliacion-de-dos-establecimientos-educativos-en-strobel-ingresan-en-su-etapa-final\\\/\",\"url\":\"https:\\\/\\\/informelitoral.com.ar\\\/las-obras-de-ampliacion-de-dos-establecimientos-educativos-en-strobel-ingresan-en-su-etapa-final\\\/\",\"name\":\"Las obras de ampliaci\u00f3n de dos establecimientos educativos en Strobel ingresan en su etapa final - Informe Litoral\",\"isPartOf\":{\"@id\":\"https:\\\/\\\/informelitoral.com.ar\\\/#website\"},\"primaryImageOfPage\":{\"@id\":\"https:\\\/\\\/informelitoral.com.ar\\\/las-obras-de-ampliacion-de-dos-establecimientos-educativos-en-strobel-ingresan-en-su-etapa-final\\\/#primaryimage\"},\"image\":{\"@id\":\"https:\\\/\\\/informelitoral.com.ar\\\/las-obras-de-ampliacion-de-dos-establecimientos-educativos-en-strobel-ingresan-en-su-etapa-final\\\/#primaryimage\"},\"thumbnailUrl\":\"https:\\\/\\\/informelitoral.com.ar\\\/%77%70%2d%63%6f%6e%74%65%6e%74\\\/uploads\\\/2022\\\/08\\\/Sin-titulo-1-copia-4-1024x580.jpg.webp\",\"datePublished\":\"2022-08-22T12:13:59+00:00\",\"dateModified\":\"2022-08-22T12:14:43+00:00\",\"breadcrumb\":{\"@id\":\"https:\\\/\\\/informelitoral.com.ar\\\/las-obras-de-ampliacion-de-dos-establecimientos-educativos-en-strobel-ingresan-en-su-etapa-final\\\/#breadcrumb\"},\"inLanguage\":\"es\",\"potentialAction\":[{\"@type\":\"ReadAction\",\"target\":[\"https:\\\/\\\/informelitoral.com.ar\\\/las-obras-de-ampliacion-de-dos-establecimientos-educativos-en-strobel-ingresan-en-su-etapa-final\\\/\"]}]},{\"@type\":\"ImageObject\",\"inLanguage\":\"es\",\"@id\":\"https:\\\/\\\/informelitoral.com.ar\\\/las-obras-de-ampliacion-de-dos-establecimientos-educativos-en-strobel-ingresan-en-su-etapa-final\\\/#primaryimage\",\"url\":\"https:\\\/\\\/informelitoral.com.ar\\\/%77%70%2d%63%6f%6e%74%65%6e%74\\\/uploads\\\/2022\\\/08\\\/Sin-titulo-1-copia-4-1024x580.jpg.webp\",\"contentUrl\":\"https:\\\/\\\/informelitoral.com.ar\\\/%77%70%2d%63%6f%6e%74%65%6e%74\\\/uploads\\\/2022\\\/08\\\/Sin-titulo-1-copia-4-1024x580.jpg.webp\",\"width\":1024,\"height\":580},{\"@type\":\"BreadcrumbList\",\"@id\":\"https:\\\/\\\/informelitoral.com.ar\\\/las-obras-de-ampliacion-de-dos-establecimientos-educativos-en-strobel-ingresan-en-su-etapa-final\\\/#breadcrumb\",\"itemListElement\":[{\"@type\":\"ListItem\",\"position\":1,\"name\":\"Portada\",\"item\":\"https:\\\/\\\/informelitoral.com.ar\\\/\"},{\"@type\":\"ListItem\",\"position\":2,\"name\":\"Las obras de ampliaci\u00f3n de dos establecimientos educativos en Strobel ingresan en su etapa final\"}]},{\"@type\":\"WebSite\",\"@id\":\"https:\\\/\\\/informelitoral.com.ar\\\/#website\",\"url\":\"https:\\\/\\\/informelitoral.com.ar\\\/\",\"name\":\"Informe Litoral\",\"description\":\"&quot;Nos informamos&quot; \",\"publisher\":{\"@id\":\"https:\\\/\\\/informelitoral.com.ar\\\/#organization\"},\"potentialAction\":[{\"@type\":\"SearchAction\",\"target\":{\"@type\":\"EntryPoint\",\"urlTemplate\":\"https:\\\/\\\/informelitoral.com.ar\\\/?s={search_term_string}\"},\"query-input\":{\"@type\":\"PropertyValueSpecification\",\"valueRequired\":true,\"valueName\":\"search_term_string\"}}],\"inLanguage\":\"es\"},{\"@type\":\"Organization\",\"@id\":\"https:\\\/\\\/informelitoral.com.ar\\\/#organization\",\"name\":\"Informe Litoral\",\"url\":\"https:\\\/\\\/informelitoral.com.ar\\\/\",\"logo\":{\"@type\":\"ImageObject\",\"inLanguage\":\"es\",\"@id\":\"https:\\\/\\\/informelitoral.com.ar\\\/#\\\/schema\\\/logo\\\/image\\\/\",\"url\":\"https:\\\/\\\/informelitoral.com.ar\\\/%77%70%2d%63%6f%6e%74%65%6e%74\\\/uploads\\\/2021\\\/01\\\/circulo.png\",\"contentUrl\":\"https:\\\/\\\/informelitoral.com.ar\\\/%77%70%2d%63%6f%6e%74%65%6e%74\\\/uploads\\\/2021\\\/01\\\/circulo.png\",\"width\":723,\"height\":731,\"caption\":\"Informe Litoral\"},\"image\":{\"@id\":\"https:\\\/\\\/informelitoral.com.ar\\\/#\\\/schema\\\/logo\\\/image\\\/\"},\"sameAs\":[\"https:\\\/\\\/www.facebook.com\\\/informelitoral\\\/\",\"https:\\\/\\\/x.com\\\/InformeLitoral\",\"https:\\\/\\\/www.instagram.com\\\/informelitoral\\\/\",\"https:\\\/\\\/www.youtube.com\\\/channel\\\/UCua4Qvz8Icb6MYqhoq9xLXw\"]},{\"@type\":\"Person\",\"@id\":\"https:\\\/\\\/informelitoral.com.ar\\\/#\\\/schema\\\/person\\\/f05f9f461677119578717524b127d6d5\",\"name\":\"Sebastian\",\"image\":{\"@type\":\"ImageObject\",\"inLanguage\":\"es\",\"@id\":\"https:\\\/\\\/secure.gravatar.com\\\/avatar\\\/b71bf7481d447dfb9583c7f2798e7cc64de6efb9067b74633ed8c31059a3bd82?s=96&d=mm&r=g\",\"url\":\"https:\\\/\\\/secure.gravatar.com\\\/avatar\\\/b71bf7481d447dfb9583c7f2798e7cc64de6efb9067b74633ed8c31059a3bd82?s=96&d=mm&r=g\",\"contentUrl\":\"https:\\\/\\\/secure.gravatar.com\\\/avatar\\\/b71bf7481d447dfb9583c7f2798e7cc64de6efb9067b74633ed8c31059a3bd82?s=96&d=mm&r=g\",\"caption\":\"Sebastian\"},\"url\":\"https:\\\/\\\/informelitoral.com.ar\\\/author\\\/sebastian\\\/\"}]}<\/script>","yoast_head_json":{"title":"Las obras de ampliaci\u00f3n de dos establecimientos educativos en Strobel ingresan en su etapa final - Informe Litoral","robots":{"index":"index","follow":"follow","max-snippet":"max-snippet:-1","max-image-preview":"max-image-preview:large","max-video-preview":"max-video-preview:-1"},"canonical":"https:\/\/informelitoral.com.ar\/las-obras-de-ampliacion-de-dos-establecimientos-educativos-en-strobel-ingresan-en-su-etapa-final\/","og_locale":"es_ES","og_type":"article","og_title":"Las obras de ampliaci\u00f3n de dos establecimientos educativos en Strobel ingresan en su etapa final - Informe Litoral","og_description":"Se trata de los trabajos de la Escuela Primaria N\u00ba 29 \u00abGdor. Etchevehere\u00bb y la Escuela N\u00ba 10 \u201cDavid Emiliano Garc\u00eda\u201d.","og_url":"https:\/\/informelitoral.com.ar\/las-obras-de-ampliacion-de-dos-establecimientos-educativos-en-strobel-ingresan-en-su-etapa-final\/","og_site_name":"Informe Litoral","article_publisher":"https:\/\/www.facebook.com\/informelitoral\/","article_published_time":"2022-08-22T12:13:59+00:00","article_modified_time":"2022-08-22T12:14:43+00:00","og_image":[{"width":1024,"height":580,"url":"https:\/\/informelitoral.com.ar\/%77%70%2d%63%6f%6e%74%65%6e%74\/uploads\/2022\/08\/Sin-titulo-1-copia-4-1024x580.jpg.webp","type":"image\/webp"}],"author":"Sebastian","twitter_card":"summary_large_image","twitter_creator":"@InformeLitoral","twitter_site":"@InformeLitoral","twitter_misc":{"Escrito por":"Sebastian","Tiempo de lectura":"1 minuto"},"schema":{"@context":"https:\/\/schema.org","@graph":[{"@type":"Article","@id":"https:\/\/informelitoral.com.ar\/las-obras-de-ampliacion-de-dos-establecimientos-educativos-en-strobel-ingresan-en-su-etapa-final\/#article","isPartOf":{"@id":"https:\/\/informelitoral.com.ar\/las-obras-de-ampliacion-de-dos-establecimientos-educativos-en-strobel-ingresan-en-su-etapa-final\/"},"author":{"name":"Sebastian","@id":"https:\/\/informelitoral.com.ar\/#\/schema\/person\/f05f9f461677119578717524b127d6d5"},"headline":"Las obras de ampliaci\u00f3n de dos establecimientos educativos en Strobel ingresan en su etapa final","datePublished":"2022-08-22T12:13:59+00:00","dateModified":"2022-08-22T12:14:43+00:00","mainEntityOfPage":{"@id":"https:\/\/informelitoral.com.ar\/las-obras-de-ampliacion-de-dos-establecimientos-educativos-en-strobel-ingresan-en-su-etapa-final\/"},"wordCount":245,"commentCount":0,"publisher":{"@id":"https:\/\/informelitoral.com.ar\/#organization"},"image":{"@id":"https:\/\/informelitoral.com.ar\/las-obras-de-ampliacion-de-dos-establecimientos-educativos-en-strobel-ingresan-en-su-etapa-final\/#primaryimage"},"thumbnailUrl":"https:\/\/informelitoral.com.ar\/%77%70%2d%63%6f%6e%74%65%6e%74\/uploads\/2022\/08\/Sin-titulo-1-copia-4-1024x580.jpg.webp","keywords":["Ampliaci\u00f3n de escuela","Claudia Gieco"],"articleSection":["Departamento Diamante"],"inLanguage":"es","potentialAction":[{"@type":"CommentAction","name":"Comment","target":["https:\/\/informelitoral.com.ar\/las-obras-de-ampliacion-de-dos-establecimientos-educativos-en-strobel-ingresan-en-su-etapa-final\/#respond"]}]},{"@type":"WebPage","@id":"https:\/\/informelitoral.com.ar\/las-obras-de-ampliacion-de-dos-establecimientos-educativos-en-strobel-ingresan-en-su-etapa-final\/","url":"https:\/\/informelitoral.com.ar\/las-obras-de-ampliacion-de-dos-establecimientos-educativos-en-strobel-ingresan-en-su-etapa-final\/","name":"Las obras de ampliaci\u00f3n de dos establecimientos educativos en Strobel ingresan en su etapa final - Informe Litoral","isPartOf":{"@id":"https:\/\/informelitoral.com.ar\/#website"},"primaryImageOfPage":{"@id":"https:\/\/informelitoral.com.ar\/las-obras-de-ampliacion-de-dos-establecimientos-educativos-en-strobel-ingresan-en-su-etapa-final\/#primaryimage"},"image":{"@id":"https:\/\/informelitoral.com.ar\/las-obras-de-ampliacion-de-dos-establecimientos-educativos-en-strobel-ingresan-en-su-etapa-final\/#primaryimage"},"thumbnailUrl":"https:\/\/informelitoral.com.ar\/%77%70%2d%63%6f%6e%74%65%6e%74\/uploads\/2022\/08\/Sin-titulo-1-copia-4-1024x580.jpg.webp","datePublished":"2022-08-22T12:13:59+00:00","dateModified":"2022-08-22T12:14:43+00:00","breadcrumb":{"@id":"https:\/\/informelitoral.com.ar\/las-obras-de-ampliacion-de-dos-establecimientos-educativos-en-strobel-ingresan-en-su-etapa-final\/#breadcrumb"},"inLanguage":"es","potentialAction":[{"@type":"ReadAction","target":["https:\/\/informelitoral.com.ar\/las-obras-de-ampliacion-de-dos-establecimientos-educativos-en-strobel-ingresan-en-su-etapa-final\/"]}]},{"@type":"ImageObject","inLanguage":"es","@id":"https:\/\/informelitoral.com.ar\/las-obras-de-ampliacion-de-dos-establecimientos-educativos-en-strobel-ingresan-en-su-etapa-final\/#primaryimage","url":"https:\/\/informelitoral.com.ar\/%77%70%2d%63%6f%6e%74%65%6e%74\/uploads\/2022\/08\/Sin-titulo-1-copia-4-1024x580.jpg.webp","contentUrl":"https:\/\/informelitoral.com.ar\/%77%70%2d%63%6f%6e%74%65%6e%74\/uploads\/2022\/08\/Sin-titulo-1-copia-4-1024x580.jpg.webp","width":1024,"height":580},{"@type":"BreadcrumbList","@id":"https:\/\/informelitoral.com.ar\/las-obras-de-ampliacion-de-dos-establecimientos-educativos-en-strobel-ingresan-en-su-etapa-final\/#breadcrumb","itemListElement":[{"@type":"ListItem","position":1,"name":"Portada","item":"https:\/\/informelitoral.com.ar\/"},{"@type":"ListItem","position":2,"name":"Las obras de ampliaci\u00f3n de dos establecimientos educativos en Strobel ingresan en su etapa final"}]},{"@type":"WebSite","@id":"https:\/\/informelitoral.com.ar\/#website","url":"https:\/\/informelitoral.com.ar\/","name":"Informe Litoral","description":"&quot;Nos informamos&quot; ","publisher":{"@id":"https:\/\/informelitoral.com.ar\/#organization"},"potentialAction":[{"@type":"SearchAction","target":{"@type":"EntryPoint","urlTemplate":"https:\/\/informelitoral.com.ar\/?s={search_term_string}"},"query-input":{"@type":"PropertyValueSpecification","valueRequired":true,"valueName":"search_term_string"}}],"inLanguage":"es"},{"@type":"Organization","@id":"https:\/\/informelitoral.com.ar\/#organization","name":"Informe Litoral","url":"https:\/\/informelitoral.com.ar\/","logo":{"@type":"ImageObject","inLanguage":"es","@id":"https:\/\/informelitoral.com.ar\/#\/schema\/logo\/image\/","url":"https:\/\/informelitoral.com.ar\/%77%70%2d%63%6f%6e%74%65%6e%74\/uploads\/2021\/01\/circulo.png","contentUrl":"https:\/\/informelitoral.com.ar\/%77%70%2d%63%6f%6e%74%65%6e%74\/uploads\/2021\/01\/circulo.png","width":723,"height":731,"caption":"Informe Litoral"},"image":{"@id":"https:\/\/informelitoral.com.ar\/#\/schema\/logo\/image\/"},"sameAs":["https:\/\/www.facebook.com\/informelitoral\/","https:\/\/x.com\/InformeLitoral","https:\/\/www.instagram.com\/informelitoral\/","https:\/\/www.youtube.com\/channel\/UCua4Qvz8Icb6MYqhoq9xLXw"]},{"@type":"Person","@id":"https:\/\/informelitoral.com.ar\/#\/schema\/person\/f05f9f461677119578717524b127d6d5","name":"Sebastian","image":{"@type":"ImageObject","inLanguage":"es","@id":"https:\/\/secure.gravatar.com\/avatar\/b71bf7481d447dfb9583c7f2798e7cc64de6efb9067b74633ed8c31059a3bd82?s=96&d=mm&r=g","url":"https:\/\/secure.gravatar.com\/avatar\/b71bf7481d447dfb9583c7f2798e7cc64de6efb9067b74633ed8c31059a3bd82?s=96&d=mm&r=g","contentUrl":"https:\/\/secure.gravatar.com\/avatar\/b71bf7481d447dfb9583c7f2798e7cc64de6efb9067b74633ed8c31059a3bd82?s=96&d=mm&r=g","caption":"Sebastian"},"url":"https:\/\/informelitoral.com.ar\/author\/sebastian\/"}]}},"_links":{"self":[{"href":"https:\/\/informelitoral.com.ar\/%77%70%2d%6a%73%6f%6e\/wp\/v2\/posts\/84440","targetHints":{"allow":["GET"]}}],"collection":[{"href":"https:\/\/informelitoral.com.ar\/%77%70%2d%6a%73%6f%6e\/wp\/v2\/posts"}],"about":[{"href":"https:\/\/informelitoral.com.ar\/%77%70%2d%6a%73%6f%6e\/wp\/v2\/types\/post"}],"author":[{"embeddable":true,"href":"https:\/\/informelitoral.com.ar\/%77%70%2d%6a%73%6f%6e\/wp\/v2\/users\/8"}],"replies":[{"embeddable":true,"href":"https:\/\/informelitoral.com.ar\/%77%70%2d%6a%73%6f%6e\/wp\/v2\/comments?post=84440"}],"version-history":[{"count":0,"href":"https:\/\/informelitoral.com.ar\/%77%70%2d%6a%73%6f%6e\/wp\/v2\/posts\/84440\/revisions"}],"wp:featuredmedia":[{"embeddable":true,"href":"https:\/\/informelitoral.com.ar\/%77%70%2d%6a%73%6f%6e\/wp\/v2\/media\/84441"}],"wp:attachment":[{"href":"https:\/\/informelitoral.com.ar\/%77%70%2d%6a%73%6f%6e\/wp\/v2\/media?parent=84440"}],"wp:term":[{"taxonomy":"category","embeddable":true,"href":"https:\/\/informelitoral.com.ar\/%77%70%2d%6a%73%6f%6e\/wp\/v2\/categories?post=84440"},{"taxonomy":"post_tag","embeddable":true,"href":"https:\/\/informelitoral.com.ar\/%77%70%2d%6a%73%6f%6e\/wp\/v2\/tags?post=84440"}],"curies":[{"name":"wp","href":"https:\/\/api.w.org\/{rel}","templated":true}]}}