{"id":8430,"date":"2014-10-03T22:10:34","date_gmt":"2014-10-04T01:10:34","guid":{"rendered":"http:\/\/www.isletasnoticias.com.ar\/?p=8430"},"modified":"2014-10-03T22:12:32","modified_gmt":"2014-10-04T01:12:32","slug":"sanz-lanzo-su-precandidatura-presidencial-con-criticas-al-gobierno-massa-y-macri","status":"publish","type":"post","link":"https:\/\/informelitoral.com.ar\/sanz-lanzo-su-precandidatura-presidencial-con-criticas-al-gobierno-massa-y-macri\/","title":{"rendered":"Sanz lanz\u00f3 su precandidatura presidencial con cr\u00edticas al Gobierno, Massa y Macri"},"content":{"rendered":"<p><strong>El titular del radicalismo y senador nacional encabez\u00f3 un acto en el Luna Park. Afirm\u00f3 que el kirchnerismo dejar\u00e1 \u00abun pa\u00eds en plena crisis y en peligro de hundirse\u00bb. De los presidenciables de UNEN s\u00f3lo estuvo Carri\u00f3.<a href=\"http:\/\/www.isletasnoticias.com.ar\/%77%70%2d%63%6f%6e%74%65%6e%74\/uploads\/2014\/10\/0011634017.jpg\"><img loading=\"lazy\" decoding=\"async\" class=\"aligncenter size-medium wp-image-8431\" src=\"http:\/\/www.isletasnoticias.com.ar\/%77%70%2d%63%6f%6e%74%65%6e%74\/uploads\/2014\/10\/0011634017-300x168.jpg\" alt=\"0011634017\" width=\"300\" height=\"168\" srcset=\"https:\/\/informelitoral.com.ar\/%77%70%2d%63%6f%6e%74%65%6e%74\/uploads\/2014\/10\/0011634017-300x168.jpg 300w, https:\/\/informelitoral.com.ar\/%77%70%2d%63%6f%6e%74%65%6e%74\/uploads\/2014\/10\/0011634017.jpg 770w\" sizes=\"auto, (max-width: 300px) 100vw, 300px\" \/><\/a><\/strong><\/p>\n<div class=\"clearfix\">El titular del radicalismo y senador nacional <strong>Ernesto Sanz<\/strong> lanz\u00f3 su precandidatura presidencial con fuertes cr\u00edticas al Gobierno, a quien responsabiliz\u00f3 por dejar \u00abun pa\u00eds en plena crisis y en peligro de hundirse\u00bb. Al encabezar un acto en el Luna Park, Sanz tambi\u00e9n cuestion\u00f3 a otros aspirantes a la presidencia opositores, como Sergio Massa y Mauricio Macri.<\/p>\n<p>\u00abPor eso no se puede confiar en los que se presentan como renovadores pero hasta ayer nom\u00e1s estaban felices en el barco que abandonaron\u00bb, sostuvo sobre el l\u00edder del Frente Renovador, mientras que sobre Macri dijo que le da prioridad al juego por sobre la educaci\u00f3n. \u00abEn esta Ciudad de Buenos Aires hay m\u00e1s del doble de m\u00e1quinas tragamonedas que de establecimientos educativos. En esta ciudad es m\u00e1s f\u00e1cil encontrar un lugar para apostar que un lugar para aprender\u00bb, sostuvo.<\/p>\n<p>En el estadio Luna Park y s\u00f3lo con la presencia de Elisa Carri\u00f3 (Coalici\u00f3n C\u00edvica ARI) entre los precandidatos presidenciales del Frente Unen, el mendocino alert\u00f3 que el kirchnerismo dejar\u00e1 \u00abun pa\u00eds en plena crisis y en peligro de hundirse\u00bb.<\/p>\n<p>Vestido con camisa blanca, un pantal\u00f3n oscuro y zapatos marrones, el precandidato se present\u00f3 rodeado de militantes y con un escenario de fondo blanco que dec\u00eda Sanz, en una punta, y \u00abpara que la Argentina funcione\u00bb, en el otro extremo.<br \/>\nPese a las cr\u00edticas dirigidas Macri, Sanz dej\u00f3 abierta la posibilidad de un acuerdo con otras fuerzas al apuntar que el Frente est\u00e1 \u00abconstruyendo d\u00eda a d\u00eda una nueva mayor\u00eda\u00bb e inst\u00f3 a no \u00abcerrarla con un candado para que nadie m\u00e1s pueda entrar en ella\u00bb.<\/p>\n<p>Sanz procur\u00f3 disimular la ausencia de Julio Cobos, Hermes Binner y Fernando \u00abPino\u00bb Solanas, sus adversarios directos en la interna del Frente Unen: \u00abQuerida Lilita, muchas gracias por acompa\u00f1arme\u00bb, expres\u00f3 el mendocino mirando a Carri\u00f3, quien al momento del \u00abvolveremos a ser gobierno como en el -83\u00bb alent\u00f3 tanto como la gente de las tribunas.<\/p>\n<p>En la primera fila estuvieron las figuras de peso dentro de radicalismo como Gerardo Morales (Jujuy) y Jos\u00e9 Cano (Tucum\u00e1n), ambos candidatos a gobernadores y con amplias chances en sus respectivas provincias. Tambi\u00e9n lo acompa\u00f1aron Eduardo Costa (Santa Cruz), Julio Mart\u00ednez (La Rioja), Mario Barletta (Santa Fe) y Eduardo Brizuela del Moral (Catamarca), entre otros.<\/p>\n<p>A la presentaci\u00f3n se sumaron el diputado Mart\u00edn Lousteau, a quien Sanz promocion\u00f3 como \u00abel jefe de Gobierno de la ciudad de Buenos Aires\u00bb, y el gobernador de Corrientes, Ricardo Colombi<em>. (DyN)<\/em><\/div>\n","protected":false},"excerpt":{"rendered":"<p>El titular del radicalismo y senador nacional encabez&oacute; un acto en el Luna Park. Afirm&oacute; que el kirchnerismo dejar&aacute; &laquo;un pa&iacute;s en plena crisis y en peligro de hundirse&raquo;. De los presidenciables de UNEN s&oacute;lo estuvo Carri&oacute;. El titular del radicalismo y senador nacional Ernesto Sanz lanz&oacute; su precandidatura presidencial con fuertes cr&iacute;ticas al Gobierno, [&hellip;]<\/p>\n","protected":false},"author":2,"featured_media":0,"comment_status":"open","ping_status":"open","sticky":false,"template":"","format":"standard","meta":{"fifu_image_url":"","fifu_image_alt":"","footnotes":""},"categories":[7,16],"tags":[],"class_list":{"0":"post-8430","1":"post","2":"type-post","3":"status-publish","4":"format-standard","6":"category-nacionales","7":"category-politi"},"yoast_head":"<title>Sanz lanz\u00f3 su precandidatura presidencial con cr\u00edticas al Gobierno, Massa y Macri - Informe Litoral<\/title>\n<meta name=\"robots\" content=\"index, follow, max-snippet:-1, max-image-preview:large, max-video-preview:-1\" \/>\n<link rel=\"canonical\" href=\"https:\/\/informelitoral.com.ar\/sanz-lanzo-su-precandidatura-presidencial-con-criticas-al-gobierno-massa-y-macri\/\" \/>\n<meta property=\"og:locale\" content=\"es_ES\" \/>\n<meta property=\"og:type\" content=\"article\" \/>\n<meta property=\"og:title\" content=\"Sanz lanz\u00f3 su precandidatura presidencial con cr\u00edticas al Gobierno, Massa y Macri - Informe Litoral\" \/>\n<meta property=\"og:description\" content=\"El titular del radicalismo y senador nacional encabez&oacute; un acto en el Luna Park. Afirm&oacute; que el kirchnerismo dejar&aacute; &laquo;un pa&iacute;s en plena crisis y en peligro de hundirse&raquo;. De los presidenciables de UNEN s&oacute;lo estuvo Carri&oacute;. El titular del radicalismo y senador nacional Ernesto Sanz lanz&oacute; su precandidatura presidencial con fuertes cr&iacute;ticas al Gobierno, [&hellip;]\" \/>\n<meta property=\"og:url\" content=\"https:\/\/informelitoral.com.ar\/sanz-lanzo-su-precandidatura-presidencial-con-criticas-al-gobierno-massa-y-macri\/\" \/>\n<meta property=\"og:site_name\" content=\"Informe Litoral\" \/>\n<meta property=\"article:publisher\" content=\"https:\/\/www.facebook.com\/informelitoral\/\" \/>\n<meta property=\"article:published_time\" content=\"2014-10-04T01:10:34+00:00\" \/>\n<meta property=\"article:modified_time\" content=\"2014-10-04T01:12:32+00:00\" \/>\n<meta property=\"og:image\" content=\"https:\/\/informelitoral.com.ar\/%77%70%2d%63%6f%6e%74%65%6e%74\/uploads\/2014\/10\/0011634017.jpg\" \/>\n\t<meta property=\"og:image:width\" content=\"770\" \/>\n\t<meta property=\"og:image:height\" content=\"433\" \/>\n\t<meta property=\"og:image:type\" content=\"image\/jpeg\" \/>\n<meta name=\"author\" content=\"Gonzalo Schmidt\" \/>\n<meta name=\"twitter:card\" content=\"summary_large_image\" \/>\n<meta name=\"twitter:creator\" content=\"@InformeLitoral\" \/>\n<meta name=\"twitter:site\" content=\"@InformeLitoral\" \/>\n<meta name=\"twitter:label1\" content=\"Escrito por\" \/>\n\t<meta name=\"twitter:data1\" content=\"Gonzalo Schmidt\" \/>\n\t<meta name=\"twitter:label2\" content=\"Tiempo de lectura\" \/>\n\t<meta name=\"twitter:data2\" content=\"2 minutos\" \/>\n<script type=\"application\/ld+json\" class=\"yoast-schema-graph\">{\"@context\":\"https:\\\/\\\/schema.org\",\"@graph\":[{\"@type\":\"Article\",\"@id\":\"https:\\\/\\\/informelitoral.com.ar\\\/sanz-lanzo-su-precandidatura-presidencial-con-criticas-al-gobierno-massa-y-macri\\\/#article\",\"isPartOf\":{\"@id\":\"https:\\\/\\\/informelitoral.com.ar\\\/sanz-lanzo-su-precandidatura-presidencial-con-criticas-al-gobierno-massa-y-macri\\\/\"},\"author\":{\"name\":\"Gonzalo Schmidt\",\"@id\":\"https:\\\/\\\/informelitoral.com.ar\\\/#\\\/schema\\\/person\\\/b9d00407c836482871ef1d57bf8e3180\"},\"headline\":\"Sanz lanz\u00f3 su precandidatura presidencial con cr\u00edticas al Gobierno, Massa y Macri\",\"datePublished\":\"2014-10-04T01:10:34+00:00\",\"dateModified\":\"2014-10-04T01:12:32+00:00\",\"mainEntityOfPage\":{\"@id\":\"https:\\\/\\\/informelitoral.com.ar\\\/sanz-lanzo-su-precandidatura-presidencial-con-criticas-al-gobierno-massa-y-macri\\\/\"},\"wordCount\":485,\"commentCount\":0,\"publisher\":{\"@id\":\"https:\\\/\\\/informelitoral.com.ar\\\/#organization\"},\"image\":{\"@id\":\"https:\\\/\\\/informelitoral.com.ar\\\/sanz-lanzo-su-precandidatura-presidencial-con-criticas-al-gobierno-massa-y-macri\\\/#primaryimage\"},\"thumbnailUrl\":\"http:\\\/\\\/www.isletasnoticias.com.ar\\\/%77%70%2d%63%6f%6e%74%65%6e%74\\\/uploads\\\/2014\\\/10\\\/0011634017-300x168.jpg\",\"articleSection\":[\"Nacionales\",\"Politica\"],\"inLanguage\":\"es\",\"potentialAction\":[{\"@type\":\"CommentAction\",\"name\":\"Comment\",\"target\":[\"https:\\\/\\\/informelitoral.com.ar\\\/sanz-lanzo-su-precandidatura-presidencial-con-criticas-al-gobierno-massa-y-macri\\\/#respond\"]}]},{\"@type\":\"WebPage\",\"@id\":\"https:\\\/\\\/informelitoral.com.ar\\\/sanz-lanzo-su-precandidatura-presidencial-con-criticas-al-gobierno-massa-y-macri\\\/\",\"url\":\"https:\\\/\\\/informelitoral.com.ar\\\/sanz-lanzo-su-precandidatura-presidencial-con-criticas-al-gobierno-massa-y-macri\\\/\",\"name\":\"Sanz lanz\u00f3 su precandidatura presidencial con cr\u00edticas al Gobierno, Massa y Macri - Informe Litoral\",\"isPartOf\":{\"@id\":\"https:\\\/\\\/informelitoral.com.ar\\\/#website\"},\"primaryImageOfPage\":{\"@id\":\"https:\\\/\\\/informelitoral.com.ar\\\/sanz-lanzo-su-precandidatura-presidencial-con-criticas-al-gobierno-massa-y-macri\\\/#primaryimage\"},\"image\":{\"@id\":\"https:\\\/\\\/informelitoral.com.ar\\\/sanz-lanzo-su-precandidatura-presidencial-con-criticas-al-gobierno-massa-y-macri\\\/#primaryimage\"},\"thumbnailUrl\":\"http:\\\/\\\/www.isletasnoticias.com.ar\\\/%77%70%2d%63%6f%6e%74%65%6e%74\\\/uploads\\\/2014\\\/10\\\/0011634017-300x168.jpg\",\"datePublished\":\"2014-10-04T01:10:34+00:00\",\"dateModified\":\"2014-10-04T01:12:32+00:00\",\"breadcrumb\":{\"@id\":\"https:\\\/\\\/informelitoral.com.ar\\\/sanz-lanzo-su-precandidatura-presidencial-con-criticas-al-gobierno-massa-y-macri\\\/#breadcrumb\"},\"inLanguage\":\"es\",\"potentialAction\":[{\"@type\":\"ReadAction\",\"target\":[\"https:\\\/\\\/informelitoral.com.ar\\\/sanz-lanzo-su-precandidatura-presidencial-con-criticas-al-gobierno-massa-y-macri\\\/\"]}]},{\"@type\":\"ImageObject\",\"inLanguage\":\"es\",\"@id\":\"https:\\\/\\\/informelitoral.com.ar\\\/sanz-lanzo-su-precandidatura-presidencial-con-criticas-al-gobierno-massa-y-macri\\\/#primaryimage\",\"url\":\"http:\\\/\\\/www.isletasnoticias.com.ar\\\/%77%70%2d%63%6f%6e%74%65%6e%74\\\/uploads\\\/2014\\\/10\\\/0011634017-300x168.jpg\",\"contentUrl\":\"http:\\\/\\\/www.isletasnoticias.com.ar\\\/%77%70%2d%63%6f%6e%74%65%6e%74\\\/uploads\\\/2014\\\/10\\\/0011634017-300x168.jpg\"},{\"@type\":\"BreadcrumbList\",\"@id\":\"https:\\\/\\\/informelitoral.com.ar\\\/sanz-lanzo-su-precandidatura-presidencial-con-criticas-al-gobierno-massa-y-macri\\\/#breadcrumb\",\"itemListElement\":[{\"@type\":\"ListItem\",\"position\":1,\"name\":\"Portada\",\"item\":\"https:\\\/\\\/informelitoral.com.ar\\\/\"},{\"@type\":\"ListItem\",\"position\":2,\"name\":\"Sanz lanz\u00f3 su precandidatura presidencial con cr\u00edticas al Gobierno, Massa y Macri\"}]},{\"@type\":\"WebSite\",\"@id\":\"https:\\\/\\\/informelitoral.com.ar\\\/#website\",\"url\":\"https:\\\/\\\/informelitoral.com.ar\\\/\",\"name\":\"Informe Litoral\",\"description\":\"&quot;Nos informamos&quot; \",\"publisher\":{\"@id\":\"https:\\\/\\\/informelitoral.com.ar\\\/#organization\"},\"potentialAction\":[{\"@type\":\"SearchAction\",\"target\":{\"@type\":\"EntryPoint\",\"urlTemplate\":\"https:\\\/\\\/informelitoral.com.ar\\\/?s={search_term_string}\"},\"query-input\":{\"@type\":\"PropertyValueSpecification\",\"valueRequired\":true,\"valueName\":\"search_term_string\"}}],\"inLanguage\":\"es\"},{\"@type\":\"Organization\",\"@id\":\"https:\\\/\\\/informelitoral.com.ar\\\/#organization\",\"name\":\"Informe Litoral\",\"url\":\"https:\\\/\\\/informelitoral.com.ar\\\/\",\"logo\":{\"@type\":\"ImageObject\",\"inLanguage\":\"es\",\"@id\":\"https:\\\/\\\/informelitoral.com.ar\\\/#\\\/schema\\\/logo\\\/image\\\/\",\"url\":\"https:\\\/\\\/informelitoral.com.ar\\\/%77%70%2d%63%6f%6e%74%65%6e%74\\\/uploads\\\/2021\\\/01\\\/circulo.png\",\"contentUrl\":\"https:\\\/\\\/informelitoral.com.ar\\\/%77%70%2d%63%6f%6e%74%65%6e%74\\\/uploads\\\/2021\\\/01\\\/circulo.png\",\"width\":723,\"height\":731,\"caption\":\"Informe Litoral\"},\"image\":{\"@id\":\"https:\\\/\\\/informelitoral.com.ar\\\/#\\\/schema\\\/logo\\\/image\\\/\"},\"sameAs\":[\"https:\\\/\\\/www.facebook.com\\\/informelitoral\\\/\",\"https:\\\/\\\/x.com\\\/InformeLitoral\",\"https:\\\/\\\/www.instagram.com\\\/informelitoral\\\/\",\"https:\\\/\\\/www.youtube.com\\\/channel\\\/UCua4Qvz8Icb6MYqhoq9xLXw\"]},{\"@type\":\"Person\",\"@id\":\"https:\\\/\\\/informelitoral.com.ar\\\/#\\\/schema\\\/person\\\/b9d00407c836482871ef1d57bf8e3180\",\"name\":\"Gonzalo Schmidt\",\"image\":{\"@type\":\"ImageObject\",\"inLanguage\":\"es\",\"@id\":\"https:\\\/\\\/secure.gravatar.com\\\/avatar\\\/31a1a7b66ff2de83bd0e9fd79d026630d2d99e55e8bfe501287647b4fd9743de?s=96&d=mm&r=g\",\"url\":\"https:\\\/\\\/secure.gravatar.com\\\/avatar\\\/31a1a7b66ff2de83bd0e9fd79d026630d2d99e55e8bfe501287647b4fd9743de?s=96&d=mm&r=g\",\"contentUrl\":\"https:\\\/\\\/secure.gravatar.com\\\/avatar\\\/31a1a7b66ff2de83bd0e9fd79d026630d2d99e55e8bfe501287647b4fd9743de?s=96&d=mm&r=g\",\"caption\":\"Gonzalo Schmidt\"},\"description\":\"Sitio web de noticias de la provincia de Entre R\u00edos, Argentina. Informaci\u00f3n y entretenimiento. Informe Litoral, nos informamos.\",\"sameAs\":[\"http:\\\/\\\/www.isletasnoticias.com.ar\"],\"url\":\"https:\\\/\\\/informelitoral.com.ar\\\/author\\\/gonzalo\\\/\"}]}<\/script>","yoast_head_json":{"title":"Sanz lanz\u00f3 su precandidatura presidencial con cr\u00edticas al Gobierno, Massa y Macri - Informe Litoral","robots":{"index":"index","follow":"follow","max-snippet":"max-snippet:-1","max-image-preview":"max-image-preview:large","max-video-preview":"max-video-preview:-1"},"canonical":"https:\/\/informelitoral.com.ar\/sanz-lanzo-su-precandidatura-presidencial-con-criticas-al-gobierno-massa-y-macri\/","og_locale":"es_ES","og_type":"article","og_title":"Sanz lanz\u00f3 su precandidatura presidencial con cr\u00edticas al Gobierno, Massa y Macri - Informe Litoral","og_description":"El titular del radicalismo y senador nacional encabez&oacute; un acto en el Luna Park. Afirm&oacute; que el kirchnerismo dejar&aacute; &laquo;un pa&iacute;s en plena crisis y en peligro de hundirse&raquo;. De los presidenciables de UNEN s&oacute;lo estuvo Carri&oacute;. El titular del radicalismo y senador nacional Ernesto Sanz lanz&oacute; su precandidatura presidencial con fuertes cr&iacute;ticas al Gobierno, [&hellip;]","og_url":"https:\/\/informelitoral.com.ar\/sanz-lanzo-su-precandidatura-presidencial-con-criticas-al-gobierno-massa-y-macri\/","og_site_name":"Informe Litoral","article_publisher":"https:\/\/www.facebook.com\/informelitoral\/","article_published_time":"2014-10-04T01:10:34+00:00","article_modified_time":"2014-10-04T01:12:32+00:00","og_image":[{"width":770,"height":433,"url":"https:\/\/informelitoral.com.ar\/%77%70%2d%63%6f%6e%74%65%6e%74\/uploads\/2014\/10\/0011634017.jpg","type":"image\/jpeg"}],"author":"Gonzalo Schmidt","twitter_card":"summary_large_image","twitter_creator":"@InformeLitoral","twitter_site":"@InformeLitoral","twitter_misc":{"Escrito por":"Gonzalo Schmidt","Tiempo de lectura":"2 minutos"},"schema":{"@context":"https:\/\/schema.org","@graph":[{"@type":"Article","@id":"https:\/\/informelitoral.com.ar\/sanz-lanzo-su-precandidatura-presidencial-con-criticas-al-gobierno-massa-y-macri\/#article","isPartOf":{"@id":"https:\/\/informelitoral.com.ar\/sanz-lanzo-su-precandidatura-presidencial-con-criticas-al-gobierno-massa-y-macri\/"},"author":{"name":"Gonzalo Schmidt","@id":"https:\/\/informelitoral.com.ar\/#\/schema\/person\/b9d00407c836482871ef1d57bf8e3180"},"headline":"Sanz lanz\u00f3 su precandidatura presidencial con cr\u00edticas al Gobierno, Massa y Macri","datePublished":"2014-10-04T01:10:34+00:00","dateModified":"2014-10-04T01:12:32+00:00","mainEntityOfPage":{"@id":"https:\/\/informelitoral.com.ar\/sanz-lanzo-su-precandidatura-presidencial-con-criticas-al-gobierno-massa-y-macri\/"},"wordCount":485,"commentCount":0,"publisher":{"@id":"https:\/\/informelitoral.com.ar\/#organization"},"image":{"@id":"https:\/\/informelitoral.com.ar\/sanz-lanzo-su-precandidatura-presidencial-con-criticas-al-gobierno-massa-y-macri\/#primaryimage"},"thumbnailUrl":"http:\/\/www.isletasnoticias.com.ar\/%77%70%2d%63%6f%6e%74%65%6e%74\/uploads\/2014\/10\/0011634017-300x168.jpg","articleSection":["Nacionales","Politica"],"inLanguage":"es","potentialAction":[{"@type":"CommentAction","name":"Comment","target":["https:\/\/informelitoral.com.ar\/sanz-lanzo-su-precandidatura-presidencial-con-criticas-al-gobierno-massa-y-macri\/#respond"]}]},{"@type":"WebPage","@id":"https:\/\/informelitoral.com.ar\/sanz-lanzo-su-precandidatura-presidencial-con-criticas-al-gobierno-massa-y-macri\/","url":"https:\/\/informelitoral.com.ar\/sanz-lanzo-su-precandidatura-presidencial-con-criticas-al-gobierno-massa-y-macri\/","name":"Sanz lanz\u00f3 su precandidatura presidencial con cr\u00edticas al Gobierno, Massa y Macri - Informe Litoral","isPartOf":{"@id":"https:\/\/informelitoral.com.ar\/#website"},"primaryImageOfPage":{"@id":"https:\/\/informelitoral.com.ar\/sanz-lanzo-su-precandidatura-presidencial-con-criticas-al-gobierno-massa-y-macri\/#primaryimage"},"image":{"@id":"https:\/\/informelitoral.com.ar\/sanz-lanzo-su-precandidatura-presidencial-con-criticas-al-gobierno-massa-y-macri\/#primaryimage"},"thumbnailUrl":"http:\/\/www.isletasnoticias.com.ar\/%77%70%2d%63%6f%6e%74%65%6e%74\/uploads\/2014\/10\/0011634017-300x168.jpg","datePublished":"2014-10-04T01:10:34+00:00","dateModified":"2014-10-04T01:12:32+00:00","breadcrumb":{"@id":"https:\/\/informelitoral.com.ar\/sanz-lanzo-su-precandidatura-presidencial-con-criticas-al-gobierno-massa-y-macri\/#breadcrumb"},"inLanguage":"es","potentialAction":[{"@type":"ReadAction","target":["https:\/\/informelitoral.com.ar\/sanz-lanzo-su-precandidatura-presidencial-con-criticas-al-gobierno-massa-y-macri\/"]}]},{"@type":"ImageObject","inLanguage":"es","@id":"https:\/\/informelitoral.com.ar\/sanz-lanzo-su-precandidatura-presidencial-con-criticas-al-gobierno-massa-y-macri\/#primaryimage","url":"http:\/\/www.isletasnoticias.com.ar\/%77%70%2d%63%6f%6e%74%65%6e%74\/uploads\/2014\/10\/0011634017-300x168.jpg","contentUrl":"http:\/\/www.isletasnoticias.com.ar\/%77%70%2d%63%6f%6e%74%65%6e%74\/uploads\/2014\/10\/0011634017-300x168.jpg"},{"@type":"BreadcrumbList","@id":"https:\/\/informelitoral.com.ar\/sanz-lanzo-su-precandidatura-presidencial-con-criticas-al-gobierno-massa-y-macri\/#breadcrumb","itemListElement":[{"@type":"ListItem","position":1,"name":"Portada","item":"https:\/\/informelitoral.com.ar\/"},{"@type":"ListItem","position":2,"name":"Sanz lanz\u00f3 su precandidatura presidencial con cr\u00edticas al Gobierno, Massa y Macri"}]},{"@type":"WebSite","@id":"https:\/\/informelitoral.com.ar\/#website","url":"https:\/\/informelitoral.com.ar\/","name":"Informe Litoral","description":"&quot;Nos informamos&quot; ","publisher":{"@id":"https:\/\/informelitoral.com.ar\/#organization"},"potentialAction":[{"@type":"SearchAction","target":{"@type":"EntryPoint","urlTemplate":"https:\/\/informelitoral.com.ar\/?s={search_term_string}"},"query-input":{"@type":"PropertyValueSpecification","valueRequired":true,"valueName":"search_term_string"}}],"inLanguage":"es"},{"@type":"Organization","@id":"https:\/\/informelitoral.com.ar\/#organization","name":"Informe Litoral","url":"https:\/\/informelitoral.com.ar\/","logo":{"@type":"ImageObject","inLanguage":"es","@id":"https:\/\/informelitoral.com.ar\/#\/schema\/logo\/image\/","url":"https:\/\/informelitoral.com.ar\/%77%70%2d%63%6f%6e%74%65%6e%74\/uploads\/2021\/01\/circulo.png","contentUrl":"https:\/\/informelitoral.com.ar\/%77%70%2d%63%6f%6e%74%65%6e%74\/uploads\/2021\/01\/circulo.png","width":723,"height":731,"caption":"Informe Litoral"},"image":{"@id":"https:\/\/informelitoral.com.ar\/#\/schema\/logo\/image\/"},"sameAs":["https:\/\/www.facebook.com\/informelitoral\/","https:\/\/x.com\/InformeLitoral","https:\/\/www.instagram.com\/informelitoral\/","https:\/\/www.youtube.com\/channel\/UCua4Qvz8Icb6MYqhoq9xLXw"]},{"@type":"Person","@id":"https:\/\/informelitoral.com.ar\/#\/schema\/person\/b9d00407c836482871ef1d57bf8e3180","name":"Gonzalo Schmidt","image":{"@type":"ImageObject","inLanguage":"es","@id":"https:\/\/secure.gravatar.com\/avatar\/31a1a7b66ff2de83bd0e9fd79d026630d2d99e55e8bfe501287647b4fd9743de?s=96&d=mm&r=g","url":"https:\/\/secure.gravatar.com\/avatar\/31a1a7b66ff2de83bd0e9fd79d026630d2d99e55e8bfe501287647b4fd9743de?s=96&d=mm&r=g","contentUrl":"https:\/\/secure.gravatar.com\/avatar\/31a1a7b66ff2de83bd0e9fd79d026630d2d99e55e8bfe501287647b4fd9743de?s=96&d=mm&r=g","caption":"Gonzalo Schmidt"},"description":"Sitio web de noticias de la provincia de Entre R\u00edos, Argentina. Informaci\u00f3n y entretenimiento. Informe Litoral, nos informamos.","sameAs":["http:\/\/www.isletasnoticias.com.ar"],"url":"https:\/\/informelitoral.com.ar\/author\/gonzalo\/"}]}},"_links":{"self":[{"href":"https:\/\/informelitoral.com.ar\/%77%70%2d%6a%73%6f%6e\/wp\/v2\/posts\/8430","targetHints":{"allow":["GET"]}}],"collection":[{"href":"https:\/\/informelitoral.com.ar\/%77%70%2d%6a%73%6f%6e\/wp\/v2\/posts"}],"about":[{"href":"https:\/\/informelitoral.com.ar\/%77%70%2d%6a%73%6f%6e\/wp\/v2\/types\/post"}],"author":[{"embeddable":true,"href":"https:\/\/informelitoral.com.ar\/%77%70%2d%6a%73%6f%6e\/wp\/v2\/users\/2"}],"replies":[{"embeddable":true,"href":"https:\/\/informelitoral.com.ar\/%77%70%2d%6a%73%6f%6e\/wp\/v2\/comments?post=8430"}],"version-history":[{"count":0,"href":"https:\/\/informelitoral.com.ar\/%77%70%2d%6a%73%6f%6e\/wp\/v2\/posts\/8430\/revisions"}],"wp:attachment":[{"href":"https:\/\/informelitoral.com.ar\/%77%70%2d%6a%73%6f%6e\/wp\/v2\/media?parent=8430"}],"wp:term":[{"taxonomy":"category","embeddable":true,"href":"https:\/\/informelitoral.com.ar\/%77%70%2d%6a%73%6f%6e\/wp\/v2\/categories?post=8430"},{"taxonomy":"post_tag","embeddable":true,"href":"https:\/\/informelitoral.com.ar\/%77%70%2d%6a%73%6f%6e\/wp\/v2\/tags?post=8430"}],"curies":[{"name":"wp","href":"https:\/\/api.w.org\/{rel}","templated":true}]}}