{"id":8414,"date":"2014-10-02T21:37:45","date_gmt":"2014-10-03T00:37:45","guid":{"rendered":"http:\/\/www.isletasnoticias.com.ar\/?p=8414"},"modified":"2014-10-02T22:04:16","modified_gmt":"2014-10-03T01:04:16","slug":"isletas-la-comunidad-de-la-escuela-agrotecnica-prepara-un-almuerzo-para-el-12-de-octubre","status":"publish","type":"post","link":"https:\/\/informelitoral.com.ar\/isletas-la-comunidad-de-la-escuela-agrotecnica-prepara-un-almuerzo-para-el-12-de-octubre\/","title":{"rendered":"Isletas: la comunidad de la Escuela Agrot\u00e9cnica prepara un almuerzo para el 12 de octubre"},"content":{"rendered":"<p><strong>La Cooperadora de la Escuela de Educaci\u00f3n Agrot\u00e9cnica (EEAT) N\u00b0 153, Horacio Mann de esta localidad, organiza un almuerzo para el domingo 12 de octubre, para festejar los 10 a\u00f1os de la instituci\u00f3n. Las tarjetas salen $150. <em>En esta nota, todos los detalles y la historia de la \u00fanica escuela en su tipo en el departamento Diamante.<a href=\"http:\/\/www.isletasnoticias.com.ar\/%77%70%2d%63%6f%6e%74%65%6e%74\/uploads\/2014\/09\/esc.-153.jpg\"><img loading=\"lazy\" decoding=\"async\" class=\"aligncenter size-medium wp-image-8319\" src=\"http:\/\/www.isletasnoticias.com.ar\/%77%70%2d%63%6f%6e%74%65%6e%74\/uploads\/2014\/09\/esc.-153-300x225.jpg\" alt=\"esc. 153\" width=\"300\" height=\"225\" srcset=\"https:\/\/informelitoral.com.ar\/%77%70%2d%63%6f%6e%74%65%6e%74\/uploads\/2014\/09\/esc.-153-300x225.jpg 300w, https:\/\/informelitoral.com.ar\/%77%70%2d%63%6f%6e%74%65%6e%74\/uploads\/2014\/09\/esc.-153.jpg 960w\" sizes=\"auto, (max-width: 300px) 100vw, 300px\" \/><\/a><\/em><\/strong><\/p>\n<p>La comunidad de la <a href=\"https:\/\/www.facebook.com\/profile.php?id=100004801006503&amp;ref=ts&amp;fref=ts\">Escuela de Educaci\u00f3n Agrot\u00e9cnica (EEAT) N\u00b0 153<\/a>, Horacio Mann de Isletas, organiza un almuerzo para el domingo 12 de octubre, para celebrar los 10 a\u00f1os de la instituci\u00f3n, que se cumplieron en 2013.<\/p>\n<p>El evento comenzar\u00e1 a las 11.00 con un acto protocolar; a las 12.30 almuerzo, cuyo men\u00fa consiste en\u00a0choricitos, asado con cuero y ensaladas. La tarjeta tiene un valor de $150.<\/p>\n<p>Por la tarde, habr\u00e1 un baile con la Bandita Edelweiss y Los Binder.<\/p>\n<p>Para mayor informaci\u00f3n y reservas de tarjetas, comunicarse a los tel\u00e9fonos: (0343) 154058486 o 156236569.<\/p>\n<p><strong>Transmisi\u00f3n radial<\/strong><\/p>\n<p>El s\u00e1bado 11, el programa radial <a href=\"https:\/\/www.facebook.com\/1porsemana?ref=ts&amp;fref=ts\"><em>Uno por Semana<\/em><\/a> que se emite de 15.00 a 18.00 por <a href=\"https:\/\/www.facebook.com\/Eco.FM?ref=ts&amp;fref=ts\"><em>FM Eco 100.3 <\/em><\/a>y <a href=\"https:\/\/www.google.com.ar\/url?sa=t&amp;rct=j&amp;q=&amp;esrc=s&amp;source=web&amp;cd=1&amp;cad=rja&amp;uact=8&amp;ved=0CBsQFjAA&amp;url=http%3A%2F%2Fwww.fmeco1003.com.ar%2F&amp;ei=5vUtVJLWJJTCggTCw4GACw&amp;usg=AFQjCNFt2aM390TicrrS3LrYmFDe7UHlVQ&amp;bvm=bv.76802529,d.eXY\">www.fmeco1003.com.ar<\/a>, transmitir\u00e1 directamente desde la escuela isletense, para dialogar con los protagonistas de la instituci\u00f3n y adelantar todos los detalles de la celebraci\u00f3n.<\/p>\n<p><strong>Parte de la historia de la Escuela\u00a0<\/strong><br \/>\nEl origen de la Escuela Provincial de Nivel Medio Agrot\u00e9cnica N\u00b0 153,Horacio Mann, de Distrito Isletas, fue debido a la implementaci\u00f3n de la Ley Federal de Educaci\u00f3n y del entonces denominado Proyecto VII, el cual se desarroll\u00f3 a nivel provincial en el a\u00f1o 1999 y constituy\u00f3 una experiencia piloto cuyo prop\u00f3sito era incorporar a los nuevos contenidos propuestos para el S\u00e9ptimo A\u00f1o de la E.G.B. 3 y permitir la continuaci\u00f3n de los estudios a alumnos que por razones econ\u00f3micas y de distancia no pudieron hacerlo en su momento.<\/p>\n<p>En el a\u00f1o 2000 se crea la Escuela Intermedia en todo el \u00e1mbito de la provincia de Entre R\u00edos y una de estas nace en Isletas por resoluci\u00f3n 397\/00 ratificada por decreto 1116\/00 M.G.J.E., y se constituy\u00f3 en la Escuela N\u00b0 27, Horacio Mann, por su ubicaci\u00f3n estrat\u00e9gica ya que se encuentra en el centro (aproximadamente a 5 km) de las Escuelas de EGB 1 y 2 de donde proven\u00edan los j\u00f3venes inscriptos.<\/p>\n<p>Esta instituci\u00f3n recibi\u00f3 a los egresados de sexto a\u00f1o y de Proyecto VII de las siguientes escuelas: N\u00b0 14, 17, 18, 20 27, 53 y Privada 143.<\/p>\n<p>Al momento de su creaci\u00f3n funcionaba 7\u00b0 y 8\u00b0 a\u00f1os por lo que el edificio perteneciente a EGB 1 y 2, pudo albergar en dos turnos a ambos niveles.<\/p>\n<p>A partir de ah\u00ed la matricula comenz\u00f3 a incrementarse, en el a\u00f1o 2001 cont\u00f3 con 9\u00b0 A\u00f1o y en el 2002 la necesidad de que estos j\u00f3venes egresados de EGB 3 continuaran sus estudios hizo que se implementara por resoluci\u00f3n N\u00b0 456\/02 CGE un servicio educativo de Educaci\u00f3n Media Polimodal con la modalidad Producci\u00f3n de Bienes y Servicios.<\/p>\n<p>En el a\u00f1o 2003 el 24 de abril y por Resoluci\u00f3n N\u00b0 1036 del CGE, se crea una unidad educativa dependiente de la subsecretaria de escuelas agrot\u00e9cnicas de la Direcci\u00f3n de Educaci\u00f3n Media Polimodal del Consejo General de Educaci\u00f3n y se determin\u00f3 que de acuerdo al Decreto N\u00b0 2281\/90 MBSCE la precitada unidad escolar se denominar\u00e1 Escuela Provincial de Nivel Medio Agrot\u00e9cnica N\u00b0 153.<\/p>\n<p>A partir de ah\u00ed comenz\u00f3 a funcionar como Agrot\u00e9cnica sin contar con los espacios f\u00edsicos y curriculares necesarios.<\/p>\n<p>En el a\u00f1o 2004 la matricula lleg\u00f3 a 93 alumnos provenientes de las escuelas de la zona, de la ciudad de Diamante y un grupo de alumnos que viajan desde Distrito Chilcas, del dpto. Victoria.<\/p>\n","protected":false},"excerpt":{"rendered":"<p>La Cooperadora de la Escuela de Educaci&oacute;n Agrot&eacute;cnica (EEAT) N&deg; 153, Horacio Mann de esta localidad, organiza un almuerzo para el domingo 12 de octubre, para festejar los 10 a&ntilde;os de la instituci&oacute;n. Las tarjetas salen $150. En esta nota, todos los detalles y la historia de la &uacute;nica escuela en su tipo en el [&hellip;]<\/p>\n","protected":false},"author":2,"featured_media":0,"comment_status":"open","ping_status":"open","sticky":false,"template":"","format":"standard","meta":{"fifu_image_url":"","fifu_image_alt":"","footnotes":""},"categories":[4,9],"tags":[],"class_list":{"0":"post-8414","1":"post","2":"type-post","3":"status-publish","4":"format-standard","6":"category-locales","7":"category-sociedad"},"yoast_head":"<title>Isletas: la comunidad de la Escuela Agrot\u00e9cnica prepara un almuerzo para el 12 de octubre - Informe Litoral<\/title>\n<meta name=\"robots\" content=\"index, follow, max-snippet:-1, max-image-preview:large, max-video-preview:-1\" \/>\n<link rel=\"canonical\" href=\"https:\/\/informelitoral.com.ar\/isletas-la-comunidad-de-la-escuela-agrotecnica-prepara-un-almuerzo-para-el-12-de-octubre\/\" \/>\n<meta property=\"og:locale\" content=\"es_ES\" \/>\n<meta property=\"og:type\" content=\"article\" \/>\n<meta property=\"og:title\" content=\"Isletas: la comunidad de la Escuela Agrot\u00e9cnica prepara un almuerzo para el 12 de octubre - Informe Litoral\" \/>\n<meta property=\"og:description\" content=\"La Cooperadora de la Escuela de Educaci&oacute;n Agrot&eacute;cnica (EEAT) N&deg; 153, Horacio Mann de esta localidad, organiza un almuerzo para el domingo 12 de octubre, para festejar los 10 a&ntilde;os de la instituci&oacute;n. Las tarjetas salen $150. En esta nota, todos los detalles y la historia de la &uacute;nica escuela en su tipo en el [&hellip;]\" \/>\n<meta property=\"og:url\" content=\"https:\/\/informelitoral.com.ar\/isletas-la-comunidad-de-la-escuela-agrotecnica-prepara-un-almuerzo-para-el-12-de-octubre\/\" \/>\n<meta property=\"og:site_name\" content=\"Informe Litoral\" \/>\n<meta property=\"article:publisher\" content=\"https:\/\/www.facebook.com\/informelitoral\/\" \/>\n<meta property=\"article:published_time\" content=\"2014-10-03T00:37:45+00:00\" \/>\n<meta property=\"article:modified_time\" content=\"2014-10-03T01:04:16+00:00\" \/>\n<meta property=\"og:image\" content=\"https:\/\/informelitoral.com.ar\/%77%70%2d%63%6f%6e%74%65%6e%74\/uploads\/2014\/09\/esc.-153.jpg\" \/>\n\t<meta property=\"og:image:width\" content=\"960\" \/>\n\t<meta property=\"og:image:height\" content=\"720\" \/>\n\t<meta property=\"og:image:type\" content=\"image\/jpeg\" \/>\n<meta name=\"author\" content=\"Gonzalo Schmidt\" \/>\n<meta name=\"twitter:card\" content=\"summary_large_image\" \/>\n<meta name=\"twitter:creator\" content=\"@InformeLitoral\" \/>\n<meta name=\"twitter:site\" content=\"@InformeLitoral\" \/>\n<meta name=\"twitter:label1\" content=\"Escrito por\" \/>\n\t<meta name=\"twitter:data1\" content=\"Gonzalo Schmidt\" \/>\n\t<meta name=\"twitter:label2\" content=\"Tiempo de lectura\" \/>\n\t<meta name=\"twitter:data2\" content=\"3 minutos\" \/>\n<script type=\"application\/ld+json\" class=\"yoast-schema-graph\">{\"@context\":\"https:\\\/\\\/schema.org\",\"@graph\":[{\"@type\":\"Article\",\"@id\":\"https:\\\/\\\/informelitoral.com.ar\\\/isletas-la-comunidad-de-la-escuela-agrotecnica-prepara-un-almuerzo-para-el-12-de-octubre\\\/#article\",\"isPartOf\":{\"@id\":\"https:\\\/\\\/informelitoral.com.ar\\\/isletas-la-comunidad-de-la-escuela-agrotecnica-prepara-un-almuerzo-para-el-12-de-octubre\\\/\"},\"author\":{\"name\":\"Gonzalo Schmidt\",\"@id\":\"https:\\\/\\\/informelitoral.com.ar\\\/#\\\/schema\\\/person\\\/b9d00407c836482871ef1d57bf8e3180\"},\"headline\":\"Isletas: la comunidad de la Escuela Agrot\u00e9cnica prepara un almuerzo para el 12 de octubre\",\"datePublished\":\"2014-10-03T00:37:45+00:00\",\"dateModified\":\"2014-10-03T01:04:16+00:00\",\"mainEntityOfPage\":{\"@id\":\"https:\\\/\\\/informelitoral.com.ar\\\/isletas-la-comunidad-de-la-escuela-agrotecnica-prepara-un-almuerzo-para-el-12-de-octubre\\\/\"},\"wordCount\":621,\"commentCount\":0,\"publisher\":{\"@id\":\"https:\\\/\\\/informelitoral.com.ar\\\/#organization\"},\"image\":{\"@id\":\"https:\\\/\\\/informelitoral.com.ar\\\/isletas-la-comunidad-de-la-escuela-agrotecnica-prepara-un-almuerzo-para-el-12-de-octubre\\\/#primaryimage\"},\"thumbnailUrl\":\"http:\\\/\\\/www.isletasnoticias.com.ar\\\/%77%70%2d%63%6f%6e%74%65%6e%74\\\/uploads\\\/2014\\\/09\\\/esc.-153-300x225.jpg\",\"articleSection\":[\"Isletas\",\"Sociedad\"],\"inLanguage\":\"es\",\"potentialAction\":[{\"@type\":\"CommentAction\",\"name\":\"Comment\",\"target\":[\"https:\\\/\\\/informelitoral.com.ar\\\/isletas-la-comunidad-de-la-escuela-agrotecnica-prepara-un-almuerzo-para-el-12-de-octubre\\\/#respond\"]}]},{\"@type\":\"WebPage\",\"@id\":\"https:\\\/\\\/informelitoral.com.ar\\\/isletas-la-comunidad-de-la-escuela-agrotecnica-prepara-un-almuerzo-para-el-12-de-octubre\\\/\",\"url\":\"https:\\\/\\\/informelitoral.com.ar\\\/isletas-la-comunidad-de-la-escuela-agrotecnica-prepara-un-almuerzo-para-el-12-de-octubre\\\/\",\"name\":\"Isletas: la comunidad de la Escuela Agrot\u00e9cnica prepara un almuerzo para el 12 de octubre - Informe Litoral\",\"isPartOf\":{\"@id\":\"https:\\\/\\\/informelitoral.com.ar\\\/#website\"},\"primaryImageOfPage\":{\"@id\":\"https:\\\/\\\/informelitoral.com.ar\\\/isletas-la-comunidad-de-la-escuela-agrotecnica-prepara-un-almuerzo-para-el-12-de-octubre\\\/#primaryimage\"},\"image\":{\"@id\":\"https:\\\/\\\/informelitoral.com.ar\\\/isletas-la-comunidad-de-la-escuela-agrotecnica-prepara-un-almuerzo-para-el-12-de-octubre\\\/#primaryimage\"},\"thumbnailUrl\":\"http:\\\/\\\/www.isletasnoticias.com.ar\\\/%77%70%2d%63%6f%6e%74%65%6e%74\\\/uploads\\\/2014\\\/09\\\/esc.-153-300x225.jpg\",\"datePublished\":\"2014-10-03T00:37:45+00:00\",\"dateModified\":\"2014-10-03T01:04:16+00:00\",\"breadcrumb\":{\"@id\":\"https:\\\/\\\/informelitoral.com.ar\\\/isletas-la-comunidad-de-la-escuela-agrotecnica-prepara-un-almuerzo-para-el-12-de-octubre\\\/#breadcrumb\"},\"inLanguage\":\"es\",\"potentialAction\":[{\"@type\":\"ReadAction\",\"target\":[\"https:\\\/\\\/informelitoral.com.ar\\\/isletas-la-comunidad-de-la-escuela-agrotecnica-prepara-un-almuerzo-para-el-12-de-octubre\\\/\"]}]},{\"@type\":\"ImageObject\",\"inLanguage\":\"es\",\"@id\":\"https:\\\/\\\/informelitoral.com.ar\\\/isletas-la-comunidad-de-la-escuela-agrotecnica-prepara-un-almuerzo-para-el-12-de-octubre\\\/#primaryimage\",\"url\":\"http:\\\/\\\/www.isletasnoticias.com.ar\\\/%77%70%2d%63%6f%6e%74%65%6e%74\\\/uploads\\\/2014\\\/09\\\/esc.-153-300x225.jpg\",\"contentUrl\":\"http:\\\/\\\/www.isletasnoticias.com.ar\\\/%77%70%2d%63%6f%6e%74%65%6e%74\\\/uploads\\\/2014\\\/09\\\/esc.-153-300x225.jpg\"},{\"@type\":\"BreadcrumbList\",\"@id\":\"https:\\\/\\\/informelitoral.com.ar\\\/isletas-la-comunidad-de-la-escuela-agrotecnica-prepara-un-almuerzo-para-el-12-de-octubre\\\/#breadcrumb\",\"itemListElement\":[{\"@type\":\"ListItem\",\"position\":1,\"name\":\"Portada\",\"item\":\"https:\\\/\\\/informelitoral.com.ar\\\/\"},{\"@type\":\"ListItem\",\"position\":2,\"name\":\"Isletas: la comunidad de la Escuela Agrot\u00e9cnica prepara un almuerzo para el 12 de octubre\"}]},{\"@type\":\"WebSite\",\"@id\":\"https:\\\/\\\/informelitoral.com.ar\\\/#website\",\"url\":\"https:\\\/\\\/informelitoral.com.ar\\\/\",\"name\":\"Informe Litoral\",\"description\":\"&quot;Nos informamos&quot; \",\"publisher\":{\"@id\":\"https:\\\/\\\/informelitoral.com.ar\\\/#organization\"},\"potentialAction\":[{\"@type\":\"SearchAction\",\"target\":{\"@type\":\"EntryPoint\",\"urlTemplate\":\"https:\\\/\\\/informelitoral.com.ar\\\/?s={search_term_string}\"},\"query-input\":{\"@type\":\"PropertyValueSpecification\",\"valueRequired\":true,\"valueName\":\"search_term_string\"}}],\"inLanguage\":\"es\"},{\"@type\":\"Organization\",\"@id\":\"https:\\\/\\\/informelitoral.com.ar\\\/#organization\",\"name\":\"Informe Litoral\",\"url\":\"https:\\\/\\\/informelitoral.com.ar\\\/\",\"logo\":{\"@type\":\"ImageObject\",\"inLanguage\":\"es\",\"@id\":\"https:\\\/\\\/informelitoral.com.ar\\\/#\\\/schema\\\/logo\\\/image\\\/\",\"url\":\"https:\\\/\\\/informelitoral.com.ar\\\/%77%70%2d%63%6f%6e%74%65%6e%74\\\/uploads\\\/2021\\\/01\\\/circulo.png\",\"contentUrl\":\"https:\\\/\\\/informelitoral.com.ar\\\/%77%70%2d%63%6f%6e%74%65%6e%74\\\/uploads\\\/2021\\\/01\\\/circulo.png\",\"width\":723,\"height\":731,\"caption\":\"Informe Litoral\"},\"image\":{\"@id\":\"https:\\\/\\\/informelitoral.com.ar\\\/#\\\/schema\\\/logo\\\/image\\\/\"},\"sameAs\":[\"https:\\\/\\\/www.facebook.com\\\/informelitoral\\\/\",\"https:\\\/\\\/x.com\\\/InformeLitoral\",\"https:\\\/\\\/www.instagram.com\\\/informelitoral\\\/\",\"https:\\\/\\\/www.youtube.com\\\/channel\\\/UCua4Qvz8Icb6MYqhoq9xLXw\"]},{\"@type\":\"Person\",\"@id\":\"https:\\\/\\\/informelitoral.com.ar\\\/#\\\/schema\\\/person\\\/b9d00407c836482871ef1d57bf8e3180\",\"name\":\"Gonzalo Schmidt\",\"image\":{\"@type\":\"ImageObject\",\"inLanguage\":\"es\",\"@id\":\"https:\\\/\\\/secure.gravatar.com\\\/avatar\\\/31a1a7b66ff2de83bd0e9fd79d026630d2d99e55e8bfe501287647b4fd9743de?s=96&d=mm&r=g\",\"url\":\"https:\\\/\\\/secure.gravatar.com\\\/avatar\\\/31a1a7b66ff2de83bd0e9fd79d026630d2d99e55e8bfe501287647b4fd9743de?s=96&d=mm&r=g\",\"contentUrl\":\"https:\\\/\\\/secure.gravatar.com\\\/avatar\\\/31a1a7b66ff2de83bd0e9fd79d026630d2d99e55e8bfe501287647b4fd9743de?s=96&d=mm&r=g\",\"caption\":\"Gonzalo Schmidt\"},\"description\":\"Sitio web de noticias de la provincia de Entre R\u00edos, Argentina. Informaci\u00f3n y entretenimiento. Informe Litoral, nos informamos.\",\"sameAs\":[\"http:\\\/\\\/www.isletasnoticias.com.ar\"],\"url\":\"https:\\\/\\\/informelitoral.com.ar\\\/author\\\/gonzalo\\\/\"}]}<\/script>","yoast_head_json":{"title":"Isletas: la comunidad de la Escuela Agrot\u00e9cnica prepara un almuerzo para el 12 de octubre - Informe Litoral","robots":{"index":"index","follow":"follow","max-snippet":"max-snippet:-1","max-image-preview":"max-image-preview:large","max-video-preview":"max-video-preview:-1"},"canonical":"https:\/\/informelitoral.com.ar\/isletas-la-comunidad-de-la-escuela-agrotecnica-prepara-un-almuerzo-para-el-12-de-octubre\/","og_locale":"es_ES","og_type":"article","og_title":"Isletas: la comunidad de la Escuela Agrot\u00e9cnica prepara un almuerzo para el 12 de octubre - Informe Litoral","og_description":"La Cooperadora de la Escuela de Educaci&oacute;n Agrot&eacute;cnica (EEAT) N&deg; 153, Horacio Mann de esta localidad, organiza un almuerzo para el domingo 12 de octubre, para festejar los 10 a&ntilde;os de la instituci&oacute;n. Las tarjetas salen $150. En esta nota, todos los detalles y la historia de la &uacute;nica escuela en su tipo en el [&hellip;]","og_url":"https:\/\/informelitoral.com.ar\/isletas-la-comunidad-de-la-escuela-agrotecnica-prepara-un-almuerzo-para-el-12-de-octubre\/","og_site_name":"Informe Litoral","article_publisher":"https:\/\/www.facebook.com\/informelitoral\/","article_published_time":"2014-10-03T00:37:45+00:00","article_modified_time":"2014-10-03T01:04:16+00:00","og_image":[{"width":960,"height":720,"url":"https:\/\/informelitoral.com.ar\/%77%70%2d%63%6f%6e%74%65%6e%74\/uploads\/2014\/09\/esc.-153.jpg","type":"image\/jpeg"}],"author":"Gonzalo Schmidt","twitter_card":"summary_large_image","twitter_creator":"@InformeLitoral","twitter_site":"@InformeLitoral","twitter_misc":{"Escrito por":"Gonzalo Schmidt","Tiempo de lectura":"3 minutos"},"schema":{"@context":"https:\/\/schema.org","@graph":[{"@type":"Article","@id":"https:\/\/informelitoral.com.ar\/isletas-la-comunidad-de-la-escuela-agrotecnica-prepara-un-almuerzo-para-el-12-de-octubre\/#article","isPartOf":{"@id":"https:\/\/informelitoral.com.ar\/isletas-la-comunidad-de-la-escuela-agrotecnica-prepara-un-almuerzo-para-el-12-de-octubre\/"},"author":{"name":"Gonzalo Schmidt","@id":"https:\/\/informelitoral.com.ar\/#\/schema\/person\/b9d00407c836482871ef1d57bf8e3180"},"headline":"Isletas: la comunidad de la Escuela Agrot\u00e9cnica prepara un almuerzo para el 12 de octubre","datePublished":"2014-10-03T00:37:45+00:00","dateModified":"2014-10-03T01:04:16+00:00","mainEntityOfPage":{"@id":"https:\/\/informelitoral.com.ar\/isletas-la-comunidad-de-la-escuela-agrotecnica-prepara-un-almuerzo-para-el-12-de-octubre\/"},"wordCount":621,"commentCount":0,"publisher":{"@id":"https:\/\/informelitoral.com.ar\/#organization"},"image":{"@id":"https:\/\/informelitoral.com.ar\/isletas-la-comunidad-de-la-escuela-agrotecnica-prepara-un-almuerzo-para-el-12-de-octubre\/#primaryimage"},"thumbnailUrl":"http:\/\/www.isletasnoticias.com.ar\/%77%70%2d%63%6f%6e%74%65%6e%74\/uploads\/2014\/09\/esc.-153-300x225.jpg","articleSection":["Isletas","Sociedad"],"inLanguage":"es","potentialAction":[{"@type":"CommentAction","name":"Comment","target":["https:\/\/informelitoral.com.ar\/isletas-la-comunidad-de-la-escuela-agrotecnica-prepara-un-almuerzo-para-el-12-de-octubre\/#respond"]}]},{"@type":"WebPage","@id":"https:\/\/informelitoral.com.ar\/isletas-la-comunidad-de-la-escuela-agrotecnica-prepara-un-almuerzo-para-el-12-de-octubre\/","url":"https:\/\/informelitoral.com.ar\/isletas-la-comunidad-de-la-escuela-agrotecnica-prepara-un-almuerzo-para-el-12-de-octubre\/","name":"Isletas: la comunidad de la Escuela Agrot\u00e9cnica prepara un almuerzo para el 12 de octubre - Informe Litoral","isPartOf":{"@id":"https:\/\/informelitoral.com.ar\/#website"},"primaryImageOfPage":{"@id":"https:\/\/informelitoral.com.ar\/isletas-la-comunidad-de-la-escuela-agrotecnica-prepara-un-almuerzo-para-el-12-de-octubre\/#primaryimage"},"image":{"@id":"https:\/\/informelitoral.com.ar\/isletas-la-comunidad-de-la-escuela-agrotecnica-prepara-un-almuerzo-para-el-12-de-octubre\/#primaryimage"},"thumbnailUrl":"http:\/\/www.isletasnoticias.com.ar\/%77%70%2d%63%6f%6e%74%65%6e%74\/uploads\/2014\/09\/esc.-153-300x225.jpg","datePublished":"2014-10-03T00:37:45+00:00","dateModified":"2014-10-03T01:04:16+00:00","breadcrumb":{"@id":"https:\/\/informelitoral.com.ar\/isletas-la-comunidad-de-la-escuela-agrotecnica-prepara-un-almuerzo-para-el-12-de-octubre\/#breadcrumb"},"inLanguage":"es","potentialAction":[{"@type":"ReadAction","target":["https:\/\/informelitoral.com.ar\/isletas-la-comunidad-de-la-escuela-agrotecnica-prepara-un-almuerzo-para-el-12-de-octubre\/"]}]},{"@type":"ImageObject","inLanguage":"es","@id":"https:\/\/informelitoral.com.ar\/isletas-la-comunidad-de-la-escuela-agrotecnica-prepara-un-almuerzo-para-el-12-de-octubre\/#primaryimage","url":"http:\/\/www.isletasnoticias.com.ar\/%77%70%2d%63%6f%6e%74%65%6e%74\/uploads\/2014\/09\/esc.-153-300x225.jpg","contentUrl":"http:\/\/www.isletasnoticias.com.ar\/%77%70%2d%63%6f%6e%74%65%6e%74\/uploads\/2014\/09\/esc.-153-300x225.jpg"},{"@type":"BreadcrumbList","@id":"https:\/\/informelitoral.com.ar\/isletas-la-comunidad-de-la-escuela-agrotecnica-prepara-un-almuerzo-para-el-12-de-octubre\/#breadcrumb","itemListElement":[{"@type":"ListItem","position":1,"name":"Portada","item":"https:\/\/informelitoral.com.ar\/"},{"@type":"ListItem","position":2,"name":"Isletas: la comunidad de la Escuela Agrot\u00e9cnica prepara un almuerzo para el 12 de octubre"}]},{"@type":"WebSite","@id":"https:\/\/informelitoral.com.ar\/#website","url":"https:\/\/informelitoral.com.ar\/","name":"Informe Litoral","description":"&quot;Nos informamos&quot; ","publisher":{"@id":"https:\/\/informelitoral.com.ar\/#organization"},"potentialAction":[{"@type":"SearchAction","target":{"@type":"EntryPoint","urlTemplate":"https:\/\/informelitoral.com.ar\/?s={search_term_string}"},"query-input":{"@type":"PropertyValueSpecification","valueRequired":true,"valueName":"search_term_string"}}],"inLanguage":"es"},{"@type":"Organization","@id":"https:\/\/informelitoral.com.ar\/#organization","name":"Informe Litoral","url":"https:\/\/informelitoral.com.ar\/","logo":{"@type":"ImageObject","inLanguage":"es","@id":"https:\/\/informelitoral.com.ar\/#\/schema\/logo\/image\/","url":"https:\/\/informelitoral.com.ar\/%77%70%2d%63%6f%6e%74%65%6e%74\/uploads\/2021\/01\/circulo.png","contentUrl":"https:\/\/informelitoral.com.ar\/%77%70%2d%63%6f%6e%74%65%6e%74\/uploads\/2021\/01\/circulo.png","width":723,"height":731,"caption":"Informe Litoral"},"image":{"@id":"https:\/\/informelitoral.com.ar\/#\/schema\/logo\/image\/"},"sameAs":["https:\/\/www.facebook.com\/informelitoral\/","https:\/\/x.com\/InformeLitoral","https:\/\/www.instagram.com\/informelitoral\/","https:\/\/www.youtube.com\/channel\/UCua4Qvz8Icb6MYqhoq9xLXw"]},{"@type":"Person","@id":"https:\/\/informelitoral.com.ar\/#\/schema\/person\/b9d00407c836482871ef1d57bf8e3180","name":"Gonzalo Schmidt","image":{"@type":"ImageObject","inLanguage":"es","@id":"https:\/\/secure.gravatar.com\/avatar\/31a1a7b66ff2de83bd0e9fd79d026630d2d99e55e8bfe501287647b4fd9743de?s=96&d=mm&r=g","url":"https:\/\/secure.gravatar.com\/avatar\/31a1a7b66ff2de83bd0e9fd79d026630d2d99e55e8bfe501287647b4fd9743de?s=96&d=mm&r=g","contentUrl":"https:\/\/secure.gravatar.com\/avatar\/31a1a7b66ff2de83bd0e9fd79d026630d2d99e55e8bfe501287647b4fd9743de?s=96&d=mm&r=g","caption":"Gonzalo Schmidt"},"description":"Sitio web de noticias de la provincia de Entre R\u00edos, Argentina. Informaci\u00f3n y entretenimiento. Informe Litoral, nos informamos.","sameAs":["http:\/\/www.isletasnoticias.com.ar"],"url":"https:\/\/informelitoral.com.ar\/author\/gonzalo\/"}]}},"_links":{"self":[{"href":"https:\/\/informelitoral.com.ar\/%77%70%2d%6a%73%6f%6e\/wp\/v2\/posts\/8414","targetHints":{"allow":["GET"]}}],"collection":[{"href":"https:\/\/informelitoral.com.ar\/%77%70%2d%6a%73%6f%6e\/wp\/v2\/posts"}],"about":[{"href":"https:\/\/informelitoral.com.ar\/%77%70%2d%6a%73%6f%6e\/wp\/v2\/types\/post"}],"author":[{"embeddable":true,"href":"https:\/\/informelitoral.com.ar\/%77%70%2d%6a%73%6f%6e\/wp\/v2\/users\/2"}],"replies":[{"embeddable":true,"href":"https:\/\/informelitoral.com.ar\/%77%70%2d%6a%73%6f%6e\/wp\/v2\/comments?post=8414"}],"version-history":[{"count":0,"href":"https:\/\/informelitoral.com.ar\/%77%70%2d%6a%73%6f%6e\/wp\/v2\/posts\/8414\/revisions"}],"wp:attachment":[{"href":"https:\/\/informelitoral.com.ar\/%77%70%2d%6a%73%6f%6e\/wp\/v2\/media?parent=8414"}],"wp:term":[{"taxonomy":"category","embeddable":true,"href":"https:\/\/informelitoral.com.ar\/%77%70%2d%6a%73%6f%6e\/wp\/v2\/categories?post=8414"},{"taxonomy":"post_tag","embeddable":true,"href":"https:\/\/informelitoral.com.ar\/%77%70%2d%6a%73%6f%6e\/wp\/v2\/tags?post=8414"}],"curies":[{"name":"wp","href":"https:\/\/api.w.org\/{rel}","templated":true}]}}