{"id":8408,"date":"2014-10-01T20:20:16","date_gmt":"2014-10-01T23:20:16","guid":{"rendered":"http:\/\/www.isletasnoticias.com.ar\/?p=8408"},"modified":"2014-10-01T20:21:41","modified_gmt":"2014-10-01T23:21:41","slug":"dos-muertos-tras-un-choque-frontal-en-la-ruta-11","status":"publish","type":"post","link":"https:\/\/informelitoral.com.ar\/dos-muertos-tras-un-choque-frontal-en-la-ruta-11\/","title":{"rendered":"Dos muertos tras un choque frontal en la ruta 11"},"content":{"rendered":"<p>&nbsp;<\/p>\n<p><strong>Un fatal accidente se produjo en la tarde de este mi\u00e9rcoles en el kil\u00f3metro 14 de la ruta 11, entre Oro Verde y Colonia Ensayo. El choque frontal entre dos autom\u00f3viles dejaron como saldo dos fallecidos.<\/strong><\/p>\n<figure id=\"attachment_8409\" aria-describedby=\"caption-attachment-8409\" style=\"width: 300px\" class=\"wp-caption aligncenter\"><a href=\"http:\/\/www.isletasnoticias.com.ar\/%77%70%2d%63%6f%6e%74%65%6e%74\/uploads\/2014\/10\/10685394_623512121099753_2968000435223773268_n.jpg\"><img loading=\"lazy\" decoding=\"async\" class=\"wp-image-8409 size-medium\" src=\"http:\/\/www.isletasnoticias.com.ar\/%77%70%2d%63%6f%6e%74%65%6e%74\/uploads\/2014\/10\/10685394_623512121099753_2968000435223773268_n-300x168.jpg\" alt=\"\" width=\"300\" height=\"168\" srcset=\"https:\/\/informelitoral.com.ar\/%77%70%2d%63%6f%6e%74%65%6e%74\/uploads\/2014\/10\/10685394_623512121099753_2968000435223773268_n-300x168.jpg 300w, https:\/\/informelitoral.com.ar\/%77%70%2d%63%6f%6e%74%65%6e%74\/uploads\/2014\/10\/10685394_623512121099753_2968000435223773268_n.jpg 560w\" sizes=\"auto, (max-width: 300px) 100vw, 300px\" \/><\/a><figcaption id=\"caption-attachment-8409\" class=\"wp-caption-text\">Foto: Jos\u00e9 Luis Eberle Abrigo<\/figcaption><\/figure>\n<p>Un fatal accidente se produjo en la tarde de este mi\u00e9rcoles en el kil\u00f3metro 14 de la ruta 11, entre Oro Verde y Colonia Ensayo.<\/p>\n<p>El choque frontal entre dos autom\u00f3viles dej\u00f3 como saldo dos fallecidos, y dos personas derivadas al hospital San Mart\u00edn, una de ellas en grave estado.<\/p>\n<p>Seg\u00fan pudo saber <em>Elonce TV<\/em>, una Ford Eco Sport que se dirig\u00eda desde Paran\u00e1 hacia Diamante y un Chevrolet Astra, cuyos ocupantes oriundos de Gar\u00edn, regresaban de pescar de la zona de La Jaula, protagonizaron un violente choque frontal.<\/p>\n<p>Producto de ellos fallecieron los acompa\u00f1antes de cada uno de los veh\u00edculos, un hombre de 70 a\u00f1os y otro de 38 a\u00f1os. En tanto que los conductores debieron ser trasladados al hospital San Mart\u00edn, uno de ellos (quien manejaba el Astra) en grave estado.<\/p>\n<p>El Jefe de la Comisar\u00eda Salto se\u00f1al\u00f3\u00a0que \u201cel golpe que se dieron los veh\u00edculos es medio extra\u00f1o y trataremos de establecer la din\u00e1mica del accidente. Cuesta entender c\u00f3mo se produjo por la manera en que quedaron los autos y el lado donde golpearon\u201d.<\/p>\n<p>Finalmente, relat\u00f3 que al momento de llegar la asistencia, quien iba como acompa\u00f1ante en la Ford Eco Sport, un hombre de 38 a\u00f1os, \u201cestaba vivo pero hab\u00eda quedado atrapado\u201d entre los hierros. \u201cDemand\u00f3 bastante tiempo poder sacarla y luego personal sanitario corrobor\u00f3 que al momento de ser extra\u00edda estaba fallecida\u201d. (<i>Elonce.com)<\/i><\/p>\n","protected":false},"excerpt":{"rendered":"<p>&nbsp; Un fatal accidente se produjo en la tarde de este mi&eacute;rcoles en el kil&oacute;metro 14 de la ruta 11, entre Oro Verde y Colonia Ensayo. El choque frontal entre dos autom&oacute;viles dejaron como saldo dos fallecidos. Un fatal accidente se produjo en la tarde de este mi&eacute;rcoles en el kil&oacute;metro 14 de la ruta [&hellip;]<\/p>\n","protected":false},"author":2,"featured_media":0,"comment_status":"open","ping_status":"open","sticky":false,"template":"","format":"standard","meta":{"fifu_image_url":"","fifu_image_alt":"","footnotes":""},"categories":[5,14],"tags":[],"class_list":{"0":"post-8408","1":"post","2":"type-post","3":"status-publish","4":"format-standard","6":"category-zonales","7":"category-policiales"},"yoast_head":"<title>Dos muertos tras un choque frontal en la ruta 11 - Informe Litoral<\/title>\n<meta name=\"robots\" content=\"index, follow, max-snippet:-1, max-image-preview:large, max-video-preview:-1\" \/>\n<link rel=\"canonical\" href=\"https:\/\/informelitoral.com.ar\/dos-muertos-tras-un-choque-frontal-en-la-ruta-11\/\" \/>\n<meta property=\"og:locale\" content=\"es_ES\" \/>\n<meta property=\"og:type\" content=\"article\" \/>\n<meta property=\"og:title\" content=\"Dos muertos tras un choque frontal en la ruta 11 - Informe Litoral\" \/>\n<meta property=\"og:description\" content=\"&nbsp; Un fatal accidente se produjo en la tarde de este mi&eacute;rcoles en el kil&oacute;metro 14 de la ruta 11, entre Oro Verde y Colonia Ensayo. El choque frontal entre dos autom&oacute;viles dejaron como saldo dos fallecidos. Un fatal accidente se produjo en la tarde de este mi&eacute;rcoles en el kil&oacute;metro 14 de la ruta [&hellip;]\" \/>\n<meta property=\"og:url\" content=\"https:\/\/informelitoral.com.ar\/dos-muertos-tras-un-choque-frontal-en-la-ruta-11\/\" \/>\n<meta property=\"og:site_name\" content=\"Informe Litoral\" \/>\n<meta property=\"article:publisher\" content=\"https:\/\/www.facebook.com\/informelitoral\/\" \/>\n<meta property=\"article:published_time\" content=\"2014-10-01T23:20:16+00:00\" \/>\n<meta property=\"article:modified_time\" content=\"2014-10-01T23:21:41+00:00\" \/>\n<meta property=\"og:image\" content=\"https:\/\/informelitoral.com.ar\/%77%70%2d%63%6f%6e%74%65%6e%74\/uploads\/2014\/10\/10685394_623512121099753_2968000435223773268_n.jpg\" \/>\n\t<meta property=\"og:image:width\" content=\"560\" \/>\n\t<meta property=\"og:image:height\" content=\"315\" \/>\n\t<meta property=\"og:image:type\" content=\"image\/jpeg\" \/>\n<meta name=\"author\" content=\"Gonzalo Schmidt\" \/>\n<meta name=\"twitter:card\" content=\"summary_large_image\" \/>\n<meta name=\"twitter:creator\" content=\"@InformeLitoral\" \/>\n<meta name=\"twitter:site\" content=\"@InformeLitoral\" \/>\n<meta name=\"twitter:label1\" content=\"Escrito por\" \/>\n\t<meta name=\"twitter:data1\" content=\"Gonzalo Schmidt\" \/>\n\t<meta name=\"twitter:label2\" content=\"Tiempo de lectura\" \/>\n\t<meta name=\"twitter:data2\" content=\"1 minuto\" \/>\n<script type=\"application\/ld+json\" class=\"yoast-schema-graph\">{\"@context\":\"https:\\\/\\\/schema.org\",\"@graph\":[{\"@type\":\"Article\",\"@id\":\"https:\\\/\\\/informelitoral.com.ar\\\/dos-muertos-tras-un-choque-frontal-en-la-ruta-11\\\/#article\",\"isPartOf\":{\"@id\":\"https:\\\/\\\/informelitoral.com.ar\\\/dos-muertos-tras-un-choque-frontal-en-la-ruta-11\\\/\"},\"author\":{\"name\":\"Gonzalo Schmidt\",\"@id\":\"https:\\\/\\\/informelitoral.com.ar\\\/#\\\/schema\\\/person\\\/b9d00407c836482871ef1d57bf8e3180\"},\"headline\":\"Dos muertos tras un choque frontal en la ruta 11\",\"datePublished\":\"2014-10-01T23:20:16+00:00\",\"dateModified\":\"2014-10-01T23:21:41+00:00\",\"mainEntityOfPage\":{\"@id\":\"https:\\\/\\\/informelitoral.com.ar\\\/dos-muertos-tras-un-choque-frontal-en-la-ruta-11\\\/\"},\"wordCount\":305,\"commentCount\":0,\"publisher\":{\"@id\":\"https:\\\/\\\/informelitoral.com.ar\\\/#organization\"},\"image\":{\"@id\":\"https:\\\/\\\/informelitoral.com.ar\\\/dos-muertos-tras-un-choque-frontal-en-la-ruta-11\\\/#primaryimage\"},\"thumbnailUrl\":\"http:\\\/\\\/www.isletasnoticias.com.ar\\\/%77%70%2d%63%6f%6e%74%65%6e%74\\\/uploads\\\/2014\\\/10\\\/10685394_623512121099753_2968000435223773268_n-300x168.jpg\",\"articleSection\":[\"Departamento Diamante\",\"Policiales\"],\"inLanguage\":\"es\",\"potentialAction\":[{\"@type\":\"CommentAction\",\"name\":\"Comment\",\"target\":[\"https:\\\/\\\/informelitoral.com.ar\\\/dos-muertos-tras-un-choque-frontal-en-la-ruta-11\\\/#respond\"]}]},{\"@type\":\"WebPage\",\"@id\":\"https:\\\/\\\/informelitoral.com.ar\\\/dos-muertos-tras-un-choque-frontal-en-la-ruta-11\\\/\",\"url\":\"https:\\\/\\\/informelitoral.com.ar\\\/dos-muertos-tras-un-choque-frontal-en-la-ruta-11\\\/\",\"name\":\"Dos muertos tras un choque frontal en la ruta 11 - Informe Litoral\",\"isPartOf\":{\"@id\":\"https:\\\/\\\/informelitoral.com.ar\\\/#website\"},\"primaryImageOfPage\":{\"@id\":\"https:\\\/\\\/informelitoral.com.ar\\\/dos-muertos-tras-un-choque-frontal-en-la-ruta-11\\\/#primaryimage\"},\"image\":{\"@id\":\"https:\\\/\\\/informelitoral.com.ar\\\/dos-muertos-tras-un-choque-frontal-en-la-ruta-11\\\/#primaryimage\"},\"thumbnailUrl\":\"http:\\\/\\\/www.isletasnoticias.com.ar\\\/%77%70%2d%63%6f%6e%74%65%6e%74\\\/uploads\\\/2014\\\/10\\\/10685394_623512121099753_2968000435223773268_n-300x168.jpg\",\"datePublished\":\"2014-10-01T23:20:16+00:00\",\"dateModified\":\"2014-10-01T23:21:41+00:00\",\"breadcrumb\":{\"@id\":\"https:\\\/\\\/informelitoral.com.ar\\\/dos-muertos-tras-un-choque-frontal-en-la-ruta-11\\\/#breadcrumb\"},\"inLanguage\":\"es\",\"potentialAction\":[{\"@type\":\"ReadAction\",\"target\":[\"https:\\\/\\\/informelitoral.com.ar\\\/dos-muertos-tras-un-choque-frontal-en-la-ruta-11\\\/\"]}]},{\"@type\":\"ImageObject\",\"inLanguage\":\"es\",\"@id\":\"https:\\\/\\\/informelitoral.com.ar\\\/dos-muertos-tras-un-choque-frontal-en-la-ruta-11\\\/#primaryimage\",\"url\":\"http:\\\/\\\/www.isletasnoticias.com.ar\\\/%77%70%2d%63%6f%6e%74%65%6e%74\\\/uploads\\\/2014\\\/10\\\/10685394_623512121099753_2968000435223773268_n-300x168.jpg\",\"contentUrl\":\"http:\\\/\\\/www.isletasnoticias.com.ar\\\/%77%70%2d%63%6f%6e%74%65%6e%74\\\/uploads\\\/2014\\\/10\\\/10685394_623512121099753_2968000435223773268_n-300x168.jpg\"},{\"@type\":\"BreadcrumbList\",\"@id\":\"https:\\\/\\\/informelitoral.com.ar\\\/dos-muertos-tras-un-choque-frontal-en-la-ruta-11\\\/#breadcrumb\",\"itemListElement\":[{\"@type\":\"ListItem\",\"position\":1,\"name\":\"Portada\",\"item\":\"https:\\\/\\\/informelitoral.com.ar\\\/\"},{\"@type\":\"ListItem\",\"position\":2,\"name\":\"Dos muertos tras un choque frontal en la ruta 11\"}]},{\"@type\":\"WebSite\",\"@id\":\"https:\\\/\\\/informelitoral.com.ar\\\/#website\",\"url\":\"https:\\\/\\\/informelitoral.com.ar\\\/\",\"name\":\"Informe Litoral\",\"description\":\"&quot;Nos informamos&quot; \",\"publisher\":{\"@id\":\"https:\\\/\\\/informelitoral.com.ar\\\/#organization\"},\"potentialAction\":[{\"@type\":\"SearchAction\",\"target\":{\"@type\":\"EntryPoint\",\"urlTemplate\":\"https:\\\/\\\/informelitoral.com.ar\\\/?s={search_term_string}\"},\"query-input\":{\"@type\":\"PropertyValueSpecification\",\"valueRequired\":true,\"valueName\":\"search_term_string\"}}],\"inLanguage\":\"es\"},{\"@type\":\"Organization\",\"@id\":\"https:\\\/\\\/informelitoral.com.ar\\\/#organization\",\"name\":\"Informe Litoral\",\"url\":\"https:\\\/\\\/informelitoral.com.ar\\\/\",\"logo\":{\"@type\":\"ImageObject\",\"inLanguage\":\"es\",\"@id\":\"https:\\\/\\\/informelitoral.com.ar\\\/#\\\/schema\\\/logo\\\/image\\\/\",\"url\":\"https:\\\/\\\/informelitoral.com.ar\\\/%77%70%2d%63%6f%6e%74%65%6e%74\\\/uploads\\\/2021\\\/01\\\/circulo.png\",\"contentUrl\":\"https:\\\/\\\/informelitoral.com.ar\\\/%77%70%2d%63%6f%6e%74%65%6e%74\\\/uploads\\\/2021\\\/01\\\/circulo.png\",\"width\":723,\"height\":731,\"caption\":\"Informe Litoral\"},\"image\":{\"@id\":\"https:\\\/\\\/informelitoral.com.ar\\\/#\\\/schema\\\/logo\\\/image\\\/\"},\"sameAs\":[\"https:\\\/\\\/www.facebook.com\\\/informelitoral\\\/\",\"https:\\\/\\\/x.com\\\/InformeLitoral\",\"https:\\\/\\\/www.instagram.com\\\/informelitoral\\\/\",\"https:\\\/\\\/www.youtube.com\\\/channel\\\/UCua4Qvz8Icb6MYqhoq9xLXw\"]},{\"@type\":\"Person\",\"@id\":\"https:\\\/\\\/informelitoral.com.ar\\\/#\\\/schema\\\/person\\\/b9d00407c836482871ef1d57bf8e3180\",\"name\":\"Gonzalo Schmidt\",\"image\":{\"@type\":\"ImageObject\",\"inLanguage\":\"es\",\"@id\":\"https:\\\/\\\/secure.gravatar.com\\\/avatar\\\/31a1a7b66ff2de83bd0e9fd79d026630d2d99e55e8bfe501287647b4fd9743de?s=96&d=mm&r=g\",\"url\":\"https:\\\/\\\/secure.gravatar.com\\\/avatar\\\/31a1a7b66ff2de83bd0e9fd79d026630d2d99e55e8bfe501287647b4fd9743de?s=96&d=mm&r=g\",\"contentUrl\":\"https:\\\/\\\/secure.gravatar.com\\\/avatar\\\/31a1a7b66ff2de83bd0e9fd79d026630d2d99e55e8bfe501287647b4fd9743de?s=96&d=mm&r=g\",\"caption\":\"Gonzalo Schmidt\"},\"description\":\"Sitio web de noticias de la provincia de Entre R\u00edos, Argentina. Informaci\u00f3n y entretenimiento. Informe Litoral, nos informamos.\",\"sameAs\":[\"http:\\\/\\\/www.isletasnoticias.com.ar\"],\"url\":\"https:\\\/\\\/informelitoral.com.ar\\\/author\\\/gonzalo\\\/\"}]}<\/script>","yoast_head_json":{"title":"Dos muertos tras un choque frontal en la ruta 11 - Informe Litoral","robots":{"index":"index","follow":"follow","max-snippet":"max-snippet:-1","max-image-preview":"max-image-preview:large","max-video-preview":"max-video-preview:-1"},"canonical":"https:\/\/informelitoral.com.ar\/dos-muertos-tras-un-choque-frontal-en-la-ruta-11\/","og_locale":"es_ES","og_type":"article","og_title":"Dos muertos tras un choque frontal en la ruta 11 - Informe Litoral","og_description":"&nbsp; Un fatal accidente se produjo en la tarde de este mi&eacute;rcoles en el kil&oacute;metro 14 de la ruta 11, entre Oro Verde y Colonia Ensayo. El choque frontal entre dos autom&oacute;viles dejaron como saldo dos fallecidos. Un fatal accidente se produjo en la tarde de este mi&eacute;rcoles en el kil&oacute;metro 14 de la ruta [&hellip;]","og_url":"https:\/\/informelitoral.com.ar\/dos-muertos-tras-un-choque-frontal-en-la-ruta-11\/","og_site_name":"Informe Litoral","article_publisher":"https:\/\/www.facebook.com\/informelitoral\/","article_published_time":"2014-10-01T23:20:16+00:00","article_modified_time":"2014-10-01T23:21:41+00:00","og_image":[{"width":560,"height":315,"url":"https:\/\/informelitoral.com.ar\/%77%70%2d%63%6f%6e%74%65%6e%74\/uploads\/2014\/10\/10685394_623512121099753_2968000435223773268_n.jpg","type":"image\/jpeg"}],"author":"Gonzalo Schmidt","twitter_card":"summary_large_image","twitter_creator":"@InformeLitoral","twitter_site":"@InformeLitoral","twitter_misc":{"Escrito por":"Gonzalo Schmidt","Tiempo de lectura":"1 minuto"},"schema":{"@context":"https:\/\/schema.org","@graph":[{"@type":"Article","@id":"https:\/\/informelitoral.com.ar\/dos-muertos-tras-un-choque-frontal-en-la-ruta-11\/#article","isPartOf":{"@id":"https:\/\/informelitoral.com.ar\/dos-muertos-tras-un-choque-frontal-en-la-ruta-11\/"},"author":{"name":"Gonzalo Schmidt","@id":"https:\/\/informelitoral.com.ar\/#\/schema\/person\/b9d00407c836482871ef1d57bf8e3180"},"headline":"Dos muertos tras un choque frontal en la ruta 11","datePublished":"2014-10-01T23:20:16+00:00","dateModified":"2014-10-01T23:21:41+00:00","mainEntityOfPage":{"@id":"https:\/\/informelitoral.com.ar\/dos-muertos-tras-un-choque-frontal-en-la-ruta-11\/"},"wordCount":305,"commentCount":0,"publisher":{"@id":"https:\/\/informelitoral.com.ar\/#organization"},"image":{"@id":"https:\/\/informelitoral.com.ar\/dos-muertos-tras-un-choque-frontal-en-la-ruta-11\/#primaryimage"},"thumbnailUrl":"http:\/\/www.isletasnoticias.com.ar\/%77%70%2d%63%6f%6e%74%65%6e%74\/uploads\/2014\/10\/10685394_623512121099753_2968000435223773268_n-300x168.jpg","articleSection":["Departamento Diamante","Policiales"],"inLanguage":"es","potentialAction":[{"@type":"CommentAction","name":"Comment","target":["https:\/\/informelitoral.com.ar\/dos-muertos-tras-un-choque-frontal-en-la-ruta-11\/#respond"]}]},{"@type":"WebPage","@id":"https:\/\/informelitoral.com.ar\/dos-muertos-tras-un-choque-frontal-en-la-ruta-11\/","url":"https:\/\/informelitoral.com.ar\/dos-muertos-tras-un-choque-frontal-en-la-ruta-11\/","name":"Dos muertos tras un choque frontal en la ruta 11 - Informe Litoral","isPartOf":{"@id":"https:\/\/informelitoral.com.ar\/#website"},"primaryImageOfPage":{"@id":"https:\/\/informelitoral.com.ar\/dos-muertos-tras-un-choque-frontal-en-la-ruta-11\/#primaryimage"},"image":{"@id":"https:\/\/informelitoral.com.ar\/dos-muertos-tras-un-choque-frontal-en-la-ruta-11\/#primaryimage"},"thumbnailUrl":"http:\/\/www.isletasnoticias.com.ar\/%77%70%2d%63%6f%6e%74%65%6e%74\/uploads\/2014\/10\/10685394_623512121099753_2968000435223773268_n-300x168.jpg","datePublished":"2014-10-01T23:20:16+00:00","dateModified":"2014-10-01T23:21:41+00:00","breadcrumb":{"@id":"https:\/\/informelitoral.com.ar\/dos-muertos-tras-un-choque-frontal-en-la-ruta-11\/#breadcrumb"},"inLanguage":"es","potentialAction":[{"@type":"ReadAction","target":["https:\/\/informelitoral.com.ar\/dos-muertos-tras-un-choque-frontal-en-la-ruta-11\/"]}]},{"@type":"ImageObject","inLanguage":"es","@id":"https:\/\/informelitoral.com.ar\/dos-muertos-tras-un-choque-frontal-en-la-ruta-11\/#primaryimage","url":"http:\/\/www.isletasnoticias.com.ar\/%77%70%2d%63%6f%6e%74%65%6e%74\/uploads\/2014\/10\/10685394_623512121099753_2968000435223773268_n-300x168.jpg","contentUrl":"http:\/\/www.isletasnoticias.com.ar\/%77%70%2d%63%6f%6e%74%65%6e%74\/uploads\/2014\/10\/10685394_623512121099753_2968000435223773268_n-300x168.jpg"},{"@type":"BreadcrumbList","@id":"https:\/\/informelitoral.com.ar\/dos-muertos-tras-un-choque-frontal-en-la-ruta-11\/#breadcrumb","itemListElement":[{"@type":"ListItem","position":1,"name":"Portada","item":"https:\/\/informelitoral.com.ar\/"},{"@type":"ListItem","position":2,"name":"Dos muertos tras un choque frontal en la ruta 11"}]},{"@type":"WebSite","@id":"https:\/\/informelitoral.com.ar\/#website","url":"https:\/\/informelitoral.com.ar\/","name":"Informe Litoral","description":"&quot;Nos informamos&quot; ","publisher":{"@id":"https:\/\/informelitoral.com.ar\/#organization"},"potentialAction":[{"@type":"SearchAction","target":{"@type":"EntryPoint","urlTemplate":"https:\/\/informelitoral.com.ar\/?s={search_term_string}"},"query-input":{"@type":"PropertyValueSpecification","valueRequired":true,"valueName":"search_term_string"}}],"inLanguage":"es"},{"@type":"Organization","@id":"https:\/\/informelitoral.com.ar\/#organization","name":"Informe Litoral","url":"https:\/\/informelitoral.com.ar\/","logo":{"@type":"ImageObject","inLanguage":"es","@id":"https:\/\/informelitoral.com.ar\/#\/schema\/logo\/image\/","url":"https:\/\/informelitoral.com.ar\/%77%70%2d%63%6f%6e%74%65%6e%74\/uploads\/2021\/01\/circulo.png","contentUrl":"https:\/\/informelitoral.com.ar\/%77%70%2d%63%6f%6e%74%65%6e%74\/uploads\/2021\/01\/circulo.png","width":723,"height":731,"caption":"Informe Litoral"},"image":{"@id":"https:\/\/informelitoral.com.ar\/#\/schema\/logo\/image\/"},"sameAs":["https:\/\/www.facebook.com\/informelitoral\/","https:\/\/x.com\/InformeLitoral","https:\/\/www.instagram.com\/informelitoral\/","https:\/\/www.youtube.com\/channel\/UCua4Qvz8Icb6MYqhoq9xLXw"]},{"@type":"Person","@id":"https:\/\/informelitoral.com.ar\/#\/schema\/person\/b9d00407c836482871ef1d57bf8e3180","name":"Gonzalo Schmidt","image":{"@type":"ImageObject","inLanguage":"es","@id":"https:\/\/secure.gravatar.com\/avatar\/31a1a7b66ff2de83bd0e9fd79d026630d2d99e55e8bfe501287647b4fd9743de?s=96&d=mm&r=g","url":"https:\/\/secure.gravatar.com\/avatar\/31a1a7b66ff2de83bd0e9fd79d026630d2d99e55e8bfe501287647b4fd9743de?s=96&d=mm&r=g","contentUrl":"https:\/\/secure.gravatar.com\/avatar\/31a1a7b66ff2de83bd0e9fd79d026630d2d99e55e8bfe501287647b4fd9743de?s=96&d=mm&r=g","caption":"Gonzalo Schmidt"},"description":"Sitio web de noticias de la provincia de Entre R\u00edos, Argentina. Informaci\u00f3n y entretenimiento. Informe Litoral, nos informamos.","sameAs":["http:\/\/www.isletasnoticias.com.ar"],"url":"https:\/\/informelitoral.com.ar\/author\/gonzalo\/"}]}},"_links":{"self":[{"href":"https:\/\/informelitoral.com.ar\/%77%70%2d%6a%73%6f%6e\/wp\/v2\/posts\/8408","targetHints":{"allow":["GET"]}}],"collection":[{"href":"https:\/\/informelitoral.com.ar\/%77%70%2d%6a%73%6f%6e\/wp\/v2\/posts"}],"about":[{"href":"https:\/\/informelitoral.com.ar\/%77%70%2d%6a%73%6f%6e\/wp\/v2\/types\/post"}],"author":[{"embeddable":true,"href":"https:\/\/informelitoral.com.ar\/%77%70%2d%6a%73%6f%6e\/wp\/v2\/users\/2"}],"replies":[{"embeddable":true,"href":"https:\/\/informelitoral.com.ar\/%77%70%2d%6a%73%6f%6e\/wp\/v2\/comments?post=8408"}],"version-history":[{"count":0,"href":"https:\/\/informelitoral.com.ar\/%77%70%2d%6a%73%6f%6e\/wp\/v2\/posts\/8408\/revisions"}],"wp:attachment":[{"href":"https:\/\/informelitoral.com.ar\/%77%70%2d%6a%73%6f%6e\/wp\/v2\/media?parent=8408"}],"wp:term":[{"taxonomy":"category","embeddable":true,"href":"https:\/\/informelitoral.com.ar\/%77%70%2d%6a%73%6f%6e\/wp\/v2\/categories?post=8408"},{"taxonomy":"post_tag","embeddable":true,"href":"https:\/\/informelitoral.com.ar\/%77%70%2d%6a%73%6f%6e\/wp\/v2\/tags?post=8408"}],"curies":[{"name":"wp","href":"https:\/\/api.w.org\/{rel}","templated":true}]}}