{"id":84005,"date":"2022-08-16T12:17:33","date_gmt":"2022-08-16T15:17:33","guid":{"rendered":"https:\/\/www.informelitoral.com.ar\/?p=84005"},"modified":"2022-08-16T12:17:37","modified_gmt":"2022-08-16T15:17:37","slug":"entre-rios-recibio-cerca-de-150-000-visitantes-el-fin-de-semana-largo-de-agosto","status":"publish","type":"post","link":"https:\/\/informelitoral.com.ar\/entre-rios-recibio-cerca-de-150-000-visitantes-el-fin-de-semana-largo-de-agosto\/","title":{"rendered":"Entre R\u00edos recibi\u00f3 cerca de 150.000 visitantes el fin de semana largo de agosto"},"content":{"rendered":"<p>La provincia recibi\u00f3 una buena parte del movimiento tur\u00edstico que se gener\u00f3 a nivel nacional, con cerca de 150 mil visitantes que llegaron cautivados por los principales atractivos y destinos, las actividades programadas, acompa\u00f1ados por un clima muy favorable durante los d\u00edas s\u00e1bado y domingo.<\/p>\n<p>En promedio, los turistas que arribaron a la provincia se alojaron 2,4 noches, generando un movimiento econ\u00f3mico de casi 1.550 millones de pesos. La ocupaci\u00f3n hotelera, por su parte, tuvo un promedio provincial cercano al 94 por ciento de ocupaci\u00f3n, superando as\u00ed las expectativas del sector p\u00fabico y el privado, que, para el d\u00eda previo al inicio de este fin de semana largo, estimaban una ocupaci\u00f3n del 90 por ciento.<\/p>\n<p>Todos los destinos tur\u00edsticos de Entre R\u00edos tuvieron un muy buen desempe\u00f1o este feriado, incluidos los tres corredores troncales que definen los dos grandes r\u00edos Paran\u00e1 y Uruguay, y el centro entrerriano. Las termas en todas sus variedades de perfil y servicios, los parques acu\u00e1ticos contiguos, algunos con gran cantidad de asistentes por el clima ideal, las ferias de artesan\u00edas y gastron\u00f3micas en las ciudades, las competencias deportivas, las fiestas populares, las opciones de recreaci\u00f3n en la naturaleza, las actividades n\u00e1uticas y de pesca, las visitas a vi\u00f1edos, y una lista interminable de atractivos tur\u00edsticos fueron apenas algunos de los atractores del gran flujo tur\u00edstico que recibi\u00f3 nuestra provincia.<\/p>\n<p>De cada dos turistas que visitaron Entre R\u00edos, uno pertenec\u00eda a CABA, AMBA, o provincia de Buenos Aires, con mayor incidencia sobre los destinos del r\u00edo Uruguay. Mientras que, la costa del Paran\u00e1 atrajo una gran cantidad de visitantes santafesinos y cordobeses. Los entrerrianos siguen aprovechando estos feriados para pernoctar o recorrer su provincia, y en este fin de semana la presencia de turistas uruguayos en porcentaje ha sido menor ya que no coincide con un feriado en el vecino pa\u00eds. El clima primaveral ha reforzado el movimiento excursionista en todos los rincones de la provincia.<\/p>\n<p>Respecto a otros fines de semana largos, Entre R\u00edos contin\u00faa en alza esta temporada 2022, con un crecimiento del 30 por ciento en cuanto al mismo per\u00edodo de 2019, previo a la pandemia, y del 50 por ciento tomando el mismo per\u00edodo en 2021, cuando el turismo comenzaba a mostrar signos de recuperaci\u00f3n luego de la pandemia. Comparado al fin de semana largo de junio pasado, el movimiento tur\u00edstico arroja guarismos similares, pero con un feriado menos en esta oportunidad.<\/p>\n<p>De este modo, nuestra provincia se posiciona como un destino que vuelven a elegir los visitantes, y aparece como un claro reflejo del gran desarrollo que est\u00e1 mostrando el sector tur\u00edstico en todos los rincones del pa\u00eds.<\/p>\n","protected":false},"excerpt":{"rendered":"<p>El pa\u00eds vive otro intenso fin de semana largo, en este caso debido al traslado del feriado por el paso a la inmortalidad del General Jos\u00e9 de San Mart\u00edn, en ese marco, Entre R\u00edos recibi\u00f3 cerca de 150.000 visitantes.<\/p>\n","protected":false},"author":8,"featured_media":84010,"comment_status":"open","ping_status":"open","sticky":false,"template":"","format":"standard","meta":{"fifu_image_url":"","fifu_image_alt":"","footnotes":""},"categories":[1378],"tags":[104],"class_list":{"0":"post-84005","1":"post","2":"type-post","3":"status-publish","4":"format-standard","5":"has-post-thumbnail","7":"category-turismo","8":"tag-turismo"},"yoast_head":"<title>Entre R\u00edos recibi\u00f3 cerca de 150.000 visitantes el fin de semana largo de agosto - Informe Litoral<\/title>\n<meta name=\"robots\" content=\"index, follow, max-snippet:-1, max-image-preview:large, max-video-preview:-1\" \/>\n<link rel=\"canonical\" href=\"https:\/\/informelitoral.com.ar\/entre-rios-recibio-cerca-de-150-000-visitantes-el-fin-de-semana-largo-de-agosto\/\" \/>\n<meta property=\"og:locale\" content=\"es_ES\" \/>\n<meta property=\"og:type\" content=\"article\" \/>\n<meta property=\"og:title\" content=\"Entre R\u00edos recibi\u00f3 cerca de 150.000 visitantes el fin de semana largo de agosto - Informe Litoral\" \/>\n<meta property=\"og:description\" content=\"El pa\u00eds vive otro intenso fin de semana largo, en este caso debido al traslado del feriado por el paso a la inmortalidad del General Jos\u00e9 de San Mart\u00edn, en ese marco, Entre R\u00edos recibi\u00f3 cerca de 150.000 visitantes.\" \/>\n<meta property=\"og:url\" content=\"https:\/\/informelitoral.com.ar\/entre-rios-recibio-cerca-de-150-000-visitantes-el-fin-de-semana-largo-de-agosto\/\" \/>\n<meta property=\"og:site_name\" content=\"Informe Litoral\" \/>\n<meta property=\"article:publisher\" content=\"https:\/\/www.facebook.com\/informelitoral\/\" \/>\n<meta property=\"article:published_time\" content=\"2022-08-16T15:17:33+00:00\" \/>\n<meta property=\"article:modified_time\" content=\"2022-08-16T15:17:37+00:00\" \/>\n<meta property=\"og:image\" content=\"https:\/\/informelitoral.com.ar\/%77%70%2d%63%6f%6e%74%65%6e%74\/uploads\/2022\/08\/p_1660600325.jpeg\" \/>\n\t<meta property=\"og:image:width\" content=\"1920\" \/>\n\t<meta property=\"og:image:height\" content=\"800\" \/>\n\t<meta property=\"og:image:type\" content=\"image\/jpeg\" \/>\n<meta name=\"author\" content=\"Sebastian\" \/>\n<meta name=\"twitter:card\" content=\"summary_large_image\" \/>\n<meta name=\"twitter:creator\" content=\"@InformeLitoral\" \/>\n<meta name=\"twitter:site\" content=\"@InformeLitoral\" \/>\n<meta name=\"twitter:label1\" content=\"Escrito por\" \/>\n\t<meta name=\"twitter:data1\" content=\"Sebastian\" \/>\n\t<meta name=\"twitter:label2\" content=\"Tiempo de lectura\" \/>\n\t<meta name=\"twitter:data2\" content=\"2 minutos\" \/>\n<script type=\"application\/ld+json\" class=\"yoast-schema-graph\">{\"@context\":\"https:\\\/\\\/schema.org\",\"@graph\":[{\"@type\":\"Article\",\"@id\":\"https:\\\/\\\/informelitoral.com.ar\\\/entre-rios-recibio-cerca-de-150-000-visitantes-el-fin-de-semana-largo-de-agosto\\\/#article\",\"isPartOf\":{\"@id\":\"https:\\\/\\\/informelitoral.com.ar\\\/entre-rios-recibio-cerca-de-150-000-visitantes-el-fin-de-semana-largo-de-agosto\\\/\"},\"author\":{\"name\":\"Sebastian\",\"@id\":\"https:\\\/\\\/informelitoral.com.ar\\\/#\\\/schema\\\/person\\\/f05f9f461677119578717524b127d6d5\"},\"headline\":\"Entre R\u00edos recibi\u00f3 cerca de 150.000 visitantes el fin de semana largo de agosto\",\"datePublished\":\"2022-08-16T15:17:33+00:00\",\"dateModified\":\"2022-08-16T15:17:37+00:00\",\"mainEntityOfPage\":{\"@id\":\"https:\\\/\\\/informelitoral.com.ar\\\/entre-rios-recibio-cerca-de-150-000-visitantes-el-fin-de-semana-largo-de-agosto\\\/\"},\"wordCount\":475,\"commentCount\":0,\"publisher\":{\"@id\":\"https:\\\/\\\/informelitoral.com.ar\\\/#organization\"},\"image\":{\"@id\":\"https:\\\/\\\/informelitoral.com.ar\\\/entre-rios-recibio-cerca-de-150-000-visitantes-el-fin-de-semana-largo-de-agosto\\\/#primaryimage\"},\"thumbnailUrl\":\"https:\\\/\\\/informelitoral.com.ar\\\/%77%70%2d%63%6f%6e%74%65%6e%74\\\/uploads\\\/2022\\\/08\\\/p_1660600325.jpeg\",\"keywords\":[\"Turismo\"],\"articleSection\":[\"Turismo\"],\"inLanguage\":\"es\",\"potentialAction\":[{\"@type\":\"CommentAction\",\"name\":\"Comment\",\"target\":[\"https:\\\/\\\/informelitoral.com.ar\\\/entre-rios-recibio-cerca-de-150-000-visitantes-el-fin-de-semana-largo-de-agosto\\\/#respond\"]}]},{\"@type\":\"WebPage\",\"@id\":\"https:\\\/\\\/informelitoral.com.ar\\\/entre-rios-recibio-cerca-de-150-000-visitantes-el-fin-de-semana-largo-de-agosto\\\/\",\"url\":\"https:\\\/\\\/informelitoral.com.ar\\\/entre-rios-recibio-cerca-de-150-000-visitantes-el-fin-de-semana-largo-de-agosto\\\/\",\"name\":\"Entre R\u00edos recibi\u00f3 cerca de 150.000 visitantes el fin de semana largo de agosto - Informe Litoral\",\"isPartOf\":{\"@id\":\"https:\\\/\\\/informelitoral.com.ar\\\/#website\"},\"primaryImageOfPage\":{\"@id\":\"https:\\\/\\\/informelitoral.com.ar\\\/entre-rios-recibio-cerca-de-150-000-visitantes-el-fin-de-semana-largo-de-agosto\\\/#primaryimage\"},\"image\":{\"@id\":\"https:\\\/\\\/informelitoral.com.ar\\\/entre-rios-recibio-cerca-de-150-000-visitantes-el-fin-de-semana-largo-de-agosto\\\/#primaryimage\"},\"thumbnailUrl\":\"https:\\\/\\\/informelitoral.com.ar\\\/%77%70%2d%63%6f%6e%74%65%6e%74\\\/uploads\\\/2022\\\/08\\\/p_1660600325.jpeg\",\"datePublished\":\"2022-08-16T15:17:33+00:00\",\"dateModified\":\"2022-08-16T15:17:37+00:00\",\"breadcrumb\":{\"@id\":\"https:\\\/\\\/informelitoral.com.ar\\\/entre-rios-recibio-cerca-de-150-000-visitantes-el-fin-de-semana-largo-de-agosto\\\/#breadcrumb\"},\"inLanguage\":\"es\",\"potentialAction\":[{\"@type\":\"ReadAction\",\"target\":[\"https:\\\/\\\/informelitoral.com.ar\\\/entre-rios-recibio-cerca-de-150-000-visitantes-el-fin-de-semana-largo-de-agosto\\\/\"]}]},{\"@type\":\"ImageObject\",\"inLanguage\":\"es\",\"@id\":\"https:\\\/\\\/informelitoral.com.ar\\\/entre-rios-recibio-cerca-de-150-000-visitantes-el-fin-de-semana-largo-de-agosto\\\/#primaryimage\",\"url\":\"https:\\\/\\\/informelitoral.com.ar\\\/%77%70%2d%63%6f%6e%74%65%6e%74\\\/uploads\\\/2022\\\/08\\\/p_1660600325.jpeg\",\"contentUrl\":\"https:\\\/\\\/informelitoral.com.ar\\\/%77%70%2d%63%6f%6e%74%65%6e%74\\\/uploads\\\/2022\\\/08\\\/p_1660600325.jpeg\",\"width\":1920,\"height\":800},{\"@type\":\"BreadcrumbList\",\"@id\":\"https:\\\/\\\/informelitoral.com.ar\\\/entre-rios-recibio-cerca-de-150-000-visitantes-el-fin-de-semana-largo-de-agosto\\\/#breadcrumb\",\"itemListElement\":[{\"@type\":\"ListItem\",\"position\":1,\"name\":\"Portada\",\"item\":\"https:\\\/\\\/informelitoral.com.ar\\\/\"},{\"@type\":\"ListItem\",\"position\":2,\"name\":\"Entre R\u00edos recibi\u00f3 cerca de 150.000 visitantes el fin de semana largo de agosto\"}]},{\"@type\":\"WebSite\",\"@id\":\"https:\\\/\\\/informelitoral.com.ar\\\/#website\",\"url\":\"https:\\\/\\\/informelitoral.com.ar\\\/\",\"name\":\"Informe Litoral\",\"description\":\"&quot;Nos informamos&quot; \",\"publisher\":{\"@id\":\"https:\\\/\\\/informelitoral.com.ar\\\/#organization\"},\"potentialAction\":[{\"@type\":\"SearchAction\",\"target\":{\"@type\":\"EntryPoint\",\"urlTemplate\":\"https:\\\/\\\/informelitoral.com.ar\\\/?s={search_term_string}\"},\"query-input\":{\"@type\":\"PropertyValueSpecification\",\"valueRequired\":true,\"valueName\":\"search_term_string\"}}],\"inLanguage\":\"es\"},{\"@type\":\"Organization\",\"@id\":\"https:\\\/\\\/informelitoral.com.ar\\\/#organization\",\"name\":\"Informe Litoral\",\"url\":\"https:\\\/\\\/informelitoral.com.ar\\\/\",\"logo\":{\"@type\":\"ImageObject\",\"inLanguage\":\"es\",\"@id\":\"https:\\\/\\\/informelitoral.com.ar\\\/#\\\/schema\\\/logo\\\/image\\\/\",\"url\":\"https:\\\/\\\/informelitoral.com.ar\\\/%77%70%2d%63%6f%6e%74%65%6e%74\\\/uploads\\\/2021\\\/01\\\/circulo.png\",\"contentUrl\":\"https:\\\/\\\/informelitoral.com.ar\\\/%77%70%2d%63%6f%6e%74%65%6e%74\\\/uploads\\\/2021\\\/01\\\/circulo.png\",\"width\":723,\"height\":731,\"caption\":\"Informe Litoral\"},\"image\":{\"@id\":\"https:\\\/\\\/informelitoral.com.ar\\\/#\\\/schema\\\/logo\\\/image\\\/\"},\"sameAs\":[\"https:\\\/\\\/www.facebook.com\\\/informelitoral\\\/\",\"https:\\\/\\\/x.com\\\/InformeLitoral\",\"https:\\\/\\\/www.instagram.com\\\/informelitoral\\\/\",\"https:\\\/\\\/www.youtube.com\\\/channel\\\/UCua4Qvz8Icb6MYqhoq9xLXw\"]},{\"@type\":\"Person\",\"@id\":\"https:\\\/\\\/informelitoral.com.ar\\\/#\\\/schema\\\/person\\\/f05f9f461677119578717524b127d6d5\",\"name\":\"Sebastian\",\"image\":{\"@type\":\"ImageObject\",\"inLanguage\":\"es\",\"@id\":\"https:\\\/\\\/secure.gravatar.com\\\/avatar\\\/b71bf7481d447dfb9583c7f2798e7cc64de6efb9067b74633ed8c31059a3bd82?s=96&d=mm&r=g\",\"url\":\"https:\\\/\\\/secure.gravatar.com\\\/avatar\\\/b71bf7481d447dfb9583c7f2798e7cc64de6efb9067b74633ed8c31059a3bd82?s=96&d=mm&r=g\",\"contentUrl\":\"https:\\\/\\\/secure.gravatar.com\\\/avatar\\\/b71bf7481d447dfb9583c7f2798e7cc64de6efb9067b74633ed8c31059a3bd82?s=96&d=mm&r=g\",\"caption\":\"Sebastian\"},\"url\":\"https:\\\/\\\/informelitoral.com.ar\\\/author\\\/sebastian\\\/\"}]}<\/script>","yoast_head_json":{"title":"Entre R\u00edos recibi\u00f3 cerca de 150.000 visitantes el fin de semana largo de agosto - Informe Litoral","robots":{"index":"index","follow":"follow","max-snippet":"max-snippet:-1","max-image-preview":"max-image-preview:large","max-video-preview":"max-video-preview:-1"},"canonical":"https:\/\/informelitoral.com.ar\/entre-rios-recibio-cerca-de-150-000-visitantes-el-fin-de-semana-largo-de-agosto\/","og_locale":"es_ES","og_type":"article","og_title":"Entre R\u00edos recibi\u00f3 cerca de 150.000 visitantes el fin de semana largo de agosto - Informe Litoral","og_description":"El pa\u00eds vive otro intenso fin de semana largo, en este caso debido al traslado del feriado por el paso a la inmortalidad del General Jos\u00e9 de San Mart\u00edn, en ese marco, Entre R\u00edos recibi\u00f3 cerca de 150.000 visitantes.","og_url":"https:\/\/informelitoral.com.ar\/entre-rios-recibio-cerca-de-150-000-visitantes-el-fin-de-semana-largo-de-agosto\/","og_site_name":"Informe Litoral","article_publisher":"https:\/\/www.facebook.com\/informelitoral\/","article_published_time":"2022-08-16T15:17:33+00:00","article_modified_time":"2022-08-16T15:17:37+00:00","og_image":[{"width":1920,"height":800,"url":"https:\/\/informelitoral.com.ar\/%77%70%2d%63%6f%6e%74%65%6e%74\/uploads\/2022\/08\/p_1660600325.jpeg","type":"image\/jpeg"}],"author":"Sebastian","twitter_card":"summary_large_image","twitter_creator":"@InformeLitoral","twitter_site":"@InformeLitoral","twitter_misc":{"Escrito por":"Sebastian","Tiempo de lectura":"2 minutos"},"schema":{"@context":"https:\/\/schema.org","@graph":[{"@type":"Article","@id":"https:\/\/informelitoral.com.ar\/entre-rios-recibio-cerca-de-150-000-visitantes-el-fin-de-semana-largo-de-agosto\/#article","isPartOf":{"@id":"https:\/\/informelitoral.com.ar\/entre-rios-recibio-cerca-de-150-000-visitantes-el-fin-de-semana-largo-de-agosto\/"},"author":{"name":"Sebastian","@id":"https:\/\/informelitoral.com.ar\/#\/schema\/person\/f05f9f461677119578717524b127d6d5"},"headline":"Entre R\u00edos recibi\u00f3 cerca de 150.000 visitantes el fin de semana largo de agosto","datePublished":"2022-08-16T15:17:33+00:00","dateModified":"2022-08-16T15:17:37+00:00","mainEntityOfPage":{"@id":"https:\/\/informelitoral.com.ar\/entre-rios-recibio-cerca-de-150-000-visitantes-el-fin-de-semana-largo-de-agosto\/"},"wordCount":475,"commentCount":0,"publisher":{"@id":"https:\/\/informelitoral.com.ar\/#organization"},"image":{"@id":"https:\/\/informelitoral.com.ar\/entre-rios-recibio-cerca-de-150-000-visitantes-el-fin-de-semana-largo-de-agosto\/#primaryimage"},"thumbnailUrl":"https:\/\/informelitoral.com.ar\/%77%70%2d%63%6f%6e%74%65%6e%74\/uploads\/2022\/08\/p_1660600325.jpeg","keywords":["Turismo"],"articleSection":["Turismo"],"inLanguage":"es","potentialAction":[{"@type":"CommentAction","name":"Comment","target":["https:\/\/informelitoral.com.ar\/entre-rios-recibio-cerca-de-150-000-visitantes-el-fin-de-semana-largo-de-agosto\/#respond"]}]},{"@type":"WebPage","@id":"https:\/\/informelitoral.com.ar\/entre-rios-recibio-cerca-de-150-000-visitantes-el-fin-de-semana-largo-de-agosto\/","url":"https:\/\/informelitoral.com.ar\/entre-rios-recibio-cerca-de-150-000-visitantes-el-fin-de-semana-largo-de-agosto\/","name":"Entre R\u00edos recibi\u00f3 cerca de 150.000 visitantes el fin de semana largo de agosto - Informe Litoral","isPartOf":{"@id":"https:\/\/informelitoral.com.ar\/#website"},"primaryImageOfPage":{"@id":"https:\/\/informelitoral.com.ar\/entre-rios-recibio-cerca-de-150-000-visitantes-el-fin-de-semana-largo-de-agosto\/#primaryimage"},"image":{"@id":"https:\/\/informelitoral.com.ar\/entre-rios-recibio-cerca-de-150-000-visitantes-el-fin-de-semana-largo-de-agosto\/#primaryimage"},"thumbnailUrl":"https:\/\/informelitoral.com.ar\/%77%70%2d%63%6f%6e%74%65%6e%74\/uploads\/2022\/08\/p_1660600325.jpeg","datePublished":"2022-08-16T15:17:33+00:00","dateModified":"2022-08-16T15:17:37+00:00","breadcrumb":{"@id":"https:\/\/informelitoral.com.ar\/entre-rios-recibio-cerca-de-150-000-visitantes-el-fin-de-semana-largo-de-agosto\/#breadcrumb"},"inLanguage":"es","potentialAction":[{"@type":"ReadAction","target":["https:\/\/informelitoral.com.ar\/entre-rios-recibio-cerca-de-150-000-visitantes-el-fin-de-semana-largo-de-agosto\/"]}]},{"@type":"ImageObject","inLanguage":"es","@id":"https:\/\/informelitoral.com.ar\/entre-rios-recibio-cerca-de-150-000-visitantes-el-fin-de-semana-largo-de-agosto\/#primaryimage","url":"https:\/\/informelitoral.com.ar\/%77%70%2d%63%6f%6e%74%65%6e%74\/uploads\/2022\/08\/p_1660600325.jpeg","contentUrl":"https:\/\/informelitoral.com.ar\/%77%70%2d%63%6f%6e%74%65%6e%74\/uploads\/2022\/08\/p_1660600325.jpeg","width":1920,"height":800},{"@type":"BreadcrumbList","@id":"https:\/\/informelitoral.com.ar\/entre-rios-recibio-cerca-de-150-000-visitantes-el-fin-de-semana-largo-de-agosto\/#breadcrumb","itemListElement":[{"@type":"ListItem","position":1,"name":"Portada","item":"https:\/\/informelitoral.com.ar\/"},{"@type":"ListItem","position":2,"name":"Entre R\u00edos recibi\u00f3 cerca de 150.000 visitantes el fin de semana largo de agosto"}]},{"@type":"WebSite","@id":"https:\/\/informelitoral.com.ar\/#website","url":"https:\/\/informelitoral.com.ar\/","name":"Informe Litoral","description":"&quot;Nos informamos&quot; ","publisher":{"@id":"https:\/\/informelitoral.com.ar\/#organization"},"potentialAction":[{"@type":"SearchAction","target":{"@type":"EntryPoint","urlTemplate":"https:\/\/informelitoral.com.ar\/?s={search_term_string}"},"query-input":{"@type":"PropertyValueSpecification","valueRequired":true,"valueName":"search_term_string"}}],"inLanguage":"es"},{"@type":"Organization","@id":"https:\/\/informelitoral.com.ar\/#organization","name":"Informe Litoral","url":"https:\/\/informelitoral.com.ar\/","logo":{"@type":"ImageObject","inLanguage":"es","@id":"https:\/\/informelitoral.com.ar\/#\/schema\/logo\/image\/","url":"https:\/\/informelitoral.com.ar\/%77%70%2d%63%6f%6e%74%65%6e%74\/uploads\/2021\/01\/circulo.png","contentUrl":"https:\/\/informelitoral.com.ar\/%77%70%2d%63%6f%6e%74%65%6e%74\/uploads\/2021\/01\/circulo.png","width":723,"height":731,"caption":"Informe Litoral"},"image":{"@id":"https:\/\/informelitoral.com.ar\/#\/schema\/logo\/image\/"},"sameAs":["https:\/\/www.facebook.com\/informelitoral\/","https:\/\/x.com\/InformeLitoral","https:\/\/www.instagram.com\/informelitoral\/","https:\/\/www.youtube.com\/channel\/UCua4Qvz8Icb6MYqhoq9xLXw"]},{"@type":"Person","@id":"https:\/\/informelitoral.com.ar\/#\/schema\/person\/f05f9f461677119578717524b127d6d5","name":"Sebastian","image":{"@type":"ImageObject","inLanguage":"es","@id":"https:\/\/secure.gravatar.com\/avatar\/b71bf7481d447dfb9583c7f2798e7cc64de6efb9067b74633ed8c31059a3bd82?s=96&d=mm&r=g","url":"https:\/\/secure.gravatar.com\/avatar\/b71bf7481d447dfb9583c7f2798e7cc64de6efb9067b74633ed8c31059a3bd82?s=96&d=mm&r=g","contentUrl":"https:\/\/secure.gravatar.com\/avatar\/b71bf7481d447dfb9583c7f2798e7cc64de6efb9067b74633ed8c31059a3bd82?s=96&d=mm&r=g","caption":"Sebastian"},"url":"https:\/\/informelitoral.com.ar\/author\/sebastian\/"}]}},"_links":{"self":[{"href":"https:\/\/informelitoral.com.ar\/%77%70%2d%6a%73%6f%6e\/wp\/v2\/posts\/84005","targetHints":{"allow":["GET"]}}],"collection":[{"href":"https:\/\/informelitoral.com.ar\/%77%70%2d%6a%73%6f%6e\/wp\/v2\/posts"}],"about":[{"href":"https:\/\/informelitoral.com.ar\/%77%70%2d%6a%73%6f%6e\/wp\/v2\/types\/post"}],"author":[{"embeddable":true,"href":"https:\/\/informelitoral.com.ar\/%77%70%2d%6a%73%6f%6e\/wp\/v2\/users\/8"}],"replies":[{"embeddable":true,"href":"https:\/\/informelitoral.com.ar\/%77%70%2d%6a%73%6f%6e\/wp\/v2\/comments?post=84005"}],"version-history":[{"count":0,"href":"https:\/\/informelitoral.com.ar\/%77%70%2d%6a%73%6f%6e\/wp\/v2\/posts\/84005\/revisions"}],"wp:featuredmedia":[{"embeddable":true,"href":"https:\/\/informelitoral.com.ar\/%77%70%2d%6a%73%6f%6e\/wp\/v2\/media\/84010"}],"wp:attachment":[{"href":"https:\/\/informelitoral.com.ar\/%77%70%2d%6a%73%6f%6e\/wp\/v2\/media?parent=84005"}],"wp:term":[{"taxonomy":"category","embeddable":true,"href":"https:\/\/informelitoral.com.ar\/%77%70%2d%6a%73%6f%6e\/wp\/v2\/categories?post=84005"},{"taxonomy":"post_tag","embeddable":true,"href":"https:\/\/informelitoral.com.ar\/%77%70%2d%6a%73%6f%6e\/wp\/v2\/tags?post=84005"}],"curies":[{"name":"wp","href":"https:\/\/api.w.org\/{rel}","templated":true}]}}