{"id":8395,"date":"2014-09-30T06:46:06","date_gmt":"2014-09-30T09:46:06","guid":{"rendered":"http:\/\/www.isletasnoticias.com.ar\/?p=8395"},"modified":"2014-09-30T10:43:11","modified_gmt":"2014-09-30T13:43:11","slug":"isletas-un-nino-cayo-desde-un-tractor-pero-estaria-fuera-de-peligro","status":"publish","type":"post","link":"https:\/\/informelitoral.com.ar\/isletas-un-nino-cayo-desde-un-tractor-pero-estaria-fuera-de-peligro\/","title":{"rendered":"Isletas: un ni\u00f1o cay\u00f3 desde un carret\u00f3n pero estar\u00eda fuera de peligro"},"content":{"rendered":"<p><strong>El hecho sucedi\u00f3 en horas de la tarde del lunes \u00faltimo, en un establecimiento de esta localidad del departamento Diamante. El ni\u00f1o fue intervenido quir\u00fargicamente en Paran\u00e1, donde sigue internado, aparentemente fuera de peligro.\u00a0<a href=\"http:\/\/www.isletasnoticias.com.ar\/%77%70%2d%63%6f%6e%74%65%6e%74\/uploads\/2014\/04\/policial.jpg\"><img loading=\"lazy\" decoding=\"async\" class=\"aligncenter size-medium wp-image-6405\" src=\"http:\/\/www.isletasnoticias.com.ar\/%77%70%2d%63%6f%6e%74%65%6e%74\/uploads\/2014\/04\/policial-300x225.jpg\" alt=\"policial\" width=\"300\" height=\"225\" srcset=\"https:\/\/informelitoral.com.ar\/%77%70%2d%63%6f%6e%74%65%6e%74\/uploads\/2014\/04\/policial-300x225.jpg 300w, https:\/\/informelitoral.com.ar\/%77%70%2d%63%6f%6e%74%65%6e%74\/uploads\/2014\/04\/policial.jpg 320w\" sizes=\"auto, (max-width: 300px) 100vw, 300px\" \/><\/a><\/strong><\/p>\n<p>Alrededor de las 18.30 de este lunes, en la zona de la Escuela N\u00b0 20, Acuerdo de San Nicol\u00e1s de Isletas, un ni\u00f1o cay\u00f3 desde un carret\u00f3n (implemento que se engancha en los tractores o camionetas para trasladar implementos agr\u00edcolas u otros materiales). Detr\u00e1s de este, aparentemente iba enganchado un arado, el cual pr\u00e1cticamente lo habr\u00eda llevado por encima , por lo que sufri\u00f3 graves lesiones.<\/p>\n<p>Se trata de <strong>Miqueas Gross (10)<\/strong>, que inmediatamente fue derivado a Paran\u00e1, donde en horas de la noche del mismo lunes, lo intervinieron quir\u00fargicamente.<\/p>\n<p>Seg\u00fan coment\u00f3 un familiar del peque\u00f1o a <em><strong>ISLETAS NOTICIAS,<\/strong><\/em>\u00a0el mismo se encontrar\u00eda fuera de peligro, luego de que le extirparan el bazo en la intervenci\u00f3n quir\u00fargica, aunque necesitar\u00e1 un largo tiempo de recuperaci\u00f3n. <em>(Isletas Noticias)<\/em><\/p>\n","protected":false},"excerpt":{"rendered":"<p>El hecho sucedi&oacute; en horas de la tarde del lunes &uacute;ltimo, en un establecimiento de esta localidad del departamento Diamante. El ni&ntilde;o fue intervenido quir&uacute;rgicamente en Paran&aacute;, donde sigue internado, aparentemente fuera de peligro.&nbsp; Alrededor de las 18.30 de este lunes, en la zona de la Escuela N&deg; 20, Acuerdo de San Nicol&aacute;s de Isletas, [&hellip;]<\/p>\n","protected":false},"author":2,"featured_media":0,"comment_status":"open","ping_status":"open","sticky":false,"template":"","format":"standard","meta":{"fifu_image_url":"","fifu_image_alt":"","footnotes":""},"categories":[4,14],"tags":[],"class_list":{"0":"post-8395","1":"post","2":"type-post","3":"status-publish","4":"format-standard","6":"category-locales","7":"category-policiales"},"yoast_head":"<title>Isletas: un ni\u00f1o cay\u00f3 desde un carret\u00f3n pero estar\u00eda fuera de peligro - Informe Litoral<\/title>\n<meta name=\"robots\" content=\"index, follow, max-snippet:-1, max-image-preview:large, max-video-preview:-1\" \/>\n<link rel=\"canonical\" href=\"https:\/\/informelitoral.com.ar\/isletas-un-nino-cayo-desde-un-tractor-pero-estaria-fuera-de-peligro\/\" \/>\n<meta property=\"og:locale\" content=\"es_ES\" \/>\n<meta property=\"og:type\" content=\"article\" \/>\n<meta property=\"og:title\" content=\"Isletas: un ni\u00f1o cay\u00f3 desde un carret\u00f3n pero estar\u00eda fuera de peligro - Informe Litoral\" \/>\n<meta property=\"og:description\" content=\"El hecho sucedi&oacute; en horas de la tarde del lunes &uacute;ltimo, en un establecimiento de esta localidad del departamento Diamante. El ni&ntilde;o fue intervenido quir&uacute;rgicamente en Paran&aacute;, donde sigue internado, aparentemente fuera de peligro.&nbsp; Alrededor de las 18.30 de este lunes, en la zona de la Escuela N&deg; 20, Acuerdo de San Nicol&aacute;s de Isletas, [&hellip;]\" \/>\n<meta property=\"og:url\" content=\"https:\/\/informelitoral.com.ar\/isletas-un-nino-cayo-desde-un-tractor-pero-estaria-fuera-de-peligro\/\" \/>\n<meta property=\"og:site_name\" content=\"Informe Litoral\" \/>\n<meta property=\"article:publisher\" content=\"https:\/\/www.facebook.com\/informelitoral\/\" \/>\n<meta property=\"article:published_time\" content=\"2014-09-30T09:46:06+00:00\" \/>\n<meta property=\"article:modified_time\" content=\"2014-09-30T13:43:11+00:00\" \/>\n<meta property=\"og:image\" content=\"https:\/\/informelitoral.com.ar\/%77%70%2d%63%6f%6e%74%65%6e%74\/uploads\/2014\/04\/policial.jpg\" \/>\n\t<meta property=\"og:image:width\" content=\"320\" \/>\n\t<meta property=\"og:image:height\" content=\"240\" \/>\n\t<meta property=\"og:image:type\" content=\"image\/jpeg\" \/>\n<meta name=\"author\" content=\"Gonzalo Schmidt\" \/>\n<meta name=\"twitter:card\" content=\"summary_large_image\" \/>\n<meta name=\"twitter:creator\" content=\"@InformeLitoral\" \/>\n<meta name=\"twitter:site\" content=\"@InformeLitoral\" \/>\n<meta name=\"twitter:label1\" content=\"Escrito por\" \/>\n\t<meta name=\"twitter:data1\" content=\"Gonzalo Schmidt\" \/>\n\t<meta name=\"twitter:label2\" content=\"Tiempo de lectura\" \/>\n\t<meta name=\"twitter:data2\" content=\"1 minuto\" \/>\n<script type=\"application\/ld+json\" class=\"yoast-schema-graph\">{\"@context\":\"https:\\\/\\\/schema.org\",\"@graph\":[{\"@type\":\"Article\",\"@id\":\"https:\\\/\\\/informelitoral.com.ar\\\/isletas-un-nino-cayo-desde-un-tractor-pero-estaria-fuera-de-peligro\\\/#article\",\"isPartOf\":{\"@id\":\"https:\\\/\\\/informelitoral.com.ar\\\/isletas-un-nino-cayo-desde-un-tractor-pero-estaria-fuera-de-peligro\\\/\"},\"author\":{\"name\":\"Gonzalo Schmidt\",\"@id\":\"https:\\\/\\\/informelitoral.com.ar\\\/#\\\/schema\\\/person\\\/b9d00407c836482871ef1d57bf8e3180\"},\"headline\":\"Isletas: un ni\u00f1o cay\u00f3 desde un carret\u00f3n pero estar\u00eda fuera de peligro\",\"datePublished\":\"2014-09-30T09:46:06+00:00\",\"dateModified\":\"2014-09-30T13:43:11+00:00\",\"mainEntityOfPage\":{\"@id\":\"https:\\\/\\\/informelitoral.com.ar\\\/isletas-un-nino-cayo-desde-un-tractor-pero-estaria-fuera-de-peligro\\\/\"},\"wordCount\":187,\"commentCount\":0,\"publisher\":{\"@id\":\"https:\\\/\\\/informelitoral.com.ar\\\/#organization\"},\"image\":{\"@id\":\"https:\\\/\\\/informelitoral.com.ar\\\/isletas-un-nino-cayo-desde-un-tractor-pero-estaria-fuera-de-peligro\\\/#primaryimage\"},\"thumbnailUrl\":\"http:\\\/\\\/www.isletasnoticias.com.ar\\\/%77%70%2d%63%6f%6e%74%65%6e%74\\\/uploads\\\/2014\\\/04\\\/policial-300x225.jpg\",\"articleSection\":[\"Isletas\",\"Policiales\"],\"inLanguage\":\"es\",\"potentialAction\":[{\"@type\":\"CommentAction\",\"name\":\"Comment\",\"target\":[\"https:\\\/\\\/informelitoral.com.ar\\\/isletas-un-nino-cayo-desde-un-tractor-pero-estaria-fuera-de-peligro\\\/#respond\"]}]},{\"@type\":\"WebPage\",\"@id\":\"https:\\\/\\\/informelitoral.com.ar\\\/isletas-un-nino-cayo-desde-un-tractor-pero-estaria-fuera-de-peligro\\\/\",\"url\":\"https:\\\/\\\/informelitoral.com.ar\\\/isletas-un-nino-cayo-desde-un-tractor-pero-estaria-fuera-de-peligro\\\/\",\"name\":\"Isletas: un ni\u00f1o cay\u00f3 desde un carret\u00f3n pero estar\u00eda fuera de peligro - Informe Litoral\",\"isPartOf\":{\"@id\":\"https:\\\/\\\/informelitoral.com.ar\\\/#website\"},\"primaryImageOfPage\":{\"@id\":\"https:\\\/\\\/informelitoral.com.ar\\\/isletas-un-nino-cayo-desde-un-tractor-pero-estaria-fuera-de-peligro\\\/#primaryimage\"},\"image\":{\"@id\":\"https:\\\/\\\/informelitoral.com.ar\\\/isletas-un-nino-cayo-desde-un-tractor-pero-estaria-fuera-de-peligro\\\/#primaryimage\"},\"thumbnailUrl\":\"http:\\\/\\\/www.isletasnoticias.com.ar\\\/%77%70%2d%63%6f%6e%74%65%6e%74\\\/uploads\\\/2014\\\/04\\\/policial-300x225.jpg\",\"datePublished\":\"2014-09-30T09:46:06+00:00\",\"dateModified\":\"2014-09-30T13:43:11+00:00\",\"breadcrumb\":{\"@id\":\"https:\\\/\\\/informelitoral.com.ar\\\/isletas-un-nino-cayo-desde-un-tractor-pero-estaria-fuera-de-peligro\\\/#breadcrumb\"},\"inLanguage\":\"es\",\"potentialAction\":[{\"@type\":\"ReadAction\",\"target\":[\"https:\\\/\\\/informelitoral.com.ar\\\/isletas-un-nino-cayo-desde-un-tractor-pero-estaria-fuera-de-peligro\\\/\"]}]},{\"@type\":\"ImageObject\",\"inLanguage\":\"es\",\"@id\":\"https:\\\/\\\/informelitoral.com.ar\\\/isletas-un-nino-cayo-desde-un-tractor-pero-estaria-fuera-de-peligro\\\/#primaryimage\",\"url\":\"http:\\\/\\\/www.isletasnoticias.com.ar\\\/%77%70%2d%63%6f%6e%74%65%6e%74\\\/uploads\\\/2014\\\/04\\\/policial-300x225.jpg\",\"contentUrl\":\"http:\\\/\\\/www.isletasnoticias.com.ar\\\/%77%70%2d%63%6f%6e%74%65%6e%74\\\/uploads\\\/2014\\\/04\\\/policial-300x225.jpg\"},{\"@type\":\"BreadcrumbList\",\"@id\":\"https:\\\/\\\/informelitoral.com.ar\\\/isletas-un-nino-cayo-desde-un-tractor-pero-estaria-fuera-de-peligro\\\/#breadcrumb\",\"itemListElement\":[{\"@type\":\"ListItem\",\"position\":1,\"name\":\"Portada\",\"item\":\"https:\\\/\\\/informelitoral.com.ar\\\/\"},{\"@type\":\"ListItem\",\"position\":2,\"name\":\"Isletas: un ni\u00f1o cay\u00f3 desde un carret\u00f3n pero estar\u00eda fuera de peligro\"}]},{\"@type\":\"WebSite\",\"@id\":\"https:\\\/\\\/informelitoral.com.ar\\\/#website\",\"url\":\"https:\\\/\\\/informelitoral.com.ar\\\/\",\"name\":\"Informe Litoral\",\"description\":\"&quot;Nos informamos&quot; \",\"publisher\":{\"@id\":\"https:\\\/\\\/informelitoral.com.ar\\\/#organization\"},\"potentialAction\":[{\"@type\":\"SearchAction\",\"target\":{\"@type\":\"EntryPoint\",\"urlTemplate\":\"https:\\\/\\\/informelitoral.com.ar\\\/?s={search_term_string}\"},\"query-input\":{\"@type\":\"PropertyValueSpecification\",\"valueRequired\":true,\"valueName\":\"search_term_string\"}}],\"inLanguage\":\"es\"},{\"@type\":\"Organization\",\"@id\":\"https:\\\/\\\/informelitoral.com.ar\\\/#organization\",\"name\":\"Informe Litoral\",\"url\":\"https:\\\/\\\/informelitoral.com.ar\\\/\",\"logo\":{\"@type\":\"ImageObject\",\"inLanguage\":\"es\",\"@id\":\"https:\\\/\\\/informelitoral.com.ar\\\/#\\\/schema\\\/logo\\\/image\\\/\",\"url\":\"https:\\\/\\\/informelitoral.com.ar\\\/%77%70%2d%63%6f%6e%74%65%6e%74\\\/uploads\\\/2021\\\/01\\\/circulo.png\",\"contentUrl\":\"https:\\\/\\\/informelitoral.com.ar\\\/%77%70%2d%63%6f%6e%74%65%6e%74\\\/uploads\\\/2021\\\/01\\\/circulo.png\",\"width\":723,\"height\":731,\"caption\":\"Informe Litoral\"},\"image\":{\"@id\":\"https:\\\/\\\/informelitoral.com.ar\\\/#\\\/schema\\\/logo\\\/image\\\/\"},\"sameAs\":[\"https:\\\/\\\/www.facebook.com\\\/informelitoral\\\/\",\"https:\\\/\\\/x.com\\\/InformeLitoral\",\"https:\\\/\\\/www.instagram.com\\\/informelitoral\\\/\",\"https:\\\/\\\/www.youtube.com\\\/channel\\\/UCua4Qvz8Icb6MYqhoq9xLXw\"]},{\"@type\":\"Person\",\"@id\":\"https:\\\/\\\/informelitoral.com.ar\\\/#\\\/schema\\\/person\\\/b9d00407c836482871ef1d57bf8e3180\",\"name\":\"Gonzalo Schmidt\",\"image\":{\"@type\":\"ImageObject\",\"inLanguage\":\"es\",\"@id\":\"https:\\\/\\\/secure.gravatar.com\\\/avatar\\\/31a1a7b66ff2de83bd0e9fd79d026630d2d99e55e8bfe501287647b4fd9743de?s=96&d=mm&r=g\",\"url\":\"https:\\\/\\\/secure.gravatar.com\\\/avatar\\\/31a1a7b66ff2de83bd0e9fd79d026630d2d99e55e8bfe501287647b4fd9743de?s=96&d=mm&r=g\",\"contentUrl\":\"https:\\\/\\\/secure.gravatar.com\\\/avatar\\\/31a1a7b66ff2de83bd0e9fd79d026630d2d99e55e8bfe501287647b4fd9743de?s=96&d=mm&r=g\",\"caption\":\"Gonzalo Schmidt\"},\"description\":\"Sitio web de noticias de la provincia de Entre R\u00edos, Argentina. Informaci\u00f3n y entretenimiento. Informe Litoral, nos informamos.\",\"sameAs\":[\"http:\\\/\\\/www.isletasnoticias.com.ar\"],\"url\":\"https:\\\/\\\/informelitoral.com.ar\\\/author\\\/gonzalo\\\/\"}]}<\/script>","yoast_head_json":{"title":"Isletas: un ni\u00f1o cay\u00f3 desde un carret\u00f3n pero estar\u00eda fuera de peligro - Informe Litoral","robots":{"index":"index","follow":"follow","max-snippet":"max-snippet:-1","max-image-preview":"max-image-preview:large","max-video-preview":"max-video-preview:-1"},"canonical":"https:\/\/informelitoral.com.ar\/isletas-un-nino-cayo-desde-un-tractor-pero-estaria-fuera-de-peligro\/","og_locale":"es_ES","og_type":"article","og_title":"Isletas: un ni\u00f1o cay\u00f3 desde un carret\u00f3n pero estar\u00eda fuera de peligro - Informe Litoral","og_description":"El hecho sucedi&oacute; en horas de la tarde del lunes &uacute;ltimo, en un establecimiento de esta localidad del departamento Diamante. El ni&ntilde;o fue intervenido quir&uacute;rgicamente en Paran&aacute;, donde sigue internado, aparentemente fuera de peligro.&nbsp; Alrededor de las 18.30 de este lunes, en la zona de la Escuela N&deg; 20, Acuerdo de San Nicol&aacute;s de Isletas, [&hellip;]","og_url":"https:\/\/informelitoral.com.ar\/isletas-un-nino-cayo-desde-un-tractor-pero-estaria-fuera-de-peligro\/","og_site_name":"Informe Litoral","article_publisher":"https:\/\/www.facebook.com\/informelitoral\/","article_published_time":"2014-09-30T09:46:06+00:00","article_modified_time":"2014-09-30T13:43:11+00:00","og_image":[{"width":320,"height":240,"url":"https:\/\/informelitoral.com.ar\/%77%70%2d%63%6f%6e%74%65%6e%74\/uploads\/2014\/04\/policial.jpg","type":"image\/jpeg"}],"author":"Gonzalo Schmidt","twitter_card":"summary_large_image","twitter_creator":"@InformeLitoral","twitter_site":"@InformeLitoral","twitter_misc":{"Escrito por":"Gonzalo Schmidt","Tiempo de lectura":"1 minuto"},"schema":{"@context":"https:\/\/schema.org","@graph":[{"@type":"Article","@id":"https:\/\/informelitoral.com.ar\/isletas-un-nino-cayo-desde-un-tractor-pero-estaria-fuera-de-peligro\/#article","isPartOf":{"@id":"https:\/\/informelitoral.com.ar\/isletas-un-nino-cayo-desde-un-tractor-pero-estaria-fuera-de-peligro\/"},"author":{"name":"Gonzalo Schmidt","@id":"https:\/\/informelitoral.com.ar\/#\/schema\/person\/b9d00407c836482871ef1d57bf8e3180"},"headline":"Isletas: un ni\u00f1o cay\u00f3 desde un carret\u00f3n pero estar\u00eda fuera de peligro","datePublished":"2014-09-30T09:46:06+00:00","dateModified":"2014-09-30T13:43:11+00:00","mainEntityOfPage":{"@id":"https:\/\/informelitoral.com.ar\/isletas-un-nino-cayo-desde-un-tractor-pero-estaria-fuera-de-peligro\/"},"wordCount":187,"commentCount":0,"publisher":{"@id":"https:\/\/informelitoral.com.ar\/#organization"},"image":{"@id":"https:\/\/informelitoral.com.ar\/isletas-un-nino-cayo-desde-un-tractor-pero-estaria-fuera-de-peligro\/#primaryimage"},"thumbnailUrl":"http:\/\/www.isletasnoticias.com.ar\/%77%70%2d%63%6f%6e%74%65%6e%74\/uploads\/2014\/04\/policial-300x225.jpg","articleSection":["Isletas","Policiales"],"inLanguage":"es","potentialAction":[{"@type":"CommentAction","name":"Comment","target":["https:\/\/informelitoral.com.ar\/isletas-un-nino-cayo-desde-un-tractor-pero-estaria-fuera-de-peligro\/#respond"]}]},{"@type":"WebPage","@id":"https:\/\/informelitoral.com.ar\/isletas-un-nino-cayo-desde-un-tractor-pero-estaria-fuera-de-peligro\/","url":"https:\/\/informelitoral.com.ar\/isletas-un-nino-cayo-desde-un-tractor-pero-estaria-fuera-de-peligro\/","name":"Isletas: un ni\u00f1o cay\u00f3 desde un carret\u00f3n pero estar\u00eda fuera de peligro - Informe Litoral","isPartOf":{"@id":"https:\/\/informelitoral.com.ar\/#website"},"primaryImageOfPage":{"@id":"https:\/\/informelitoral.com.ar\/isletas-un-nino-cayo-desde-un-tractor-pero-estaria-fuera-de-peligro\/#primaryimage"},"image":{"@id":"https:\/\/informelitoral.com.ar\/isletas-un-nino-cayo-desde-un-tractor-pero-estaria-fuera-de-peligro\/#primaryimage"},"thumbnailUrl":"http:\/\/www.isletasnoticias.com.ar\/%77%70%2d%63%6f%6e%74%65%6e%74\/uploads\/2014\/04\/policial-300x225.jpg","datePublished":"2014-09-30T09:46:06+00:00","dateModified":"2014-09-30T13:43:11+00:00","breadcrumb":{"@id":"https:\/\/informelitoral.com.ar\/isletas-un-nino-cayo-desde-un-tractor-pero-estaria-fuera-de-peligro\/#breadcrumb"},"inLanguage":"es","potentialAction":[{"@type":"ReadAction","target":["https:\/\/informelitoral.com.ar\/isletas-un-nino-cayo-desde-un-tractor-pero-estaria-fuera-de-peligro\/"]}]},{"@type":"ImageObject","inLanguage":"es","@id":"https:\/\/informelitoral.com.ar\/isletas-un-nino-cayo-desde-un-tractor-pero-estaria-fuera-de-peligro\/#primaryimage","url":"http:\/\/www.isletasnoticias.com.ar\/%77%70%2d%63%6f%6e%74%65%6e%74\/uploads\/2014\/04\/policial-300x225.jpg","contentUrl":"http:\/\/www.isletasnoticias.com.ar\/%77%70%2d%63%6f%6e%74%65%6e%74\/uploads\/2014\/04\/policial-300x225.jpg"},{"@type":"BreadcrumbList","@id":"https:\/\/informelitoral.com.ar\/isletas-un-nino-cayo-desde-un-tractor-pero-estaria-fuera-de-peligro\/#breadcrumb","itemListElement":[{"@type":"ListItem","position":1,"name":"Portada","item":"https:\/\/informelitoral.com.ar\/"},{"@type":"ListItem","position":2,"name":"Isletas: un ni\u00f1o cay\u00f3 desde un carret\u00f3n pero estar\u00eda fuera de peligro"}]},{"@type":"WebSite","@id":"https:\/\/informelitoral.com.ar\/#website","url":"https:\/\/informelitoral.com.ar\/","name":"Informe Litoral","description":"&quot;Nos informamos&quot; ","publisher":{"@id":"https:\/\/informelitoral.com.ar\/#organization"},"potentialAction":[{"@type":"SearchAction","target":{"@type":"EntryPoint","urlTemplate":"https:\/\/informelitoral.com.ar\/?s={search_term_string}"},"query-input":{"@type":"PropertyValueSpecification","valueRequired":true,"valueName":"search_term_string"}}],"inLanguage":"es"},{"@type":"Organization","@id":"https:\/\/informelitoral.com.ar\/#organization","name":"Informe Litoral","url":"https:\/\/informelitoral.com.ar\/","logo":{"@type":"ImageObject","inLanguage":"es","@id":"https:\/\/informelitoral.com.ar\/#\/schema\/logo\/image\/","url":"https:\/\/informelitoral.com.ar\/%77%70%2d%63%6f%6e%74%65%6e%74\/uploads\/2021\/01\/circulo.png","contentUrl":"https:\/\/informelitoral.com.ar\/%77%70%2d%63%6f%6e%74%65%6e%74\/uploads\/2021\/01\/circulo.png","width":723,"height":731,"caption":"Informe Litoral"},"image":{"@id":"https:\/\/informelitoral.com.ar\/#\/schema\/logo\/image\/"},"sameAs":["https:\/\/www.facebook.com\/informelitoral\/","https:\/\/x.com\/InformeLitoral","https:\/\/www.instagram.com\/informelitoral\/","https:\/\/www.youtube.com\/channel\/UCua4Qvz8Icb6MYqhoq9xLXw"]},{"@type":"Person","@id":"https:\/\/informelitoral.com.ar\/#\/schema\/person\/b9d00407c836482871ef1d57bf8e3180","name":"Gonzalo Schmidt","image":{"@type":"ImageObject","inLanguage":"es","@id":"https:\/\/secure.gravatar.com\/avatar\/31a1a7b66ff2de83bd0e9fd79d026630d2d99e55e8bfe501287647b4fd9743de?s=96&d=mm&r=g","url":"https:\/\/secure.gravatar.com\/avatar\/31a1a7b66ff2de83bd0e9fd79d026630d2d99e55e8bfe501287647b4fd9743de?s=96&d=mm&r=g","contentUrl":"https:\/\/secure.gravatar.com\/avatar\/31a1a7b66ff2de83bd0e9fd79d026630d2d99e55e8bfe501287647b4fd9743de?s=96&d=mm&r=g","caption":"Gonzalo Schmidt"},"description":"Sitio web de noticias de la provincia de Entre R\u00edos, Argentina. Informaci\u00f3n y entretenimiento. Informe Litoral, nos informamos.","sameAs":["http:\/\/www.isletasnoticias.com.ar"],"url":"https:\/\/informelitoral.com.ar\/author\/gonzalo\/"}]}},"_links":{"self":[{"href":"https:\/\/informelitoral.com.ar\/%77%70%2d%6a%73%6f%6e\/wp\/v2\/posts\/8395","targetHints":{"allow":["GET"]}}],"collection":[{"href":"https:\/\/informelitoral.com.ar\/%77%70%2d%6a%73%6f%6e\/wp\/v2\/posts"}],"about":[{"href":"https:\/\/informelitoral.com.ar\/%77%70%2d%6a%73%6f%6e\/wp\/v2\/types\/post"}],"author":[{"embeddable":true,"href":"https:\/\/informelitoral.com.ar\/%77%70%2d%6a%73%6f%6e\/wp\/v2\/users\/2"}],"replies":[{"embeddable":true,"href":"https:\/\/informelitoral.com.ar\/%77%70%2d%6a%73%6f%6e\/wp\/v2\/comments?post=8395"}],"version-history":[{"count":0,"href":"https:\/\/informelitoral.com.ar\/%77%70%2d%6a%73%6f%6e\/wp\/v2\/posts\/8395\/revisions"}],"wp:attachment":[{"href":"https:\/\/informelitoral.com.ar\/%77%70%2d%6a%73%6f%6e\/wp\/v2\/media?parent=8395"}],"wp:term":[{"taxonomy":"category","embeddable":true,"href":"https:\/\/informelitoral.com.ar\/%77%70%2d%6a%73%6f%6e\/wp\/v2\/categories?post=8395"},{"taxonomy":"post_tag","embeddable":true,"href":"https:\/\/informelitoral.com.ar\/%77%70%2d%6a%73%6f%6e\/wp\/v2\/tags?post=8395"}],"curies":[{"name":"wp","href":"https:\/\/api.w.org\/{rel}","templated":true}]}}