{"id":83892,"date":"2022-08-15T10:26:39","date_gmt":"2022-08-15T13:26:39","guid":{"rendered":"https:\/\/www.informelitoral.com.ar\/?p=83892"},"modified":"2022-08-15T10:28:20","modified_gmt":"2022-08-15T13:28:20","slug":"bahillo-convoco-a-una-reunion-para-este-martes-a-la-mesa-de-enlace","status":"publish","type":"post","link":"https:\/\/informelitoral.com.ar\/bahillo-convoco-a-una-reunion-para-este-martes-a-la-mesa-de-enlace\/","title":{"rendered":"Bahillo convoc\u00f3 a una reuni\u00f3n para este martes a la Mesa de Enlace"},"content":{"rendered":"<p>El Gobierno convoc\u00f3 a una nueva reuni\u00f3n a los integrantes de la Mesa del Enlace, tras el encuentro que los dirigentes del campo mantuvieron con el ministro de Econom\u00eda, Sergio Massa, el pasado viernes.<\/p>\n<p>Ser\u00e1 ma\u00f1ana martes a las 17.30 y fue confirmado por el secretario de Agricultura, Juan Jos\u00e9 Bahillo, a trav\u00e9s de las redes sociales.<\/p>\n<p>\u00abSiguiendo el lineamiento planteado por Sergio Massa, hemos convocado a los equipos t\u00e9cnicos de la Mesa de Enlace a una reuni\u00f3n de trabajo con los de Agricultura en nuestra Secretar\u00eda ma\u00f1ana a las 17:30Hs, y as\u00ed comenzar a resolver temas de la hoja de ruta definida el viernes\u00bb, escribi\u00f3 el funcionario en la red social.<\/p>\n<p>Los ruralistas y los representantes del Gobierno nacional se reunieron el viernes \u00faltimo en un almuerzo celebrado en el Centro Industrial de Escobar.<\/p>\n<p>En esa ocasi\u00f3n, del lado del Gobierno estuvieron presentes el ministro de Econom\u00eda, Sergio Massa; el secretario de Agricultura Bahillo; y el titular de la Aduana, Guillermo Michel. Adem\u00e1s particip\u00f3 el ex ministro de Agricultura Juli\u00e1n Dom\u00ednguez.<\/p>\n<p>La Mesa de Enlace estuvo representada por Carlos Achetoni (Federaci\u00f3n Agraria), Jorge Chemes (CRA), Nicol\u00e1s Pino (Sociedad Rural) y Elbio Laucirica (Coninagro).<\/p>\n<p>Tras compartir un almuerzo, los productores rurales subrayaron las necesidades del sector y las urgencias para encararlas. Jorge Chemes fue tajante al respecto: \u00abEl plazo es ma\u00f1ana, el pa\u00eds no est\u00e1 en situaci\u00f3n de esperar ni de estar debatiendo a largo plazo\u00bb.<\/p>\n","protected":false},"excerpt":{"rendered":"<p>\u201cHemos convocado a los equipos t\u00e9cnicos de la Mesa de Enlace a una reuni\u00f3n de trabajo con los de Agricultura en nuestra Secretar\u00eda y as\u00ed comenzar a resolver temas de la hoja de ruta definida el viernes\u201d, anunci\u00f3 el funcionario.<\/p>\n","protected":false},"author":8,"featured_media":83895,"comment_status":"open","ping_status":"open","sticky":false,"template":"","format":"standard","meta":{"fifu_image_url":"","fifu_image_alt":"","footnotes":""},"categories":[16],"tags":[1646,642],"class_list":{"0":"post-83892","1":"post","2":"type-post","3":"status-publish","4":"format-standard","5":"has-post-thumbnail","7":"category-politi","8":"tag-juan-jose-bahillo","9":"tag-reunion"},"yoast_head":"<title>Bahillo convoc\u00f3 a una reuni\u00f3n para este martes a la Mesa de Enlace - Informe Litoral<\/title>\n<meta name=\"robots\" content=\"index, follow, max-snippet:-1, max-image-preview:large, max-video-preview:-1\" \/>\n<link rel=\"canonical\" href=\"https:\/\/informelitoral.com.ar\/bahillo-convoco-a-una-reunion-para-este-martes-a-la-mesa-de-enlace\/\" \/>\n<meta property=\"og:locale\" content=\"es_ES\" \/>\n<meta property=\"og:type\" content=\"article\" \/>\n<meta property=\"og:title\" content=\"Bahillo convoc\u00f3 a una reuni\u00f3n para este martes a la Mesa de Enlace - Informe Litoral\" \/>\n<meta property=\"og:description\" content=\"\u201cHemos convocado a los equipos t\u00e9cnicos de la Mesa de Enlace a una reuni\u00f3n de trabajo con los de Agricultura en nuestra Secretar\u00eda y as\u00ed comenzar a resolver temas de la hoja de ruta definida el viernes\u201d, anunci\u00f3 el funcionario.\" \/>\n<meta property=\"og:url\" content=\"https:\/\/informelitoral.com.ar\/bahillo-convoco-a-una-reunion-para-este-martes-a-la-mesa-de-enlace\/\" \/>\n<meta property=\"og:site_name\" content=\"Informe Litoral\" \/>\n<meta property=\"article:publisher\" content=\"https:\/\/www.facebook.com\/informelitoral\/\" \/>\n<meta property=\"article:published_time\" content=\"2022-08-15T13:26:39+00:00\" \/>\n<meta property=\"article:modified_time\" content=\"2022-08-15T13:28:20+00:00\" \/>\n<meta property=\"og:image\" content=\"https:\/\/informelitoral.com.ar\/%77%70%2d%63%6f%6e%74%65%6e%74\/uploads\/2022\/08\/juan-jose-bahillo-20220802-1395651-696x391-1.jpg\" \/>\n\t<meta property=\"og:image:width\" content=\"696\" \/>\n\t<meta property=\"og:image:height\" content=\"391\" \/>\n\t<meta property=\"og:image:type\" content=\"image\/jpeg\" \/>\n<meta name=\"author\" content=\"Sebastian\" \/>\n<meta name=\"twitter:card\" content=\"summary_large_image\" \/>\n<meta name=\"twitter:creator\" content=\"@InformeLitoral\" \/>\n<meta name=\"twitter:site\" content=\"@InformeLitoral\" \/>\n<meta name=\"twitter:label1\" content=\"Escrito por\" \/>\n\t<meta name=\"twitter:data1\" content=\"Sebastian\" \/>\n\t<meta name=\"twitter:label2\" content=\"Tiempo de lectura\" \/>\n\t<meta name=\"twitter:data2\" content=\"1 minuto\" \/>\n<script type=\"application\/ld+json\" class=\"yoast-schema-graph\">{\"@context\":\"https:\\\/\\\/schema.org\",\"@graph\":[{\"@type\":\"Article\",\"@id\":\"https:\\\/\\\/informelitoral.com.ar\\\/bahillo-convoco-a-una-reunion-para-este-martes-a-la-mesa-de-enlace\\\/#article\",\"isPartOf\":{\"@id\":\"https:\\\/\\\/informelitoral.com.ar\\\/bahillo-convoco-a-una-reunion-para-este-martes-a-la-mesa-de-enlace\\\/\"},\"author\":{\"name\":\"Sebastian\",\"@id\":\"https:\\\/\\\/informelitoral.com.ar\\\/#\\\/schema\\\/person\\\/f05f9f461677119578717524b127d6d5\"},\"headline\":\"Bahillo convoc\u00f3 a una reuni\u00f3n para este martes a la Mesa de Enlace\",\"datePublished\":\"2022-08-15T13:26:39+00:00\",\"dateModified\":\"2022-08-15T13:28:20+00:00\",\"mainEntityOfPage\":{\"@id\":\"https:\\\/\\\/informelitoral.com.ar\\\/bahillo-convoco-a-una-reunion-para-este-martes-a-la-mesa-de-enlace\\\/\"},\"wordCount\":267,\"commentCount\":0,\"publisher\":{\"@id\":\"https:\\\/\\\/informelitoral.com.ar\\\/#organization\"},\"image\":{\"@id\":\"https:\\\/\\\/informelitoral.com.ar\\\/bahillo-convoco-a-una-reunion-para-este-martes-a-la-mesa-de-enlace\\\/#primaryimage\"},\"thumbnailUrl\":\"https:\\\/\\\/informelitoral.com.ar\\\/%77%70%2d%63%6f%6e%74%65%6e%74\\\/uploads\\\/2022\\\/08\\\/juan-jose-bahillo-20220802-1395651-696x391-1.jpg\",\"keywords\":[\"Juan Jos\u00e9 Bahillo\",\"Reuni\u00f3n\"],\"articleSection\":[\"Politica\"],\"inLanguage\":\"es\",\"potentialAction\":[{\"@type\":\"CommentAction\",\"name\":\"Comment\",\"target\":[\"https:\\\/\\\/informelitoral.com.ar\\\/bahillo-convoco-a-una-reunion-para-este-martes-a-la-mesa-de-enlace\\\/#respond\"]}]},{\"@type\":\"WebPage\",\"@id\":\"https:\\\/\\\/informelitoral.com.ar\\\/bahillo-convoco-a-una-reunion-para-este-martes-a-la-mesa-de-enlace\\\/\",\"url\":\"https:\\\/\\\/informelitoral.com.ar\\\/bahillo-convoco-a-una-reunion-para-este-martes-a-la-mesa-de-enlace\\\/\",\"name\":\"Bahillo convoc\u00f3 a una reuni\u00f3n para este martes a la Mesa de Enlace - Informe Litoral\",\"isPartOf\":{\"@id\":\"https:\\\/\\\/informelitoral.com.ar\\\/#website\"},\"primaryImageOfPage\":{\"@id\":\"https:\\\/\\\/informelitoral.com.ar\\\/bahillo-convoco-a-una-reunion-para-este-martes-a-la-mesa-de-enlace\\\/#primaryimage\"},\"image\":{\"@id\":\"https:\\\/\\\/informelitoral.com.ar\\\/bahillo-convoco-a-una-reunion-para-este-martes-a-la-mesa-de-enlace\\\/#primaryimage\"},\"thumbnailUrl\":\"https:\\\/\\\/informelitoral.com.ar\\\/%77%70%2d%63%6f%6e%74%65%6e%74\\\/uploads\\\/2022\\\/08\\\/juan-jose-bahillo-20220802-1395651-696x391-1.jpg\",\"datePublished\":\"2022-08-15T13:26:39+00:00\",\"dateModified\":\"2022-08-15T13:28:20+00:00\",\"breadcrumb\":{\"@id\":\"https:\\\/\\\/informelitoral.com.ar\\\/bahillo-convoco-a-una-reunion-para-este-martes-a-la-mesa-de-enlace\\\/#breadcrumb\"},\"inLanguage\":\"es\",\"potentialAction\":[{\"@type\":\"ReadAction\",\"target\":[\"https:\\\/\\\/informelitoral.com.ar\\\/bahillo-convoco-a-una-reunion-para-este-martes-a-la-mesa-de-enlace\\\/\"]}]},{\"@type\":\"ImageObject\",\"inLanguage\":\"es\",\"@id\":\"https:\\\/\\\/informelitoral.com.ar\\\/bahillo-convoco-a-una-reunion-para-este-martes-a-la-mesa-de-enlace\\\/#primaryimage\",\"url\":\"https:\\\/\\\/informelitoral.com.ar\\\/%77%70%2d%63%6f%6e%74%65%6e%74\\\/uploads\\\/2022\\\/08\\\/juan-jose-bahillo-20220802-1395651-696x391-1.jpg\",\"contentUrl\":\"https:\\\/\\\/informelitoral.com.ar\\\/%77%70%2d%63%6f%6e%74%65%6e%74\\\/uploads\\\/2022\\\/08\\\/juan-jose-bahillo-20220802-1395651-696x391-1.jpg\",\"width\":696,\"height\":391},{\"@type\":\"BreadcrumbList\",\"@id\":\"https:\\\/\\\/informelitoral.com.ar\\\/bahillo-convoco-a-una-reunion-para-este-martes-a-la-mesa-de-enlace\\\/#breadcrumb\",\"itemListElement\":[{\"@type\":\"ListItem\",\"position\":1,\"name\":\"Portada\",\"item\":\"https:\\\/\\\/informelitoral.com.ar\\\/\"},{\"@type\":\"ListItem\",\"position\":2,\"name\":\"Bahillo convoc\u00f3 a una reuni\u00f3n para este martes a la Mesa de Enlace\"}]},{\"@type\":\"WebSite\",\"@id\":\"https:\\\/\\\/informelitoral.com.ar\\\/#website\",\"url\":\"https:\\\/\\\/informelitoral.com.ar\\\/\",\"name\":\"Informe Litoral\",\"description\":\"&quot;Nos informamos&quot; \",\"publisher\":{\"@id\":\"https:\\\/\\\/informelitoral.com.ar\\\/#organization\"},\"potentialAction\":[{\"@type\":\"SearchAction\",\"target\":{\"@type\":\"EntryPoint\",\"urlTemplate\":\"https:\\\/\\\/informelitoral.com.ar\\\/?s={search_term_string}\"},\"query-input\":{\"@type\":\"PropertyValueSpecification\",\"valueRequired\":true,\"valueName\":\"search_term_string\"}}],\"inLanguage\":\"es\"},{\"@type\":\"Organization\",\"@id\":\"https:\\\/\\\/informelitoral.com.ar\\\/#organization\",\"name\":\"Informe Litoral\",\"url\":\"https:\\\/\\\/informelitoral.com.ar\\\/\",\"logo\":{\"@type\":\"ImageObject\",\"inLanguage\":\"es\",\"@id\":\"https:\\\/\\\/informelitoral.com.ar\\\/#\\\/schema\\\/logo\\\/image\\\/\",\"url\":\"https:\\\/\\\/informelitoral.com.ar\\\/%77%70%2d%63%6f%6e%74%65%6e%74\\\/uploads\\\/2021\\\/01\\\/circulo.png\",\"contentUrl\":\"https:\\\/\\\/informelitoral.com.ar\\\/%77%70%2d%63%6f%6e%74%65%6e%74\\\/uploads\\\/2021\\\/01\\\/circulo.png\",\"width\":723,\"height\":731,\"caption\":\"Informe Litoral\"},\"image\":{\"@id\":\"https:\\\/\\\/informelitoral.com.ar\\\/#\\\/schema\\\/logo\\\/image\\\/\"},\"sameAs\":[\"https:\\\/\\\/www.facebook.com\\\/informelitoral\\\/\",\"https:\\\/\\\/x.com\\\/InformeLitoral\",\"https:\\\/\\\/www.instagram.com\\\/informelitoral\\\/\",\"https:\\\/\\\/www.youtube.com\\\/channel\\\/UCua4Qvz8Icb6MYqhoq9xLXw\"]},{\"@type\":\"Person\",\"@id\":\"https:\\\/\\\/informelitoral.com.ar\\\/#\\\/schema\\\/person\\\/f05f9f461677119578717524b127d6d5\",\"name\":\"Sebastian\",\"image\":{\"@type\":\"ImageObject\",\"inLanguage\":\"es\",\"@id\":\"https:\\\/\\\/secure.gravatar.com\\\/avatar\\\/b71bf7481d447dfb9583c7f2798e7cc64de6efb9067b74633ed8c31059a3bd82?s=96&d=mm&r=g\",\"url\":\"https:\\\/\\\/secure.gravatar.com\\\/avatar\\\/b71bf7481d447dfb9583c7f2798e7cc64de6efb9067b74633ed8c31059a3bd82?s=96&d=mm&r=g\",\"contentUrl\":\"https:\\\/\\\/secure.gravatar.com\\\/avatar\\\/b71bf7481d447dfb9583c7f2798e7cc64de6efb9067b74633ed8c31059a3bd82?s=96&d=mm&r=g\",\"caption\":\"Sebastian\"},\"url\":\"https:\\\/\\\/informelitoral.com.ar\\\/author\\\/sebastian\\\/\"}]}<\/script>","yoast_head_json":{"title":"Bahillo convoc\u00f3 a una reuni\u00f3n para este martes a la Mesa de Enlace - Informe Litoral","robots":{"index":"index","follow":"follow","max-snippet":"max-snippet:-1","max-image-preview":"max-image-preview:large","max-video-preview":"max-video-preview:-1"},"canonical":"https:\/\/informelitoral.com.ar\/bahillo-convoco-a-una-reunion-para-este-martes-a-la-mesa-de-enlace\/","og_locale":"es_ES","og_type":"article","og_title":"Bahillo convoc\u00f3 a una reuni\u00f3n para este martes a la Mesa de Enlace - Informe Litoral","og_description":"\u201cHemos convocado a los equipos t\u00e9cnicos de la Mesa de Enlace a una reuni\u00f3n de trabajo con los de Agricultura en nuestra Secretar\u00eda y as\u00ed comenzar a resolver temas de la hoja de ruta definida el viernes\u201d, anunci\u00f3 el funcionario.","og_url":"https:\/\/informelitoral.com.ar\/bahillo-convoco-a-una-reunion-para-este-martes-a-la-mesa-de-enlace\/","og_site_name":"Informe Litoral","article_publisher":"https:\/\/www.facebook.com\/informelitoral\/","article_published_time":"2022-08-15T13:26:39+00:00","article_modified_time":"2022-08-15T13:28:20+00:00","og_image":[{"width":696,"height":391,"url":"https:\/\/informelitoral.com.ar\/%77%70%2d%63%6f%6e%74%65%6e%74\/uploads\/2022\/08\/juan-jose-bahillo-20220802-1395651-696x391-1.jpg","type":"image\/jpeg"}],"author":"Sebastian","twitter_card":"summary_large_image","twitter_creator":"@InformeLitoral","twitter_site":"@InformeLitoral","twitter_misc":{"Escrito por":"Sebastian","Tiempo de lectura":"1 minuto"},"schema":{"@context":"https:\/\/schema.org","@graph":[{"@type":"Article","@id":"https:\/\/informelitoral.com.ar\/bahillo-convoco-a-una-reunion-para-este-martes-a-la-mesa-de-enlace\/#article","isPartOf":{"@id":"https:\/\/informelitoral.com.ar\/bahillo-convoco-a-una-reunion-para-este-martes-a-la-mesa-de-enlace\/"},"author":{"name":"Sebastian","@id":"https:\/\/informelitoral.com.ar\/#\/schema\/person\/f05f9f461677119578717524b127d6d5"},"headline":"Bahillo convoc\u00f3 a una reuni\u00f3n para este martes a la Mesa de Enlace","datePublished":"2022-08-15T13:26:39+00:00","dateModified":"2022-08-15T13:28:20+00:00","mainEntityOfPage":{"@id":"https:\/\/informelitoral.com.ar\/bahillo-convoco-a-una-reunion-para-este-martes-a-la-mesa-de-enlace\/"},"wordCount":267,"commentCount":0,"publisher":{"@id":"https:\/\/informelitoral.com.ar\/#organization"},"image":{"@id":"https:\/\/informelitoral.com.ar\/bahillo-convoco-a-una-reunion-para-este-martes-a-la-mesa-de-enlace\/#primaryimage"},"thumbnailUrl":"https:\/\/informelitoral.com.ar\/%77%70%2d%63%6f%6e%74%65%6e%74\/uploads\/2022\/08\/juan-jose-bahillo-20220802-1395651-696x391-1.jpg","keywords":["Juan Jos\u00e9 Bahillo","Reuni\u00f3n"],"articleSection":["Politica"],"inLanguage":"es","potentialAction":[{"@type":"CommentAction","name":"Comment","target":["https:\/\/informelitoral.com.ar\/bahillo-convoco-a-una-reunion-para-este-martes-a-la-mesa-de-enlace\/#respond"]}]},{"@type":"WebPage","@id":"https:\/\/informelitoral.com.ar\/bahillo-convoco-a-una-reunion-para-este-martes-a-la-mesa-de-enlace\/","url":"https:\/\/informelitoral.com.ar\/bahillo-convoco-a-una-reunion-para-este-martes-a-la-mesa-de-enlace\/","name":"Bahillo convoc\u00f3 a una reuni\u00f3n para este martes a la Mesa de Enlace - Informe Litoral","isPartOf":{"@id":"https:\/\/informelitoral.com.ar\/#website"},"primaryImageOfPage":{"@id":"https:\/\/informelitoral.com.ar\/bahillo-convoco-a-una-reunion-para-este-martes-a-la-mesa-de-enlace\/#primaryimage"},"image":{"@id":"https:\/\/informelitoral.com.ar\/bahillo-convoco-a-una-reunion-para-este-martes-a-la-mesa-de-enlace\/#primaryimage"},"thumbnailUrl":"https:\/\/informelitoral.com.ar\/%77%70%2d%63%6f%6e%74%65%6e%74\/uploads\/2022\/08\/juan-jose-bahillo-20220802-1395651-696x391-1.jpg","datePublished":"2022-08-15T13:26:39+00:00","dateModified":"2022-08-15T13:28:20+00:00","breadcrumb":{"@id":"https:\/\/informelitoral.com.ar\/bahillo-convoco-a-una-reunion-para-este-martes-a-la-mesa-de-enlace\/#breadcrumb"},"inLanguage":"es","potentialAction":[{"@type":"ReadAction","target":["https:\/\/informelitoral.com.ar\/bahillo-convoco-a-una-reunion-para-este-martes-a-la-mesa-de-enlace\/"]}]},{"@type":"ImageObject","inLanguage":"es","@id":"https:\/\/informelitoral.com.ar\/bahillo-convoco-a-una-reunion-para-este-martes-a-la-mesa-de-enlace\/#primaryimage","url":"https:\/\/informelitoral.com.ar\/%77%70%2d%63%6f%6e%74%65%6e%74\/uploads\/2022\/08\/juan-jose-bahillo-20220802-1395651-696x391-1.jpg","contentUrl":"https:\/\/informelitoral.com.ar\/%77%70%2d%63%6f%6e%74%65%6e%74\/uploads\/2022\/08\/juan-jose-bahillo-20220802-1395651-696x391-1.jpg","width":696,"height":391},{"@type":"BreadcrumbList","@id":"https:\/\/informelitoral.com.ar\/bahillo-convoco-a-una-reunion-para-este-martes-a-la-mesa-de-enlace\/#breadcrumb","itemListElement":[{"@type":"ListItem","position":1,"name":"Portada","item":"https:\/\/informelitoral.com.ar\/"},{"@type":"ListItem","position":2,"name":"Bahillo convoc\u00f3 a una reuni\u00f3n para este martes a la Mesa de Enlace"}]},{"@type":"WebSite","@id":"https:\/\/informelitoral.com.ar\/#website","url":"https:\/\/informelitoral.com.ar\/","name":"Informe Litoral","description":"&quot;Nos informamos&quot; ","publisher":{"@id":"https:\/\/informelitoral.com.ar\/#organization"},"potentialAction":[{"@type":"SearchAction","target":{"@type":"EntryPoint","urlTemplate":"https:\/\/informelitoral.com.ar\/?s={search_term_string}"},"query-input":{"@type":"PropertyValueSpecification","valueRequired":true,"valueName":"search_term_string"}}],"inLanguage":"es"},{"@type":"Organization","@id":"https:\/\/informelitoral.com.ar\/#organization","name":"Informe Litoral","url":"https:\/\/informelitoral.com.ar\/","logo":{"@type":"ImageObject","inLanguage":"es","@id":"https:\/\/informelitoral.com.ar\/#\/schema\/logo\/image\/","url":"https:\/\/informelitoral.com.ar\/%77%70%2d%63%6f%6e%74%65%6e%74\/uploads\/2021\/01\/circulo.png","contentUrl":"https:\/\/informelitoral.com.ar\/%77%70%2d%63%6f%6e%74%65%6e%74\/uploads\/2021\/01\/circulo.png","width":723,"height":731,"caption":"Informe Litoral"},"image":{"@id":"https:\/\/informelitoral.com.ar\/#\/schema\/logo\/image\/"},"sameAs":["https:\/\/www.facebook.com\/informelitoral\/","https:\/\/x.com\/InformeLitoral","https:\/\/www.instagram.com\/informelitoral\/","https:\/\/www.youtube.com\/channel\/UCua4Qvz8Icb6MYqhoq9xLXw"]},{"@type":"Person","@id":"https:\/\/informelitoral.com.ar\/#\/schema\/person\/f05f9f461677119578717524b127d6d5","name":"Sebastian","image":{"@type":"ImageObject","inLanguage":"es","@id":"https:\/\/secure.gravatar.com\/avatar\/b71bf7481d447dfb9583c7f2798e7cc64de6efb9067b74633ed8c31059a3bd82?s=96&d=mm&r=g","url":"https:\/\/secure.gravatar.com\/avatar\/b71bf7481d447dfb9583c7f2798e7cc64de6efb9067b74633ed8c31059a3bd82?s=96&d=mm&r=g","contentUrl":"https:\/\/secure.gravatar.com\/avatar\/b71bf7481d447dfb9583c7f2798e7cc64de6efb9067b74633ed8c31059a3bd82?s=96&d=mm&r=g","caption":"Sebastian"},"url":"https:\/\/informelitoral.com.ar\/author\/sebastian\/"}]}},"_links":{"self":[{"href":"https:\/\/informelitoral.com.ar\/%77%70%2d%6a%73%6f%6e\/wp\/v2\/posts\/83892","targetHints":{"allow":["GET"]}}],"collection":[{"href":"https:\/\/informelitoral.com.ar\/%77%70%2d%6a%73%6f%6e\/wp\/v2\/posts"}],"about":[{"href":"https:\/\/informelitoral.com.ar\/%77%70%2d%6a%73%6f%6e\/wp\/v2\/types\/post"}],"author":[{"embeddable":true,"href":"https:\/\/informelitoral.com.ar\/%77%70%2d%6a%73%6f%6e\/wp\/v2\/users\/8"}],"replies":[{"embeddable":true,"href":"https:\/\/informelitoral.com.ar\/%77%70%2d%6a%73%6f%6e\/wp\/v2\/comments?post=83892"}],"version-history":[{"count":0,"href":"https:\/\/informelitoral.com.ar\/%77%70%2d%6a%73%6f%6e\/wp\/v2\/posts\/83892\/revisions"}],"wp:featuredmedia":[{"embeddable":true,"href":"https:\/\/informelitoral.com.ar\/%77%70%2d%6a%73%6f%6e\/wp\/v2\/media\/83895"}],"wp:attachment":[{"href":"https:\/\/informelitoral.com.ar\/%77%70%2d%6a%73%6f%6e\/wp\/v2\/media?parent=83892"}],"wp:term":[{"taxonomy":"category","embeddable":true,"href":"https:\/\/informelitoral.com.ar\/%77%70%2d%6a%73%6f%6e\/wp\/v2\/categories?post=83892"},{"taxonomy":"post_tag","embeddable":true,"href":"https:\/\/informelitoral.com.ar\/%77%70%2d%6a%73%6f%6e\/wp\/v2\/tags?post=83892"}],"curies":[{"name":"wp","href":"https:\/\/api.w.org\/{rel}","templated":true}]}}