{"id":83597,"date":"2022-08-11T09:56:03","date_gmt":"2022-08-11T12:56:03","guid":{"rendered":"https:\/\/www.informelitoral.com.ar\/?p=83597"},"modified":"2022-08-11T09:56:03","modified_gmt":"2022-08-11T12:56:03","slug":"parana-chocaron-un-auto-y-una-moto-en-una-esquina-una-joven-fue-hospitalizada","status":"publish","type":"post","link":"https:\/\/informelitoral.com.ar\/parana-chocaron-un-auto-y-una-moto-en-una-esquina-una-joven-fue-hospitalizada\/","title":{"rendered":"Paran\u00e1: Chocaron un auto y una moto en una esquina: una joven fue hospitalizada"},"content":{"rendered":"<p>Colisionaron un veh\u00edculo Peugeot 408 y una moto Guerrero Trip 110cc en la intersecci\u00f3n de calles Alvarado y Tom\u00e1s Guido, a una cuadra del hospital de La Baxada de la capital entrerriana.<\/p>\n<p>El automovilista circulaba por calle Tom\u00e1s Guido y la motociclista lo hac\u00eda por Alvarado cuando, por circunstancias que tratar\u00e1n de establecerse de forma fehaciente, se produjo el encontronazo. El casco y las zapatillas de la conductora del rodado de menor porte quedaron en el lugar del accidente.<\/p>\n<p>La mujer, de 23 a\u00f1os, fue trasladada al hospital San Mart\u00edn dado que aduc\u00eda un fuerte dolor en sus piernas a ra\u00edz del impacto.(<em>Elonce<\/em>)<\/p>\n","protected":false},"excerpt":{"rendered":"<p>El casco y las zapatillas de la conductora del rodado de menor porte quedaron en el lugar del accidente. La mujer, de 23 a\u00f1os, fue hospitalizada dado que aduc\u00eda un fuerte dolor en sus piernas a ra\u00edz del impacto.<\/p>\n","protected":false},"author":8,"featured_media":24888,"comment_status":"open","ping_status":"open","sticky":false,"template":"","format":"standard","meta":{"fifu_image_url":"","fifu_image_alt":"","footnotes":""},"categories":[14],"tags":[304],"class_list":{"0":"post-83597","1":"post","2":"type-post","3":"status-publish","4":"format-standard","5":"has-post-thumbnail","7":"category-policiales","8":"tag-accidente-vial"},"yoast_head":"<title>Paran\u00e1: Chocaron un auto y una moto en una esquina: una joven fue hospitalizada - Informe Litoral<\/title>\n<meta name=\"robots\" content=\"index, follow, max-snippet:-1, max-image-preview:large, max-video-preview:-1\" \/>\n<link rel=\"canonical\" href=\"https:\/\/informelitoral.com.ar\/parana-chocaron-un-auto-y-una-moto-en-una-esquina-una-joven-fue-hospitalizada\/\" \/>\n<meta property=\"og:locale\" content=\"es_ES\" \/>\n<meta property=\"og:type\" content=\"article\" \/>\n<meta property=\"og:title\" content=\"Paran\u00e1: Chocaron un auto y una moto en una esquina: una joven fue hospitalizada - Informe Litoral\" \/>\n<meta property=\"og:description\" content=\"El casco y las zapatillas de la conductora del rodado de menor porte quedaron en el lugar del accidente. La mujer, de 23 a\u00f1os, fue hospitalizada dado que aduc\u00eda un fuerte dolor en sus piernas a ra\u00edz del impacto.\" \/>\n<meta property=\"og:url\" content=\"https:\/\/informelitoral.com.ar\/parana-chocaron-un-auto-y-una-moto-en-una-esquina-una-joven-fue-hospitalizada\/\" \/>\n<meta property=\"og:site_name\" content=\"Informe Litoral\" \/>\n<meta property=\"article:publisher\" content=\"https:\/\/www.facebook.com\/informelitoral\/\" \/>\n<meta property=\"article:published_time\" content=\"2022-08-11T12:56:03+00:00\" \/>\n<meta property=\"og:image\" content=\"https:\/\/informelitoral.com.ar\/%77%70%2d%63%6f%6e%74%65%6e%74\/uploads\/2018\/02\/policia-patrullero-768x506.jpg\" \/>\n\t<meta property=\"og:image:width\" content=\"768\" \/>\n\t<meta property=\"og:image:height\" content=\"506\" \/>\n\t<meta property=\"og:image:type\" content=\"image\/jpeg\" \/>\n<meta name=\"author\" content=\"Sebastian\" \/>\n<meta name=\"twitter:card\" content=\"summary_large_image\" \/>\n<meta name=\"twitter:creator\" content=\"@InformeLitoral\" \/>\n<meta name=\"twitter:site\" content=\"@InformeLitoral\" \/>\n<meta name=\"twitter:label1\" content=\"Escrito por\" \/>\n\t<meta name=\"twitter:data1\" content=\"Sebastian\" \/>\n\t<meta name=\"twitter:label2\" content=\"Tiempo de lectura\" \/>\n\t<meta name=\"twitter:data2\" content=\"1 minuto\" \/>\n<script type=\"application\/ld+json\" class=\"yoast-schema-graph\">{\"@context\":\"https:\\\/\\\/schema.org\",\"@graph\":[{\"@type\":\"Article\",\"@id\":\"https:\\\/\\\/informelitoral.com.ar\\\/parana-chocaron-un-auto-y-una-moto-en-una-esquina-una-joven-fue-hospitalizada\\\/#article\",\"isPartOf\":{\"@id\":\"https:\\\/\\\/informelitoral.com.ar\\\/parana-chocaron-un-auto-y-una-moto-en-una-esquina-una-joven-fue-hospitalizada\\\/\"},\"author\":{\"name\":\"Sebastian\",\"@id\":\"https:\\\/\\\/informelitoral.com.ar\\\/#\\\/schema\\\/person\\\/f05f9f461677119578717524b127d6d5\"},\"headline\":\"Paran\u00e1: Chocaron un auto y una moto en una esquina: una joven fue hospitalizada\",\"datePublished\":\"2022-08-11T12:56:03+00:00\",\"mainEntityOfPage\":{\"@id\":\"https:\\\/\\\/informelitoral.com.ar\\\/parana-chocaron-un-auto-y-una-moto-en-una-esquina-una-joven-fue-hospitalizada\\\/\"},\"wordCount\":126,\"commentCount\":0,\"publisher\":{\"@id\":\"https:\\\/\\\/informelitoral.com.ar\\\/#organization\"},\"image\":{\"@id\":\"https:\\\/\\\/informelitoral.com.ar\\\/parana-chocaron-un-auto-y-una-moto-en-una-esquina-una-joven-fue-hospitalizada\\\/#primaryimage\"},\"thumbnailUrl\":\"https:\\\/\\\/informelitoral.com.ar\\\/%77%70%2d%63%6f%6e%74%65%6e%74\\\/uploads\\\/2018\\\/02\\\/policia-patrullero-768x506.jpg\",\"keywords\":[\"Accidente vial\"],\"articleSection\":[\"Policiales\"],\"inLanguage\":\"es\",\"potentialAction\":[{\"@type\":\"CommentAction\",\"name\":\"Comment\",\"target\":[\"https:\\\/\\\/informelitoral.com.ar\\\/parana-chocaron-un-auto-y-una-moto-en-una-esquina-una-joven-fue-hospitalizada\\\/#respond\"]}]},{\"@type\":\"WebPage\",\"@id\":\"https:\\\/\\\/informelitoral.com.ar\\\/parana-chocaron-un-auto-y-una-moto-en-una-esquina-una-joven-fue-hospitalizada\\\/\",\"url\":\"https:\\\/\\\/informelitoral.com.ar\\\/parana-chocaron-un-auto-y-una-moto-en-una-esquina-una-joven-fue-hospitalizada\\\/\",\"name\":\"Paran\u00e1: Chocaron un auto y una moto en una esquina: una joven fue hospitalizada - Informe Litoral\",\"isPartOf\":{\"@id\":\"https:\\\/\\\/informelitoral.com.ar\\\/#website\"},\"primaryImageOfPage\":{\"@id\":\"https:\\\/\\\/informelitoral.com.ar\\\/parana-chocaron-un-auto-y-una-moto-en-una-esquina-una-joven-fue-hospitalizada\\\/#primaryimage\"},\"image\":{\"@id\":\"https:\\\/\\\/informelitoral.com.ar\\\/parana-chocaron-un-auto-y-una-moto-en-una-esquina-una-joven-fue-hospitalizada\\\/#primaryimage\"},\"thumbnailUrl\":\"https:\\\/\\\/informelitoral.com.ar\\\/%77%70%2d%63%6f%6e%74%65%6e%74\\\/uploads\\\/2018\\\/02\\\/policia-patrullero-768x506.jpg\",\"datePublished\":\"2022-08-11T12:56:03+00:00\",\"breadcrumb\":{\"@id\":\"https:\\\/\\\/informelitoral.com.ar\\\/parana-chocaron-un-auto-y-una-moto-en-una-esquina-una-joven-fue-hospitalizada\\\/#breadcrumb\"},\"inLanguage\":\"es\",\"potentialAction\":[{\"@type\":\"ReadAction\",\"target\":[\"https:\\\/\\\/informelitoral.com.ar\\\/parana-chocaron-un-auto-y-una-moto-en-una-esquina-una-joven-fue-hospitalizada\\\/\"]}]},{\"@type\":\"ImageObject\",\"inLanguage\":\"es\",\"@id\":\"https:\\\/\\\/informelitoral.com.ar\\\/parana-chocaron-un-auto-y-una-moto-en-una-esquina-una-joven-fue-hospitalizada\\\/#primaryimage\",\"url\":\"https:\\\/\\\/informelitoral.com.ar\\\/%77%70%2d%63%6f%6e%74%65%6e%74\\\/uploads\\\/2018\\\/02\\\/policia-patrullero-768x506.jpg\",\"contentUrl\":\"https:\\\/\\\/informelitoral.com.ar\\\/%77%70%2d%63%6f%6e%74%65%6e%74\\\/uploads\\\/2018\\\/02\\\/policia-patrullero-768x506.jpg\",\"width\":768,\"height\":506},{\"@type\":\"BreadcrumbList\",\"@id\":\"https:\\\/\\\/informelitoral.com.ar\\\/parana-chocaron-un-auto-y-una-moto-en-una-esquina-una-joven-fue-hospitalizada\\\/#breadcrumb\",\"itemListElement\":[{\"@type\":\"ListItem\",\"position\":1,\"name\":\"Portada\",\"item\":\"https:\\\/\\\/informelitoral.com.ar\\\/\"},{\"@type\":\"ListItem\",\"position\":2,\"name\":\"Paran\u00e1: Chocaron un auto y una moto en una esquina: una joven fue hospitalizada\"}]},{\"@type\":\"WebSite\",\"@id\":\"https:\\\/\\\/informelitoral.com.ar\\\/#website\",\"url\":\"https:\\\/\\\/informelitoral.com.ar\\\/\",\"name\":\"Informe Litoral\",\"description\":\"&quot;Nos informamos&quot; \",\"publisher\":{\"@id\":\"https:\\\/\\\/informelitoral.com.ar\\\/#organization\"},\"potentialAction\":[{\"@type\":\"SearchAction\",\"target\":{\"@type\":\"EntryPoint\",\"urlTemplate\":\"https:\\\/\\\/informelitoral.com.ar\\\/?s={search_term_string}\"},\"query-input\":{\"@type\":\"PropertyValueSpecification\",\"valueRequired\":true,\"valueName\":\"search_term_string\"}}],\"inLanguage\":\"es\"},{\"@type\":\"Organization\",\"@id\":\"https:\\\/\\\/informelitoral.com.ar\\\/#organization\",\"name\":\"Informe Litoral\",\"url\":\"https:\\\/\\\/informelitoral.com.ar\\\/\",\"logo\":{\"@type\":\"ImageObject\",\"inLanguage\":\"es\",\"@id\":\"https:\\\/\\\/informelitoral.com.ar\\\/#\\\/schema\\\/logo\\\/image\\\/\",\"url\":\"https:\\\/\\\/informelitoral.com.ar\\\/%77%70%2d%63%6f%6e%74%65%6e%74\\\/uploads\\\/2021\\\/01\\\/circulo.png\",\"contentUrl\":\"https:\\\/\\\/informelitoral.com.ar\\\/%77%70%2d%63%6f%6e%74%65%6e%74\\\/uploads\\\/2021\\\/01\\\/circulo.png\",\"width\":723,\"height\":731,\"caption\":\"Informe Litoral\"},\"image\":{\"@id\":\"https:\\\/\\\/informelitoral.com.ar\\\/#\\\/schema\\\/logo\\\/image\\\/\"},\"sameAs\":[\"https:\\\/\\\/www.facebook.com\\\/informelitoral\\\/\",\"https:\\\/\\\/x.com\\\/InformeLitoral\",\"https:\\\/\\\/www.instagram.com\\\/informelitoral\\\/\",\"https:\\\/\\\/www.youtube.com\\\/channel\\\/UCua4Qvz8Icb6MYqhoq9xLXw\"]},{\"@type\":\"Person\",\"@id\":\"https:\\\/\\\/informelitoral.com.ar\\\/#\\\/schema\\\/person\\\/f05f9f461677119578717524b127d6d5\",\"name\":\"Sebastian\",\"image\":{\"@type\":\"ImageObject\",\"inLanguage\":\"es\",\"@id\":\"https:\\\/\\\/secure.gravatar.com\\\/avatar\\\/b71bf7481d447dfb9583c7f2798e7cc64de6efb9067b74633ed8c31059a3bd82?s=96&d=mm&r=g\",\"url\":\"https:\\\/\\\/secure.gravatar.com\\\/avatar\\\/b71bf7481d447dfb9583c7f2798e7cc64de6efb9067b74633ed8c31059a3bd82?s=96&d=mm&r=g\",\"contentUrl\":\"https:\\\/\\\/secure.gravatar.com\\\/avatar\\\/b71bf7481d447dfb9583c7f2798e7cc64de6efb9067b74633ed8c31059a3bd82?s=96&d=mm&r=g\",\"caption\":\"Sebastian\"},\"url\":\"https:\\\/\\\/informelitoral.com.ar\\\/author\\\/sebastian\\\/\"}]}<\/script>","yoast_head_json":{"title":"Paran\u00e1: Chocaron un auto y una moto en una esquina: una joven fue hospitalizada - Informe Litoral","robots":{"index":"index","follow":"follow","max-snippet":"max-snippet:-1","max-image-preview":"max-image-preview:large","max-video-preview":"max-video-preview:-1"},"canonical":"https:\/\/informelitoral.com.ar\/parana-chocaron-un-auto-y-una-moto-en-una-esquina-una-joven-fue-hospitalizada\/","og_locale":"es_ES","og_type":"article","og_title":"Paran\u00e1: Chocaron un auto y una moto en una esquina: una joven fue hospitalizada - Informe Litoral","og_description":"El casco y las zapatillas de la conductora del rodado de menor porte quedaron en el lugar del accidente. La mujer, de 23 a\u00f1os, fue hospitalizada dado que aduc\u00eda un fuerte dolor en sus piernas a ra\u00edz del impacto.","og_url":"https:\/\/informelitoral.com.ar\/parana-chocaron-un-auto-y-una-moto-en-una-esquina-una-joven-fue-hospitalizada\/","og_site_name":"Informe Litoral","article_publisher":"https:\/\/www.facebook.com\/informelitoral\/","article_published_time":"2022-08-11T12:56:03+00:00","og_image":[{"width":768,"height":506,"url":"https:\/\/informelitoral.com.ar\/%77%70%2d%63%6f%6e%74%65%6e%74\/uploads\/2018\/02\/policia-patrullero-768x506.jpg","type":"image\/jpeg"}],"author":"Sebastian","twitter_card":"summary_large_image","twitter_creator":"@InformeLitoral","twitter_site":"@InformeLitoral","twitter_misc":{"Escrito por":"Sebastian","Tiempo de lectura":"1 minuto"},"schema":{"@context":"https:\/\/schema.org","@graph":[{"@type":"Article","@id":"https:\/\/informelitoral.com.ar\/parana-chocaron-un-auto-y-una-moto-en-una-esquina-una-joven-fue-hospitalizada\/#article","isPartOf":{"@id":"https:\/\/informelitoral.com.ar\/parana-chocaron-un-auto-y-una-moto-en-una-esquina-una-joven-fue-hospitalizada\/"},"author":{"name":"Sebastian","@id":"https:\/\/informelitoral.com.ar\/#\/schema\/person\/f05f9f461677119578717524b127d6d5"},"headline":"Paran\u00e1: Chocaron un auto y una moto en una esquina: una joven fue hospitalizada","datePublished":"2022-08-11T12:56:03+00:00","mainEntityOfPage":{"@id":"https:\/\/informelitoral.com.ar\/parana-chocaron-un-auto-y-una-moto-en-una-esquina-una-joven-fue-hospitalizada\/"},"wordCount":126,"commentCount":0,"publisher":{"@id":"https:\/\/informelitoral.com.ar\/#organization"},"image":{"@id":"https:\/\/informelitoral.com.ar\/parana-chocaron-un-auto-y-una-moto-en-una-esquina-una-joven-fue-hospitalizada\/#primaryimage"},"thumbnailUrl":"https:\/\/informelitoral.com.ar\/%77%70%2d%63%6f%6e%74%65%6e%74\/uploads\/2018\/02\/policia-patrullero-768x506.jpg","keywords":["Accidente vial"],"articleSection":["Policiales"],"inLanguage":"es","potentialAction":[{"@type":"CommentAction","name":"Comment","target":["https:\/\/informelitoral.com.ar\/parana-chocaron-un-auto-y-una-moto-en-una-esquina-una-joven-fue-hospitalizada\/#respond"]}]},{"@type":"WebPage","@id":"https:\/\/informelitoral.com.ar\/parana-chocaron-un-auto-y-una-moto-en-una-esquina-una-joven-fue-hospitalizada\/","url":"https:\/\/informelitoral.com.ar\/parana-chocaron-un-auto-y-una-moto-en-una-esquina-una-joven-fue-hospitalizada\/","name":"Paran\u00e1: Chocaron un auto y una moto en una esquina: una joven fue hospitalizada - Informe Litoral","isPartOf":{"@id":"https:\/\/informelitoral.com.ar\/#website"},"primaryImageOfPage":{"@id":"https:\/\/informelitoral.com.ar\/parana-chocaron-un-auto-y-una-moto-en-una-esquina-una-joven-fue-hospitalizada\/#primaryimage"},"image":{"@id":"https:\/\/informelitoral.com.ar\/parana-chocaron-un-auto-y-una-moto-en-una-esquina-una-joven-fue-hospitalizada\/#primaryimage"},"thumbnailUrl":"https:\/\/informelitoral.com.ar\/%77%70%2d%63%6f%6e%74%65%6e%74\/uploads\/2018\/02\/policia-patrullero-768x506.jpg","datePublished":"2022-08-11T12:56:03+00:00","breadcrumb":{"@id":"https:\/\/informelitoral.com.ar\/parana-chocaron-un-auto-y-una-moto-en-una-esquina-una-joven-fue-hospitalizada\/#breadcrumb"},"inLanguage":"es","potentialAction":[{"@type":"ReadAction","target":["https:\/\/informelitoral.com.ar\/parana-chocaron-un-auto-y-una-moto-en-una-esquina-una-joven-fue-hospitalizada\/"]}]},{"@type":"ImageObject","inLanguage":"es","@id":"https:\/\/informelitoral.com.ar\/parana-chocaron-un-auto-y-una-moto-en-una-esquina-una-joven-fue-hospitalizada\/#primaryimage","url":"https:\/\/informelitoral.com.ar\/%77%70%2d%63%6f%6e%74%65%6e%74\/uploads\/2018\/02\/policia-patrullero-768x506.jpg","contentUrl":"https:\/\/informelitoral.com.ar\/%77%70%2d%63%6f%6e%74%65%6e%74\/uploads\/2018\/02\/policia-patrullero-768x506.jpg","width":768,"height":506},{"@type":"BreadcrumbList","@id":"https:\/\/informelitoral.com.ar\/parana-chocaron-un-auto-y-una-moto-en-una-esquina-una-joven-fue-hospitalizada\/#breadcrumb","itemListElement":[{"@type":"ListItem","position":1,"name":"Portada","item":"https:\/\/informelitoral.com.ar\/"},{"@type":"ListItem","position":2,"name":"Paran\u00e1: Chocaron un auto y una moto en una esquina: una joven fue hospitalizada"}]},{"@type":"WebSite","@id":"https:\/\/informelitoral.com.ar\/#website","url":"https:\/\/informelitoral.com.ar\/","name":"Informe Litoral","description":"&quot;Nos informamos&quot; ","publisher":{"@id":"https:\/\/informelitoral.com.ar\/#organization"},"potentialAction":[{"@type":"SearchAction","target":{"@type":"EntryPoint","urlTemplate":"https:\/\/informelitoral.com.ar\/?s={search_term_string}"},"query-input":{"@type":"PropertyValueSpecification","valueRequired":true,"valueName":"search_term_string"}}],"inLanguage":"es"},{"@type":"Organization","@id":"https:\/\/informelitoral.com.ar\/#organization","name":"Informe Litoral","url":"https:\/\/informelitoral.com.ar\/","logo":{"@type":"ImageObject","inLanguage":"es","@id":"https:\/\/informelitoral.com.ar\/#\/schema\/logo\/image\/","url":"https:\/\/informelitoral.com.ar\/%77%70%2d%63%6f%6e%74%65%6e%74\/uploads\/2021\/01\/circulo.png","contentUrl":"https:\/\/informelitoral.com.ar\/%77%70%2d%63%6f%6e%74%65%6e%74\/uploads\/2021\/01\/circulo.png","width":723,"height":731,"caption":"Informe Litoral"},"image":{"@id":"https:\/\/informelitoral.com.ar\/#\/schema\/logo\/image\/"},"sameAs":["https:\/\/www.facebook.com\/informelitoral\/","https:\/\/x.com\/InformeLitoral","https:\/\/www.instagram.com\/informelitoral\/","https:\/\/www.youtube.com\/channel\/UCua4Qvz8Icb6MYqhoq9xLXw"]},{"@type":"Person","@id":"https:\/\/informelitoral.com.ar\/#\/schema\/person\/f05f9f461677119578717524b127d6d5","name":"Sebastian","image":{"@type":"ImageObject","inLanguage":"es","@id":"https:\/\/secure.gravatar.com\/avatar\/b71bf7481d447dfb9583c7f2798e7cc64de6efb9067b74633ed8c31059a3bd82?s=96&d=mm&r=g","url":"https:\/\/secure.gravatar.com\/avatar\/b71bf7481d447dfb9583c7f2798e7cc64de6efb9067b74633ed8c31059a3bd82?s=96&d=mm&r=g","contentUrl":"https:\/\/secure.gravatar.com\/avatar\/b71bf7481d447dfb9583c7f2798e7cc64de6efb9067b74633ed8c31059a3bd82?s=96&d=mm&r=g","caption":"Sebastian"},"url":"https:\/\/informelitoral.com.ar\/author\/sebastian\/"}]}},"_links":{"self":[{"href":"https:\/\/informelitoral.com.ar\/%77%70%2d%6a%73%6f%6e\/wp\/v2\/posts\/83597","targetHints":{"allow":["GET"]}}],"collection":[{"href":"https:\/\/informelitoral.com.ar\/%77%70%2d%6a%73%6f%6e\/wp\/v2\/posts"}],"about":[{"href":"https:\/\/informelitoral.com.ar\/%77%70%2d%6a%73%6f%6e\/wp\/v2\/types\/post"}],"author":[{"embeddable":true,"href":"https:\/\/informelitoral.com.ar\/%77%70%2d%6a%73%6f%6e\/wp\/v2\/users\/8"}],"replies":[{"embeddable":true,"href":"https:\/\/informelitoral.com.ar\/%77%70%2d%6a%73%6f%6e\/wp\/v2\/comments?post=83597"}],"version-history":[{"count":0,"href":"https:\/\/informelitoral.com.ar\/%77%70%2d%6a%73%6f%6e\/wp\/v2\/posts\/83597\/revisions"}],"wp:featuredmedia":[{"embeddable":true,"href":"https:\/\/informelitoral.com.ar\/%77%70%2d%6a%73%6f%6e\/wp\/v2\/media\/24888"}],"wp:attachment":[{"href":"https:\/\/informelitoral.com.ar\/%77%70%2d%6a%73%6f%6e\/wp\/v2\/media?parent=83597"}],"wp:term":[{"taxonomy":"category","embeddable":true,"href":"https:\/\/informelitoral.com.ar\/%77%70%2d%6a%73%6f%6e\/wp\/v2\/categories?post=83597"},{"taxonomy":"post_tag","embeddable":true,"href":"https:\/\/informelitoral.com.ar\/%77%70%2d%6a%73%6f%6e\/wp\/v2\/tags?post=83597"}],"curies":[{"name":"wp","href":"https:\/\/api.w.org\/{rel}","templated":true}]}}