{"id":83590,"date":"2022-08-11T09:26:03","date_gmt":"2022-08-11T12:26:03","guid":{"rendered":"https:\/\/www.informelitoral.com.ar\/?p=83590"},"modified":"2022-08-11T09:26:03","modified_gmt":"2022-08-11T12:26:03","slug":"parana-se-produjo-choque-en-cadena-en-avenida-ramirez-tres-autos-involucrados","status":"publish","type":"post","link":"https:\/\/informelitoral.com.ar\/parana-se-produjo-choque-en-cadena-en-avenida-ramirez-tres-autos-involucrados\/","title":{"rendered":"Paran\u00e1: Se produjo choque en cadena en Avenida Ram\u00edrez: tres autos involucrados"},"content":{"rendered":"<p>El triple choque ocurri\u00f3 en la noche de este mi\u00e9rcoles en la intersecci\u00f3n de Avenida Ram\u00edrez y Almirante Brown de Paran\u00e1.<\/p>\n<p>En di\u00e1logo\u00a0cont\u00f3 que el hecho sucedi\u00f3 mientras estaba en el sem\u00e1foro, en su veh\u00edculo, al igual que lo hac\u00eda una camioneta Volkswagen. \u201cEstaba ya por dar verde, cuando de atr\u00e1s me choca una camioneta Chevrolet S10 me empuja contra la camioneta de adelante. Fue fuerte fue el impacto\u201d.<\/p>\n<p>\u201cLe tom\u00e9 los datos del seguro, del carnet del muchacho y de la chica de adelante. Est\u00e1 todo en regla; reclamar\u00e9 al seguro\u201d, indic\u00f3.<\/p>\n<p>Cont\u00f3 que cuando hab\u00eda mirado para atr\u00e1s \u201cno hab\u00eda ning\u00fan auto, vi el sem\u00e1foro y cuando voy a salir sent\u00ed el impacto\u201d.<\/p>\n<p>Respecto de los da\u00f1os en su veh\u00edculo, expres\u00f3: \u201cMe explot\u00f3 el vidrio de atr\u00e1s, no abre la puerta del acompa\u00f1ante y adelante tuve el golpe contra la otra camioneta, que tambi\u00e9n estaba frenada porque todav\u00eda no hab\u00eda dado verde\u201d.<\/p>\n<p>El hombre detall\u00f3 que \u201ccomo ten\u00eda el cintur\u00f3n, no sufr\u00ed mayormente, aunque s\u00ed fue fuerte el sacud\u00f3n\u201d. La conductora de la camioneta de adelante, \u201cse baj\u00f3 toc\u00e1ndose el cuello, porque le dol\u00eda\u201d.<\/p>\n<p>Ya realiz\u00f3 la denuncia al 911 \u201cpara pedir las im\u00e1genes de las c\u00e1maras de seguridad de la zona\u201d, detall\u00f3.<\/p>\n<p>El conductor del veh\u00edculo que sufri\u00f3 el impacto de atr\u00e1s, de parte del conductor de la Chevrolet S 10, asever\u00f3 que el hombre que lo colision\u00f3 \u201cme dijo que se le cortaron los frenos, que no le reaccion\u00f3 la camioneta\u201d.(<em>Elonce<\/em>)<\/p>\n","protected":false},"excerpt":{"rendered":"<p>Ocurri\u00f3 en Ram\u00edrez y Almirante Brown en la noche de este mi\u00e9rcoles, mientras esperaban dos veh\u00edculos en el sem\u00e1foro que estaba en rojo. El conductor del auto que los colision\u00f3 dijo que \u201cse le cortaron los frenos\u201d<\/p>\n","protected":false},"author":8,"featured_media":24888,"comment_status":"open","ping_status":"open","sticky":false,"template":"","format":"standard","meta":{"fifu_image_url":"","fifu_image_alt":"","footnotes":""},"categories":[14],"tags":[304],"class_list":{"0":"post-83590","1":"post","2":"type-post","3":"status-publish","4":"format-standard","5":"has-post-thumbnail","7":"category-policiales","8":"tag-accidente-vial"},"yoast_head":"<title>Paran\u00e1: Se produjo choque en cadena en Avenida Ram\u00edrez: tres autos involucrados - Informe Litoral<\/title>\n<meta name=\"robots\" content=\"index, follow, max-snippet:-1, max-image-preview:large, max-video-preview:-1\" \/>\n<link rel=\"canonical\" href=\"https:\/\/informelitoral.com.ar\/parana-se-produjo-choque-en-cadena-en-avenida-ramirez-tres-autos-involucrados\/\" \/>\n<meta property=\"og:locale\" content=\"es_ES\" \/>\n<meta property=\"og:type\" content=\"article\" \/>\n<meta property=\"og:title\" content=\"Paran\u00e1: Se produjo choque en cadena en Avenida Ram\u00edrez: tres autos involucrados - Informe Litoral\" \/>\n<meta property=\"og:description\" content=\"Ocurri\u00f3 en Ram\u00edrez y Almirante Brown en la noche de este mi\u00e9rcoles, mientras esperaban dos veh\u00edculos en el sem\u00e1foro que estaba en rojo. El conductor del auto que los colision\u00f3 dijo que \u201cse le cortaron los frenos\u201d\" \/>\n<meta property=\"og:url\" content=\"https:\/\/informelitoral.com.ar\/parana-se-produjo-choque-en-cadena-en-avenida-ramirez-tres-autos-involucrados\/\" \/>\n<meta property=\"og:site_name\" content=\"Informe Litoral\" \/>\n<meta property=\"article:publisher\" content=\"https:\/\/www.facebook.com\/informelitoral\/\" \/>\n<meta property=\"article:published_time\" content=\"2022-08-11T12:26:03+00:00\" \/>\n<meta property=\"og:image\" content=\"https:\/\/informelitoral.com.ar\/%77%70%2d%63%6f%6e%74%65%6e%74\/uploads\/2018\/02\/policia-patrullero-768x506.jpg\" \/>\n\t<meta property=\"og:image:width\" content=\"768\" \/>\n\t<meta property=\"og:image:height\" content=\"506\" \/>\n\t<meta property=\"og:image:type\" content=\"image\/jpeg\" \/>\n<meta name=\"author\" content=\"Sebastian\" \/>\n<meta name=\"twitter:card\" content=\"summary_large_image\" \/>\n<meta name=\"twitter:creator\" content=\"@InformeLitoral\" \/>\n<meta name=\"twitter:site\" content=\"@InformeLitoral\" \/>\n<meta name=\"twitter:label1\" content=\"Escrito por\" \/>\n\t<meta name=\"twitter:data1\" content=\"Sebastian\" \/>\n\t<meta name=\"twitter:label2\" content=\"Tiempo de lectura\" \/>\n\t<meta name=\"twitter:data2\" content=\"1 minuto\" \/>\n<script type=\"application\/ld+json\" class=\"yoast-schema-graph\">{\"@context\":\"https:\\\/\\\/schema.org\",\"@graph\":[{\"@type\":\"Article\",\"@id\":\"https:\\\/\\\/informelitoral.com.ar\\\/parana-se-produjo-choque-en-cadena-en-avenida-ramirez-tres-autos-involucrados\\\/#article\",\"isPartOf\":{\"@id\":\"https:\\\/\\\/informelitoral.com.ar\\\/parana-se-produjo-choque-en-cadena-en-avenida-ramirez-tres-autos-involucrados\\\/\"},\"author\":{\"name\":\"Sebastian\",\"@id\":\"https:\\\/\\\/informelitoral.com.ar\\\/#\\\/schema\\\/person\\\/f05f9f461677119578717524b127d6d5\"},\"headline\":\"Paran\u00e1: Se produjo choque en cadena en Avenida Ram\u00edrez: tres autos involucrados\",\"datePublished\":\"2022-08-11T12:26:03+00:00\",\"mainEntityOfPage\":{\"@id\":\"https:\\\/\\\/informelitoral.com.ar\\\/parana-se-produjo-choque-en-cadena-en-avenida-ramirez-tres-autos-involucrados\\\/\"},\"wordCount\":287,\"commentCount\":0,\"publisher\":{\"@id\":\"https:\\\/\\\/informelitoral.com.ar\\\/#organization\"},\"image\":{\"@id\":\"https:\\\/\\\/informelitoral.com.ar\\\/parana-se-produjo-choque-en-cadena-en-avenida-ramirez-tres-autos-involucrados\\\/#primaryimage\"},\"thumbnailUrl\":\"https:\\\/\\\/informelitoral.com.ar\\\/%77%70%2d%63%6f%6e%74%65%6e%74\\\/uploads\\\/2018\\\/02\\\/policia-patrullero-768x506.jpg\",\"keywords\":[\"Accidente vial\"],\"articleSection\":[\"Policiales\"],\"inLanguage\":\"es\",\"potentialAction\":[{\"@type\":\"CommentAction\",\"name\":\"Comment\",\"target\":[\"https:\\\/\\\/informelitoral.com.ar\\\/parana-se-produjo-choque-en-cadena-en-avenida-ramirez-tres-autos-involucrados\\\/#respond\"]}]},{\"@type\":\"WebPage\",\"@id\":\"https:\\\/\\\/informelitoral.com.ar\\\/parana-se-produjo-choque-en-cadena-en-avenida-ramirez-tres-autos-involucrados\\\/\",\"url\":\"https:\\\/\\\/informelitoral.com.ar\\\/parana-se-produjo-choque-en-cadena-en-avenida-ramirez-tres-autos-involucrados\\\/\",\"name\":\"Paran\u00e1: Se produjo choque en cadena en Avenida Ram\u00edrez: tres autos involucrados - Informe Litoral\",\"isPartOf\":{\"@id\":\"https:\\\/\\\/informelitoral.com.ar\\\/#website\"},\"primaryImageOfPage\":{\"@id\":\"https:\\\/\\\/informelitoral.com.ar\\\/parana-se-produjo-choque-en-cadena-en-avenida-ramirez-tres-autos-involucrados\\\/#primaryimage\"},\"image\":{\"@id\":\"https:\\\/\\\/informelitoral.com.ar\\\/parana-se-produjo-choque-en-cadena-en-avenida-ramirez-tres-autos-involucrados\\\/#primaryimage\"},\"thumbnailUrl\":\"https:\\\/\\\/informelitoral.com.ar\\\/%77%70%2d%63%6f%6e%74%65%6e%74\\\/uploads\\\/2018\\\/02\\\/policia-patrullero-768x506.jpg\",\"datePublished\":\"2022-08-11T12:26:03+00:00\",\"breadcrumb\":{\"@id\":\"https:\\\/\\\/informelitoral.com.ar\\\/parana-se-produjo-choque-en-cadena-en-avenida-ramirez-tres-autos-involucrados\\\/#breadcrumb\"},\"inLanguage\":\"es\",\"potentialAction\":[{\"@type\":\"ReadAction\",\"target\":[\"https:\\\/\\\/informelitoral.com.ar\\\/parana-se-produjo-choque-en-cadena-en-avenida-ramirez-tres-autos-involucrados\\\/\"]}]},{\"@type\":\"ImageObject\",\"inLanguage\":\"es\",\"@id\":\"https:\\\/\\\/informelitoral.com.ar\\\/parana-se-produjo-choque-en-cadena-en-avenida-ramirez-tres-autos-involucrados\\\/#primaryimage\",\"url\":\"https:\\\/\\\/informelitoral.com.ar\\\/%77%70%2d%63%6f%6e%74%65%6e%74\\\/uploads\\\/2018\\\/02\\\/policia-patrullero-768x506.jpg\",\"contentUrl\":\"https:\\\/\\\/informelitoral.com.ar\\\/%77%70%2d%63%6f%6e%74%65%6e%74\\\/uploads\\\/2018\\\/02\\\/policia-patrullero-768x506.jpg\",\"width\":768,\"height\":506},{\"@type\":\"BreadcrumbList\",\"@id\":\"https:\\\/\\\/informelitoral.com.ar\\\/parana-se-produjo-choque-en-cadena-en-avenida-ramirez-tres-autos-involucrados\\\/#breadcrumb\",\"itemListElement\":[{\"@type\":\"ListItem\",\"position\":1,\"name\":\"Portada\",\"item\":\"https:\\\/\\\/informelitoral.com.ar\\\/\"},{\"@type\":\"ListItem\",\"position\":2,\"name\":\"Paran\u00e1: Se produjo choque en cadena en Avenida Ram\u00edrez: tres autos involucrados\"}]},{\"@type\":\"WebSite\",\"@id\":\"https:\\\/\\\/informelitoral.com.ar\\\/#website\",\"url\":\"https:\\\/\\\/informelitoral.com.ar\\\/\",\"name\":\"Informe Litoral\",\"description\":\"&quot;Nos informamos&quot; \",\"publisher\":{\"@id\":\"https:\\\/\\\/informelitoral.com.ar\\\/#organization\"},\"potentialAction\":[{\"@type\":\"SearchAction\",\"target\":{\"@type\":\"EntryPoint\",\"urlTemplate\":\"https:\\\/\\\/informelitoral.com.ar\\\/?s={search_term_string}\"},\"query-input\":{\"@type\":\"PropertyValueSpecification\",\"valueRequired\":true,\"valueName\":\"search_term_string\"}}],\"inLanguage\":\"es\"},{\"@type\":\"Organization\",\"@id\":\"https:\\\/\\\/informelitoral.com.ar\\\/#organization\",\"name\":\"Informe Litoral\",\"url\":\"https:\\\/\\\/informelitoral.com.ar\\\/\",\"logo\":{\"@type\":\"ImageObject\",\"inLanguage\":\"es\",\"@id\":\"https:\\\/\\\/informelitoral.com.ar\\\/#\\\/schema\\\/logo\\\/image\\\/\",\"url\":\"https:\\\/\\\/informelitoral.com.ar\\\/%77%70%2d%63%6f%6e%74%65%6e%74\\\/uploads\\\/2021\\\/01\\\/circulo.png\",\"contentUrl\":\"https:\\\/\\\/informelitoral.com.ar\\\/%77%70%2d%63%6f%6e%74%65%6e%74\\\/uploads\\\/2021\\\/01\\\/circulo.png\",\"width\":723,\"height\":731,\"caption\":\"Informe Litoral\"},\"image\":{\"@id\":\"https:\\\/\\\/informelitoral.com.ar\\\/#\\\/schema\\\/logo\\\/image\\\/\"},\"sameAs\":[\"https:\\\/\\\/www.facebook.com\\\/informelitoral\\\/\",\"https:\\\/\\\/x.com\\\/InformeLitoral\",\"https:\\\/\\\/www.instagram.com\\\/informelitoral\\\/\",\"https:\\\/\\\/www.youtube.com\\\/channel\\\/UCua4Qvz8Icb6MYqhoq9xLXw\"]},{\"@type\":\"Person\",\"@id\":\"https:\\\/\\\/informelitoral.com.ar\\\/#\\\/schema\\\/person\\\/f05f9f461677119578717524b127d6d5\",\"name\":\"Sebastian\",\"image\":{\"@type\":\"ImageObject\",\"inLanguage\":\"es\",\"@id\":\"https:\\\/\\\/secure.gravatar.com\\\/avatar\\\/b71bf7481d447dfb9583c7f2798e7cc64de6efb9067b74633ed8c31059a3bd82?s=96&d=mm&r=g\",\"url\":\"https:\\\/\\\/secure.gravatar.com\\\/avatar\\\/b71bf7481d447dfb9583c7f2798e7cc64de6efb9067b74633ed8c31059a3bd82?s=96&d=mm&r=g\",\"contentUrl\":\"https:\\\/\\\/secure.gravatar.com\\\/avatar\\\/b71bf7481d447dfb9583c7f2798e7cc64de6efb9067b74633ed8c31059a3bd82?s=96&d=mm&r=g\",\"caption\":\"Sebastian\"},\"url\":\"https:\\\/\\\/informelitoral.com.ar\\\/author\\\/sebastian\\\/\"}]}<\/script>","yoast_head_json":{"title":"Paran\u00e1: Se produjo choque en cadena en Avenida Ram\u00edrez: tres autos involucrados - Informe Litoral","robots":{"index":"index","follow":"follow","max-snippet":"max-snippet:-1","max-image-preview":"max-image-preview:large","max-video-preview":"max-video-preview:-1"},"canonical":"https:\/\/informelitoral.com.ar\/parana-se-produjo-choque-en-cadena-en-avenida-ramirez-tres-autos-involucrados\/","og_locale":"es_ES","og_type":"article","og_title":"Paran\u00e1: Se produjo choque en cadena en Avenida Ram\u00edrez: tres autos involucrados - Informe Litoral","og_description":"Ocurri\u00f3 en Ram\u00edrez y Almirante Brown en la noche de este mi\u00e9rcoles, mientras esperaban dos veh\u00edculos en el sem\u00e1foro que estaba en rojo. El conductor del auto que los colision\u00f3 dijo que \u201cse le cortaron los frenos\u201d","og_url":"https:\/\/informelitoral.com.ar\/parana-se-produjo-choque-en-cadena-en-avenida-ramirez-tres-autos-involucrados\/","og_site_name":"Informe Litoral","article_publisher":"https:\/\/www.facebook.com\/informelitoral\/","article_published_time":"2022-08-11T12:26:03+00:00","og_image":[{"width":768,"height":506,"url":"https:\/\/informelitoral.com.ar\/%77%70%2d%63%6f%6e%74%65%6e%74\/uploads\/2018\/02\/policia-patrullero-768x506.jpg","type":"image\/jpeg"}],"author":"Sebastian","twitter_card":"summary_large_image","twitter_creator":"@InformeLitoral","twitter_site":"@InformeLitoral","twitter_misc":{"Escrito por":"Sebastian","Tiempo de lectura":"1 minuto"},"schema":{"@context":"https:\/\/schema.org","@graph":[{"@type":"Article","@id":"https:\/\/informelitoral.com.ar\/parana-se-produjo-choque-en-cadena-en-avenida-ramirez-tres-autos-involucrados\/#article","isPartOf":{"@id":"https:\/\/informelitoral.com.ar\/parana-se-produjo-choque-en-cadena-en-avenida-ramirez-tres-autos-involucrados\/"},"author":{"name":"Sebastian","@id":"https:\/\/informelitoral.com.ar\/#\/schema\/person\/f05f9f461677119578717524b127d6d5"},"headline":"Paran\u00e1: Se produjo choque en cadena en Avenida Ram\u00edrez: tres autos involucrados","datePublished":"2022-08-11T12:26:03+00:00","mainEntityOfPage":{"@id":"https:\/\/informelitoral.com.ar\/parana-se-produjo-choque-en-cadena-en-avenida-ramirez-tres-autos-involucrados\/"},"wordCount":287,"commentCount":0,"publisher":{"@id":"https:\/\/informelitoral.com.ar\/#organization"},"image":{"@id":"https:\/\/informelitoral.com.ar\/parana-se-produjo-choque-en-cadena-en-avenida-ramirez-tres-autos-involucrados\/#primaryimage"},"thumbnailUrl":"https:\/\/informelitoral.com.ar\/%77%70%2d%63%6f%6e%74%65%6e%74\/uploads\/2018\/02\/policia-patrullero-768x506.jpg","keywords":["Accidente vial"],"articleSection":["Policiales"],"inLanguage":"es","potentialAction":[{"@type":"CommentAction","name":"Comment","target":["https:\/\/informelitoral.com.ar\/parana-se-produjo-choque-en-cadena-en-avenida-ramirez-tres-autos-involucrados\/#respond"]}]},{"@type":"WebPage","@id":"https:\/\/informelitoral.com.ar\/parana-se-produjo-choque-en-cadena-en-avenida-ramirez-tres-autos-involucrados\/","url":"https:\/\/informelitoral.com.ar\/parana-se-produjo-choque-en-cadena-en-avenida-ramirez-tres-autos-involucrados\/","name":"Paran\u00e1: Se produjo choque en cadena en Avenida Ram\u00edrez: tres autos involucrados - Informe Litoral","isPartOf":{"@id":"https:\/\/informelitoral.com.ar\/#website"},"primaryImageOfPage":{"@id":"https:\/\/informelitoral.com.ar\/parana-se-produjo-choque-en-cadena-en-avenida-ramirez-tres-autos-involucrados\/#primaryimage"},"image":{"@id":"https:\/\/informelitoral.com.ar\/parana-se-produjo-choque-en-cadena-en-avenida-ramirez-tres-autos-involucrados\/#primaryimage"},"thumbnailUrl":"https:\/\/informelitoral.com.ar\/%77%70%2d%63%6f%6e%74%65%6e%74\/uploads\/2018\/02\/policia-patrullero-768x506.jpg","datePublished":"2022-08-11T12:26:03+00:00","breadcrumb":{"@id":"https:\/\/informelitoral.com.ar\/parana-se-produjo-choque-en-cadena-en-avenida-ramirez-tres-autos-involucrados\/#breadcrumb"},"inLanguage":"es","potentialAction":[{"@type":"ReadAction","target":["https:\/\/informelitoral.com.ar\/parana-se-produjo-choque-en-cadena-en-avenida-ramirez-tres-autos-involucrados\/"]}]},{"@type":"ImageObject","inLanguage":"es","@id":"https:\/\/informelitoral.com.ar\/parana-se-produjo-choque-en-cadena-en-avenida-ramirez-tres-autos-involucrados\/#primaryimage","url":"https:\/\/informelitoral.com.ar\/%77%70%2d%63%6f%6e%74%65%6e%74\/uploads\/2018\/02\/policia-patrullero-768x506.jpg","contentUrl":"https:\/\/informelitoral.com.ar\/%77%70%2d%63%6f%6e%74%65%6e%74\/uploads\/2018\/02\/policia-patrullero-768x506.jpg","width":768,"height":506},{"@type":"BreadcrumbList","@id":"https:\/\/informelitoral.com.ar\/parana-se-produjo-choque-en-cadena-en-avenida-ramirez-tres-autos-involucrados\/#breadcrumb","itemListElement":[{"@type":"ListItem","position":1,"name":"Portada","item":"https:\/\/informelitoral.com.ar\/"},{"@type":"ListItem","position":2,"name":"Paran\u00e1: Se produjo choque en cadena en Avenida Ram\u00edrez: tres autos involucrados"}]},{"@type":"WebSite","@id":"https:\/\/informelitoral.com.ar\/#website","url":"https:\/\/informelitoral.com.ar\/","name":"Informe Litoral","description":"&quot;Nos informamos&quot; ","publisher":{"@id":"https:\/\/informelitoral.com.ar\/#organization"},"potentialAction":[{"@type":"SearchAction","target":{"@type":"EntryPoint","urlTemplate":"https:\/\/informelitoral.com.ar\/?s={search_term_string}"},"query-input":{"@type":"PropertyValueSpecification","valueRequired":true,"valueName":"search_term_string"}}],"inLanguage":"es"},{"@type":"Organization","@id":"https:\/\/informelitoral.com.ar\/#organization","name":"Informe Litoral","url":"https:\/\/informelitoral.com.ar\/","logo":{"@type":"ImageObject","inLanguage":"es","@id":"https:\/\/informelitoral.com.ar\/#\/schema\/logo\/image\/","url":"https:\/\/informelitoral.com.ar\/%77%70%2d%63%6f%6e%74%65%6e%74\/uploads\/2021\/01\/circulo.png","contentUrl":"https:\/\/informelitoral.com.ar\/%77%70%2d%63%6f%6e%74%65%6e%74\/uploads\/2021\/01\/circulo.png","width":723,"height":731,"caption":"Informe Litoral"},"image":{"@id":"https:\/\/informelitoral.com.ar\/#\/schema\/logo\/image\/"},"sameAs":["https:\/\/www.facebook.com\/informelitoral\/","https:\/\/x.com\/InformeLitoral","https:\/\/www.instagram.com\/informelitoral\/","https:\/\/www.youtube.com\/channel\/UCua4Qvz8Icb6MYqhoq9xLXw"]},{"@type":"Person","@id":"https:\/\/informelitoral.com.ar\/#\/schema\/person\/f05f9f461677119578717524b127d6d5","name":"Sebastian","image":{"@type":"ImageObject","inLanguage":"es","@id":"https:\/\/secure.gravatar.com\/avatar\/b71bf7481d447dfb9583c7f2798e7cc64de6efb9067b74633ed8c31059a3bd82?s=96&d=mm&r=g","url":"https:\/\/secure.gravatar.com\/avatar\/b71bf7481d447dfb9583c7f2798e7cc64de6efb9067b74633ed8c31059a3bd82?s=96&d=mm&r=g","contentUrl":"https:\/\/secure.gravatar.com\/avatar\/b71bf7481d447dfb9583c7f2798e7cc64de6efb9067b74633ed8c31059a3bd82?s=96&d=mm&r=g","caption":"Sebastian"},"url":"https:\/\/informelitoral.com.ar\/author\/sebastian\/"}]}},"_links":{"self":[{"href":"https:\/\/informelitoral.com.ar\/%77%70%2d%6a%73%6f%6e\/wp\/v2\/posts\/83590","targetHints":{"allow":["GET"]}}],"collection":[{"href":"https:\/\/informelitoral.com.ar\/%77%70%2d%6a%73%6f%6e\/wp\/v2\/posts"}],"about":[{"href":"https:\/\/informelitoral.com.ar\/%77%70%2d%6a%73%6f%6e\/wp\/v2\/types\/post"}],"author":[{"embeddable":true,"href":"https:\/\/informelitoral.com.ar\/%77%70%2d%6a%73%6f%6e\/wp\/v2\/users\/8"}],"replies":[{"embeddable":true,"href":"https:\/\/informelitoral.com.ar\/%77%70%2d%6a%73%6f%6e\/wp\/v2\/comments?post=83590"}],"version-history":[{"count":0,"href":"https:\/\/informelitoral.com.ar\/%77%70%2d%6a%73%6f%6e\/wp\/v2\/posts\/83590\/revisions"}],"wp:featuredmedia":[{"embeddable":true,"href":"https:\/\/informelitoral.com.ar\/%77%70%2d%6a%73%6f%6e\/wp\/v2\/media\/24888"}],"wp:attachment":[{"href":"https:\/\/informelitoral.com.ar\/%77%70%2d%6a%73%6f%6e\/wp\/v2\/media?parent=83590"}],"wp:term":[{"taxonomy":"category","embeddable":true,"href":"https:\/\/informelitoral.com.ar\/%77%70%2d%6a%73%6f%6e\/wp\/v2\/categories?post=83590"},{"taxonomy":"post_tag","embeddable":true,"href":"https:\/\/informelitoral.com.ar\/%77%70%2d%6a%73%6f%6e\/wp\/v2\/tags?post=83590"}],"curies":[{"name":"wp","href":"https:\/\/api.w.org\/{rel}","templated":true}]}}