{"id":83582,"date":"2022-08-11T08:57:56","date_gmt":"2022-08-11T11:57:56","guid":{"rendered":"https:\/\/www.informelitoral.com.ar\/?p=83582"},"modified":"2022-08-11T08:58:13","modified_gmt":"2022-08-11T11:58:13","slug":"aumento-de-jubilaciones-pensiones-y-auh-los-nuevos-montos-desde-septiembre","status":"publish","type":"post","link":"https:\/\/informelitoral.com.ar\/aumento-de-jubilaciones-pensiones-y-auh-los-nuevos-montos-desde-septiembre\/","title":{"rendered":"Aumento de jubilaciones, pensiones y AUH: los nuevos montos desde septiembre"},"content":{"rendered":"<p>Las jubilaciones y pensiones del sistema previsional nacional, las prestaciones no contributivas a cargo de la Anses y las asignaciones por hijo (la AUH y los pagos que recibe un grupo de empleados y de monotributistas) tendr\u00e1n un\u00a0<b>reajuste de 15,53% en septiembre<\/b>, seg\u00fan comunicaron el ministro de Econom\u00eda, Sergio Massa y la directora ejecutiva del organismo de la seguridad social, Fernanda Raverta.<\/p>\n<p>A la par de esa suba que est\u00e1 determinada por la f\u00f3rmula de movilidad, se abonar\u00e1 un\u00a0<b>adicional, que ser\u00e1 de entre $4000 y $7000 mensuales<\/b>\u00a0y que se pagar\u00e1 en septiembre, octubre y noviembre, que alcanzar\u00e1 a quienes tienen un ingreso mensual equivalente a dos veces el haber m\u00ednimo. Seg\u00fan los datos oficiales,\u00a0<b>el refuerzo alcanzar\u00e1 al 85% de los beneficiarios<\/b>.<\/p>\n<p><b>El haber jubilatorio m\u00ednimo mensual pasar\u00e1 de $37.525 a $43.353. A esa cifra se le sumar\u00e1, en cada uno de los pr\u00f3ximos tres meses, $7000, con lo cual se percibir\u00e1 un monto de $50.353<\/b>. \u201cDe esta forma, la jubilaci\u00f3n m\u00ednima aumentar\u00e1 en lo que va del a\u00f1o un 73,3%, creciendo un 7,9% por arriba de la inflaci\u00f3n\u201d, resalt\u00f3 el Gobierno.<\/p>\n<p>Para quienes no perciban el nuevo bono, el aumento acumulado por movilidad al noveno mes del a\u00f1o ser\u00e1 de 49,17%.<\/p>\n<p>El haber m\u00e1ximo de la Anses, en tanto, pasar\u00e1 de $252.507,44 a $291.721. Esos valores son en bruto, antes de descuentos.<\/p>\n<p><b>La Asignaci\u00f3n Universal por Hijo, en tanto, subir\u00e1 de $7332 a $8471<\/b>\u00a0(se cobra cada mes el 80%, en tanto que el 20% queda sujeto a la acreditaci\u00f3n del cumplimiento de condiciones), y\u00a0<b>la Pensi\u00f3n Universal para el Adulto Mayor (PUAM) llegar\u00e1 a $34.682,4<\/b>.<\/p>\n<p>Los nuevos valores regir\u00e1n entre los meses de septiembre y noviembre, porque en el \u00faltimo mes del a\u00f1o deber\u00e1 haber otra actualizaci\u00f3n.<\/p>\n<p>El incremento alcanzar\u00e1 a casi 4,49 millones de jubilados y pensionados del sistema contributivo (que son perceptores de casi 6,66 millones de beneficios, porque hay personas que perciben dos prestaciones), 1,74 millones de beneficiarios de pensiones no contributivas (incluyendo la PUAM), 4,4 millones de chicos por los que se percibe la AUH, otros 745.000 hijos de quienes cobran prestaciones no contributivas, y 3,39 millones de menores por los que se cobra la asignaci\u00f3n por hijo del sistema formal. En total, son poco m\u00e1s de 17 millones de prestaciones, cobradas por alrededor de 15 millones de personas, seg\u00fan datos estad\u00edsticos de la Secretar\u00eda de Seguridad Social a marzo de este a\u00f1o.<\/p>\n<p>Adem\u00e1s de los pagos por hijo a cargo, en el sistema formal de la econom\u00eda tambi\u00e9n se actualiza, siempre en un 15,53%, los valores de las asignaciones por nacimiento, por adopci\u00f3n y por matrimonio.<\/p>\n","protected":false},"excerpt":{"rendered":"<p>Las jubilaciones de la Anses subir\u00e1n un 15,53% en septiembre y se pagar\u00e1 un bono durante tres meses. A qui\u00e9nes alcanzar\u00e1 la compensaci\u00f3n y a cu\u00e1nto subir\u00e1 la Asignaci\u00f3n Universal por Hijo.<\/p>\n","protected":false},"author":8,"featured_media":24481,"comment_status":"open","ping_status":"open","sticky":false,"template":"","format":"standard","meta":{"fifu_image_url":"","fifu_image_alt":"","footnotes":""},"categories":[1594],"tags":[269,155],"class_list":{"0":"post-83582","1":"post","2":"type-post","3":"status-publish","4":"format-standard","5":"has-post-thumbnail","7":"category-economia","8":"tag-anses","9":"tag-aumentos"},"yoast_head":"<title>Aumento de jubilaciones, pensiones y AUH: los nuevos montos desde septiembre - Informe Litoral<\/title>\n<meta name=\"robots\" content=\"index, follow, max-snippet:-1, max-image-preview:large, max-video-preview:-1\" \/>\n<link rel=\"canonical\" href=\"https:\/\/informelitoral.com.ar\/aumento-de-jubilaciones-pensiones-y-auh-los-nuevos-montos-desde-septiembre\/\" \/>\n<meta property=\"og:locale\" content=\"es_ES\" \/>\n<meta property=\"og:type\" content=\"article\" \/>\n<meta property=\"og:title\" content=\"Aumento de jubilaciones, pensiones y AUH: los nuevos montos desde septiembre - Informe Litoral\" \/>\n<meta property=\"og:description\" content=\"Las jubilaciones de la Anses subir\u00e1n un 15,53% en septiembre y se pagar\u00e1 un bono durante tres meses. A qui\u00e9nes alcanzar\u00e1 la compensaci\u00f3n y a cu\u00e1nto subir\u00e1 la Asignaci\u00f3n Universal por Hijo.\" \/>\n<meta property=\"og:url\" content=\"https:\/\/informelitoral.com.ar\/aumento-de-jubilaciones-pensiones-y-auh-los-nuevos-montos-desde-septiembre\/\" \/>\n<meta property=\"og:site_name\" content=\"Informe Litoral\" \/>\n<meta property=\"article:publisher\" content=\"https:\/\/www.facebook.com\/informelitoral\/\" \/>\n<meta property=\"article:published_time\" content=\"2022-08-11T11:57:56+00:00\" \/>\n<meta property=\"article:modified_time\" content=\"2022-08-11T11:58:13+00:00\" \/>\n<meta property=\"og:image\" content=\"https:\/\/informelitoral.com.ar\/%77%70%2d%63%6f%6e%74%65%6e%74\/uploads\/2018\/01\/anses_39_0_0.jpg\" \/>\n\t<meta property=\"og:image:width\" content=\"1020\" \/>\n\t<meta property=\"og:image:height\" content=\"560\" \/>\n\t<meta property=\"og:image:type\" content=\"image\/jpeg\" \/>\n<meta name=\"author\" content=\"Sebastian\" \/>\n<meta name=\"twitter:card\" content=\"summary_large_image\" \/>\n<meta name=\"twitter:creator\" content=\"@InformeLitoral\" \/>\n<meta name=\"twitter:site\" content=\"@InformeLitoral\" \/>\n<meta name=\"twitter:label1\" content=\"Escrito por\" \/>\n\t<meta name=\"twitter:data1\" content=\"Sebastian\" \/>\n\t<meta name=\"twitter:label2\" content=\"Tiempo de lectura\" \/>\n\t<meta name=\"twitter:data2\" content=\"2 minutos\" \/>\n<script type=\"application\/ld+json\" class=\"yoast-schema-graph\">{\"@context\":\"https:\\\/\\\/schema.org\",\"@graph\":[{\"@type\":\"Article\",\"@id\":\"https:\\\/\\\/informelitoral.com.ar\\\/aumento-de-jubilaciones-pensiones-y-auh-los-nuevos-montos-desde-septiembre\\\/#article\",\"isPartOf\":{\"@id\":\"https:\\\/\\\/informelitoral.com.ar\\\/aumento-de-jubilaciones-pensiones-y-auh-los-nuevos-montos-desde-septiembre\\\/\"},\"author\":{\"name\":\"Sebastian\",\"@id\":\"https:\\\/\\\/informelitoral.com.ar\\\/#\\\/schema\\\/person\\\/f05f9f461677119578717524b127d6d5\"},\"headline\":\"Aumento de jubilaciones, pensiones y AUH: los nuevos montos desde septiembre\",\"datePublished\":\"2022-08-11T11:57:56+00:00\",\"dateModified\":\"2022-08-11T11:58:13+00:00\",\"mainEntityOfPage\":{\"@id\":\"https:\\\/\\\/informelitoral.com.ar\\\/aumento-de-jubilaciones-pensiones-y-auh-los-nuevos-montos-desde-septiembre\\\/\"},\"wordCount\":450,\"commentCount\":0,\"publisher\":{\"@id\":\"https:\\\/\\\/informelitoral.com.ar\\\/#organization\"},\"image\":{\"@id\":\"https:\\\/\\\/informelitoral.com.ar\\\/aumento-de-jubilaciones-pensiones-y-auh-los-nuevos-montos-desde-septiembre\\\/#primaryimage\"},\"thumbnailUrl\":\"https:\\\/\\\/informelitoral.com.ar\\\/%77%70%2d%63%6f%6e%74%65%6e%74\\\/uploads\\\/2018\\\/01\\\/anses_39_0_0.jpg\",\"keywords\":[\"Anses\",\"Aumentos\"],\"articleSection\":[\"Econom\u00eda\"],\"inLanguage\":\"es\",\"potentialAction\":[{\"@type\":\"CommentAction\",\"name\":\"Comment\",\"target\":[\"https:\\\/\\\/informelitoral.com.ar\\\/aumento-de-jubilaciones-pensiones-y-auh-los-nuevos-montos-desde-septiembre\\\/#respond\"]}]},{\"@type\":\"WebPage\",\"@id\":\"https:\\\/\\\/informelitoral.com.ar\\\/aumento-de-jubilaciones-pensiones-y-auh-los-nuevos-montos-desde-septiembre\\\/\",\"url\":\"https:\\\/\\\/informelitoral.com.ar\\\/aumento-de-jubilaciones-pensiones-y-auh-los-nuevos-montos-desde-septiembre\\\/\",\"name\":\"Aumento de jubilaciones, pensiones y AUH: los nuevos montos desde septiembre - Informe Litoral\",\"isPartOf\":{\"@id\":\"https:\\\/\\\/informelitoral.com.ar\\\/#website\"},\"primaryImageOfPage\":{\"@id\":\"https:\\\/\\\/informelitoral.com.ar\\\/aumento-de-jubilaciones-pensiones-y-auh-los-nuevos-montos-desde-septiembre\\\/#primaryimage\"},\"image\":{\"@id\":\"https:\\\/\\\/informelitoral.com.ar\\\/aumento-de-jubilaciones-pensiones-y-auh-los-nuevos-montos-desde-septiembre\\\/#primaryimage\"},\"thumbnailUrl\":\"https:\\\/\\\/informelitoral.com.ar\\\/%77%70%2d%63%6f%6e%74%65%6e%74\\\/uploads\\\/2018\\\/01\\\/anses_39_0_0.jpg\",\"datePublished\":\"2022-08-11T11:57:56+00:00\",\"dateModified\":\"2022-08-11T11:58:13+00:00\",\"breadcrumb\":{\"@id\":\"https:\\\/\\\/informelitoral.com.ar\\\/aumento-de-jubilaciones-pensiones-y-auh-los-nuevos-montos-desde-septiembre\\\/#breadcrumb\"},\"inLanguage\":\"es\",\"potentialAction\":[{\"@type\":\"ReadAction\",\"target\":[\"https:\\\/\\\/informelitoral.com.ar\\\/aumento-de-jubilaciones-pensiones-y-auh-los-nuevos-montos-desde-septiembre\\\/\"]}]},{\"@type\":\"ImageObject\",\"inLanguage\":\"es\",\"@id\":\"https:\\\/\\\/informelitoral.com.ar\\\/aumento-de-jubilaciones-pensiones-y-auh-los-nuevos-montos-desde-septiembre\\\/#primaryimage\",\"url\":\"https:\\\/\\\/informelitoral.com.ar\\\/%77%70%2d%63%6f%6e%74%65%6e%74\\\/uploads\\\/2018\\\/01\\\/anses_39_0_0.jpg\",\"contentUrl\":\"https:\\\/\\\/informelitoral.com.ar\\\/%77%70%2d%63%6f%6e%74%65%6e%74\\\/uploads\\\/2018\\\/01\\\/anses_39_0_0.jpg\",\"width\":1020,\"height\":560},{\"@type\":\"BreadcrumbList\",\"@id\":\"https:\\\/\\\/informelitoral.com.ar\\\/aumento-de-jubilaciones-pensiones-y-auh-los-nuevos-montos-desde-septiembre\\\/#breadcrumb\",\"itemListElement\":[{\"@type\":\"ListItem\",\"position\":1,\"name\":\"Portada\",\"item\":\"https:\\\/\\\/informelitoral.com.ar\\\/\"},{\"@type\":\"ListItem\",\"position\":2,\"name\":\"Aumento de jubilaciones, pensiones y AUH: los nuevos montos desde septiembre\"}]},{\"@type\":\"WebSite\",\"@id\":\"https:\\\/\\\/informelitoral.com.ar\\\/#website\",\"url\":\"https:\\\/\\\/informelitoral.com.ar\\\/\",\"name\":\"Informe Litoral\",\"description\":\"&quot;Nos informamos&quot; \",\"publisher\":{\"@id\":\"https:\\\/\\\/informelitoral.com.ar\\\/#organization\"},\"potentialAction\":[{\"@type\":\"SearchAction\",\"target\":{\"@type\":\"EntryPoint\",\"urlTemplate\":\"https:\\\/\\\/informelitoral.com.ar\\\/?s={search_term_string}\"},\"query-input\":{\"@type\":\"PropertyValueSpecification\",\"valueRequired\":true,\"valueName\":\"search_term_string\"}}],\"inLanguage\":\"es\"},{\"@type\":\"Organization\",\"@id\":\"https:\\\/\\\/informelitoral.com.ar\\\/#organization\",\"name\":\"Informe Litoral\",\"url\":\"https:\\\/\\\/informelitoral.com.ar\\\/\",\"logo\":{\"@type\":\"ImageObject\",\"inLanguage\":\"es\",\"@id\":\"https:\\\/\\\/informelitoral.com.ar\\\/#\\\/schema\\\/logo\\\/image\\\/\",\"url\":\"https:\\\/\\\/informelitoral.com.ar\\\/%77%70%2d%63%6f%6e%74%65%6e%74\\\/uploads\\\/2021\\\/01\\\/circulo.png\",\"contentUrl\":\"https:\\\/\\\/informelitoral.com.ar\\\/%77%70%2d%63%6f%6e%74%65%6e%74\\\/uploads\\\/2021\\\/01\\\/circulo.png\",\"width\":723,\"height\":731,\"caption\":\"Informe Litoral\"},\"image\":{\"@id\":\"https:\\\/\\\/informelitoral.com.ar\\\/#\\\/schema\\\/logo\\\/image\\\/\"},\"sameAs\":[\"https:\\\/\\\/www.facebook.com\\\/informelitoral\\\/\",\"https:\\\/\\\/x.com\\\/InformeLitoral\",\"https:\\\/\\\/www.instagram.com\\\/informelitoral\\\/\",\"https:\\\/\\\/www.youtube.com\\\/channel\\\/UCua4Qvz8Icb6MYqhoq9xLXw\"]},{\"@type\":\"Person\",\"@id\":\"https:\\\/\\\/informelitoral.com.ar\\\/#\\\/schema\\\/person\\\/f05f9f461677119578717524b127d6d5\",\"name\":\"Sebastian\",\"image\":{\"@type\":\"ImageObject\",\"inLanguage\":\"es\",\"@id\":\"https:\\\/\\\/secure.gravatar.com\\\/avatar\\\/b71bf7481d447dfb9583c7f2798e7cc64de6efb9067b74633ed8c31059a3bd82?s=96&d=mm&r=g\",\"url\":\"https:\\\/\\\/secure.gravatar.com\\\/avatar\\\/b71bf7481d447dfb9583c7f2798e7cc64de6efb9067b74633ed8c31059a3bd82?s=96&d=mm&r=g\",\"contentUrl\":\"https:\\\/\\\/secure.gravatar.com\\\/avatar\\\/b71bf7481d447dfb9583c7f2798e7cc64de6efb9067b74633ed8c31059a3bd82?s=96&d=mm&r=g\",\"caption\":\"Sebastian\"},\"url\":\"https:\\\/\\\/informelitoral.com.ar\\\/author\\\/sebastian\\\/\"}]}<\/script>","yoast_head_json":{"title":"Aumento de jubilaciones, pensiones y AUH: los nuevos montos desde septiembre - Informe Litoral","robots":{"index":"index","follow":"follow","max-snippet":"max-snippet:-1","max-image-preview":"max-image-preview:large","max-video-preview":"max-video-preview:-1"},"canonical":"https:\/\/informelitoral.com.ar\/aumento-de-jubilaciones-pensiones-y-auh-los-nuevos-montos-desde-septiembre\/","og_locale":"es_ES","og_type":"article","og_title":"Aumento de jubilaciones, pensiones y AUH: los nuevos montos desde septiembre - Informe Litoral","og_description":"Las jubilaciones de la Anses subir\u00e1n un 15,53% en septiembre y se pagar\u00e1 un bono durante tres meses. A qui\u00e9nes alcanzar\u00e1 la compensaci\u00f3n y a cu\u00e1nto subir\u00e1 la Asignaci\u00f3n Universal por Hijo.","og_url":"https:\/\/informelitoral.com.ar\/aumento-de-jubilaciones-pensiones-y-auh-los-nuevos-montos-desde-septiembre\/","og_site_name":"Informe Litoral","article_publisher":"https:\/\/www.facebook.com\/informelitoral\/","article_published_time":"2022-08-11T11:57:56+00:00","article_modified_time":"2022-08-11T11:58:13+00:00","og_image":[{"width":1020,"height":560,"url":"https:\/\/informelitoral.com.ar\/%77%70%2d%63%6f%6e%74%65%6e%74\/uploads\/2018\/01\/anses_39_0_0.jpg","type":"image\/jpeg"}],"author":"Sebastian","twitter_card":"summary_large_image","twitter_creator":"@InformeLitoral","twitter_site":"@InformeLitoral","twitter_misc":{"Escrito por":"Sebastian","Tiempo de lectura":"2 minutos"},"schema":{"@context":"https:\/\/schema.org","@graph":[{"@type":"Article","@id":"https:\/\/informelitoral.com.ar\/aumento-de-jubilaciones-pensiones-y-auh-los-nuevos-montos-desde-septiembre\/#article","isPartOf":{"@id":"https:\/\/informelitoral.com.ar\/aumento-de-jubilaciones-pensiones-y-auh-los-nuevos-montos-desde-septiembre\/"},"author":{"name":"Sebastian","@id":"https:\/\/informelitoral.com.ar\/#\/schema\/person\/f05f9f461677119578717524b127d6d5"},"headline":"Aumento de jubilaciones, pensiones y AUH: los nuevos montos desde septiembre","datePublished":"2022-08-11T11:57:56+00:00","dateModified":"2022-08-11T11:58:13+00:00","mainEntityOfPage":{"@id":"https:\/\/informelitoral.com.ar\/aumento-de-jubilaciones-pensiones-y-auh-los-nuevos-montos-desde-septiembre\/"},"wordCount":450,"commentCount":0,"publisher":{"@id":"https:\/\/informelitoral.com.ar\/#organization"},"image":{"@id":"https:\/\/informelitoral.com.ar\/aumento-de-jubilaciones-pensiones-y-auh-los-nuevos-montos-desde-septiembre\/#primaryimage"},"thumbnailUrl":"https:\/\/informelitoral.com.ar\/%77%70%2d%63%6f%6e%74%65%6e%74\/uploads\/2018\/01\/anses_39_0_0.jpg","keywords":["Anses","Aumentos"],"articleSection":["Econom\u00eda"],"inLanguage":"es","potentialAction":[{"@type":"CommentAction","name":"Comment","target":["https:\/\/informelitoral.com.ar\/aumento-de-jubilaciones-pensiones-y-auh-los-nuevos-montos-desde-septiembre\/#respond"]}]},{"@type":"WebPage","@id":"https:\/\/informelitoral.com.ar\/aumento-de-jubilaciones-pensiones-y-auh-los-nuevos-montos-desde-septiembre\/","url":"https:\/\/informelitoral.com.ar\/aumento-de-jubilaciones-pensiones-y-auh-los-nuevos-montos-desde-septiembre\/","name":"Aumento de jubilaciones, pensiones y AUH: los nuevos montos desde septiembre - Informe Litoral","isPartOf":{"@id":"https:\/\/informelitoral.com.ar\/#website"},"primaryImageOfPage":{"@id":"https:\/\/informelitoral.com.ar\/aumento-de-jubilaciones-pensiones-y-auh-los-nuevos-montos-desde-septiembre\/#primaryimage"},"image":{"@id":"https:\/\/informelitoral.com.ar\/aumento-de-jubilaciones-pensiones-y-auh-los-nuevos-montos-desde-septiembre\/#primaryimage"},"thumbnailUrl":"https:\/\/informelitoral.com.ar\/%77%70%2d%63%6f%6e%74%65%6e%74\/uploads\/2018\/01\/anses_39_0_0.jpg","datePublished":"2022-08-11T11:57:56+00:00","dateModified":"2022-08-11T11:58:13+00:00","breadcrumb":{"@id":"https:\/\/informelitoral.com.ar\/aumento-de-jubilaciones-pensiones-y-auh-los-nuevos-montos-desde-septiembre\/#breadcrumb"},"inLanguage":"es","potentialAction":[{"@type":"ReadAction","target":["https:\/\/informelitoral.com.ar\/aumento-de-jubilaciones-pensiones-y-auh-los-nuevos-montos-desde-septiembre\/"]}]},{"@type":"ImageObject","inLanguage":"es","@id":"https:\/\/informelitoral.com.ar\/aumento-de-jubilaciones-pensiones-y-auh-los-nuevos-montos-desde-septiembre\/#primaryimage","url":"https:\/\/informelitoral.com.ar\/%77%70%2d%63%6f%6e%74%65%6e%74\/uploads\/2018\/01\/anses_39_0_0.jpg","contentUrl":"https:\/\/informelitoral.com.ar\/%77%70%2d%63%6f%6e%74%65%6e%74\/uploads\/2018\/01\/anses_39_0_0.jpg","width":1020,"height":560},{"@type":"BreadcrumbList","@id":"https:\/\/informelitoral.com.ar\/aumento-de-jubilaciones-pensiones-y-auh-los-nuevos-montos-desde-septiembre\/#breadcrumb","itemListElement":[{"@type":"ListItem","position":1,"name":"Portada","item":"https:\/\/informelitoral.com.ar\/"},{"@type":"ListItem","position":2,"name":"Aumento de jubilaciones, pensiones y AUH: los nuevos montos desde septiembre"}]},{"@type":"WebSite","@id":"https:\/\/informelitoral.com.ar\/#website","url":"https:\/\/informelitoral.com.ar\/","name":"Informe Litoral","description":"&quot;Nos informamos&quot; ","publisher":{"@id":"https:\/\/informelitoral.com.ar\/#organization"},"potentialAction":[{"@type":"SearchAction","target":{"@type":"EntryPoint","urlTemplate":"https:\/\/informelitoral.com.ar\/?s={search_term_string}"},"query-input":{"@type":"PropertyValueSpecification","valueRequired":true,"valueName":"search_term_string"}}],"inLanguage":"es"},{"@type":"Organization","@id":"https:\/\/informelitoral.com.ar\/#organization","name":"Informe Litoral","url":"https:\/\/informelitoral.com.ar\/","logo":{"@type":"ImageObject","inLanguage":"es","@id":"https:\/\/informelitoral.com.ar\/#\/schema\/logo\/image\/","url":"https:\/\/informelitoral.com.ar\/%77%70%2d%63%6f%6e%74%65%6e%74\/uploads\/2021\/01\/circulo.png","contentUrl":"https:\/\/informelitoral.com.ar\/%77%70%2d%63%6f%6e%74%65%6e%74\/uploads\/2021\/01\/circulo.png","width":723,"height":731,"caption":"Informe Litoral"},"image":{"@id":"https:\/\/informelitoral.com.ar\/#\/schema\/logo\/image\/"},"sameAs":["https:\/\/www.facebook.com\/informelitoral\/","https:\/\/x.com\/InformeLitoral","https:\/\/www.instagram.com\/informelitoral\/","https:\/\/www.youtube.com\/channel\/UCua4Qvz8Icb6MYqhoq9xLXw"]},{"@type":"Person","@id":"https:\/\/informelitoral.com.ar\/#\/schema\/person\/f05f9f461677119578717524b127d6d5","name":"Sebastian","image":{"@type":"ImageObject","inLanguage":"es","@id":"https:\/\/secure.gravatar.com\/avatar\/b71bf7481d447dfb9583c7f2798e7cc64de6efb9067b74633ed8c31059a3bd82?s=96&d=mm&r=g","url":"https:\/\/secure.gravatar.com\/avatar\/b71bf7481d447dfb9583c7f2798e7cc64de6efb9067b74633ed8c31059a3bd82?s=96&d=mm&r=g","contentUrl":"https:\/\/secure.gravatar.com\/avatar\/b71bf7481d447dfb9583c7f2798e7cc64de6efb9067b74633ed8c31059a3bd82?s=96&d=mm&r=g","caption":"Sebastian"},"url":"https:\/\/informelitoral.com.ar\/author\/sebastian\/"}]}},"_links":{"self":[{"href":"https:\/\/informelitoral.com.ar\/%77%70%2d%6a%73%6f%6e\/wp\/v2\/posts\/83582","targetHints":{"allow":["GET"]}}],"collection":[{"href":"https:\/\/informelitoral.com.ar\/%77%70%2d%6a%73%6f%6e\/wp\/v2\/posts"}],"about":[{"href":"https:\/\/informelitoral.com.ar\/%77%70%2d%6a%73%6f%6e\/wp\/v2\/types\/post"}],"author":[{"embeddable":true,"href":"https:\/\/informelitoral.com.ar\/%77%70%2d%6a%73%6f%6e\/wp\/v2\/users\/8"}],"replies":[{"embeddable":true,"href":"https:\/\/informelitoral.com.ar\/%77%70%2d%6a%73%6f%6e\/wp\/v2\/comments?post=83582"}],"version-history":[{"count":0,"href":"https:\/\/informelitoral.com.ar\/%77%70%2d%6a%73%6f%6e\/wp\/v2\/posts\/83582\/revisions"}],"wp:featuredmedia":[{"embeddable":true,"href":"https:\/\/informelitoral.com.ar\/%77%70%2d%6a%73%6f%6e\/wp\/v2\/media\/24481"}],"wp:attachment":[{"href":"https:\/\/informelitoral.com.ar\/%77%70%2d%6a%73%6f%6e\/wp\/v2\/media?parent=83582"}],"wp:term":[{"taxonomy":"category","embeddable":true,"href":"https:\/\/informelitoral.com.ar\/%77%70%2d%6a%73%6f%6e\/wp\/v2\/categories?post=83582"},{"taxonomy":"post_tag","embeddable":true,"href":"https:\/\/informelitoral.com.ar\/%77%70%2d%6a%73%6f%6e\/wp\/v2\/tags?post=83582"}],"curies":[{"name":"wp","href":"https:\/\/api.w.org\/{rel}","templated":true}]}}