{"id":83513,"date":"2022-08-10T08:59:14","date_gmt":"2022-08-10T11:59:14","guid":{"rendered":"https:\/\/www.informelitoral.com.ar\/?p=83513"},"modified":"2022-08-10T08:59:14","modified_gmt":"2022-08-10T11:59:14","slug":"bordet-sostuvo-que-no-deben-aumentar-las-retenciones-y-llamo-a-construir-consensos","status":"publish","type":"post","link":"https:\/\/informelitoral.com.ar\/bordet-sostuvo-que-no-deben-aumentar-las-retenciones-y-llamo-a-construir-consensos\/","title":{"rendered":"Bordet sostuvo que no deben aumentar las retenciones y llam\u00f3 a construir consensos"},"content":{"rendered":"<p>El mandatario entrerriano comparti\u00f3 el panel \u201cPol\u00edticas para el sector\u201d, junto con el secretario de Agricultura, Ganader\u00eda y Pesca de la Naci\u00f3n, Juan Jos\u00e9 Bahillo; el gobernador de Misiones, Oscar Herrera Ahuad; el director del Instituto Interamericano de Cooperaci\u00f3n para la Agricultura, Manuel Otero y el diputado nacional, Ricardo Buryaille.<\/p>\n<p>Entre los problemas que es necesario resolver, Bordet destac\u00f3 la necesidad de \u201cconverger hacia un tipo de cambio \u00fanico que permita dar previsibilidad, con normalidad, como cualquier pa\u00eds del mundo\u201d; y sostuvo que \u201ces importante la decisi\u00f3n de no aumentar las retenciones\u201d.<\/p>\n<p>\u201cCreo que, una vez estabilizadas las variables econ\u00f3micas (inflaci\u00f3n, brecha cambiaria y confianza en la moneda), hay que generar las condiciones para bajar la distorsi\u00f3n que generan los derechos de exportaciones. Siempre manteniendo los equilibrios. Creo que es parte de un proceso\u201d, explic\u00f3 el mandatario entrerriano.<\/p>\n<p>En esa l\u00ednea, el mandatario remarc\u00f3 que \u201cesos procesos no se logran con voluntarismo, por una acci\u00f3n iluminada de un gobierno. Se logran con la construcci\u00f3n de pol\u00edticas p\u00fablicas que puedan tener sostenibilidad en el tiempo y que trasciendan los gobiernos. Con reglas de juego claras y seguridad jur\u00eddica. Esto va a generar una mayor inversi\u00f3n, mayor competitividad y fundamentalmente mayor desarrollo y generaci\u00f3n de empleo\u201d.<\/p>\n<p>Durante su discurso en el Museo de Arte Latinoamericano de Buenos Aires (Malba), Bordet record\u00f3 \u201choy en Entre R\u00edos, el 96 por ciento de los productores primarios est\u00e1 exento del impuesto a los Ingresos Brutos\u201d, y adelant\u00f3 que \u201cestamos propendiendo a poder lograr la exenci\u00f3n total\u201d.<\/p>\n<p>Subray\u00f3 que \u201celiminamos impuestos distorsivos como una carga patronal que era una ley que gravaba con el 3 por ciento para la constituci\u00f3n de un fondo provincial, y adoptamos medidas puntuales para mejorar las condiciones de presi\u00f3n sobre, por ejemplo, el costo energ\u00e9tico\u201d. \u201cEn algunas cadenas de valor, como la de arroz o la de ar\u00e1ndanos, se subvenciona el 50 por ciento de los costos fijos en los momentos en que no hay una ocupaci\u00f3n intensiva de la capacidad energ\u00e9tica\u201d, puso de relieve Bordet, que estuvo acompa\u00f1ado por el senador nacional Edgardo Kueider.<\/p>\n<p>En ese sentido, resalt\u00f3 que la actualizaci\u00f3n de impuestos, como el inmobiliario rural, se realiza \u201cpor consenso\u201d, para lo cual \u201csiempre convocamos a todas las entidades a discutir\u201d. Adem\u00e1s se\u00f1al\u00f3 que las actualizaciones logradas han sido \u201cpor debajo de la inflaci\u00f3n\u201d y que eso tiene implicancia \u201cen el pago de algunos impuestos nacionales como Bienes Personales\u201d.<\/p>\n<p>Tambi\u00e9n puso de relieve el trabajo de la provincia para generar infraestructura que mejore la competitividad del sector productivo. Valor\u00f3 la reactivaci\u00f3n de los tres puertos de ultramar con los que cuenta actualmente Entre R\u00edos, el trabajo en torno al mejoramiento de los caminos rurales y el desarrollo energ\u00e9tico del norte entrerriano.<\/p>\n<p>Por \u00faltimo, Bordet puntualiz\u00f3 que \u201ces importante mantener el di\u00e1logo\u201d, pero hizo \u00e9nfasis en la \u201cconstrucci\u00f3n de consensos\u201d. Advirti\u00f3 que ese ha sido siempre el esp\u00edritu de su gesti\u00f3n y, en el plano nacional, consider\u00f3 una \u201coportunidad\u201d la participaci\u00f3n del flamante secretario de Agricultura, Ganader\u00eda y Pesca de la Naci\u00f3n, Juan Jos\u00e9 Bahillo, quien se desempe\u00f1\u00f3 como ministro de Producci\u00f3n de la provincia. \u201cConoce profundamente c\u00f3mo funciona el sistema agroalimentario y tiene experiencia a la hora de sentarse en mesas de di\u00e1logo para encontrar las soluciones que mejoren nuestro sistema productivo\u201d, complet\u00f3.<\/p>\n","protected":false},"excerpt":{"rendered":"<p>El gobernador Gustavo Bordet particip\u00f3 del ciclo Democracia y Desarrollo organizado por el grupo Clar\u00edn. Sostuvo la importancia de \u201cno aumentar las retenciones\u201d, y pidi\u00f3 construir consensos que trasciendan los gobiernos para tranquilizar las variables econ\u00f3micas e impulsar la producci\u00f3n.<\/p>\n","protected":false},"author":8,"featured_media":83514,"comment_status":"open","ping_status":"open","sticky":false,"template":"","format":"standard","meta":{"fifu_image_url":"","fifu_image_alt":"","footnotes":""},"categories":[16],"tags":[167,157],"class_list":{"0":"post-83513","1":"post","2":"type-post","3":"status-publish","4":"format-standard","5":"has-post-thumbnail","7":"category-politi","8":"tag-gustavo-bordet","9":"tag-retenciones"},"yoast_head":"<title>Bordet sostuvo que no deben aumentar las retenciones y llam\u00f3 a construir consensos - Informe Litoral<\/title>\n<meta name=\"robots\" content=\"index, follow, max-snippet:-1, max-image-preview:large, max-video-preview:-1\" \/>\n<link rel=\"canonical\" href=\"https:\/\/informelitoral.com.ar\/bordet-sostuvo-que-no-deben-aumentar-las-retenciones-y-llamo-a-construir-consensos\/\" \/>\n<meta property=\"og:locale\" content=\"es_ES\" \/>\n<meta property=\"og:type\" content=\"article\" \/>\n<meta property=\"og:title\" content=\"Bordet sostuvo que no deben aumentar las retenciones y llam\u00f3 a construir consensos - Informe Litoral\" \/>\n<meta property=\"og:description\" content=\"El gobernador Gustavo Bordet particip\u00f3 del ciclo Democracia y Desarrollo organizado por el grupo Clar\u00edn. Sostuvo la importancia de \u201cno aumentar las retenciones\u201d, y pidi\u00f3 construir consensos que trasciendan los gobiernos para tranquilizar las variables econ\u00f3micas e impulsar la producci\u00f3n.\" \/>\n<meta property=\"og:url\" content=\"https:\/\/informelitoral.com.ar\/bordet-sostuvo-que-no-deben-aumentar-las-retenciones-y-llamo-a-construir-consensos\/\" \/>\n<meta property=\"og:site_name\" content=\"Informe Litoral\" \/>\n<meta property=\"article:publisher\" content=\"https:\/\/www.facebook.com\/informelitoral\/\" \/>\n<meta property=\"article:published_time\" content=\"2022-08-10T11:59:14+00:00\" \/>\n<meta property=\"og:image\" content=\"https:\/\/informelitoral.com.ar\/%77%70%2d%63%6f%6e%74%65%6e%74\/uploads\/2022\/08\/p_1660073257.jpg\" \/>\n\t<meta property=\"og:image:width\" content=\"1920\" \/>\n\t<meta property=\"og:image:height\" content=\"800\" \/>\n\t<meta property=\"og:image:type\" content=\"image\/jpeg\" \/>\n<meta name=\"author\" content=\"Sebastian\" \/>\n<meta name=\"twitter:card\" content=\"summary_large_image\" \/>\n<meta name=\"twitter:creator\" content=\"@InformeLitoral\" \/>\n<meta name=\"twitter:site\" content=\"@InformeLitoral\" \/>\n<meta name=\"twitter:label1\" content=\"Escrito por\" \/>\n\t<meta name=\"twitter:data1\" content=\"Sebastian\" \/>\n\t<meta name=\"twitter:label2\" content=\"Tiempo de lectura\" \/>\n\t<meta name=\"twitter:data2\" content=\"3 minutos\" \/>\n<script type=\"application\/ld+json\" class=\"yoast-schema-graph\">{\"@context\":\"https:\\\/\\\/schema.org\",\"@graph\":[{\"@type\":\"Article\",\"@id\":\"https:\\\/\\\/informelitoral.com.ar\\\/bordet-sostuvo-que-no-deben-aumentar-las-retenciones-y-llamo-a-construir-consensos\\\/#article\",\"isPartOf\":{\"@id\":\"https:\\\/\\\/informelitoral.com.ar\\\/bordet-sostuvo-que-no-deben-aumentar-las-retenciones-y-llamo-a-construir-consensos\\\/\"},\"author\":{\"name\":\"Sebastian\",\"@id\":\"https:\\\/\\\/informelitoral.com.ar\\\/#\\\/schema\\\/person\\\/f05f9f461677119578717524b127d6d5\"},\"headline\":\"Bordet sostuvo que no deben aumentar las retenciones y llam\u00f3 a construir consensos\",\"datePublished\":\"2022-08-10T11:59:14+00:00\",\"mainEntityOfPage\":{\"@id\":\"https:\\\/\\\/informelitoral.com.ar\\\/bordet-sostuvo-que-no-deben-aumentar-las-retenciones-y-llamo-a-construir-consensos\\\/\"},\"wordCount\":597,\"commentCount\":0,\"publisher\":{\"@id\":\"https:\\\/\\\/informelitoral.com.ar\\\/#organization\"},\"image\":{\"@id\":\"https:\\\/\\\/informelitoral.com.ar\\\/bordet-sostuvo-que-no-deben-aumentar-las-retenciones-y-llamo-a-construir-consensos\\\/#primaryimage\"},\"thumbnailUrl\":\"https:\\\/\\\/informelitoral.com.ar\\\/%77%70%2d%63%6f%6e%74%65%6e%74\\\/uploads\\\/2022\\\/08\\\/p_1660073257.jpg\",\"keywords\":[\"Gustavo Bordet\",\"Retenciones\"],\"articleSection\":[\"Politica\"],\"inLanguage\":\"es\",\"potentialAction\":[{\"@type\":\"CommentAction\",\"name\":\"Comment\",\"target\":[\"https:\\\/\\\/informelitoral.com.ar\\\/bordet-sostuvo-que-no-deben-aumentar-las-retenciones-y-llamo-a-construir-consensos\\\/#respond\"]}]},{\"@type\":\"WebPage\",\"@id\":\"https:\\\/\\\/informelitoral.com.ar\\\/bordet-sostuvo-que-no-deben-aumentar-las-retenciones-y-llamo-a-construir-consensos\\\/\",\"url\":\"https:\\\/\\\/informelitoral.com.ar\\\/bordet-sostuvo-que-no-deben-aumentar-las-retenciones-y-llamo-a-construir-consensos\\\/\",\"name\":\"Bordet sostuvo que no deben aumentar las retenciones y llam\u00f3 a construir consensos - Informe Litoral\",\"isPartOf\":{\"@id\":\"https:\\\/\\\/informelitoral.com.ar\\\/#website\"},\"primaryImageOfPage\":{\"@id\":\"https:\\\/\\\/informelitoral.com.ar\\\/bordet-sostuvo-que-no-deben-aumentar-las-retenciones-y-llamo-a-construir-consensos\\\/#primaryimage\"},\"image\":{\"@id\":\"https:\\\/\\\/informelitoral.com.ar\\\/bordet-sostuvo-que-no-deben-aumentar-las-retenciones-y-llamo-a-construir-consensos\\\/#primaryimage\"},\"thumbnailUrl\":\"https:\\\/\\\/informelitoral.com.ar\\\/%77%70%2d%63%6f%6e%74%65%6e%74\\\/uploads\\\/2022\\\/08\\\/p_1660073257.jpg\",\"datePublished\":\"2022-08-10T11:59:14+00:00\",\"breadcrumb\":{\"@id\":\"https:\\\/\\\/informelitoral.com.ar\\\/bordet-sostuvo-que-no-deben-aumentar-las-retenciones-y-llamo-a-construir-consensos\\\/#breadcrumb\"},\"inLanguage\":\"es\",\"potentialAction\":[{\"@type\":\"ReadAction\",\"target\":[\"https:\\\/\\\/informelitoral.com.ar\\\/bordet-sostuvo-que-no-deben-aumentar-las-retenciones-y-llamo-a-construir-consensos\\\/\"]}]},{\"@type\":\"ImageObject\",\"inLanguage\":\"es\",\"@id\":\"https:\\\/\\\/informelitoral.com.ar\\\/bordet-sostuvo-que-no-deben-aumentar-las-retenciones-y-llamo-a-construir-consensos\\\/#primaryimage\",\"url\":\"https:\\\/\\\/informelitoral.com.ar\\\/%77%70%2d%63%6f%6e%74%65%6e%74\\\/uploads\\\/2022\\\/08\\\/p_1660073257.jpg\",\"contentUrl\":\"https:\\\/\\\/informelitoral.com.ar\\\/%77%70%2d%63%6f%6e%74%65%6e%74\\\/uploads\\\/2022\\\/08\\\/p_1660073257.jpg\",\"width\":1920,\"height\":800},{\"@type\":\"BreadcrumbList\",\"@id\":\"https:\\\/\\\/informelitoral.com.ar\\\/bordet-sostuvo-que-no-deben-aumentar-las-retenciones-y-llamo-a-construir-consensos\\\/#breadcrumb\",\"itemListElement\":[{\"@type\":\"ListItem\",\"position\":1,\"name\":\"Portada\",\"item\":\"https:\\\/\\\/informelitoral.com.ar\\\/\"},{\"@type\":\"ListItem\",\"position\":2,\"name\":\"Bordet sostuvo que no deben aumentar las retenciones y llam\u00f3 a construir consensos\"}]},{\"@type\":\"WebSite\",\"@id\":\"https:\\\/\\\/informelitoral.com.ar\\\/#website\",\"url\":\"https:\\\/\\\/informelitoral.com.ar\\\/\",\"name\":\"Informe Litoral\",\"description\":\"&quot;Nos informamos&quot; \",\"publisher\":{\"@id\":\"https:\\\/\\\/informelitoral.com.ar\\\/#organization\"},\"potentialAction\":[{\"@type\":\"SearchAction\",\"target\":{\"@type\":\"EntryPoint\",\"urlTemplate\":\"https:\\\/\\\/informelitoral.com.ar\\\/?s={search_term_string}\"},\"query-input\":{\"@type\":\"PropertyValueSpecification\",\"valueRequired\":true,\"valueName\":\"search_term_string\"}}],\"inLanguage\":\"es\"},{\"@type\":\"Organization\",\"@id\":\"https:\\\/\\\/informelitoral.com.ar\\\/#organization\",\"name\":\"Informe Litoral\",\"url\":\"https:\\\/\\\/informelitoral.com.ar\\\/\",\"logo\":{\"@type\":\"ImageObject\",\"inLanguage\":\"es\",\"@id\":\"https:\\\/\\\/informelitoral.com.ar\\\/#\\\/schema\\\/logo\\\/image\\\/\",\"url\":\"https:\\\/\\\/informelitoral.com.ar\\\/%77%70%2d%63%6f%6e%74%65%6e%74\\\/uploads\\\/2021\\\/01\\\/circulo.png\",\"contentUrl\":\"https:\\\/\\\/informelitoral.com.ar\\\/%77%70%2d%63%6f%6e%74%65%6e%74\\\/uploads\\\/2021\\\/01\\\/circulo.png\",\"width\":723,\"height\":731,\"caption\":\"Informe Litoral\"},\"image\":{\"@id\":\"https:\\\/\\\/informelitoral.com.ar\\\/#\\\/schema\\\/logo\\\/image\\\/\"},\"sameAs\":[\"https:\\\/\\\/www.facebook.com\\\/informelitoral\\\/\",\"https:\\\/\\\/x.com\\\/InformeLitoral\",\"https:\\\/\\\/www.instagram.com\\\/informelitoral\\\/\",\"https:\\\/\\\/www.youtube.com\\\/channel\\\/UCua4Qvz8Icb6MYqhoq9xLXw\"]},{\"@type\":\"Person\",\"@id\":\"https:\\\/\\\/informelitoral.com.ar\\\/#\\\/schema\\\/person\\\/f05f9f461677119578717524b127d6d5\",\"name\":\"Sebastian\",\"image\":{\"@type\":\"ImageObject\",\"inLanguage\":\"es\",\"@id\":\"https:\\\/\\\/secure.gravatar.com\\\/avatar\\\/b71bf7481d447dfb9583c7f2798e7cc64de6efb9067b74633ed8c31059a3bd82?s=96&d=mm&r=g\",\"url\":\"https:\\\/\\\/secure.gravatar.com\\\/avatar\\\/b71bf7481d447dfb9583c7f2798e7cc64de6efb9067b74633ed8c31059a3bd82?s=96&d=mm&r=g\",\"contentUrl\":\"https:\\\/\\\/secure.gravatar.com\\\/avatar\\\/b71bf7481d447dfb9583c7f2798e7cc64de6efb9067b74633ed8c31059a3bd82?s=96&d=mm&r=g\",\"caption\":\"Sebastian\"},\"url\":\"https:\\\/\\\/informelitoral.com.ar\\\/author\\\/sebastian\\\/\"}]}<\/script>","yoast_head_json":{"title":"Bordet sostuvo que no deben aumentar las retenciones y llam\u00f3 a construir consensos - Informe Litoral","robots":{"index":"index","follow":"follow","max-snippet":"max-snippet:-1","max-image-preview":"max-image-preview:large","max-video-preview":"max-video-preview:-1"},"canonical":"https:\/\/informelitoral.com.ar\/bordet-sostuvo-que-no-deben-aumentar-las-retenciones-y-llamo-a-construir-consensos\/","og_locale":"es_ES","og_type":"article","og_title":"Bordet sostuvo que no deben aumentar las retenciones y llam\u00f3 a construir consensos - Informe Litoral","og_description":"El gobernador Gustavo Bordet particip\u00f3 del ciclo Democracia y Desarrollo organizado por el grupo Clar\u00edn. Sostuvo la importancia de \u201cno aumentar las retenciones\u201d, y pidi\u00f3 construir consensos que trasciendan los gobiernos para tranquilizar las variables econ\u00f3micas e impulsar la producci\u00f3n.","og_url":"https:\/\/informelitoral.com.ar\/bordet-sostuvo-que-no-deben-aumentar-las-retenciones-y-llamo-a-construir-consensos\/","og_site_name":"Informe Litoral","article_publisher":"https:\/\/www.facebook.com\/informelitoral\/","article_published_time":"2022-08-10T11:59:14+00:00","og_image":[{"width":1920,"height":800,"url":"https:\/\/informelitoral.com.ar\/%77%70%2d%63%6f%6e%74%65%6e%74\/uploads\/2022\/08\/p_1660073257.jpg","type":"image\/jpeg"}],"author":"Sebastian","twitter_card":"summary_large_image","twitter_creator":"@InformeLitoral","twitter_site":"@InformeLitoral","twitter_misc":{"Escrito por":"Sebastian","Tiempo de lectura":"3 minutos"},"schema":{"@context":"https:\/\/schema.org","@graph":[{"@type":"Article","@id":"https:\/\/informelitoral.com.ar\/bordet-sostuvo-que-no-deben-aumentar-las-retenciones-y-llamo-a-construir-consensos\/#article","isPartOf":{"@id":"https:\/\/informelitoral.com.ar\/bordet-sostuvo-que-no-deben-aumentar-las-retenciones-y-llamo-a-construir-consensos\/"},"author":{"name":"Sebastian","@id":"https:\/\/informelitoral.com.ar\/#\/schema\/person\/f05f9f461677119578717524b127d6d5"},"headline":"Bordet sostuvo que no deben aumentar las retenciones y llam\u00f3 a construir consensos","datePublished":"2022-08-10T11:59:14+00:00","mainEntityOfPage":{"@id":"https:\/\/informelitoral.com.ar\/bordet-sostuvo-que-no-deben-aumentar-las-retenciones-y-llamo-a-construir-consensos\/"},"wordCount":597,"commentCount":0,"publisher":{"@id":"https:\/\/informelitoral.com.ar\/#organization"},"image":{"@id":"https:\/\/informelitoral.com.ar\/bordet-sostuvo-que-no-deben-aumentar-las-retenciones-y-llamo-a-construir-consensos\/#primaryimage"},"thumbnailUrl":"https:\/\/informelitoral.com.ar\/%77%70%2d%63%6f%6e%74%65%6e%74\/uploads\/2022\/08\/p_1660073257.jpg","keywords":["Gustavo Bordet","Retenciones"],"articleSection":["Politica"],"inLanguage":"es","potentialAction":[{"@type":"CommentAction","name":"Comment","target":["https:\/\/informelitoral.com.ar\/bordet-sostuvo-que-no-deben-aumentar-las-retenciones-y-llamo-a-construir-consensos\/#respond"]}]},{"@type":"WebPage","@id":"https:\/\/informelitoral.com.ar\/bordet-sostuvo-que-no-deben-aumentar-las-retenciones-y-llamo-a-construir-consensos\/","url":"https:\/\/informelitoral.com.ar\/bordet-sostuvo-que-no-deben-aumentar-las-retenciones-y-llamo-a-construir-consensos\/","name":"Bordet sostuvo que no deben aumentar las retenciones y llam\u00f3 a construir consensos - Informe Litoral","isPartOf":{"@id":"https:\/\/informelitoral.com.ar\/#website"},"primaryImageOfPage":{"@id":"https:\/\/informelitoral.com.ar\/bordet-sostuvo-que-no-deben-aumentar-las-retenciones-y-llamo-a-construir-consensos\/#primaryimage"},"image":{"@id":"https:\/\/informelitoral.com.ar\/bordet-sostuvo-que-no-deben-aumentar-las-retenciones-y-llamo-a-construir-consensos\/#primaryimage"},"thumbnailUrl":"https:\/\/informelitoral.com.ar\/%77%70%2d%63%6f%6e%74%65%6e%74\/uploads\/2022\/08\/p_1660073257.jpg","datePublished":"2022-08-10T11:59:14+00:00","breadcrumb":{"@id":"https:\/\/informelitoral.com.ar\/bordet-sostuvo-que-no-deben-aumentar-las-retenciones-y-llamo-a-construir-consensos\/#breadcrumb"},"inLanguage":"es","potentialAction":[{"@type":"ReadAction","target":["https:\/\/informelitoral.com.ar\/bordet-sostuvo-que-no-deben-aumentar-las-retenciones-y-llamo-a-construir-consensos\/"]}]},{"@type":"ImageObject","inLanguage":"es","@id":"https:\/\/informelitoral.com.ar\/bordet-sostuvo-que-no-deben-aumentar-las-retenciones-y-llamo-a-construir-consensos\/#primaryimage","url":"https:\/\/informelitoral.com.ar\/%77%70%2d%63%6f%6e%74%65%6e%74\/uploads\/2022\/08\/p_1660073257.jpg","contentUrl":"https:\/\/informelitoral.com.ar\/%77%70%2d%63%6f%6e%74%65%6e%74\/uploads\/2022\/08\/p_1660073257.jpg","width":1920,"height":800},{"@type":"BreadcrumbList","@id":"https:\/\/informelitoral.com.ar\/bordet-sostuvo-que-no-deben-aumentar-las-retenciones-y-llamo-a-construir-consensos\/#breadcrumb","itemListElement":[{"@type":"ListItem","position":1,"name":"Portada","item":"https:\/\/informelitoral.com.ar\/"},{"@type":"ListItem","position":2,"name":"Bordet sostuvo que no deben aumentar las retenciones y llam\u00f3 a construir consensos"}]},{"@type":"WebSite","@id":"https:\/\/informelitoral.com.ar\/#website","url":"https:\/\/informelitoral.com.ar\/","name":"Informe Litoral","description":"&quot;Nos informamos&quot; ","publisher":{"@id":"https:\/\/informelitoral.com.ar\/#organization"},"potentialAction":[{"@type":"SearchAction","target":{"@type":"EntryPoint","urlTemplate":"https:\/\/informelitoral.com.ar\/?s={search_term_string}"},"query-input":{"@type":"PropertyValueSpecification","valueRequired":true,"valueName":"search_term_string"}}],"inLanguage":"es"},{"@type":"Organization","@id":"https:\/\/informelitoral.com.ar\/#organization","name":"Informe Litoral","url":"https:\/\/informelitoral.com.ar\/","logo":{"@type":"ImageObject","inLanguage":"es","@id":"https:\/\/informelitoral.com.ar\/#\/schema\/logo\/image\/","url":"https:\/\/informelitoral.com.ar\/%77%70%2d%63%6f%6e%74%65%6e%74\/uploads\/2021\/01\/circulo.png","contentUrl":"https:\/\/informelitoral.com.ar\/%77%70%2d%63%6f%6e%74%65%6e%74\/uploads\/2021\/01\/circulo.png","width":723,"height":731,"caption":"Informe Litoral"},"image":{"@id":"https:\/\/informelitoral.com.ar\/#\/schema\/logo\/image\/"},"sameAs":["https:\/\/www.facebook.com\/informelitoral\/","https:\/\/x.com\/InformeLitoral","https:\/\/www.instagram.com\/informelitoral\/","https:\/\/www.youtube.com\/channel\/UCua4Qvz8Icb6MYqhoq9xLXw"]},{"@type":"Person","@id":"https:\/\/informelitoral.com.ar\/#\/schema\/person\/f05f9f461677119578717524b127d6d5","name":"Sebastian","image":{"@type":"ImageObject","inLanguage":"es","@id":"https:\/\/secure.gravatar.com\/avatar\/b71bf7481d447dfb9583c7f2798e7cc64de6efb9067b74633ed8c31059a3bd82?s=96&d=mm&r=g","url":"https:\/\/secure.gravatar.com\/avatar\/b71bf7481d447dfb9583c7f2798e7cc64de6efb9067b74633ed8c31059a3bd82?s=96&d=mm&r=g","contentUrl":"https:\/\/secure.gravatar.com\/avatar\/b71bf7481d447dfb9583c7f2798e7cc64de6efb9067b74633ed8c31059a3bd82?s=96&d=mm&r=g","caption":"Sebastian"},"url":"https:\/\/informelitoral.com.ar\/author\/sebastian\/"}]}},"_links":{"self":[{"href":"https:\/\/informelitoral.com.ar\/%77%70%2d%6a%73%6f%6e\/wp\/v2\/posts\/83513","targetHints":{"allow":["GET"]}}],"collection":[{"href":"https:\/\/informelitoral.com.ar\/%77%70%2d%6a%73%6f%6e\/wp\/v2\/posts"}],"about":[{"href":"https:\/\/informelitoral.com.ar\/%77%70%2d%6a%73%6f%6e\/wp\/v2\/types\/post"}],"author":[{"embeddable":true,"href":"https:\/\/informelitoral.com.ar\/%77%70%2d%6a%73%6f%6e\/wp\/v2\/users\/8"}],"replies":[{"embeddable":true,"href":"https:\/\/informelitoral.com.ar\/%77%70%2d%6a%73%6f%6e\/wp\/v2\/comments?post=83513"}],"version-history":[{"count":0,"href":"https:\/\/informelitoral.com.ar\/%77%70%2d%6a%73%6f%6e\/wp\/v2\/posts\/83513\/revisions"}],"wp:featuredmedia":[{"embeddable":true,"href":"https:\/\/informelitoral.com.ar\/%77%70%2d%6a%73%6f%6e\/wp\/v2\/media\/83514"}],"wp:attachment":[{"href":"https:\/\/informelitoral.com.ar\/%77%70%2d%6a%73%6f%6e\/wp\/v2\/media?parent=83513"}],"wp:term":[{"taxonomy":"category","embeddable":true,"href":"https:\/\/informelitoral.com.ar\/%77%70%2d%6a%73%6f%6e\/wp\/v2\/categories?post=83513"},{"taxonomy":"post_tag","embeddable":true,"href":"https:\/\/informelitoral.com.ar\/%77%70%2d%6a%73%6f%6e\/wp\/v2\/tags?post=83513"}],"curies":[{"name":"wp","href":"https:\/\/api.w.org\/{rel}","templated":true}]}}