{"id":83508,"date":"2022-08-10T08:54:48","date_gmt":"2022-08-10T11:54:48","guid":{"rendered":"https:\/\/www.informelitoral.com.ar\/?p=83508"},"modified":"2022-08-10T08:54:48","modified_gmt":"2022-08-10T11:54:48","slug":"la-actividad-industrial-crecio-69-en-junio-y-la-construccion-el-72","status":"publish","type":"post","link":"https:\/\/informelitoral.com.ar\/la-actividad-industrial-crecio-69-en-junio-y-la-construccion-el-72\/","title":{"rendered":"La actividad industrial creci\u00f3 6,9% en junio y la construcci\u00f3n el 7,2%"},"content":{"rendered":"<p>La actividad industrial aument\u00f3 6,9% durante junio en relaci\u00f3n a igual mes de 2021, y registr\u00f3 un alza de 2,6% en comparaci\u00f3n a mayo, seg\u00fan \u00cdndice de producci\u00f3n industrial manufacturero dado a conocer por el Instituto Nacional de Estad\u00edstica y Censos (Indec).<\/p>\n<p>En tanto, el sector de la construcci\u00f3n present\u00f3 en junio un avance de 7,2% en t\u00e9rminos interanuales, pero retrocedi\u00f3 1,8% en relaci\u00f3n a mayo, de acuerdo a los indicadores de coyuntura de la actividad de la construcci\u00f3n del organismo.<\/p>\n<p>De esta manera, en el primer semestre del a\u00f1o el sector fabril acumul\u00f3 un alza de 5,9% y el de la construcci\u00f3n de 6,5%.<\/p>\n<p>En junio, catorce de las diecis\u00e9is divisiones de la industria presentaron subas interanuales.<\/p>\n<p>En orden de su incidencia en el nivel general, se registr\u00f3 un incremento de 37,6% en \u00abPrendas de vestir, cuero y calzado\u00bb, en particular debido a las mayores ventas de calzado impulsado por una mayor presencialidad laboral y realizaci\u00f3n de eventos.<\/p>\n<p>De acuerdo con directivos de empresa relevadas por el Indec, contribuy\u00f3 el incremento en las operaciones realizadas a trav\u00e9s del programa Ahora 12, que permiti\u00f3 a los consumidores adquirir estos productos en tres, seis y 12 cuotas fijas.<\/p>\n<p>Tambi\u00e9n presentaron subas \u00abMaquinaria y equipo\u00bb (en particular, agropecuario), 18,3%; \u00abOtros equipos, aparatos e instrumentos\u00bb, 28,4%; \u00abIndustrias met\u00e1licas b\u00e1sicas\u00bb, 8,9%; \u00abAlimentos y bebidas\u00bb, 1,9%; \u00abProductos minerales no met\u00e1licos\u00bb, 10%; \u00abVeh\u00edculos automotores\u00bb, 11,2%; \u00abSustancias y productos qu\u00edmicos\u00bb, 3,3%; \u00abRefinaci\u00f3n del petr\u00f3leo\u00bb, 12,8%; \u00abMuebles y colchones, y otras industrias manufactureras\u00bb, 7,7%.<\/p>\n<p>Adem\u00e1s, se anotaron aumentos en rubros como Productos de caucho y pl\u00e1stico\u00bb, 3%; \u00abMadera, papel, edici\u00f3n e impresi\u00f3n\u00bb, 1,3%; \u00abOtro equipo de transporte\u00bb, 11,8%; y \u00abProductos textiles\u00bb, 0,2%.<\/p>\n<p>Empresas consultadas por el Indec se\u00f1alaron que ha impactado de manera positiva en el nivel de actividad el menor nivel de ausentismo en las f\u00e1bricas, que en junio del a\u00f1o pasado hab\u00eda afectado los niveles de producci\u00f3n de algunas l\u00edneas.<\/p>\n<p>Por su parte, mostraron ca\u00eddas las divisiones correspondientes a \u00abProductos de metal\u00bb, 6,4%; y \u00abTabaco\u00bb; 17,5%.<\/p>\n<p>En cuanto a los insumos para la construcci\u00f3n en junio mostraron con relaci\u00f3n a igual mes del a\u00f1o anterior subas de 24,5% en hormig\u00f3n elaborado; 22,3% en placas de yeso; 20,6% en el \u00abresto de los insumos\u00bb que incluye grifer\u00eda, tubos de acero sin costura y vidrio.<\/p>\n<p>Tambi\u00e9n cerraron con subas de 15,7% en hierro redondo y aceros; 14,8% en cemento portland; 10,3% en art\u00edculos sanitarios de cer\u00e1mica; 9,3% en pinturas; 8,1% en pisos y revestimientos cer\u00e1micos; 8 % en yeso y 2,5% en cales.<\/p>\n<p>Mientras tanto se observan bajas de 8,2% en ladrillos huecos; de 4% en asfalto; y de 1,9% en mosaicos gran\u00edticos y calc\u00e1reos.<\/p>\n<p>En el acumulado durante los seis primeros meses del a\u00f1o, en relaci\u00f3n a igual per\u00edodo del a\u00f1o anterior, se observan subas de 27,4% en el resto de los insumos (incluye grifer\u00eda, tubos de acero sin costura y vidrio para construcci\u00f3n); 16,1% en hormig\u00f3n elaborado; 15,5% en asfalto; 12,4% en hierro redondo y aceros para la construcci\u00f3n; 11,5% en cemento portland; 9,8% en yeso; 9,4% en placas de yeso; 7,5% en mosaicos gran\u00edticos y calc\u00e1reos; 6,0% en art\u00edculos sanitarios de cer\u00e1mica y 5,9% en cales.<\/p>\n<p>Por su parte, se observan bajas de 5,9% en ladrillos huecos; 0,6% en pisos y revestimientos cer\u00e1micos; y 0,5% en pinturas para construcci\u00f3n.<\/p>\n<p>Seg\u00fan el indicador sint\u00e9tico de la actividad de la construcci\u00f3n (ISAC), se registra un incremento interanual de 15,7% en el consumo interno de hierro redondo y aceros para la construcci\u00f3n.<\/p>\n","protected":false},"excerpt":{"rendered":"<p>Los datos proporcionados por el Instituto Nacional de Estad\u00edstica y Censos corresponden a la comparaci\u00f3n interanual de ambos \u00edndices. En el primer semestre del a\u00f1o el sector fabril acumul\u00f3 un alza del 5,9% y el de la construcci\u00f3n del 6,5%.<\/p>\n","protected":false},"author":8,"featured_media":83510,"comment_status":"open","ping_status":"open","sticky":false,"template":"","format":"standard","meta":{"fifu_image_url":"","fifu_image_alt":"","footnotes":""},"categories":[1594],"tags":[3802],"class_list":{"0":"post-83508","1":"post","2":"type-post","3":"status-publish","4":"format-standard","5":"has-post-thumbnail","7":"category-economia","8":"tag-actividad-industrial"},"yoast_head":"<title>La actividad industrial creci\u00f3 6,9% en junio y la construcci\u00f3n el 7,2% - Informe Litoral<\/title>\n<meta name=\"robots\" content=\"index, follow, max-snippet:-1, max-image-preview:large, max-video-preview:-1\" \/>\n<link rel=\"canonical\" href=\"https:\/\/informelitoral.com.ar\/la-actividad-industrial-crecio-69-en-junio-y-la-construccion-el-72\/\" \/>\n<meta property=\"og:locale\" content=\"es_ES\" \/>\n<meta property=\"og:type\" content=\"article\" \/>\n<meta property=\"og:title\" content=\"La actividad industrial creci\u00f3 6,9% en junio y la construcci\u00f3n el 7,2% - Informe Litoral\" \/>\n<meta property=\"og:description\" content=\"Los datos proporcionados por el Instituto Nacional de Estad\u00edstica y Censos corresponden a la comparaci\u00f3n interanual de ambos \u00edndices. En el primer semestre del a\u00f1o el sector fabril acumul\u00f3 un alza del 5,9% y el de la construcci\u00f3n del 6,5%.\" \/>\n<meta property=\"og:url\" content=\"https:\/\/informelitoral.com.ar\/la-actividad-industrial-crecio-69-en-junio-y-la-construccion-el-72\/\" \/>\n<meta property=\"og:site_name\" content=\"Informe Litoral\" \/>\n<meta property=\"article:publisher\" content=\"https:\/\/www.facebook.com\/informelitoral\/\" \/>\n<meta property=\"article:published_time\" content=\"2022-08-10T11:54:48+00:00\" \/>\n<meta property=\"og:image\" content=\"https:\/\/informelitoral.com.ar\/%77%70%2d%63%6f%6e%74%65%6e%74\/uploads\/2022\/08\/hjdhqbjsz-1256x620-1.jpg\" \/>\n\t<meta property=\"og:image:width\" content=\"760\" \/>\n\t<meta property=\"og:image:height\" content=\"480\" \/>\n\t<meta property=\"og:image:type\" content=\"image\/jpeg\" \/>\n<meta name=\"author\" content=\"Sebastian\" \/>\n<meta name=\"twitter:card\" content=\"summary_large_image\" \/>\n<meta name=\"twitter:creator\" content=\"@InformeLitoral\" \/>\n<meta name=\"twitter:site\" content=\"@InformeLitoral\" \/>\n<meta name=\"twitter:label1\" content=\"Escrito por\" \/>\n\t<meta name=\"twitter:data1\" content=\"Sebastian\" \/>\n\t<meta name=\"twitter:label2\" content=\"Tiempo de lectura\" \/>\n\t<meta name=\"twitter:data2\" content=\"3 minutos\" \/>\n<script type=\"application\/ld+json\" class=\"yoast-schema-graph\">{\"@context\":\"https:\\\/\\\/schema.org\",\"@graph\":[{\"@type\":\"Article\",\"@id\":\"https:\\\/\\\/informelitoral.com.ar\\\/la-actividad-industrial-crecio-69-en-junio-y-la-construccion-el-72\\\/#article\",\"isPartOf\":{\"@id\":\"https:\\\/\\\/informelitoral.com.ar\\\/la-actividad-industrial-crecio-69-en-junio-y-la-construccion-el-72\\\/\"},\"author\":{\"name\":\"Sebastian\",\"@id\":\"https:\\\/\\\/informelitoral.com.ar\\\/#\\\/schema\\\/person\\\/f05f9f461677119578717524b127d6d5\"},\"headline\":\"La actividad industrial creci\u00f3 6,9% en junio y la construcci\u00f3n el 7,2%\",\"datePublished\":\"2022-08-10T11:54:48+00:00\",\"mainEntityOfPage\":{\"@id\":\"https:\\\/\\\/informelitoral.com.ar\\\/la-actividad-industrial-crecio-69-en-junio-y-la-construccion-el-72\\\/\"},\"wordCount\":594,\"commentCount\":0,\"publisher\":{\"@id\":\"https:\\\/\\\/informelitoral.com.ar\\\/#organization\"},\"image\":{\"@id\":\"https:\\\/\\\/informelitoral.com.ar\\\/la-actividad-industrial-crecio-69-en-junio-y-la-construccion-el-72\\\/#primaryimage\"},\"thumbnailUrl\":\"https:\\\/\\\/informelitoral.com.ar\\\/%77%70%2d%63%6f%6e%74%65%6e%74\\\/uploads\\\/2022\\\/08\\\/hjdhqbjsz-1256x620-1.jpg\",\"keywords\":[\"Actividad industrial\"],\"articleSection\":[\"Econom\u00eda\"],\"inLanguage\":\"es\",\"potentialAction\":[{\"@type\":\"CommentAction\",\"name\":\"Comment\",\"target\":[\"https:\\\/\\\/informelitoral.com.ar\\\/la-actividad-industrial-crecio-69-en-junio-y-la-construccion-el-72\\\/#respond\"]}]},{\"@type\":\"WebPage\",\"@id\":\"https:\\\/\\\/informelitoral.com.ar\\\/la-actividad-industrial-crecio-69-en-junio-y-la-construccion-el-72\\\/\",\"url\":\"https:\\\/\\\/informelitoral.com.ar\\\/la-actividad-industrial-crecio-69-en-junio-y-la-construccion-el-72\\\/\",\"name\":\"La actividad industrial creci\u00f3 6,9% en junio y la construcci\u00f3n el 7,2% - Informe Litoral\",\"isPartOf\":{\"@id\":\"https:\\\/\\\/informelitoral.com.ar\\\/#website\"},\"primaryImageOfPage\":{\"@id\":\"https:\\\/\\\/informelitoral.com.ar\\\/la-actividad-industrial-crecio-69-en-junio-y-la-construccion-el-72\\\/#primaryimage\"},\"image\":{\"@id\":\"https:\\\/\\\/informelitoral.com.ar\\\/la-actividad-industrial-crecio-69-en-junio-y-la-construccion-el-72\\\/#primaryimage\"},\"thumbnailUrl\":\"https:\\\/\\\/informelitoral.com.ar\\\/%77%70%2d%63%6f%6e%74%65%6e%74\\\/uploads\\\/2022\\\/08\\\/hjdhqbjsz-1256x620-1.jpg\",\"datePublished\":\"2022-08-10T11:54:48+00:00\",\"breadcrumb\":{\"@id\":\"https:\\\/\\\/informelitoral.com.ar\\\/la-actividad-industrial-crecio-69-en-junio-y-la-construccion-el-72\\\/#breadcrumb\"},\"inLanguage\":\"es\",\"potentialAction\":[{\"@type\":\"ReadAction\",\"target\":[\"https:\\\/\\\/informelitoral.com.ar\\\/la-actividad-industrial-crecio-69-en-junio-y-la-construccion-el-72\\\/\"]}]},{\"@type\":\"ImageObject\",\"inLanguage\":\"es\",\"@id\":\"https:\\\/\\\/informelitoral.com.ar\\\/la-actividad-industrial-crecio-69-en-junio-y-la-construccion-el-72\\\/#primaryimage\",\"url\":\"https:\\\/\\\/informelitoral.com.ar\\\/%77%70%2d%63%6f%6e%74%65%6e%74\\\/uploads\\\/2022\\\/08\\\/hjdhqbjsz-1256x620-1.jpg\",\"contentUrl\":\"https:\\\/\\\/informelitoral.com.ar\\\/%77%70%2d%63%6f%6e%74%65%6e%74\\\/uploads\\\/2022\\\/08\\\/hjdhqbjsz-1256x620-1.jpg\",\"width\":760,\"height\":480},{\"@type\":\"BreadcrumbList\",\"@id\":\"https:\\\/\\\/informelitoral.com.ar\\\/la-actividad-industrial-crecio-69-en-junio-y-la-construccion-el-72\\\/#breadcrumb\",\"itemListElement\":[{\"@type\":\"ListItem\",\"position\":1,\"name\":\"Portada\",\"item\":\"https:\\\/\\\/informelitoral.com.ar\\\/\"},{\"@type\":\"ListItem\",\"position\":2,\"name\":\"La actividad industrial creci\u00f3 6,9% en junio y la construcci\u00f3n el 7,2%\"}]},{\"@type\":\"WebSite\",\"@id\":\"https:\\\/\\\/informelitoral.com.ar\\\/#website\",\"url\":\"https:\\\/\\\/informelitoral.com.ar\\\/\",\"name\":\"Informe Litoral\",\"description\":\"&quot;Nos informamos&quot; \",\"publisher\":{\"@id\":\"https:\\\/\\\/informelitoral.com.ar\\\/#organization\"},\"potentialAction\":[{\"@type\":\"SearchAction\",\"target\":{\"@type\":\"EntryPoint\",\"urlTemplate\":\"https:\\\/\\\/informelitoral.com.ar\\\/?s={search_term_string}\"},\"query-input\":{\"@type\":\"PropertyValueSpecification\",\"valueRequired\":true,\"valueName\":\"search_term_string\"}}],\"inLanguage\":\"es\"},{\"@type\":\"Organization\",\"@id\":\"https:\\\/\\\/informelitoral.com.ar\\\/#organization\",\"name\":\"Informe Litoral\",\"url\":\"https:\\\/\\\/informelitoral.com.ar\\\/\",\"logo\":{\"@type\":\"ImageObject\",\"inLanguage\":\"es\",\"@id\":\"https:\\\/\\\/informelitoral.com.ar\\\/#\\\/schema\\\/logo\\\/image\\\/\",\"url\":\"https:\\\/\\\/informelitoral.com.ar\\\/%77%70%2d%63%6f%6e%74%65%6e%74\\\/uploads\\\/2021\\\/01\\\/circulo.png\",\"contentUrl\":\"https:\\\/\\\/informelitoral.com.ar\\\/%77%70%2d%63%6f%6e%74%65%6e%74\\\/uploads\\\/2021\\\/01\\\/circulo.png\",\"width\":723,\"height\":731,\"caption\":\"Informe Litoral\"},\"image\":{\"@id\":\"https:\\\/\\\/informelitoral.com.ar\\\/#\\\/schema\\\/logo\\\/image\\\/\"},\"sameAs\":[\"https:\\\/\\\/www.facebook.com\\\/informelitoral\\\/\",\"https:\\\/\\\/x.com\\\/InformeLitoral\",\"https:\\\/\\\/www.instagram.com\\\/informelitoral\\\/\",\"https:\\\/\\\/www.youtube.com\\\/channel\\\/UCua4Qvz8Icb6MYqhoq9xLXw\"]},{\"@type\":\"Person\",\"@id\":\"https:\\\/\\\/informelitoral.com.ar\\\/#\\\/schema\\\/person\\\/f05f9f461677119578717524b127d6d5\",\"name\":\"Sebastian\",\"image\":{\"@type\":\"ImageObject\",\"inLanguage\":\"es\",\"@id\":\"https:\\\/\\\/secure.gravatar.com\\\/avatar\\\/b71bf7481d447dfb9583c7f2798e7cc64de6efb9067b74633ed8c31059a3bd82?s=96&d=mm&r=g\",\"url\":\"https:\\\/\\\/secure.gravatar.com\\\/avatar\\\/b71bf7481d447dfb9583c7f2798e7cc64de6efb9067b74633ed8c31059a3bd82?s=96&d=mm&r=g\",\"contentUrl\":\"https:\\\/\\\/secure.gravatar.com\\\/avatar\\\/b71bf7481d447dfb9583c7f2798e7cc64de6efb9067b74633ed8c31059a3bd82?s=96&d=mm&r=g\",\"caption\":\"Sebastian\"},\"url\":\"https:\\\/\\\/informelitoral.com.ar\\\/author\\\/sebastian\\\/\"}]}<\/script>","yoast_head_json":{"title":"La actividad industrial creci\u00f3 6,9% en junio y la construcci\u00f3n el 7,2% - Informe Litoral","robots":{"index":"index","follow":"follow","max-snippet":"max-snippet:-1","max-image-preview":"max-image-preview:large","max-video-preview":"max-video-preview:-1"},"canonical":"https:\/\/informelitoral.com.ar\/la-actividad-industrial-crecio-69-en-junio-y-la-construccion-el-72\/","og_locale":"es_ES","og_type":"article","og_title":"La actividad industrial creci\u00f3 6,9% en junio y la construcci\u00f3n el 7,2% - Informe Litoral","og_description":"Los datos proporcionados por el Instituto Nacional de Estad\u00edstica y Censos corresponden a la comparaci\u00f3n interanual de ambos \u00edndices. En el primer semestre del a\u00f1o el sector fabril acumul\u00f3 un alza del 5,9% y el de la construcci\u00f3n del 6,5%.","og_url":"https:\/\/informelitoral.com.ar\/la-actividad-industrial-crecio-69-en-junio-y-la-construccion-el-72\/","og_site_name":"Informe Litoral","article_publisher":"https:\/\/www.facebook.com\/informelitoral\/","article_published_time":"2022-08-10T11:54:48+00:00","og_image":[{"width":760,"height":480,"url":"https:\/\/informelitoral.com.ar\/%77%70%2d%63%6f%6e%74%65%6e%74\/uploads\/2022\/08\/hjdhqbjsz-1256x620-1.jpg","type":"image\/jpeg"}],"author":"Sebastian","twitter_card":"summary_large_image","twitter_creator":"@InformeLitoral","twitter_site":"@InformeLitoral","twitter_misc":{"Escrito por":"Sebastian","Tiempo de lectura":"3 minutos"},"schema":{"@context":"https:\/\/schema.org","@graph":[{"@type":"Article","@id":"https:\/\/informelitoral.com.ar\/la-actividad-industrial-crecio-69-en-junio-y-la-construccion-el-72\/#article","isPartOf":{"@id":"https:\/\/informelitoral.com.ar\/la-actividad-industrial-crecio-69-en-junio-y-la-construccion-el-72\/"},"author":{"name":"Sebastian","@id":"https:\/\/informelitoral.com.ar\/#\/schema\/person\/f05f9f461677119578717524b127d6d5"},"headline":"La actividad industrial creci\u00f3 6,9% en junio y la construcci\u00f3n el 7,2%","datePublished":"2022-08-10T11:54:48+00:00","mainEntityOfPage":{"@id":"https:\/\/informelitoral.com.ar\/la-actividad-industrial-crecio-69-en-junio-y-la-construccion-el-72\/"},"wordCount":594,"commentCount":0,"publisher":{"@id":"https:\/\/informelitoral.com.ar\/#organization"},"image":{"@id":"https:\/\/informelitoral.com.ar\/la-actividad-industrial-crecio-69-en-junio-y-la-construccion-el-72\/#primaryimage"},"thumbnailUrl":"https:\/\/informelitoral.com.ar\/%77%70%2d%63%6f%6e%74%65%6e%74\/uploads\/2022\/08\/hjdhqbjsz-1256x620-1.jpg","keywords":["Actividad industrial"],"articleSection":["Econom\u00eda"],"inLanguage":"es","potentialAction":[{"@type":"CommentAction","name":"Comment","target":["https:\/\/informelitoral.com.ar\/la-actividad-industrial-crecio-69-en-junio-y-la-construccion-el-72\/#respond"]}]},{"@type":"WebPage","@id":"https:\/\/informelitoral.com.ar\/la-actividad-industrial-crecio-69-en-junio-y-la-construccion-el-72\/","url":"https:\/\/informelitoral.com.ar\/la-actividad-industrial-crecio-69-en-junio-y-la-construccion-el-72\/","name":"La actividad industrial creci\u00f3 6,9% en junio y la construcci\u00f3n el 7,2% - Informe Litoral","isPartOf":{"@id":"https:\/\/informelitoral.com.ar\/#website"},"primaryImageOfPage":{"@id":"https:\/\/informelitoral.com.ar\/la-actividad-industrial-crecio-69-en-junio-y-la-construccion-el-72\/#primaryimage"},"image":{"@id":"https:\/\/informelitoral.com.ar\/la-actividad-industrial-crecio-69-en-junio-y-la-construccion-el-72\/#primaryimage"},"thumbnailUrl":"https:\/\/informelitoral.com.ar\/%77%70%2d%63%6f%6e%74%65%6e%74\/uploads\/2022\/08\/hjdhqbjsz-1256x620-1.jpg","datePublished":"2022-08-10T11:54:48+00:00","breadcrumb":{"@id":"https:\/\/informelitoral.com.ar\/la-actividad-industrial-crecio-69-en-junio-y-la-construccion-el-72\/#breadcrumb"},"inLanguage":"es","potentialAction":[{"@type":"ReadAction","target":["https:\/\/informelitoral.com.ar\/la-actividad-industrial-crecio-69-en-junio-y-la-construccion-el-72\/"]}]},{"@type":"ImageObject","inLanguage":"es","@id":"https:\/\/informelitoral.com.ar\/la-actividad-industrial-crecio-69-en-junio-y-la-construccion-el-72\/#primaryimage","url":"https:\/\/informelitoral.com.ar\/%77%70%2d%63%6f%6e%74%65%6e%74\/uploads\/2022\/08\/hjdhqbjsz-1256x620-1.jpg","contentUrl":"https:\/\/informelitoral.com.ar\/%77%70%2d%63%6f%6e%74%65%6e%74\/uploads\/2022\/08\/hjdhqbjsz-1256x620-1.jpg","width":760,"height":480},{"@type":"BreadcrumbList","@id":"https:\/\/informelitoral.com.ar\/la-actividad-industrial-crecio-69-en-junio-y-la-construccion-el-72\/#breadcrumb","itemListElement":[{"@type":"ListItem","position":1,"name":"Portada","item":"https:\/\/informelitoral.com.ar\/"},{"@type":"ListItem","position":2,"name":"La actividad industrial creci\u00f3 6,9% en junio y la construcci\u00f3n el 7,2%"}]},{"@type":"WebSite","@id":"https:\/\/informelitoral.com.ar\/#website","url":"https:\/\/informelitoral.com.ar\/","name":"Informe Litoral","description":"&quot;Nos informamos&quot; ","publisher":{"@id":"https:\/\/informelitoral.com.ar\/#organization"},"potentialAction":[{"@type":"SearchAction","target":{"@type":"EntryPoint","urlTemplate":"https:\/\/informelitoral.com.ar\/?s={search_term_string}"},"query-input":{"@type":"PropertyValueSpecification","valueRequired":true,"valueName":"search_term_string"}}],"inLanguage":"es"},{"@type":"Organization","@id":"https:\/\/informelitoral.com.ar\/#organization","name":"Informe Litoral","url":"https:\/\/informelitoral.com.ar\/","logo":{"@type":"ImageObject","inLanguage":"es","@id":"https:\/\/informelitoral.com.ar\/#\/schema\/logo\/image\/","url":"https:\/\/informelitoral.com.ar\/%77%70%2d%63%6f%6e%74%65%6e%74\/uploads\/2021\/01\/circulo.png","contentUrl":"https:\/\/informelitoral.com.ar\/%77%70%2d%63%6f%6e%74%65%6e%74\/uploads\/2021\/01\/circulo.png","width":723,"height":731,"caption":"Informe Litoral"},"image":{"@id":"https:\/\/informelitoral.com.ar\/#\/schema\/logo\/image\/"},"sameAs":["https:\/\/www.facebook.com\/informelitoral\/","https:\/\/x.com\/InformeLitoral","https:\/\/www.instagram.com\/informelitoral\/","https:\/\/www.youtube.com\/channel\/UCua4Qvz8Icb6MYqhoq9xLXw"]},{"@type":"Person","@id":"https:\/\/informelitoral.com.ar\/#\/schema\/person\/f05f9f461677119578717524b127d6d5","name":"Sebastian","image":{"@type":"ImageObject","inLanguage":"es","@id":"https:\/\/secure.gravatar.com\/avatar\/b71bf7481d447dfb9583c7f2798e7cc64de6efb9067b74633ed8c31059a3bd82?s=96&d=mm&r=g","url":"https:\/\/secure.gravatar.com\/avatar\/b71bf7481d447dfb9583c7f2798e7cc64de6efb9067b74633ed8c31059a3bd82?s=96&d=mm&r=g","contentUrl":"https:\/\/secure.gravatar.com\/avatar\/b71bf7481d447dfb9583c7f2798e7cc64de6efb9067b74633ed8c31059a3bd82?s=96&d=mm&r=g","caption":"Sebastian"},"url":"https:\/\/informelitoral.com.ar\/author\/sebastian\/"}]}},"_links":{"self":[{"href":"https:\/\/informelitoral.com.ar\/%77%70%2d%6a%73%6f%6e\/wp\/v2\/posts\/83508","targetHints":{"allow":["GET"]}}],"collection":[{"href":"https:\/\/informelitoral.com.ar\/%77%70%2d%6a%73%6f%6e\/wp\/v2\/posts"}],"about":[{"href":"https:\/\/informelitoral.com.ar\/%77%70%2d%6a%73%6f%6e\/wp\/v2\/types\/post"}],"author":[{"embeddable":true,"href":"https:\/\/informelitoral.com.ar\/%77%70%2d%6a%73%6f%6e\/wp\/v2\/users\/8"}],"replies":[{"embeddable":true,"href":"https:\/\/informelitoral.com.ar\/%77%70%2d%6a%73%6f%6e\/wp\/v2\/comments?post=83508"}],"version-history":[{"count":0,"href":"https:\/\/informelitoral.com.ar\/%77%70%2d%6a%73%6f%6e\/wp\/v2\/posts\/83508\/revisions"}],"wp:featuredmedia":[{"embeddable":true,"href":"https:\/\/informelitoral.com.ar\/%77%70%2d%6a%73%6f%6e\/wp\/v2\/media\/83510"}],"wp:attachment":[{"href":"https:\/\/informelitoral.com.ar\/%77%70%2d%6a%73%6f%6e\/wp\/v2\/media?parent=83508"}],"wp:term":[{"taxonomy":"category","embeddable":true,"href":"https:\/\/informelitoral.com.ar\/%77%70%2d%6a%73%6f%6e\/wp\/v2\/categories?post=83508"},{"taxonomy":"post_tag","embeddable":true,"href":"https:\/\/informelitoral.com.ar\/%77%70%2d%6a%73%6f%6e\/wp\/v2\/tags?post=83508"}],"curies":[{"name":"wp","href":"https:\/\/api.w.org\/{rel}","templated":true}]}}