{"id":83399,"date":"2022-08-09T09:00:25","date_gmt":"2022-08-09T12:00:25","guid":{"rendered":"https:\/\/www.informelitoral.com.ar\/?p=83399"},"modified":"2022-08-09T09:00:25","modified_gmt":"2022-08-09T12:00:25","slug":"aldea-protestante-proyecto-para-mejorar-el-servicio-de-agua-potable","status":"publish","type":"post","link":"https:\/\/informelitoral.com.ar\/aldea-protestante-proyecto-para-mejorar-el-servicio-de-agua-potable\/","title":{"rendered":"Aldea Protestante: Proyecto para mejorar el servicio de agua potable"},"content":{"rendered":"<p>En cuanto a Aldea Protestante, los funcionarios dialogaron sobre el proyecto que prev\u00e9 la construcci\u00f3n de un nuevo pozo, un tanque y la extensi\u00f3n de la red de agua, propuesta que fue gestionada de manera conjunta con la Cooperativa de Agua, que preside\u00a0<strong>Luis Mohr<\/strong>.<\/p>\n<p>Al respecto, el legislador dijo que \u201cel proyecto est\u00e1 siendo dise\u00f1ado por el equipo de la Direcci\u00f3n de Obras Sanitarias de Entre R\u00edos (OSER) y est\u00e1 en su etapa final, lo cual nos permitir\u00e1 pronto gestionar los recursos para la realizaci\u00f3n de esta obra tan importante para la localidad. Agradezco al ministro y al director de OSER,\u00a0<strong>Luis Trupiano<\/strong>, por el gran trabajo que vienen haciendo para hacer realidad esta propuesta que beneficiar\u00e1 a la comunidad\u201d.<\/p>\n","protected":false},"excerpt":{"rendered":"<p>El diputado Jorge C\u00e1ceres, la semana pasada fue recibido por el ministro de Planeamiento, Infraestructura y Servicios, Arq. Marcelo Richard y la secretaria del organismo Cont. Mar\u00eda Eugenia Mayr, donde abordaron el avance de obras y proyectos que involucran a distintas comunidades del Departamento Diamante.<\/p>\n","protected":false},"author":8,"featured_media":83400,"comment_status":"open","ping_status":"open","sticky":false,"template":"","format":"standard","meta":{"fifu_image_url":"","fifu_image_alt":"","footnotes":""},"categories":[5],"tags":[497],"class_list":{"0":"post-83399","1":"post","2":"type-post","3":"status-publish","4":"format-standard","5":"has-post-thumbnail","7":"category-zonales","8":"tag-agua-potable"},"yoast_head":"<title>Aldea Protestante: Proyecto para mejorar el servicio de agua potable - Informe Litoral<\/title>\n<meta name=\"robots\" content=\"index, follow, max-snippet:-1, max-image-preview:large, max-video-preview:-1\" \/>\n<link rel=\"canonical\" href=\"https:\/\/informelitoral.com.ar\/aldea-protestante-proyecto-para-mejorar-el-servicio-de-agua-potable\/\" \/>\n<meta property=\"og:locale\" content=\"es_ES\" \/>\n<meta property=\"og:type\" content=\"article\" \/>\n<meta property=\"og:title\" content=\"Aldea Protestante: Proyecto para mejorar el servicio de agua potable - Informe Litoral\" \/>\n<meta property=\"og:description\" content=\"El diputado Jorge C\u00e1ceres, la semana pasada fue recibido por el ministro de Planeamiento, Infraestructura y Servicios, Arq. Marcelo Richard y la secretaria del organismo Cont. Mar\u00eda Eugenia Mayr, donde abordaron el avance de obras y proyectos que involucran a distintas comunidades del Departamento Diamante.\" \/>\n<meta property=\"og:url\" content=\"https:\/\/informelitoral.com.ar\/aldea-protestante-proyecto-para-mejorar-el-servicio-de-agua-potable\/\" \/>\n<meta property=\"og:site_name\" content=\"Informe Litoral\" \/>\n<meta property=\"article:publisher\" content=\"https:\/\/www.facebook.com\/informelitoral\/\" \/>\n<meta property=\"article:published_time\" content=\"2022-08-09T12:00:25+00:00\" \/>\n<meta property=\"og:image\" content=\"https:\/\/informelitoral.com.ar\/%77%70%2d%63%6f%6e%74%65%6e%74\/uploads\/2022\/08\/1826-ALDEA-PROTESTANTE-DIPUTADO-CACERES-RICHARD-OBRA.jpg\" \/>\n\t<meta property=\"og:image:width\" content=\"600\" \/>\n\t<meta property=\"og:image:height\" content=\"541\" \/>\n\t<meta property=\"og:image:type\" content=\"image\/jpeg\" \/>\n<meta name=\"author\" content=\"Sebastian\" \/>\n<meta name=\"twitter:card\" content=\"summary_large_image\" \/>\n<meta name=\"twitter:creator\" content=\"@InformeLitoral\" \/>\n<meta name=\"twitter:site\" content=\"@InformeLitoral\" \/>\n<meta name=\"twitter:label1\" content=\"Escrito por\" \/>\n\t<meta name=\"twitter:data1\" content=\"Sebastian\" \/>\n\t<meta name=\"twitter:label2\" content=\"Tiempo de lectura\" \/>\n\t<meta name=\"twitter:data2\" content=\"1 minuto\" \/>\n<script type=\"application\/ld+json\" class=\"yoast-schema-graph\">{\"@context\":\"https:\\\/\\\/schema.org\",\"@graph\":[{\"@type\":\"Article\",\"@id\":\"https:\\\/\\\/informelitoral.com.ar\\\/aldea-protestante-proyecto-para-mejorar-el-servicio-de-agua-potable\\\/#article\",\"isPartOf\":{\"@id\":\"https:\\\/\\\/informelitoral.com.ar\\\/aldea-protestante-proyecto-para-mejorar-el-servicio-de-agua-potable\\\/\"},\"author\":{\"name\":\"Sebastian\",\"@id\":\"https:\\\/\\\/informelitoral.com.ar\\\/#\\\/schema\\\/person\\\/f05f9f461677119578717524b127d6d5\"},\"headline\":\"Aldea Protestante: Proyecto para mejorar el servicio de agua potable\",\"datePublished\":\"2022-08-09T12:00:25+00:00\",\"mainEntityOfPage\":{\"@id\":\"https:\\\/\\\/informelitoral.com.ar\\\/aldea-protestante-proyecto-para-mejorar-el-servicio-de-agua-potable\\\/\"},\"wordCount\":137,\"commentCount\":0,\"publisher\":{\"@id\":\"https:\\\/\\\/informelitoral.com.ar\\\/#organization\"},\"image\":{\"@id\":\"https:\\\/\\\/informelitoral.com.ar\\\/aldea-protestante-proyecto-para-mejorar-el-servicio-de-agua-potable\\\/#primaryimage\"},\"thumbnailUrl\":\"https:\\\/\\\/informelitoral.com.ar\\\/%77%70%2d%63%6f%6e%74%65%6e%74\\\/uploads\\\/2022\\\/08\\\/1826-ALDEA-PROTESTANTE-DIPUTADO-CACERES-RICHARD-OBRA.jpg\",\"keywords\":[\"Agua potable\"],\"articleSection\":[\"Departamento Diamante\"],\"inLanguage\":\"es\",\"potentialAction\":[{\"@type\":\"CommentAction\",\"name\":\"Comment\",\"target\":[\"https:\\\/\\\/informelitoral.com.ar\\\/aldea-protestante-proyecto-para-mejorar-el-servicio-de-agua-potable\\\/#respond\"]}]},{\"@type\":\"WebPage\",\"@id\":\"https:\\\/\\\/informelitoral.com.ar\\\/aldea-protestante-proyecto-para-mejorar-el-servicio-de-agua-potable\\\/\",\"url\":\"https:\\\/\\\/informelitoral.com.ar\\\/aldea-protestante-proyecto-para-mejorar-el-servicio-de-agua-potable\\\/\",\"name\":\"Aldea Protestante: Proyecto para mejorar el servicio de agua potable - Informe Litoral\",\"isPartOf\":{\"@id\":\"https:\\\/\\\/informelitoral.com.ar\\\/#website\"},\"primaryImageOfPage\":{\"@id\":\"https:\\\/\\\/informelitoral.com.ar\\\/aldea-protestante-proyecto-para-mejorar-el-servicio-de-agua-potable\\\/#primaryimage\"},\"image\":{\"@id\":\"https:\\\/\\\/informelitoral.com.ar\\\/aldea-protestante-proyecto-para-mejorar-el-servicio-de-agua-potable\\\/#primaryimage\"},\"thumbnailUrl\":\"https:\\\/\\\/informelitoral.com.ar\\\/%77%70%2d%63%6f%6e%74%65%6e%74\\\/uploads\\\/2022\\\/08\\\/1826-ALDEA-PROTESTANTE-DIPUTADO-CACERES-RICHARD-OBRA.jpg\",\"datePublished\":\"2022-08-09T12:00:25+00:00\",\"breadcrumb\":{\"@id\":\"https:\\\/\\\/informelitoral.com.ar\\\/aldea-protestante-proyecto-para-mejorar-el-servicio-de-agua-potable\\\/#breadcrumb\"},\"inLanguage\":\"es\",\"potentialAction\":[{\"@type\":\"ReadAction\",\"target\":[\"https:\\\/\\\/informelitoral.com.ar\\\/aldea-protestante-proyecto-para-mejorar-el-servicio-de-agua-potable\\\/\"]}]},{\"@type\":\"ImageObject\",\"inLanguage\":\"es\",\"@id\":\"https:\\\/\\\/informelitoral.com.ar\\\/aldea-protestante-proyecto-para-mejorar-el-servicio-de-agua-potable\\\/#primaryimage\",\"url\":\"https:\\\/\\\/informelitoral.com.ar\\\/%77%70%2d%63%6f%6e%74%65%6e%74\\\/uploads\\\/2022\\\/08\\\/1826-ALDEA-PROTESTANTE-DIPUTADO-CACERES-RICHARD-OBRA.jpg\",\"contentUrl\":\"https:\\\/\\\/informelitoral.com.ar\\\/%77%70%2d%63%6f%6e%74%65%6e%74\\\/uploads\\\/2022\\\/08\\\/1826-ALDEA-PROTESTANTE-DIPUTADO-CACERES-RICHARD-OBRA.jpg\",\"width\":600,\"height\":541},{\"@type\":\"BreadcrumbList\",\"@id\":\"https:\\\/\\\/informelitoral.com.ar\\\/aldea-protestante-proyecto-para-mejorar-el-servicio-de-agua-potable\\\/#breadcrumb\",\"itemListElement\":[{\"@type\":\"ListItem\",\"position\":1,\"name\":\"Portada\",\"item\":\"https:\\\/\\\/informelitoral.com.ar\\\/\"},{\"@type\":\"ListItem\",\"position\":2,\"name\":\"Aldea Protestante: Proyecto para mejorar el servicio de agua potable\"}]},{\"@type\":\"WebSite\",\"@id\":\"https:\\\/\\\/informelitoral.com.ar\\\/#website\",\"url\":\"https:\\\/\\\/informelitoral.com.ar\\\/\",\"name\":\"Informe Litoral\",\"description\":\"&quot;Nos informamos&quot; \",\"publisher\":{\"@id\":\"https:\\\/\\\/informelitoral.com.ar\\\/#organization\"},\"potentialAction\":[{\"@type\":\"SearchAction\",\"target\":{\"@type\":\"EntryPoint\",\"urlTemplate\":\"https:\\\/\\\/informelitoral.com.ar\\\/?s={search_term_string}\"},\"query-input\":{\"@type\":\"PropertyValueSpecification\",\"valueRequired\":true,\"valueName\":\"search_term_string\"}}],\"inLanguage\":\"es\"},{\"@type\":\"Organization\",\"@id\":\"https:\\\/\\\/informelitoral.com.ar\\\/#organization\",\"name\":\"Informe Litoral\",\"url\":\"https:\\\/\\\/informelitoral.com.ar\\\/\",\"logo\":{\"@type\":\"ImageObject\",\"inLanguage\":\"es\",\"@id\":\"https:\\\/\\\/informelitoral.com.ar\\\/#\\\/schema\\\/logo\\\/image\\\/\",\"url\":\"https:\\\/\\\/informelitoral.com.ar\\\/%77%70%2d%63%6f%6e%74%65%6e%74\\\/uploads\\\/2021\\\/01\\\/circulo.png\",\"contentUrl\":\"https:\\\/\\\/informelitoral.com.ar\\\/%77%70%2d%63%6f%6e%74%65%6e%74\\\/uploads\\\/2021\\\/01\\\/circulo.png\",\"width\":723,\"height\":731,\"caption\":\"Informe Litoral\"},\"image\":{\"@id\":\"https:\\\/\\\/informelitoral.com.ar\\\/#\\\/schema\\\/logo\\\/image\\\/\"},\"sameAs\":[\"https:\\\/\\\/www.facebook.com\\\/informelitoral\\\/\",\"https:\\\/\\\/x.com\\\/InformeLitoral\",\"https:\\\/\\\/www.instagram.com\\\/informelitoral\\\/\",\"https:\\\/\\\/www.youtube.com\\\/channel\\\/UCua4Qvz8Icb6MYqhoq9xLXw\"]},{\"@type\":\"Person\",\"@id\":\"https:\\\/\\\/informelitoral.com.ar\\\/#\\\/schema\\\/person\\\/f05f9f461677119578717524b127d6d5\",\"name\":\"Sebastian\",\"image\":{\"@type\":\"ImageObject\",\"inLanguage\":\"es\",\"@id\":\"https:\\\/\\\/secure.gravatar.com\\\/avatar\\\/b71bf7481d447dfb9583c7f2798e7cc64de6efb9067b74633ed8c31059a3bd82?s=96&d=mm&r=g\",\"url\":\"https:\\\/\\\/secure.gravatar.com\\\/avatar\\\/b71bf7481d447dfb9583c7f2798e7cc64de6efb9067b74633ed8c31059a3bd82?s=96&d=mm&r=g\",\"contentUrl\":\"https:\\\/\\\/secure.gravatar.com\\\/avatar\\\/b71bf7481d447dfb9583c7f2798e7cc64de6efb9067b74633ed8c31059a3bd82?s=96&d=mm&r=g\",\"caption\":\"Sebastian\"},\"url\":\"https:\\\/\\\/informelitoral.com.ar\\\/author\\\/sebastian\\\/\"}]}<\/script>","yoast_head_json":{"title":"Aldea Protestante: Proyecto para mejorar el servicio de agua potable - Informe Litoral","robots":{"index":"index","follow":"follow","max-snippet":"max-snippet:-1","max-image-preview":"max-image-preview:large","max-video-preview":"max-video-preview:-1"},"canonical":"https:\/\/informelitoral.com.ar\/aldea-protestante-proyecto-para-mejorar-el-servicio-de-agua-potable\/","og_locale":"es_ES","og_type":"article","og_title":"Aldea Protestante: Proyecto para mejorar el servicio de agua potable - Informe Litoral","og_description":"El diputado Jorge C\u00e1ceres, la semana pasada fue recibido por el ministro de Planeamiento, Infraestructura y Servicios, Arq. Marcelo Richard y la secretaria del organismo Cont. Mar\u00eda Eugenia Mayr, donde abordaron el avance de obras y proyectos que involucran a distintas comunidades del Departamento Diamante.","og_url":"https:\/\/informelitoral.com.ar\/aldea-protestante-proyecto-para-mejorar-el-servicio-de-agua-potable\/","og_site_name":"Informe Litoral","article_publisher":"https:\/\/www.facebook.com\/informelitoral\/","article_published_time":"2022-08-09T12:00:25+00:00","og_image":[{"width":600,"height":541,"url":"https:\/\/informelitoral.com.ar\/%77%70%2d%63%6f%6e%74%65%6e%74\/uploads\/2022\/08\/1826-ALDEA-PROTESTANTE-DIPUTADO-CACERES-RICHARD-OBRA.jpg","type":"image\/jpeg"}],"author":"Sebastian","twitter_card":"summary_large_image","twitter_creator":"@InformeLitoral","twitter_site":"@InformeLitoral","twitter_misc":{"Escrito por":"Sebastian","Tiempo de lectura":"1 minuto"},"schema":{"@context":"https:\/\/schema.org","@graph":[{"@type":"Article","@id":"https:\/\/informelitoral.com.ar\/aldea-protestante-proyecto-para-mejorar-el-servicio-de-agua-potable\/#article","isPartOf":{"@id":"https:\/\/informelitoral.com.ar\/aldea-protestante-proyecto-para-mejorar-el-servicio-de-agua-potable\/"},"author":{"name":"Sebastian","@id":"https:\/\/informelitoral.com.ar\/#\/schema\/person\/f05f9f461677119578717524b127d6d5"},"headline":"Aldea Protestante: Proyecto para mejorar el servicio de agua potable","datePublished":"2022-08-09T12:00:25+00:00","mainEntityOfPage":{"@id":"https:\/\/informelitoral.com.ar\/aldea-protestante-proyecto-para-mejorar-el-servicio-de-agua-potable\/"},"wordCount":137,"commentCount":0,"publisher":{"@id":"https:\/\/informelitoral.com.ar\/#organization"},"image":{"@id":"https:\/\/informelitoral.com.ar\/aldea-protestante-proyecto-para-mejorar-el-servicio-de-agua-potable\/#primaryimage"},"thumbnailUrl":"https:\/\/informelitoral.com.ar\/%77%70%2d%63%6f%6e%74%65%6e%74\/uploads\/2022\/08\/1826-ALDEA-PROTESTANTE-DIPUTADO-CACERES-RICHARD-OBRA.jpg","keywords":["Agua potable"],"articleSection":["Departamento Diamante"],"inLanguage":"es","potentialAction":[{"@type":"CommentAction","name":"Comment","target":["https:\/\/informelitoral.com.ar\/aldea-protestante-proyecto-para-mejorar-el-servicio-de-agua-potable\/#respond"]}]},{"@type":"WebPage","@id":"https:\/\/informelitoral.com.ar\/aldea-protestante-proyecto-para-mejorar-el-servicio-de-agua-potable\/","url":"https:\/\/informelitoral.com.ar\/aldea-protestante-proyecto-para-mejorar-el-servicio-de-agua-potable\/","name":"Aldea Protestante: Proyecto para mejorar el servicio de agua potable - Informe Litoral","isPartOf":{"@id":"https:\/\/informelitoral.com.ar\/#website"},"primaryImageOfPage":{"@id":"https:\/\/informelitoral.com.ar\/aldea-protestante-proyecto-para-mejorar-el-servicio-de-agua-potable\/#primaryimage"},"image":{"@id":"https:\/\/informelitoral.com.ar\/aldea-protestante-proyecto-para-mejorar-el-servicio-de-agua-potable\/#primaryimage"},"thumbnailUrl":"https:\/\/informelitoral.com.ar\/%77%70%2d%63%6f%6e%74%65%6e%74\/uploads\/2022\/08\/1826-ALDEA-PROTESTANTE-DIPUTADO-CACERES-RICHARD-OBRA.jpg","datePublished":"2022-08-09T12:00:25+00:00","breadcrumb":{"@id":"https:\/\/informelitoral.com.ar\/aldea-protestante-proyecto-para-mejorar-el-servicio-de-agua-potable\/#breadcrumb"},"inLanguage":"es","potentialAction":[{"@type":"ReadAction","target":["https:\/\/informelitoral.com.ar\/aldea-protestante-proyecto-para-mejorar-el-servicio-de-agua-potable\/"]}]},{"@type":"ImageObject","inLanguage":"es","@id":"https:\/\/informelitoral.com.ar\/aldea-protestante-proyecto-para-mejorar-el-servicio-de-agua-potable\/#primaryimage","url":"https:\/\/informelitoral.com.ar\/%77%70%2d%63%6f%6e%74%65%6e%74\/uploads\/2022\/08\/1826-ALDEA-PROTESTANTE-DIPUTADO-CACERES-RICHARD-OBRA.jpg","contentUrl":"https:\/\/informelitoral.com.ar\/%77%70%2d%63%6f%6e%74%65%6e%74\/uploads\/2022\/08\/1826-ALDEA-PROTESTANTE-DIPUTADO-CACERES-RICHARD-OBRA.jpg","width":600,"height":541},{"@type":"BreadcrumbList","@id":"https:\/\/informelitoral.com.ar\/aldea-protestante-proyecto-para-mejorar-el-servicio-de-agua-potable\/#breadcrumb","itemListElement":[{"@type":"ListItem","position":1,"name":"Portada","item":"https:\/\/informelitoral.com.ar\/"},{"@type":"ListItem","position":2,"name":"Aldea Protestante: Proyecto para mejorar el servicio de agua potable"}]},{"@type":"WebSite","@id":"https:\/\/informelitoral.com.ar\/#website","url":"https:\/\/informelitoral.com.ar\/","name":"Informe Litoral","description":"&quot;Nos informamos&quot; ","publisher":{"@id":"https:\/\/informelitoral.com.ar\/#organization"},"potentialAction":[{"@type":"SearchAction","target":{"@type":"EntryPoint","urlTemplate":"https:\/\/informelitoral.com.ar\/?s={search_term_string}"},"query-input":{"@type":"PropertyValueSpecification","valueRequired":true,"valueName":"search_term_string"}}],"inLanguage":"es"},{"@type":"Organization","@id":"https:\/\/informelitoral.com.ar\/#organization","name":"Informe Litoral","url":"https:\/\/informelitoral.com.ar\/","logo":{"@type":"ImageObject","inLanguage":"es","@id":"https:\/\/informelitoral.com.ar\/#\/schema\/logo\/image\/","url":"https:\/\/informelitoral.com.ar\/%77%70%2d%63%6f%6e%74%65%6e%74\/uploads\/2021\/01\/circulo.png","contentUrl":"https:\/\/informelitoral.com.ar\/%77%70%2d%63%6f%6e%74%65%6e%74\/uploads\/2021\/01\/circulo.png","width":723,"height":731,"caption":"Informe Litoral"},"image":{"@id":"https:\/\/informelitoral.com.ar\/#\/schema\/logo\/image\/"},"sameAs":["https:\/\/www.facebook.com\/informelitoral\/","https:\/\/x.com\/InformeLitoral","https:\/\/www.instagram.com\/informelitoral\/","https:\/\/www.youtube.com\/channel\/UCua4Qvz8Icb6MYqhoq9xLXw"]},{"@type":"Person","@id":"https:\/\/informelitoral.com.ar\/#\/schema\/person\/f05f9f461677119578717524b127d6d5","name":"Sebastian","image":{"@type":"ImageObject","inLanguage":"es","@id":"https:\/\/secure.gravatar.com\/avatar\/b71bf7481d447dfb9583c7f2798e7cc64de6efb9067b74633ed8c31059a3bd82?s=96&d=mm&r=g","url":"https:\/\/secure.gravatar.com\/avatar\/b71bf7481d447dfb9583c7f2798e7cc64de6efb9067b74633ed8c31059a3bd82?s=96&d=mm&r=g","contentUrl":"https:\/\/secure.gravatar.com\/avatar\/b71bf7481d447dfb9583c7f2798e7cc64de6efb9067b74633ed8c31059a3bd82?s=96&d=mm&r=g","caption":"Sebastian"},"url":"https:\/\/informelitoral.com.ar\/author\/sebastian\/"}]}},"_links":{"self":[{"href":"https:\/\/informelitoral.com.ar\/%77%70%2d%6a%73%6f%6e\/wp\/v2\/posts\/83399","targetHints":{"allow":["GET"]}}],"collection":[{"href":"https:\/\/informelitoral.com.ar\/%77%70%2d%6a%73%6f%6e\/wp\/v2\/posts"}],"about":[{"href":"https:\/\/informelitoral.com.ar\/%77%70%2d%6a%73%6f%6e\/wp\/v2\/types\/post"}],"author":[{"embeddable":true,"href":"https:\/\/informelitoral.com.ar\/%77%70%2d%6a%73%6f%6e\/wp\/v2\/users\/8"}],"replies":[{"embeddable":true,"href":"https:\/\/informelitoral.com.ar\/%77%70%2d%6a%73%6f%6e\/wp\/v2\/comments?post=83399"}],"version-history":[{"count":0,"href":"https:\/\/informelitoral.com.ar\/%77%70%2d%6a%73%6f%6e\/wp\/v2\/posts\/83399\/revisions"}],"wp:featuredmedia":[{"embeddable":true,"href":"https:\/\/informelitoral.com.ar\/%77%70%2d%6a%73%6f%6e\/wp\/v2\/media\/83400"}],"wp:attachment":[{"href":"https:\/\/informelitoral.com.ar\/%77%70%2d%6a%73%6f%6e\/wp\/v2\/media?parent=83399"}],"wp:term":[{"taxonomy":"category","embeddable":true,"href":"https:\/\/informelitoral.com.ar\/%77%70%2d%6a%73%6f%6e\/wp\/v2\/categories?post=83399"},{"taxonomy":"post_tag","embeddable":true,"href":"https:\/\/informelitoral.com.ar\/%77%70%2d%6a%73%6f%6e\/wp\/v2\/tags?post=83399"}],"curies":[{"name":"wp","href":"https:\/\/api.w.org\/{rel}","templated":true}]}}