{"id":83330,"date":"2022-08-08T10:09:45","date_gmt":"2022-08-08T13:09:45","guid":{"rendered":"https:\/\/www.informelitoral.com.ar\/?p=83330"},"modified":"2022-08-08T10:09:45","modified_gmt":"2022-08-08T13:09:45","slug":"se-recuperan-las-exportaciones-avicolas","status":"publish","type":"post","link":"https:\/\/informelitoral.com.ar\/se-recuperan-las-exportaciones-avicolas\/","title":{"rendered":"Se recuperan las exportaciones av\u00edcolas"},"content":{"rendered":"<p>El precio medio de exportaci\u00f3n creci\u00f3 10,9% medido en moneda extranjera, con un valor medio de US$ 1.529 por tonelada y el saldo comercial del sector arroj\u00f3 un super\u00e1vit de US$ 113.000.000, de acuerdo con el \u00faltimo informe de IES Consultores.<\/p>\n<p>El sector av\u00edcola mantendr\u00e1 su nivel de actividad en 2022, con el mercado interno como protagonista, \u201cimpulsado por una buena relaci\u00f3n de precios y necesidad de cuidar el salario\u201d, explican los especialistas.<\/p>\n<p>Por el lado del mercado externo, el principal factor preponderante ser\u00e1 el comportamiento de la competitividad en el margen, sobre todo al compararse con Brasil, donde los productores se ven beneficiados por una mejora del tipo de cambio real.<\/p>\n<p>Para Alejandro Ovando, director de IES Consultores, \u201cla competitividad del mercado externo contin\u00faa siendo un factor a monitorear, con Brasil desplazando una cantidad considerable de productos av\u00edcolas en el mercado internacional\u201d.<\/p>\n<p>Producci\u00f3n de carne aviar<\/p>\n<p>En los primeros cinco meses de 2022, la producci\u00f3n de carne aviar totaliz\u00f3 931.000 toneladas, lo que significa una recuperaci\u00f3n de 1,6% frente a 2021. De esta manera, experiment\u00f3 una mejora como consecuencia del rebote tras la ca\u00edda de 2020, as\u00ed como tambi\u00e9n la mejora de rentabilidad en el margen.<\/p>\n<p>En ese per\u00edodo se faen\u00f3 un total de 303,4 millones de cabezas, un 1,4% mayor a la faena de 2021, agrega el informe de IES.<\/p>\n<p>Cabe acotar que en los \u00faltimos tres a\u00f1os, la ingesta de carne aviar en Argentina se mantuvo estable, pr\u00e1cticamente en r\u00e9cord hist\u00f3rico, dado el dif\u00edcil contexto en t\u00e9rminos de ingresos para la poblaci\u00f3n.<\/p>\n","protected":false},"excerpt":{"rendered":"<p>Luego de dos a\u00f1os consecutivos de contracciones, en los primeros 5 meses de 2022, las exportaciones av\u00edcolas de Argentina mostraron una recuperaci\u00f3n: en valores, las ventas al exterior treparon en ese per\u00edodo 18,7% (totalizaron US$ 139.000.000) y medidas en toneladas, 6,9% que las despachadas en el mismo lapso de 2021 (91.000 toneladas).<\/p>\n","protected":false},"author":8,"featured_media":83333,"comment_status":"open","ping_status":"open","sticky":false,"template":"","format":"standard","meta":{"fifu_image_url":"","fifu_image_alt":"","footnotes":""},"categories":[10],"tags":[3878],"class_list":{"0":"post-83330","1":"post","2":"type-post","3":"status-publish","4":"format-standard","5":"has-post-thumbnail","7":"category-campo","8":"tag-exportacion-avicola"},"yoast_head":"<title>Se recuperan las exportaciones av\u00edcolas - Informe Litoral<\/title>\n<meta name=\"robots\" content=\"index, follow, max-snippet:-1, max-image-preview:large, max-video-preview:-1\" \/>\n<link rel=\"canonical\" href=\"https:\/\/informelitoral.com.ar\/se-recuperan-las-exportaciones-avicolas\/\" \/>\n<meta property=\"og:locale\" content=\"es_ES\" \/>\n<meta property=\"og:type\" content=\"article\" \/>\n<meta property=\"og:title\" content=\"Se recuperan las exportaciones av\u00edcolas - Informe Litoral\" \/>\n<meta property=\"og:description\" content=\"Luego de dos a\u00f1os consecutivos de contracciones, en los primeros 5 meses de 2022, las exportaciones av\u00edcolas de Argentina mostraron una recuperaci\u00f3n: en valores, las ventas al exterior treparon en ese per\u00edodo 18,7% (totalizaron US$ 139.000.000) y medidas en toneladas, 6,9% que las despachadas en el mismo lapso de 2021 (91.000 toneladas).\" \/>\n<meta property=\"og:url\" content=\"https:\/\/informelitoral.com.ar\/se-recuperan-las-exportaciones-avicolas\/\" \/>\n<meta property=\"og:site_name\" content=\"Informe Litoral\" \/>\n<meta property=\"article:publisher\" content=\"https:\/\/www.facebook.com\/informelitoral\/\" \/>\n<meta property=\"article:published_time\" content=\"2022-08-08T13:09:45+00:00\" \/>\n<meta property=\"og:image\" content=\"https:\/\/informelitoral.com.ar\/%77%70%2d%63%6f%6e%74%65%6e%74\/uploads\/2022\/08\/4579-980x653-1.jpg\" \/>\n\t<meta property=\"og:image:width\" content=\"980\" \/>\n\t<meta property=\"og:image:height\" content=\"653\" \/>\n\t<meta property=\"og:image:type\" content=\"image\/jpeg\" \/>\n<meta name=\"author\" content=\"Sebastian\" \/>\n<meta name=\"twitter:card\" content=\"summary_large_image\" \/>\n<meta name=\"twitter:creator\" content=\"@InformeLitoral\" \/>\n<meta name=\"twitter:site\" content=\"@InformeLitoral\" \/>\n<meta name=\"twitter:label1\" content=\"Escrito por\" \/>\n\t<meta name=\"twitter:data1\" content=\"Sebastian\" \/>\n\t<meta name=\"twitter:label2\" content=\"Tiempo de lectura\" \/>\n\t<meta name=\"twitter:data2\" content=\"1 minuto\" \/>\n<script type=\"application\/ld+json\" class=\"yoast-schema-graph\">{\"@context\":\"https:\\\/\\\/schema.org\",\"@graph\":[{\"@type\":\"Article\",\"@id\":\"https:\\\/\\\/informelitoral.com.ar\\\/se-recuperan-las-exportaciones-avicolas\\\/#article\",\"isPartOf\":{\"@id\":\"https:\\\/\\\/informelitoral.com.ar\\\/se-recuperan-las-exportaciones-avicolas\\\/\"},\"author\":{\"name\":\"Sebastian\",\"@id\":\"https:\\\/\\\/informelitoral.com.ar\\\/#\\\/schema\\\/person\\\/f05f9f461677119578717524b127d6d5\"},\"headline\":\"Se recuperan las exportaciones av\u00edcolas\",\"datePublished\":\"2022-08-08T13:09:45+00:00\",\"mainEntityOfPage\":{\"@id\":\"https:\\\/\\\/informelitoral.com.ar\\\/se-recuperan-las-exportaciones-avicolas\\\/\"},\"wordCount\":268,\"commentCount\":0,\"publisher\":{\"@id\":\"https:\\\/\\\/informelitoral.com.ar\\\/#organization\"},\"image\":{\"@id\":\"https:\\\/\\\/informelitoral.com.ar\\\/se-recuperan-las-exportaciones-avicolas\\\/#primaryimage\"},\"thumbnailUrl\":\"https:\\\/\\\/informelitoral.com.ar\\\/%77%70%2d%63%6f%6e%74%65%6e%74\\\/uploads\\\/2022\\\/08\\\/4579-980x653-1.jpg\",\"keywords\":[\"Exportaci\u00f3n av\u00edcola\"],\"articleSection\":[\"Campo\"],\"inLanguage\":\"es\",\"potentialAction\":[{\"@type\":\"CommentAction\",\"name\":\"Comment\",\"target\":[\"https:\\\/\\\/informelitoral.com.ar\\\/se-recuperan-las-exportaciones-avicolas\\\/#respond\"]}]},{\"@type\":\"WebPage\",\"@id\":\"https:\\\/\\\/informelitoral.com.ar\\\/se-recuperan-las-exportaciones-avicolas\\\/\",\"url\":\"https:\\\/\\\/informelitoral.com.ar\\\/se-recuperan-las-exportaciones-avicolas\\\/\",\"name\":\"Se recuperan las exportaciones av\u00edcolas - Informe Litoral\",\"isPartOf\":{\"@id\":\"https:\\\/\\\/informelitoral.com.ar\\\/#website\"},\"primaryImageOfPage\":{\"@id\":\"https:\\\/\\\/informelitoral.com.ar\\\/se-recuperan-las-exportaciones-avicolas\\\/#primaryimage\"},\"image\":{\"@id\":\"https:\\\/\\\/informelitoral.com.ar\\\/se-recuperan-las-exportaciones-avicolas\\\/#primaryimage\"},\"thumbnailUrl\":\"https:\\\/\\\/informelitoral.com.ar\\\/%77%70%2d%63%6f%6e%74%65%6e%74\\\/uploads\\\/2022\\\/08\\\/4579-980x653-1.jpg\",\"datePublished\":\"2022-08-08T13:09:45+00:00\",\"breadcrumb\":{\"@id\":\"https:\\\/\\\/informelitoral.com.ar\\\/se-recuperan-las-exportaciones-avicolas\\\/#breadcrumb\"},\"inLanguage\":\"es\",\"potentialAction\":[{\"@type\":\"ReadAction\",\"target\":[\"https:\\\/\\\/informelitoral.com.ar\\\/se-recuperan-las-exportaciones-avicolas\\\/\"]}]},{\"@type\":\"ImageObject\",\"inLanguage\":\"es\",\"@id\":\"https:\\\/\\\/informelitoral.com.ar\\\/se-recuperan-las-exportaciones-avicolas\\\/#primaryimage\",\"url\":\"https:\\\/\\\/informelitoral.com.ar\\\/%77%70%2d%63%6f%6e%74%65%6e%74\\\/uploads\\\/2022\\\/08\\\/4579-980x653-1.jpg\",\"contentUrl\":\"https:\\\/\\\/informelitoral.com.ar\\\/%77%70%2d%63%6f%6e%74%65%6e%74\\\/uploads\\\/2022\\\/08\\\/4579-980x653-1.jpg\",\"width\":980,\"height\":653,\"caption\":\"Indoors chicken farm, chicken feeding\"},{\"@type\":\"BreadcrumbList\",\"@id\":\"https:\\\/\\\/informelitoral.com.ar\\\/se-recuperan-las-exportaciones-avicolas\\\/#breadcrumb\",\"itemListElement\":[{\"@type\":\"ListItem\",\"position\":1,\"name\":\"Portada\",\"item\":\"https:\\\/\\\/informelitoral.com.ar\\\/\"},{\"@type\":\"ListItem\",\"position\":2,\"name\":\"Se recuperan las exportaciones av\u00edcolas\"}]},{\"@type\":\"WebSite\",\"@id\":\"https:\\\/\\\/informelitoral.com.ar\\\/#website\",\"url\":\"https:\\\/\\\/informelitoral.com.ar\\\/\",\"name\":\"Informe Litoral\",\"description\":\"&quot;Nos informamos&quot; \",\"publisher\":{\"@id\":\"https:\\\/\\\/informelitoral.com.ar\\\/#organization\"},\"potentialAction\":[{\"@type\":\"SearchAction\",\"target\":{\"@type\":\"EntryPoint\",\"urlTemplate\":\"https:\\\/\\\/informelitoral.com.ar\\\/?s={search_term_string}\"},\"query-input\":{\"@type\":\"PropertyValueSpecification\",\"valueRequired\":true,\"valueName\":\"search_term_string\"}}],\"inLanguage\":\"es\"},{\"@type\":\"Organization\",\"@id\":\"https:\\\/\\\/informelitoral.com.ar\\\/#organization\",\"name\":\"Informe Litoral\",\"url\":\"https:\\\/\\\/informelitoral.com.ar\\\/\",\"logo\":{\"@type\":\"ImageObject\",\"inLanguage\":\"es\",\"@id\":\"https:\\\/\\\/informelitoral.com.ar\\\/#\\\/schema\\\/logo\\\/image\\\/\",\"url\":\"https:\\\/\\\/informelitoral.com.ar\\\/%77%70%2d%63%6f%6e%74%65%6e%74\\\/uploads\\\/2021\\\/01\\\/circulo.png\",\"contentUrl\":\"https:\\\/\\\/informelitoral.com.ar\\\/%77%70%2d%63%6f%6e%74%65%6e%74\\\/uploads\\\/2021\\\/01\\\/circulo.png\",\"width\":723,\"height\":731,\"caption\":\"Informe Litoral\"},\"image\":{\"@id\":\"https:\\\/\\\/informelitoral.com.ar\\\/#\\\/schema\\\/logo\\\/image\\\/\"},\"sameAs\":[\"https:\\\/\\\/www.facebook.com\\\/informelitoral\\\/\",\"https:\\\/\\\/x.com\\\/InformeLitoral\",\"https:\\\/\\\/www.instagram.com\\\/informelitoral\\\/\",\"https:\\\/\\\/www.youtube.com\\\/channel\\\/UCua4Qvz8Icb6MYqhoq9xLXw\"]},{\"@type\":\"Person\",\"@id\":\"https:\\\/\\\/informelitoral.com.ar\\\/#\\\/schema\\\/person\\\/f05f9f461677119578717524b127d6d5\",\"name\":\"Sebastian\",\"image\":{\"@type\":\"ImageObject\",\"inLanguage\":\"es\",\"@id\":\"https:\\\/\\\/secure.gravatar.com\\\/avatar\\\/b71bf7481d447dfb9583c7f2798e7cc64de6efb9067b74633ed8c31059a3bd82?s=96&d=mm&r=g\",\"url\":\"https:\\\/\\\/secure.gravatar.com\\\/avatar\\\/b71bf7481d447dfb9583c7f2798e7cc64de6efb9067b74633ed8c31059a3bd82?s=96&d=mm&r=g\",\"contentUrl\":\"https:\\\/\\\/secure.gravatar.com\\\/avatar\\\/b71bf7481d447dfb9583c7f2798e7cc64de6efb9067b74633ed8c31059a3bd82?s=96&d=mm&r=g\",\"caption\":\"Sebastian\"},\"url\":\"https:\\\/\\\/informelitoral.com.ar\\\/author\\\/sebastian\\\/\"}]}<\/script>","yoast_head_json":{"title":"Se recuperan las exportaciones av\u00edcolas - Informe Litoral","robots":{"index":"index","follow":"follow","max-snippet":"max-snippet:-1","max-image-preview":"max-image-preview:large","max-video-preview":"max-video-preview:-1"},"canonical":"https:\/\/informelitoral.com.ar\/se-recuperan-las-exportaciones-avicolas\/","og_locale":"es_ES","og_type":"article","og_title":"Se recuperan las exportaciones av\u00edcolas - Informe Litoral","og_description":"Luego de dos a\u00f1os consecutivos de contracciones, en los primeros 5 meses de 2022, las exportaciones av\u00edcolas de Argentina mostraron una recuperaci\u00f3n: en valores, las ventas al exterior treparon en ese per\u00edodo 18,7% (totalizaron US$ 139.000.000) y medidas en toneladas, 6,9% que las despachadas en el mismo lapso de 2021 (91.000 toneladas).","og_url":"https:\/\/informelitoral.com.ar\/se-recuperan-las-exportaciones-avicolas\/","og_site_name":"Informe Litoral","article_publisher":"https:\/\/www.facebook.com\/informelitoral\/","article_published_time":"2022-08-08T13:09:45+00:00","og_image":[{"width":980,"height":653,"url":"https:\/\/informelitoral.com.ar\/%77%70%2d%63%6f%6e%74%65%6e%74\/uploads\/2022\/08\/4579-980x653-1.jpg","type":"image\/jpeg"}],"author":"Sebastian","twitter_card":"summary_large_image","twitter_creator":"@InformeLitoral","twitter_site":"@InformeLitoral","twitter_misc":{"Escrito por":"Sebastian","Tiempo de lectura":"1 minuto"},"schema":{"@context":"https:\/\/schema.org","@graph":[{"@type":"Article","@id":"https:\/\/informelitoral.com.ar\/se-recuperan-las-exportaciones-avicolas\/#article","isPartOf":{"@id":"https:\/\/informelitoral.com.ar\/se-recuperan-las-exportaciones-avicolas\/"},"author":{"name":"Sebastian","@id":"https:\/\/informelitoral.com.ar\/#\/schema\/person\/f05f9f461677119578717524b127d6d5"},"headline":"Se recuperan las exportaciones av\u00edcolas","datePublished":"2022-08-08T13:09:45+00:00","mainEntityOfPage":{"@id":"https:\/\/informelitoral.com.ar\/se-recuperan-las-exportaciones-avicolas\/"},"wordCount":268,"commentCount":0,"publisher":{"@id":"https:\/\/informelitoral.com.ar\/#organization"},"image":{"@id":"https:\/\/informelitoral.com.ar\/se-recuperan-las-exportaciones-avicolas\/#primaryimage"},"thumbnailUrl":"https:\/\/informelitoral.com.ar\/%77%70%2d%63%6f%6e%74%65%6e%74\/uploads\/2022\/08\/4579-980x653-1.jpg","keywords":["Exportaci\u00f3n av\u00edcola"],"articleSection":["Campo"],"inLanguage":"es","potentialAction":[{"@type":"CommentAction","name":"Comment","target":["https:\/\/informelitoral.com.ar\/se-recuperan-las-exportaciones-avicolas\/#respond"]}]},{"@type":"WebPage","@id":"https:\/\/informelitoral.com.ar\/se-recuperan-las-exportaciones-avicolas\/","url":"https:\/\/informelitoral.com.ar\/se-recuperan-las-exportaciones-avicolas\/","name":"Se recuperan las exportaciones av\u00edcolas - Informe Litoral","isPartOf":{"@id":"https:\/\/informelitoral.com.ar\/#website"},"primaryImageOfPage":{"@id":"https:\/\/informelitoral.com.ar\/se-recuperan-las-exportaciones-avicolas\/#primaryimage"},"image":{"@id":"https:\/\/informelitoral.com.ar\/se-recuperan-las-exportaciones-avicolas\/#primaryimage"},"thumbnailUrl":"https:\/\/informelitoral.com.ar\/%77%70%2d%63%6f%6e%74%65%6e%74\/uploads\/2022\/08\/4579-980x653-1.jpg","datePublished":"2022-08-08T13:09:45+00:00","breadcrumb":{"@id":"https:\/\/informelitoral.com.ar\/se-recuperan-las-exportaciones-avicolas\/#breadcrumb"},"inLanguage":"es","potentialAction":[{"@type":"ReadAction","target":["https:\/\/informelitoral.com.ar\/se-recuperan-las-exportaciones-avicolas\/"]}]},{"@type":"ImageObject","inLanguage":"es","@id":"https:\/\/informelitoral.com.ar\/se-recuperan-las-exportaciones-avicolas\/#primaryimage","url":"https:\/\/informelitoral.com.ar\/%77%70%2d%63%6f%6e%74%65%6e%74\/uploads\/2022\/08\/4579-980x653-1.jpg","contentUrl":"https:\/\/informelitoral.com.ar\/%77%70%2d%63%6f%6e%74%65%6e%74\/uploads\/2022\/08\/4579-980x653-1.jpg","width":980,"height":653,"caption":"Indoors chicken farm, chicken feeding"},{"@type":"BreadcrumbList","@id":"https:\/\/informelitoral.com.ar\/se-recuperan-las-exportaciones-avicolas\/#breadcrumb","itemListElement":[{"@type":"ListItem","position":1,"name":"Portada","item":"https:\/\/informelitoral.com.ar\/"},{"@type":"ListItem","position":2,"name":"Se recuperan las exportaciones av\u00edcolas"}]},{"@type":"WebSite","@id":"https:\/\/informelitoral.com.ar\/#website","url":"https:\/\/informelitoral.com.ar\/","name":"Informe Litoral","description":"&quot;Nos informamos&quot; ","publisher":{"@id":"https:\/\/informelitoral.com.ar\/#organization"},"potentialAction":[{"@type":"SearchAction","target":{"@type":"EntryPoint","urlTemplate":"https:\/\/informelitoral.com.ar\/?s={search_term_string}"},"query-input":{"@type":"PropertyValueSpecification","valueRequired":true,"valueName":"search_term_string"}}],"inLanguage":"es"},{"@type":"Organization","@id":"https:\/\/informelitoral.com.ar\/#organization","name":"Informe Litoral","url":"https:\/\/informelitoral.com.ar\/","logo":{"@type":"ImageObject","inLanguage":"es","@id":"https:\/\/informelitoral.com.ar\/#\/schema\/logo\/image\/","url":"https:\/\/informelitoral.com.ar\/%77%70%2d%63%6f%6e%74%65%6e%74\/uploads\/2021\/01\/circulo.png","contentUrl":"https:\/\/informelitoral.com.ar\/%77%70%2d%63%6f%6e%74%65%6e%74\/uploads\/2021\/01\/circulo.png","width":723,"height":731,"caption":"Informe Litoral"},"image":{"@id":"https:\/\/informelitoral.com.ar\/#\/schema\/logo\/image\/"},"sameAs":["https:\/\/www.facebook.com\/informelitoral\/","https:\/\/x.com\/InformeLitoral","https:\/\/www.instagram.com\/informelitoral\/","https:\/\/www.youtube.com\/channel\/UCua4Qvz8Icb6MYqhoq9xLXw"]},{"@type":"Person","@id":"https:\/\/informelitoral.com.ar\/#\/schema\/person\/f05f9f461677119578717524b127d6d5","name":"Sebastian","image":{"@type":"ImageObject","inLanguage":"es","@id":"https:\/\/secure.gravatar.com\/avatar\/b71bf7481d447dfb9583c7f2798e7cc64de6efb9067b74633ed8c31059a3bd82?s=96&d=mm&r=g","url":"https:\/\/secure.gravatar.com\/avatar\/b71bf7481d447dfb9583c7f2798e7cc64de6efb9067b74633ed8c31059a3bd82?s=96&d=mm&r=g","contentUrl":"https:\/\/secure.gravatar.com\/avatar\/b71bf7481d447dfb9583c7f2798e7cc64de6efb9067b74633ed8c31059a3bd82?s=96&d=mm&r=g","caption":"Sebastian"},"url":"https:\/\/informelitoral.com.ar\/author\/sebastian\/"}]}},"_links":{"self":[{"href":"https:\/\/informelitoral.com.ar\/%77%70%2d%6a%73%6f%6e\/wp\/v2\/posts\/83330","targetHints":{"allow":["GET"]}}],"collection":[{"href":"https:\/\/informelitoral.com.ar\/%77%70%2d%6a%73%6f%6e\/wp\/v2\/posts"}],"about":[{"href":"https:\/\/informelitoral.com.ar\/%77%70%2d%6a%73%6f%6e\/wp\/v2\/types\/post"}],"author":[{"embeddable":true,"href":"https:\/\/informelitoral.com.ar\/%77%70%2d%6a%73%6f%6e\/wp\/v2\/users\/8"}],"replies":[{"embeddable":true,"href":"https:\/\/informelitoral.com.ar\/%77%70%2d%6a%73%6f%6e\/wp\/v2\/comments?post=83330"}],"version-history":[{"count":0,"href":"https:\/\/informelitoral.com.ar\/%77%70%2d%6a%73%6f%6e\/wp\/v2\/posts\/83330\/revisions"}],"wp:featuredmedia":[{"embeddable":true,"href":"https:\/\/informelitoral.com.ar\/%77%70%2d%6a%73%6f%6e\/wp\/v2\/media\/83333"}],"wp:attachment":[{"href":"https:\/\/informelitoral.com.ar\/%77%70%2d%6a%73%6f%6e\/wp\/v2\/media?parent=83330"}],"wp:term":[{"taxonomy":"category","embeddable":true,"href":"https:\/\/informelitoral.com.ar\/%77%70%2d%6a%73%6f%6e\/wp\/v2\/categories?post=83330"},{"taxonomy":"post_tag","embeddable":true,"href":"https:\/\/informelitoral.com.ar\/%77%70%2d%6a%73%6f%6e\/wp\/v2\/tags?post=83330"}],"curies":[{"name":"wp","href":"https:\/\/api.w.org\/{rel}","templated":true}]}}