{"id":83289,"date":"2022-08-08T08:55:09","date_gmt":"2022-08-08T11:55:09","guid":{"rendered":"https:\/\/www.informelitoral.com.ar\/?p=83289"},"modified":"2022-08-08T08:55:09","modified_gmt":"2022-08-08T11:55:09","slug":"bordet-pondra-en-marcha-un-programa-para-promover-nuevos-empleos-industriales","status":"publish","type":"post","link":"https:\/\/informelitoral.com.ar\/bordet-pondra-en-marcha-un-programa-para-promover-nuevos-empleos-industriales\/","title":{"rendered":"Bordet pondr\u00e1 en marcha un programa para promover nuevos empleos industriales"},"content":{"rendered":"<p>En mandatario mencion\u00f3 que dicho programa se est\u00e1 trabajando en conjunto con la Uni\u00f3n Industrial de Entre R\u00edos \u201cpara que pueda incrementarse y sostenerse el aumento del empleo privado en la provincia\u201d.<\/p>\n<p>Bordet particip\u00f3 del foro, denominado Institucionalidad, Competitividad y Desarrollo Sustentable, que se realiz\u00f3 este viernes en el Centro Provincial de Convenciones, donde adem\u00e1s estuvieron presentes la vicegobernadora Laura Stratta, y el secretario General de la Gobernaci\u00f3n, Franco Ferrari,junto al presidente del Consejo Empresario de Entre R\u00edos (CEER), H\u00e9ctor Fratoni; empresarios y a organizaciones de toda la regi\u00f3n. Adem\u00e1s participaron el secretario de Hacienda de la Municipalidad de Paran\u00e1, Eduardo Macri, legisladores nacionales y provinciales y funcionarios.<\/p>\n<p><b>Mirada al futuro<\/b><\/p>\n<p>En su discurso, el mandatario se\u00f1al\u00f3 que las jornadas anuales del Consejo Empresario \u00abson siempre una muy buena oportunidad para poder tener una mirada retrospectiva de lo que ocurri\u00f3 en el \u00faltimo a\u00f1o, los avances, las dificultades, los desaf\u00edos que a\u00fan siguen pendientes. Y tambi\u00e9n, por otro lado, para tener una mirada hacia el futuro que atienda las coyunturas por las que se atraviesan y observar con una visi\u00f3n estrat\u00e9gica cu\u00e1les son los ejes, el camino y las pol\u00edticas p\u00fablicas para poder alcanzar los objetivos que propendan al desarrollo, al progreso, a la inclusi\u00f3n social, a poder tener una provincia que arm\u00f3nicamente alcance los objetivos de bienestar que son plenamente compartidos por todos\u00bb.<\/p>\n<p>Reconoci\u00f3 que \u00abno son tiempos sencillos los que nos toca atravesar, aunque no son de los peores, porque hay problemas que est\u00e1n en la agenda cotidiana, pero tambi\u00e9n hemos asistido en el \u00faltimo a\u00f1o a un crecimiento que se ha dado de manera sostenida en la provincia de Entre R\u00edos, independientemente de determinadas variables macroecon\u00f3micas que puedan tener efectos sobre la vida de todos los vecinos de esta provincia y del pa\u00eds\u00bb.<\/p>\n<p>En ese sentido, destac\u00f3 distintas acciones que plante\u00f3 al comienzo de gesti\u00f3n, referidas a los ejes de crecimiento que ten\u00eda que tener la provincia. \u00abLa acci\u00f3n de gobierno tiene y debe orientar esas acciones a poder lograr una mayor competitividad, una mayor apoyatura, para poder generar de este modo el desarrollo econ\u00f3mico de nuestro sistema productivo y empresario en la provincia de Entre R\u00edos; y por otro lado generar las condiciones para que el aumento del empleo pueda irse concretando progresiva y paulatinamente\u00bb, se\u00f1al\u00f3.<\/p>\n<p>Mencion\u00f3 que el Consejo Empresario \u00abhace poco determin\u00f3 que el crecimiento en el empleo privado, que es uno de los puntos m\u00e1s importantes para poder avanzar, se hab\u00eda incrementado un 3,1 por ciento\u201d. En ese marco, adelant\u00f3 que se encuentra trabajando junto a la Uni\u00f3n Industrial de Entre R\u00edos en el dise\u00f1o de \u201cun programa para que pueda incrementarse y sostenerse el aumento del empleo privado en la provincia\u201d.<\/p>\n<p>Al respecto, hizo notar que \u201cestos incrementos y esta sostenibilidad no se hace con inercia o con voluntarismo, sino asignando y afectando recursos p\u00fablicos para que se construyan pol\u00edticas que propendan a la creaci\u00f3n de empleo. Por eso, en las pr\u00f3ximas semanas estaremos anunciando un programa para poder promover la generaci\u00f3n de nuevos empleos industriales que se produzcan y se generen en la provincia de Entre R\u00edos, entendiendo que es clave y prioritario apoyar la posibilidad de que el empleo privado crezca\u201d.<\/p>\n<p>Se\u00f1al\u00f3 que para ello se utilizar\u00e1n \u201crecursos que salen y se destinan de las arcas provinciales para poder estimular el empleo, pero tambi\u00e9n para mejorar la competitividad del sector privado\u201d.<\/p>\n<p>Luego mencion\u00f3 que, tal como lo comprometi\u00f3 ante el CEER, se elimin\u00f3 \u00aba partir de este a\u00f1o la Ley 4035 y esto genera una baja de impuesto y una mejora en la competitividad de nuestros empresarios y nuestros productores en cuanto a las n\u00f3minas salariales, y que pueda de esta manera estimular el crecimiento del empleo privado\u00bb.<\/p>\n<p>\u00abTambi\u00e9n quiero decir que en tiempos de altos niveles inflacionarios, hay impuestos provinciales que se actualizan y que tienen que tener un correlato anual, y me refiero concretamente a los impuestos Inmobiliarios Rurales\u00bb, dijo y acot\u00f3 que \u00absistem\u00e1ticamente en todos los a\u00f1os el aumento de ese impuesto, que siempre fue consensuado en todos los casos, fue inferior a los \u00edndices inflacionarios\u00bb. Al respecto, agreg\u00f3 que se apunta a \u00abno generar una mayor presi\u00f3n tributaria. Lo hacemos en el convencimiento de que esto genera un c\u00edrculo virtuoso que en definitiva propende a mayor desarrollo y empleo\u00bb.<\/p>\n<p>M\u00e1s adelante, Bordet sostuvo que \u00abtenemos perfectamente claro cu\u00e1les son nuestros objetivos, como tambi\u00e9n que el desarrollo de una provincia no es s\u00f3lo econ\u00f3mico, sino tambi\u00e9n social y humano\u201d y debe centrarse en las personas. \u201cNos desarrollamos integralmente y viendo todos los aspectos que son necesarios para alcanzar el bienestar y tener las condiciones en una provincia como la de Entre R\u00edos que por sus caracter\u00edsticas, su situaci\u00f3n demogr\u00e1fica, hace que sea una provincia con m\u00faltiples cadenas de valor y econom\u00edas regionales que atendemos permanentemente\u201d.<\/p>\n<p>\u201cPonemos el o\u00eddo y adem\u00e1s la voluntad y las soluciones en cada una de las situaciones que se presentan, en cada una de las cadenas productivas que tiene Entre R\u00edos. Atendemos permanentemente los reclamos\u201d, continu\u00f3 diciendo el gobernador y agreg\u00f3 que \u201cel di\u00e1logo ha sido una constante en nuestras gestiones. Siempre que hay una dificultad, un obst\u00e1culo, hemos estado con las reuniones necesarias, con las acciones necesarias, para poder allanarlo y solucionarlo\u201d, Acot\u00f3 que \u201ca veces hay medidas que exceden al \u00e1mbito provincial pero lo que est\u00e1 dentro de nuestras facultades, siempre estamos contestes a poder resolverlo\u201d.<\/p>\n<p>Luego indic\u00f3 que si bien \u201ctenemos en muchas ocasiones miradas diferentes, las abordamos desde el respeto, fijando con claridad las posiciones, nunca con la agresi\u00f3n, ni tampoco contestando los agravios. Entendemos que el camino tiene que ser la construcci\u00f3n de consensos, el di\u00e1logo permanente y esto lo hemos sostenido siempre con este Consejo Empresario. Debo reconocer que he encontrado muchas veces en este di\u00e1logo las soluciones propicias y muchas veces en las cr\u00edticas constructivas la manera de poder corregir y revertir acciones para poder ser mejores porque todos somos falibles cuando tomamos decisiones\u201d.<\/p>\n<p>A continuaci\u00f3n manifest\u00f3: \u201cTambi\u00e9n fruto de este di\u00e1logo y de este consenso, hemos arribado a muchas acciones que fueron importantes como la construcci\u00f3n de un \u00edndice que mida la actividad econ\u00f3mica y el empleo en la provincia de Entre R\u00edos que fue participativo con las universidades a quienes tambi\u00e9n agradezco permanentemente la colaboraci\u00f3n porque cuando hay que realizar investigaciones, desarrollar programas de estudios, siempre han estado desinteresadamente presentes para colaborar\u201d.<\/p>\n<p>En este marco, el gobernador se refiri\u00f3 al impulso que se le est\u00e1 dando a la agencia de exportaciones y coment\u00f3: \u00abEstamos avanzando en la creaci\u00f3n tambi\u00e9n de una agencia de exportaciones. La vicegobernadora ha estado reunida en este sentido en Concepci\u00f3n del Uruguay, habr\u00e1 otras reuniones y el Consejo Federal de Inversiones financi\u00f3 justamente la posibilidad de implementar un agencia que mejore el funcionamiento, sobre todo en materia de oferta exportable, y estaremos en el segundo semestre ultimando todos los detalles para que la agencia pueda funcionar y que pueda existir este \u00e1mbito para que nuestra oferta exportable, que llega a m\u00e1s de 60 pa\u00edses, pueda tener el dinamismo que se necesita y que se requiere\u00bb, dijo Bordet.<\/p>\n<p>Dijo en este sentido que el mundo hoy presenta grandes desaf\u00edos y m\u00faltiples problemas y genera incertidumbre. Coment\u00f3 los hechos sucedidos como la pandemia y los conflictos b\u00e9licos, y asegur\u00f3: \u00abEn esa mirada de incertidumbre tengo un optimismo para el futuro. El mundo demandar\u00e1 dos cuestiones que son b\u00e1sicas, los alimentos y la energ\u00eda. Argentina es un pa\u00eds que produce alimentos y Entre R\u00edos, con las nueve cadenas de valor m\u00e1s importante, produce e industrializa alimentos, y es una gran oportunidad. Tambi\u00e9n en materia energ\u00e9tica. Argentina tiene la energ\u00eda necesaria potencialmente, no s\u00f3lo para el autoabastecimiento sino tambi\u00e9n para la exportaci\u00f3n, y en Entre R\u00edos estamos realizando obras energ\u00e9ticas importantes para tener sustentabilidad en el futuro\u00bb, dijo el gobernador y detall\u00f3 que se contin\u00faa con el cierre energ\u00e9tico entrerriano y que en pocos d\u00edas se dar\u00e1 inicio a la obra del gasoducto del norte entrerriano, \u00abla obra m\u00e1s importante en gas natural de los \u00faltimos 30 a\u00f1os\u00bb, que conectar\u00e1 Los Conquistadores con Chajar\u00ed. \u00abEsto permite que en toda la zona norte de la provincia puedan radicarse industrias y parques industriales que hoy no tienen acceso al gas natural\u00bb, remarc\u00f3.<\/p>\n<p>Indic\u00f3 que todas esas son acciones en las que se viene trabajando \u201cpara tener una visi\u00f3n que no s\u00f3lo abarque una gesti\u00f3n de gobierno\u00bb.<\/p>\n<p>Y agreg\u00f3: \u201cAl momento de asumir mi gesti\u00f3n me dec\u00edan que era inviable la provincia porque ten\u00edamos un d\u00e9ficit estructural. Pero hoy es una provincia que est\u00e1 perfectamente ordenada en sus cuentas p\u00fablicas, que est\u00e1 al d\u00eda con todas las obligaciones corrientes y con todos sus proveedores, y que adem\u00e1s puede tomar medidas de est\u00edmulo al empleo y para acompa\u00f1ar a los sistemas productivos y empresarios fruto de ese ordenamiento, que es la base para que el futuro Entre R\u00edos pueda tener un desarrollo previsible y arm\u00f3nico que, por muchos a\u00f1os y en sucesivas gestiones de gobierno, podamos imponerlo\u00bb.<\/p>\n<p>\u00abEsta es claramente una tarea que el Consejo Empresario tiene que llevar concomitantemente adelante para poder tener esta articulaci\u00f3n p\u00fablica y privada que siempre es tan necesaria e importante concretar y sostenerla en el tiempo\u00bb, asegur\u00f3.<\/p>\n<p>El gobernador tambi\u00e9n agradeci\u00f3 \u00abel apoyo que permanentemente hemos tenido en situaciones dif\u00edciles y que hemos encontrado en cada uno de nuestros productores y empresarios para sobrellevar momentos cr\u00edticos como el que nos toc\u00f3 atravesar hace poco tiempo con medidas que fueron complejas en el marco de una pandemia. Hoy claramente Entre R\u00edos tiene un futuro, es una provincia que est\u00e1 potencialmente con todas las caracter\u00edsticas para el desarrollo. Hay que hacerlo desde el conjunto, como lo hemos hecho hasta ahora, dialogando, buscando consensos, encontrando soluciones, afectando recursos a lo que es importante y donde es necesario. En ese camino nos van a encontrar hasta que termine nuestra gesti\u00f3n. Ese el compromiso que renovamos, que acentuamos y de cara a los que nos queda para buscar que nuestra provincia y nuestros habitantes puedan tener todas las condiciones para desarrollarse, para crecer en nuestra provincia para que nuestros chicos no tengan que ir a otras universidades a estudiar y puedan estar ac\u00e1, desarrollarse y seguir trabajando por el progreso de esta querida provincia de Entre R\u00edos. Esos son los desaf\u00edos y en ese camino nos van a encontrar trabajando\u00bb, complet\u00f3 Bordet.<\/p>\n<p><b>Trabajo para el desarrollo<\/b><\/p>\n<p>En tanto, al hacer uso de la palabra, Fratoni agradeci\u00f3 la participaci\u00f3n en el 15\u00b0 Foro Anual del CEER, del gobernador Gustavo Bordet, autoridades, legisladores y empresarios, entre otros \u00abinteresados por en el desarrollo de la provincia\u00bb.<\/p>\n<p>\u00abEs un momento para hacer una pausa, para tomar distancia del d\u00eda a d\u00eda de nuestros trabajos, de nuestras preocupaciones cotidianas, y pensar en el futuro para reflexionar sobre los desaf\u00edos que tenemos en nuestra provincia\u00bb, afirm\u00f3 al referirse al encuentro.<\/p>\n<p>Luego hizo referencia a la pandemia y acot\u00f3 que \u00abes un momento oportuno para valorizar al empresariado. Tuvimos un rol clave en ese contexto. Nos re adaptamos a nuevos entornos y continuamos trabajando en la provisi\u00f3n de productos y servicios aunque lamentablemente no fue igual para todos los sectores. Del mismo modo, junto a otros actores, asumimos el desaf\u00edo de trabajar en la b\u00fasqueda de consensos, propuestas y pol\u00edticas para impulsar la reactivaci\u00f3n econ\u00f3mica, las inversiones, la generaci\u00f3n de empleo y el bienestar de la sociedad\u201d.<br \/>\n\u201cEn tiempos complejos como estos es imperante que todos tengamos un mismo objetivo: que podamos reflexionar pero que tambi\u00e9n podamos comprometernos y actuar. Dejemos de confrontar. La sociedad nos necesita. Debemos mirar a un modelo de desarrollo que se oriente a una mayor sostenibilidad social, ambiental y productiva. Debemos trabajar en pol\u00edticas que permitan una mayor integraci\u00f3n entre los distintos actores p\u00fablicos y privados, y que tengan como prioridad mejorar la calidad de vida de todos. Este es un nuevo desaf\u00edo\u201d, subray\u00f3.<\/p>\n<p>M\u00e1s adelante, indic\u00f3 que \u201cmuchas veces nos preguntan cu\u00e1l es el prop\u00f3sito del Consejo Empresario y respondemos que es contribuir al desarrollo de la provincia. El Consejo naci\u00f3 hace m\u00e1s de dos d\u00e9cadas, de la mano de un grupo de empresarios que consideraba que el sector privado deb\u00eda involucrarse m\u00e1s con la comunidad, y fueron ellos los pioneros en la promoci\u00f3n de la responsabilidad social empresaria en Entre R\u00edos\u201d. Entre los integrantes de ese grupo, mencion\u00f3 a quien fuera la primera presidenta de esa entidad, Silvia D&#8217;Agostino, que se encontraba participando en la jornada.<\/p>\n<p>Posteriormente, hizo alusi\u00f3n a \u00abla red 127\/12, un proyecto de desarrollo territorial enfocado en el norte entrerriano que es la zona m\u00e1s postergada de la provincia\u00bb y del cual es parte el CEER, al igual que otras organizaciones privadas y organismos p\u00fablicos.<\/p>\n<p>Finalmente, el titular del CEER expres\u00f3 su deseo de que la jornada \u00absirva para lograr un di\u00e1logo sincero y constructivo, para que sepamos que hay muchas cosas para hacer por esta provincia y que somos nosotros lo que tenemos que hacerlo. Y cuando digo nosotros me refiero al conjunto de la comunidad entrerriana porque es as\u00ed como entendemos al rol de los empresarios, como parte de esta comunidad, con un inter\u00e9s genuino por construir una provincia m\u00e1s pr\u00f3spera. Ojal\u00e1 podamos darnos la mano y construir la provincia y el pa\u00eds que todos queremos y nos merecemos\u00bb.<\/p>\n<p><b>El foro<\/b><\/p>\n<p>El evento, que re\u00fane a empresarios y organizaciones de toda la regi\u00f3n, es un \u00e1mbito que promueve el debate y la reflexi\u00f3n sobre el futuro de la provincia.<\/p>\n<p>Entre los disertantes estar\u00e1n los economistas Carlos Melconian, Bernardo Kosacoff y Sebasti\u00e1n Campanario; el doctor en psicolog\u00eda Guillermo Macbeth; el CEO del fondo de inversi\u00f3n SF500, Francisco Buchara; la CEO de Oncoliq, Marina Simian; la cofundadora de Mycorrhiza, Julieta Porta; y Valentina Avetta.<\/p>\n<p>Los ejes del Foro de esta edici\u00f3n son las nuevas tendencias del futuro del empleo, la innovaci\u00f3n tecnol\u00f3gica y el bienestar personal. El CEER renueva en esta ocasi\u00f3n el compromiso con la sostenibilidad corporativa para seguir trabajando en el cumplimiento de los Objetivos de Desarrollo Sostenible.<\/p>\n","protected":false},"excerpt":{"rendered":"<p>En el marco de la apertura del XV Foro Anual del Consejo Empresario de Entre R\u00edos, realizado en Paran\u00e1, el gobernador Gustavo Bordet adelant\u00f3 que en los pr\u00f3ximos d\u00edas anunciar\u00e1 un programa destinado a promover la generaci\u00f3n de nuevos empleos industriales en la provincia.<\/p>\n","protected":false},"author":8,"featured_media":83291,"comment_status":"open","ping_status":"open","sticky":false,"template":"","format":"standard","meta":{"fifu_image_url":"","fifu_image_alt":"","footnotes":""},"categories":[6],"tags":[167],"class_list":{"0":"post-83289","1":"post","2":"type-post","3":"status-publish","4":"format-standard","5":"has-post-thumbnail","7":"category-entre-rios","8":"tag-gustavo-bordet"},"yoast_head":"<title>Bordet pondr\u00e1 en marcha un programa para promover nuevos empleos industriales - Informe Litoral<\/title>\n<meta name=\"robots\" content=\"index, follow, max-snippet:-1, max-image-preview:large, max-video-preview:-1\" \/>\n<link rel=\"canonical\" href=\"https:\/\/informelitoral.com.ar\/bordet-pondra-en-marcha-un-programa-para-promover-nuevos-empleos-industriales\/\" \/>\n<meta property=\"og:locale\" content=\"es_ES\" \/>\n<meta property=\"og:type\" content=\"article\" \/>\n<meta property=\"og:title\" content=\"Bordet pondr\u00e1 en marcha un programa para promover nuevos empleos industriales - Informe Litoral\" \/>\n<meta property=\"og:description\" content=\"En el marco de la apertura del XV Foro Anual del Consejo Empresario de Entre R\u00edos, realizado en Paran\u00e1, el gobernador Gustavo Bordet adelant\u00f3 que en los pr\u00f3ximos d\u00edas anunciar\u00e1 un programa destinado a promover la generaci\u00f3n de nuevos empleos industriales en la provincia.\" \/>\n<meta property=\"og:url\" content=\"https:\/\/informelitoral.com.ar\/bordet-pondra-en-marcha-un-programa-para-promover-nuevos-empleos-industriales\/\" \/>\n<meta property=\"og:site_name\" content=\"Informe Litoral\" \/>\n<meta property=\"article:publisher\" content=\"https:\/\/www.facebook.com\/informelitoral\/\" \/>\n<meta property=\"article:published_time\" content=\"2022-08-08T11:55:09+00:00\" \/>\n<meta property=\"og:image\" content=\"https:\/\/informelitoral.com.ar\/%77%70%2d%63%6f%6e%74%65%6e%74\/uploads\/2022\/08\/p_1659737952.jpg\" \/>\n\t<meta property=\"og:image:width\" content=\"1920\" \/>\n\t<meta property=\"og:image:height\" content=\"800\" \/>\n\t<meta property=\"og:image:type\" content=\"image\/jpeg\" \/>\n<meta name=\"author\" content=\"Sebastian\" \/>\n<meta name=\"twitter:card\" content=\"summary_large_image\" \/>\n<meta name=\"twitter:creator\" content=\"@InformeLitoral\" \/>\n<meta name=\"twitter:site\" content=\"@InformeLitoral\" \/>\n<meta name=\"twitter:label1\" content=\"Escrito por\" \/>\n\t<meta name=\"twitter:data1\" content=\"Sebastian\" \/>\n\t<meta name=\"twitter:label2\" content=\"Tiempo de lectura\" \/>\n\t<meta name=\"twitter:data2\" content=\"12 minutos\" \/>\n<script type=\"application\/ld+json\" class=\"yoast-schema-graph\">{\"@context\":\"https:\\\/\\\/schema.org\",\"@graph\":[{\"@type\":\"Article\",\"@id\":\"https:\\\/\\\/informelitoral.com.ar\\\/bordet-pondra-en-marcha-un-programa-para-promover-nuevos-empleos-industriales\\\/#article\",\"isPartOf\":{\"@id\":\"https:\\\/\\\/informelitoral.com.ar\\\/bordet-pondra-en-marcha-un-programa-para-promover-nuevos-empleos-industriales\\\/\"},\"author\":{\"name\":\"Sebastian\",\"@id\":\"https:\\\/\\\/informelitoral.com.ar\\\/#\\\/schema\\\/person\\\/f05f9f461677119578717524b127d6d5\"},\"headline\":\"Bordet pondr\u00e1 en marcha un programa para promover nuevos empleos industriales\",\"datePublished\":\"2022-08-08T11:55:09+00:00\",\"mainEntityOfPage\":{\"@id\":\"https:\\\/\\\/informelitoral.com.ar\\\/bordet-pondra-en-marcha-un-programa-para-promover-nuevos-empleos-industriales\\\/\"},\"wordCount\":2501,\"commentCount\":0,\"publisher\":{\"@id\":\"https:\\\/\\\/informelitoral.com.ar\\\/#organization\"},\"image\":{\"@id\":\"https:\\\/\\\/informelitoral.com.ar\\\/bordet-pondra-en-marcha-un-programa-para-promover-nuevos-empleos-industriales\\\/#primaryimage\"},\"thumbnailUrl\":\"https:\\\/\\\/informelitoral.com.ar\\\/%77%70%2d%63%6f%6e%74%65%6e%74\\\/uploads\\\/2022\\\/08\\\/p_1659737952.jpg\",\"keywords\":[\"Gustavo Bordet\"],\"articleSection\":[\"Entre R\u00edos\"],\"inLanguage\":\"es\",\"potentialAction\":[{\"@type\":\"CommentAction\",\"name\":\"Comment\",\"target\":[\"https:\\\/\\\/informelitoral.com.ar\\\/bordet-pondra-en-marcha-un-programa-para-promover-nuevos-empleos-industriales\\\/#respond\"]}]},{\"@type\":\"WebPage\",\"@id\":\"https:\\\/\\\/informelitoral.com.ar\\\/bordet-pondra-en-marcha-un-programa-para-promover-nuevos-empleos-industriales\\\/\",\"url\":\"https:\\\/\\\/informelitoral.com.ar\\\/bordet-pondra-en-marcha-un-programa-para-promover-nuevos-empleos-industriales\\\/\",\"name\":\"Bordet pondr\u00e1 en marcha un programa para promover nuevos empleos industriales - Informe Litoral\",\"isPartOf\":{\"@id\":\"https:\\\/\\\/informelitoral.com.ar\\\/#website\"},\"primaryImageOfPage\":{\"@id\":\"https:\\\/\\\/informelitoral.com.ar\\\/bordet-pondra-en-marcha-un-programa-para-promover-nuevos-empleos-industriales\\\/#primaryimage\"},\"image\":{\"@id\":\"https:\\\/\\\/informelitoral.com.ar\\\/bordet-pondra-en-marcha-un-programa-para-promover-nuevos-empleos-industriales\\\/#primaryimage\"},\"thumbnailUrl\":\"https:\\\/\\\/informelitoral.com.ar\\\/%77%70%2d%63%6f%6e%74%65%6e%74\\\/uploads\\\/2022\\\/08\\\/p_1659737952.jpg\",\"datePublished\":\"2022-08-08T11:55:09+00:00\",\"breadcrumb\":{\"@id\":\"https:\\\/\\\/informelitoral.com.ar\\\/bordet-pondra-en-marcha-un-programa-para-promover-nuevos-empleos-industriales\\\/#breadcrumb\"},\"inLanguage\":\"es\",\"potentialAction\":[{\"@type\":\"ReadAction\",\"target\":[\"https:\\\/\\\/informelitoral.com.ar\\\/bordet-pondra-en-marcha-un-programa-para-promover-nuevos-empleos-industriales\\\/\"]}]},{\"@type\":\"ImageObject\",\"inLanguage\":\"es\",\"@id\":\"https:\\\/\\\/informelitoral.com.ar\\\/bordet-pondra-en-marcha-un-programa-para-promover-nuevos-empleos-industriales\\\/#primaryimage\",\"url\":\"https:\\\/\\\/informelitoral.com.ar\\\/%77%70%2d%63%6f%6e%74%65%6e%74\\\/uploads\\\/2022\\\/08\\\/p_1659737952.jpg\",\"contentUrl\":\"https:\\\/\\\/informelitoral.com.ar\\\/%77%70%2d%63%6f%6e%74%65%6e%74\\\/uploads\\\/2022\\\/08\\\/p_1659737952.jpg\",\"width\":1920,\"height\":800},{\"@type\":\"BreadcrumbList\",\"@id\":\"https:\\\/\\\/informelitoral.com.ar\\\/bordet-pondra-en-marcha-un-programa-para-promover-nuevos-empleos-industriales\\\/#breadcrumb\",\"itemListElement\":[{\"@type\":\"ListItem\",\"position\":1,\"name\":\"Portada\",\"item\":\"https:\\\/\\\/informelitoral.com.ar\\\/\"},{\"@type\":\"ListItem\",\"position\":2,\"name\":\"Bordet pondr\u00e1 en marcha un programa para promover nuevos empleos industriales\"}]},{\"@type\":\"WebSite\",\"@id\":\"https:\\\/\\\/informelitoral.com.ar\\\/#website\",\"url\":\"https:\\\/\\\/informelitoral.com.ar\\\/\",\"name\":\"Informe Litoral\",\"description\":\"&quot;Nos informamos&quot; \",\"publisher\":{\"@id\":\"https:\\\/\\\/informelitoral.com.ar\\\/#organization\"},\"potentialAction\":[{\"@type\":\"SearchAction\",\"target\":{\"@type\":\"EntryPoint\",\"urlTemplate\":\"https:\\\/\\\/informelitoral.com.ar\\\/?s={search_term_string}\"},\"query-input\":{\"@type\":\"PropertyValueSpecification\",\"valueRequired\":true,\"valueName\":\"search_term_string\"}}],\"inLanguage\":\"es\"},{\"@type\":\"Organization\",\"@id\":\"https:\\\/\\\/informelitoral.com.ar\\\/#organization\",\"name\":\"Informe Litoral\",\"url\":\"https:\\\/\\\/informelitoral.com.ar\\\/\",\"logo\":{\"@type\":\"ImageObject\",\"inLanguage\":\"es\",\"@id\":\"https:\\\/\\\/informelitoral.com.ar\\\/#\\\/schema\\\/logo\\\/image\\\/\",\"url\":\"https:\\\/\\\/informelitoral.com.ar\\\/%77%70%2d%63%6f%6e%74%65%6e%74\\\/uploads\\\/2021\\\/01\\\/circulo.png\",\"contentUrl\":\"https:\\\/\\\/informelitoral.com.ar\\\/%77%70%2d%63%6f%6e%74%65%6e%74\\\/uploads\\\/2021\\\/01\\\/circulo.png\",\"width\":723,\"height\":731,\"caption\":\"Informe Litoral\"},\"image\":{\"@id\":\"https:\\\/\\\/informelitoral.com.ar\\\/#\\\/schema\\\/logo\\\/image\\\/\"},\"sameAs\":[\"https:\\\/\\\/www.facebook.com\\\/informelitoral\\\/\",\"https:\\\/\\\/x.com\\\/InformeLitoral\",\"https:\\\/\\\/www.instagram.com\\\/informelitoral\\\/\",\"https:\\\/\\\/www.youtube.com\\\/channel\\\/UCua4Qvz8Icb6MYqhoq9xLXw\"]},{\"@type\":\"Person\",\"@id\":\"https:\\\/\\\/informelitoral.com.ar\\\/#\\\/schema\\\/person\\\/f05f9f461677119578717524b127d6d5\",\"name\":\"Sebastian\",\"image\":{\"@type\":\"ImageObject\",\"inLanguage\":\"es\",\"@id\":\"https:\\\/\\\/secure.gravatar.com\\\/avatar\\\/b71bf7481d447dfb9583c7f2798e7cc64de6efb9067b74633ed8c31059a3bd82?s=96&d=mm&r=g\",\"url\":\"https:\\\/\\\/secure.gravatar.com\\\/avatar\\\/b71bf7481d447dfb9583c7f2798e7cc64de6efb9067b74633ed8c31059a3bd82?s=96&d=mm&r=g\",\"contentUrl\":\"https:\\\/\\\/secure.gravatar.com\\\/avatar\\\/b71bf7481d447dfb9583c7f2798e7cc64de6efb9067b74633ed8c31059a3bd82?s=96&d=mm&r=g\",\"caption\":\"Sebastian\"},\"url\":\"https:\\\/\\\/informelitoral.com.ar\\\/author\\\/sebastian\\\/\"}]}<\/script>","yoast_head_json":{"title":"Bordet pondr\u00e1 en marcha un programa para promover nuevos empleos industriales - Informe Litoral","robots":{"index":"index","follow":"follow","max-snippet":"max-snippet:-1","max-image-preview":"max-image-preview:large","max-video-preview":"max-video-preview:-1"},"canonical":"https:\/\/informelitoral.com.ar\/bordet-pondra-en-marcha-un-programa-para-promover-nuevos-empleos-industriales\/","og_locale":"es_ES","og_type":"article","og_title":"Bordet pondr\u00e1 en marcha un programa para promover nuevos empleos industriales - Informe Litoral","og_description":"En el marco de la apertura del XV Foro Anual del Consejo Empresario de Entre R\u00edos, realizado en Paran\u00e1, el gobernador Gustavo Bordet adelant\u00f3 que en los pr\u00f3ximos d\u00edas anunciar\u00e1 un programa destinado a promover la generaci\u00f3n de nuevos empleos industriales en la provincia.","og_url":"https:\/\/informelitoral.com.ar\/bordet-pondra-en-marcha-un-programa-para-promover-nuevos-empleos-industriales\/","og_site_name":"Informe Litoral","article_publisher":"https:\/\/www.facebook.com\/informelitoral\/","article_published_time":"2022-08-08T11:55:09+00:00","og_image":[{"width":1920,"height":800,"url":"https:\/\/informelitoral.com.ar\/%77%70%2d%63%6f%6e%74%65%6e%74\/uploads\/2022\/08\/p_1659737952.jpg","type":"image\/jpeg"}],"author":"Sebastian","twitter_card":"summary_large_image","twitter_creator":"@InformeLitoral","twitter_site":"@InformeLitoral","twitter_misc":{"Escrito por":"Sebastian","Tiempo de lectura":"12 minutos"},"schema":{"@context":"https:\/\/schema.org","@graph":[{"@type":"Article","@id":"https:\/\/informelitoral.com.ar\/bordet-pondra-en-marcha-un-programa-para-promover-nuevos-empleos-industriales\/#article","isPartOf":{"@id":"https:\/\/informelitoral.com.ar\/bordet-pondra-en-marcha-un-programa-para-promover-nuevos-empleos-industriales\/"},"author":{"name":"Sebastian","@id":"https:\/\/informelitoral.com.ar\/#\/schema\/person\/f05f9f461677119578717524b127d6d5"},"headline":"Bordet pondr\u00e1 en marcha un programa para promover nuevos empleos industriales","datePublished":"2022-08-08T11:55:09+00:00","mainEntityOfPage":{"@id":"https:\/\/informelitoral.com.ar\/bordet-pondra-en-marcha-un-programa-para-promover-nuevos-empleos-industriales\/"},"wordCount":2501,"commentCount":0,"publisher":{"@id":"https:\/\/informelitoral.com.ar\/#organization"},"image":{"@id":"https:\/\/informelitoral.com.ar\/bordet-pondra-en-marcha-un-programa-para-promover-nuevos-empleos-industriales\/#primaryimage"},"thumbnailUrl":"https:\/\/informelitoral.com.ar\/%77%70%2d%63%6f%6e%74%65%6e%74\/uploads\/2022\/08\/p_1659737952.jpg","keywords":["Gustavo Bordet"],"articleSection":["Entre R\u00edos"],"inLanguage":"es","potentialAction":[{"@type":"CommentAction","name":"Comment","target":["https:\/\/informelitoral.com.ar\/bordet-pondra-en-marcha-un-programa-para-promover-nuevos-empleos-industriales\/#respond"]}]},{"@type":"WebPage","@id":"https:\/\/informelitoral.com.ar\/bordet-pondra-en-marcha-un-programa-para-promover-nuevos-empleos-industriales\/","url":"https:\/\/informelitoral.com.ar\/bordet-pondra-en-marcha-un-programa-para-promover-nuevos-empleos-industriales\/","name":"Bordet pondr\u00e1 en marcha un programa para promover nuevos empleos industriales - Informe Litoral","isPartOf":{"@id":"https:\/\/informelitoral.com.ar\/#website"},"primaryImageOfPage":{"@id":"https:\/\/informelitoral.com.ar\/bordet-pondra-en-marcha-un-programa-para-promover-nuevos-empleos-industriales\/#primaryimage"},"image":{"@id":"https:\/\/informelitoral.com.ar\/bordet-pondra-en-marcha-un-programa-para-promover-nuevos-empleos-industriales\/#primaryimage"},"thumbnailUrl":"https:\/\/informelitoral.com.ar\/%77%70%2d%63%6f%6e%74%65%6e%74\/uploads\/2022\/08\/p_1659737952.jpg","datePublished":"2022-08-08T11:55:09+00:00","breadcrumb":{"@id":"https:\/\/informelitoral.com.ar\/bordet-pondra-en-marcha-un-programa-para-promover-nuevos-empleos-industriales\/#breadcrumb"},"inLanguage":"es","potentialAction":[{"@type":"ReadAction","target":["https:\/\/informelitoral.com.ar\/bordet-pondra-en-marcha-un-programa-para-promover-nuevos-empleos-industriales\/"]}]},{"@type":"ImageObject","inLanguage":"es","@id":"https:\/\/informelitoral.com.ar\/bordet-pondra-en-marcha-un-programa-para-promover-nuevos-empleos-industriales\/#primaryimage","url":"https:\/\/informelitoral.com.ar\/%77%70%2d%63%6f%6e%74%65%6e%74\/uploads\/2022\/08\/p_1659737952.jpg","contentUrl":"https:\/\/informelitoral.com.ar\/%77%70%2d%63%6f%6e%74%65%6e%74\/uploads\/2022\/08\/p_1659737952.jpg","width":1920,"height":800},{"@type":"BreadcrumbList","@id":"https:\/\/informelitoral.com.ar\/bordet-pondra-en-marcha-un-programa-para-promover-nuevos-empleos-industriales\/#breadcrumb","itemListElement":[{"@type":"ListItem","position":1,"name":"Portada","item":"https:\/\/informelitoral.com.ar\/"},{"@type":"ListItem","position":2,"name":"Bordet pondr\u00e1 en marcha un programa para promover nuevos empleos industriales"}]},{"@type":"WebSite","@id":"https:\/\/informelitoral.com.ar\/#website","url":"https:\/\/informelitoral.com.ar\/","name":"Informe Litoral","description":"&quot;Nos informamos&quot; ","publisher":{"@id":"https:\/\/informelitoral.com.ar\/#organization"},"potentialAction":[{"@type":"SearchAction","target":{"@type":"EntryPoint","urlTemplate":"https:\/\/informelitoral.com.ar\/?s={search_term_string}"},"query-input":{"@type":"PropertyValueSpecification","valueRequired":true,"valueName":"search_term_string"}}],"inLanguage":"es"},{"@type":"Organization","@id":"https:\/\/informelitoral.com.ar\/#organization","name":"Informe Litoral","url":"https:\/\/informelitoral.com.ar\/","logo":{"@type":"ImageObject","inLanguage":"es","@id":"https:\/\/informelitoral.com.ar\/#\/schema\/logo\/image\/","url":"https:\/\/informelitoral.com.ar\/%77%70%2d%63%6f%6e%74%65%6e%74\/uploads\/2021\/01\/circulo.png","contentUrl":"https:\/\/informelitoral.com.ar\/%77%70%2d%63%6f%6e%74%65%6e%74\/uploads\/2021\/01\/circulo.png","width":723,"height":731,"caption":"Informe Litoral"},"image":{"@id":"https:\/\/informelitoral.com.ar\/#\/schema\/logo\/image\/"},"sameAs":["https:\/\/www.facebook.com\/informelitoral\/","https:\/\/x.com\/InformeLitoral","https:\/\/www.instagram.com\/informelitoral\/","https:\/\/www.youtube.com\/channel\/UCua4Qvz8Icb6MYqhoq9xLXw"]},{"@type":"Person","@id":"https:\/\/informelitoral.com.ar\/#\/schema\/person\/f05f9f461677119578717524b127d6d5","name":"Sebastian","image":{"@type":"ImageObject","inLanguage":"es","@id":"https:\/\/secure.gravatar.com\/avatar\/b71bf7481d447dfb9583c7f2798e7cc64de6efb9067b74633ed8c31059a3bd82?s=96&d=mm&r=g","url":"https:\/\/secure.gravatar.com\/avatar\/b71bf7481d447dfb9583c7f2798e7cc64de6efb9067b74633ed8c31059a3bd82?s=96&d=mm&r=g","contentUrl":"https:\/\/secure.gravatar.com\/avatar\/b71bf7481d447dfb9583c7f2798e7cc64de6efb9067b74633ed8c31059a3bd82?s=96&d=mm&r=g","caption":"Sebastian"},"url":"https:\/\/informelitoral.com.ar\/author\/sebastian\/"}]}},"_links":{"self":[{"href":"https:\/\/informelitoral.com.ar\/%77%70%2d%6a%73%6f%6e\/wp\/v2\/posts\/83289","targetHints":{"allow":["GET"]}}],"collection":[{"href":"https:\/\/informelitoral.com.ar\/%77%70%2d%6a%73%6f%6e\/wp\/v2\/posts"}],"about":[{"href":"https:\/\/informelitoral.com.ar\/%77%70%2d%6a%73%6f%6e\/wp\/v2\/types\/post"}],"author":[{"embeddable":true,"href":"https:\/\/informelitoral.com.ar\/%77%70%2d%6a%73%6f%6e\/wp\/v2\/users\/8"}],"replies":[{"embeddable":true,"href":"https:\/\/informelitoral.com.ar\/%77%70%2d%6a%73%6f%6e\/wp\/v2\/comments?post=83289"}],"version-history":[{"count":0,"href":"https:\/\/informelitoral.com.ar\/%77%70%2d%6a%73%6f%6e\/wp\/v2\/posts\/83289\/revisions"}],"wp:featuredmedia":[{"embeddable":true,"href":"https:\/\/informelitoral.com.ar\/%77%70%2d%6a%73%6f%6e\/wp\/v2\/media\/83291"}],"wp:attachment":[{"href":"https:\/\/informelitoral.com.ar\/%77%70%2d%6a%73%6f%6e\/wp\/v2\/media?parent=83289"}],"wp:term":[{"taxonomy":"category","embeddable":true,"href":"https:\/\/informelitoral.com.ar\/%77%70%2d%6a%73%6f%6e\/wp\/v2\/categories?post=83289"},{"taxonomy":"post_tag","embeddable":true,"href":"https:\/\/informelitoral.com.ar\/%77%70%2d%6a%73%6f%6e\/wp\/v2\/tags?post=83289"}],"curies":[{"name":"wp","href":"https:\/\/api.w.org\/{rel}","templated":true}]}}