{"id":83286,"date":"2022-08-08T08:45:38","date_gmt":"2022-08-08T11:45:38","guid":{"rendered":"https:\/\/www.informelitoral.com.ar\/?p=83286"},"modified":"2022-08-08T08:45:38","modified_gmt":"2022-08-08T11:45:38","slug":"aumento-por-movilidad-y-bono-los-anuncios-que-haran-esta-semana-para-jubilados","status":"publish","type":"post","link":"https:\/\/informelitoral.com.ar\/aumento-por-movilidad-y-bono-los-anuncios-que-haran-esta-semana-para-jubilados\/","title":{"rendered":"Aumento por movilidad y bono, los anuncios que har\u00e1n esta semana para jubilados"},"content":{"rendered":"<p>El mi\u00e9rcoles, a las 17 horas, el ministro de Econom\u00eda, Sergio Massa presentar\u00e1 junto a la titular de la Anses, Fernanda Raverta, el \u00edndice de movilidad por el cual se actualizar\u00e1n los haberes de jubilados y pensionados desde el mes venidero, pero adem\u00e1s se informar\u00e1 del refuerzo que recibir\u00e1 un grupo de ellos para compensar el impacto sufrido por la capacidad de compra de sus ingresos por la inflaci\u00f3n.<br \/>\nEl funcionario indic\u00f3 que este bono se financiar\u00e1 con el adelanto de ganancias que anunci\u00f3 la AFIP esta semana y con la que esperan recaudar $ 200 mil millones que aportar\u00e1n 2000 grandes empresas: \u00abPara que a ese ingreso de sectores con mayor capacidad de pago, lo volquemos en uno de los sectores que m\u00e1s sufre sin afectar el orden de nuestras cuentas\u00bb, afirm\u00f3 el ministro.<\/p>\n<p>\u201cA ese acompa\u00f1amiento a los jubilados y pensionados lo vamos a respaldar en una mayor recaudaci\u00f3n por el cobro de anticipos del impuesto a las ganancias decidido por AFIP\u201d, se\u00f1al\u00f3. Se refer\u00eda a la aplicaci\u00f3n de una resoluci\u00f3n adoptada en forma conjunta por la titular saliente la semana pasada de la AFIP, Mercedes Marc\u00f3 del Pont, y su reemplazante, Carlos Castagnetto. Por la misma, se dispuso que las grandes empresas pertenecientes a sectores que se beneficiaron por el aumento de los precios internacionales deban pagar este a\u00f1o, de modo excepcional, un adelanto de la fecha de ingreso de los anticipos del impuesto a las ganancias por este ejercicio, que deber\u00edan liquidar a mediados del a\u00f1o pr\u00f3ximo.<\/p>\n<p>Massa explic\u00f3, a trav\u00e9s de su cuenta de twitter, que de esta forma, \u00abese ingreso, proveniente de los sectores con mayor capacidad de pago, lo volcaremos en uno de los sectores que m\u00e1s sufre, sin afectar el orden de nuestras cuentas\u00bb.<\/p>\n<p>Por otra parte, el titular de Econom\u00eda precis\u00f3 que el martes \u201clos responsables de administraci\u00f3n de los ministerios recibir\u00e1n la programaci\u00f3n hasta fin de a\u00f1o, para que conozcan las prioridades de inversi\u00f3n y los techos de gastos. No habr\u00e1 m\u00e1s emisi\u00f3n para financiamiento hasta fin de a\u00f1o y el lunes iniciaremos reintegros al Banco Central\u201d de adelantos transitorios adeudados.<\/p>\n<p>Adem\u00e1s, inform\u00f3 que \u00abempezamos en coordinaci\u00f3n con todos los sectores de la administraci\u00f3n p\u00fablica la fijaci\u00f3n de topes al ingreso de personal, y a partir del 1\u00b0 de septiembre debe estar publicada con acceso p\u00fablico cada declaraci\u00f3n jurada en la p\u00e1gina del Indec\u00bb.<\/p>\n<p>Asimismo, dio cuenta de que \u00abya est\u00e1 funcionando un esquema de coordinaci\u00f3n para garantizar que los d\u00f3lares de las importaciones est\u00e9n enfocados a la producci\u00f3n y la salud\u00bb.<\/p>\n<p>Por otra parte, Massa inform\u00f3 que el viernes \u00abiniciamos la negociaci\u00f3n con los productores m\u00e1s importantes de gas, a los efectos de dise\u00f1ar un instrumento que nos permita llevar adelante la obra para suministrar el servicio de gas al litoral argentino y lograr exportar a Brasil\u00bb.<\/p>\n","protected":false},"excerpt":{"rendered":"<p>El mi\u00e9rcoles se conocer\u00e1 el \u00edndice de movilidad por el cual se actualizar\u00e1n los haberes de jubilados y pensionado. Pero adem\u00e1s se informar\u00e1 del refuerzo que recibir\u00e1 un grupo de ellos.<\/p>\n","protected":false},"author":8,"featured_media":24481,"comment_status":"open","ping_status":"open","sticky":false,"template":"","format":"standard","meta":{"fifu_image_url":"","fifu_image_alt":"","footnotes":""},"categories":[1594],"tags":[269,102],"class_list":{"0":"post-83286","1":"post","2":"type-post","3":"status-publish","4":"format-standard","5":"has-post-thumbnail","7":"category-economia","8":"tag-anses","9":"tag-jubilados"},"yoast_head":"<title>Aumento por movilidad y bono, los anuncios que har\u00e1n esta semana para jubilados - Informe Litoral<\/title>\n<meta name=\"robots\" content=\"index, follow, max-snippet:-1, max-image-preview:large, max-video-preview:-1\" \/>\n<link rel=\"canonical\" href=\"https:\/\/informelitoral.com.ar\/aumento-por-movilidad-y-bono-los-anuncios-que-haran-esta-semana-para-jubilados\/\" \/>\n<meta property=\"og:locale\" content=\"es_ES\" \/>\n<meta property=\"og:type\" content=\"article\" \/>\n<meta property=\"og:title\" content=\"Aumento por movilidad y bono, los anuncios que har\u00e1n esta semana para jubilados - Informe Litoral\" \/>\n<meta property=\"og:description\" content=\"El mi\u00e9rcoles se conocer\u00e1 el \u00edndice de movilidad por el cual se actualizar\u00e1n los haberes de jubilados y pensionado. Pero adem\u00e1s se informar\u00e1 del refuerzo que recibir\u00e1 un grupo de ellos.\" \/>\n<meta property=\"og:url\" content=\"https:\/\/informelitoral.com.ar\/aumento-por-movilidad-y-bono-los-anuncios-que-haran-esta-semana-para-jubilados\/\" \/>\n<meta property=\"og:site_name\" content=\"Informe Litoral\" \/>\n<meta property=\"article:publisher\" content=\"https:\/\/www.facebook.com\/informelitoral\/\" \/>\n<meta property=\"article:published_time\" content=\"2022-08-08T11:45:38+00:00\" \/>\n<meta property=\"og:image\" content=\"https:\/\/informelitoral.com.ar\/%77%70%2d%63%6f%6e%74%65%6e%74\/uploads\/2018\/01\/anses_39_0_0.jpg\" \/>\n\t<meta property=\"og:image:width\" content=\"1020\" \/>\n\t<meta property=\"og:image:height\" content=\"560\" \/>\n\t<meta property=\"og:image:type\" content=\"image\/jpeg\" \/>\n<meta name=\"author\" content=\"Sebastian\" \/>\n<meta name=\"twitter:card\" content=\"summary_large_image\" \/>\n<meta name=\"twitter:creator\" content=\"@InformeLitoral\" \/>\n<meta name=\"twitter:site\" content=\"@InformeLitoral\" \/>\n<meta name=\"twitter:label1\" content=\"Escrito por\" \/>\n\t<meta name=\"twitter:data1\" content=\"Sebastian\" \/>\n\t<meta name=\"twitter:label2\" content=\"Tiempo de lectura\" \/>\n\t<meta name=\"twitter:data2\" content=\"3 minutos\" \/>\n<script type=\"application\/ld+json\" class=\"yoast-schema-graph\">{\"@context\":\"https:\\\/\\\/schema.org\",\"@graph\":[{\"@type\":\"Article\",\"@id\":\"https:\\\/\\\/informelitoral.com.ar\\\/aumento-por-movilidad-y-bono-los-anuncios-que-haran-esta-semana-para-jubilados\\\/#article\",\"isPartOf\":{\"@id\":\"https:\\\/\\\/informelitoral.com.ar\\\/aumento-por-movilidad-y-bono-los-anuncios-que-haran-esta-semana-para-jubilados\\\/\"},\"author\":{\"name\":\"Sebastian\",\"@id\":\"https:\\\/\\\/informelitoral.com.ar\\\/#\\\/schema\\\/person\\\/f05f9f461677119578717524b127d6d5\"},\"headline\":\"Aumento por movilidad y bono, los anuncios que har\u00e1n esta semana para jubilados\",\"datePublished\":\"2022-08-08T11:45:38+00:00\",\"mainEntityOfPage\":{\"@id\":\"https:\\\/\\\/informelitoral.com.ar\\\/aumento-por-movilidad-y-bono-los-anuncios-que-haran-esta-semana-para-jubilados\\\/\"},\"wordCount\":520,\"commentCount\":0,\"publisher\":{\"@id\":\"https:\\\/\\\/informelitoral.com.ar\\\/#organization\"},\"image\":{\"@id\":\"https:\\\/\\\/informelitoral.com.ar\\\/aumento-por-movilidad-y-bono-los-anuncios-que-haran-esta-semana-para-jubilados\\\/#primaryimage\"},\"thumbnailUrl\":\"https:\\\/\\\/informelitoral.com.ar\\\/%77%70%2d%63%6f%6e%74%65%6e%74\\\/uploads\\\/2018\\\/01\\\/anses_39_0_0.jpg\",\"keywords\":[\"Anses\",\"Jubilados\"],\"articleSection\":[\"Econom\u00eda\"],\"inLanguage\":\"es\",\"potentialAction\":[{\"@type\":\"CommentAction\",\"name\":\"Comment\",\"target\":[\"https:\\\/\\\/informelitoral.com.ar\\\/aumento-por-movilidad-y-bono-los-anuncios-que-haran-esta-semana-para-jubilados\\\/#respond\"]}]},{\"@type\":\"WebPage\",\"@id\":\"https:\\\/\\\/informelitoral.com.ar\\\/aumento-por-movilidad-y-bono-los-anuncios-que-haran-esta-semana-para-jubilados\\\/\",\"url\":\"https:\\\/\\\/informelitoral.com.ar\\\/aumento-por-movilidad-y-bono-los-anuncios-que-haran-esta-semana-para-jubilados\\\/\",\"name\":\"Aumento por movilidad y bono, los anuncios que har\u00e1n esta semana para jubilados - Informe Litoral\",\"isPartOf\":{\"@id\":\"https:\\\/\\\/informelitoral.com.ar\\\/#website\"},\"primaryImageOfPage\":{\"@id\":\"https:\\\/\\\/informelitoral.com.ar\\\/aumento-por-movilidad-y-bono-los-anuncios-que-haran-esta-semana-para-jubilados\\\/#primaryimage\"},\"image\":{\"@id\":\"https:\\\/\\\/informelitoral.com.ar\\\/aumento-por-movilidad-y-bono-los-anuncios-que-haran-esta-semana-para-jubilados\\\/#primaryimage\"},\"thumbnailUrl\":\"https:\\\/\\\/informelitoral.com.ar\\\/%77%70%2d%63%6f%6e%74%65%6e%74\\\/uploads\\\/2018\\\/01\\\/anses_39_0_0.jpg\",\"datePublished\":\"2022-08-08T11:45:38+00:00\",\"breadcrumb\":{\"@id\":\"https:\\\/\\\/informelitoral.com.ar\\\/aumento-por-movilidad-y-bono-los-anuncios-que-haran-esta-semana-para-jubilados\\\/#breadcrumb\"},\"inLanguage\":\"es\",\"potentialAction\":[{\"@type\":\"ReadAction\",\"target\":[\"https:\\\/\\\/informelitoral.com.ar\\\/aumento-por-movilidad-y-bono-los-anuncios-que-haran-esta-semana-para-jubilados\\\/\"]}]},{\"@type\":\"ImageObject\",\"inLanguage\":\"es\",\"@id\":\"https:\\\/\\\/informelitoral.com.ar\\\/aumento-por-movilidad-y-bono-los-anuncios-que-haran-esta-semana-para-jubilados\\\/#primaryimage\",\"url\":\"https:\\\/\\\/informelitoral.com.ar\\\/%77%70%2d%63%6f%6e%74%65%6e%74\\\/uploads\\\/2018\\\/01\\\/anses_39_0_0.jpg\",\"contentUrl\":\"https:\\\/\\\/informelitoral.com.ar\\\/%77%70%2d%63%6f%6e%74%65%6e%74\\\/uploads\\\/2018\\\/01\\\/anses_39_0_0.jpg\",\"width\":1020,\"height\":560},{\"@type\":\"BreadcrumbList\",\"@id\":\"https:\\\/\\\/informelitoral.com.ar\\\/aumento-por-movilidad-y-bono-los-anuncios-que-haran-esta-semana-para-jubilados\\\/#breadcrumb\",\"itemListElement\":[{\"@type\":\"ListItem\",\"position\":1,\"name\":\"Portada\",\"item\":\"https:\\\/\\\/informelitoral.com.ar\\\/\"},{\"@type\":\"ListItem\",\"position\":2,\"name\":\"Aumento por movilidad y bono, los anuncios que har\u00e1n esta semana para jubilados\"}]},{\"@type\":\"WebSite\",\"@id\":\"https:\\\/\\\/informelitoral.com.ar\\\/#website\",\"url\":\"https:\\\/\\\/informelitoral.com.ar\\\/\",\"name\":\"Informe Litoral\",\"description\":\"&quot;Nos informamos&quot; \",\"publisher\":{\"@id\":\"https:\\\/\\\/informelitoral.com.ar\\\/#organization\"},\"potentialAction\":[{\"@type\":\"SearchAction\",\"target\":{\"@type\":\"EntryPoint\",\"urlTemplate\":\"https:\\\/\\\/informelitoral.com.ar\\\/?s={search_term_string}\"},\"query-input\":{\"@type\":\"PropertyValueSpecification\",\"valueRequired\":true,\"valueName\":\"search_term_string\"}}],\"inLanguage\":\"es\"},{\"@type\":\"Organization\",\"@id\":\"https:\\\/\\\/informelitoral.com.ar\\\/#organization\",\"name\":\"Informe Litoral\",\"url\":\"https:\\\/\\\/informelitoral.com.ar\\\/\",\"logo\":{\"@type\":\"ImageObject\",\"inLanguage\":\"es\",\"@id\":\"https:\\\/\\\/informelitoral.com.ar\\\/#\\\/schema\\\/logo\\\/image\\\/\",\"url\":\"https:\\\/\\\/informelitoral.com.ar\\\/%77%70%2d%63%6f%6e%74%65%6e%74\\\/uploads\\\/2021\\\/01\\\/circulo.png\",\"contentUrl\":\"https:\\\/\\\/informelitoral.com.ar\\\/%77%70%2d%63%6f%6e%74%65%6e%74\\\/uploads\\\/2021\\\/01\\\/circulo.png\",\"width\":723,\"height\":731,\"caption\":\"Informe Litoral\"},\"image\":{\"@id\":\"https:\\\/\\\/informelitoral.com.ar\\\/#\\\/schema\\\/logo\\\/image\\\/\"},\"sameAs\":[\"https:\\\/\\\/www.facebook.com\\\/informelitoral\\\/\",\"https:\\\/\\\/x.com\\\/InformeLitoral\",\"https:\\\/\\\/www.instagram.com\\\/informelitoral\\\/\",\"https:\\\/\\\/www.youtube.com\\\/channel\\\/UCua4Qvz8Icb6MYqhoq9xLXw\"]},{\"@type\":\"Person\",\"@id\":\"https:\\\/\\\/informelitoral.com.ar\\\/#\\\/schema\\\/person\\\/f05f9f461677119578717524b127d6d5\",\"name\":\"Sebastian\",\"image\":{\"@type\":\"ImageObject\",\"inLanguage\":\"es\",\"@id\":\"https:\\\/\\\/secure.gravatar.com\\\/avatar\\\/b71bf7481d447dfb9583c7f2798e7cc64de6efb9067b74633ed8c31059a3bd82?s=96&d=mm&r=g\",\"url\":\"https:\\\/\\\/secure.gravatar.com\\\/avatar\\\/b71bf7481d447dfb9583c7f2798e7cc64de6efb9067b74633ed8c31059a3bd82?s=96&d=mm&r=g\",\"contentUrl\":\"https:\\\/\\\/secure.gravatar.com\\\/avatar\\\/b71bf7481d447dfb9583c7f2798e7cc64de6efb9067b74633ed8c31059a3bd82?s=96&d=mm&r=g\",\"caption\":\"Sebastian\"},\"url\":\"https:\\\/\\\/informelitoral.com.ar\\\/author\\\/sebastian\\\/\"}]}<\/script>","yoast_head_json":{"title":"Aumento por movilidad y bono, los anuncios que har\u00e1n esta semana para jubilados - Informe Litoral","robots":{"index":"index","follow":"follow","max-snippet":"max-snippet:-1","max-image-preview":"max-image-preview:large","max-video-preview":"max-video-preview:-1"},"canonical":"https:\/\/informelitoral.com.ar\/aumento-por-movilidad-y-bono-los-anuncios-que-haran-esta-semana-para-jubilados\/","og_locale":"es_ES","og_type":"article","og_title":"Aumento por movilidad y bono, los anuncios que har\u00e1n esta semana para jubilados - Informe Litoral","og_description":"El mi\u00e9rcoles se conocer\u00e1 el \u00edndice de movilidad por el cual se actualizar\u00e1n los haberes de jubilados y pensionado. Pero adem\u00e1s se informar\u00e1 del refuerzo que recibir\u00e1 un grupo de ellos.","og_url":"https:\/\/informelitoral.com.ar\/aumento-por-movilidad-y-bono-los-anuncios-que-haran-esta-semana-para-jubilados\/","og_site_name":"Informe Litoral","article_publisher":"https:\/\/www.facebook.com\/informelitoral\/","article_published_time":"2022-08-08T11:45:38+00:00","og_image":[{"width":1020,"height":560,"url":"https:\/\/informelitoral.com.ar\/%77%70%2d%63%6f%6e%74%65%6e%74\/uploads\/2018\/01\/anses_39_0_0.jpg","type":"image\/jpeg"}],"author":"Sebastian","twitter_card":"summary_large_image","twitter_creator":"@InformeLitoral","twitter_site":"@InformeLitoral","twitter_misc":{"Escrito por":"Sebastian","Tiempo de lectura":"3 minutos"},"schema":{"@context":"https:\/\/schema.org","@graph":[{"@type":"Article","@id":"https:\/\/informelitoral.com.ar\/aumento-por-movilidad-y-bono-los-anuncios-que-haran-esta-semana-para-jubilados\/#article","isPartOf":{"@id":"https:\/\/informelitoral.com.ar\/aumento-por-movilidad-y-bono-los-anuncios-que-haran-esta-semana-para-jubilados\/"},"author":{"name":"Sebastian","@id":"https:\/\/informelitoral.com.ar\/#\/schema\/person\/f05f9f461677119578717524b127d6d5"},"headline":"Aumento por movilidad y bono, los anuncios que har\u00e1n esta semana para jubilados","datePublished":"2022-08-08T11:45:38+00:00","mainEntityOfPage":{"@id":"https:\/\/informelitoral.com.ar\/aumento-por-movilidad-y-bono-los-anuncios-que-haran-esta-semana-para-jubilados\/"},"wordCount":520,"commentCount":0,"publisher":{"@id":"https:\/\/informelitoral.com.ar\/#organization"},"image":{"@id":"https:\/\/informelitoral.com.ar\/aumento-por-movilidad-y-bono-los-anuncios-que-haran-esta-semana-para-jubilados\/#primaryimage"},"thumbnailUrl":"https:\/\/informelitoral.com.ar\/%77%70%2d%63%6f%6e%74%65%6e%74\/uploads\/2018\/01\/anses_39_0_0.jpg","keywords":["Anses","Jubilados"],"articleSection":["Econom\u00eda"],"inLanguage":"es","potentialAction":[{"@type":"CommentAction","name":"Comment","target":["https:\/\/informelitoral.com.ar\/aumento-por-movilidad-y-bono-los-anuncios-que-haran-esta-semana-para-jubilados\/#respond"]}]},{"@type":"WebPage","@id":"https:\/\/informelitoral.com.ar\/aumento-por-movilidad-y-bono-los-anuncios-que-haran-esta-semana-para-jubilados\/","url":"https:\/\/informelitoral.com.ar\/aumento-por-movilidad-y-bono-los-anuncios-que-haran-esta-semana-para-jubilados\/","name":"Aumento por movilidad y bono, los anuncios que har\u00e1n esta semana para jubilados - Informe Litoral","isPartOf":{"@id":"https:\/\/informelitoral.com.ar\/#website"},"primaryImageOfPage":{"@id":"https:\/\/informelitoral.com.ar\/aumento-por-movilidad-y-bono-los-anuncios-que-haran-esta-semana-para-jubilados\/#primaryimage"},"image":{"@id":"https:\/\/informelitoral.com.ar\/aumento-por-movilidad-y-bono-los-anuncios-que-haran-esta-semana-para-jubilados\/#primaryimage"},"thumbnailUrl":"https:\/\/informelitoral.com.ar\/%77%70%2d%63%6f%6e%74%65%6e%74\/uploads\/2018\/01\/anses_39_0_0.jpg","datePublished":"2022-08-08T11:45:38+00:00","breadcrumb":{"@id":"https:\/\/informelitoral.com.ar\/aumento-por-movilidad-y-bono-los-anuncios-que-haran-esta-semana-para-jubilados\/#breadcrumb"},"inLanguage":"es","potentialAction":[{"@type":"ReadAction","target":["https:\/\/informelitoral.com.ar\/aumento-por-movilidad-y-bono-los-anuncios-que-haran-esta-semana-para-jubilados\/"]}]},{"@type":"ImageObject","inLanguage":"es","@id":"https:\/\/informelitoral.com.ar\/aumento-por-movilidad-y-bono-los-anuncios-que-haran-esta-semana-para-jubilados\/#primaryimage","url":"https:\/\/informelitoral.com.ar\/%77%70%2d%63%6f%6e%74%65%6e%74\/uploads\/2018\/01\/anses_39_0_0.jpg","contentUrl":"https:\/\/informelitoral.com.ar\/%77%70%2d%63%6f%6e%74%65%6e%74\/uploads\/2018\/01\/anses_39_0_0.jpg","width":1020,"height":560},{"@type":"BreadcrumbList","@id":"https:\/\/informelitoral.com.ar\/aumento-por-movilidad-y-bono-los-anuncios-que-haran-esta-semana-para-jubilados\/#breadcrumb","itemListElement":[{"@type":"ListItem","position":1,"name":"Portada","item":"https:\/\/informelitoral.com.ar\/"},{"@type":"ListItem","position":2,"name":"Aumento por movilidad y bono, los anuncios que har\u00e1n esta semana para jubilados"}]},{"@type":"WebSite","@id":"https:\/\/informelitoral.com.ar\/#website","url":"https:\/\/informelitoral.com.ar\/","name":"Informe Litoral","description":"&quot;Nos informamos&quot; ","publisher":{"@id":"https:\/\/informelitoral.com.ar\/#organization"},"potentialAction":[{"@type":"SearchAction","target":{"@type":"EntryPoint","urlTemplate":"https:\/\/informelitoral.com.ar\/?s={search_term_string}"},"query-input":{"@type":"PropertyValueSpecification","valueRequired":true,"valueName":"search_term_string"}}],"inLanguage":"es"},{"@type":"Organization","@id":"https:\/\/informelitoral.com.ar\/#organization","name":"Informe Litoral","url":"https:\/\/informelitoral.com.ar\/","logo":{"@type":"ImageObject","inLanguage":"es","@id":"https:\/\/informelitoral.com.ar\/#\/schema\/logo\/image\/","url":"https:\/\/informelitoral.com.ar\/%77%70%2d%63%6f%6e%74%65%6e%74\/uploads\/2021\/01\/circulo.png","contentUrl":"https:\/\/informelitoral.com.ar\/%77%70%2d%63%6f%6e%74%65%6e%74\/uploads\/2021\/01\/circulo.png","width":723,"height":731,"caption":"Informe Litoral"},"image":{"@id":"https:\/\/informelitoral.com.ar\/#\/schema\/logo\/image\/"},"sameAs":["https:\/\/www.facebook.com\/informelitoral\/","https:\/\/x.com\/InformeLitoral","https:\/\/www.instagram.com\/informelitoral\/","https:\/\/www.youtube.com\/channel\/UCua4Qvz8Icb6MYqhoq9xLXw"]},{"@type":"Person","@id":"https:\/\/informelitoral.com.ar\/#\/schema\/person\/f05f9f461677119578717524b127d6d5","name":"Sebastian","image":{"@type":"ImageObject","inLanguage":"es","@id":"https:\/\/secure.gravatar.com\/avatar\/b71bf7481d447dfb9583c7f2798e7cc64de6efb9067b74633ed8c31059a3bd82?s=96&d=mm&r=g","url":"https:\/\/secure.gravatar.com\/avatar\/b71bf7481d447dfb9583c7f2798e7cc64de6efb9067b74633ed8c31059a3bd82?s=96&d=mm&r=g","contentUrl":"https:\/\/secure.gravatar.com\/avatar\/b71bf7481d447dfb9583c7f2798e7cc64de6efb9067b74633ed8c31059a3bd82?s=96&d=mm&r=g","caption":"Sebastian"},"url":"https:\/\/informelitoral.com.ar\/author\/sebastian\/"}]}},"_links":{"self":[{"href":"https:\/\/informelitoral.com.ar\/%77%70%2d%6a%73%6f%6e\/wp\/v2\/posts\/83286","targetHints":{"allow":["GET"]}}],"collection":[{"href":"https:\/\/informelitoral.com.ar\/%77%70%2d%6a%73%6f%6e\/wp\/v2\/posts"}],"about":[{"href":"https:\/\/informelitoral.com.ar\/%77%70%2d%6a%73%6f%6e\/wp\/v2\/types\/post"}],"author":[{"embeddable":true,"href":"https:\/\/informelitoral.com.ar\/%77%70%2d%6a%73%6f%6e\/wp\/v2\/users\/8"}],"replies":[{"embeddable":true,"href":"https:\/\/informelitoral.com.ar\/%77%70%2d%6a%73%6f%6e\/wp\/v2\/comments?post=83286"}],"version-history":[{"count":0,"href":"https:\/\/informelitoral.com.ar\/%77%70%2d%6a%73%6f%6e\/wp\/v2\/posts\/83286\/revisions"}],"wp:featuredmedia":[{"embeddable":true,"href":"https:\/\/informelitoral.com.ar\/%77%70%2d%6a%73%6f%6e\/wp\/v2\/media\/24481"}],"wp:attachment":[{"href":"https:\/\/informelitoral.com.ar\/%77%70%2d%6a%73%6f%6e\/wp\/v2\/media?parent=83286"}],"wp:term":[{"taxonomy":"category","embeddable":true,"href":"https:\/\/informelitoral.com.ar\/%77%70%2d%6a%73%6f%6e\/wp\/v2\/categories?post=83286"},{"taxonomy":"post_tag","embeddable":true,"href":"https:\/\/informelitoral.com.ar\/%77%70%2d%6a%73%6f%6e\/wp\/v2\/tags?post=83286"}],"curies":[{"name":"wp","href":"https:\/\/api.w.org\/{rel}","templated":true}]}}