{"id":83277,"date":"2022-08-08T08:19:09","date_gmt":"2022-08-08T11:19:09","guid":{"rendered":"https:\/\/www.informelitoral.com.ar\/?p=83277"},"modified":"2022-08-08T08:21:03","modified_gmt":"2022-08-08T11:21:03","slug":"lunes-gris-con-probabilidad-de-lluvias-en-pocos-dias-volveria-el-calorcito","status":"publish","type":"post","link":"https:\/\/informelitoral.com.ar\/lunes-gris-con-probabilidad-de-lluvias-en-pocos-dias-volveria-el-calorcito\/","title":{"rendered":"Lunes gris, con probabilidad de lluvias: en pocos d\u00edas volver\u00eda el calorcito"},"content":{"rendered":"<p>Las altas presiones que dominan el Atl\u00e1ntico generan un flujo de aire fr\u00edo y h\u00famedo dejando jornadas con m\u00e1ximas bajas y m\u00ednimas no tanto por la cobertura nubosa.<\/p>\n<p>Para hoy en Entre R\u00edos se pronostican vientos d\u00e9biles a regulares del sudeste. Nublado. H\u00famedo y con algunas neblinas matinales.<\/p>\n<p>Durante el d\u00eda se ir\u00e1 inestabilizando con probabilidad de lluvias y lloviznas dispersas. \u201cLos departamentos m\u00e1s inestables ser\u00edan los del oeste y norte de la provincia\u201d, conde podr\u00edan producirse \u201cocasionales tormentas aisladas por la noche\u201d, indica el parte de Defensa Civil de la provincia.<br \/>\nLa temperatura m\u00e1xima pronosticada para hoy es de 14 grados.<\/p>\n<p><b>C\u00f3mo sigue la semana y cu\u00e1ndo vuelve el calorcito<\/b><\/p>\n<p>El martes por la madrugada y la ma\u00f1ana habr\u00e1 lluvias aisladas. El cielo estar\u00e1 mayormente nublado por la tarde y algo nublado por la noche. Los vientos soplar\u00e1n de la direcci\u00f3n este, rotando al sudeste. Las temperaturas se ubicar\u00e1n entre los 8 y los 15 grados.<\/p>\n<p>El mi\u00e9rcoles la condiciones de tiempo habr\u00e1n mejorado con cielo estar\u00e1 parcialmente nublado durante toda la jornada. Habr\u00e1 18 grados de m\u00e1xima y ser\u00e1 el inicio de un paulatino ascenso de las temperaturas. Para el jueves se prev\u00e9n 20 grados por la tarde y con cielo algo nublado.<\/p>\n<section class=\"texto\"><b><b>Para el viernes las condiciones previstas son similares, con una m\u00ednima de 10 grados y una m\u00e1xima de 21.<\/b><\/b>Finalmente, para el venidero fin de semana se pronostican registro t\u00e9rmicos m\u00e1ximos cercanos a 25 grados.<\/p>\n<\/section>\n<div class=\"publi-top publi-listado\">\n<div class=\"publi-728\">\n<div id=\"banner-interior-b\" class=\"banner-zone-found banner-step-1 banner-loop-1 banner-is-adsense banner-is-c banner-step-2\"><\/div>\n<\/div>\n<\/div>\n","protected":false},"excerpt":{"rendered":"<p>Para hoy en Entre R\u00edos se pronostica nublado, h\u00famedo y con probabilidad de algunas lluvias. En el inicio del martes persistir\u00eda la inestabilidad y luego mejorar\u00eda. A mediados de semana comenzar\u00eda el paulatino aumento de las temperaturas.<\/p>\n","protected":false},"author":8,"featured_media":83281,"comment_status":"open","ping_status":"open","sticky":false,"template":"","format":"standard","meta":{"fifu_image_url":"","fifu_image_alt":"","footnotes":""},"categories":[6],"tags":[113],"class_list":{"0":"post-83277","1":"post","2":"type-post","3":"status-publish","4":"format-standard","5":"has-post-thumbnail","7":"category-entre-rios","8":"tag-smn"},"yoast_head":"<title>Lunes gris, con probabilidad de lluvias: en pocos d\u00edas volver\u00eda el calorcito - Informe Litoral<\/title>\n<meta name=\"robots\" content=\"index, follow, max-snippet:-1, max-image-preview:large, max-video-preview:-1\" \/>\n<link rel=\"canonical\" href=\"https:\/\/informelitoral.com.ar\/lunes-gris-con-probabilidad-de-lluvias-en-pocos-dias-volveria-el-calorcito\/\" \/>\n<meta property=\"og:locale\" content=\"es_ES\" \/>\n<meta property=\"og:type\" content=\"article\" \/>\n<meta property=\"og:title\" content=\"Lunes gris, con probabilidad de lluvias: en pocos d\u00edas volver\u00eda el calorcito - Informe Litoral\" \/>\n<meta property=\"og:description\" content=\"Para hoy en Entre R\u00edos se pronostica nublado, h\u00famedo y con probabilidad de algunas lluvias. En el inicio del martes persistir\u00eda la inestabilidad y luego mejorar\u00eda. A mediados de semana comenzar\u00eda el paulatino aumento de las temperaturas.\" \/>\n<meta property=\"og:url\" content=\"https:\/\/informelitoral.com.ar\/lunes-gris-con-probabilidad-de-lluvias-en-pocos-dias-volveria-el-calorcito\/\" \/>\n<meta property=\"og:site_name\" content=\"Informe Litoral\" \/>\n<meta property=\"article:publisher\" content=\"https:\/\/www.facebook.com\/informelitoral\/\" \/>\n<meta property=\"article:published_time\" content=\"2022-08-08T11:19:09+00:00\" \/>\n<meta property=\"article:modified_time\" content=\"2022-08-08T11:21:03+00:00\" \/>\n<meta property=\"og:image\" content=\"https:\/\/informelitoral.com.ar\/%77%70%2d%63%6f%6e%74%65%6e%74\/uploads\/2022\/08\/69b76f9a-29b2-46b6-918d-809865e42765_16-9-aspect-ratio_default_0.jpg\" \/>\n\t<meta property=\"og:image:width\" content=\"880\" \/>\n\t<meta property=\"og:image:height\" content=\"495\" \/>\n\t<meta property=\"og:image:type\" content=\"image\/jpeg\" \/>\n<meta name=\"author\" content=\"Sebastian\" \/>\n<meta name=\"twitter:card\" content=\"summary_large_image\" \/>\n<meta name=\"twitter:creator\" content=\"@InformeLitoral\" \/>\n<meta name=\"twitter:site\" content=\"@InformeLitoral\" \/>\n<meta name=\"twitter:label1\" content=\"Escrito por\" \/>\n\t<meta name=\"twitter:data1\" content=\"Sebastian\" \/>\n\t<meta name=\"twitter:label2\" content=\"Tiempo de lectura\" \/>\n\t<meta name=\"twitter:data2\" content=\"1 minuto\" \/>\n<script type=\"application\/ld+json\" class=\"yoast-schema-graph\">{\"@context\":\"https:\\\/\\\/schema.org\",\"@graph\":[{\"@type\":\"Article\",\"@id\":\"https:\\\/\\\/informelitoral.com.ar\\\/lunes-gris-con-probabilidad-de-lluvias-en-pocos-dias-volveria-el-calorcito\\\/#article\",\"isPartOf\":{\"@id\":\"https:\\\/\\\/informelitoral.com.ar\\\/lunes-gris-con-probabilidad-de-lluvias-en-pocos-dias-volveria-el-calorcito\\\/\"},\"author\":{\"name\":\"Sebastian\",\"@id\":\"https:\\\/\\\/informelitoral.com.ar\\\/#\\\/schema\\\/person\\\/f05f9f461677119578717524b127d6d5\"},\"headline\":\"Lunes gris, con probabilidad de lluvias: en pocos d\u00edas volver\u00eda el calorcito\",\"datePublished\":\"2022-08-08T11:19:09+00:00\",\"dateModified\":\"2022-08-08T11:21:03+00:00\",\"mainEntityOfPage\":{\"@id\":\"https:\\\/\\\/informelitoral.com.ar\\\/lunes-gris-con-probabilidad-de-lluvias-en-pocos-dias-volveria-el-calorcito\\\/\"},\"wordCount\":273,\"commentCount\":0,\"publisher\":{\"@id\":\"https:\\\/\\\/informelitoral.com.ar\\\/#organization\"},\"image\":{\"@id\":\"https:\\\/\\\/informelitoral.com.ar\\\/lunes-gris-con-probabilidad-de-lluvias-en-pocos-dias-volveria-el-calorcito\\\/#primaryimage\"},\"thumbnailUrl\":\"https:\\\/\\\/informelitoral.com.ar\\\/%77%70%2d%63%6f%6e%74%65%6e%74\\\/uploads\\\/2022\\\/08\\\/69b76f9a-29b2-46b6-918d-809865e42765_16-9-aspect-ratio_default_0.jpg\",\"keywords\":[\"SMN\"],\"articleSection\":[\"Entre R\u00edos\"],\"inLanguage\":\"es\",\"potentialAction\":[{\"@type\":\"CommentAction\",\"name\":\"Comment\",\"target\":[\"https:\\\/\\\/informelitoral.com.ar\\\/lunes-gris-con-probabilidad-de-lluvias-en-pocos-dias-volveria-el-calorcito\\\/#respond\"]}]},{\"@type\":\"WebPage\",\"@id\":\"https:\\\/\\\/informelitoral.com.ar\\\/lunes-gris-con-probabilidad-de-lluvias-en-pocos-dias-volveria-el-calorcito\\\/\",\"url\":\"https:\\\/\\\/informelitoral.com.ar\\\/lunes-gris-con-probabilidad-de-lluvias-en-pocos-dias-volveria-el-calorcito\\\/\",\"name\":\"Lunes gris, con probabilidad de lluvias: en pocos d\u00edas volver\u00eda el calorcito - Informe Litoral\",\"isPartOf\":{\"@id\":\"https:\\\/\\\/informelitoral.com.ar\\\/#website\"},\"primaryImageOfPage\":{\"@id\":\"https:\\\/\\\/informelitoral.com.ar\\\/lunes-gris-con-probabilidad-de-lluvias-en-pocos-dias-volveria-el-calorcito\\\/#primaryimage\"},\"image\":{\"@id\":\"https:\\\/\\\/informelitoral.com.ar\\\/lunes-gris-con-probabilidad-de-lluvias-en-pocos-dias-volveria-el-calorcito\\\/#primaryimage\"},\"thumbnailUrl\":\"https:\\\/\\\/informelitoral.com.ar\\\/%77%70%2d%63%6f%6e%74%65%6e%74\\\/uploads\\\/2022\\\/08\\\/69b76f9a-29b2-46b6-918d-809865e42765_16-9-aspect-ratio_default_0.jpg\",\"datePublished\":\"2022-08-08T11:19:09+00:00\",\"dateModified\":\"2022-08-08T11:21:03+00:00\",\"breadcrumb\":{\"@id\":\"https:\\\/\\\/informelitoral.com.ar\\\/lunes-gris-con-probabilidad-de-lluvias-en-pocos-dias-volveria-el-calorcito\\\/#breadcrumb\"},\"inLanguage\":\"es\",\"potentialAction\":[{\"@type\":\"ReadAction\",\"target\":[\"https:\\\/\\\/informelitoral.com.ar\\\/lunes-gris-con-probabilidad-de-lluvias-en-pocos-dias-volveria-el-calorcito\\\/\"]}]},{\"@type\":\"ImageObject\",\"inLanguage\":\"es\",\"@id\":\"https:\\\/\\\/informelitoral.com.ar\\\/lunes-gris-con-probabilidad-de-lluvias-en-pocos-dias-volveria-el-calorcito\\\/#primaryimage\",\"url\":\"https:\\\/\\\/informelitoral.com.ar\\\/%77%70%2d%63%6f%6e%74%65%6e%74\\\/uploads\\\/2022\\\/08\\\/69b76f9a-29b2-46b6-918d-809865e42765_16-9-aspect-ratio_default_0.jpg\",\"contentUrl\":\"https:\\\/\\\/informelitoral.com.ar\\\/%77%70%2d%63%6f%6e%74%65%6e%74\\\/uploads\\\/2022\\\/08\\\/69b76f9a-29b2-46b6-918d-809865e42765_16-9-aspect-ratio_default_0.jpg\",\"width\":880,\"height\":495},{\"@type\":\"BreadcrumbList\",\"@id\":\"https:\\\/\\\/informelitoral.com.ar\\\/lunes-gris-con-probabilidad-de-lluvias-en-pocos-dias-volveria-el-calorcito\\\/#breadcrumb\",\"itemListElement\":[{\"@type\":\"ListItem\",\"position\":1,\"name\":\"Portada\",\"item\":\"https:\\\/\\\/informelitoral.com.ar\\\/\"},{\"@type\":\"ListItem\",\"position\":2,\"name\":\"Lunes gris, con probabilidad de lluvias: en pocos d\u00edas volver\u00eda el calorcito\"}]},{\"@type\":\"WebSite\",\"@id\":\"https:\\\/\\\/informelitoral.com.ar\\\/#website\",\"url\":\"https:\\\/\\\/informelitoral.com.ar\\\/\",\"name\":\"Informe Litoral\",\"description\":\"&quot;Nos informamos&quot; \",\"publisher\":{\"@id\":\"https:\\\/\\\/informelitoral.com.ar\\\/#organization\"},\"potentialAction\":[{\"@type\":\"SearchAction\",\"target\":{\"@type\":\"EntryPoint\",\"urlTemplate\":\"https:\\\/\\\/informelitoral.com.ar\\\/?s={search_term_string}\"},\"query-input\":{\"@type\":\"PropertyValueSpecification\",\"valueRequired\":true,\"valueName\":\"search_term_string\"}}],\"inLanguage\":\"es\"},{\"@type\":\"Organization\",\"@id\":\"https:\\\/\\\/informelitoral.com.ar\\\/#organization\",\"name\":\"Informe Litoral\",\"url\":\"https:\\\/\\\/informelitoral.com.ar\\\/\",\"logo\":{\"@type\":\"ImageObject\",\"inLanguage\":\"es\",\"@id\":\"https:\\\/\\\/informelitoral.com.ar\\\/#\\\/schema\\\/logo\\\/image\\\/\",\"url\":\"https:\\\/\\\/informelitoral.com.ar\\\/%77%70%2d%63%6f%6e%74%65%6e%74\\\/uploads\\\/2021\\\/01\\\/circulo.png\",\"contentUrl\":\"https:\\\/\\\/informelitoral.com.ar\\\/%77%70%2d%63%6f%6e%74%65%6e%74\\\/uploads\\\/2021\\\/01\\\/circulo.png\",\"width\":723,\"height\":731,\"caption\":\"Informe Litoral\"},\"image\":{\"@id\":\"https:\\\/\\\/informelitoral.com.ar\\\/#\\\/schema\\\/logo\\\/image\\\/\"},\"sameAs\":[\"https:\\\/\\\/www.facebook.com\\\/informelitoral\\\/\",\"https:\\\/\\\/x.com\\\/InformeLitoral\",\"https:\\\/\\\/www.instagram.com\\\/informelitoral\\\/\",\"https:\\\/\\\/www.youtube.com\\\/channel\\\/UCua4Qvz8Icb6MYqhoq9xLXw\"]},{\"@type\":\"Person\",\"@id\":\"https:\\\/\\\/informelitoral.com.ar\\\/#\\\/schema\\\/person\\\/f05f9f461677119578717524b127d6d5\",\"name\":\"Sebastian\",\"image\":{\"@type\":\"ImageObject\",\"inLanguage\":\"es\",\"@id\":\"https:\\\/\\\/secure.gravatar.com\\\/avatar\\\/b71bf7481d447dfb9583c7f2798e7cc64de6efb9067b74633ed8c31059a3bd82?s=96&d=mm&r=g\",\"url\":\"https:\\\/\\\/secure.gravatar.com\\\/avatar\\\/b71bf7481d447dfb9583c7f2798e7cc64de6efb9067b74633ed8c31059a3bd82?s=96&d=mm&r=g\",\"contentUrl\":\"https:\\\/\\\/secure.gravatar.com\\\/avatar\\\/b71bf7481d447dfb9583c7f2798e7cc64de6efb9067b74633ed8c31059a3bd82?s=96&d=mm&r=g\",\"caption\":\"Sebastian\"},\"url\":\"https:\\\/\\\/informelitoral.com.ar\\\/author\\\/sebastian\\\/\"}]}<\/script>","yoast_head_json":{"title":"Lunes gris, con probabilidad de lluvias: en pocos d\u00edas volver\u00eda el calorcito - Informe Litoral","robots":{"index":"index","follow":"follow","max-snippet":"max-snippet:-1","max-image-preview":"max-image-preview:large","max-video-preview":"max-video-preview:-1"},"canonical":"https:\/\/informelitoral.com.ar\/lunes-gris-con-probabilidad-de-lluvias-en-pocos-dias-volveria-el-calorcito\/","og_locale":"es_ES","og_type":"article","og_title":"Lunes gris, con probabilidad de lluvias: en pocos d\u00edas volver\u00eda el calorcito - Informe Litoral","og_description":"Para hoy en Entre R\u00edos se pronostica nublado, h\u00famedo y con probabilidad de algunas lluvias. En el inicio del martes persistir\u00eda la inestabilidad y luego mejorar\u00eda. A mediados de semana comenzar\u00eda el paulatino aumento de las temperaturas.","og_url":"https:\/\/informelitoral.com.ar\/lunes-gris-con-probabilidad-de-lluvias-en-pocos-dias-volveria-el-calorcito\/","og_site_name":"Informe Litoral","article_publisher":"https:\/\/www.facebook.com\/informelitoral\/","article_published_time":"2022-08-08T11:19:09+00:00","article_modified_time":"2022-08-08T11:21:03+00:00","og_image":[{"width":880,"height":495,"url":"https:\/\/informelitoral.com.ar\/%77%70%2d%63%6f%6e%74%65%6e%74\/uploads\/2022\/08\/69b76f9a-29b2-46b6-918d-809865e42765_16-9-aspect-ratio_default_0.jpg","type":"image\/jpeg"}],"author":"Sebastian","twitter_card":"summary_large_image","twitter_creator":"@InformeLitoral","twitter_site":"@InformeLitoral","twitter_misc":{"Escrito por":"Sebastian","Tiempo de lectura":"1 minuto"},"schema":{"@context":"https:\/\/schema.org","@graph":[{"@type":"Article","@id":"https:\/\/informelitoral.com.ar\/lunes-gris-con-probabilidad-de-lluvias-en-pocos-dias-volveria-el-calorcito\/#article","isPartOf":{"@id":"https:\/\/informelitoral.com.ar\/lunes-gris-con-probabilidad-de-lluvias-en-pocos-dias-volveria-el-calorcito\/"},"author":{"name":"Sebastian","@id":"https:\/\/informelitoral.com.ar\/#\/schema\/person\/f05f9f461677119578717524b127d6d5"},"headline":"Lunes gris, con probabilidad de lluvias: en pocos d\u00edas volver\u00eda el calorcito","datePublished":"2022-08-08T11:19:09+00:00","dateModified":"2022-08-08T11:21:03+00:00","mainEntityOfPage":{"@id":"https:\/\/informelitoral.com.ar\/lunes-gris-con-probabilidad-de-lluvias-en-pocos-dias-volveria-el-calorcito\/"},"wordCount":273,"commentCount":0,"publisher":{"@id":"https:\/\/informelitoral.com.ar\/#organization"},"image":{"@id":"https:\/\/informelitoral.com.ar\/lunes-gris-con-probabilidad-de-lluvias-en-pocos-dias-volveria-el-calorcito\/#primaryimage"},"thumbnailUrl":"https:\/\/informelitoral.com.ar\/%77%70%2d%63%6f%6e%74%65%6e%74\/uploads\/2022\/08\/69b76f9a-29b2-46b6-918d-809865e42765_16-9-aspect-ratio_default_0.jpg","keywords":["SMN"],"articleSection":["Entre R\u00edos"],"inLanguage":"es","potentialAction":[{"@type":"CommentAction","name":"Comment","target":["https:\/\/informelitoral.com.ar\/lunes-gris-con-probabilidad-de-lluvias-en-pocos-dias-volveria-el-calorcito\/#respond"]}]},{"@type":"WebPage","@id":"https:\/\/informelitoral.com.ar\/lunes-gris-con-probabilidad-de-lluvias-en-pocos-dias-volveria-el-calorcito\/","url":"https:\/\/informelitoral.com.ar\/lunes-gris-con-probabilidad-de-lluvias-en-pocos-dias-volveria-el-calorcito\/","name":"Lunes gris, con probabilidad de lluvias: en pocos d\u00edas volver\u00eda el calorcito - Informe Litoral","isPartOf":{"@id":"https:\/\/informelitoral.com.ar\/#website"},"primaryImageOfPage":{"@id":"https:\/\/informelitoral.com.ar\/lunes-gris-con-probabilidad-de-lluvias-en-pocos-dias-volveria-el-calorcito\/#primaryimage"},"image":{"@id":"https:\/\/informelitoral.com.ar\/lunes-gris-con-probabilidad-de-lluvias-en-pocos-dias-volveria-el-calorcito\/#primaryimage"},"thumbnailUrl":"https:\/\/informelitoral.com.ar\/%77%70%2d%63%6f%6e%74%65%6e%74\/uploads\/2022\/08\/69b76f9a-29b2-46b6-918d-809865e42765_16-9-aspect-ratio_default_0.jpg","datePublished":"2022-08-08T11:19:09+00:00","dateModified":"2022-08-08T11:21:03+00:00","breadcrumb":{"@id":"https:\/\/informelitoral.com.ar\/lunes-gris-con-probabilidad-de-lluvias-en-pocos-dias-volveria-el-calorcito\/#breadcrumb"},"inLanguage":"es","potentialAction":[{"@type":"ReadAction","target":["https:\/\/informelitoral.com.ar\/lunes-gris-con-probabilidad-de-lluvias-en-pocos-dias-volveria-el-calorcito\/"]}]},{"@type":"ImageObject","inLanguage":"es","@id":"https:\/\/informelitoral.com.ar\/lunes-gris-con-probabilidad-de-lluvias-en-pocos-dias-volveria-el-calorcito\/#primaryimage","url":"https:\/\/informelitoral.com.ar\/%77%70%2d%63%6f%6e%74%65%6e%74\/uploads\/2022\/08\/69b76f9a-29b2-46b6-918d-809865e42765_16-9-aspect-ratio_default_0.jpg","contentUrl":"https:\/\/informelitoral.com.ar\/%77%70%2d%63%6f%6e%74%65%6e%74\/uploads\/2022\/08\/69b76f9a-29b2-46b6-918d-809865e42765_16-9-aspect-ratio_default_0.jpg","width":880,"height":495},{"@type":"BreadcrumbList","@id":"https:\/\/informelitoral.com.ar\/lunes-gris-con-probabilidad-de-lluvias-en-pocos-dias-volveria-el-calorcito\/#breadcrumb","itemListElement":[{"@type":"ListItem","position":1,"name":"Portada","item":"https:\/\/informelitoral.com.ar\/"},{"@type":"ListItem","position":2,"name":"Lunes gris, con probabilidad de lluvias: en pocos d\u00edas volver\u00eda el calorcito"}]},{"@type":"WebSite","@id":"https:\/\/informelitoral.com.ar\/#website","url":"https:\/\/informelitoral.com.ar\/","name":"Informe Litoral","description":"&quot;Nos informamos&quot; ","publisher":{"@id":"https:\/\/informelitoral.com.ar\/#organization"},"potentialAction":[{"@type":"SearchAction","target":{"@type":"EntryPoint","urlTemplate":"https:\/\/informelitoral.com.ar\/?s={search_term_string}"},"query-input":{"@type":"PropertyValueSpecification","valueRequired":true,"valueName":"search_term_string"}}],"inLanguage":"es"},{"@type":"Organization","@id":"https:\/\/informelitoral.com.ar\/#organization","name":"Informe Litoral","url":"https:\/\/informelitoral.com.ar\/","logo":{"@type":"ImageObject","inLanguage":"es","@id":"https:\/\/informelitoral.com.ar\/#\/schema\/logo\/image\/","url":"https:\/\/informelitoral.com.ar\/%77%70%2d%63%6f%6e%74%65%6e%74\/uploads\/2021\/01\/circulo.png","contentUrl":"https:\/\/informelitoral.com.ar\/%77%70%2d%63%6f%6e%74%65%6e%74\/uploads\/2021\/01\/circulo.png","width":723,"height":731,"caption":"Informe Litoral"},"image":{"@id":"https:\/\/informelitoral.com.ar\/#\/schema\/logo\/image\/"},"sameAs":["https:\/\/www.facebook.com\/informelitoral\/","https:\/\/x.com\/InformeLitoral","https:\/\/www.instagram.com\/informelitoral\/","https:\/\/www.youtube.com\/channel\/UCua4Qvz8Icb6MYqhoq9xLXw"]},{"@type":"Person","@id":"https:\/\/informelitoral.com.ar\/#\/schema\/person\/f05f9f461677119578717524b127d6d5","name":"Sebastian","image":{"@type":"ImageObject","inLanguage":"es","@id":"https:\/\/secure.gravatar.com\/avatar\/b71bf7481d447dfb9583c7f2798e7cc64de6efb9067b74633ed8c31059a3bd82?s=96&d=mm&r=g","url":"https:\/\/secure.gravatar.com\/avatar\/b71bf7481d447dfb9583c7f2798e7cc64de6efb9067b74633ed8c31059a3bd82?s=96&d=mm&r=g","contentUrl":"https:\/\/secure.gravatar.com\/avatar\/b71bf7481d447dfb9583c7f2798e7cc64de6efb9067b74633ed8c31059a3bd82?s=96&d=mm&r=g","caption":"Sebastian"},"url":"https:\/\/informelitoral.com.ar\/author\/sebastian\/"}]}},"_links":{"self":[{"href":"https:\/\/informelitoral.com.ar\/%77%70%2d%6a%73%6f%6e\/wp\/v2\/posts\/83277","targetHints":{"allow":["GET"]}}],"collection":[{"href":"https:\/\/informelitoral.com.ar\/%77%70%2d%6a%73%6f%6e\/wp\/v2\/posts"}],"about":[{"href":"https:\/\/informelitoral.com.ar\/%77%70%2d%6a%73%6f%6e\/wp\/v2\/types\/post"}],"author":[{"embeddable":true,"href":"https:\/\/informelitoral.com.ar\/%77%70%2d%6a%73%6f%6e\/wp\/v2\/users\/8"}],"replies":[{"embeddable":true,"href":"https:\/\/informelitoral.com.ar\/%77%70%2d%6a%73%6f%6e\/wp\/v2\/comments?post=83277"}],"version-history":[{"count":0,"href":"https:\/\/informelitoral.com.ar\/%77%70%2d%6a%73%6f%6e\/wp\/v2\/posts\/83277\/revisions"}],"wp:featuredmedia":[{"embeddable":true,"href":"https:\/\/informelitoral.com.ar\/%77%70%2d%6a%73%6f%6e\/wp\/v2\/media\/83281"}],"wp:attachment":[{"href":"https:\/\/informelitoral.com.ar\/%77%70%2d%6a%73%6f%6e\/wp\/v2\/media?parent=83277"}],"wp:term":[{"taxonomy":"category","embeddable":true,"href":"https:\/\/informelitoral.com.ar\/%77%70%2d%6a%73%6f%6e\/wp\/v2\/categories?post=83277"},{"taxonomy":"post_tag","embeddable":true,"href":"https:\/\/informelitoral.com.ar\/%77%70%2d%6a%73%6f%6e\/wp\/v2\/tags?post=83277"}],"curies":[{"name":"wp","href":"https:\/\/api.w.org\/{rel}","templated":true}]}}