{"id":83258,"date":"2022-08-05T12:10:54","date_gmt":"2022-08-05T15:10:54","guid":{"rendered":"https:\/\/www.informelitoral.com.ar\/?p=83258"},"modified":"2022-08-05T12:10:54","modified_gmt":"2022-08-05T15:10:54","slug":"turismo-de-nacion-visita-los-desarrollos-de-ecoturismo-en-entre-rios","status":"publish","type":"post","link":"https:\/\/informelitoral.com.ar\/turismo-de-nacion-visita-los-desarrollos-de-ecoturismo-en-entre-rios\/","title":{"rendered":"Turismo de Naci\u00f3n visita los desarrollos de Ecoturismo en Entre R\u00edos"},"content":{"rendered":"<p>Este lunes la directora de Turismo de Naturaleza del Ministerio de Turismo de Naci\u00f3n, Mariana P\u00e9rez M\u00e1rquez, junto a la secretaria de Turismo de Entre R\u00edos Mar\u00eda Laura Saad y su equipo, visitaron localidades sobre la costa del Paran\u00e1 para conocer algunos de los desarrollos que se vienen realizando en el \u00e1rea.<\/p>\n<p>La recorrida comenz\u00f3 con el inicio de la primera Jornada de Socorrismo en la Municipalidad de Valle Mar\u00eda, dictadas por Asociaci\u00f3n Argentina de Ecoturismo y Turismo Aventura y luego visitaron los senderos del Camino de la Vaca.<\/p>\n<p>M\u00e1s tarde, en la localidad de Diamante dialogaron con el titular de Turismo de dicha localidad, Javier Robledo, sobre c\u00f3mo se gest\u00f3 la reserva natural y producto tur\u00edstico \u00abTierra Chan\u00e1\u00bb y sobre el desarrollo en agenda. La recorrida sigui\u00f3 hacia el Parque Nacional Pre Delta junto al intendente municipal, Aldo Delaloye.<\/p>\n<p>Ya por la tarde, junto al secretario de Turismo de Paran\u00e1, Agust\u00edn Clavenzani visitaron el Islote Curup\u00ed, una reserva natural urbana creada a partir de una isla artificial en el medio del R\u00edo Paran\u00e1, ubicada frente a la Costanera paranaense, que se encuentra en desarrollo.<\/p>\n","protected":false},"excerpt":{"rendered":"<p>La secretaria de Turismo Entre R\u00edos, Mar\u00eda Laura Saad, acompa\u00f1\u00f3 la visita de la funcionaria del Ministerio de Turismo y Deportes de la Naci\u00f3n, en su recorrida por la localidad de Diamante, Valle Mar\u00eda y Paran\u00e1.<\/p>\n","protected":false},"author":8,"featured_media":83259,"comment_status":"open","ping_status":"open","sticky":false,"template":"","format":"standard","meta":{"fifu_image_url":"","fifu_image_alt":"","footnotes":""},"categories":[1378],"tags":[3876,104],"class_list":{"0":"post-83258","1":"post","2":"type-post","3":"status-publish","4":"format-standard","5":"has-post-thumbnail","7":"category-turismo","8":"tag-ecoturismo","9":"tag-turismo"},"yoast_head":"<title>Turismo de Naci\u00f3n visita los desarrollos de Ecoturismo en Entre R\u00edos - Informe Litoral<\/title>\n<meta name=\"robots\" content=\"index, follow, max-snippet:-1, max-image-preview:large, max-video-preview:-1\" \/>\n<link rel=\"canonical\" href=\"https:\/\/informelitoral.com.ar\/turismo-de-nacion-visita-los-desarrollos-de-ecoturismo-en-entre-rios\/\" \/>\n<meta property=\"og:locale\" content=\"es_ES\" \/>\n<meta property=\"og:type\" content=\"article\" \/>\n<meta property=\"og:title\" content=\"Turismo de Naci\u00f3n visita los desarrollos de Ecoturismo en Entre R\u00edos - Informe Litoral\" \/>\n<meta property=\"og:description\" content=\"La secretaria de Turismo Entre R\u00edos, Mar\u00eda Laura Saad, acompa\u00f1\u00f3 la visita de la funcionaria del Ministerio de Turismo y Deportes de la Naci\u00f3n, en su recorrida por la localidad de Diamante, Valle Mar\u00eda y Paran\u00e1.\" \/>\n<meta property=\"og:url\" content=\"https:\/\/informelitoral.com.ar\/turismo-de-nacion-visita-los-desarrollos-de-ecoturismo-en-entre-rios\/\" \/>\n<meta property=\"og:site_name\" content=\"Informe Litoral\" \/>\n<meta property=\"article:publisher\" content=\"https:\/\/www.facebook.com\/informelitoral\/\" \/>\n<meta property=\"article:published_time\" content=\"2022-08-05T15:10:54+00:00\" \/>\n<meta property=\"og:image\" content=\"https:\/\/informelitoral.com.ar\/%77%70%2d%63%6f%6e%74%65%6e%74\/uploads\/2022\/08\/p_1659634508.jpeg\" \/>\n\t<meta property=\"og:image:width\" content=\"1920\" \/>\n\t<meta property=\"og:image:height\" content=\"800\" \/>\n\t<meta property=\"og:image:type\" content=\"image\/jpeg\" \/>\n<meta name=\"author\" content=\"Sebastian\" \/>\n<meta name=\"twitter:card\" content=\"summary_large_image\" \/>\n<meta name=\"twitter:creator\" content=\"@InformeLitoral\" \/>\n<meta name=\"twitter:site\" content=\"@InformeLitoral\" \/>\n<meta name=\"twitter:label1\" content=\"Escrito por\" \/>\n\t<meta name=\"twitter:data1\" content=\"Sebastian\" \/>\n\t<meta name=\"twitter:label2\" content=\"Tiempo de lectura\" \/>\n\t<meta name=\"twitter:data2\" content=\"1 minuto\" \/>\n<script type=\"application\/ld+json\" class=\"yoast-schema-graph\">{\"@context\":\"https:\\\/\\\/schema.org\",\"@graph\":[{\"@type\":\"Article\",\"@id\":\"https:\\\/\\\/informelitoral.com.ar\\\/turismo-de-nacion-visita-los-desarrollos-de-ecoturismo-en-entre-rios\\\/#article\",\"isPartOf\":{\"@id\":\"https:\\\/\\\/informelitoral.com.ar\\\/turismo-de-nacion-visita-los-desarrollos-de-ecoturismo-en-entre-rios\\\/\"},\"author\":{\"name\":\"Sebastian\",\"@id\":\"https:\\\/\\\/informelitoral.com.ar\\\/#\\\/schema\\\/person\\\/f05f9f461677119578717524b127d6d5\"},\"headline\":\"Turismo de Naci\u00f3n visita los desarrollos de Ecoturismo en Entre R\u00edos\",\"datePublished\":\"2022-08-05T15:10:54+00:00\",\"mainEntityOfPage\":{\"@id\":\"https:\\\/\\\/informelitoral.com.ar\\\/turismo-de-nacion-visita-los-desarrollos-de-ecoturismo-en-entre-rios\\\/\"},\"wordCount\":210,\"commentCount\":0,\"publisher\":{\"@id\":\"https:\\\/\\\/informelitoral.com.ar\\\/#organization\"},\"image\":{\"@id\":\"https:\\\/\\\/informelitoral.com.ar\\\/turismo-de-nacion-visita-los-desarrollos-de-ecoturismo-en-entre-rios\\\/#primaryimage\"},\"thumbnailUrl\":\"https:\\\/\\\/informelitoral.com.ar\\\/%77%70%2d%63%6f%6e%74%65%6e%74\\\/uploads\\\/2022\\\/08\\\/p_1659634508.jpeg\",\"keywords\":[\"Ecoturismo\",\"Turismo\"],\"articleSection\":[\"Turismo\"],\"inLanguage\":\"es\",\"potentialAction\":[{\"@type\":\"CommentAction\",\"name\":\"Comment\",\"target\":[\"https:\\\/\\\/informelitoral.com.ar\\\/turismo-de-nacion-visita-los-desarrollos-de-ecoturismo-en-entre-rios\\\/#respond\"]}]},{\"@type\":\"WebPage\",\"@id\":\"https:\\\/\\\/informelitoral.com.ar\\\/turismo-de-nacion-visita-los-desarrollos-de-ecoturismo-en-entre-rios\\\/\",\"url\":\"https:\\\/\\\/informelitoral.com.ar\\\/turismo-de-nacion-visita-los-desarrollos-de-ecoturismo-en-entre-rios\\\/\",\"name\":\"Turismo de Naci\u00f3n visita los desarrollos de Ecoturismo en Entre R\u00edos - Informe Litoral\",\"isPartOf\":{\"@id\":\"https:\\\/\\\/informelitoral.com.ar\\\/#website\"},\"primaryImageOfPage\":{\"@id\":\"https:\\\/\\\/informelitoral.com.ar\\\/turismo-de-nacion-visita-los-desarrollos-de-ecoturismo-en-entre-rios\\\/#primaryimage\"},\"image\":{\"@id\":\"https:\\\/\\\/informelitoral.com.ar\\\/turismo-de-nacion-visita-los-desarrollos-de-ecoturismo-en-entre-rios\\\/#primaryimage\"},\"thumbnailUrl\":\"https:\\\/\\\/informelitoral.com.ar\\\/%77%70%2d%63%6f%6e%74%65%6e%74\\\/uploads\\\/2022\\\/08\\\/p_1659634508.jpeg\",\"datePublished\":\"2022-08-05T15:10:54+00:00\",\"breadcrumb\":{\"@id\":\"https:\\\/\\\/informelitoral.com.ar\\\/turismo-de-nacion-visita-los-desarrollos-de-ecoturismo-en-entre-rios\\\/#breadcrumb\"},\"inLanguage\":\"es\",\"potentialAction\":[{\"@type\":\"ReadAction\",\"target\":[\"https:\\\/\\\/informelitoral.com.ar\\\/turismo-de-nacion-visita-los-desarrollos-de-ecoturismo-en-entre-rios\\\/\"]}]},{\"@type\":\"ImageObject\",\"inLanguage\":\"es\",\"@id\":\"https:\\\/\\\/informelitoral.com.ar\\\/turismo-de-nacion-visita-los-desarrollos-de-ecoturismo-en-entre-rios\\\/#primaryimage\",\"url\":\"https:\\\/\\\/informelitoral.com.ar\\\/%77%70%2d%63%6f%6e%74%65%6e%74\\\/uploads\\\/2022\\\/08\\\/p_1659634508.jpeg\",\"contentUrl\":\"https:\\\/\\\/informelitoral.com.ar\\\/%77%70%2d%63%6f%6e%74%65%6e%74\\\/uploads\\\/2022\\\/08\\\/p_1659634508.jpeg\",\"width\":1920,\"height\":800},{\"@type\":\"BreadcrumbList\",\"@id\":\"https:\\\/\\\/informelitoral.com.ar\\\/turismo-de-nacion-visita-los-desarrollos-de-ecoturismo-en-entre-rios\\\/#breadcrumb\",\"itemListElement\":[{\"@type\":\"ListItem\",\"position\":1,\"name\":\"Portada\",\"item\":\"https:\\\/\\\/informelitoral.com.ar\\\/\"},{\"@type\":\"ListItem\",\"position\":2,\"name\":\"Turismo de Naci\u00f3n visita los desarrollos de Ecoturismo en Entre R\u00edos\"}]},{\"@type\":\"WebSite\",\"@id\":\"https:\\\/\\\/informelitoral.com.ar\\\/#website\",\"url\":\"https:\\\/\\\/informelitoral.com.ar\\\/\",\"name\":\"Informe Litoral\",\"description\":\"&quot;Nos informamos&quot; \",\"publisher\":{\"@id\":\"https:\\\/\\\/informelitoral.com.ar\\\/#organization\"},\"potentialAction\":[{\"@type\":\"SearchAction\",\"target\":{\"@type\":\"EntryPoint\",\"urlTemplate\":\"https:\\\/\\\/informelitoral.com.ar\\\/?s={search_term_string}\"},\"query-input\":{\"@type\":\"PropertyValueSpecification\",\"valueRequired\":true,\"valueName\":\"search_term_string\"}}],\"inLanguage\":\"es\"},{\"@type\":\"Organization\",\"@id\":\"https:\\\/\\\/informelitoral.com.ar\\\/#organization\",\"name\":\"Informe Litoral\",\"url\":\"https:\\\/\\\/informelitoral.com.ar\\\/\",\"logo\":{\"@type\":\"ImageObject\",\"inLanguage\":\"es\",\"@id\":\"https:\\\/\\\/informelitoral.com.ar\\\/#\\\/schema\\\/logo\\\/image\\\/\",\"url\":\"https:\\\/\\\/informelitoral.com.ar\\\/%77%70%2d%63%6f%6e%74%65%6e%74\\\/uploads\\\/2021\\\/01\\\/circulo.png\",\"contentUrl\":\"https:\\\/\\\/informelitoral.com.ar\\\/%77%70%2d%63%6f%6e%74%65%6e%74\\\/uploads\\\/2021\\\/01\\\/circulo.png\",\"width\":723,\"height\":731,\"caption\":\"Informe Litoral\"},\"image\":{\"@id\":\"https:\\\/\\\/informelitoral.com.ar\\\/#\\\/schema\\\/logo\\\/image\\\/\"},\"sameAs\":[\"https:\\\/\\\/www.facebook.com\\\/informelitoral\\\/\",\"https:\\\/\\\/x.com\\\/InformeLitoral\",\"https:\\\/\\\/www.instagram.com\\\/informelitoral\\\/\",\"https:\\\/\\\/www.youtube.com\\\/channel\\\/UCua4Qvz8Icb6MYqhoq9xLXw\"]},{\"@type\":\"Person\",\"@id\":\"https:\\\/\\\/informelitoral.com.ar\\\/#\\\/schema\\\/person\\\/f05f9f461677119578717524b127d6d5\",\"name\":\"Sebastian\",\"image\":{\"@type\":\"ImageObject\",\"inLanguage\":\"es\",\"@id\":\"https:\\\/\\\/secure.gravatar.com\\\/avatar\\\/b71bf7481d447dfb9583c7f2798e7cc64de6efb9067b74633ed8c31059a3bd82?s=96&d=mm&r=g\",\"url\":\"https:\\\/\\\/secure.gravatar.com\\\/avatar\\\/b71bf7481d447dfb9583c7f2798e7cc64de6efb9067b74633ed8c31059a3bd82?s=96&d=mm&r=g\",\"contentUrl\":\"https:\\\/\\\/secure.gravatar.com\\\/avatar\\\/b71bf7481d447dfb9583c7f2798e7cc64de6efb9067b74633ed8c31059a3bd82?s=96&d=mm&r=g\",\"caption\":\"Sebastian\"},\"url\":\"https:\\\/\\\/informelitoral.com.ar\\\/author\\\/sebastian\\\/\"}]}<\/script>","yoast_head_json":{"title":"Turismo de Naci\u00f3n visita los desarrollos de Ecoturismo en Entre R\u00edos - Informe Litoral","robots":{"index":"index","follow":"follow","max-snippet":"max-snippet:-1","max-image-preview":"max-image-preview:large","max-video-preview":"max-video-preview:-1"},"canonical":"https:\/\/informelitoral.com.ar\/turismo-de-nacion-visita-los-desarrollos-de-ecoturismo-en-entre-rios\/","og_locale":"es_ES","og_type":"article","og_title":"Turismo de Naci\u00f3n visita los desarrollos de Ecoturismo en Entre R\u00edos - Informe Litoral","og_description":"La secretaria de Turismo Entre R\u00edos, Mar\u00eda Laura Saad, acompa\u00f1\u00f3 la visita de la funcionaria del Ministerio de Turismo y Deportes de la Naci\u00f3n, en su recorrida por la localidad de Diamante, Valle Mar\u00eda y Paran\u00e1.","og_url":"https:\/\/informelitoral.com.ar\/turismo-de-nacion-visita-los-desarrollos-de-ecoturismo-en-entre-rios\/","og_site_name":"Informe Litoral","article_publisher":"https:\/\/www.facebook.com\/informelitoral\/","article_published_time":"2022-08-05T15:10:54+00:00","og_image":[{"width":1920,"height":800,"url":"https:\/\/informelitoral.com.ar\/%77%70%2d%63%6f%6e%74%65%6e%74\/uploads\/2022\/08\/p_1659634508.jpeg","type":"image\/jpeg"}],"author":"Sebastian","twitter_card":"summary_large_image","twitter_creator":"@InformeLitoral","twitter_site":"@InformeLitoral","twitter_misc":{"Escrito por":"Sebastian","Tiempo de lectura":"1 minuto"},"schema":{"@context":"https:\/\/schema.org","@graph":[{"@type":"Article","@id":"https:\/\/informelitoral.com.ar\/turismo-de-nacion-visita-los-desarrollos-de-ecoturismo-en-entre-rios\/#article","isPartOf":{"@id":"https:\/\/informelitoral.com.ar\/turismo-de-nacion-visita-los-desarrollos-de-ecoturismo-en-entre-rios\/"},"author":{"name":"Sebastian","@id":"https:\/\/informelitoral.com.ar\/#\/schema\/person\/f05f9f461677119578717524b127d6d5"},"headline":"Turismo de Naci\u00f3n visita los desarrollos de Ecoturismo en Entre R\u00edos","datePublished":"2022-08-05T15:10:54+00:00","mainEntityOfPage":{"@id":"https:\/\/informelitoral.com.ar\/turismo-de-nacion-visita-los-desarrollos-de-ecoturismo-en-entre-rios\/"},"wordCount":210,"commentCount":0,"publisher":{"@id":"https:\/\/informelitoral.com.ar\/#organization"},"image":{"@id":"https:\/\/informelitoral.com.ar\/turismo-de-nacion-visita-los-desarrollos-de-ecoturismo-en-entre-rios\/#primaryimage"},"thumbnailUrl":"https:\/\/informelitoral.com.ar\/%77%70%2d%63%6f%6e%74%65%6e%74\/uploads\/2022\/08\/p_1659634508.jpeg","keywords":["Ecoturismo","Turismo"],"articleSection":["Turismo"],"inLanguage":"es","potentialAction":[{"@type":"CommentAction","name":"Comment","target":["https:\/\/informelitoral.com.ar\/turismo-de-nacion-visita-los-desarrollos-de-ecoturismo-en-entre-rios\/#respond"]}]},{"@type":"WebPage","@id":"https:\/\/informelitoral.com.ar\/turismo-de-nacion-visita-los-desarrollos-de-ecoturismo-en-entre-rios\/","url":"https:\/\/informelitoral.com.ar\/turismo-de-nacion-visita-los-desarrollos-de-ecoturismo-en-entre-rios\/","name":"Turismo de Naci\u00f3n visita los desarrollos de Ecoturismo en Entre R\u00edos - Informe Litoral","isPartOf":{"@id":"https:\/\/informelitoral.com.ar\/#website"},"primaryImageOfPage":{"@id":"https:\/\/informelitoral.com.ar\/turismo-de-nacion-visita-los-desarrollos-de-ecoturismo-en-entre-rios\/#primaryimage"},"image":{"@id":"https:\/\/informelitoral.com.ar\/turismo-de-nacion-visita-los-desarrollos-de-ecoturismo-en-entre-rios\/#primaryimage"},"thumbnailUrl":"https:\/\/informelitoral.com.ar\/%77%70%2d%63%6f%6e%74%65%6e%74\/uploads\/2022\/08\/p_1659634508.jpeg","datePublished":"2022-08-05T15:10:54+00:00","breadcrumb":{"@id":"https:\/\/informelitoral.com.ar\/turismo-de-nacion-visita-los-desarrollos-de-ecoturismo-en-entre-rios\/#breadcrumb"},"inLanguage":"es","potentialAction":[{"@type":"ReadAction","target":["https:\/\/informelitoral.com.ar\/turismo-de-nacion-visita-los-desarrollos-de-ecoturismo-en-entre-rios\/"]}]},{"@type":"ImageObject","inLanguage":"es","@id":"https:\/\/informelitoral.com.ar\/turismo-de-nacion-visita-los-desarrollos-de-ecoturismo-en-entre-rios\/#primaryimage","url":"https:\/\/informelitoral.com.ar\/%77%70%2d%63%6f%6e%74%65%6e%74\/uploads\/2022\/08\/p_1659634508.jpeg","contentUrl":"https:\/\/informelitoral.com.ar\/%77%70%2d%63%6f%6e%74%65%6e%74\/uploads\/2022\/08\/p_1659634508.jpeg","width":1920,"height":800},{"@type":"BreadcrumbList","@id":"https:\/\/informelitoral.com.ar\/turismo-de-nacion-visita-los-desarrollos-de-ecoturismo-en-entre-rios\/#breadcrumb","itemListElement":[{"@type":"ListItem","position":1,"name":"Portada","item":"https:\/\/informelitoral.com.ar\/"},{"@type":"ListItem","position":2,"name":"Turismo de Naci\u00f3n visita los desarrollos de Ecoturismo en Entre R\u00edos"}]},{"@type":"WebSite","@id":"https:\/\/informelitoral.com.ar\/#website","url":"https:\/\/informelitoral.com.ar\/","name":"Informe Litoral","description":"&quot;Nos informamos&quot; ","publisher":{"@id":"https:\/\/informelitoral.com.ar\/#organization"},"potentialAction":[{"@type":"SearchAction","target":{"@type":"EntryPoint","urlTemplate":"https:\/\/informelitoral.com.ar\/?s={search_term_string}"},"query-input":{"@type":"PropertyValueSpecification","valueRequired":true,"valueName":"search_term_string"}}],"inLanguage":"es"},{"@type":"Organization","@id":"https:\/\/informelitoral.com.ar\/#organization","name":"Informe Litoral","url":"https:\/\/informelitoral.com.ar\/","logo":{"@type":"ImageObject","inLanguage":"es","@id":"https:\/\/informelitoral.com.ar\/#\/schema\/logo\/image\/","url":"https:\/\/informelitoral.com.ar\/%77%70%2d%63%6f%6e%74%65%6e%74\/uploads\/2021\/01\/circulo.png","contentUrl":"https:\/\/informelitoral.com.ar\/%77%70%2d%63%6f%6e%74%65%6e%74\/uploads\/2021\/01\/circulo.png","width":723,"height":731,"caption":"Informe Litoral"},"image":{"@id":"https:\/\/informelitoral.com.ar\/#\/schema\/logo\/image\/"},"sameAs":["https:\/\/www.facebook.com\/informelitoral\/","https:\/\/x.com\/InformeLitoral","https:\/\/www.instagram.com\/informelitoral\/","https:\/\/www.youtube.com\/channel\/UCua4Qvz8Icb6MYqhoq9xLXw"]},{"@type":"Person","@id":"https:\/\/informelitoral.com.ar\/#\/schema\/person\/f05f9f461677119578717524b127d6d5","name":"Sebastian","image":{"@type":"ImageObject","inLanguage":"es","@id":"https:\/\/secure.gravatar.com\/avatar\/b71bf7481d447dfb9583c7f2798e7cc64de6efb9067b74633ed8c31059a3bd82?s=96&d=mm&r=g","url":"https:\/\/secure.gravatar.com\/avatar\/b71bf7481d447dfb9583c7f2798e7cc64de6efb9067b74633ed8c31059a3bd82?s=96&d=mm&r=g","contentUrl":"https:\/\/secure.gravatar.com\/avatar\/b71bf7481d447dfb9583c7f2798e7cc64de6efb9067b74633ed8c31059a3bd82?s=96&d=mm&r=g","caption":"Sebastian"},"url":"https:\/\/informelitoral.com.ar\/author\/sebastian\/"}]}},"_links":{"self":[{"href":"https:\/\/informelitoral.com.ar\/%77%70%2d%6a%73%6f%6e\/wp\/v2\/posts\/83258","targetHints":{"allow":["GET"]}}],"collection":[{"href":"https:\/\/informelitoral.com.ar\/%77%70%2d%6a%73%6f%6e\/wp\/v2\/posts"}],"about":[{"href":"https:\/\/informelitoral.com.ar\/%77%70%2d%6a%73%6f%6e\/wp\/v2\/types\/post"}],"author":[{"embeddable":true,"href":"https:\/\/informelitoral.com.ar\/%77%70%2d%6a%73%6f%6e\/wp\/v2\/users\/8"}],"replies":[{"embeddable":true,"href":"https:\/\/informelitoral.com.ar\/%77%70%2d%6a%73%6f%6e\/wp\/v2\/comments?post=83258"}],"version-history":[{"count":0,"href":"https:\/\/informelitoral.com.ar\/%77%70%2d%6a%73%6f%6e\/wp\/v2\/posts\/83258\/revisions"}],"wp:featuredmedia":[{"embeddable":true,"href":"https:\/\/informelitoral.com.ar\/%77%70%2d%6a%73%6f%6e\/wp\/v2\/media\/83259"}],"wp:attachment":[{"href":"https:\/\/informelitoral.com.ar\/%77%70%2d%6a%73%6f%6e\/wp\/v2\/media?parent=83258"}],"wp:term":[{"taxonomy":"category","embeddable":true,"href":"https:\/\/informelitoral.com.ar\/%77%70%2d%6a%73%6f%6e\/wp\/v2\/categories?post=83258"},{"taxonomy":"post_tag","embeddable":true,"href":"https:\/\/informelitoral.com.ar\/%77%70%2d%6a%73%6f%6e\/wp\/v2\/tags?post=83258"}],"curies":[{"name":"wp","href":"https:\/\/api.w.org\/{rel}","templated":true}]}}