{"id":83222,"date":"2022-08-05T09:15:56","date_gmt":"2022-08-05T12:15:56","guid":{"rendered":"https:\/\/www.informelitoral.com.ar\/?p=83222"},"modified":"2022-08-05T09:15:56","modified_gmt":"2022-08-05T12:15:56","slug":"la-sugestiva-publicacion-de-dario-benedetto-en-medio-de-los-rumores-de-la-llegada-de-edinson-cavani-a-boca-juniors","status":"publish","type":"post","link":"https:\/\/informelitoral.com.ar\/la-sugestiva-publicacion-de-dario-benedetto-en-medio-de-los-rumores-de-la-llegada-de-edinson-cavani-a-boca-juniors\/","title":{"rendered":"La sugestiva publicaci\u00f3n de Dar\u00edo Benedetto en medio de los rumores de la llegada de Edinson Cavani a Boca Juniors"},"content":{"rendered":"<p class=\"paragraph\"><b>Dar\u00edo Benedetto aliment\u00f3 los rumores de las \u00faltimas horas que dan por seguro el arribo de Edinson Cavani a Boca Juniors<\/b>. El Pipa comparti\u00f3 im\u00e1genes en las redes sociales con el\u00a0<b>museo personal<\/b>\u00a0que instal\u00f3 en su hogar con las principales camisetas que intercambi\u00f3 a lo largo de su carrera con distintas figuras internacionales.<\/p>\n<p class=\"paragraph\">El video que public\u00f3 en Instagram se volvi\u00f3 viral porque al final\u00a0<b>se puede ver el dorsal 9 del Par\u00eds Saint-Germain con el nombre Cavani. \u201cVa quedando\u201d,\u00a0<\/b>escribi\u00f3 Benedetto, quien se recupera de un esguince de tobillo que lo margino de los \u00faltimos partidos de la Liga Profesional.<\/p>\n<p class=\"paragraph\">Mientras tanto,\u00a0<b>desde Uruguay, afirman que Edinson Cavani decidi\u00f3 aceptar la propuesta de Boca Juniors y que en las pr\u00f3ximas horas se anunciar\u00eda su contrataci\u00f3n<\/b>. El delantero uruguayo de 35 a\u00f1os, de \u00faltimo paso en el Manchester United, aguardaba por la oferta del Villarreal de Espa\u00f1a. Sin embargo, como su arribo al\u00a0<i>Submarino Amarillo<\/i>\u00a0no est\u00e1 claro, la inmediatez del cierre del libro de pases en Argentina lo habr\u00eda llevado a tomar una decisi\u00f3n.<\/p>\n<p class=\"paragraph\">\u201c?Atenci\u00f3n \u231b?\u00a0<b>SE CONFIRMA LA PRIMICIA MUNDIAL<\/b>\u00a0@ECavaniOfficial Se convierte en nuevo jugador de @BocaJrsOficial\u00a0<b>MA\u00d1ANA ser\u00e1 d\u00eda para el anuncio oficial. Se confirm\u00f3 la #Bomba Cavani viaja a Bs As. En horas\u201d<\/b>, public\u00f3 el periodista uruguayo Jonathan Pinasco, de Radio Oriental AM 770 de Uruguay.<\/p>\n<p class=\"paragraph\">En di\u00e1logo con el Show de Boca, por Radio Splendid, Jonathan Pinasco agreg\u00f3:\u00a0<b>\u201cEntre el viernes y s\u00e1bado se oficializar\u00e1 la llegada de Cavani a Boca Juniors.\u00a0<\/b>Entre el domingo y el lunes arribar\u00e1 a Buenos Aires desde Montevideo, donde se encuentra entrenando actualmente. Por respeto escuch\u00f3 la oferta del Villarreal, pero decidi\u00f3 respetar la palabra que le dio a Riquelme.<b>\u00a0En principio ser\u00eda por un contrato de un a\u00f1o y medio, para jugar la pr\u00f3xima Copa Libertadores\u201d.<\/b><\/p>\n<p class=\"paragraph\">El pr\u00f3ximo 8 de agosto se cerrar\u00e1 la ventana de transferencias en el pa\u00eds, mientras que en Europa la misma continuar\u00e1 hasta el 31 del corriente. El hecho de que la oferta del Villarreal no sea firme habr\u00eda llevado\u00a0<b>al goleador charr\u00faa a que se decida por el Xeneize para tener la continuidad futbol\u00edtica deseada de cara al Mundial<\/b>\u00a0de Qatar 2022 que comenzar\u00e1 en noviembre.<\/p>\n<p class=\"paragraph\">El acuerdo entre partes estar\u00eda definido hace tiempo, ya que Juan Rom\u00e1n Riquelme viene manteniendo contactos con el uruguayo desde el a\u00f1o pasado. Uno de los temas que preocup\u00f3 a Boca Juniors fue el\u00a0<b>tiempo de duraci\u00f3n de su v\u00ednculo con la entidad,\u00a0<\/b>ya que el Xeneize ya no participa de la Copa Libertadores. Sin embargo, seg\u00fan las informaciones que brindaron los periodistas uruguayos, Edinson Cavani, al margen de que siempre estuvo enfocado en jugar hasta fin de a\u00f1o, fecha en que finalizar\u00e1 la cita mundialista,\u00a0<b>arribar\u00eda por un a\u00f1o y medio, asegur\u00e1ndose disputar la Copa Libertadores 2023.<\/b><\/p>\n<p class=\"paragraph\">Las pr\u00f3ximas horas ser\u00e1n determinantes para saber si una de las novelas del mercado de pases argentino y sudamericano tendr\u00e1 su final feliz para los hinchas de Boca Juniors.(<em>Infobae<\/em>)<\/p>\n","protected":false},"excerpt":{"rendered":"<p>El Pipa comparti\u00f3 un video con su museo personal y el mensaje junto a una camiseta no pas\u00f3 desapercibida en las redes sociales<\/p>\n","protected":false},"author":8,"featured_media":83223,"comment_status":"open","ping_status":"open","sticky":false,"template":"","format":"standard","meta":{"fifu_image_url":"","fifu_image_alt":"","footnotes":""},"categories":[13],"tags":[384],"class_list":{"0":"post-83222","1":"post","2":"type-post","3":"status-publish","4":"format-standard","5":"has-post-thumbnail","7":"category-deportes","8":"tag-boca-juniors"},"yoast_head":"<title>La sugestiva publicaci\u00f3n de Dar\u00edo Benedetto en medio de los rumores de la llegada de Edinson Cavani a Boca Juniors - Informe Litoral<\/title>\n<meta name=\"robots\" content=\"index, follow, max-snippet:-1, max-image-preview:large, max-video-preview:-1\" \/>\n<link rel=\"canonical\" href=\"https:\/\/informelitoral.com.ar\/la-sugestiva-publicacion-de-dario-benedetto-en-medio-de-los-rumores-de-la-llegada-de-edinson-cavani-a-boca-juniors\/\" \/>\n<meta property=\"og:locale\" content=\"es_ES\" \/>\n<meta property=\"og:type\" content=\"article\" \/>\n<meta property=\"og:title\" content=\"La sugestiva publicaci\u00f3n de Dar\u00edo Benedetto en medio de los rumores de la llegada de Edinson Cavani a Boca Juniors - Informe Litoral\" \/>\n<meta property=\"og:description\" content=\"El Pipa comparti\u00f3 un video con su museo personal y el mensaje junto a una camiseta no pas\u00f3 desapercibida en las redes sociales\" \/>\n<meta property=\"og:url\" content=\"https:\/\/informelitoral.com.ar\/la-sugestiva-publicacion-de-dario-benedetto-en-medio-de-los-rumores-de-la-llegada-de-edinson-cavani-a-boca-juniors\/\" \/>\n<meta property=\"og:site_name\" content=\"Informe Litoral\" \/>\n<meta property=\"article:publisher\" content=\"https:\/\/www.facebook.com\/informelitoral\/\" \/>\n<meta property=\"article:published_time\" content=\"2022-08-05T12:15:56+00:00\" \/>\n<meta property=\"og:image\" content=\"https:\/\/informelitoral.com.ar\/%77%70%2d%63%6f%6e%74%65%6e%74\/uploads\/2022\/08\/YNORPRDHFNHQRKOTMS4YAGL46E.jpg\" \/>\n\t<meta property=\"og:image:width\" content=\"1440\" \/>\n\t<meta property=\"og:image:height\" content=\"806\" \/>\n\t<meta property=\"og:image:type\" content=\"image\/jpeg\" \/>\n<meta name=\"author\" content=\"Sebastian\" \/>\n<meta name=\"twitter:card\" content=\"summary_large_image\" \/>\n<meta name=\"twitter:creator\" content=\"@InformeLitoral\" \/>\n<meta name=\"twitter:site\" content=\"@InformeLitoral\" \/>\n<meta name=\"twitter:label1\" content=\"Escrito por\" \/>\n\t<meta name=\"twitter:data1\" content=\"Sebastian\" \/>\n\t<meta name=\"twitter:label2\" content=\"Tiempo de lectura\" \/>\n\t<meta name=\"twitter:data2\" content=\"3 minutos\" \/>\n<script type=\"application\/ld+json\" class=\"yoast-schema-graph\">{\"@context\":\"https:\\\/\\\/schema.org\",\"@graph\":[{\"@type\":\"Article\",\"@id\":\"https:\\\/\\\/informelitoral.com.ar\\\/la-sugestiva-publicacion-de-dario-benedetto-en-medio-de-los-rumores-de-la-llegada-de-edinson-cavani-a-boca-juniors\\\/#article\",\"isPartOf\":{\"@id\":\"https:\\\/\\\/informelitoral.com.ar\\\/la-sugestiva-publicacion-de-dario-benedetto-en-medio-de-los-rumores-de-la-llegada-de-edinson-cavani-a-boca-juniors\\\/\"},\"author\":{\"name\":\"Sebastian\",\"@id\":\"https:\\\/\\\/informelitoral.com.ar\\\/#\\\/schema\\\/person\\\/f05f9f461677119578717524b127d6d5\"},\"headline\":\"La sugestiva publicaci\u00f3n de Dar\u00edo Benedetto en medio de los rumores de la llegada de Edinson Cavani a Boca Juniors\",\"datePublished\":\"2022-08-05T12:15:56+00:00\",\"mainEntityOfPage\":{\"@id\":\"https:\\\/\\\/informelitoral.com.ar\\\/la-sugestiva-publicacion-de-dario-benedetto-en-medio-de-los-rumores-de-la-llegada-de-edinson-cavani-a-boca-juniors\\\/\"},\"wordCount\":543,\"commentCount\":0,\"publisher\":{\"@id\":\"https:\\\/\\\/informelitoral.com.ar\\\/#organization\"},\"image\":{\"@id\":\"https:\\\/\\\/informelitoral.com.ar\\\/la-sugestiva-publicacion-de-dario-benedetto-en-medio-de-los-rumores-de-la-llegada-de-edinson-cavani-a-boca-juniors\\\/#primaryimage\"},\"thumbnailUrl\":\"https:\\\/\\\/informelitoral.com.ar\\\/%77%70%2d%63%6f%6e%74%65%6e%74\\\/uploads\\\/2022\\\/08\\\/YNORPRDHFNHQRKOTMS4YAGL46E.jpg\",\"keywords\":[\"Boca Juniors\"],\"articleSection\":[\"Deportes\"],\"inLanguage\":\"es\",\"potentialAction\":[{\"@type\":\"CommentAction\",\"name\":\"Comment\",\"target\":[\"https:\\\/\\\/informelitoral.com.ar\\\/la-sugestiva-publicacion-de-dario-benedetto-en-medio-de-los-rumores-de-la-llegada-de-edinson-cavani-a-boca-juniors\\\/#respond\"]}]},{\"@type\":\"WebPage\",\"@id\":\"https:\\\/\\\/informelitoral.com.ar\\\/la-sugestiva-publicacion-de-dario-benedetto-en-medio-de-los-rumores-de-la-llegada-de-edinson-cavani-a-boca-juniors\\\/\",\"url\":\"https:\\\/\\\/informelitoral.com.ar\\\/la-sugestiva-publicacion-de-dario-benedetto-en-medio-de-los-rumores-de-la-llegada-de-edinson-cavani-a-boca-juniors\\\/\",\"name\":\"La sugestiva publicaci\u00f3n de Dar\u00edo Benedetto en medio de los rumores de la llegada de Edinson Cavani a Boca Juniors - Informe Litoral\",\"isPartOf\":{\"@id\":\"https:\\\/\\\/informelitoral.com.ar\\\/#website\"},\"primaryImageOfPage\":{\"@id\":\"https:\\\/\\\/informelitoral.com.ar\\\/la-sugestiva-publicacion-de-dario-benedetto-en-medio-de-los-rumores-de-la-llegada-de-edinson-cavani-a-boca-juniors\\\/#primaryimage\"},\"image\":{\"@id\":\"https:\\\/\\\/informelitoral.com.ar\\\/la-sugestiva-publicacion-de-dario-benedetto-en-medio-de-los-rumores-de-la-llegada-de-edinson-cavani-a-boca-juniors\\\/#primaryimage\"},\"thumbnailUrl\":\"https:\\\/\\\/informelitoral.com.ar\\\/%77%70%2d%63%6f%6e%74%65%6e%74\\\/uploads\\\/2022\\\/08\\\/YNORPRDHFNHQRKOTMS4YAGL46E.jpg\",\"datePublished\":\"2022-08-05T12:15:56+00:00\",\"breadcrumb\":{\"@id\":\"https:\\\/\\\/informelitoral.com.ar\\\/la-sugestiva-publicacion-de-dario-benedetto-en-medio-de-los-rumores-de-la-llegada-de-edinson-cavani-a-boca-juniors\\\/#breadcrumb\"},\"inLanguage\":\"es\",\"potentialAction\":[{\"@type\":\"ReadAction\",\"target\":[\"https:\\\/\\\/informelitoral.com.ar\\\/la-sugestiva-publicacion-de-dario-benedetto-en-medio-de-los-rumores-de-la-llegada-de-edinson-cavani-a-boca-juniors\\\/\"]}]},{\"@type\":\"ImageObject\",\"inLanguage\":\"es\",\"@id\":\"https:\\\/\\\/informelitoral.com.ar\\\/la-sugestiva-publicacion-de-dario-benedetto-en-medio-de-los-rumores-de-la-llegada-de-edinson-cavani-a-boca-juniors\\\/#primaryimage\",\"url\":\"https:\\\/\\\/informelitoral.com.ar\\\/%77%70%2d%63%6f%6e%74%65%6e%74\\\/uploads\\\/2022\\\/08\\\/YNORPRDHFNHQRKOTMS4YAGL46E.jpg\",\"contentUrl\":\"https:\\\/\\\/informelitoral.com.ar\\\/%77%70%2d%63%6f%6e%74%65%6e%74\\\/uploads\\\/2022\\\/08\\\/YNORPRDHFNHQRKOTMS4YAGL46E.jpg\",\"width\":1440,\"height\":806},{\"@type\":\"BreadcrumbList\",\"@id\":\"https:\\\/\\\/informelitoral.com.ar\\\/la-sugestiva-publicacion-de-dario-benedetto-en-medio-de-los-rumores-de-la-llegada-de-edinson-cavani-a-boca-juniors\\\/#breadcrumb\",\"itemListElement\":[{\"@type\":\"ListItem\",\"position\":1,\"name\":\"Portada\",\"item\":\"https:\\\/\\\/informelitoral.com.ar\\\/\"},{\"@type\":\"ListItem\",\"position\":2,\"name\":\"La sugestiva publicaci\u00f3n de Dar\u00edo Benedetto en medio de los rumores de la llegada de Edinson Cavani a Boca Juniors\"}]},{\"@type\":\"WebSite\",\"@id\":\"https:\\\/\\\/informelitoral.com.ar\\\/#website\",\"url\":\"https:\\\/\\\/informelitoral.com.ar\\\/\",\"name\":\"Informe Litoral\",\"description\":\"&quot;Nos informamos&quot; \",\"publisher\":{\"@id\":\"https:\\\/\\\/informelitoral.com.ar\\\/#organization\"},\"potentialAction\":[{\"@type\":\"SearchAction\",\"target\":{\"@type\":\"EntryPoint\",\"urlTemplate\":\"https:\\\/\\\/informelitoral.com.ar\\\/?s={search_term_string}\"},\"query-input\":{\"@type\":\"PropertyValueSpecification\",\"valueRequired\":true,\"valueName\":\"search_term_string\"}}],\"inLanguage\":\"es\"},{\"@type\":\"Organization\",\"@id\":\"https:\\\/\\\/informelitoral.com.ar\\\/#organization\",\"name\":\"Informe Litoral\",\"url\":\"https:\\\/\\\/informelitoral.com.ar\\\/\",\"logo\":{\"@type\":\"ImageObject\",\"inLanguage\":\"es\",\"@id\":\"https:\\\/\\\/informelitoral.com.ar\\\/#\\\/schema\\\/logo\\\/image\\\/\",\"url\":\"https:\\\/\\\/informelitoral.com.ar\\\/%77%70%2d%63%6f%6e%74%65%6e%74\\\/uploads\\\/2021\\\/01\\\/circulo.png\",\"contentUrl\":\"https:\\\/\\\/informelitoral.com.ar\\\/%77%70%2d%63%6f%6e%74%65%6e%74\\\/uploads\\\/2021\\\/01\\\/circulo.png\",\"width\":723,\"height\":731,\"caption\":\"Informe Litoral\"},\"image\":{\"@id\":\"https:\\\/\\\/informelitoral.com.ar\\\/#\\\/schema\\\/logo\\\/image\\\/\"},\"sameAs\":[\"https:\\\/\\\/www.facebook.com\\\/informelitoral\\\/\",\"https:\\\/\\\/x.com\\\/InformeLitoral\",\"https:\\\/\\\/www.instagram.com\\\/informelitoral\\\/\",\"https:\\\/\\\/www.youtube.com\\\/channel\\\/UCua4Qvz8Icb6MYqhoq9xLXw\"]},{\"@type\":\"Person\",\"@id\":\"https:\\\/\\\/informelitoral.com.ar\\\/#\\\/schema\\\/person\\\/f05f9f461677119578717524b127d6d5\",\"name\":\"Sebastian\",\"image\":{\"@type\":\"ImageObject\",\"inLanguage\":\"es\",\"@id\":\"https:\\\/\\\/secure.gravatar.com\\\/avatar\\\/b71bf7481d447dfb9583c7f2798e7cc64de6efb9067b74633ed8c31059a3bd82?s=96&d=mm&r=g\",\"url\":\"https:\\\/\\\/secure.gravatar.com\\\/avatar\\\/b71bf7481d447dfb9583c7f2798e7cc64de6efb9067b74633ed8c31059a3bd82?s=96&d=mm&r=g\",\"contentUrl\":\"https:\\\/\\\/secure.gravatar.com\\\/avatar\\\/b71bf7481d447dfb9583c7f2798e7cc64de6efb9067b74633ed8c31059a3bd82?s=96&d=mm&r=g\",\"caption\":\"Sebastian\"},\"url\":\"https:\\\/\\\/informelitoral.com.ar\\\/author\\\/sebastian\\\/\"}]}<\/script>","yoast_head_json":{"title":"La sugestiva publicaci\u00f3n de Dar\u00edo Benedetto en medio de los rumores de la llegada de Edinson Cavani a Boca Juniors - Informe Litoral","robots":{"index":"index","follow":"follow","max-snippet":"max-snippet:-1","max-image-preview":"max-image-preview:large","max-video-preview":"max-video-preview:-1"},"canonical":"https:\/\/informelitoral.com.ar\/la-sugestiva-publicacion-de-dario-benedetto-en-medio-de-los-rumores-de-la-llegada-de-edinson-cavani-a-boca-juniors\/","og_locale":"es_ES","og_type":"article","og_title":"La sugestiva publicaci\u00f3n de Dar\u00edo Benedetto en medio de los rumores de la llegada de Edinson Cavani a Boca Juniors - Informe Litoral","og_description":"El Pipa comparti\u00f3 un video con su museo personal y el mensaje junto a una camiseta no pas\u00f3 desapercibida en las redes sociales","og_url":"https:\/\/informelitoral.com.ar\/la-sugestiva-publicacion-de-dario-benedetto-en-medio-de-los-rumores-de-la-llegada-de-edinson-cavani-a-boca-juniors\/","og_site_name":"Informe Litoral","article_publisher":"https:\/\/www.facebook.com\/informelitoral\/","article_published_time":"2022-08-05T12:15:56+00:00","og_image":[{"width":1440,"height":806,"url":"https:\/\/informelitoral.com.ar\/%77%70%2d%63%6f%6e%74%65%6e%74\/uploads\/2022\/08\/YNORPRDHFNHQRKOTMS4YAGL46E.jpg","type":"image\/jpeg"}],"author":"Sebastian","twitter_card":"summary_large_image","twitter_creator":"@InformeLitoral","twitter_site":"@InformeLitoral","twitter_misc":{"Escrito por":"Sebastian","Tiempo de lectura":"3 minutos"},"schema":{"@context":"https:\/\/schema.org","@graph":[{"@type":"Article","@id":"https:\/\/informelitoral.com.ar\/la-sugestiva-publicacion-de-dario-benedetto-en-medio-de-los-rumores-de-la-llegada-de-edinson-cavani-a-boca-juniors\/#article","isPartOf":{"@id":"https:\/\/informelitoral.com.ar\/la-sugestiva-publicacion-de-dario-benedetto-en-medio-de-los-rumores-de-la-llegada-de-edinson-cavani-a-boca-juniors\/"},"author":{"name":"Sebastian","@id":"https:\/\/informelitoral.com.ar\/#\/schema\/person\/f05f9f461677119578717524b127d6d5"},"headline":"La sugestiva publicaci\u00f3n de Dar\u00edo Benedetto en medio de los rumores de la llegada de Edinson Cavani a Boca Juniors","datePublished":"2022-08-05T12:15:56+00:00","mainEntityOfPage":{"@id":"https:\/\/informelitoral.com.ar\/la-sugestiva-publicacion-de-dario-benedetto-en-medio-de-los-rumores-de-la-llegada-de-edinson-cavani-a-boca-juniors\/"},"wordCount":543,"commentCount":0,"publisher":{"@id":"https:\/\/informelitoral.com.ar\/#organization"},"image":{"@id":"https:\/\/informelitoral.com.ar\/la-sugestiva-publicacion-de-dario-benedetto-en-medio-de-los-rumores-de-la-llegada-de-edinson-cavani-a-boca-juniors\/#primaryimage"},"thumbnailUrl":"https:\/\/informelitoral.com.ar\/%77%70%2d%63%6f%6e%74%65%6e%74\/uploads\/2022\/08\/YNORPRDHFNHQRKOTMS4YAGL46E.jpg","keywords":["Boca Juniors"],"articleSection":["Deportes"],"inLanguage":"es","potentialAction":[{"@type":"CommentAction","name":"Comment","target":["https:\/\/informelitoral.com.ar\/la-sugestiva-publicacion-de-dario-benedetto-en-medio-de-los-rumores-de-la-llegada-de-edinson-cavani-a-boca-juniors\/#respond"]}]},{"@type":"WebPage","@id":"https:\/\/informelitoral.com.ar\/la-sugestiva-publicacion-de-dario-benedetto-en-medio-de-los-rumores-de-la-llegada-de-edinson-cavani-a-boca-juniors\/","url":"https:\/\/informelitoral.com.ar\/la-sugestiva-publicacion-de-dario-benedetto-en-medio-de-los-rumores-de-la-llegada-de-edinson-cavani-a-boca-juniors\/","name":"La sugestiva publicaci\u00f3n de Dar\u00edo Benedetto en medio de los rumores de la llegada de Edinson Cavani a Boca Juniors - Informe Litoral","isPartOf":{"@id":"https:\/\/informelitoral.com.ar\/#website"},"primaryImageOfPage":{"@id":"https:\/\/informelitoral.com.ar\/la-sugestiva-publicacion-de-dario-benedetto-en-medio-de-los-rumores-de-la-llegada-de-edinson-cavani-a-boca-juniors\/#primaryimage"},"image":{"@id":"https:\/\/informelitoral.com.ar\/la-sugestiva-publicacion-de-dario-benedetto-en-medio-de-los-rumores-de-la-llegada-de-edinson-cavani-a-boca-juniors\/#primaryimage"},"thumbnailUrl":"https:\/\/informelitoral.com.ar\/%77%70%2d%63%6f%6e%74%65%6e%74\/uploads\/2022\/08\/YNORPRDHFNHQRKOTMS4YAGL46E.jpg","datePublished":"2022-08-05T12:15:56+00:00","breadcrumb":{"@id":"https:\/\/informelitoral.com.ar\/la-sugestiva-publicacion-de-dario-benedetto-en-medio-de-los-rumores-de-la-llegada-de-edinson-cavani-a-boca-juniors\/#breadcrumb"},"inLanguage":"es","potentialAction":[{"@type":"ReadAction","target":["https:\/\/informelitoral.com.ar\/la-sugestiva-publicacion-de-dario-benedetto-en-medio-de-los-rumores-de-la-llegada-de-edinson-cavani-a-boca-juniors\/"]}]},{"@type":"ImageObject","inLanguage":"es","@id":"https:\/\/informelitoral.com.ar\/la-sugestiva-publicacion-de-dario-benedetto-en-medio-de-los-rumores-de-la-llegada-de-edinson-cavani-a-boca-juniors\/#primaryimage","url":"https:\/\/informelitoral.com.ar\/%77%70%2d%63%6f%6e%74%65%6e%74\/uploads\/2022\/08\/YNORPRDHFNHQRKOTMS4YAGL46E.jpg","contentUrl":"https:\/\/informelitoral.com.ar\/%77%70%2d%63%6f%6e%74%65%6e%74\/uploads\/2022\/08\/YNORPRDHFNHQRKOTMS4YAGL46E.jpg","width":1440,"height":806},{"@type":"BreadcrumbList","@id":"https:\/\/informelitoral.com.ar\/la-sugestiva-publicacion-de-dario-benedetto-en-medio-de-los-rumores-de-la-llegada-de-edinson-cavani-a-boca-juniors\/#breadcrumb","itemListElement":[{"@type":"ListItem","position":1,"name":"Portada","item":"https:\/\/informelitoral.com.ar\/"},{"@type":"ListItem","position":2,"name":"La sugestiva publicaci\u00f3n de Dar\u00edo Benedetto en medio de los rumores de la llegada de Edinson Cavani a Boca Juniors"}]},{"@type":"WebSite","@id":"https:\/\/informelitoral.com.ar\/#website","url":"https:\/\/informelitoral.com.ar\/","name":"Informe Litoral","description":"&quot;Nos informamos&quot; ","publisher":{"@id":"https:\/\/informelitoral.com.ar\/#organization"},"potentialAction":[{"@type":"SearchAction","target":{"@type":"EntryPoint","urlTemplate":"https:\/\/informelitoral.com.ar\/?s={search_term_string}"},"query-input":{"@type":"PropertyValueSpecification","valueRequired":true,"valueName":"search_term_string"}}],"inLanguage":"es"},{"@type":"Organization","@id":"https:\/\/informelitoral.com.ar\/#organization","name":"Informe Litoral","url":"https:\/\/informelitoral.com.ar\/","logo":{"@type":"ImageObject","inLanguage":"es","@id":"https:\/\/informelitoral.com.ar\/#\/schema\/logo\/image\/","url":"https:\/\/informelitoral.com.ar\/%77%70%2d%63%6f%6e%74%65%6e%74\/uploads\/2021\/01\/circulo.png","contentUrl":"https:\/\/informelitoral.com.ar\/%77%70%2d%63%6f%6e%74%65%6e%74\/uploads\/2021\/01\/circulo.png","width":723,"height":731,"caption":"Informe Litoral"},"image":{"@id":"https:\/\/informelitoral.com.ar\/#\/schema\/logo\/image\/"},"sameAs":["https:\/\/www.facebook.com\/informelitoral\/","https:\/\/x.com\/InformeLitoral","https:\/\/www.instagram.com\/informelitoral\/","https:\/\/www.youtube.com\/channel\/UCua4Qvz8Icb6MYqhoq9xLXw"]},{"@type":"Person","@id":"https:\/\/informelitoral.com.ar\/#\/schema\/person\/f05f9f461677119578717524b127d6d5","name":"Sebastian","image":{"@type":"ImageObject","inLanguage":"es","@id":"https:\/\/secure.gravatar.com\/avatar\/b71bf7481d447dfb9583c7f2798e7cc64de6efb9067b74633ed8c31059a3bd82?s=96&d=mm&r=g","url":"https:\/\/secure.gravatar.com\/avatar\/b71bf7481d447dfb9583c7f2798e7cc64de6efb9067b74633ed8c31059a3bd82?s=96&d=mm&r=g","contentUrl":"https:\/\/secure.gravatar.com\/avatar\/b71bf7481d447dfb9583c7f2798e7cc64de6efb9067b74633ed8c31059a3bd82?s=96&d=mm&r=g","caption":"Sebastian"},"url":"https:\/\/informelitoral.com.ar\/author\/sebastian\/"}]}},"_links":{"self":[{"href":"https:\/\/informelitoral.com.ar\/%77%70%2d%6a%73%6f%6e\/wp\/v2\/posts\/83222","targetHints":{"allow":["GET"]}}],"collection":[{"href":"https:\/\/informelitoral.com.ar\/%77%70%2d%6a%73%6f%6e\/wp\/v2\/posts"}],"about":[{"href":"https:\/\/informelitoral.com.ar\/%77%70%2d%6a%73%6f%6e\/wp\/v2\/types\/post"}],"author":[{"embeddable":true,"href":"https:\/\/informelitoral.com.ar\/%77%70%2d%6a%73%6f%6e\/wp\/v2\/users\/8"}],"replies":[{"embeddable":true,"href":"https:\/\/informelitoral.com.ar\/%77%70%2d%6a%73%6f%6e\/wp\/v2\/comments?post=83222"}],"version-history":[{"count":0,"href":"https:\/\/informelitoral.com.ar\/%77%70%2d%6a%73%6f%6e\/wp\/v2\/posts\/83222\/revisions"}],"wp:featuredmedia":[{"embeddable":true,"href":"https:\/\/informelitoral.com.ar\/%77%70%2d%6a%73%6f%6e\/wp\/v2\/media\/83223"}],"wp:attachment":[{"href":"https:\/\/informelitoral.com.ar\/%77%70%2d%6a%73%6f%6e\/wp\/v2\/media?parent=83222"}],"wp:term":[{"taxonomy":"category","embeddable":true,"href":"https:\/\/informelitoral.com.ar\/%77%70%2d%6a%73%6f%6e\/wp\/v2\/categories?post=83222"},{"taxonomy":"post_tag","embeddable":true,"href":"https:\/\/informelitoral.com.ar\/%77%70%2d%6a%73%6f%6e\/wp\/v2\/tags?post=83222"}],"curies":[{"name":"wp","href":"https:\/\/api.w.org\/{rel}","templated":true}]}}