{"id":83211,"date":"2022-08-05T09:03:14","date_gmt":"2022-08-05T12:03:14","guid":{"rendered":"https:\/\/www.informelitoral.com.ar\/?p=83211"},"modified":"2022-08-05T09:03:14","modified_gmt":"2022-08-05T12:03:14","slug":"intiman-a-importadores-a-justificar-su-pedido-de-acceso-al-mercado-de-cambios","status":"publish","type":"post","link":"https:\/\/informelitoral.com.ar\/intiman-a-importadores-a-justificar-su-pedido-de-acceso-al-mercado-de-cambios\/","title":{"rendered":"Intiman a importadores a justificar su pedido de acceso al mercado de cambios"},"content":{"rendered":"<p>El titular de la Direcci\u00f3n General de Aduanas (DGA), Guillermo Michel, revel\u00f3 hoy que se est\u00e1n intimando a empresas importadores para que presenten la documentaci\u00f3n que avale su pedido de acceso al mercado de cambio y que se analizan 722 compa\u00f1\u00edas por maniobras de sobre facturaci\u00f3n de importaciones.<\/p>\n<p>\u00abEstamos intimando de manera electr\u00f3nica a todos estos importadores para que acompa\u00f1en la documentaci\u00f3n y den explicaciones, al igual que a todas aquellas empresas que pudieron acceder al mercado de cambios e importaron a trav\u00e9s de medidas cautelares, donde nosotros detectamos alg\u00fan tipo de irregularidad\u00bb, explic\u00f3 Michel en declaraciones a la prensa.<br \/>\nEl funcionario afirm\u00f3 que \u00abla Aduana detect\u00f3 en algunos casos cautelares que obtiene una empresa y luego le cede a una tercera empresa la marca por un periodo muy corto de un mes, para poder utilizar esa cautelar y poder hacerse de esa mercader\u00eda\u00bb.<\/p>\n<p>En esa l\u00ednea argument\u00f3 que \u00abcuando una empresa va a la Justicia y obtiene una cautelar, tiene que acreditar lo que dice la Ley de cautelares del peligro en la demora; hemos detectado casos donde la mercader\u00eda que se import\u00f3 a trav\u00e9s de una cautelar de hace un a\u00f1o, todav\u00eda la mercader\u00eda est\u00e1 en stock en la empresa, por lo tanto\u00bb.<br \/>\n\u00ab\u00bfCu\u00e1l fue el peligro en la demora? Estamos poniendo en conocimiento al juez que tenga en cuenta esta situaci\u00f3n, porque en muchos casos fue enga\u00f1ado, eso est\u00e1 previsto penalmente como estafa procesal, la empresa dijo una cosa y despu\u00e9s hizo otra, eso tambi\u00e9n se est\u00e1 controlando\u00bb, agreg\u00f3.<\/p>\n<p>Acerca de la sobrefacturaci\u00f3n de importaci\u00f3n y subfacturaci\u00f3n de exportaci\u00f3n coment\u00f3 que \u00abal ser m\u00e1s amplia la brecha cambiaria, es mayor la ganancia para el que desarrolla este tipo de maniobra, tanto la sobrefacturaci\u00f3n de importaciones para hacerse de d\u00f3lares en el pa\u00eds al tipo de cambio oficial y luego cambiarlo en el exterior al d\u00f3lar financiero, como la subfacturaci\u00f3n de exportaciones donde se ahueca la base imponible en argentina para dejar los d\u00f3lares en el exterior\u00bb.<\/p>\n<p>Michel tambi\u00e9n aclar\u00f3 el concepto de \u00abtriangulaci\u00f3n\u00bb: \u00abNo es algo irregular, es com\u00fan en el comercio exterior que la mercader\u00eda venga de un lugar y sea facturado desde otro pa\u00eds; lo que estamos analizando ac\u00e1, son operaciones donde la mercader\u00eda viene de un pa\u00eds, la factura de otra jurisdicci\u00f3n, pero sobrefacturada; es decir, a un precio superior a lo que vale la mercader\u00eda\u00bb.<br \/>\nAl respecto, revel\u00f3 que \u00abse detect\u00f3 un universo de 13.640 operaciones que involucran a 722 empresas, por alrededor de 1.250 millones de d\u00f3lares de valor FOB\u00bb.<\/p>\n<p>Michel denunci\u00f3 que la semana pasada se presentaron ante la Justicia \u00abpor una maniobra burda donde se trataban de importar plaquetas de video para el \u00e1rea aduanera especial de Tierra del Fuego, que adem\u00e1s tiene los beneficios de no pagar derechos por ser un \u00e1rea aduanera especial, donde lo \u00fanico que se importaban eran plaquetas simuladas de aluminio, la mercader\u00eda no ten\u00eda m\u00e1s valor que el peso mismo del aluminio\u00bb.<br \/>\nEn la misma l\u00f3gica dio a conocer una denuncia administrativa sobre una presunta maniobra con el litio en una provincia del norte del pa\u00eds.<\/p>\n","protected":false},"excerpt":{"rendered":"<p>La Aduana detect\u00f3 operaciones irregulares en importaciones y exportaciones por USD 1.250 millones. Guillermo Michel, precis\u00f3 que se descubrieron 13.540 maniobras de 772 empresas y que algunos casos ya fueron denunciadas a la Justicia.<\/p>\n","protected":false},"author":8,"featured_media":83212,"comment_status":"open","ping_status":"open","sticky":false,"template":"","format":"standard","meta":{"fifu_image_url":"","fifu_image_alt":"","footnotes":""},"categories":[1594],"tags":[227],"class_list":{"0":"post-83211","1":"post","2":"type-post","3":"status-publish","4":"format-standard","5":"has-post-thumbnail","7":"category-economia","8":"tag-importaciones"},"yoast_head":"<title>Intiman a importadores a justificar su pedido de acceso al mercado de cambios - Informe Litoral<\/title>\n<meta name=\"robots\" content=\"index, follow, max-snippet:-1, max-image-preview:large, max-video-preview:-1\" \/>\n<link rel=\"canonical\" href=\"https:\/\/informelitoral.com.ar\/intiman-a-importadores-a-justificar-su-pedido-de-acceso-al-mercado-de-cambios\/\" \/>\n<meta property=\"og:locale\" content=\"es_ES\" \/>\n<meta property=\"og:type\" content=\"article\" \/>\n<meta property=\"og:title\" content=\"Intiman a importadores a justificar su pedido de acceso al mercado de cambios - Informe Litoral\" \/>\n<meta property=\"og:description\" content=\"La Aduana detect\u00f3 operaciones irregulares en importaciones y exportaciones por USD 1.250 millones. Guillermo Michel, precis\u00f3 que se descubrieron 13.540 maniobras de 772 empresas y que algunos casos ya fueron denunciadas a la Justicia.\" \/>\n<meta property=\"og:url\" content=\"https:\/\/informelitoral.com.ar\/intiman-a-importadores-a-justificar-su-pedido-de-acceso-al-mercado-de-cambios\/\" \/>\n<meta property=\"og:site_name\" content=\"Informe Litoral\" \/>\n<meta property=\"article:publisher\" content=\"https:\/\/www.facebook.com\/informelitoral\/\" \/>\n<meta property=\"article:published_time\" content=\"2022-08-05T12:03:14+00:00\" \/>\n<meta property=\"og:image\" content=\"https:\/\/informelitoral.com.ar\/%77%70%2d%63%6f%6e%74%65%6e%74\/uploads\/2022\/08\/WMY5LCPEZJGBDECB3XZEWUQOTM.jpg\" \/>\n\t<meta property=\"og:image:width\" content=\"900\" \/>\n\t<meta property=\"og:image:height\" content=\"600\" \/>\n\t<meta property=\"og:image:type\" content=\"image\/jpeg\" \/>\n<meta name=\"author\" content=\"Sebastian\" \/>\n<meta name=\"twitter:card\" content=\"summary_large_image\" \/>\n<meta name=\"twitter:creator\" content=\"@InformeLitoral\" \/>\n<meta name=\"twitter:site\" content=\"@InformeLitoral\" \/>\n<meta name=\"twitter:label1\" content=\"Escrito por\" \/>\n\t<meta name=\"twitter:data1\" content=\"Sebastian\" \/>\n\t<meta name=\"twitter:label2\" content=\"Tiempo de lectura\" \/>\n\t<meta name=\"twitter:data2\" content=\"3 minutos\" \/>\n<script type=\"application\/ld+json\" class=\"yoast-schema-graph\">{\"@context\":\"https:\\\/\\\/schema.org\",\"@graph\":[{\"@type\":\"Article\",\"@id\":\"https:\\\/\\\/informelitoral.com.ar\\\/intiman-a-importadores-a-justificar-su-pedido-de-acceso-al-mercado-de-cambios\\\/#article\",\"isPartOf\":{\"@id\":\"https:\\\/\\\/informelitoral.com.ar\\\/intiman-a-importadores-a-justificar-su-pedido-de-acceso-al-mercado-de-cambios\\\/\"},\"author\":{\"name\":\"Sebastian\",\"@id\":\"https:\\\/\\\/informelitoral.com.ar\\\/#\\\/schema\\\/person\\\/f05f9f461677119578717524b127d6d5\"},\"headline\":\"Intiman a importadores a justificar su pedido de acceso al mercado de cambios\",\"datePublished\":\"2022-08-05T12:03:14+00:00\",\"mainEntityOfPage\":{\"@id\":\"https:\\\/\\\/informelitoral.com.ar\\\/intiman-a-importadores-a-justificar-su-pedido-de-acceso-al-mercado-de-cambios\\\/\"},\"wordCount\":570,\"commentCount\":0,\"publisher\":{\"@id\":\"https:\\\/\\\/informelitoral.com.ar\\\/#organization\"},\"image\":{\"@id\":\"https:\\\/\\\/informelitoral.com.ar\\\/intiman-a-importadores-a-justificar-su-pedido-de-acceso-al-mercado-de-cambios\\\/#primaryimage\"},\"thumbnailUrl\":\"https:\\\/\\\/informelitoral.com.ar\\\/%77%70%2d%63%6f%6e%74%65%6e%74\\\/uploads\\\/2022\\\/08\\\/WMY5LCPEZJGBDECB3XZEWUQOTM.jpg\",\"keywords\":[\"Importaciones\"],\"articleSection\":[\"Econom\u00eda\"],\"inLanguage\":\"es\",\"potentialAction\":[{\"@type\":\"CommentAction\",\"name\":\"Comment\",\"target\":[\"https:\\\/\\\/informelitoral.com.ar\\\/intiman-a-importadores-a-justificar-su-pedido-de-acceso-al-mercado-de-cambios\\\/#respond\"]}]},{\"@type\":\"WebPage\",\"@id\":\"https:\\\/\\\/informelitoral.com.ar\\\/intiman-a-importadores-a-justificar-su-pedido-de-acceso-al-mercado-de-cambios\\\/\",\"url\":\"https:\\\/\\\/informelitoral.com.ar\\\/intiman-a-importadores-a-justificar-su-pedido-de-acceso-al-mercado-de-cambios\\\/\",\"name\":\"Intiman a importadores a justificar su pedido de acceso al mercado de cambios - Informe Litoral\",\"isPartOf\":{\"@id\":\"https:\\\/\\\/informelitoral.com.ar\\\/#website\"},\"primaryImageOfPage\":{\"@id\":\"https:\\\/\\\/informelitoral.com.ar\\\/intiman-a-importadores-a-justificar-su-pedido-de-acceso-al-mercado-de-cambios\\\/#primaryimage\"},\"image\":{\"@id\":\"https:\\\/\\\/informelitoral.com.ar\\\/intiman-a-importadores-a-justificar-su-pedido-de-acceso-al-mercado-de-cambios\\\/#primaryimage\"},\"thumbnailUrl\":\"https:\\\/\\\/informelitoral.com.ar\\\/%77%70%2d%63%6f%6e%74%65%6e%74\\\/uploads\\\/2022\\\/08\\\/WMY5LCPEZJGBDECB3XZEWUQOTM.jpg\",\"datePublished\":\"2022-08-05T12:03:14+00:00\",\"breadcrumb\":{\"@id\":\"https:\\\/\\\/informelitoral.com.ar\\\/intiman-a-importadores-a-justificar-su-pedido-de-acceso-al-mercado-de-cambios\\\/#breadcrumb\"},\"inLanguage\":\"es\",\"potentialAction\":[{\"@type\":\"ReadAction\",\"target\":[\"https:\\\/\\\/informelitoral.com.ar\\\/intiman-a-importadores-a-justificar-su-pedido-de-acceso-al-mercado-de-cambios\\\/\"]}]},{\"@type\":\"ImageObject\",\"inLanguage\":\"es\",\"@id\":\"https:\\\/\\\/informelitoral.com.ar\\\/intiman-a-importadores-a-justificar-su-pedido-de-acceso-al-mercado-de-cambios\\\/#primaryimage\",\"url\":\"https:\\\/\\\/informelitoral.com.ar\\\/%77%70%2d%63%6f%6e%74%65%6e%74\\\/uploads\\\/2022\\\/08\\\/WMY5LCPEZJGBDECB3XZEWUQOTM.jpg\",\"contentUrl\":\"https:\\\/\\\/informelitoral.com.ar\\\/%77%70%2d%63%6f%6e%74%65%6e%74\\\/uploads\\\/2022\\\/08\\\/WMY5LCPEZJGBDECB3XZEWUQOTM.jpg\",\"width\":900,\"height\":600},{\"@type\":\"BreadcrumbList\",\"@id\":\"https:\\\/\\\/informelitoral.com.ar\\\/intiman-a-importadores-a-justificar-su-pedido-de-acceso-al-mercado-de-cambios\\\/#breadcrumb\",\"itemListElement\":[{\"@type\":\"ListItem\",\"position\":1,\"name\":\"Portada\",\"item\":\"https:\\\/\\\/informelitoral.com.ar\\\/\"},{\"@type\":\"ListItem\",\"position\":2,\"name\":\"Intiman a importadores a justificar su pedido de acceso al mercado de cambios\"}]},{\"@type\":\"WebSite\",\"@id\":\"https:\\\/\\\/informelitoral.com.ar\\\/#website\",\"url\":\"https:\\\/\\\/informelitoral.com.ar\\\/\",\"name\":\"Informe Litoral\",\"description\":\"&quot;Nos informamos&quot; \",\"publisher\":{\"@id\":\"https:\\\/\\\/informelitoral.com.ar\\\/#organization\"},\"potentialAction\":[{\"@type\":\"SearchAction\",\"target\":{\"@type\":\"EntryPoint\",\"urlTemplate\":\"https:\\\/\\\/informelitoral.com.ar\\\/?s={search_term_string}\"},\"query-input\":{\"@type\":\"PropertyValueSpecification\",\"valueRequired\":true,\"valueName\":\"search_term_string\"}}],\"inLanguage\":\"es\"},{\"@type\":\"Organization\",\"@id\":\"https:\\\/\\\/informelitoral.com.ar\\\/#organization\",\"name\":\"Informe Litoral\",\"url\":\"https:\\\/\\\/informelitoral.com.ar\\\/\",\"logo\":{\"@type\":\"ImageObject\",\"inLanguage\":\"es\",\"@id\":\"https:\\\/\\\/informelitoral.com.ar\\\/#\\\/schema\\\/logo\\\/image\\\/\",\"url\":\"https:\\\/\\\/informelitoral.com.ar\\\/%77%70%2d%63%6f%6e%74%65%6e%74\\\/uploads\\\/2021\\\/01\\\/circulo.png\",\"contentUrl\":\"https:\\\/\\\/informelitoral.com.ar\\\/%77%70%2d%63%6f%6e%74%65%6e%74\\\/uploads\\\/2021\\\/01\\\/circulo.png\",\"width\":723,\"height\":731,\"caption\":\"Informe Litoral\"},\"image\":{\"@id\":\"https:\\\/\\\/informelitoral.com.ar\\\/#\\\/schema\\\/logo\\\/image\\\/\"},\"sameAs\":[\"https:\\\/\\\/www.facebook.com\\\/informelitoral\\\/\",\"https:\\\/\\\/x.com\\\/InformeLitoral\",\"https:\\\/\\\/www.instagram.com\\\/informelitoral\\\/\",\"https:\\\/\\\/www.youtube.com\\\/channel\\\/UCua4Qvz8Icb6MYqhoq9xLXw\"]},{\"@type\":\"Person\",\"@id\":\"https:\\\/\\\/informelitoral.com.ar\\\/#\\\/schema\\\/person\\\/f05f9f461677119578717524b127d6d5\",\"name\":\"Sebastian\",\"image\":{\"@type\":\"ImageObject\",\"inLanguage\":\"es\",\"@id\":\"https:\\\/\\\/secure.gravatar.com\\\/avatar\\\/b71bf7481d447dfb9583c7f2798e7cc64de6efb9067b74633ed8c31059a3bd82?s=96&d=mm&r=g\",\"url\":\"https:\\\/\\\/secure.gravatar.com\\\/avatar\\\/b71bf7481d447dfb9583c7f2798e7cc64de6efb9067b74633ed8c31059a3bd82?s=96&d=mm&r=g\",\"contentUrl\":\"https:\\\/\\\/secure.gravatar.com\\\/avatar\\\/b71bf7481d447dfb9583c7f2798e7cc64de6efb9067b74633ed8c31059a3bd82?s=96&d=mm&r=g\",\"caption\":\"Sebastian\"},\"url\":\"https:\\\/\\\/informelitoral.com.ar\\\/author\\\/sebastian\\\/\"}]}<\/script>","yoast_head_json":{"title":"Intiman a importadores a justificar su pedido de acceso al mercado de cambios - Informe Litoral","robots":{"index":"index","follow":"follow","max-snippet":"max-snippet:-1","max-image-preview":"max-image-preview:large","max-video-preview":"max-video-preview:-1"},"canonical":"https:\/\/informelitoral.com.ar\/intiman-a-importadores-a-justificar-su-pedido-de-acceso-al-mercado-de-cambios\/","og_locale":"es_ES","og_type":"article","og_title":"Intiman a importadores a justificar su pedido de acceso al mercado de cambios - Informe Litoral","og_description":"La Aduana detect\u00f3 operaciones irregulares en importaciones y exportaciones por USD 1.250 millones. Guillermo Michel, precis\u00f3 que se descubrieron 13.540 maniobras de 772 empresas y que algunos casos ya fueron denunciadas a la Justicia.","og_url":"https:\/\/informelitoral.com.ar\/intiman-a-importadores-a-justificar-su-pedido-de-acceso-al-mercado-de-cambios\/","og_site_name":"Informe Litoral","article_publisher":"https:\/\/www.facebook.com\/informelitoral\/","article_published_time":"2022-08-05T12:03:14+00:00","og_image":[{"width":900,"height":600,"url":"https:\/\/informelitoral.com.ar\/%77%70%2d%63%6f%6e%74%65%6e%74\/uploads\/2022\/08\/WMY5LCPEZJGBDECB3XZEWUQOTM.jpg","type":"image\/jpeg"}],"author":"Sebastian","twitter_card":"summary_large_image","twitter_creator":"@InformeLitoral","twitter_site":"@InformeLitoral","twitter_misc":{"Escrito por":"Sebastian","Tiempo de lectura":"3 minutos"},"schema":{"@context":"https:\/\/schema.org","@graph":[{"@type":"Article","@id":"https:\/\/informelitoral.com.ar\/intiman-a-importadores-a-justificar-su-pedido-de-acceso-al-mercado-de-cambios\/#article","isPartOf":{"@id":"https:\/\/informelitoral.com.ar\/intiman-a-importadores-a-justificar-su-pedido-de-acceso-al-mercado-de-cambios\/"},"author":{"name":"Sebastian","@id":"https:\/\/informelitoral.com.ar\/#\/schema\/person\/f05f9f461677119578717524b127d6d5"},"headline":"Intiman a importadores a justificar su pedido de acceso al mercado de cambios","datePublished":"2022-08-05T12:03:14+00:00","mainEntityOfPage":{"@id":"https:\/\/informelitoral.com.ar\/intiman-a-importadores-a-justificar-su-pedido-de-acceso-al-mercado-de-cambios\/"},"wordCount":570,"commentCount":0,"publisher":{"@id":"https:\/\/informelitoral.com.ar\/#organization"},"image":{"@id":"https:\/\/informelitoral.com.ar\/intiman-a-importadores-a-justificar-su-pedido-de-acceso-al-mercado-de-cambios\/#primaryimage"},"thumbnailUrl":"https:\/\/informelitoral.com.ar\/%77%70%2d%63%6f%6e%74%65%6e%74\/uploads\/2022\/08\/WMY5LCPEZJGBDECB3XZEWUQOTM.jpg","keywords":["Importaciones"],"articleSection":["Econom\u00eda"],"inLanguage":"es","potentialAction":[{"@type":"CommentAction","name":"Comment","target":["https:\/\/informelitoral.com.ar\/intiman-a-importadores-a-justificar-su-pedido-de-acceso-al-mercado-de-cambios\/#respond"]}]},{"@type":"WebPage","@id":"https:\/\/informelitoral.com.ar\/intiman-a-importadores-a-justificar-su-pedido-de-acceso-al-mercado-de-cambios\/","url":"https:\/\/informelitoral.com.ar\/intiman-a-importadores-a-justificar-su-pedido-de-acceso-al-mercado-de-cambios\/","name":"Intiman a importadores a justificar su pedido de acceso al mercado de cambios - Informe Litoral","isPartOf":{"@id":"https:\/\/informelitoral.com.ar\/#website"},"primaryImageOfPage":{"@id":"https:\/\/informelitoral.com.ar\/intiman-a-importadores-a-justificar-su-pedido-de-acceso-al-mercado-de-cambios\/#primaryimage"},"image":{"@id":"https:\/\/informelitoral.com.ar\/intiman-a-importadores-a-justificar-su-pedido-de-acceso-al-mercado-de-cambios\/#primaryimage"},"thumbnailUrl":"https:\/\/informelitoral.com.ar\/%77%70%2d%63%6f%6e%74%65%6e%74\/uploads\/2022\/08\/WMY5LCPEZJGBDECB3XZEWUQOTM.jpg","datePublished":"2022-08-05T12:03:14+00:00","breadcrumb":{"@id":"https:\/\/informelitoral.com.ar\/intiman-a-importadores-a-justificar-su-pedido-de-acceso-al-mercado-de-cambios\/#breadcrumb"},"inLanguage":"es","potentialAction":[{"@type":"ReadAction","target":["https:\/\/informelitoral.com.ar\/intiman-a-importadores-a-justificar-su-pedido-de-acceso-al-mercado-de-cambios\/"]}]},{"@type":"ImageObject","inLanguage":"es","@id":"https:\/\/informelitoral.com.ar\/intiman-a-importadores-a-justificar-su-pedido-de-acceso-al-mercado-de-cambios\/#primaryimage","url":"https:\/\/informelitoral.com.ar\/%77%70%2d%63%6f%6e%74%65%6e%74\/uploads\/2022\/08\/WMY5LCPEZJGBDECB3XZEWUQOTM.jpg","contentUrl":"https:\/\/informelitoral.com.ar\/%77%70%2d%63%6f%6e%74%65%6e%74\/uploads\/2022\/08\/WMY5LCPEZJGBDECB3XZEWUQOTM.jpg","width":900,"height":600},{"@type":"BreadcrumbList","@id":"https:\/\/informelitoral.com.ar\/intiman-a-importadores-a-justificar-su-pedido-de-acceso-al-mercado-de-cambios\/#breadcrumb","itemListElement":[{"@type":"ListItem","position":1,"name":"Portada","item":"https:\/\/informelitoral.com.ar\/"},{"@type":"ListItem","position":2,"name":"Intiman a importadores a justificar su pedido de acceso al mercado de cambios"}]},{"@type":"WebSite","@id":"https:\/\/informelitoral.com.ar\/#website","url":"https:\/\/informelitoral.com.ar\/","name":"Informe Litoral","description":"&quot;Nos informamos&quot; ","publisher":{"@id":"https:\/\/informelitoral.com.ar\/#organization"},"potentialAction":[{"@type":"SearchAction","target":{"@type":"EntryPoint","urlTemplate":"https:\/\/informelitoral.com.ar\/?s={search_term_string}"},"query-input":{"@type":"PropertyValueSpecification","valueRequired":true,"valueName":"search_term_string"}}],"inLanguage":"es"},{"@type":"Organization","@id":"https:\/\/informelitoral.com.ar\/#organization","name":"Informe Litoral","url":"https:\/\/informelitoral.com.ar\/","logo":{"@type":"ImageObject","inLanguage":"es","@id":"https:\/\/informelitoral.com.ar\/#\/schema\/logo\/image\/","url":"https:\/\/informelitoral.com.ar\/%77%70%2d%63%6f%6e%74%65%6e%74\/uploads\/2021\/01\/circulo.png","contentUrl":"https:\/\/informelitoral.com.ar\/%77%70%2d%63%6f%6e%74%65%6e%74\/uploads\/2021\/01\/circulo.png","width":723,"height":731,"caption":"Informe Litoral"},"image":{"@id":"https:\/\/informelitoral.com.ar\/#\/schema\/logo\/image\/"},"sameAs":["https:\/\/www.facebook.com\/informelitoral\/","https:\/\/x.com\/InformeLitoral","https:\/\/www.instagram.com\/informelitoral\/","https:\/\/www.youtube.com\/channel\/UCua4Qvz8Icb6MYqhoq9xLXw"]},{"@type":"Person","@id":"https:\/\/informelitoral.com.ar\/#\/schema\/person\/f05f9f461677119578717524b127d6d5","name":"Sebastian","image":{"@type":"ImageObject","inLanguage":"es","@id":"https:\/\/secure.gravatar.com\/avatar\/b71bf7481d447dfb9583c7f2798e7cc64de6efb9067b74633ed8c31059a3bd82?s=96&d=mm&r=g","url":"https:\/\/secure.gravatar.com\/avatar\/b71bf7481d447dfb9583c7f2798e7cc64de6efb9067b74633ed8c31059a3bd82?s=96&d=mm&r=g","contentUrl":"https:\/\/secure.gravatar.com\/avatar\/b71bf7481d447dfb9583c7f2798e7cc64de6efb9067b74633ed8c31059a3bd82?s=96&d=mm&r=g","caption":"Sebastian"},"url":"https:\/\/informelitoral.com.ar\/author\/sebastian\/"}]}},"_links":{"self":[{"href":"https:\/\/informelitoral.com.ar\/%77%70%2d%6a%73%6f%6e\/wp\/v2\/posts\/83211","targetHints":{"allow":["GET"]}}],"collection":[{"href":"https:\/\/informelitoral.com.ar\/%77%70%2d%6a%73%6f%6e\/wp\/v2\/posts"}],"about":[{"href":"https:\/\/informelitoral.com.ar\/%77%70%2d%6a%73%6f%6e\/wp\/v2\/types\/post"}],"author":[{"embeddable":true,"href":"https:\/\/informelitoral.com.ar\/%77%70%2d%6a%73%6f%6e\/wp\/v2\/users\/8"}],"replies":[{"embeddable":true,"href":"https:\/\/informelitoral.com.ar\/%77%70%2d%6a%73%6f%6e\/wp\/v2\/comments?post=83211"}],"version-history":[{"count":0,"href":"https:\/\/informelitoral.com.ar\/%77%70%2d%6a%73%6f%6e\/wp\/v2\/posts\/83211\/revisions"}],"wp:featuredmedia":[{"embeddable":true,"href":"https:\/\/informelitoral.com.ar\/%77%70%2d%6a%73%6f%6e\/wp\/v2\/media\/83212"}],"wp:attachment":[{"href":"https:\/\/informelitoral.com.ar\/%77%70%2d%6a%73%6f%6e\/wp\/v2\/media?parent=83211"}],"wp:term":[{"taxonomy":"category","embeddable":true,"href":"https:\/\/informelitoral.com.ar\/%77%70%2d%6a%73%6f%6e\/wp\/v2\/categories?post=83211"},{"taxonomy":"post_tag","embeddable":true,"href":"https:\/\/informelitoral.com.ar\/%77%70%2d%6a%73%6f%6e\/wp\/v2\/tags?post=83211"}],"curies":[{"name":"wp","href":"https:\/\/api.w.org\/{rel}","templated":true}]}}