{"id":82570,"date":"2022-07-27T09:17:45","date_gmt":"2022-07-27T12:17:45","guid":{"rendered":"https:\/\/www.informelitoral.com.ar\/?p=82570"},"modified":"2022-07-27T09:17:45","modified_gmt":"2022-07-27T12:17:45","slug":"hoy-vence-el-pago-del-monotributo-y-se-extendio-el-plazo-para-la-recategorizacion","status":"publish","type":"post","link":"https:\/\/informelitoral.com.ar\/hoy-vence-el-pago-del-monotributo-y-se-extendio-el-plazo-para-la-recategorizacion\/","title":{"rendered":"Hoy vence el pago del Monotributo y se extendi\u00f3 el plazo para la recategorizaci\u00f3n"},"content":{"rendered":"<p class=\"paragraph\"><b>Hoy vence el pago de la obligaci\u00f3n mensual para los monotributistas<\/b>. \u201cLa fecha se fij\u00f3 de manera excepcional para dar m\u00e1s tiempo a los peque\u00f1os contribuyentes para que puedan cumplir con sus obligaciones, una vez incorporados los beneficios que surgieron de la ley de alivio fiscal aprobada en el Congreso\u201d, dijo en un comunicado la\u00a0<b>Administraci\u00f3n Federal de Ingresos P\u00fablicos (AFIP)<\/b>.<\/p>\n<p class=\"paragraph\">Adem\u00e1s, la AFIP indic\u00f3 que<b>\u00a0la recategorizaci\u00f3n para monotributistas se extendi\u00f3 hasta el viernes 29 de julio inclusive<\/b>.<\/p>\n<p class=\"paragraph\"><b>\u00bfCu\u00e1ndo y c\u00f3mo se realiza el pago?<\/b><\/p>\n<p class=\"paragraph\">El pago puede realizarse en\u00a0<b>cajeros autom\u00e1ticos<\/b>\u00a0Banelco o Link, con\u00a0<b>billetera electr\u00f3nica<\/b>,\u00a0<b>d\u00e9bito autom\u00e1tico<\/b>\u00a0en cuenta bancaria o<b>\u00a0tarjeta de cr\u00e9dito<\/b>\u00a0o mediante un\u00a0<b>VEP<\/b>\u00a0a trav\u00e9s del servicio Cuenta Corriente de Monotributistas y Aut\u00f3nomos (CCMA).\u00a0<b>\u201cEl pago presencial solo est\u00e1 habilitado para los inscriptos en el Monotributo Social, los asociados a cooperativas de trabajo y los Trabajadores Independientes Promovidos\u201d<\/b>, detallaron.<\/p>\n<p class=\"paragraph\">Como ya se dijo, la AFIP inform\u00f3 adem\u00e1s que\u00a0<b>la recategorizaci\u00f3n para monotributistas se extiende hasta el viernes 29 de julio.<\/b><\/p>\n<p class=\"paragraph\">\u201cLa ampliaci\u00f3n de los montos m\u00e1ximos de facturaci\u00f3n para todas las categor\u00edas que se aprob\u00f3 con la ley permite que m\u00e1s monotributistas permanezcan en los niveles actuales sin ver incrementados los valores de sus obligaciones mensuales\u201d, detallaron en el comunicado. \u201cAdem\u00e1s, se establece el beneficio de la exenci\u00f3n del componente impositivo de la cuota mensual para quienes se encuentren en las categor\u00edas A y B, siempre que perciban la totalidad de sus ingresos a trav\u00e9s del monotributo\u201d, agregaron.<\/p>\n<p class=\"paragraph\"><b>\u00bfC\u00f3mo determinar si corresponde recategorizarse?<\/b><\/p>\n<p class=\"paragraph\">\u201cLas y los contribuyentes deben\u00a0<b>controlar los ingresos brutos de los \u00faltimos 12 meses para determinar si corresponde realizar la recategorizaci\u00f3n<\/b>\u201d, indica AFIP. \u201cPara ello deber\u00e1n\u00a0<b>tener en cuenta los nuevos valores de las categor\u00edas<\/b>\u00a0que se encuentran disponibles en\u00a0<b>monotributo.afip.gob.ar<\/b>\u201d, marcaron.<\/p>\n<p class=\"paragraph\">Si los ingresos obtenidos superan o son inferiores a los de la categor\u00eda vigente, corresponde realizar la recategorizaci\u00f3n. Los cambios surgidos de la recategorizaci\u00f3n impactar\u00e1n reci\u00e9n durante el mes de agosto, informaron.<\/p>\n<p class=\"paragraph\"><b>\u201cAquellos monotributistas que mantengan la misma categor\u00eda no deber\u00e1n efectuar ninguna acci\u00f3n\u201d<\/b>, explica el comunicado y agrega que\u00a0<b>\u201csi transcurrieron menos de 6 meses de la inscripci\u00f3n en el monotributo no corresponde hacer la recategorizaci\u00f3n\u201d<\/b>\u00a0en ning\u00fan caso.<\/p>\n<p class=\"paragraph\"><b>\u00bfC\u00f3mo es el procedimiento para recategorizarse?<\/b><\/p>\n<p class=\"paragraph\">En caso de que s\u00ed corresponda realizar una recategorizaci\u00f3n, el contribuyente deber\u00e1 corregir su situaci\u00f3n, para ello deber\u00e1:<\/p>\n<p class=\"paragraph\"><b>1.\u00a0<\/b>En primer lugar ingresar al portal Monotributo con su n\u00famero de CUIT y su Clave Fiscal.<\/p>\n<p class=\"paragraph\"><b>2.\u00a0<\/b>Luego seleccionar la opci\u00f3n \u201crecategorizarme\u201d con lo que el sistema le informar\u00e1 autom\u00e1ticamente su categor\u00eda actual y los topes de cada par\u00e1metro para dicha categor\u00eda.<\/p>\n<p class=\"paragraph\"><b>3.<\/b>\u00a0Tras ello, deber\u00e1 seleccionar la opci\u00f3n \u201ccontinuar recategorizaci\u00f3n\u201d, luego deber\u00e1 ingresar informaci\u00f3n sobre el monto facturado en los \u00faltimos 12 meses, datos con los que el sistema podr\u00e1 determinar la nueva categor\u00eda correspondiente, y as\u00ed confirmar la opci\u00f3n y seleccionar \u201cconfirmar categor\u00eda\u201d.<\/p>\n<p class=\"paragraph\"><b>4.\u00a0<\/b>Por \u00faltimo, el contribuyente podr\u00e1 imprimir su nueva credencial con sus datos actualizados y al d\u00eda.<\/p>\n","protected":false},"excerpt":{"rendered":"<p>La AFIP se\u00f1al\u00f3 que la fecha se fij\u00f3 de manera excepcional para dar m\u00e1s tiempo a los peque\u00f1os contribuyentes para que puedan cumplir con sus obligaciones, una vez incorporados los beneficios que surgieron de la ley de alivio fiscal<\/p>\n","protected":false},"author":8,"featured_media":49380,"comment_status":"open","ping_status":"open","sticky":false,"template":"","format":"standard","meta":{"fifu_image_url":"","fifu_image_alt":"","footnotes":""},"categories":[1594],"tags":[158,2856],"class_list":{"0":"post-82570","1":"post","2":"type-post","3":"status-publish","4":"format-standard","5":"has-post-thumbnail","7":"category-economia","8":"tag-afip","9":"tag-recategorizacion"},"yoast_head":"<title>Hoy vence el pago del Monotributo y se extendi\u00f3 el plazo para la recategorizaci\u00f3n - Informe Litoral<\/title>\n<meta name=\"robots\" content=\"index, follow, max-snippet:-1, max-image-preview:large, max-video-preview:-1\" \/>\n<link rel=\"canonical\" href=\"https:\/\/informelitoral.com.ar\/hoy-vence-el-pago-del-monotributo-y-se-extendio-el-plazo-para-la-recategorizacion\/\" \/>\n<meta property=\"og:locale\" content=\"es_ES\" \/>\n<meta property=\"og:type\" content=\"article\" \/>\n<meta property=\"og:title\" content=\"Hoy vence el pago del Monotributo y se extendi\u00f3 el plazo para la recategorizaci\u00f3n - Informe Litoral\" \/>\n<meta property=\"og:description\" content=\"La AFIP se\u00f1al\u00f3 que la fecha se fij\u00f3 de manera excepcional para dar m\u00e1s tiempo a los peque\u00f1os contribuyentes para que puedan cumplir con sus obligaciones, una vez incorporados los beneficios que surgieron de la ley de alivio fiscal\" \/>\n<meta property=\"og:url\" content=\"https:\/\/informelitoral.com.ar\/hoy-vence-el-pago-del-monotributo-y-se-extendio-el-plazo-para-la-recategorizacion\/\" \/>\n<meta property=\"og:site_name\" content=\"Informe Litoral\" \/>\n<meta property=\"article:publisher\" content=\"https:\/\/www.facebook.com\/informelitoral\/\" \/>\n<meta property=\"article:published_time\" content=\"2022-07-27T12:17:45+00:00\" \/>\n<meta property=\"og:image\" content=\"https:\/\/informelitoral.com.ar\/%77%70%2d%63%6f%6e%74%65%6e%74\/uploads\/2020\/09\/Afip.jpg\" \/>\n\t<meta property=\"og:image:width\" content=\"1330\" \/>\n\t<meta property=\"og:image:height\" content=\"880\" \/>\n\t<meta property=\"og:image:type\" content=\"image\/jpeg\" \/>\n<meta name=\"author\" content=\"Sebastian\" \/>\n<meta name=\"twitter:card\" content=\"summary_large_image\" \/>\n<meta name=\"twitter:creator\" content=\"@InformeLitoral\" \/>\n<meta name=\"twitter:site\" content=\"@InformeLitoral\" \/>\n<meta name=\"twitter:label1\" content=\"Escrito por\" \/>\n\t<meta name=\"twitter:data1\" content=\"Sebastian\" \/>\n\t<meta name=\"twitter:label2\" content=\"Tiempo de lectura\" \/>\n\t<meta name=\"twitter:data2\" content=\"3 minutos\" \/>\n<script type=\"application\/ld+json\" class=\"yoast-schema-graph\">{\"@context\":\"https:\\\/\\\/schema.org\",\"@graph\":[{\"@type\":\"Article\",\"@id\":\"https:\\\/\\\/informelitoral.com.ar\\\/hoy-vence-el-pago-del-monotributo-y-se-extendio-el-plazo-para-la-recategorizacion\\\/#article\",\"isPartOf\":{\"@id\":\"https:\\\/\\\/informelitoral.com.ar\\\/hoy-vence-el-pago-del-monotributo-y-se-extendio-el-plazo-para-la-recategorizacion\\\/\"},\"author\":{\"name\":\"Sebastian\",\"@id\":\"https:\\\/\\\/informelitoral.com.ar\\\/#\\\/schema\\\/person\\\/f05f9f461677119578717524b127d6d5\"},\"headline\":\"Hoy vence el pago del Monotributo y se extendi\u00f3 el plazo para la recategorizaci\u00f3n\",\"datePublished\":\"2022-07-27T12:17:45+00:00\",\"mainEntityOfPage\":{\"@id\":\"https:\\\/\\\/informelitoral.com.ar\\\/hoy-vence-el-pago-del-monotributo-y-se-extendio-el-plazo-para-la-recategorizacion\\\/\"},\"wordCount\":558,\"commentCount\":0,\"publisher\":{\"@id\":\"https:\\\/\\\/informelitoral.com.ar\\\/#organization\"},\"image\":{\"@id\":\"https:\\\/\\\/informelitoral.com.ar\\\/hoy-vence-el-pago-del-monotributo-y-se-extendio-el-plazo-para-la-recategorizacion\\\/#primaryimage\"},\"thumbnailUrl\":\"https:\\\/\\\/informelitoral.com.ar\\\/%77%70%2d%63%6f%6e%74%65%6e%74\\\/uploads\\\/2020\\\/09\\\/Afip.jpg\",\"keywords\":[\"AFIP\",\"Recategorizaci\u00f3n\"],\"articleSection\":[\"Econom\u00eda\"],\"inLanguage\":\"es\",\"potentialAction\":[{\"@type\":\"CommentAction\",\"name\":\"Comment\",\"target\":[\"https:\\\/\\\/informelitoral.com.ar\\\/hoy-vence-el-pago-del-monotributo-y-se-extendio-el-plazo-para-la-recategorizacion\\\/#respond\"]}]},{\"@type\":\"WebPage\",\"@id\":\"https:\\\/\\\/informelitoral.com.ar\\\/hoy-vence-el-pago-del-monotributo-y-se-extendio-el-plazo-para-la-recategorizacion\\\/\",\"url\":\"https:\\\/\\\/informelitoral.com.ar\\\/hoy-vence-el-pago-del-monotributo-y-se-extendio-el-plazo-para-la-recategorizacion\\\/\",\"name\":\"Hoy vence el pago del Monotributo y se extendi\u00f3 el plazo para la recategorizaci\u00f3n - Informe Litoral\",\"isPartOf\":{\"@id\":\"https:\\\/\\\/informelitoral.com.ar\\\/#website\"},\"primaryImageOfPage\":{\"@id\":\"https:\\\/\\\/informelitoral.com.ar\\\/hoy-vence-el-pago-del-monotributo-y-se-extendio-el-plazo-para-la-recategorizacion\\\/#primaryimage\"},\"image\":{\"@id\":\"https:\\\/\\\/informelitoral.com.ar\\\/hoy-vence-el-pago-del-monotributo-y-se-extendio-el-plazo-para-la-recategorizacion\\\/#primaryimage\"},\"thumbnailUrl\":\"https:\\\/\\\/informelitoral.com.ar\\\/%77%70%2d%63%6f%6e%74%65%6e%74\\\/uploads\\\/2020\\\/09\\\/Afip.jpg\",\"datePublished\":\"2022-07-27T12:17:45+00:00\",\"breadcrumb\":{\"@id\":\"https:\\\/\\\/informelitoral.com.ar\\\/hoy-vence-el-pago-del-monotributo-y-se-extendio-el-plazo-para-la-recategorizacion\\\/#breadcrumb\"},\"inLanguage\":\"es\",\"potentialAction\":[{\"@type\":\"ReadAction\",\"target\":[\"https:\\\/\\\/informelitoral.com.ar\\\/hoy-vence-el-pago-del-monotributo-y-se-extendio-el-plazo-para-la-recategorizacion\\\/\"]}]},{\"@type\":\"ImageObject\",\"inLanguage\":\"es\",\"@id\":\"https:\\\/\\\/informelitoral.com.ar\\\/hoy-vence-el-pago-del-monotributo-y-se-extendio-el-plazo-para-la-recategorizacion\\\/#primaryimage\",\"url\":\"https:\\\/\\\/informelitoral.com.ar\\\/%77%70%2d%63%6f%6e%74%65%6e%74\\\/uploads\\\/2020\\\/09\\\/Afip.jpg\",\"contentUrl\":\"https:\\\/\\\/informelitoral.com.ar\\\/%77%70%2d%63%6f%6e%74%65%6e%74\\\/uploads\\\/2020\\\/09\\\/Afip.jpg\",\"width\":1330,\"height\":880},{\"@type\":\"BreadcrumbList\",\"@id\":\"https:\\\/\\\/informelitoral.com.ar\\\/hoy-vence-el-pago-del-monotributo-y-se-extendio-el-plazo-para-la-recategorizacion\\\/#breadcrumb\",\"itemListElement\":[{\"@type\":\"ListItem\",\"position\":1,\"name\":\"Portada\",\"item\":\"https:\\\/\\\/informelitoral.com.ar\\\/\"},{\"@type\":\"ListItem\",\"position\":2,\"name\":\"Hoy vence el pago del Monotributo y se extendi\u00f3 el plazo para la recategorizaci\u00f3n\"}]},{\"@type\":\"WebSite\",\"@id\":\"https:\\\/\\\/informelitoral.com.ar\\\/#website\",\"url\":\"https:\\\/\\\/informelitoral.com.ar\\\/\",\"name\":\"Informe Litoral\",\"description\":\"&quot;Nos informamos&quot; \",\"publisher\":{\"@id\":\"https:\\\/\\\/informelitoral.com.ar\\\/#organization\"},\"potentialAction\":[{\"@type\":\"SearchAction\",\"target\":{\"@type\":\"EntryPoint\",\"urlTemplate\":\"https:\\\/\\\/informelitoral.com.ar\\\/?s={search_term_string}\"},\"query-input\":{\"@type\":\"PropertyValueSpecification\",\"valueRequired\":true,\"valueName\":\"search_term_string\"}}],\"inLanguage\":\"es\"},{\"@type\":\"Organization\",\"@id\":\"https:\\\/\\\/informelitoral.com.ar\\\/#organization\",\"name\":\"Informe Litoral\",\"url\":\"https:\\\/\\\/informelitoral.com.ar\\\/\",\"logo\":{\"@type\":\"ImageObject\",\"inLanguage\":\"es\",\"@id\":\"https:\\\/\\\/informelitoral.com.ar\\\/#\\\/schema\\\/logo\\\/image\\\/\",\"url\":\"https:\\\/\\\/informelitoral.com.ar\\\/%77%70%2d%63%6f%6e%74%65%6e%74\\\/uploads\\\/2021\\\/01\\\/circulo.png\",\"contentUrl\":\"https:\\\/\\\/informelitoral.com.ar\\\/%77%70%2d%63%6f%6e%74%65%6e%74\\\/uploads\\\/2021\\\/01\\\/circulo.png\",\"width\":723,\"height\":731,\"caption\":\"Informe Litoral\"},\"image\":{\"@id\":\"https:\\\/\\\/informelitoral.com.ar\\\/#\\\/schema\\\/logo\\\/image\\\/\"},\"sameAs\":[\"https:\\\/\\\/www.facebook.com\\\/informelitoral\\\/\",\"https:\\\/\\\/x.com\\\/InformeLitoral\",\"https:\\\/\\\/www.instagram.com\\\/informelitoral\\\/\",\"https:\\\/\\\/www.youtube.com\\\/channel\\\/UCua4Qvz8Icb6MYqhoq9xLXw\"]},{\"@type\":\"Person\",\"@id\":\"https:\\\/\\\/informelitoral.com.ar\\\/#\\\/schema\\\/person\\\/f05f9f461677119578717524b127d6d5\",\"name\":\"Sebastian\",\"image\":{\"@type\":\"ImageObject\",\"inLanguage\":\"es\",\"@id\":\"https:\\\/\\\/secure.gravatar.com\\\/avatar\\\/b71bf7481d447dfb9583c7f2798e7cc64de6efb9067b74633ed8c31059a3bd82?s=96&d=mm&r=g\",\"url\":\"https:\\\/\\\/secure.gravatar.com\\\/avatar\\\/b71bf7481d447dfb9583c7f2798e7cc64de6efb9067b74633ed8c31059a3bd82?s=96&d=mm&r=g\",\"contentUrl\":\"https:\\\/\\\/secure.gravatar.com\\\/avatar\\\/b71bf7481d447dfb9583c7f2798e7cc64de6efb9067b74633ed8c31059a3bd82?s=96&d=mm&r=g\",\"caption\":\"Sebastian\"},\"url\":\"https:\\\/\\\/informelitoral.com.ar\\\/author\\\/sebastian\\\/\"}]}<\/script>","yoast_head_json":{"title":"Hoy vence el pago del Monotributo y se extendi\u00f3 el plazo para la recategorizaci\u00f3n - Informe Litoral","robots":{"index":"index","follow":"follow","max-snippet":"max-snippet:-1","max-image-preview":"max-image-preview:large","max-video-preview":"max-video-preview:-1"},"canonical":"https:\/\/informelitoral.com.ar\/hoy-vence-el-pago-del-monotributo-y-se-extendio-el-plazo-para-la-recategorizacion\/","og_locale":"es_ES","og_type":"article","og_title":"Hoy vence el pago del Monotributo y se extendi\u00f3 el plazo para la recategorizaci\u00f3n - Informe Litoral","og_description":"La AFIP se\u00f1al\u00f3 que la fecha se fij\u00f3 de manera excepcional para dar m\u00e1s tiempo a los peque\u00f1os contribuyentes para que puedan cumplir con sus obligaciones, una vez incorporados los beneficios que surgieron de la ley de alivio fiscal","og_url":"https:\/\/informelitoral.com.ar\/hoy-vence-el-pago-del-monotributo-y-se-extendio-el-plazo-para-la-recategorizacion\/","og_site_name":"Informe Litoral","article_publisher":"https:\/\/www.facebook.com\/informelitoral\/","article_published_time":"2022-07-27T12:17:45+00:00","og_image":[{"width":1330,"height":880,"url":"https:\/\/informelitoral.com.ar\/%77%70%2d%63%6f%6e%74%65%6e%74\/uploads\/2020\/09\/Afip.jpg","type":"image\/jpeg"}],"author":"Sebastian","twitter_card":"summary_large_image","twitter_creator":"@InformeLitoral","twitter_site":"@InformeLitoral","twitter_misc":{"Escrito por":"Sebastian","Tiempo de lectura":"3 minutos"},"schema":{"@context":"https:\/\/schema.org","@graph":[{"@type":"Article","@id":"https:\/\/informelitoral.com.ar\/hoy-vence-el-pago-del-monotributo-y-se-extendio-el-plazo-para-la-recategorizacion\/#article","isPartOf":{"@id":"https:\/\/informelitoral.com.ar\/hoy-vence-el-pago-del-monotributo-y-se-extendio-el-plazo-para-la-recategorizacion\/"},"author":{"name":"Sebastian","@id":"https:\/\/informelitoral.com.ar\/#\/schema\/person\/f05f9f461677119578717524b127d6d5"},"headline":"Hoy vence el pago del Monotributo y se extendi\u00f3 el plazo para la recategorizaci\u00f3n","datePublished":"2022-07-27T12:17:45+00:00","mainEntityOfPage":{"@id":"https:\/\/informelitoral.com.ar\/hoy-vence-el-pago-del-monotributo-y-se-extendio-el-plazo-para-la-recategorizacion\/"},"wordCount":558,"commentCount":0,"publisher":{"@id":"https:\/\/informelitoral.com.ar\/#organization"},"image":{"@id":"https:\/\/informelitoral.com.ar\/hoy-vence-el-pago-del-monotributo-y-se-extendio-el-plazo-para-la-recategorizacion\/#primaryimage"},"thumbnailUrl":"https:\/\/informelitoral.com.ar\/%77%70%2d%63%6f%6e%74%65%6e%74\/uploads\/2020\/09\/Afip.jpg","keywords":["AFIP","Recategorizaci\u00f3n"],"articleSection":["Econom\u00eda"],"inLanguage":"es","potentialAction":[{"@type":"CommentAction","name":"Comment","target":["https:\/\/informelitoral.com.ar\/hoy-vence-el-pago-del-monotributo-y-se-extendio-el-plazo-para-la-recategorizacion\/#respond"]}]},{"@type":"WebPage","@id":"https:\/\/informelitoral.com.ar\/hoy-vence-el-pago-del-monotributo-y-se-extendio-el-plazo-para-la-recategorizacion\/","url":"https:\/\/informelitoral.com.ar\/hoy-vence-el-pago-del-monotributo-y-se-extendio-el-plazo-para-la-recategorizacion\/","name":"Hoy vence el pago del Monotributo y se extendi\u00f3 el plazo para la recategorizaci\u00f3n - Informe Litoral","isPartOf":{"@id":"https:\/\/informelitoral.com.ar\/#website"},"primaryImageOfPage":{"@id":"https:\/\/informelitoral.com.ar\/hoy-vence-el-pago-del-monotributo-y-se-extendio-el-plazo-para-la-recategorizacion\/#primaryimage"},"image":{"@id":"https:\/\/informelitoral.com.ar\/hoy-vence-el-pago-del-monotributo-y-se-extendio-el-plazo-para-la-recategorizacion\/#primaryimage"},"thumbnailUrl":"https:\/\/informelitoral.com.ar\/%77%70%2d%63%6f%6e%74%65%6e%74\/uploads\/2020\/09\/Afip.jpg","datePublished":"2022-07-27T12:17:45+00:00","breadcrumb":{"@id":"https:\/\/informelitoral.com.ar\/hoy-vence-el-pago-del-monotributo-y-se-extendio-el-plazo-para-la-recategorizacion\/#breadcrumb"},"inLanguage":"es","potentialAction":[{"@type":"ReadAction","target":["https:\/\/informelitoral.com.ar\/hoy-vence-el-pago-del-monotributo-y-se-extendio-el-plazo-para-la-recategorizacion\/"]}]},{"@type":"ImageObject","inLanguage":"es","@id":"https:\/\/informelitoral.com.ar\/hoy-vence-el-pago-del-monotributo-y-se-extendio-el-plazo-para-la-recategorizacion\/#primaryimage","url":"https:\/\/informelitoral.com.ar\/%77%70%2d%63%6f%6e%74%65%6e%74\/uploads\/2020\/09\/Afip.jpg","contentUrl":"https:\/\/informelitoral.com.ar\/%77%70%2d%63%6f%6e%74%65%6e%74\/uploads\/2020\/09\/Afip.jpg","width":1330,"height":880},{"@type":"BreadcrumbList","@id":"https:\/\/informelitoral.com.ar\/hoy-vence-el-pago-del-monotributo-y-se-extendio-el-plazo-para-la-recategorizacion\/#breadcrumb","itemListElement":[{"@type":"ListItem","position":1,"name":"Portada","item":"https:\/\/informelitoral.com.ar\/"},{"@type":"ListItem","position":2,"name":"Hoy vence el pago del Monotributo y se extendi\u00f3 el plazo para la recategorizaci\u00f3n"}]},{"@type":"WebSite","@id":"https:\/\/informelitoral.com.ar\/#website","url":"https:\/\/informelitoral.com.ar\/","name":"Informe Litoral","description":"&quot;Nos informamos&quot; ","publisher":{"@id":"https:\/\/informelitoral.com.ar\/#organization"},"potentialAction":[{"@type":"SearchAction","target":{"@type":"EntryPoint","urlTemplate":"https:\/\/informelitoral.com.ar\/?s={search_term_string}"},"query-input":{"@type":"PropertyValueSpecification","valueRequired":true,"valueName":"search_term_string"}}],"inLanguage":"es"},{"@type":"Organization","@id":"https:\/\/informelitoral.com.ar\/#organization","name":"Informe Litoral","url":"https:\/\/informelitoral.com.ar\/","logo":{"@type":"ImageObject","inLanguage":"es","@id":"https:\/\/informelitoral.com.ar\/#\/schema\/logo\/image\/","url":"https:\/\/informelitoral.com.ar\/%77%70%2d%63%6f%6e%74%65%6e%74\/uploads\/2021\/01\/circulo.png","contentUrl":"https:\/\/informelitoral.com.ar\/%77%70%2d%63%6f%6e%74%65%6e%74\/uploads\/2021\/01\/circulo.png","width":723,"height":731,"caption":"Informe Litoral"},"image":{"@id":"https:\/\/informelitoral.com.ar\/#\/schema\/logo\/image\/"},"sameAs":["https:\/\/www.facebook.com\/informelitoral\/","https:\/\/x.com\/InformeLitoral","https:\/\/www.instagram.com\/informelitoral\/","https:\/\/www.youtube.com\/channel\/UCua4Qvz8Icb6MYqhoq9xLXw"]},{"@type":"Person","@id":"https:\/\/informelitoral.com.ar\/#\/schema\/person\/f05f9f461677119578717524b127d6d5","name":"Sebastian","image":{"@type":"ImageObject","inLanguage":"es","@id":"https:\/\/secure.gravatar.com\/avatar\/b71bf7481d447dfb9583c7f2798e7cc64de6efb9067b74633ed8c31059a3bd82?s=96&d=mm&r=g","url":"https:\/\/secure.gravatar.com\/avatar\/b71bf7481d447dfb9583c7f2798e7cc64de6efb9067b74633ed8c31059a3bd82?s=96&d=mm&r=g","contentUrl":"https:\/\/secure.gravatar.com\/avatar\/b71bf7481d447dfb9583c7f2798e7cc64de6efb9067b74633ed8c31059a3bd82?s=96&d=mm&r=g","caption":"Sebastian"},"url":"https:\/\/informelitoral.com.ar\/author\/sebastian\/"}]}},"_links":{"self":[{"href":"https:\/\/informelitoral.com.ar\/%77%70%2d%6a%73%6f%6e\/wp\/v2\/posts\/82570","targetHints":{"allow":["GET"]}}],"collection":[{"href":"https:\/\/informelitoral.com.ar\/%77%70%2d%6a%73%6f%6e\/wp\/v2\/posts"}],"about":[{"href":"https:\/\/informelitoral.com.ar\/%77%70%2d%6a%73%6f%6e\/wp\/v2\/types\/post"}],"author":[{"embeddable":true,"href":"https:\/\/informelitoral.com.ar\/%77%70%2d%6a%73%6f%6e\/wp\/v2\/users\/8"}],"replies":[{"embeddable":true,"href":"https:\/\/informelitoral.com.ar\/%77%70%2d%6a%73%6f%6e\/wp\/v2\/comments?post=82570"}],"version-history":[{"count":0,"href":"https:\/\/informelitoral.com.ar\/%77%70%2d%6a%73%6f%6e\/wp\/v2\/posts\/82570\/revisions"}],"wp:featuredmedia":[{"embeddable":true,"href":"https:\/\/informelitoral.com.ar\/%77%70%2d%6a%73%6f%6e\/wp\/v2\/media\/49380"}],"wp:attachment":[{"href":"https:\/\/informelitoral.com.ar\/%77%70%2d%6a%73%6f%6e\/wp\/v2\/media?parent=82570"}],"wp:term":[{"taxonomy":"category","embeddable":true,"href":"https:\/\/informelitoral.com.ar\/%77%70%2d%6a%73%6f%6e\/wp\/v2\/categories?post=82570"},{"taxonomy":"post_tag","embeddable":true,"href":"https:\/\/informelitoral.com.ar\/%77%70%2d%6a%73%6f%6e\/wp\/v2\/tags?post=82570"}],"curies":[{"name":"wp","href":"https:\/\/api.w.org\/{rel}","templated":true}]}}