{"id":82564,"date":"2022-07-27T09:09:45","date_gmt":"2022-07-27T12:09:45","guid":{"rendered":"https:\/\/www.informelitoral.com.ar\/?p=82564"},"modified":"2022-07-27T09:09:45","modified_gmt":"2022-07-27T12:09:45","slug":"parana-llevaba-al-hombro-una-garrafa-robada-y-fue-detenido","status":"publish","type":"post","link":"https:\/\/informelitoral.com.ar\/parana-llevaba-al-hombro-una-garrafa-robada-y-fue-detenido\/","title":{"rendered":"Paran\u00e1: Llevaba al hombro una garrafa robada y fue detenido"},"content":{"rendered":"<p>Cerca de las 00:10, personal de la Comisar\u00eda Octava de Paran\u00e1 fue comisionado por la sala 911 a calle Sudam\u00e9rica, ya que vecinos daban cuenta de la presencia de personas ajenas en los techos, aportando descripciones.<\/p>\n<p>Los efectivos iniciaron una b\u00fasqueda por la zona, localizando por calle G\u00f3mez del R\u00edo a un sujeto que se alejaba corriendo con una garrafa al hombro. En ese instante una mujer alertaba al 911 del robo en su propiedad, de calle Ayacucho, de una garrafa de 10kg, color lila, por lo que en forma inmediata se demor\u00f3 al sujeto en cuesti\u00f3n.<\/p>\n<p>La Fiscal\u00eda en turno, dispuso que el hombre de 30 a\u00f1os sea alojado en Alcaid\u00eda de Tribunales por los delitos de tentativa de hurto calificado por escalamiento y hurto en flagrancia calificado por escalamiento.(<em>Elonce<\/em>)<\/p>\n","protected":false},"excerpt":{"rendered":"<p>En las primeras horas de este mi\u00e9rcoles, la polic\u00eda detuvo a un hombre de 30 a\u00f1os que minutos antes hab\u00eda robado una garrafa de 10 kg en una vivienda.<\/p>\n","protected":false},"author":8,"featured_media":24888,"comment_status":"open","ping_status":"open","sticky":false,"template":"","format":"standard","meta":{"fifu_image_url":"","fifu_image_alt":"","footnotes":""},"categories":[13],"tags":[307],"class_list":{"0":"post-82564","1":"post","2":"type-post","3":"status-publish","4":"format-standard","5":"has-post-thumbnail","7":"category-deportes","8":"tag-detenido"},"yoast_head":"<title>Paran\u00e1: Llevaba al hombro una garrafa robada y fue detenido - Informe Litoral<\/title>\n<meta name=\"robots\" content=\"index, follow, max-snippet:-1, max-image-preview:large, max-video-preview:-1\" \/>\n<link rel=\"canonical\" href=\"https:\/\/informelitoral.com.ar\/parana-llevaba-al-hombro-una-garrafa-robada-y-fue-detenido\/\" \/>\n<meta property=\"og:locale\" content=\"es_ES\" \/>\n<meta property=\"og:type\" content=\"article\" \/>\n<meta property=\"og:title\" content=\"Paran\u00e1: Llevaba al hombro una garrafa robada y fue detenido - Informe Litoral\" \/>\n<meta property=\"og:description\" content=\"En las primeras horas de este mi\u00e9rcoles, la polic\u00eda detuvo a un hombre de 30 a\u00f1os que minutos antes hab\u00eda robado una garrafa de 10 kg en una vivienda.\" \/>\n<meta property=\"og:url\" content=\"https:\/\/informelitoral.com.ar\/parana-llevaba-al-hombro-una-garrafa-robada-y-fue-detenido\/\" \/>\n<meta property=\"og:site_name\" content=\"Informe Litoral\" \/>\n<meta property=\"article:publisher\" content=\"https:\/\/www.facebook.com\/informelitoral\/\" \/>\n<meta property=\"article:published_time\" content=\"2022-07-27T12:09:45+00:00\" \/>\n<meta property=\"og:image\" content=\"https:\/\/informelitoral.com.ar\/%77%70%2d%63%6f%6e%74%65%6e%74\/uploads\/2018\/02\/policia-patrullero-768x506.jpg\" \/>\n\t<meta property=\"og:image:width\" content=\"768\" \/>\n\t<meta property=\"og:image:height\" content=\"506\" \/>\n\t<meta property=\"og:image:type\" content=\"image\/jpeg\" \/>\n<meta name=\"author\" content=\"Sebastian\" \/>\n<meta name=\"twitter:card\" content=\"summary_large_image\" \/>\n<meta name=\"twitter:creator\" content=\"@InformeLitoral\" \/>\n<meta name=\"twitter:site\" content=\"@InformeLitoral\" \/>\n<meta name=\"twitter:label1\" content=\"Escrito por\" \/>\n\t<meta name=\"twitter:data1\" content=\"Sebastian\" \/>\n\t<meta name=\"twitter:label2\" content=\"Tiempo de lectura\" \/>\n\t<meta name=\"twitter:data2\" content=\"1 minuto\" \/>\n<script type=\"application\/ld+json\" class=\"yoast-schema-graph\">{\"@context\":\"https:\\\/\\\/schema.org\",\"@graph\":[{\"@type\":\"Article\",\"@id\":\"https:\\\/\\\/informelitoral.com.ar\\\/parana-llevaba-al-hombro-una-garrafa-robada-y-fue-detenido\\\/#article\",\"isPartOf\":{\"@id\":\"https:\\\/\\\/informelitoral.com.ar\\\/parana-llevaba-al-hombro-una-garrafa-robada-y-fue-detenido\\\/\"},\"author\":{\"name\":\"Sebastian\",\"@id\":\"https:\\\/\\\/informelitoral.com.ar\\\/#\\\/schema\\\/person\\\/f05f9f461677119578717524b127d6d5\"},\"headline\":\"Paran\u00e1: Llevaba al hombro una garrafa robada y fue detenido\",\"datePublished\":\"2022-07-27T12:09:45+00:00\",\"mainEntityOfPage\":{\"@id\":\"https:\\\/\\\/informelitoral.com.ar\\\/parana-llevaba-al-hombro-una-garrafa-robada-y-fue-detenido\\\/\"},\"wordCount\":147,\"commentCount\":0,\"publisher\":{\"@id\":\"https:\\\/\\\/informelitoral.com.ar\\\/#organization\"},\"image\":{\"@id\":\"https:\\\/\\\/informelitoral.com.ar\\\/parana-llevaba-al-hombro-una-garrafa-robada-y-fue-detenido\\\/#primaryimage\"},\"thumbnailUrl\":\"https:\\\/\\\/informelitoral.com.ar\\\/%77%70%2d%63%6f%6e%74%65%6e%74\\\/uploads\\\/2018\\\/02\\\/policia-patrullero-768x506.jpg\",\"keywords\":[\"Detenido\"],\"articleSection\":[\"Deportes\"],\"inLanguage\":\"es\",\"potentialAction\":[{\"@type\":\"CommentAction\",\"name\":\"Comment\",\"target\":[\"https:\\\/\\\/informelitoral.com.ar\\\/parana-llevaba-al-hombro-una-garrafa-robada-y-fue-detenido\\\/#respond\"]}]},{\"@type\":\"WebPage\",\"@id\":\"https:\\\/\\\/informelitoral.com.ar\\\/parana-llevaba-al-hombro-una-garrafa-robada-y-fue-detenido\\\/\",\"url\":\"https:\\\/\\\/informelitoral.com.ar\\\/parana-llevaba-al-hombro-una-garrafa-robada-y-fue-detenido\\\/\",\"name\":\"Paran\u00e1: Llevaba al hombro una garrafa robada y fue detenido - Informe Litoral\",\"isPartOf\":{\"@id\":\"https:\\\/\\\/informelitoral.com.ar\\\/#website\"},\"primaryImageOfPage\":{\"@id\":\"https:\\\/\\\/informelitoral.com.ar\\\/parana-llevaba-al-hombro-una-garrafa-robada-y-fue-detenido\\\/#primaryimage\"},\"image\":{\"@id\":\"https:\\\/\\\/informelitoral.com.ar\\\/parana-llevaba-al-hombro-una-garrafa-robada-y-fue-detenido\\\/#primaryimage\"},\"thumbnailUrl\":\"https:\\\/\\\/informelitoral.com.ar\\\/%77%70%2d%63%6f%6e%74%65%6e%74\\\/uploads\\\/2018\\\/02\\\/policia-patrullero-768x506.jpg\",\"datePublished\":\"2022-07-27T12:09:45+00:00\",\"breadcrumb\":{\"@id\":\"https:\\\/\\\/informelitoral.com.ar\\\/parana-llevaba-al-hombro-una-garrafa-robada-y-fue-detenido\\\/#breadcrumb\"},\"inLanguage\":\"es\",\"potentialAction\":[{\"@type\":\"ReadAction\",\"target\":[\"https:\\\/\\\/informelitoral.com.ar\\\/parana-llevaba-al-hombro-una-garrafa-robada-y-fue-detenido\\\/\"]}]},{\"@type\":\"ImageObject\",\"inLanguage\":\"es\",\"@id\":\"https:\\\/\\\/informelitoral.com.ar\\\/parana-llevaba-al-hombro-una-garrafa-robada-y-fue-detenido\\\/#primaryimage\",\"url\":\"https:\\\/\\\/informelitoral.com.ar\\\/%77%70%2d%63%6f%6e%74%65%6e%74\\\/uploads\\\/2018\\\/02\\\/policia-patrullero-768x506.jpg\",\"contentUrl\":\"https:\\\/\\\/informelitoral.com.ar\\\/%77%70%2d%63%6f%6e%74%65%6e%74\\\/uploads\\\/2018\\\/02\\\/policia-patrullero-768x506.jpg\",\"width\":768,\"height\":506},{\"@type\":\"BreadcrumbList\",\"@id\":\"https:\\\/\\\/informelitoral.com.ar\\\/parana-llevaba-al-hombro-una-garrafa-robada-y-fue-detenido\\\/#breadcrumb\",\"itemListElement\":[{\"@type\":\"ListItem\",\"position\":1,\"name\":\"Portada\",\"item\":\"https:\\\/\\\/informelitoral.com.ar\\\/\"},{\"@type\":\"ListItem\",\"position\":2,\"name\":\"Paran\u00e1: Llevaba al hombro una garrafa robada y fue detenido\"}]},{\"@type\":\"WebSite\",\"@id\":\"https:\\\/\\\/informelitoral.com.ar\\\/#website\",\"url\":\"https:\\\/\\\/informelitoral.com.ar\\\/\",\"name\":\"Informe Litoral\",\"description\":\"&quot;Nos informamos&quot; \",\"publisher\":{\"@id\":\"https:\\\/\\\/informelitoral.com.ar\\\/#organization\"},\"potentialAction\":[{\"@type\":\"SearchAction\",\"target\":{\"@type\":\"EntryPoint\",\"urlTemplate\":\"https:\\\/\\\/informelitoral.com.ar\\\/?s={search_term_string}\"},\"query-input\":{\"@type\":\"PropertyValueSpecification\",\"valueRequired\":true,\"valueName\":\"search_term_string\"}}],\"inLanguage\":\"es\"},{\"@type\":\"Organization\",\"@id\":\"https:\\\/\\\/informelitoral.com.ar\\\/#organization\",\"name\":\"Informe Litoral\",\"url\":\"https:\\\/\\\/informelitoral.com.ar\\\/\",\"logo\":{\"@type\":\"ImageObject\",\"inLanguage\":\"es\",\"@id\":\"https:\\\/\\\/informelitoral.com.ar\\\/#\\\/schema\\\/logo\\\/image\\\/\",\"url\":\"https:\\\/\\\/informelitoral.com.ar\\\/%77%70%2d%63%6f%6e%74%65%6e%74\\\/uploads\\\/2021\\\/01\\\/circulo.png\",\"contentUrl\":\"https:\\\/\\\/informelitoral.com.ar\\\/%77%70%2d%63%6f%6e%74%65%6e%74\\\/uploads\\\/2021\\\/01\\\/circulo.png\",\"width\":723,\"height\":731,\"caption\":\"Informe Litoral\"},\"image\":{\"@id\":\"https:\\\/\\\/informelitoral.com.ar\\\/#\\\/schema\\\/logo\\\/image\\\/\"},\"sameAs\":[\"https:\\\/\\\/www.facebook.com\\\/informelitoral\\\/\",\"https:\\\/\\\/x.com\\\/InformeLitoral\",\"https:\\\/\\\/www.instagram.com\\\/informelitoral\\\/\",\"https:\\\/\\\/www.youtube.com\\\/channel\\\/UCua4Qvz8Icb6MYqhoq9xLXw\"]},{\"@type\":\"Person\",\"@id\":\"https:\\\/\\\/informelitoral.com.ar\\\/#\\\/schema\\\/person\\\/f05f9f461677119578717524b127d6d5\",\"name\":\"Sebastian\",\"image\":{\"@type\":\"ImageObject\",\"inLanguage\":\"es\",\"@id\":\"https:\\\/\\\/secure.gravatar.com\\\/avatar\\\/b71bf7481d447dfb9583c7f2798e7cc64de6efb9067b74633ed8c31059a3bd82?s=96&d=mm&r=g\",\"url\":\"https:\\\/\\\/secure.gravatar.com\\\/avatar\\\/b71bf7481d447dfb9583c7f2798e7cc64de6efb9067b74633ed8c31059a3bd82?s=96&d=mm&r=g\",\"contentUrl\":\"https:\\\/\\\/secure.gravatar.com\\\/avatar\\\/b71bf7481d447dfb9583c7f2798e7cc64de6efb9067b74633ed8c31059a3bd82?s=96&d=mm&r=g\",\"caption\":\"Sebastian\"},\"url\":\"https:\\\/\\\/informelitoral.com.ar\\\/author\\\/sebastian\\\/\"}]}<\/script>","yoast_head_json":{"title":"Paran\u00e1: Llevaba al hombro una garrafa robada y fue detenido - Informe Litoral","robots":{"index":"index","follow":"follow","max-snippet":"max-snippet:-1","max-image-preview":"max-image-preview:large","max-video-preview":"max-video-preview:-1"},"canonical":"https:\/\/informelitoral.com.ar\/parana-llevaba-al-hombro-una-garrafa-robada-y-fue-detenido\/","og_locale":"es_ES","og_type":"article","og_title":"Paran\u00e1: Llevaba al hombro una garrafa robada y fue detenido - Informe Litoral","og_description":"En las primeras horas de este mi\u00e9rcoles, la polic\u00eda detuvo a un hombre de 30 a\u00f1os que minutos antes hab\u00eda robado una garrafa de 10 kg en una vivienda.","og_url":"https:\/\/informelitoral.com.ar\/parana-llevaba-al-hombro-una-garrafa-robada-y-fue-detenido\/","og_site_name":"Informe Litoral","article_publisher":"https:\/\/www.facebook.com\/informelitoral\/","article_published_time":"2022-07-27T12:09:45+00:00","og_image":[{"width":768,"height":506,"url":"https:\/\/informelitoral.com.ar\/%77%70%2d%63%6f%6e%74%65%6e%74\/uploads\/2018\/02\/policia-patrullero-768x506.jpg","type":"image\/jpeg"}],"author":"Sebastian","twitter_card":"summary_large_image","twitter_creator":"@InformeLitoral","twitter_site":"@InformeLitoral","twitter_misc":{"Escrito por":"Sebastian","Tiempo de lectura":"1 minuto"},"schema":{"@context":"https:\/\/schema.org","@graph":[{"@type":"Article","@id":"https:\/\/informelitoral.com.ar\/parana-llevaba-al-hombro-una-garrafa-robada-y-fue-detenido\/#article","isPartOf":{"@id":"https:\/\/informelitoral.com.ar\/parana-llevaba-al-hombro-una-garrafa-robada-y-fue-detenido\/"},"author":{"name":"Sebastian","@id":"https:\/\/informelitoral.com.ar\/#\/schema\/person\/f05f9f461677119578717524b127d6d5"},"headline":"Paran\u00e1: Llevaba al hombro una garrafa robada y fue detenido","datePublished":"2022-07-27T12:09:45+00:00","mainEntityOfPage":{"@id":"https:\/\/informelitoral.com.ar\/parana-llevaba-al-hombro-una-garrafa-robada-y-fue-detenido\/"},"wordCount":147,"commentCount":0,"publisher":{"@id":"https:\/\/informelitoral.com.ar\/#organization"},"image":{"@id":"https:\/\/informelitoral.com.ar\/parana-llevaba-al-hombro-una-garrafa-robada-y-fue-detenido\/#primaryimage"},"thumbnailUrl":"https:\/\/informelitoral.com.ar\/%77%70%2d%63%6f%6e%74%65%6e%74\/uploads\/2018\/02\/policia-patrullero-768x506.jpg","keywords":["Detenido"],"articleSection":["Deportes"],"inLanguage":"es","potentialAction":[{"@type":"CommentAction","name":"Comment","target":["https:\/\/informelitoral.com.ar\/parana-llevaba-al-hombro-una-garrafa-robada-y-fue-detenido\/#respond"]}]},{"@type":"WebPage","@id":"https:\/\/informelitoral.com.ar\/parana-llevaba-al-hombro-una-garrafa-robada-y-fue-detenido\/","url":"https:\/\/informelitoral.com.ar\/parana-llevaba-al-hombro-una-garrafa-robada-y-fue-detenido\/","name":"Paran\u00e1: Llevaba al hombro una garrafa robada y fue detenido - Informe Litoral","isPartOf":{"@id":"https:\/\/informelitoral.com.ar\/#website"},"primaryImageOfPage":{"@id":"https:\/\/informelitoral.com.ar\/parana-llevaba-al-hombro-una-garrafa-robada-y-fue-detenido\/#primaryimage"},"image":{"@id":"https:\/\/informelitoral.com.ar\/parana-llevaba-al-hombro-una-garrafa-robada-y-fue-detenido\/#primaryimage"},"thumbnailUrl":"https:\/\/informelitoral.com.ar\/%77%70%2d%63%6f%6e%74%65%6e%74\/uploads\/2018\/02\/policia-patrullero-768x506.jpg","datePublished":"2022-07-27T12:09:45+00:00","breadcrumb":{"@id":"https:\/\/informelitoral.com.ar\/parana-llevaba-al-hombro-una-garrafa-robada-y-fue-detenido\/#breadcrumb"},"inLanguage":"es","potentialAction":[{"@type":"ReadAction","target":["https:\/\/informelitoral.com.ar\/parana-llevaba-al-hombro-una-garrafa-robada-y-fue-detenido\/"]}]},{"@type":"ImageObject","inLanguage":"es","@id":"https:\/\/informelitoral.com.ar\/parana-llevaba-al-hombro-una-garrafa-robada-y-fue-detenido\/#primaryimage","url":"https:\/\/informelitoral.com.ar\/%77%70%2d%63%6f%6e%74%65%6e%74\/uploads\/2018\/02\/policia-patrullero-768x506.jpg","contentUrl":"https:\/\/informelitoral.com.ar\/%77%70%2d%63%6f%6e%74%65%6e%74\/uploads\/2018\/02\/policia-patrullero-768x506.jpg","width":768,"height":506},{"@type":"BreadcrumbList","@id":"https:\/\/informelitoral.com.ar\/parana-llevaba-al-hombro-una-garrafa-robada-y-fue-detenido\/#breadcrumb","itemListElement":[{"@type":"ListItem","position":1,"name":"Portada","item":"https:\/\/informelitoral.com.ar\/"},{"@type":"ListItem","position":2,"name":"Paran\u00e1: Llevaba al hombro una garrafa robada y fue detenido"}]},{"@type":"WebSite","@id":"https:\/\/informelitoral.com.ar\/#website","url":"https:\/\/informelitoral.com.ar\/","name":"Informe Litoral","description":"&quot;Nos informamos&quot; ","publisher":{"@id":"https:\/\/informelitoral.com.ar\/#organization"},"potentialAction":[{"@type":"SearchAction","target":{"@type":"EntryPoint","urlTemplate":"https:\/\/informelitoral.com.ar\/?s={search_term_string}"},"query-input":{"@type":"PropertyValueSpecification","valueRequired":true,"valueName":"search_term_string"}}],"inLanguage":"es"},{"@type":"Organization","@id":"https:\/\/informelitoral.com.ar\/#organization","name":"Informe Litoral","url":"https:\/\/informelitoral.com.ar\/","logo":{"@type":"ImageObject","inLanguage":"es","@id":"https:\/\/informelitoral.com.ar\/#\/schema\/logo\/image\/","url":"https:\/\/informelitoral.com.ar\/%77%70%2d%63%6f%6e%74%65%6e%74\/uploads\/2021\/01\/circulo.png","contentUrl":"https:\/\/informelitoral.com.ar\/%77%70%2d%63%6f%6e%74%65%6e%74\/uploads\/2021\/01\/circulo.png","width":723,"height":731,"caption":"Informe Litoral"},"image":{"@id":"https:\/\/informelitoral.com.ar\/#\/schema\/logo\/image\/"},"sameAs":["https:\/\/www.facebook.com\/informelitoral\/","https:\/\/x.com\/InformeLitoral","https:\/\/www.instagram.com\/informelitoral\/","https:\/\/www.youtube.com\/channel\/UCua4Qvz8Icb6MYqhoq9xLXw"]},{"@type":"Person","@id":"https:\/\/informelitoral.com.ar\/#\/schema\/person\/f05f9f461677119578717524b127d6d5","name":"Sebastian","image":{"@type":"ImageObject","inLanguage":"es","@id":"https:\/\/secure.gravatar.com\/avatar\/b71bf7481d447dfb9583c7f2798e7cc64de6efb9067b74633ed8c31059a3bd82?s=96&d=mm&r=g","url":"https:\/\/secure.gravatar.com\/avatar\/b71bf7481d447dfb9583c7f2798e7cc64de6efb9067b74633ed8c31059a3bd82?s=96&d=mm&r=g","contentUrl":"https:\/\/secure.gravatar.com\/avatar\/b71bf7481d447dfb9583c7f2798e7cc64de6efb9067b74633ed8c31059a3bd82?s=96&d=mm&r=g","caption":"Sebastian"},"url":"https:\/\/informelitoral.com.ar\/author\/sebastian\/"}]}},"_links":{"self":[{"href":"https:\/\/informelitoral.com.ar\/%77%70%2d%6a%73%6f%6e\/wp\/v2\/posts\/82564","targetHints":{"allow":["GET"]}}],"collection":[{"href":"https:\/\/informelitoral.com.ar\/%77%70%2d%6a%73%6f%6e\/wp\/v2\/posts"}],"about":[{"href":"https:\/\/informelitoral.com.ar\/%77%70%2d%6a%73%6f%6e\/wp\/v2\/types\/post"}],"author":[{"embeddable":true,"href":"https:\/\/informelitoral.com.ar\/%77%70%2d%6a%73%6f%6e\/wp\/v2\/users\/8"}],"replies":[{"embeddable":true,"href":"https:\/\/informelitoral.com.ar\/%77%70%2d%6a%73%6f%6e\/wp\/v2\/comments?post=82564"}],"version-history":[{"count":0,"href":"https:\/\/informelitoral.com.ar\/%77%70%2d%6a%73%6f%6e\/wp\/v2\/posts\/82564\/revisions"}],"wp:featuredmedia":[{"embeddable":true,"href":"https:\/\/informelitoral.com.ar\/%77%70%2d%6a%73%6f%6e\/wp\/v2\/media\/24888"}],"wp:attachment":[{"href":"https:\/\/informelitoral.com.ar\/%77%70%2d%6a%73%6f%6e\/wp\/v2\/media?parent=82564"}],"wp:term":[{"taxonomy":"category","embeddable":true,"href":"https:\/\/informelitoral.com.ar\/%77%70%2d%6a%73%6f%6e\/wp\/v2\/categories?post=82564"},{"taxonomy":"post_tag","embeddable":true,"href":"https:\/\/informelitoral.com.ar\/%77%70%2d%6a%73%6f%6e\/wp\/v2\/tags?post=82564"}],"curies":[{"name":"wp","href":"https:\/\/api.w.org\/{rel}","templated":true}]}}