{"id":82481,"date":"2022-07-26T09:33:15","date_gmt":"2022-07-26T12:33:15","guid":{"rendered":"https:\/\/www.informelitoral.com.ar\/?p=82481"},"modified":"2022-07-26T09:33:15","modified_gmt":"2022-07-26T12:33:15","slug":"concluye-el-cronograma-de-inscripcion-para-subsidios-y-manana-inicia-otra-etapa","status":"publish","type":"post","link":"https:\/\/informelitoral.com.ar\/concluye-el-cronograma-de-inscripcion-para-subsidios-y-manana-inicia-otra-etapa\/","title":{"rendered":"Concluye el cronograma de inscripci\u00f3n para subsidios y ma\u00f1ana inicia otra etapa"},"content":{"rendered":"<p>El Registro de Acceso a los Subsidios de Energ\u00eda (RASE)\u00a0<b>contin\u00faa hoy con la inscripci\u00f3n para usuarios con DNI terminado en 6, 7, 8 y 9<\/b>, quienes tienen hasta el \u00faltimo minuto de esta jornada para anotarse en el sitio al sitio\u00a0<a href=\"http:\/\/www.argentina.gob.ar\/subsidios\" target=\"_blank\" rel=\"noopener\">www.argentina.gob.ar\/subsidios<\/a>\u00a0o la aplicaci\u00f3n MiArgentina.<\/p>\n<p><a href=\"https:\/\/subsidios-energia.argentina.gob.ar\/\" target=\"_blank\" rel=\"noopener\">ACCED\u00c9 AL FORMULARIO<\/a><\/p>\n<p>Luego,\u00a0<b>el lapso de inscripci\u00f3n se extender\u00e1 al menos hasta fin de mes para quienes no hayan podido completar el formulario<\/b>.<\/p>\n<p>Al momento de la carga de datos\u00a0<b>deber\u00e1 detallarse el n\u00famero de medidor y el n\u00famero de cliente, servicio, cuenta, contrato o NIS que est\u00e1n en su factura de energ\u00eda el\u00e9ctrica y gas natural por red<\/b>.<\/p>\n<p>Tambi\u00e9n deber\u00e1 informarse el \u00faltimo ejemplar de DNI, el n\u00famero de CUIL de cada integrante del hogar mayor de 18 a\u00f1os, los ingresos de bolsillo de cada integrante del hogar mayor de 18 a\u00f1os, y una direcci\u00f3n de correo electr\u00f3nico, en la que recibir\u00e1n posteriormente la categorizaci\u00f3n que le corresponde.<\/p>\n<h4><strong>\u00bfQu\u00e9 pasa si no me inscrib\u00ed?<\/strong><\/h4>\n<p>En el caso de las personas que perdieron su turno para completar los datos en el formulario,\u00a0<b>a partir del 26 de julio tendr\u00e1n una \u00faltima chance de hacerlo hasta el domingo 31<\/b>. Seg\u00fan informaron desde la secretar\u00eda de Energ\u00eda, es importante cumplir con el registro ya que, quienes no lo hagan, comenzar\u00e1n a pagar la totalidad de la tarifa de la energ\u00eda a partir de agosto.<\/p>\n<h4><b>Qu\u00e9 hay que tener a mano para anotarse<\/b><\/p>\n<p>-DNI \u00faltimo ejemplar del solicitante.<\/p>\n<p>-Nro. de CUIL de cada integrante del hogar mayor de 18 a\u00f1os.<\/p>\n<p>-Cu\u00e1nto gana de bolsillo cada integrante del hogar mayor de 18 a\u00f1os.<\/p>\n<p>-Una direcci\u00f3n de correo electr\u00f3nico.<\/p>\n<p>-Boleta de energ\u00eda el\u00e9ctrica y\/o gas natural por red<\/h4>\n","protected":false},"excerpt":{"rendered":"<p>Con la \u00faltima jornada para usuarios con DNI terminados en 6, 7, 8 y 9, concluye hoy el calendario establecido para completar el formulario destinado a acceder a los subsidios para gas y electricidad. Qui\u00e9nes pueden anotarse desde ma\u00f1ana.<\/p>\n","protected":false},"author":8,"featured_media":24481,"comment_status":"open","ping_status":"open","sticky":false,"template":"","format":"standard","meta":{"fifu_image_url":"","fifu_image_alt":"","footnotes":""},"categories":[1594],"tags":[269,3179],"class_list":{"0":"post-82481","1":"post","2":"type-post","3":"status-publish","4":"format-standard","5":"has-post-thumbnail","7":"category-economia","8":"tag-anses","9":"tag-subsidios"},"yoast_head":"<title>Concluye el cronograma de inscripci\u00f3n para subsidios y ma\u00f1ana inicia otra etapa - Informe Litoral<\/title>\n<meta name=\"robots\" content=\"index, follow, max-snippet:-1, max-image-preview:large, max-video-preview:-1\" \/>\n<link rel=\"canonical\" href=\"https:\/\/informelitoral.com.ar\/concluye-el-cronograma-de-inscripcion-para-subsidios-y-manana-inicia-otra-etapa\/\" \/>\n<meta property=\"og:locale\" content=\"es_ES\" \/>\n<meta property=\"og:type\" content=\"article\" \/>\n<meta property=\"og:title\" content=\"Concluye el cronograma de inscripci\u00f3n para subsidios y ma\u00f1ana inicia otra etapa - Informe Litoral\" \/>\n<meta property=\"og:description\" content=\"Con la \u00faltima jornada para usuarios con DNI terminados en 6, 7, 8 y 9, concluye hoy el calendario establecido para completar el formulario destinado a acceder a los subsidios para gas y electricidad. Qui\u00e9nes pueden anotarse desde ma\u00f1ana.\" \/>\n<meta property=\"og:url\" content=\"https:\/\/informelitoral.com.ar\/concluye-el-cronograma-de-inscripcion-para-subsidios-y-manana-inicia-otra-etapa\/\" \/>\n<meta property=\"og:site_name\" content=\"Informe Litoral\" \/>\n<meta property=\"article:publisher\" content=\"https:\/\/www.facebook.com\/informelitoral\/\" \/>\n<meta property=\"article:published_time\" content=\"2022-07-26T12:33:15+00:00\" \/>\n<meta property=\"og:image\" content=\"https:\/\/informelitoral.com.ar\/%77%70%2d%63%6f%6e%74%65%6e%74\/uploads\/2018\/01\/anses_39_0_0.jpg\" \/>\n\t<meta property=\"og:image:width\" content=\"1020\" \/>\n\t<meta property=\"og:image:height\" content=\"560\" \/>\n\t<meta property=\"og:image:type\" content=\"image\/jpeg\" \/>\n<meta name=\"author\" content=\"Sebastian\" \/>\n<meta name=\"twitter:card\" content=\"summary_large_image\" \/>\n<meta name=\"twitter:creator\" content=\"@InformeLitoral\" \/>\n<meta name=\"twitter:site\" content=\"@InformeLitoral\" \/>\n<meta name=\"twitter:label1\" content=\"Escrito por\" \/>\n\t<meta name=\"twitter:data1\" content=\"Sebastian\" \/>\n\t<meta name=\"twitter:label2\" content=\"Tiempo de lectura\" \/>\n\t<meta name=\"twitter:data2\" content=\"2 minutos\" \/>\n<script type=\"application\/ld+json\" class=\"yoast-schema-graph\">{\"@context\":\"https:\\\/\\\/schema.org\",\"@graph\":[{\"@type\":\"Article\",\"@id\":\"https:\\\/\\\/informelitoral.com.ar\\\/concluye-el-cronograma-de-inscripcion-para-subsidios-y-manana-inicia-otra-etapa\\\/#article\",\"isPartOf\":{\"@id\":\"https:\\\/\\\/informelitoral.com.ar\\\/concluye-el-cronograma-de-inscripcion-para-subsidios-y-manana-inicia-otra-etapa\\\/\"},\"author\":{\"name\":\"Sebastian\",\"@id\":\"https:\\\/\\\/informelitoral.com.ar\\\/#\\\/schema\\\/person\\\/f05f9f461677119578717524b127d6d5\"},\"headline\":\"Concluye el cronograma de inscripci\u00f3n para subsidios y ma\u00f1ana inicia otra etapa\",\"datePublished\":\"2022-07-26T12:33:15+00:00\",\"mainEntityOfPage\":{\"@id\":\"https:\\\/\\\/informelitoral.com.ar\\\/concluye-el-cronograma-de-inscripcion-para-subsidios-y-manana-inicia-otra-etapa\\\/\"},\"wordCount\":321,\"commentCount\":0,\"publisher\":{\"@id\":\"https:\\\/\\\/informelitoral.com.ar\\\/#organization\"},\"image\":{\"@id\":\"https:\\\/\\\/informelitoral.com.ar\\\/concluye-el-cronograma-de-inscripcion-para-subsidios-y-manana-inicia-otra-etapa\\\/#primaryimage\"},\"thumbnailUrl\":\"https:\\\/\\\/informelitoral.com.ar\\\/%77%70%2d%63%6f%6e%74%65%6e%74\\\/uploads\\\/2018\\\/01\\\/anses_39_0_0.jpg\",\"keywords\":[\"Anses\",\"subsidios\"],\"articleSection\":[\"Econom\u00eda\"],\"inLanguage\":\"es\",\"potentialAction\":[{\"@type\":\"CommentAction\",\"name\":\"Comment\",\"target\":[\"https:\\\/\\\/informelitoral.com.ar\\\/concluye-el-cronograma-de-inscripcion-para-subsidios-y-manana-inicia-otra-etapa\\\/#respond\"]}]},{\"@type\":\"WebPage\",\"@id\":\"https:\\\/\\\/informelitoral.com.ar\\\/concluye-el-cronograma-de-inscripcion-para-subsidios-y-manana-inicia-otra-etapa\\\/\",\"url\":\"https:\\\/\\\/informelitoral.com.ar\\\/concluye-el-cronograma-de-inscripcion-para-subsidios-y-manana-inicia-otra-etapa\\\/\",\"name\":\"Concluye el cronograma de inscripci\u00f3n para subsidios y ma\u00f1ana inicia otra etapa - Informe Litoral\",\"isPartOf\":{\"@id\":\"https:\\\/\\\/informelitoral.com.ar\\\/#website\"},\"primaryImageOfPage\":{\"@id\":\"https:\\\/\\\/informelitoral.com.ar\\\/concluye-el-cronograma-de-inscripcion-para-subsidios-y-manana-inicia-otra-etapa\\\/#primaryimage\"},\"image\":{\"@id\":\"https:\\\/\\\/informelitoral.com.ar\\\/concluye-el-cronograma-de-inscripcion-para-subsidios-y-manana-inicia-otra-etapa\\\/#primaryimage\"},\"thumbnailUrl\":\"https:\\\/\\\/informelitoral.com.ar\\\/%77%70%2d%63%6f%6e%74%65%6e%74\\\/uploads\\\/2018\\\/01\\\/anses_39_0_0.jpg\",\"datePublished\":\"2022-07-26T12:33:15+00:00\",\"breadcrumb\":{\"@id\":\"https:\\\/\\\/informelitoral.com.ar\\\/concluye-el-cronograma-de-inscripcion-para-subsidios-y-manana-inicia-otra-etapa\\\/#breadcrumb\"},\"inLanguage\":\"es\",\"potentialAction\":[{\"@type\":\"ReadAction\",\"target\":[\"https:\\\/\\\/informelitoral.com.ar\\\/concluye-el-cronograma-de-inscripcion-para-subsidios-y-manana-inicia-otra-etapa\\\/\"]}]},{\"@type\":\"ImageObject\",\"inLanguage\":\"es\",\"@id\":\"https:\\\/\\\/informelitoral.com.ar\\\/concluye-el-cronograma-de-inscripcion-para-subsidios-y-manana-inicia-otra-etapa\\\/#primaryimage\",\"url\":\"https:\\\/\\\/informelitoral.com.ar\\\/%77%70%2d%63%6f%6e%74%65%6e%74\\\/uploads\\\/2018\\\/01\\\/anses_39_0_0.jpg\",\"contentUrl\":\"https:\\\/\\\/informelitoral.com.ar\\\/%77%70%2d%63%6f%6e%74%65%6e%74\\\/uploads\\\/2018\\\/01\\\/anses_39_0_0.jpg\",\"width\":1020,\"height\":560},{\"@type\":\"BreadcrumbList\",\"@id\":\"https:\\\/\\\/informelitoral.com.ar\\\/concluye-el-cronograma-de-inscripcion-para-subsidios-y-manana-inicia-otra-etapa\\\/#breadcrumb\",\"itemListElement\":[{\"@type\":\"ListItem\",\"position\":1,\"name\":\"Portada\",\"item\":\"https:\\\/\\\/informelitoral.com.ar\\\/\"},{\"@type\":\"ListItem\",\"position\":2,\"name\":\"Concluye el cronograma de inscripci\u00f3n para subsidios y ma\u00f1ana inicia otra etapa\"}]},{\"@type\":\"WebSite\",\"@id\":\"https:\\\/\\\/informelitoral.com.ar\\\/#website\",\"url\":\"https:\\\/\\\/informelitoral.com.ar\\\/\",\"name\":\"Informe Litoral\",\"description\":\"&quot;Nos informamos&quot; \",\"publisher\":{\"@id\":\"https:\\\/\\\/informelitoral.com.ar\\\/#organization\"},\"potentialAction\":[{\"@type\":\"SearchAction\",\"target\":{\"@type\":\"EntryPoint\",\"urlTemplate\":\"https:\\\/\\\/informelitoral.com.ar\\\/?s={search_term_string}\"},\"query-input\":{\"@type\":\"PropertyValueSpecification\",\"valueRequired\":true,\"valueName\":\"search_term_string\"}}],\"inLanguage\":\"es\"},{\"@type\":\"Organization\",\"@id\":\"https:\\\/\\\/informelitoral.com.ar\\\/#organization\",\"name\":\"Informe Litoral\",\"url\":\"https:\\\/\\\/informelitoral.com.ar\\\/\",\"logo\":{\"@type\":\"ImageObject\",\"inLanguage\":\"es\",\"@id\":\"https:\\\/\\\/informelitoral.com.ar\\\/#\\\/schema\\\/logo\\\/image\\\/\",\"url\":\"https:\\\/\\\/informelitoral.com.ar\\\/%77%70%2d%63%6f%6e%74%65%6e%74\\\/uploads\\\/2021\\\/01\\\/circulo.png\",\"contentUrl\":\"https:\\\/\\\/informelitoral.com.ar\\\/%77%70%2d%63%6f%6e%74%65%6e%74\\\/uploads\\\/2021\\\/01\\\/circulo.png\",\"width\":723,\"height\":731,\"caption\":\"Informe Litoral\"},\"image\":{\"@id\":\"https:\\\/\\\/informelitoral.com.ar\\\/#\\\/schema\\\/logo\\\/image\\\/\"},\"sameAs\":[\"https:\\\/\\\/www.facebook.com\\\/informelitoral\\\/\",\"https:\\\/\\\/x.com\\\/InformeLitoral\",\"https:\\\/\\\/www.instagram.com\\\/informelitoral\\\/\",\"https:\\\/\\\/www.youtube.com\\\/channel\\\/UCua4Qvz8Icb6MYqhoq9xLXw\"]},{\"@type\":\"Person\",\"@id\":\"https:\\\/\\\/informelitoral.com.ar\\\/#\\\/schema\\\/person\\\/f05f9f461677119578717524b127d6d5\",\"name\":\"Sebastian\",\"image\":{\"@type\":\"ImageObject\",\"inLanguage\":\"es\",\"@id\":\"https:\\\/\\\/secure.gravatar.com\\\/avatar\\\/b71bf7481d447dfb9583c7f2798e7cc64de6efb9067b74633ed8c31059a3bd82?s=96&d=mm&r=g\",\"url\":\"https:\\\/\\\/secure.gravatar.com\\\/avatar\\\/b71bf7481d447dfb9583c7f2798e7cc64de6efb9067b74633ed8c31059a3bd82?s=96&d=mm&r=g\",\"contentUrl\":\"https:\\\/\\\/secure.gravatar.com\\\/avatar\\\/b71bf7481d447dfb9583c7f2798e7cc64de6efb9067b74633ed8c31059a3bd82?s=96&d=mm&r=g\",\"caption\":\"Sebastian\"},\"url\":\"https:\\\/\\\/informelitoral.com.ar\\\/author\\\/sebastian\\\/\"}]}<\/script>","yoast_head_json":{"title":"Concluye el cronograma de inscripci\u00f3n para subsidios y ma\u00f1ana inicia otra etapa - Informe Litoral","robots":{"index":"index","follow":"follow","max-snippet":"max-snippet:-1","max-image-preview":"max-image-preview:large","max-video-preview":"max-video-preview:-1"},"canonical":"https:\/\/informelitoral.com.ar\/concluye-el-cronograma-de-inscripcion-para-subsidios-y-manana-inicia-otra-etapa\/","og_locale":"es_ES","og_type":"article","og_title":"Concluye el cronograma de inscripci\u00f3n para subsidios y ma\u00f1ana inicia otra etapa - Informe Litoral","og_description":"Con la \u00faltima jornada para usuarios con DNI terminados en 6, 7, 8 y 9, concluye hoy el calendario establecido para completar el formulario destinado a acceder a los subsidios para gas y electricidad. Qui\u00e9nes pueden anotarse desde ma\u00f1ana.","og_url":"https:\/\/informelitoral.com.ar\/concluye-el-cronograma-de-inscripcion-para-subsidios-y-manana-inicia-otra-etapa\/","og_site_name":"Informe Litoral","article_publisher":"https:\/\/www.facebook.com\/informelitoral\/","article_published_time":"2022-07-26T12:33:15+00:00","og_image":[{"width":1020,"height":560,"url":"https:\/\/informelitoral.com.ar\/%77%70%2d%63%6f%6e%74%65%6e%74\/uploads\/2018\/01\/anses_39_0_0.jpg","type":"image\/jpeg"}],"author":"Sebastian","twitter_card":"summary_large_image","twitter_creator":"@InformeLitoral","twitter_site":"@InformeLitoral","twitter_misc":{"Escrito por":"Sebastian","Tiempo de lectura":"2 minutos"},"schema":{"@context":"https:\/\/schema.org","@graph":[{"@type":"Article","@id":"https:\/\/informelitoral.com.ar\/concluye-el-cronograma-de-inscripcion-para-subsidios-y-manana-inicia-otra-etapa\/#article","isPartOf":{"@id":"https:\/\/informelitoral.com.ar\/concluye-el-cronograma-de-inscripcion-para-subsidios-y-manana-inicia-otra-etapa\/"},"author":{"name":"Sebastian","@id":"https:\/\/informelitoral.com.ar\/#\/schema\/person\/f05f9f461677119578717524b127d6d5"},"headline":"Concluye el cronograma de inscripci\u00f3n para subsidios y ma\u00f1ana inicia otra etapa","datePublished":"2022-07-26T12:33:15+00:00","mainEntityOfPage":{"@id":"https:\/\/informelitoral.com.ar\/concluye-el-cronograma-de-inscripcion-para-subsidios-y-manana-inicia-otra-etapa\/"},"wordCount":321,"commentCount":0,"publisher":{"@id":"https:\/\/informelitoral.com.ar\/#organization"},"image":{"@id":"https:\/\/informelitoral.com.ar\/concluye-el-cronograma-de-inscripcion-para-subsidios-y-manana-inicia-otra-etapa\/#primaryimage"},"thumbnailUrl":"https:\/\/informelitoral.com.ar\/%77%70%2d%63%6f%6e%74%65%6e%74\/uploads\/2018\/01\/anses_39_0_0.jpg","keywords":["Anses","subsidios"],"articleSection":["Econom\u00eda"],"inLanguage":"es","potentialAction":[{"@type":"CommentAction","name":"Comment","target":["https:\/\/informelitoral.com.ar\/concluye-el-cronograma-de-inscripcion-para-subsidios-y-manana-inicia-otra-etapa\/#respond"]}]},{"@type":"WebPage","@id":"https:\/\/informelitoral.com.ar\/concluye-el-cronograma-de-inscripcion-para-subsidios-y-manana-inicia-otra-etapa\/","url":"https:\/\/informelitoral.com.ar\/concluye-el-cronograma-de-inscripcion-para-subsidios-y-manana-inicia-otra-etapa\/","name":"Concluye el cronograma de inscripci\u00f3n para subsidios y ma\u00f1ana inicia otra etapa - Informe Litoral","isPartOf":{"@id":"https:\/\/informelitoral.com.ar\/#website"},"primaryImageOfPage":{"@id":"https:\/\/informelitoral.com.ar\/concluye-el-cronograma-de-inscripcion-para-subsidios-y-manana-inicia-otra-etapa\/#primaryimage"},"image":{"@id":"https:\/\/informelitoral.com.ar\/concluye-el-cronograma-de-inscripcion-para-subsidios-y-manana-inicia-otra-etapa\/#primaryimage"},"thumbnailUrl":"https:\/\/informelitoral.com.ar\/%77%70%2d%63%6f%6e%74%65%6e%74\/uploads\/2018\/01\/anses_39_0_0.jpg","datePublished":"2022-07-26T12:33:15+00:00","breadcrumb":{"@id":"https:\/\/informelitoral.com.ar\/concluye-el-cronograma-de-inscripcion-para-subsidios-y-manana-inicia-otra-etapa\/#breadcrumb"},"inLanguage":"es","potentialAction":[{"@type":"ReadAction","target":["https:\/\/informelitoral.com.ar\/concluye-el-cronograma-de-inscripcion-para-subsidios-y-manana-inicia-otra-etapa\/"]}]},{"@type":"ImageObject","inLanguage":"es","@id":"https:\/\/informelitoral.com.ar\/concluye-el-cronograma-de-inscripcion-para-subsidios-y-manana-inicia-otra-etapa\/#primaryimage","url":"https:\/\/informelitoral.com.ar\/%77%70%2d%63%6f%6e%74%65%6e%74\/uploads\/2018\/01\/anses_39_0_0.jpg","contentUrl":"https:\/\/informelitoral.com.ar\/%77%70%2d%63%6f%6e%74%65%6e%74\/uploads\/2018\/01\/anses_39_0_0.jpg","width":1020,"height":560},{"@type":"BreadcrumbList","@id":"https:\/\/informelitoral.com.ar\/concluye-el-cronograma-de-inscripcion-para-subsidios-y-manana-inicia-otra-etapa\/#breadcrumb","itemListElement":[{"@type":"ListItem","position":1,"name":"Portada","item":"https:\/\/informelitoral.com.ar\/"},{"@type":"ListItem","position":2,"name":"Concluye el cronograma de inscripci\u00f3n para subsidios y ma\u00f1ana inicia otra etapa"}]},{"@type":"WebSite","@id":"https:\/\/informelitoral.com.ar\/#website","url":"https:\/\/informelitoral.com.ar\/","name":"Informe Litoral","description":"&quot;Nos informamos&quot; ","publisher":{"@id":"https:\/\/informelitoral.com.ar\/#organization"},"potentialAction":[{"@type":"SearchAction","target":{"@type":"EntryPoint","urlTemplate":"https:\/\/informelitoral.com.ar\/?s={search_term_string}"},"query-input":{"@type":"PropertyValueSpecification","valueRequired":true,"valueName":"search_term_string"}}],"inLanguage":"es"},{"@type":"Organization","@id":"https:\/\/informelitoral.com.ar\/#organization","name":"Informe Litoral","url":"https:\/\/informelitoral.com.ar\/","logo":{"@type":"ImageObject","inLanguage":"es","@id":"https:\/\/informelitoral.com.ar\/#\/schema\/logo\/image\/","url":"https:\/\/informelitoral.com.ar\/%77%70%2d%63%6f%6e%74%65%6e%74\/uploads\/2021\/01\/circulo.png","contentUrl":"https:\/\/informelitoral.com.ar\/%77%70%2d%63%6f%6e%74%65%6e%74\/uploads\/2021\/01\/circulo.png","width":723,"height":731,"caption":"Informe Litoral"},"image":{"@id":"https:\/\/informelitoral.com.ar\/#\/schema\/logo\/image\/"},"sameAs":["https:\/\/www.facebook.com\/informelitoral\/","https:\/\/x.com\/InformeLitoral","https:\/\/www.instagram.com\/informelitoral\/","https:\/\/www.youtube.com\/channel\/UCua4Qvz8Icb6MYqhoq9xLXw"]},{"@type":"Person","@id":"https:\/\/informelitoral.com.ar\/#\/schema\/person\/f05f9f461677119578717524b127d6d5","name":"Sebastian","image":{"@type":"ImageObject","inLanguage":"es","@id":"https:\/\/secure.gravatar.com\/avatar\/b71bf7481d447dfb9583c7f2798e7cc64de6efb9067b74633ed8c31059a3bd82?s=96&d=mm&r=g","url":"https:\/\/secure.gravatar.com\/avatar\/b71bf7481d447dfb9583c7f2798e7cc64de6efb9067b74633ed8c31059a3bd82?s=96&d=mm&r=g","contentUrl":"https:\/\/secure.gravatar.com\/avatar\/b71bf7481d447dfb9583c7f2798e7cc64de6efb9067b74633ed8c31059a3bd82?s=96&d=mm&r=g","caption":"Sebastian"},"url":"https:\/\/informelitoral.com.ar\/author\/sebastian\/"}]}},"_links":{"self":[{"href":"https:\/\/informelitoral.com.ar\/%77%70%2d%6a%73%6f%6e\/wp\/v2\/posts\/82481","targetHints":{"allow":["GET"]}}],"collection":[{"href":"https:\/\/informelitoral.com.ar\/%77%70%2d%6a%73%6f%6e\/wp\/v2\/posts"}],"about":[{"href":"https:\/\/informelitoral.com.ar\/%77%70%2d%6a%73%6f%6e\/wp\/v2\/types\/post"}],"author":[{"embeddable":true,"href":"https:\/\/informelitoral.com.ar\/%77%70%2d%6a%73%6f%6e\/wp\/v2\/users\/8"}],"replies":[{"embeddable":true,"href":"https:\/\/informelitoral.com.ar\/%77%70%2d%6a%73%6f%6e\/wp\/v2\/comments?post=82481"}],"version-history":[{"count":0,"href":"https:\/\/informelitoral.com.ar\/%77%70%2d%6a%73%6f%6e\/wp\/v2\/posts\/82481\/revisions"}],"wp:featuredmedia":[{"embeddable":true,"href":"https:\/\/informelitoral.com.ar\/%77%70%2d%6a%73%6f%6e\/wp\/v2\/media\/24481"}],"wp:attachment":[{"href":"https:\/\/informelitoral.com.ar\/%77%70%2d%6a%73%6f%6e\/wp\/v2\/media?parent=82481"}],"wp:term":[{"taxonomy":"category","embeddable":true,"href":"https:\/\/informelitoral.com.ar\/%77%70%2d%6a%73%6f%6e\/wp\/v2\/categories?post=82481"},{"taxonomy":"post_tag","embeddable":true,"href":"https:\/\/informelitoral.com.ar\/%77%70%2d%6a%73%6f%6e\/wp\/v2\/tags?post=82481"}],"curies":[{"name":"wp","href":"https:\/\/api.w.org\/{rel}","templated":true}]}}