{"id":82477,"date":"2022-07-26T09:22:48","date_gmt":"2022-07-26T12:22:48","guid":{"rendered":"https:\/\/www.informelitoral.com.ar\/?p=82477"},"modified":"2022-07-26T09:22:48","modified_gmt":"2022-07-26T12:22:48","slug":"reunion-informativa-para-prevencion-de-delitos-en-colonia-ensayo","status":"publish","type":"post","link":"https:\/\/informelitoral.com.ar\/reunion-informativa-para-prevencion-de-delitos-en-colonia-ensayo\/","title":{"rendered":"Reuni\u00f3n informativa para prevenci\u00f3n de delitos en Colonia Ensayo"},"content":{"rendered":"<p>El encuentro se realiz\u00f3 en el Polideportivo Comunal y reuni\u00f3 a varios vecinos.<\/p>\n<p>La convocatoria tuvo como objetivo abordar temas relacionados con prevenci\u00f3n de hechos de inseguridad, ilustrar sobre distintas modalidades de delitos relacionados con las nuevas tecnolog\u00edas y dise\u00f1ar en conjunto estrategias de alerta temprana.<\/p>\n<p>\u00abDe cara al notorio crecimiento demogr\u00e1fico en nuestro territorio y a que diariamente existe una importante circulaci\u00f3n de personas, es auspicioso que tanto vecinos como funcionarios se involucren en temas de gran sensibilidad social como lo es la seguridad de las personas\u00bb, indicaron desde la comuna.<\/p>\n<p>Participaron de este encuentro el presidente comunal, Gustavo Battauz; el sub jefe departamental, comisario inspector Marcelo Lell; el subjefe de la Divisi\u00f3n Investigaciones, subcomisario Juan Reyes y el suboficial Javier M\u00e9ndez; el subjefe de la Divisi\u00f3n Investigaciones, subcomisario Carlos Poggi; el jefe de Inteligencia Criminal Javier M\u00e9ndez y el jefe de la Comisar\u00eda local, subcomisario Juan Reyes.<\/p>\n<p>Tambi\u00e9n estuvieron presentes el consejero Camilo Cabrera y representantes de la Comisi\u00f3n de Amigos de la Comisar\u00eda de Colonia Ensayo.<\/p>\n","protected":false},"excerpt":{"rendered":"<p>El encuentro se realiz\u00f3 en el Polideportivo Comunal y reuni\u00f3 a varios vecinos.<\/p>\n","protected":false},"author":8,"featured_media":82478,"comment_status":"open","ping_status":"open","sticky":false,"template":"","format":"standard","meta":{"fifu_image_url":"","fifu_image_alt":"","footnotes":""},"categories":[5],"tags":[3844,642],"class_list":{"0":"post-82477","1":"post","2":"type-post","3":"status-publish","4":"format-standard","5":"has-post-thumbnail","7":"category-zonales","8":"tag-prevencion-de-delito","9":"tag-reunion"},"yoast_head":"<title>Reuni\u00f3n informativa para prevenci\u00f3n de delitos en Colonia Ensayo - Informe Litoral<\/title>\n<meta name=\"robots\" content=\"index, follow, max-snippet:-1, max-image-preview:large, max-video-preview:-1\" \/>\n<link rel=\"canonical\" href=\"https:\/\/informelitoral.com.ar\/reunion-informativa-para-prevencion-de-delitos-en-colonia-ensayo\/\" \/>\n<meta property=\"og:locale\" content=\"es_ES\" \/>\n<meta property=\"og:type\" content=\"article\" \/>\n<meta property=\"og:title\" content=\"Reuni\u00f3n informativa para prevenci\u00f3n de delitos en Colonia Ensayo - Informe Litoral\" \/>\n<meta property=\"og:description\" content=\"El encuentro se realiz\u00f3 en el Polideportivo Comunal y reuni\u00f3 a varios vecinos.\" \/>\n<meta property=\"og:url\" content=\"https:\/\/informelitoral.com.ar\/reunion-informativa-para-prevencion-de-delitos-en-colonia-ensayo\/\" \/>\n<meta property=\"og:site_name\" content=\"Informe Litoral\" \/>\n<meta property=\"article:publisher\" content=\"https:\/\/www.facebook.com\/informelitoral\/\" \/>\n<meta property=\"article:published_time\" content=\"2022-07-26T12:22:48+00:00\" \/>\n<meta property=\"og:image\" content=\"https:\/\/informelitoral.com.ar\/%77%70%2d%63%6f%6e%74%65%6e%74\/uploads\/2022\/07\/seguridad-colonia-ensayo-1024x585.jpg.webp\" \/>\n\t<meta property=\"og:image:width\" content=\"1024\" \/>\n\t<meta property=\"og:image:height\" content=\"585\" \/>\n\t<meta property=\"og:image:type\" content=\"image\/webp\" \/>\n<meta name=\"author\" content=\"Sebastian\" \/>\n<meta name=\"twitter:card\" content=\"summary_large_image\" \/>\n<meta name=\"twitter:creator\" content=\"@InformeLitoral\" \/>\n<meta name=\"twitter:site\" content=\"@InformeLitoral\" \/>\n<meta name=\"twitter:label1\" content=\"Escrito por\" \/>\n\t<meta name=\"twitter:data1\" content=\"Sebastian\" \/>\n\t<meta name=\"twitter:label2\" content=\"Tiempo de lectura\" \/>\n\t<meta name=\"twitter:data2\" content=\"1 minuto\" \/>\n<script type=\"application\/ld+json\" class=\"yoast-schema-graph\">{\"@context\":\"https:\\\/\\\/schema.org\",\"@graph\":[{\"@type\":\"Article\",\"@id\":\"https:\\\/\\\/informelitoral.com.ar\\\/reunion-informativa-para-prevencion-de-delitos-en-colonia-ensayo\\\/#article\",\"isPartOf\":{\"@id\":\"https:\\\/\\\/informelitoral.com.ar\\\/reunion-informativa-para-prevencion-de-delitos-en-colonia-ensayo\\\/\"},\"author\":{\"name\":\"Sebastian\",\"@id\":\"https:\\\/\\\/informelitoral.com.ar\\\/#\\\/schema\\\/person\\\/f05f9f461677119578717524b127d6d5\"},\"headline\":\"Reuni\u00f3n informativa para prevenci\u00f3n de delitos en Colonia Ensayo\",\"datePublished\":\"2022-07-26T12:22:48+00:00\",\"mainEntityOfPage\":{\"@id\":\"https:\\\/\\\/informelitoral.com.ar\\\/reunion-informativa-para-prevencion-de-delitos-en-colonia-ensayo\\\/\"},\"wordCount\":193,\"commentCount\":0,\"publisher\":{\"@id\":\"https:\\\/\\\/informelitoral.com.ar\\\/#organization\"},\"image\":{\"@id\":\"https:\\\/\\\/informelitoral.com.ar\\\/reunion-informativa-para-prevencion-de-delitos-en-colonia-ensayo\\\/#primaryimage\"},\"thumbnailUrl\":\"https:\\\/\\\/informelitoral.com.ar\\\/%77%70%2d%63%6f%6e%74%65%6e%74\\\/uploads\\\/2022\\\/07\\\/seguridad-colonia-ensayo-1024x585.jpg.webp\",\"keywords\":[\"Prevenci\u00f3n de delito\",\"Reuni\u00f3n\"],\"articleSection\":[\"Departamento Diamante\"],\"inLanguage\":\"es\",\"potentialAction\":[{\"@type\":\"CommentAction\",\"name\":\"Comment\",\"target\":[\"https:\\\/\\\/informelitoral.com.ar\\\/reunion-informativa-para-prevencion-de-delitos-en-colonia-ensayo\\\/#respond\"]}]},{\"@type\":\"WebPage\",\"@id\":\"https:\\\/\\\/informelitoral.com.ar\\\/reunion-informativa-para-prevencion-de-delitos-en-colonia-ensayo\\\/\",\"url\":\"https:\\\/\\\/informelitoral.com.ar\\\/reunion-informativa-para-prevencion-de-delitos-en-colonia-ensayo\\\/\",\"name\":\"Reuni\u00f3n informativa para prevenci\u00f3n de delitos en Colonia Ensayo - Informe Litoral\",\"isPartOf\":{\"@id\":\"https:\\\/\\\/informelitoral.com.ar\\\/#website\"},\"primaryImageOfPage\":{\"@id\":\"https:\\\/\\\/informelitoral.com.ar\\\/reunion-informativa-para-prevencion-de-delitos-en-colonia-ensayo\\\/#primaryimage\"},\"image\":{\"@id\":\"https:\\\/\\\/informelitoral.com.ar\\\/reunion-informativa-para-prevencion-de-delitos-en-colonia-ensayo\\\/#primaryimage\"},\"thumbnailUrl\":\"https:\\\/\\\/informelitoral.com.ar\\\/%77%70%2d%63%6f%6e%74%65%6e%74\\\/uploads\\\/2022\\\/07\\\/seguridad-colonia-ensayo-1024x585.jpg.webp\",\"datePublished\":\"2022-07-26T12:22:48+00:00\",\"breadcrumb\":{\"@id\":\"https:\\\/\\\/informelitoral.com.ar\\\/reunion-informativa-para-prevencion-de-delitos-en-colonia-ensayo\\\/#breadcrumb\"},\"inLanguage\":\"es\",\"potentialAction\":[{\"@type\":\"ReadAction\",\"target\":[\"https:\\\/\\\/informelitoral.com.ar\\\/reunion-informativa-para-prevencion-de-delitos-en-colonia-ensayo\\\/\"]}]},{\"@type\":\"ImageObject\",\"inLanguage\":\"es\",\"@id\":\"https:\\\/\\\/informelitoral.com.ar\\\/reunion-informativa-para-prevencion-de-delitos-en-colonia-ensayo\\\/#primaryimage\",\"url\":\"https:\\\/\\\/informelitoral.com.ar\\\/%77%70%2d%63%6f%6e%74%65%6e%74\\\/uploads\\\/2022\\\/07\\\/seguridad-colonia-ensayo-1024x585.jpg.webp\",\"contentUrl\":\"https:\\\/\\\/informelitoral.com.ar\\\/%77%70%2d%63%6f%6e%74%65%6e%74\\\/uploads\\\/2022\\\/07\\\/seguridad-colonia-ensayo-1024x585.jpg.webp\",\"width\":1024,\"height\":585},{\"@type\":\"BreadcrumbList\",\"@id\":\"https:\\\/\\\/informelitoral.com.ar\\\/reunion-informativa-para-prevencion-de-delitos-en-colonia-ensayo\\\/#breadcrumb\",\"itemListElement\":[{\"@type\":\"ListItem\",\"position\":1,\"name\":\"Portada\",\"item\":\"https:\\\/\\\/informelitoral.com.ar\\\/\"},{\"@type\":\"ListItem\",\"position\":2,\"name\":\"Reuni\u00f3n informativa para prevenci\u00f3n de delitos en Colonia Ensayo\"}]},{\"@type\":\"WebSite\",\"@id\":\"https:\\\/\\\/informelitoral.com.ar\\\/#website\",\"url\":\"https:\\\/\\\/informelitoral.com.ar\\\/\",\"name\":\"Informe Litoral\",\"description\":\"&quot;Nos informamos&quot; \",\"publisher\":{\"@id\":\"https:\\\/\\\/informelitoral.com.ar\\\/#organization\"},\"potentialAction\":[{\"@type\":\"SearchAction\",\"target\":{\"@type\":\"EntryPoint\",\"urlTemplate\":\"https:\\\/\\\/informelitoral.com.ar\\\/?s={search_term_string}\"},\"query-input\":{\"@type\":\"PropertyValueSpecification\",\"valueRequired\":true,\"valueName\":\"search_term_string\"}}],\"inLanguage\":\"es\"},{\"@type\":\"Organization\",\"@id\":\"https:\\\/\\\/informelitoral.com.ar\\\/#organization\",\"name\":\"Informe Litoral\",\"url\":\"https:\\\/\\\/informelitoral.com.ar\\\/\",\"logo\":{\"@type\":\"ImageObject\",\"inLanguage\":\"es\",\"@id\":\"https:\\\/\\\/informelitoral.com.ar\\\/#\\\/schema\\\/logo\\\/image\\\/\",\"url\":\"https:\\\/\\\/informelitoral.com.ar\\\/%77%70%2d%63%6f%6e%74%65%6e%74\\\/uploads\\\/2021\\\/01\\\/circulo.png\",\"contentUrl\":\"https:\\\/\\\/informelitoral.com.ar\\\/%77%70%2d%63%6f%6e%74%65%6e%74\\\/uploads\\\/2021\\\/01\\\/circulo.png\",\"width\":723,\"height\":731,\"caption\":\"Informe Litoral\"},\"image\":{\"@id\":\"https:\\\/\\\/informelitoral.com.ar\\\/#\\\/schema\\\/logo\\\/image\\\/\"},\"sameAs\":[\"https:\\\/\\\/www.facebook.com\\\/informelitoral\\\/\",\"https:\\\/\\\/x.com\\\/InformeLitoral\",\"https:\\\/\\\/www.instagram.com\\\/informelitoral\\\/\",\"https:\\\/\\\/www.youtube.com\\\/channel\\\/UCua4Qvz8Icb6MYqhoq9xLXw\"]},{\"@type\":\"Person\",\"@id\":\"https:\\\/\\\/informelitoral.com.ar\\\/#\\\/schema\\\/person\\\/f05f9f461677119578717524b127d6d5\",\"name\":\"Sebastian\",\"image\":{\"@type\":\"ImageObject\",\"inLanguage\":\"es\",\"@id\":\"https:\\\/\\\/secure.gravatar.com\\\/avatar\\\/b71bf7481d447dfb9583c7f2798e7cc64de6efb9067b74633ed8c31059a3bd82?s=96&d=mm&r=g\",\"url\":\"https:\\\/\\\/secure.gravatar.com\\\/avatar\\\/b71bf7481d447dfb9583c7f2798e7cc64de6efb9067b74633ed8c31059a3bd82?s=96&d=mm&r=g\",\"contentUrl\":\"https:\\\/\\\/secure.gravatar.com\\\/avatar\\\/b71bf7481d447dfb9583c7f2798e7cc64de6efb9067b74633ed8c31059a3bd82?s=96&d=mm&r=g\",\"caption\":\"Sebastian\"},\"url\":\"https:\\\/\\\/informelitoral.com.ar\\\/author\\\/sebastian\\\/\"}]}<\/script>","yoast_head_json":{"title":"Reuni\u00f3n informativa para prevenci\u00f3n de delitos en Colonia Ensayo - Informe Litoral","robots":{"index":"index","follow":"follow","max-snippet":"max-snippet:-1","max-image-preview":"max-image-preview:large","max-video-preview":"max-video-preview:-1"},"canonical":"https:\/\/informelitoral.com.ar\/reunion-informativa-para-prevencion-de-delitos-en-colonia-ensayo\/","og_locale":"es_ES","og_type":"article","og_title":"Reuni\u00f3n informativa para prevenci\u00f3n de delitos en Colonia Ensayo - Informe Litoral","og_description":"El encuentro se realiz\u00f3 en el Polideportivo Comunal y reuni\u00f3 a varios vecinos.","og_url":"https:\/\/informelitoral.com.ar\/reunion-informativa-para-prevencion-de-delitos-en-colonia-ensayo\/","og_site_name":"Informe Litoral","article_publisher":"https:\/\/www.facebook.com\/informelitoral\/","article_published_time":"2022-07-26T12:22:48+00:00","og_image":[{"width":1024,"height":585,"url":"https:\/\/informelitoral.com.ar\/%77%70%2d%63%6f%6e%74%65%6e%74\/uploads\/2022\/07\/seguridad-colonia-ensayo-1024x585.jpg.webp","type":"image\/webp"}],"author":"Sebastian","twitter_card":"summary_large_image","twitter_creator":"@InformeLitoral","twitter_site":"@InformeLitoral","twitter_misc":{"Escrito por":"Sebastian","Tiempo de lectura":"1 minuto"},"schema":{"@context":"https:\/\/schema.org","@graph":[{"@type":"Article","@id":"https:\/\/informelitoral.com.ar\/reunion-informativa-para-prevencion-de-delitos-en-colonia-ensayo\/#article","isPartOf":{"@id":"https:\/\/informelitoral.com.ar\/reunion-informativa-para-prevencion-de-delitos-en-colonia-ensayo\/"},"author":{"name":"Sebastian","@id":"https:\/\/informelitoral.com.ar\/#\/schema\/person\/f05f9f461677119578717524b127d6d5"},"headline":"Reuni\u00f3n informativa para prevenci\u00f3n de delitos en Colonia Ensayo","datePublished":"2022-07-26T12:22:48+00:00","mainEntityOfPage":{"@id":"https:\/\/informelitoral.com.ar\/reunion-informativa-para-prevencion-de-delitos-en-colonia-ensayo\/"},"wordCount":193,"commentCount":0,"publisher":{"@id":"https:\/\/informelitoral.com.ar\/#organization"},"image":{"@id":"https:\/\/informelitoral.com.ar\/reunion-informativa-para-prevencion-de-delitos-en-colonia-ensayo\/#primaryimage"},"thumbnailUrl":"https:\/\/informelitoral.com.ar\/%77%70%2d%63%6f%6e%74%65%6e%74\/uploads\/2022\/07\/seguridad-colonia-ensayo-1024x585.jpg.webp","keywords":["Prevenci\u00f3n de delito","Reuni\u00f3n"],"articleSection":["Departamento Diamante"],"inLanguage":"es","potentialAction":[{"@type":"CommentAction","name":"Comment","target":["https:\/\/informelitoral.com.ar\/reunion-informativa-para-prevencion-de-delitos-en-colonia-ensayo\/#respond"]}]},{"@type":"WebPage","@id":"https:\/\/informelitoral.com.ar\/reunion-informativa-para-prevencion-de-delitos-en-colonia-ensayo\/","url":"https:\/\/informelitoral.com.ar\/reunion-informativa-para-prevencion-de-delitos-en-colonia-ensayo\/","name":"Reuni\u00f3n informativa para prevenci\u00f3n de delitos en Colonia Ensayo - Informe Litoral","isPartOf":{"@id":"https:\/\/informelitoral.com.ar\/#website"},"primaryImageOfPage":{"@id":"https:\/\/informelitoral.com.ar\/reunion-informativa-para-prevencion-de-delitos-en-colonia-ensayo\/#primaryimage"},"image":{"@id":"https:\/\/informelitoral.com.ar\/reunion-informativa-para-prevencion-de-delitos-en-colonia-ensayo\/#primaryimage"},"thumbnailUrl":"https:\/\/informelitoral.com.ar\/%77%70%2d%63%6f%6e%74%65%6e%74\/uploads\/2022\/07\/seguridad-colonia-ensayo-1024x585.jpg.webp","datePublished":"2022-07-26T12:22:48+00:00","breadcrumb":{"@id":"https:\/\/informelitoral.com.ar\/reunion-informativa-para-prevencion-de-delitos-en-colonia-ensayo\/#breadcrumb"},"inLanguage":"es","potentialAction":[{"@type":"ReadAction","target":["https:\/\/informelitoral.com.ar\/reunion-informativa-para-prevencion-de-delitos-en-colonia-ensayo\/"]}]},{"@type":"ImageObject","inLanguage":"es","@id":"https:\/\/informelitoral.com.ar\/reunion-informativa-para-prevencion-de-delitos-en-colonia-ensayo\/#primaryimage","url":"https:\/\/informelitoral.com.ar\/%77%70%2d%63%6f%6e%74%65%6e%74\/uploads\/2022\/07\/seguridad-colonia-ensayo-1024x585.jpg.webp","contentUrl":"https:\/\/informelitoral.com.ar\/%77%70%2d%63%6f%6e%74%65%6e%74\/uploads\/2022\/07\/seguridad-colonia-ensayo-1024x585.jpg.webp","width":1024,"height":585},{"@type":"BreadcrumbList","@id":"https:\/\/informelitoral.com.ar\/reunion-informativa-para-prevencion-de-delitos-en-colonia-ensayo\/#breadcrumb","itemListElement":[{"@type":"ListItem","position":1,"name":"Portada","item":"https:\/\/informelitoral.com.ar\/"},{"@type":"ListItem","position":2,"name":"Reuni\u00f3n informativa para prevenci\u00f3n de delitos en Colonia Ensayo"}]},{"@type":"WebSite","@id":"https:\/\/informelitoral.com.ar\/#website","url":"https:\/\/informelitoral.com.ar\/","name":"Informe Litoral","description":"&quot;Nos informamos&quot; ","publisher":{"@id":"https:\/\/informelitoral.com.ar\/#organization"},"potentialAction":[{"@type":"SearchAction","target":{"@type":"EntryPoint","urlTemplate":"https:\/\/informelitoral.com.ar\/?s={search_term_string}"},"query-input":{"@type":"PropertyValueSpecification","valueRequired":true,"valueName":"search_term_string"}}],"inLanguage":"es"},{"@type":"Organization","@id":"https:\/\/informelitoral.com.ar\/#organization","name":"Informe Litoral","url":"https:\/\/informelitoral.com.ar\/","logo":{"@type":"ImageObject","inLanguage":"es","@id":"https:\/\/informelitoral.com.ar\/#\/schema\/logo\/image\/","url":"https:\/\/informelitoral.com.ar\/%77%70%2d%63%6f%6e%74%65%6e%74\/uploads\/2021\/01\/circulo.png","contentUrl":"https:\/\/informelitoral.com.ar\/%77%70%2d%63%6f%6e%74%65%6e%74\/uploads\/2021\/01\/circulo.png","width":723,"height":731,"caption":"Informe Litoral"},"image":{"@id":"https:\/\/informelitoral.com.ar\/#\/schema\/logo\/image\/"},"sameAs":["https:\/\/www.facebook.com\/informelitoral\/","https:\/\/x.com\/InformeLitoral","https:\/\/www.instagram.com\/informelitoral\/","https:\/\/www.youtube.com\/channel\/UCua4Qvz8Icb6MYqhoq9xLXw"]},{"@type":"Person","@id":"https:\/\/informelitoral.com.ar\/#\/schema\/person\/f05f9f461677119578717524b127d6d5","name":"Sebastian","image":{"@type":"ImageObject","inLanguage":"es","@id":"https:\/\/secure.gravatar.com\/avatar\/b71bf7481d447dfb9583c7f2798e7cc64de6efb9067b74633ed8c31059a3bd82?s=96&d=mm&r=g","url":"https:\/\/secure.gravatar.com\/avatar\/b71bf7481d447dfb9583c7f2798e7cc64de6efb9067b74633ed8c31059a3bd82?s=96&d=mm&r=g","contentUrl":"https:\/\/secure.gravatar.com\/avatar\/b71bf7481d447dfb9583c7f2798e7cc64de6efb9067b74633ed8c31059a3bd82?s=96&d=mm&r=g","caption":"Sebastian"},"url":"https:\/\/informelitoral.com.ar\/author\/sebastian\/"}]}},"_links":{"self":[{"href":"https:\/\/informelitoral.com.ar\/%77%70%2d%6a%73%6f%6e\/wp\/v2\/posts\/82477","targetHints":{"allow":["GET"]}}],"collection":[{"href":"https:\/\/informelitoral.com.ar\/%77%70%2d%6a%73%6f%6e\/wp\/v2\/posts"}],"about":[{"href":"https:\/\/informelitoral.com.ar\/%77%70%2d%6a%73%6f%6e\/wp\/v2\/types\/post"}],"author":[{"embeddable":true,"href":"https:\/\/informelitoral.com.ar\/%77%70%2d%6a%73%6f%6e\/wp\/v2\/users\/8"}],"replies":[{"embeddable":true,"href":"https:\/\/informelitoral.com.ar\/%77%70%2d%6a%73%6f%6e\/wp\/v2\/comments?post=82477"}],"version-history":[{"count":0,"href":"https:\/\/informelitoral.com.ar\/%77%70%2d%6a%73%6f%6e\/wp\/v2\/posts\/82477\/revisions"}],"wp:featuredmedia":[{"embeddable":true,"href":"https:\/\/informelitoral.com.ar\/%77%70%2d%6a%73%6f%6e\/wp\/v2\/media\/82478"}],"wp:attachment":[{"href":"https:\/\/informelitoral.com.ar\/%77%70%2d%6a%73%6f%6e\/wp\/v2\/media?parent=82477"}],"wp:term":[{"taxonomy":"category","embeddable":true,"href":"https:\/\/informelitoral.com.ar\/%77%70%2d%6a%73%6f%6e\/wp\/v2\/categories?post=82477"},{"taxonomy":"post_tag","embeddable":true,"href":"https:\/\/informelitoral.com.ar\/%77%70%2d%6a%73%6f%6e\/wp\/v2\/tags?post=82477"}],"curies":[{"name":"wp","href":"https:\/\/api.w.org\/{rel}","templated":true}]}}