{"id":82471,"date":"2022-07-26T08:52:45","date_gmt":"2022-07-26T11:52:45","guid":{"rendered":"https:\/\/www.informelitoral.com.ar\/?p=82471"},"modified":"2022-07-26T08:52:45","modified_gmt":"2022-07-26T11:52:45","slug":"motociclista-choco-en-parana-y-al-hacerle-tomografia-descubrieron-que-iba-armado","status":"publish","type":"post","link":"https:\/\/informelitoral.com.ar\/motociclista-choco-en-parana-y-al-hacerle-tomografia-descubrieron-que-iba-armado\/","title":{"rendered":"Motociclista choc\u00f3 en Paran\u00e1 y al hacerle tomograf\u00eda descubrieron que iba armado"},"content":{"rendered":"<p>Una moto Zanella, tipo enduro 150cc, que circulaba por calle Uruguay de la capital entrerriana, al mando de un hombre de 39 a\u00f1os de edad, choc\u00f3 contra un veh\u00edculo Renault Sandero Stepway, el cual iba por calle Salta, conducido por un joven de 22 a\u00f1os de edad, quien estaba acompa\u00f1ado por una mujer de 23 a\u00f1os.<\/p>\n<p>El accidente sucedi\u00f3 en la intersecci\u00f3n de amas arterias a las 1.20 de este martes.<\/p>\n<p>A ra\u00edz del impacto, el conductor de la moto fue trasladado en ambulancia hacia el Hospital San Mart\u00edn, donde los m\u00e9dicos le diagnosticaron traumatismo de cr\u00e1neo.<\/p>\n<p>Sin embargo, en el nosocomio se llevaron una sorpresa, puesto que, \u201cal realizarle la tomograf\u00eda, constataron que en la cintura ten\u00eda un arma de fuego, calibre .32\u201d, informaron\u00a0desde la Polic\u00eda.<\/p>\n<p>Desde la Fuerza de Seguridad precisaron que \u201cen el lugar del accidente se le dio intervenci\u00f3n a personal de Accidentolog\u00eda Vial y en el Hospital por disposici\u00f3n de la Magistratura interviniente, los efectivos policiales procedieron al secuestro del arma de fuego y a la identificaci\u00f3n del sindicado por el delito de Tenencia y Portaci\u00f3n ilegal de arma de fuego, d\u00e1ndole intervenci\u00f3n a personal de Bal\u00edstica y Fotograf\u00eda\u201d.<\/p>\n","protected":false},"excerpt":{"rendered":"<p>Una moto choc\u00f3 contra un auto en las primeras horas de este martes en Paran\u00e1. El conductor del rodado de menor porte sufri\u00f3 traumatismo de cr\u00e1neo. Al realizarle la tomograf\u00eda, constataron que en la cintura ten\u00eda un arma de fuego.<\/p>\n","protected":false},"author":8,"featured_media":24888,"comment_status":"open","ping_status":"open","sticky":false,"template":"","format":"standard","meta":{"fifu_image_url":"","fifu_image_alt":"","footnotes":""},"categories":[14],"tags":[304],"class_list":{"0":"post-82471","1":"post","2":"type-post","3":"status-publish","4":"format-standard","5":"has-post-thumbnail","7":"category-policiales","8":"tag-accidente-vial"},"yoast_head":"<title>Motociclista choc\u00f3 en Paran\u00e1 y al hacerle tomograf\u00eda descubrieron que iba armado - Informe Litoral<\/title>\n<meta name=\"robots\" content=\"index, follow, max-snippet:-1, max-image-preview:large, max-video-preview:-1\" \/>\n<link rel=\"canonical\" href=\"https:\/\/informelitoral.com.ar\/motociclista-choco-en-parana-y-al-hacerle-tomografia-descubrieron-que-iba-armado\/\" \/>\n<meta property=\"og:locale\" content=\"es_ES\" \/>\n<meta property=\"og:type\" content=\"article\" \/>\n<meta property=\"og:title\" content=\"Motociclista choc\u00f3 en Paran\u00e1 y al hacerle tomograf\u00eda descubrieron que iba armado - Informe Litoral\" \/>\n<meta property=\"og:description\" content=\"Una moto choc\u00f3 contra un auto en las primeras horas de este martes en Paran\u00e1. El conductor del rodado de menor porte sufri\u00f3 traumatismo de cr\u00e1neo. Al realizarle la tomograf\u00eda, constataron que en la cintura ten\u00eda un arma de fuego.\" \/>\n<meta property=\"og:url\" content=\"https:\/\/informelitoral.com.ar\/motociclista-choco-en-parana-y-al-hacerle-tomografia-descubrieron-que-iba-armado\/\" \/>\n<meta property=\"og:site_name\" content=\"Informe Litoral\" \/>\n<meta property=\"article:publisher\" content=\"https:\/\/www.facebook.com\/informelitoral\/\" \/>\n<meta property=\"article:published_time\" content=\"2022-07-26T11:52:45+00:00\" \/>\n<meta property=\"og:image\" content=\"https:\/\/informelitoral.com.ar\/%77%70%2d%63%6f%6e%74%65%6e%74\/uploads\/2018\/02\/policia-patrullero-768x506.jpg\" \/>\n\t<meta property=\"og:image:width\" content=\"768\" \/>\n\t<meta property=\"og:image:height\" content=\"506\" \/>\n\t<meta property=\"og:image:type\" content=\"image\/jpeg\" \/>\n<meta name=\"author\" content=\"Sebastian\" \/>\n<meta name=\"twitter:card\" content=\"summary_large_image\" \/>\n<meta name=\"twitter:creator\" content=\"@InformeLitoral\" \/>\n<meta name=\"twitter:site\" content=\"@InformeLitoral\" \/>\n<meta name=\"twitter:label1\" content=\"Escrito por\" \/>\n\t<meta name=\"twitter:data1\" content=\"Sebastian\" \/>\n\t<meta name=\"twitter:label2\" content=\"Tiempo de lectura\" \/>\n\t<meta name=\"twitter:data2\" content=\"1 minuto\" \/>\n<script type=\"application\/ld+json\" class=\"yoast-schema-graph\">{\"@context\":\"https:\\\/\\\/schema.org\",\"@graph\":[{\"@type\":\"Article\",\"@id\":\"https:\\\/\\\/informelitoral.com.ar\\\/motociclista-choco-en-parana-y-al-hacerle-tomografia-descubrieron-que-iba-armado\\\/#article\",\"isPartOf\":{\"@id\":\"https:\\\/\\\/informelitoral.com.ar\\\/motociclista-choco-en-parana-y-al-hacerle-tomografia-descubrieron-que-iba-armado\\\/\"},\"author\":{\"name\":\"Sebastian\",\"@id\":\"https:\\\/\\\/informelitoral.com.ar\\\/#\\\/schema\\\/person\\\/f05f9f461677119578717524b127d6d5\"},\"headline\":\"Motociclista choc\u00f3 en Paran\u00e1 y al hacerle tomograf\u00eda descubrieron que iba armado\",\"datePublished\":\"2022-07-26T11:52:45+00:00\",\"mainEntityOfPage\":{\"@id\":\"https:\\\/\\\/informelitoral.com.ar\\\/motociclista-choco-en-parana-y-al-hacerle-tomografia-descubrieron-que-iba-armado\\\/\"},\"wordCount\":225,\"commentCount\":0,\"publisher\":{\"@id\":\"https:\\\/\\\/informelitoral.com.ar\\\/#organization\"},\"image\":{\"@id\":\"https:\\\/\\\/informelitoral.com.ar\\\/motociclista-choco-en-parana-y-al-hacerle-tomografia-descubrieron-que-iba-armado\\\/#primaryimage\"},\"thumbnailUrl\":\"https:\\\/\\\/informelitoral.com.ar\\\/%77%70%2d%63%6f%6e%74%65%6e%74\\\/uploads\\\/2018\\\/02\\\/policia-patrullero-768x506.jpg\",\"keywords\":[\"Accidente vial\"],\"articleSection\":[\"Policiales\"],\"inLanguage\":\"es\",\"potentialAction\":[{\"@type\":\"CommentAction\",\"name\":\"Comment\",\"target\":[\"https:\\\/\\\/informelitoral.com.ar\\\/motociclista-choco-en-parana-y-al-hacerle-tomografia-descubrieron-que-iba-armado\\\/#respond\"]}]},{\"@type\":\"WebPage\",\"@id\":\"https:\\\/\\\/informelitoral.com.ar\\\/motociclista-choco-en-parana-y-al-hacerle-tomografia-descubrieron-que-iba-armado\\\/\",\"url\":\"https:\\\/\\\/informelitoral.com.ar\\\/motociclista-choco-en-parana-y-al-hacerle-tomografia-descubrieron-que-iba-armado\\\/\",\"name\":\"Motociclista choc\u00f3 en Paran\u00e1 y al hacerle tomograf\u00eda descubrieron que iba armado - Informe Litoral\",\"isPartOf\":{\"@id\":\"https:\\\/\\\/informelitoral.com.ar\\\/#website\"},\"primaryImageOfPage\":{\"@id\":\"https:\\\/\\\/informelitoral.com.ar\\\/motociclista-choco-en-parana-y-al-hacerle-tomografia-descubrieron-que-iba-armado\\\/#primaryimage\"},\"image\":{\"@id\":\"https:\\\/\\\/informelitoral.com.ar\\\/motociclista-choco-en-parana-y-al-hacerle-tomografia-descubrieron-que-iba-armado\\\/#primaryimage\"},\"thumbnailUrl\":\"https:\\\/\\\/informelitoral.com.ar\\\/%77%70%2d%63%6f%6e%74%65%6e%74\\\/uploads\\\/2018\\\/02\\\/policia-patrullero-768x506.jpg\",\"datePublished\":\"2022-07-26T11:52:45+00:00\",\"breadcrumb\":{\"@id\":\"https:\\\/\\\/informelitoral.com.ar\\\/motociclista-choco-en-parana-y-al-hacerle-tomografia-descubrieron-que-iba-armado\\\/#breadcrumb\"},\"inLanguage\":\"es\",\"potentialAction\":[{\"@type\":\"ReadAction\",\"target\":[\"https:\\\/\\\/informelitoral.com.ar\\\/motociclista-choco-en-parana-y-al-hacerle-tomografia-descubrieron-que-iba-armado\\\/\"]}]},{\"@type\":\"ImageObject\",\"inLanguage\":\"es\",\"@id\":\"https:\\\/\\\/informelitoral.com.ar\\\/motociclista-choco-en-parana-y-al-hacerle-tomografia-descubrieron-que-iba-armado\\\/#primaryimage\",\"url\":\"https:\\\/\\\/informelitoral.com.ar\\\/%77%70%2d%63%6f%6e%74%65%6e%74\\\/uploads\\\/2018\\\/02\\\/policia-patrullero-768x506.jpg\",\"contentUrl\":\"https:\\\/\\\/informelitoral.com.ar\\\/%77%70%2d%63%6f%6e%74%65%6e%74\\\/uploads\\\/2018\\\/02\\\/policia-patrullero-768x506.jpg\",\"width\":768,\"height\":506},{\"@type\":\"BreadcrumbList\",\"@id\":\"https:\\\/\\\/informelitoral.com.ar\\\/motociclista-choco-en-parana-y-al-hacerle-tomografia-descubrieron-que-iba-armado\\\/#breadcrumb\",\"itemListElement\":[{\"@type\":\"ListItem\",\"position\":1,\"name\":\"Portada\",\"item\":\"https:\\\/\\\/informelitoral.com.ar\\\/\"},{\"@type\":\"ListItem\",\"position\":2,\"name\":\"Motociclista choc\u00f3 en Paran\u00e1 y al hacerle tomograf\u00eda descubrieron que iba armado\"}]},{\"@type\":\"WebSite\",\"@id\":\"https:\\\/\\\/informelitoral.com.ar\\\/#website\",\"url\":\"https:\\\/\\\/informelitoral.com.ar\\\/\",\"name\":\"Informe Litoral\",\"description\":\"&quot;Nos informamos&quot; \",\"publisher\":{\"@id\":\"https:\\\/\\\/informelitoral.com.ar\\\/#organization\"},\"potentialAction\":[{\"@type\":\"SearchAction\",\"target\":{\"@type\":\"EntryPoint\",\"urlTemplate\":\"https:\\\/\\\/informelitoral.com.ar\\\/?s={search_term_string}\"},\"query-input\":{\"@type\":\"PropertyValueSpecification\",\"valueRequired\":true,\"valueName\":\"search_term_string\"}}],\"inLanguage\":\"es\"},{\"@type\":\"Organization\",\"@id\":\"https:\\\/\\\/informelitoral.com.ar\\\/#organization\",\"name\":\"Informe Litoral\",\"url\":\"https:\\\/\\\/informelitoral.com.ar\\\/\",\"logo\":{\"@type\":\"ImageObject\",\"inLanguage\":\"es\",\"@id\":\"https:\\\/\\\/informelitoral.com.ar\\\/#\\\/schema\\\/logo\\\/image\\\/\",\"url\":\"https:\\\/\\\/informelitoral.com.ar\\\/%77%70%2d%63%6f%6e%74%65%6e%74\\\/uploads\\\/2021\\\/01\\\/circulo.png\",\"contentUrl\":\"https:\\\/\\\/informelitoral.com.ar\\\/%77%70%2d%63%6f%6e%74%65%6e%74\\\/uploads\\\/2021\\\/01\\\/circulo.png\",\"width\":723,\"height\":731,\"caption\":\"Informe Litoral\"},\"image\":{\"@id\":\"https:\\\/\\\/informelitoral.com.ar\\\/#\\\/schema\\\/logo\\\/image\\\/\"},\"sameAs\":[\"https:\\\/\\\/www.facebook.com\\\/informelitoral\\\/\",\"https:\\\/\\\/x.com\\\/InformeLitoral\",\"https:\\\/\\\/www.instagram.com\\\/informelitoral\\\/\",\"https:\\\/\\\/www.youtube.com\\\/channel\\\/UCua4Qvz8Icb6MYqhoq9xLXw\"]},{\"@type\":\"Person\",\"@id\":\"https:\\\/\\\/informelitoral.com.ar\\\/#\\\/schema\\\/person\\\/f05f9f461677119578717524b127d6d5\",\"name\":\"Sebastian\",\"image\":{\"@type\":\"ImageObject\",\"inLanguage\":\"es\",\"@id\":\"https:\\\/\\\/secure.gravatar.com\\\/avatar\\\/b71bf7481d447dfb9583c7f2798e7cc64de6efb9067b74633ed8c31059a3bd82?s=96&d=mm&r=g\",\"url\":\"https:\\\/\\\/secure.gravatar.com\\\/avatar\\\/b71bf7481d447dfb9583c7f2798e7cc64de6efb9067b74633ed8c31059a3bd82?s=96&d=mm&r=g\",\"contentUrl\":\"https:\\\/\\\/secure.gravatar.com\\\/avatar\\\/b71bf7481d447dfb9583c7f2798e7cc64de6efb9067b74633ed8c31059a3bd82?s=96&d=mm&r=g\",\"caption\":\"Sebastian\"},\"url\":\"https:\\\/\\\/informelitoral.com.ar\\\/author\\\/sebastian\\\/\"}]}<\/script>","yoast_head_json":{"title":"Motociclista choc\u00f3 en Paran\u00e1 y al hacerle tomograf\u00eda descubrieron que iba armado - Informe Litoral","robots":{"index":"index","follow":"follow","max-snippet":"max-snippet:-1","max-image-preview":"max-image-preview:large","max-video-preview":"max-video-preview:-1"},"canonical":"https:\/\/informelitoral.com.ar\/motociclista-choco-en-parana-y-al-hacerle-tomografia-descubrieron-que-iba-armado\/","og_locale":"es_ES","og_type":"article","og_title":"Motociclista choc\u00f3 en Paran\u00e1 y al hacerle tomograf\u00eda descubrieron que iba armado - Informe Litoral","og_description":"Una moto choc\u00f3 contra un auto en las primeras horas de este martes en Paran\u00e1. El conductor del rodado de menor porte sufri\u00f3 traumatismo de cr\u00e1neo. Al realizarle la tomograf\u00eda, constataron que en la cintura ten\u00eda un arma de fuego.","og_url":"https:\/\/informelitoral.com.ar\/motociclista-choco-en-parana-y-al-hacerle-tomografia-descubrieron-que-iba-armado\/","og_site_name":"Informe Litoral","article_publisher":"https:\/\/www.facebook.com\/informelitoral\/","article_published_time":"2022-07-26T11:52:45+00:00","og_image":[{"width":768,"height":506,"url":"https:\/\/informelitoral.com.ar\/%77%70%2d%63%6f%6e%74%65%6e%74\/uploads\/2018\/02\/policia-patrullero-768x506.jpg","type":"image\/jpeg"}],"author":"Sebastian","twitter_card":"summary_large_image","twitter_creator":"@InformeLitoral","twitter_site":"@InformeLitoral","twitter_misc":{"Escrito por":"Sebastian","Tiempo de lectura":"1 minuto"},"schema":{"@context":"https:\/\/schema.org","@graph":[{"@type":"Article","@id":"https:\/\/informelitoral.com.ar\/motociclista-choco-en-parana-y-al-hacerle-tomografia-descubrieron-que-iba-armado\/#article","isPartOf":{"@id":"https:\/\/informelitoral.com.ar\/motociclista-choco-en-parana-y-al-hacerle-tomografia-descubrieron-que-iba-armado\/"},"author":{"name":"Sebastian","@id":"https:\/\/informelitoral.com.ar\/#\/schema\/person\/f05f9f461677119578717524b127d6d5"},"headline":"Motociclista choc\u00f3 en Paran\u00e1 y al hacerle tomograf\u00eda descubrieron que iba armado","datePublished":"2022-07-26T11:52:45+00:00","mainEntityOfPage":{"@id":"https:\/\/informelitoral.com.ar\/motociclista-choco-en-parana-y-al-hacerle-tomografia-descubrieron-que-iba-armado\/"},"wordCount":225,"commentCount":0,"publisher":{"@id":"https:\/\/informelitoral.com.ar\/#organization"},"image":{"@id":"https:\/\/informelitoral.com.ar\/motociclista-choco-en-parana-y-al-hacerle-tomografia-descubrieron-que-iba-armado\/#primaryimage"},"thumbnailUrl":"https:\/\/informelitoral.com.ar\/%77%70%2d%63%6f%6e%74%65%6e%74\/uploads\/2018\/02\/policia-patrullero-768x506.jpg","keywords":["Accidente vial"],"articleSection":["Policiales"],"inLanguage":"es","potentialAction":[{"@type":"CommentAction","name":"Comment","target":["https:\/\/informelitoral.com.ar\/motociclista-choco-en-parana-y-al-hacerle-tomografia-descubrieron-que-iba-armado\/#respond"]}]},{"@type":"WebPage","@id":"https:\/\/informelitoral.com.ar\/motociclista-choco-en-parana-y-al-hacerle-tomografia-descubrieron-que-iba-armado\/","url":"https:\/\/informelitoral.com.ar\/motociclista-choco-en-parana-y-al-hacerle-tomografia-descubrieron-que-iba-armado\/","name":"Motociclista choc\u00f3 en Paran\u00e1 y al hacerle tomograf\u00eda descubrieron que iba armado - Informe Litoral","isPartOf":{"@id":"https:\/\/informelitoral.com.ar\/#website"},"primaryImageOfPage":{"@id":"https:\/\/informelitoral.com.ar\/motociclista-choco-en-parana-y-al-hacerle-tomografia-descubrieron-que-iba-armado\/#primaryimage"},"image":{"@id":"https:\/\/informelitoral.com.ar\/motociclista-choco-en-parana-y-al-hacerle-tomografia-descubrieron-que-iba-armado\/#primaryimage"},"thumbnailUrl":"https:\/\/informelitoral.com.ar\/%77%70%2d%63%6f%6e%74%65%6e%74\/uploads\/2018\/02\/policia-patrullero-768x506.jpg","datePublished":"2022-07-26T11:52:45+00:00","breadcrumb":{"@id":"https:\/\/informelitoral.com.ar\/motociclista-choco-en-parana-y-al-hacerle-tomografia-descubrieron-que-iba-armado\/#breadcrumb"},"inLanguage":"es","potentialAction":[{"@type":"ReadAction","target":["https:\/\/informelitoral.com.ar\/motociclista-choco-en-parana-y-al-hacerle-tomografia-descubrieron-que-iba-armado\/"]}]},{"@type":"ImageObject","inLanguage":"es","@id":"https:\/\/informelitoral.com.ar\/motociclista-choco-en-parana-y-al-hacerle-tomografia-descubrieron-que-iba-armado\/#primaryimage","url":"https:\/\/informelitoral.com.ar\/%77%70%2d%63%6f%6e%74%65%6e%74\/uploads\/2018\/02\/policia-patrullero-768x506.jpg","contentUrl":"https:\/\/informelitoral.com.ar\/%77%70%2d%63%6f%6e%74%65%6e%74\/uploads\/2018\/02\/policia-patrullero-768x506.jpg","width":768,"height":506},{"@type":"BreadcrumbList","@id":"https:\/\/informelitoral.com.ar\/motociclista-choco-en-parana-y-al-hacerle-tomografia-descubrieron-que-iba-armado\/#breadcrumb","itemListElement":[{"@type":"ListItem","position":1,"name":"Portada","item":"https:\/\/informelitoral.com.ar\/"},{"@type":"ListItem","position":2,"name":"Motociclista choc\u00f3 en Paran\u00e1 y al hacerle tomograf\u00eda descubrieron que iba armado"}]},{"@type":"WebSite","@id":"https:\/\/informelitoral.com.ar\/#website","url":"https:\/\/informelitoral.com.ar\/","name":"Informe Litoral","description":"&quot;Nos informamos&quot; ","publisher":{"@id":"https:\/\/informelitoral.com.ar\/#organization"},"potentialAction":[{"@type":"SearchAction","target":{"@type":"EntryPoint","urlTemplate":"https:\/\/informelitoral.com.ar\/?s={search_term_string}"},"query-input":{"@type":"PropertyValueSpecification","valueRequired":true,"valueName":"search_term_string"}}],"inLanguage":"es"},{"@type":"Organization","@id":"https:\/\/informelitoral.com.ar\/#organization","name":"Informe Litoral","url":"https:\/\/informelitoral.com.ar\/","logo":{"@type":"ImageObject","inLanguage":"es","@id":"https:\/\/informelitoral.com.ar\/#\/schema\/logo\/image\/","url":"https:\/\/informelitoral.com.ar\/%77%70%2d%63%6f%6e%74%65%6e%74\/uploads\/2021\/01\/circulo.png","contentUrl":"https:\/\/informelitoral.com.ar\/%77%70%2d%63%6f%6e%74%65%6e%74\/uploads\/2021\/01\/circulo.png","width":723,"height":731,"caption":"Informe Litoral"},"image":{"@id":"https:\/\/informelitoral.com.ar\/#\/schema\/logo\/image\/"},"sameAs":["https:\/\/www.facebook.com\/informelitoral\/","https:\/\/x.com\/InformeLitoral","https:\/\/www.instagram.com\/informelitoral\/","https:\/\/www.youtube.com\/channel\/UCua4Qvz8Icb6MYqhoq9xLXw"]},{"@type":"Person","@id":"https:\/\/informelitoral.com.ar\/#\/schema\/person\/f05f9f461677119578717524b127d6d5","name":"Sebastian","image":{"@type":"ImageObject","inLanguage":"es","@id":"https:\/\/secure.gravatar.com\/avatar\/b71bf7481d447dfb9583c7f2798e7cc64de6efb9067b74633ed8c31059a3bd82?s=96&d=mm&r=g","url":"https:\/\/secure.gravatar.com\/avatar\/b71bf7481d447dfb9583c7f2798e7cc64de6efb9067b74633ed8c31059a3bd82?s=96&d=mm&r=g","contentUrl":"https:\/\/secure.gravatar.com\/avatar\/b71bf7481d447dfb9583c7f2798e7cc64de6efb9067b74633ed8c31059a3bd82?s=96&d=mm&r=g","caption":"Sebastian"},"url":"https:\/\/informelitoral.com.ar\/author\/sebastian\/"}]}},"_links":{"self":[{"href":"https:\/\/informelitoral.com.ar\/%77%70%2d%6a%73%6f%6e\/wp\/v2\/posts\/82471","targetHints":{"allow":["GET"]}}],"collection":[{"href":"https:\/\/informelitoral.com.ar\/%77%70%2d%6a%73%6f%6e\/wp\/v2\/posts"}],"about":[{"href":"https:\/\/informelitoral.com.ar\/%77%70%2d%6a%73%6f%6e\/wp\/v2\/types\/post"}],"author":[{"embeddable":true,"href":"https:\/\/informelitoral.com.ar\/%77%70%2d%6a%73%6f%6e\/wp\/v2\/users\/8"}],"replies":[{"embeddable":true,"href":"https:\/\/informelitoral.com.ar\/%77%70%2d%6a%73%6f%6e\/wp\/v2\/comments?post=82471"}],"version-history":[{"count":0,"href":"https:\/\/informelitoral.com.ar\/%77%70%2d%6a%73%6f%6e\/wp\/v2\/posts\/82471\/revisions"}],"wp:featuredmedia":[{"embeddable":true,"href":"https:\/\/informelitoral.com.ar\/%77%70%2d%6a%73%6f%6e\/wp\/v2\/media\/24888"}],"wp:attachment":[{"href":"https:\/\/informelitoral.com.ar\/%77%70%2d%6a%73%6f%6e\/wp\/v2\/media?parent=82471"}],"wp:term":[{"taxonomy":"category","embeddable":true,"href":"https:\/\/informelitoral.com.ar\/%77%70%2d%6a%73%6f%6e\/wp\/v2\/categories?post=82471"},{"taxonomy":"post_tag","embeddable":true,"href":"https:\/\/informelitoral.com.ar\/%77%70%2d%6a%73%6f%6e\/wp\/v2\/tags?post=82471"}],"curies":[{"name":"wp","href":"https:\/\/api.w.org\/{rel}","templated":true}]}}