{"id":82330,"date":"2022-07-22T11:11:57","date_gmt":"2022-07-22T14:11:57","guid":{"rendered":"https:\/\/www.informelitoral.com.ar\/?p=82330"},"modified":"2022-07-22T11:11:57","modified_gmt":"2022-07-22T14:11:57","slug":"el-presidente-anuncia-obras-de-infraestructura-cientifica-y-tecnologica-para-entre-rios","status":"publish","type":"post","link":"https:\/\/informelitoral.com.ar\/el-presidente-anuncia-obras-de-infraestructura-cientifica-y-tecnologica-para-entre-rios\/","title":{"rendered":"El Presidente anuncia obras de infraestructura cient\u00edfica y tecnol\u00f3gica para Entre R\u00edos"},"content":{"rendered":"<p>El presidente Alberto Fern\u00e1ndez firmar\u00e1 este viernes, junto a gobernadores de 16 provincias, las cartas de intenci\u00f3n para el comienzo de 22 obras de infraestructura cient\u00edfica y tecnol\u00f3gica, con una inversi\u00f3n total de casi 9.900 millones de pesos.<br \/>\n\u00abHoy firmaremos la realizaci\u00f3n de 22 obras de infraestructura cient\u00edfica y tecnol\u00f3gica junto al Presidente y gobernadores de 16 provincias. Es un total de $9900 millones que ser\u00e1n financiados a trav\u00e9s del Programa Federal #ConstruirCiencia\u00bb, inform\u00f3 el ministro de Ciencia y Tecnolog\u00eda, Daniel Filmus, en su cuenta de Twitter.<\/p>\n<p>El acto de firma est\u00e1 previsto para las 11.30 en el Museo del Bicentenario de la Casa Rosada, seg\u00fan la agenda oficial.<br \/>\nAcompa\u00f1ar\u00e1n al Presidente y a Filmus, autoridades de las provincias de Salta, Jujuy, Santiago del Estero, La Rioja, Formosa, Chaco, Misiones, Santa Fe, Entre R\u00edos, Ciudad de Buenos Aires, Provincia de Buenos Aires, C\u00f3rdoba, Mendoza, R\u00edo Negro, Chubut y Tierra del Fuego.<\/p>\n<p>El programa \u00abConstruir Ciencia\u00bb tiene como objetivo \u00abfortalecer la investigaci\u00f3n de las instituciones del Sistema Nacional de Ciencia, Tecnolog\u00eda e Innovaci\u00f3n\u00bb, con una perspectiva federal para \u00abincrementar las capacidades de las provincias y as\u00ed reducir las asimetr\u00edas existentes entre regiones\u00bb, informaron desde la cartera que encabeza Filmus.<br \/>\nEn ese marco, el Gobierno nacional destinar\u00e1 $7.800 millones de pesos para la adquisici\u00f3n de 167 equipos tecnol\u00f3gicos en 60 instituciones cient\u00edficas y tecnol\u00f3gicas nacionales, situadas en las 24 jurisdicciones.<\/p>\n","protected":false},"excerpt":{"rendered":"<p>El presidente Alberto Fern\u00e1ndez firmar\u00e1 este viernes -junto a gobernadores de 16 provincias, entre ellas Entre R\u00edos-  la ejecuci\u00f3n de obras de infraestructura cient\u00edfica y tecnol\u00f3gica, con una inversi\u00f3n total de casi 9900 millones de pesos<\/p>\n","protected":false},"author":8,"featured_media":82332,"comment_status":"open","ping_status":"open","sticky":false,"template":"","format":"standard","meta":{"fifu_image_url":"","fifu_image_alt":"","footnotes":""},"categories":[6],"tags":[167,3840,283],"class_list":{"0":"post-82330","1":"post","2":"type-post","3":"status-publish","4":"format-standard","5":"has-post-thumbnail","7":"category-entre-rios","8":"tag-gustavo-bordet","9":"tag-infraestructura-cientifica","10":"tag-obras"},"yoast_head":"<title>El Presidente anuncia obras de infraestructura cient\u00edfica y tecnol\u00f3gica para Entre R\u00edos - Informe Litoral<\/title>\n<meta name=\"robots\" content=\"index, follow, max-snippet:-1, max-image-preview:large, max-video-preview:-1\" \/>\n<link rel=\"canonical\" href=\"https:\/\/informelitoral.com.ar\/el-presidente-anuncia-obras-de-infraestructura-cientifica-y-tecnologica-para-entre-rios\/\" \/>\n<meta property=\"og:locale\" content=\"es_ES\" \/>\n<meta property=\"og:type\" content=\"article\" \/>\n<meta property=\"og:title\" content=\"El Presidente anuncia obras de infraestructura cient\u00edfica y tecnol\u00f3gica para Entre R\u00edos - Informe Litoral\" \/>\n<meta property=\"og:description\" content=\"El presidente Alberto Fern\u00e1ndez firmar\u00e1 este viernes -junto a gobernadores de 16 provincias, entre ellas Entre R\u00edos- la ejecuci\u00f3n de obras de infraestructura cient\u00edfica y tecnol\u00f3gica, con una inversi\u00f3n total de casi 9900 millones de pesos\" \/>\n<meta property=\"og:url\" content=\"https:\/\/informelitoral.com.ar\/el-presidente-anuncia-obras-de-infraestructura-cientifica-y-tecnologica-para-entre-rios\/\" \/>\n<meta property=\"og:site_name\" content=\"Informe Litoral\" \/>\n<meta property=\"article:publisher\" content=\"https:\/\/www.facebook.com\/informelitoral\/\" \/>\n<meta property=\"article:published_time\" content=\"2022-07-22T14:11:57+00:00\" \/>\n<meta property=\"og:image\" content=\"https:\/\/informelitoral.com.ar\/%77%70%2d%63%6f%6e%74%65%6e%74\/uploads\/2022\/07\/apfdigital_374446_tapa_2272022_105015.jpg\" \/>\n\t<meta property=\"og:image:width\" content=\"948\" \/>\n\t<meta property=\"og:image:height\" content=\"632\" \/>\n\t<meta property=\"og:image:type\" content=\"image\/jpeg\" \/>\n<meta name=\"author\" content=\"Sebastian\" \/>\n<meta name=\"twitter:card\" content=\"summary_large_image\" \/>\n<meta name=\"twitter:creator\" content=\"@InformeLitoral\" \/>\n<meta name=\"twitter:site\" content=\"@InformeLitoral\" \/>\n<meta name=\"twitter:label1\" content=\"Escrito por\" \/>\n\t<meta name=\"twitter:data1\" content=\"Sebastian\" \/>\n\t<meta name=\"twitter:label2\" content=\"Tiempo de lectura\" \/>\n\t<meta name=\"twitter:data2\" content=\"1 minuto\" \/>\n<script type=\"application\/ld+json\" class=\"yoast-schema-graph\">{\"@context\":\"https:\\\/\\\/schema.org\",\"@graph\":[{\"@type\":\"Article\",\"@id\":\"https:\\\/\\\/informelitoral.com.ar\\\/el-presidente-anuncia-obras-de-infraestructura-cientifica-y-tecnologica-para-entre-rios\\\/#article\",\"isPartOf\":{\"@id\":\"https:\\\/\\\/informelitoral.com.ar\\\/el-presidente-anuncia-obras-de-infraestructura-cientifica-y-tecnologica-para-entre-rios\\\/\"},\"author\":{\"name\":\"Sebastian\",\"@id\":\"https:\\\/\\\/informelitoral.com.ar\\\/#\\\/schema\\\/person\\\/f05f9f461677119578717524b127d6d5\"},\"headline\":\"El Presidente anuncia obras de infraestructura cient\u00edfica y tecnol\u00f3gica para Entre R\u00edos\",\"datePublished\":\"2022-07-22T14:11:57+00:00\",\"mainEntityOfPage\":{\"@id\":\"https:\\\/\\\/informelitoral.com.ar\\\/el-presidente-anuncia-obras-de-infraestructura-cientifica-y-tecnologica-para-entre-rios\\\/\"},\"wordCount\":257,\"commentCount\":0,\"publisher\":{\"@id\":\"https:\\\/\\\/informelitoral.com.ar\\\/#organization\"},\"image\":{\"@id\":\"https:\\\/\\\/informelitoral.com.ar\\\/el-presidente-anuncia-obras-de-infraestructura-cientifica-y-tecnologica-para-entre-rios\\\/#primaryimage\"},\"thumbnailUrl\":\"https:\\\/\\\/informelitoral.com.ar\\\/%77%70%2d%63%6f%6e%74%65%6e%74\\\/uploads\\\/2022\\\/07\\\/apfdigital_374446_tapa_2272022_105015.jpg\",\"keywords\":[\"Gustavo Bordet\",\"Infraestructura Cient\u00edfica\",\"Obras\"],\"articleSection\":[\"Entre R\u00edos\"],\"inLanguage\":\"es\",\"potentialAction\":[{\"@type\":\"CommentAction\",\"name\":\"Comment\",\"target\":[\"https:\\\/\\\/informelitoral.com.ar\\\/el-presidente-anuncia-obras-de-infraestructura-cientifica-y-tecnologica-para-entre-rios\\\/#respond\"]}]},{\"@type\":\"WebPage\",\"@id\":\"https:\\\/\\\/informelitoral.com.ar\\\/el-presidente-anuncia-obras-de-infraestructura-cientifica-y-tecnologica-para-entre-rios\\\/\",\"url\":\"https:\\\/\\\/informelitoral.com.ar\\\/el-presidente-anuncia-obras-de-infraestructura-cientifica-y-tecnologica-para-entre-rios\\\/\",\"name\":\"El Presidente anuncia obras de infraestructura cient\u00edfica y tecnol\u00f3gica para Entre R\u00edos - Informe Litoral\",\"isPartOf\":{\"@id\":\"https:\\\/\\\/informelitoral.com.ar\\\/#website\"},\"primaryImageOfPage\":{\"@id\":\"https:\\\/\\\/informelitoral.com.ar\\\/el-presidente-anuncia-obras-de-infraestructura-cientifica-y-tecnologica-para-entre-rios\\\/#primaryimage\"},\"image\":{\"@id\":\"https:\\\/\\\/informelitoral.com.ar\\\/el-presidente-anuncia-obras-de-infraestructura-cientifica-y-tecnologica-para-entre-rios\\\/#primaryimage\"},\"thumbnailUrl\":\"https:\\\/\\\/informelitoral.com.ar\\\/%77%70%2d%63%6f%6e%74%65%6e%74\\\/uploads\\\/2022\\\/07\\\/apfdigital_374446_tapa_2272022_105015.jpg\",\"datePublished\":\"2022-07-22T14:11:57+00:00\",\"breadcrumb\":{\"@id\":\"https:\\\/\\\/informelitoral.com.ar\\\/el-presidente-anuncia-obras-de-infraestructura-cientifica-y-tecnologica-para-entre-rios\\\/#breadcrumb\"},\"inLanguage\":\"es\",\"potentialAction\":[{\"@type\":\"ReadAction\",\"target\":[\"https:\\\/\\\/informelitoral.com.ar\\\/el-presidente-anuncia-obras-de-infraestructura-cientifica-y-tecnologica-para-entre-rios\\\/\"]}]},{\"@type\":\"ImageObject\",\"inLanguage\":\"es\",\"@id\":\"https:\\\/\\\/informelitoral.com.ar\\\/el-presidente-anuncia-obras-de-infraestructura-cientifica-y-tecnologica-para-entre-rios\\\/#primaryimage\",\"url\":\"https:\\\/\\\/informelitoral.com.ar\\\/%77%70%2d%63%6f%6e%74%65%6e%74\\\/uploads\\\/2022\\\/07\\\/apfdigital_374446_tapa_2272022_105015.jpg\",\"contentUrl\":\"https:\\\/\\\/informelitoral.com.ar\\\/%77%70%2d%63%6f%6e%74%65%6e%74\\\/uploads\\\/2022\\\/07\\\/apfdigital_374446_tapa_2272022_105015.jpg\",\"width\":948,\"height\":632},{\"@type\":\"BreadcrumbList\",\"@id\":\"https:\\\/\\\/informelitoral.com.ar\\\/el-presidente-anuncia-obras-de-infraestructura-cientifica-y-tecnologica-para-entre-rios\\\/#breadcrumb\",\"itemListElement\":[{\"@type\":\"ListItem\",\"position\":1,\"name\":\"Portada\",\"item\":\"https:\\\/\\\/informelitoral.com.ar\\\/\"},{\"@type\":\"ListItem\",\"position\":2,\"name\":\"El Presidente anuncia obras de infraestructura cient\u00edfica y tecnol\u00f3gica para Entre R\u00edos\"}]},{\"@type\":\"WebSite\",\"@id\":\"https:\\\/\\\/informelitoral.com.ar\\\/#website\",\"url\":\"https:\\\/\\\/informelitoral.com.ar\\\/\",\"name\":\"Informe Litoral\",\"description\":\"&quot;Nos informamos&quot; \",\"publisher\":{\"@id\":\"https:\\\/\\\/informelitoral.com.ar\\\/#organization\"},\"potentialAction\":[{\"@type\":\"SearchAction\",\"target\":{\"@type\":\"EntryPoint\",\"urlTemplate\":\"https:\\\/\\\/informelitoral.com.ar\\\/?s={search_term_string}\"},\"query-input\":{\"@type\":\"PropertyValueSpecification\",\"valueRequired\":true,\"valueName\":\"search_term_string\"}}],\"inLanguage\":\"es\"},{\"@type\":\"Organization\",\"@id\":\"https:\\\/\\\/informelitoral.com.ar\\\/#organization\",\"name\":\"Informe Litoral\",\"url\":\"https:\\\/\\\/informelitoral.com.ar\\\/\",\"logo\":{\"@type\":\"ImageObject\",\"inLanguage\":\"es\",\"@id\":\"https:\\\/\\\/informelitoral.com.ar\\\/#\\\/schema\\\/logo\\\/image\\\/\",\"url\":\"https:\\\/\\\/informelitoral.com.ar\\\/%77%70%2d%63%6f%6e%74%65%6e%74\\\/uploads\\\/2021\\\/01\\\/circulo.png\",\"contentUrl\":\"https:\\\/\\\/informelitoral.com.ar\\\/%77%70%2d%63%6f%6e%74%65%6e%74\\\/uploads\\\/2021\\\/01\\\/circulo.png\",\"width\":723,\"height\":731,\"caption\":\"Informe Litoral\"},\"image\":{\"@id\":\"https:\\\/\\\/informelitoral.com.ar\\\/#\\\/schema\\\/logo\\\/image\\\/\"},\"sameAs\":[\"https:\\\/\\\/www.facebook.com\\\/informelitoral\\\/\",\"https:\\\/\\\/x.com\\\/InformeLitoral\",\"https:\\\/\\\/www.instagram.com\\\/informelitoral\\\/\",\"https:\\\/\\\/www.youtube.com\\\/channel\\\/UCua4Qvz8Icb6MYqhoq9xLXw\"]},{\"@type\":\"Person\",\"@id\":\"https:\\\/\\\/informelitoral.com.ar\\\/#\\\/schema\\\/person\\\/f05f9f461677119578717524b127d6d5\",\"name\":\"Sebastian\",\"image\":{\"@type\":\"ImageObject\",\"inLanguage\":\"es\",\"@id\":\"https:\\\/\\\/secure.gravatar.com\\\/avatar\\\/b71bf7481d447dfb9583c7f2798e7cc64de6efb9067b74633ed8c31059a3bd82?s=96&d=mm&r=g\",\"url\":\"https:\\\/\\\/secure.gravatar.com\\\/avatar\\\/b71bf7481d447dfb9583c7f2798e7cc64de6efb9067b74633ed8c31059a3bd82?s=96&d=mm&r=g\",\"contentUrl\":\"https:\\\/\\\/secure.gravatar.com\\\/avatar\\\/b71bf7481d447dfb9583c7f2798e7cc64de6efb9067b74633ed8c31059a3bd82?s=96&d=mm&r=g\",\"caption\":\"Sebastian\"},\"url\":\"https:\\\/\\\/informelitoral.com.ar\\\/author\\\/sebastian\\\/\"}]}<\/script>","yoast_head_json":{"title":"El Presidente anuncia obras de infraestructura cient\u00edfica y tecnol\u00f3gica para Entre R\u00edos - Informe Litoral","robots":{"index":"index","follow":"follow","max-snippet":"max-snippet:-1","max-image-preview":"max-image-preview:large","max-video-preview":"max-video-preview:-1"},"canonical":"https:\/\/informelitoral.com.ar\/el-presidente-anuncia-obras-de-infraestructura-cientifica-y-tecnologica-para-entre-rios\/","og_locale":"es_ES","og_type":"article","og_title":"El Presidente anuncia obras de infraestructura cient\u00edfica y tecnol\u00f3gica para Entre R\u00edos - Informe Litoral","og_description":"El presidente Alberto Fern\u00e1ndez firmar\u00e1 este viernes -junto a gobernadores de 16 provincias, entre ellas Entre R\u00edos- la ejecuci\u00f3n de obras de infraestructura cient\u00edfica y tecnol\u00f3gica, con una inversi\u00f3n total de casi 9900 millones de pesos","og_url":"https:\/\/informelitoral.com.ar\/el-presidente-anuncia-obras-de-infraestructura-cientifica-y-tecnologica-para-entre-rios\/","og_site_name":"Informe Litoral","article_publisher":"https:\/\/www.facebook.com\/informelitoral\/","article_published_time":"2022-07-22T14:11:57+00:00","og_image":[{"width":948,"height":632,"url":"https:\/\/informelitoral.com.ar\/%77%70%2d%63%6f%6e%74%65%6e%74\/uploads\/2022\/07\/apfdigital_374446_tapa_2272022_105015.jpg","type":"image\/jpeg"}],"author":"Sebastian","twitter_card":"summary_large_image","twitter_creator":"@InformeLitoral","twitter_site":"@InformeLitoral","twitter_misc":{"Escrito por":"Sebastian","Tiempo de lectura":"1 minuto"},"schema":{"@context":"https:\/\/schema.org","@graph":[{"@type":"Article","@id":"https:\/\/informelitoral.com.ar\/el-presidente-anuncia-obras-de-infraestructura-cientifica-y-tecnologica-para-entre-rios\/#article","isPartOf":{"@id":"https:\/\/informelitoral.com.ar\/el-presidente-anuncia-obras-de-infraestructura-cientifica-y-tecnologica-para-entre-rios\/"},"author":{"name":"Sebastian","@id":"https:\/\/informelitoral.com.ar\/#\/schema\/person\/f05f9f461677119578717524b127d6d5"},"headline":"El Presidente anuncia obras de infraestructura cient\u00edfica y tecnol\u00f3gica para Entre R\u00edos","datePublished":"2022-07-22T14:11:57+00:00","mainEntityOfPage":{"@id":"https:\/\/informelitoral.com.ar\/el-presidente-anuncia-obras-de-infraestructura-cientifica-y-tecnologica-para-entre-rios\/"},"wordCount":257,"commentCount":0,"publisher":{"@id":"https:\/\/informelitoral.com.ar\/#organization"},"image":{"@id":"https:\/\/informelitoral.com.ar\/el-presidente-anuncia-obras-de-infraestructura-cientifica-y-tecnologica-para-entre-rios\/#primaryimage"},"thumbnailUrl":"https:\/\/informelitoral.com.ar\/%77%70%2d%63%6f%6e%74%65%6e%74\/uploads\/2022\/07\/apfdigital_374446_tapa_2272022_105015.jpg","keywords":["Gustavo Bordet","Infraestructura Cient\u00edfica","Obras"],"articleSection":["Entre R\u00edos"],"inLanguage":"es","potentialAction":[{"@type":"CommentAction","name":"Comment","target":["https:\/\/informelitoral.com.ar\/el-presidente-anuncia-obras-de-infraestructura-cientifica-y-tecnologica-para-entre-rios\/#respond"]}]},{"@type":"WebPage","@id":"https:\/\/informelitoral.com.ar\/el-presidente-anuncia-obras-de-infraestructura-cientifica-y-tecnologica-para-entre-rios\/","url":"https:\/\/informelitoral.com.ar\/el-presidente-anuncia-obras-de-infraestructura-cientifica-y-tecnologica-para-entre-rios\/","name":"El Presidente anuncia obras de infraestructura cient\u00edfica y tecnol\u00f3gica para Entre R\u00edos - Informe Litoral","isPartOf":{"@id":"https:\/\/informelitoral.com.ar\/#website"},"primaryImageOfPage":{"@id":"https:\/\/informelitoral.com.ar\/el-presidente-anuncia-obras-de-infraestructura-cientifica-y-tecnologica-para-entre-rios\/#primaryimage"},"image":{"@id":"https:\/\/informelitoral.com.ar\/el-presidente-anuncia-obras-de-infraestructura-cientifica-y-tecnologica-para-entre-rios\/#primaryimage"},"thumbnailUrl":"https:\/\/informelitoral.com.ar\/%77%70%2d%63%6f%6e%74%65%6e%74\/uploads\/2022\/07\/apfdigital_374446_tapa_2272022_105015.jpg","datePublished":"2022-07-22T14:11:57+00:00","breadcrumb":{"@id":"https:\/\/informelitoral.com.ar\/el-presidente-anuncia-obras-de-infraestructura-cientifica-y-tecnologica-para-entre-rios\/#breadcrumb"},"inLanguage":"es","potentialAction":[{"@type":"ReadAction","target":["https:\/\/informelitoral.com.ar\/el-presidente-anuncia-obras-de-infraestructura-cientifica-y-tecnologica-para-entre-rios\/"]}]},{"@type":"ImageObject","inLanguage":"es","@id":"https:\/\/informelitoral.com.ar\/el-presidente-anuncia-obras-de-infraestructura-cientifica-y-tecnologica-para-entre-rios\/#primaryimage","url":"https:\/\/informelitoral.com.ar\/%77%70%2d%63%6f%6e%74%65%6e%74\/uploads\/2022\/07\/apfdigital_374446_tapa_2272022_105015.jpg","contentUrl":"https:\/\/informelitoral.com.ar\/%77%70%2d%63%6f%6e%74%65%6e%74\/uploads\/2022\/07\/apfdigital_374446_tapa_2272022_105015.jpg","width":948,"height":632},{"@type":"BreadcrumbList","@id":"https:\/\/informelitoral.com.ar\/el-presidente-anuncia-obras-de-infraestructura-cientifica-y-tecnologica-para-entre-rios\/#breadcrumb","itemListElement":[{"@type":"ListItem","position":1,"name":"Portada","item":"https:\/\/informelitoral.com.ar\/"},{"@type":"ListItem","position":2,"name":"El Presidente anuncia obras de infraestructura cient\u00edfica y tecnol\u00f3gica para Entre R\u00edos"}]},{"@type":"WebSite","@id":"https:\/\/informelitoral.com.ar\/#website","url":"https:\/\/informelitoral.com.ar\/","name":"Informe Litoral","description":"&quot;Nos informamos&quot; ","publisher":{"@id":"https:\/\/informelitoral.com.ar\/#organization"},"potentialAction":[{"@type":"SearchAction","target":{"@type":"EntryPoint","urlTemplate":"https:\/\/informelitoral.com.ar\/?s={search_term_string}"},"query-input":{"@type":"PropertyValueSpecification","valueRequired":true,"valueName":"search_term_string"}}],"inLanguage":"es"},{"@type":"Organization","@id":"https:\/\/informelitoral.com.ar\/#organization","name":"Informe Litoral","url":"https:\/\/informelitoral.com.ar\/","logo":{"@type":"ImageObject","inLanguage":"es","@id":"https:\/\/informelitoral.com.ar\/#\/schema\/logo\/image\/","url":"https:\/\/informelitoral.com.ar\/%77%70%2d%63%6f%6e%74%65%6e%74\/uploads\/2021\/01\/circulo.png","contentUrl":"https:\/\/informelitoral.com.ar\/%77%70%2d%63%6f%6e%74%65%6e%74\/uploads\/2021\/01\/circulo.png","width":723,"height":731,"caption":"Informe Litoral"},"image":{"@id":"https:\/\/informelitoral.com.ar\/#\/schema\/logo\/image\/"},"sameAs":["https:\/\/www.facebook.com\/informelitoral\/","https:\/\/x.com\/InformeLitoral","https:\/\/www.instagram.com\/informelitoral\/","https:\/\/www.youtube.com\/channel\/UCua4Qvz8Icb6MYqhoq9xLXw"]},{"@type":"Person","@id":"https:\/\/informelitoral.com.ar\/#\/schema\/person\/f05f9f461677119578717524b127d6d5","name":"Sebastian","image":{"@type":"ImageObject","inLanguage":"es","@id":"https:\/\/secure.gravatar.com\/avatar\/b71bf7481d447dfb9583c7f2798e7cc64de6efb9067b74633ed8c31059a3bd82?s=96&d=mm&r=g","url":"https:\/\/secure.gravatar.com\/avatar\/b71bf7481d447dfb9583c7f2798e7cc64de6efb9067b74633ed8c31059a3bd82?s=96&d=mm&r=g","contentUrl":"https:\/\/secure.gravatar.com\/avatar\/b71bf7481d447dfb9583c7f2798e7cc64de6efb9067b74633ed8c31059a3bd82?s=96&d=mm&r=g","caption":"Sebastian"},"url":"https:\/\/informelitoral.com.ar\/author\/sebastian\/"}]}},"_links":{"self":[{"href":"https:\/\/informelitoral.com.ar\/%77%70%2d%6a%73%6f%6e\/wp\/v2\/posts\/82330","targetHints":{"allow":["GET"]}}],"collection":[{"href":"https:\/\/informelitoral.com.ar\/%77%70%2d%6a%73%6f%6e\/wp\/v2\/posts"}],"about":[{"href":"https:\/\/informelitoral.com.ar\/%77%70%2d%6a%73%6f%6e\/wp\/v2\/types\/post"}],"author":[{"embeddable":true,"href":"https:\/\/informelitoral.com.ar\/%77%70%2d%6a%73%6f%6e\/wp\/v2\/users\/8"}],"replies":[{"embeddable":true,"href":"https:\/\/informelitoral.com.ar\/%77%70%2d%6a%73%6f%6e\/wp\/v2\/comments?post=82330"}],"version-history":[{"count":0,"href":"https:\/\/informelitoral.com.ar\/%77%70%2d%6a%73%6f%6e\/wp\/v2\/posts\/82330\/revisions"}],"wp:featuredmedia":[{"embeddable":true,"href":"https:\/\/informelitoral.com.ar\/%77%70%2d%6a%73%6f%6e\/wp\/v2\/media\/82332"}],"wp:attachment":[{"href":"https:\/\/informelitoral.com.ar\/%77%70%2d%6a%73%6f%6e\/wp\/v2\/media?parent=82330"}],"wp:term":[{"taxonomy":"category","embeddable":true,"href":"https:\/\/informelitoral.com.ar\/%77%70%2d%6a%73%6f%6e\/wp\/v2\/categories?post=82330"},{"taxonomy":"post_tag","embeddable":true,"href":"https:\/\/informelitoral.com.ar\/%77%70%2d%6a%73%6f%6e\/wp\/v2\/tags?post=82330"}],"curies":[{"name":"wp","href":"https:\/\/api.w.org\/{rel}","templated":true}]}}