{"id":82161,"date":"2022-07-20T11:00:58","date_gmt":"2022-07-20T14:00:58","guid":{"rendered":"https:\/\/www.informelitoral.com.ar\/?p=82161"},"modified":"2022-07-20T11:00:58","modified_gmt":"2022-07-20T14:00:58","slug":"subsidios-comenzo-la-inscripcion-para-el-segundo-grupo-de-usuarios","status":"publish","type":"post","link":"https:\/\/informelitoral.com.ar\/subsidios-comenzo-la-inscripcion-para-el-segundo-grupo-de-usuarios\/","title":{"rendered":"Subsidios: comenz\u00f3 la inscripci\u00f3n para el segundo grupo de usuarios"},"content":{"rendered":"<p>El Gobierno anunci\u00f3 que 1.428.872 hogares de todo el pa\u00eds ya cargaron sus datos en el Registro de Acceso a los Subsidios de Energ\u00eda (RASE) hasta las 19:30 de ayer, que ser\u00e1n procesados en los pr\u00f3ximos d\u00edas para determinar fehacientemente cu\u00e1les conservar\u00e1n parcial o totalmente los subsidios en su tarifas de energ\u00eda el\u00e9ctrica y gas natural. Se supo que\u00a0<b>unos 32.000 entrerrianos ya completaron el formulario para acceder a los beneficios para la luz y el gas<\/b>.<\/p>\n<p>Del total de inscriptos, 57.301 hogares se encuentran comprendidos dentro de la denominada Tarifa 1, de ingresos altos, por lo que ir\u00e1n perdiendo los subsidios gradualmente.<\/p>\n<p>En tanto, 770.583 usuarios se encuentran en el rango de Tarifa 2, de ingresos bajos, que mantendr\u00e1n los subsidios; y 600.988 hogares en Tarifa 3, con ingresos medios, que tambi\u00e9n seguir\u00e1n con el beneficio de manera parcial.<\/p>\n<p>El segmento de ingresos altos -estimado en alrededor del 10% del total- son hogares que declaran reunir una o m\u00e1s de las siguientes condiciones: ingresos mensuales totales del hogar equivalentes o superiores a $348.869 (3,5 canastas b\u00e1sicas para un hogar tipo 2 seg\u00fan el Indec), ser propietarios de tres o m\u00e1s veh\u00edculos con una antig\u00fcedad menor a 5 a\u00f1os, contar con tres o m\u00e1s inmuebles, ser titular de una embarcaci\u00f3n o una aeronave de lujo, entre otras cuestiones que demuestran capacidad econ\u00f3mica plena.<\/p>\n<p><b>A partir de hoy<\/b>\u00a0y hasta el viernes pr\u00f3ximo podr\u00e1n anotarse en el RASE -a trav\u00e9s de la plataforma\u00a0<a href=\"http:\/\/www.argentina.gob.ar\/subsidios\" target=\"_blank\" rel=\"noopener\">www.argentina.gob.ar\/subsidios<\/a>\u00a0o con la aplicaci\u00f3n MiArgentina-\u00a0<b>quienes tengan documentos terminados en 3, 4 o 5<\/b>.<br \/>\n<a href=\"https:\/\/subsidios-energia.argentina.gob.ar\/\" target=\"_blank\" rel=\"noopener\">ACCED\u00c9 AL FORMULARIO<\/a><br \/>\n<i>Desde el 23 y hasta el 26 de julio ser\u00e1 el turno para los usuarios con DNI finalizados en 6, 7, 8 y 9.<\/i><\/p>\n","protected":false},"excerpt":{"rendered":"<p>M\u00e1s de 1,4 millones de hogares ya se inscribieron en el registro para seguir accediendo a subsidios. Entre ellos figuran unos 32.000 entrerrianos. Hoy comienza el tr\u00e1mite para el segundo grupo de usuarios. Qu\u00e9 tener a mano al anotarse.<\/p>\n","protected":false},"author":8,"featured_media":24481,"comment_status":"open","ping_status":"open","sticky":false,"template":"","format":"standard","meta":{"fifu_image_url":"","fifu_image_alt":"","footnotes":""},"categories":[1594],"tags":[269,3179],"class_list":{"0":"post-82161","1":"post","2":"type-post","3":"status-publish","4":"format-standard","5":"has-post-thumbnail","7":"category-economia","8":"tag-anses","9":"tag-subsidios"},"yoast_head":"<title>Subsidios: comenz\u00f3 la inscripci\u00f3n para el segundo grupo de usuarios - Informe Litoral<\/title>\n<meta name=\"robots\" content=\"index, follow, max-snippet:-1, max-image-preview:large, max-video-preview:-1\" \/>\n<link rel=\"canonical\" href=\"https:\/\/informelitoral.com.ar\/subsidios-comenzo-la-inscripcion-para-el-segundo-grupo-de-usuarios\/\" \/>\n<meta property=\"og:locale\" content=\"es_ES\" \/>\n<meta property=\"og:type\" content=\"article\" \/>\n<meta property=\"og:title\" content=\"Subsidios: comenz\u00f3 la inscripci\u00f3n para el segundo grupo de usuarios - Informe Litoral\" \/>\n<meta property=\"og:description\" content=\"M\u00e1s de 1,4 millones de hogares ya se inscribieron en el registro para seguir accediendo a subsidios. Entre ellos figuran unos 32.000 entrerrianos. Hoy comienza el tr\u00e1mite para el segundo grupo de usuarios. Qu\u00e9 tener a mano al anotarse.\" \/>\n<meta property=\"og:url\" content=\"https:\/\/informelitoral.com.ar\/subsidios-comenzo-la-inscripcion-para-el-segundo-grupo-de-usuarios\/\" \/>\n<meta property=\"og:site_name\" content=\"Informe Litoral\" \/>\n<meta property=\"article:publisher\" content=\"https:\/\/www.facebook.com\/informelitoral\/\" \/>\n<meta property=\"article:published_time\" content=\"2022-07-20T14:00:58+00:00\" \/>\n<meta property=\"og:image\" content=\"https:\/\/informelitoral.com.ar\/%77%70%2d%63%6f%6e%74%65%6e%74\/uploads\/2018\/01\/anses_39_0_0.jpg\" \/>\n\t<meta property=\"og:image:width\" content=\"1020\" \/>\n\t<meta property=\"og:image:height\" content=\"560\" \/>\n\t<meta property=\"og:image:type\" content=\"image\/jpeg\" \/>\n<meta name=\"author\" content=\"Sebastian\" \/>\n<meta name=\"twitter:card\" content=\"summary_large_image\" \/>\n<meta name=\"twitter:creator\" content=\"@InformeLitoral\" \/>\n<meta name=\"twitter:site\" content=\"@InformeLitoral\" \/>\n<meta name=\"twitter:label1\" content=\"Escrito por\" \/>\n\t<meta name=\"twitter:data1\" content=\"Sebastian\" \/>\n\t<meta name=\"twitter:label2\" content=\"Tiempo de lectura\" \/>\n\t<meta name=\"twitter:data2\" content=\"1 minuto\" \/>\n<script type=\"application\/ld+json\" class=\"yoast-schema-graph\">{\"@context\":\"https:\\\/\\\/schema.org\",\"@graph\":[{\"@type\":\"Article\",\"@id\":\"https:\\\/\\\/informelitoral.com.ar\\\/subsidios-comenzo-la-inscripcion-para-el-segundo-grupo-de-usuarios\\\/#article\",\"isPartOf\":{\"@id\":\"https:\\\/\\\/informelitoral.com.ar\\\/subsidios-comenzo-la-inscripcion-para-el-segundo-grupo-de-usuarios\\\/\"},\"author\":{\"name\":\"Sebastian\",\"@id\":\"https:\\\/\\\/informelitoral.com.ar\\\/#\\\/schema\\\/person\\\/f05f9f461677119578717524b127d6d5\"},\"headline\":\"Subsidios: comenz\u00f3 la inscripci\u00f3n para el segundo grupo de usuarios\",\"datePublished\":\"2022-07-20T14:00:58+00:00\",\"mainEntityOfPage\":{\"@id\":\"https:\\\/\\\/informelitoral.com.ar\\\/subsidios-comenzo-la-inscripcion-para-el-segundo-grupo-de-usuarios\\\/\"},\"wordCount\":303,\"commentCount\":0,\"publisher\":{\"@id\":\"https:\\\/\\\/informelitoral.com.ar\\\/#organization\"},\"image\":{\"@id\":\"https:\\\/\\\/informelitoral.com.ar\\\/subsidios-comenzo-la-inscripcion-para-el-segundo-grupo-de-usuarios\\\/#primaryimage\"},\"thumbnailUrl\":\"https:\\\/\\\/informelitoral.com.ar\\\/%77%70%2d%63%6f%6e%74%65%6e%74\\\/uploads\\\/2018\\\/01\\\/anses_39_0_0.jpg\",\"keywords\":[\"Anses\",\"subsidios\"],\"articleSection\":[\"Econom\u00eda\"],\"inLanguage\":\"es\",\"potentialAction\":[{\"@type\":\"CommentAction\",\"name\":\"Comment\",\"target\":[\"https:\\\/\\\/informelitoral.com.ar\\\/subsidios-comenzo-la-inscripcion-para-el-segundo-grupo-de-usuarios\\\/#respond\"]}]},{\"@type\":\"WebPage\",\"@id\":\"https:\\\/\\\/informelitoral.com.ar\\\/subsidios-comenzo-la-inscripcion-para-el-segundo-grupo-de-usuarios\\\/\",\"url\":\"https:\\\/\\\/informelitoral.com.ar\\\/subsidios-comenzo-la-inscripcion-para-el-segundo-grupo-de-usuarios\\\/\",\"name\":\"Subsidios: comenz\u00f3 la inscripci\u00f3n para el segundo grupo de usuarios - Informe Litoral\",\"isPartOf\":{\"@id\":\"https:\\\/\\\/informelitoral.com.ar\\\/#website\"},\"primaryImageOfPage\":{\"@id\":\"https:\\\/\\\/informelitoral.com.ar\\\/subsidios-comenzo-la-inscripcion-para-el-segundo-grupo-de-usuarios\\\/#primaryimage\"},\"image\":{\"@id\":\"https:\\\/\\\/informelitoral.com.ar\\\/subsidios-comenzo-la-inscripcion-para-el-segundo-grupo-de-usuarios\\\/#primaryimage\"},\"thumbnailUrl\":\"https:\\\/\\\/informelitoral.com.ar\\\/%77%70%2d%63%6f%6e%74%65%6e%74\\\/uploads\\\/2018\\\/01\\\/anses_39_0_0.jpg\",\"datePublished\":\"2022-07-20T14:00:58+00:00\",\"breadcrumb\":{\"@id\":\"https:\\\/\\\/informelitoral.com.ar\\\/subsidios-comenzo-la-inscripcion-para-el-segundo-grupo-de-usuarios\\\/#breadcrumb\"},\"inLanguage\":\"es\",\"potentialAction\":[{\"@type\":\"ReadAction\",\"target\":[\"https:\\\/\\\/informelitoral.com.ar\\\/subsidios-comenzo-la-inscripcion-para-el-segundo-grupo-de-usuarios\\\/\"]}]},{\"@type\":\"ImageObject\",\"inLanguage\":\"es\",\"@id\":\"https:\\\/\\\/informelitoral.com.ar\\\/subsidios-comenzo-la-inscripcion-para-el-segundo-grupo-de-usuarios\\\/#primaryimage\",\"url\":\"https:\\\/\\\/informelitoral.com.ar\\\/%77%70%2d%63%6f%6e%74%65%6e%74\\\/uploads\\\/2018\\\/01\\\/anses_39_0_0.jpg\",\"contentUrl\":\"https:\\\/\\\/informelitoral.com.ar\\\/%77%70%2d%63%6f%6e%74%65%6e%74\\\/uploads\\\/2018\\\/01\\\/anses_39_0_0.jpg\",\"width\":1020,\"height\":560},{\"@type\":\"BreadcrumbList\",\"@id\":\"https:\\\/\\\/informelitoral.com.ar\\\/subsidios-comenzo-la-inscripcion-para-el-segundo-grupo-de-usuarios\\\/#breadcrumb\",\"itemListElement\":[{\"@type\":\"ListItem\",\"position\":1,\"name\":\"Portada\",\"item\":\"https:\\\/\\\/informelitoral.com.ar\\\/\"},{\"@type\":\"ListItem\",\"position\":2,\"name\":\"Subsidios: comenz\u00f3 la inscripci\u00f3n para el segundo grupo de usuarios\"}]},{\"@type\":\"WebSite\",\"@id\":\"https:\\\/\\\/informelitoral.com.ar\\\/#website\",\"url\":\"https:\\\/\\\/informelitoral.com.ar\\\/\",\"name\":\"Informe Litoral\",\"description\":\"&quot;Nos informamos&quot; \",\"publisher\":{\"@id\":\"https:\\\/\\\/informelitoral.com.ar\\\/#organization\"},\"potentialAction\":[{\"@type\":\"SearchAction\",\"target\":{\"@type\":\"EntryPoint\",\"urlTemplate\":\"https:\\\/\\\/informelitoral.com.ar\\\/?s={search_term_string}\"},\"query-input\":{\"@type\":\"PropertyValueSpecification\",\"valueRequired\":true,\"valueName\":\"search_term_string\"}}],\"inLanguage\":\"es\"},{\"@type\":\"Organization\",\"@id\":\"https:\\\/\\\/informelitoral.com.ar\\\/#organization\",\"name\":\"Informe Litoral\",\"url\":\"https:\\\/\\\/informelitoral.com.ar\\\/\",\"logo\":{\"@type\":\"ImageObject\",\"inLanguage\":\"es\",\"@id\":\"https:\\\/\\\/informelitoral.com.ar\\\/#\\\/schema\\\/logo\\\/image\\\/\",\"url\":\"https:\\\/\\\/informelitoral.com.ar\\\/%77%70%2d%63%6f%6e%74%65%6e%74\\\/uploads\\\/2021\\\/01\\\/circulo.png\",\"contentUrl\":\"https:\\\/\\\/informelitoral.com.ar\\\/%77%70%2d%63%6f%6e%74%65%6e%74\\\/uploads\\\/2021\\\/01\\\/circulo.png\",\"width\":723,\"height\":731,\"caption\":\"Informe Litoral\"},\"image\":{\"@id\":\"https:\\\/\\\/informelitoral.com.ar\\\/#\\\/schema\\\/logo\\\/image\\\/\"},\"sameAs\":[\"https:\\\/\\\/www.facebook.com\\\/informelitoral\\\/\",\"https:\\\/\\\/x.com\\\/InformeLitoral\",\"https:\\\/\\\/www.instagram.com\\\/informelitoral\\\/\",\"https:\\\/\\\/www.youtube.com\\\/channel\\\/UCua4Qvz8Icb6MYqhoq9xLXw\"]},{\"@type\":\"Person\",\"@id\":\"https:\\\/\\\/informelitoral.com.ar\\\/#\\\/schema\\\/person\\\/f05f9f461677119578717524b127d6d5\",\"name\":\"Sebastian\",\"image\":{\"@type\":\"ImageObject\",\"inLanguage\":\"es\",\"@id\":\"https:\\\/\\\/secure.gravatar.com\\\/avatar\\\/b71bf7481d447dfb9583c7f2798e7cc64de6efb9067b74633ed8c31059a3bd82?s=96&d=mm&r=g\",\"url\":\"https:\\\/\\\/secure.gravatar.com\\\/avatar\\\/b71bf7481d447dfb9583c7f2798e7cc64de6efb9067b74633ed8c31059a3bd82?s=96&d=mm&r=g\",\"contentUrl\":\"https:\\\/\\\/secure.gravatar.com\\\/avatar\\\/b71bf7481d447dfb9583c7f2798e7cc64de6efb9067b74633ed8c31059a3bd82?s=96&d=mm&r=g\",\"caption\":\"Sebastian\"},\"url\":\"https:\\\/\\\/informelitoral.com.ar\\\/author\\\/sebastian\\\/\"}]}<\/script>","yoast_head_json":{"title":"Subsidios: comenz\u00f3 la inscripci\u00f3n para el segundo grupo de usuarios - Informe Litoral","robots":{"index":"index","follow":"follow","max-snippet":"max-snippet:-1","max-image-preview":"max-image-preview:large","max-video-preview":"max-video-preview:-1"},"canonical":"https:\/\/informelitoral.com.ar\/subsidios-comenzo-la-inscripcion-para-el-segundo-grupo-de-usuarios\/","og_locale":"es_ES","og_type":"article","og_title":"Subsidios: comenz\u00f3 la inscripci\u00f3n para el segundo grupo de usuarios - Informe Litoral","og_description":"M\u00e1s de 1,4 millones de hogares ya se inscribieron en el registro para seguir accediendo a subsidios. Entre ellos figuran unos 32.000 entrerrianos. Hoy comienza el tr\u00e1mite para el segundo grupo de usuarios. Qu\u00e9 tener a mano al anotarse.","og_url":"https:\/\/informelitoral.com.ar\/subsidios-comenzo-la-inscripcion-para-el-segundo-grupo-de-usuarios\/","og_site_name":"Informe Litoral","article_publisher":"https:\/\/www.facebook.com\/informelitoral\/","article_published_time":"2022-07-20T14:00:58+00:00","og_image":[{"width":1020,"height":560,"url":"https:\/\/informelitoral.com.ar\/%77%70%2d%63%6f%6e%74%65%6e%74\/uploads\/2018\/01\/anses_39_0_0.jpg","type":"image\/jpeg"}],"author":"Sebastian","twitter_card":"summary_large_image","twitter_creator":"@InformeLitoral","twitter_site":"@InformeLitoral","twitter_misc":{"Escrito por":"Sebastian","Tiempo de lectura":"1 minuto"},"schema":{"@context":"https:\/\/schema.org","@graph":[{"@type":"Article","@id":"https:\/\/informelitoral.com.ar\/subsidios-comenzo-la-inscripcion-para-el-segundo-grupo-de-usuarios\/#article","isPartOf":{"@id":"https:\/\/informelitoral.com.ar\/subsidios-comenzo-la-inscripcion-para-el-segundo-grupo-de-usuarios\/"},"author":{"name":"Sebastian","@id":"https:\/\/informelitoral.com.ar\/#\/schema\/person\/f05f9f461677119578717524b127d6d5"},"headline":"Subsidios: comenz\u00f3 la inscripci\u00f3n para el segundo grupo de usuarios","datePublished":"2022-07-20T14:00:58+00:00","mainEntityOfPage":{"@id":"https:\/\/informelitoral.com.ar\/subsidios-comenzo-la-inscripcion-para-el-segundo-grupo-de-usuarios\/"},"wordCount":303,"commentCount":0,"publisher":{"@id":"https:\/\/informelitoral.com.ar\/#organization"},"image":{"@id":"https:\/\/informelitoral.com.ar\/subsidios-comenzo-la-inscripcion-para-el-segundo-grupo-de-usuarios\/#primaryimage"},"thumbnailUrl":"https:\/\/informelitoral.com.ar\/%77%70%2d%63%6f%6e%74%65%6e%74\/uploads\/2018\/01\/anses_39_0_0.jpg","keywords":["Anses","subsidios"],"articleSection":["Econom\u00eda"],"inLanguage":"es","potentialAction":[{"@type":"CommentAction","name":"Comment","target":["https:\/\/informelitoral.com.ar\/subsidios-comenzo-la-inscripcion-para-el-segundo-grupo-de-usuarios\/#respond"]}]},{"@type":"WebPage","@id":"https:\/\/informelitoral.com.ar\/subsidios-comenzo-la-inscripcion-para-el-segundo-grupo-de-usuarios\/","url":"https:\/\/informelitoral.com.ar\/subsidios-comenzo-la-inscripcion-para-el-segundo-grupo-de-usuarios\/","name":"Subsidios: comenz\u00f3 la inscripci\u00f3n para el segundo grupo de usuarios - Informe Litoral","isPartOf":{"@id":"https:\/\/informelitoral.com.ar\/#website"},"primaryImageOfPage":{"@id":"https:\/\/informelitoral.com.ar\/subsidios-comenzo-la-inscripcion-para-el-segundo-grupo-de-usuarios\/#primaryimage"},"image":{"@id":"https:\/\/informelitoral.com.ar\/subsidios-comenzo-la-inscripcion-para-el-segundo-grupo-de-usuarios\/#primaryimage"},"thumbnailUrl":"https:\/\/informelitoral.com.ar\/%77%70%2d%63%6f%6e%74%65%6e%74\/uploads\/2018\/01\/anses_39_0_0.jpg","datePublished":"2022-07-20T14:00:58+00:00","breadcrumb":{"@id":"https:\/\/informelitoral.com.ar\/subsidios-comenzo-la-inscripcion-para-el-segundo-grupo-de-usuarios\/#breadcrumb"},"inLanguage":"es","potentialAction":[{"@type":"ReadAction","target":["https:\/\/informelitoral.com.ar\/subsidios-comenzo-la-inscripcion-para-el-segundo-grupo-de-usuarios\/"]}]},{"@type":"ImageObject","inLanguage":"es","@id":"https:\/\/informelitoral.com.ar\/subsidios-comenzo-la-inscripcion-para-el-segundo-grupo-de-usuarios\/#primaryimage","url":"https:\/\/informelitoral.com.ar\/%77%70%2d%63%6f%6e%74%65%6e%74\/uploads\/2018\/01\/anses_39_0_0.jpg","contentUrl":"https:\/\/informelitoral.com.ar\/%77%70%2d%63%6f%6e%74%65%6e%74\/uploads\/2018\/01\/anses_39_0_0.jpg","width":1020,"height":560},{"@type":"BreadcrumbList","@id":"https:\/\/informelitoral.com.ar\/subsidios-comenzo-la-inscripcion-para-el-segundo-grupo-de-usuarios\/#breadcrumb","itemListElement":[{"@type":"ListItem","position":1,"name":"Portada","item":"https:\/\/informelitoral.com.ar\/"},{"@type":"ListItem","position":2,"name":"Subsidios: comenz\u00f3 la inscripci\u00f3n para el segundo grupo de usuarios"}]},{"@type":"WebSite","@id":"https:\/\/informelitoral.com.ar\/#website","url":"https:\/\/informelitoral.com.ar\/","name":"Informe Litoral","description":"&quot;Nos informamos&quot; ","publisher":{"@id":"https:\/\/informelitoral.com.ar\/#organization"},"potentialAction":[{"@type":"SearchAction","target":{"@type":"EntryPoint","urlTemplate":"https:\/\/informelitoral.com.ar\/?s={search_term_string}"},"query-input":{"@type":"PropertyValueSpecification","valueRequired":true,"valueName":"search_term_string"}}],"inLanguage":"es"},{"@type":"Organization","@id":"https:\/\/informelitoral.com.ar\/#organization","name":"Informe Litoral","url":"https:\/\/informelitoral.com.ar\/","logo":{"@type":"ImageObject","inLanguage":"es","@id":"https:\/\/informelitoral.com.ar\/#\/schema\/logo\/image\/","url":"https:\/\/informelitoral.com.ar\/%77%70%2d%63%6f%6e%74%65%6e%74\/uploads\/2021\/01\/circulo.png","contentUrl":"https:\/\/informelitoral.com.ar\/%77%70%2d%63%6f%6e%74%65%6e%74\/uploads\/2021\/01\/circulo.png","width":723,"height":731,"caption":"Informe Litoral"},"image":{"@id":"https:\/\/informelitoral.com.ar\/#\/schema\/logo\/image\/"},"sameAs":["https:\/\/www.facebook.com\/informelitoral\/","https:\/\/x.com\/InformeLitoral","https:\/\/www.instagram.com\/informelitoral\/","https:\/\/www.youtube.com\/channel\/UCua4Qvz8Icb6MYqhoq9xLXw"]},{"@type":"Person","@id":"https:\/\/informelitoral.com.ar\/#\/schema\/person\/f05f9f461677119578717524b127d6d5","name":"Sebastian","image":{"@type":"ImageObject","inLanguage":"es","@id":"https:\/\/secure.gravatar.com\/avatar\/b71bf7481d447dfb9583c7f2798e7cc64de6efb9067b74633ed8c31059a3bd82?s=96&d=mm&r=g","url":"https:\/\/secure.gravatar.com\/avatar\/b71bf7481d447dfb9583c7f2798e7cc64de6efb9067b74633ed8c31059a3bd82?s=96&d=mm&r=g","contentUrl":"https:\/\/secure.gravatar.com\/avatar\/b71bf7481d447dfb9583c7f2798e7cc64de6efb9067b74633ed8c31059a3bd82?s=96&d=mm&r=g","caption":"Sebastian"},"url":"https:\/\/informelitoral.com.ar\/author\/sebastian\/"}]}},"_links":{"self":[{"href":"https:\/\/informelitoral.com.ar\/%77%70%2d%6a%73%6f%6e\/wp\/v2\/posts\/82161","targetHints":{"allow":["GET"]}}],"collection":[{"href":"https:\/\/informelitoral.com.ar\/%77%70%2d%6a%73%6f%6e\/wp\/v2\/posts"}],"about":[{"href":"https:\/\/informelitoral.com.ar\/%77%70%2d%6a%73%6f%6e\/wp\/v2\/types\/post"}],"author":[{"embeddable":true,"href":"https:\/\/informelitoral.com.ar\/%77%70%2d%6a%73%6f%6e\/wp\/v2\/users\/8"}],"replies":[{"embeddable":true,"href":"https:\/\/informelitoral.com.ar\/%77%70%2d%6a%73%6f%6e\/wp\/v2\/comments?post=82161"}],"version-history":[{"count":0,"href":"https:\/\/informelitoral.com.ar\/%77%70%2d%6a%73%6f%6e\/wp\/v2\/posts\/82161\/revisions"}],"wp:featuredmedia":[{"embeddable":true,"href":"https:\/\/informelitoral.com.ar\/%77%70%2d%6a%73%6f%6e\/wp\/v2\/media\/24481"}],"wp:attachment":[{"href":"https:\/\/informelitoral.com.ar\/%77%70%2d%6a%73%6f%6e\/wp\/v2\/media?parent=82161"}],"wp:term":[{"taxonomy":"category","embeddable":true,"href":"https:\/\/informelitoral.com.ar\/%77%70%2d%6a%73%6f%6e\/wp\/v2\/categories?post=82161"},{"taxonomy":"post_tag","embeddable":true,"href":"https:\/\/informelitoral.com.ar\/%77%70%2d%6a%73%6f%6e\/wp\/v2\/tags?post=82161"}],"curies":[{"name":"wp","href":"https:\/\/api.w.org\/{rel}","templated":true}]}}