{"id":82131,"date":"2022-07-20T08:35:29","date_gmt":"2022-07-20T11:35:29","guid":{"rendered":"https:\/\/www.informelitoral.com.ar\/?p=82131"},"modified":"2022-07-20T08:35:29","modified_gmt":"2022-07-20T11:35:29","slug":"bordet-revelo-que-el-empleo-privado-crecio-31-por-ciento-en-entre-rios","status":"publish","type":"post","link":"https:\/\/informelitoral.com.ar\/bordet-revelo-que-el-empleo-privado-crecio-31-por-ciento-en-entre-rios\/","title":{"rendered":"Bordet revel\u00f3 que el empleo privado creci\u00f3 3,1 por ciento en Entre R\u00edos"},"content":{"rendered":"<p>\u201cEl nivel de desarrollo y de empleo est\u00e1 creciendo, al punto tal que el desempleo marca una curva de descenso\u201d, expres\u00f3 Bordet, y sostuvo que \u201chay dificultades coyunturales que est\u00e1n a la vista. Hay una inflaci\u00f3n mundial que en Argentina es m\u00e1s marcada. Claramente es el principal problema que tiene hoy, quiz\u00e1s, nuestro pa\u00eds. Pero hay crecimiento econ\u00f3mico a pesar de que hay inflaci\u00f3n\u201d, acot\u00f3.<\/p>\n<p>Tras enumerar los indicadores de la econom\u00eda nacional que expresan ese an\u00e1lisis, subray\u00f3 que el crecimiento de la actividad econ\u00f3mica tambi\u00e9n se ve reflejado en las recaudaciones provinciales, y puso de relieve que para las vacaciones de invierno \u201cen Entre R\u00edos esperamos 600.000 turistas, una cantidad r\u00e9cord, un movimiento realmente muy importante\u201d.<\/p>\n<p>Luego describi\u00f3 que \u201clas econom\u00edas regionales de Entre R\u00edos, si bien no est\u00e1n en el mejor de los mundos, registran niveles de rentabilidad aceptables\u201d, e indic\u00f3 que, como consecuencia de ello, \u201cel empleo privado en la provincia de Entre R\u00edos, creci\u00f3 3,1 por ciento\u201d en el \u00faltimo a\u00f1o.<\/p>\n<p>Tambi\u00e9n se refiri\u00f3 a la reuni\u00f3n que mantendr\u00e1 con la ministra de Econom\u00eda, Silvina Batakis, y reiter\u00f3 el apoyo de los gobernadores a la titular de la cartera econ\u00f3mica. Coincidi\u00f3 con que \u201ces fundamental\u201d reducir el d\u00e9ficit fiscal, \u201cporque es elemental tener cuentas p\u00fablicas saludables para poder llevar adelante la gesti\u00f3n de gobierno\u201d.<\/p>\n<p>\u201cA m\u00ed me cost\u00f3 mucho tener una situaci\u00f3n fiscal s\u00f3lida como tiene hoy la provincia, que permite cumplir con las obligaciones, presupuestar, asignar recursos, programar, planificar\u201d, record\u00f3 el mandatario provincial. \u201cEs clave el equilibrio fiscal, tener las cuentas en cero, porque el super\u00e1vit fiscal tampoco es bueno, significa que hay acciones de gobierno que no se est\u00e1n ejecutando\u201d, continu\u00f3.<\/p>\n<p>Desaf\u00edos<\/p>\n<p>Si bien reconoci\u00f3 las dificultades que atraviesa la econom\u00eda argentina, Bordet descart\u00f3 que el pa\u00eds est\u00e9 en una crisis como la que sucedi\u00f3 a principios del 2000. Explic\u00f3 que \u201ccon un programa econ\u00f3mico que pueda morigerar y controlar la inflaci\u00f3n, que logre confianza, interna y externa, en las variables econ\u00f3micas, se puede encaminar el pa\u00eds\u201d.<\/p>\n<p>\u201cEs el principal desaf\u00edo que tiene no s\u00f3lo el gobierno sino la Argentina, porque es algo estructural que se ha incrementado en los \u00faltimos a\u00f1os\u201d, concluy\u00f3 el mandatario entrerriano.<\/p>\n","protected":false},"excerpt":{"rendered":"<p>El gobernador Gustavo Bordet dio a conocer que en el \u00faltimo a\u00f1o el empleo privado de la provincia creci\u00f3 3,1 por ciento. Tambi\u00e9n explic\u00f3 que, m\u00e1s all\u00e1 de dificultades coyunturales, en el pa\u00eds \u201chay crecimiento econ\u00f3mico\u201d, y describi\u00f3 los desaf\u00edos que enfrenta Argentina.<\/p>\n","protected":false},"author":8,"featured_media":82132,"comment_status":"open","ping_status":"open","sticky":false,"template":"","format":"standard","meta":{"fifu_image_url":"","fifu_image_alt":"","footnotes":""},"categories":[6],"tags":[3831,167],"class_list":{"0":"post-82131","1":"post","2":"type-post","3":"status-publish","4":"format-standard","5":"has-post-thumbnail","7":"category-entre-rios","8":"tag-empleo-privado","9":"tag-gustavo-bordet"},"yoast_head":"<title>Bordet revel\u00f3 que el empleo privado creci\u00f3 3,1 por ciento en Entre R\u00edos - Informe Litoral<\/title>\n<meta name=\"robots\" content=\"index, follow, max-snippet:-1, max-image-preview:large, max-video-preview:-1\" \/>\n<link rel=\"canonical\" href=\"https:\/\/informelitoral.com.ar\/bordet-revelo-que-el-empleo-privado-crecio-31-por-ciento-en-entre-rios\/\" \/>\n<meta property=\"og:locale\" content=\"es_ES\" \/>\n<meta property=\"og:type\" content=\"article\" \/>\n<meta property=\"og:title\" content=\"Bordet revel\u00f3 que el empleo privado creci\u00f3 3,1 por ciento en Entre R\u00edos - Informe Litoral\" \/>\n<meta property=\"og:description\" content=\"El gobernador Gustavo Bordet dio a conocer que en el \u00faltimo a\u00f1o el empleo privado de la provincia creci\u00f3 3,1 por ciento. Tambi\u00e9n explic\u00f3 que, m\u00e1s all\u00e1 de dificultades coyunturales, en el pa\u00eds \u201chay crecimiento econ\u00f3mico\u201d, y describi\u00f3 los desaf\u00edos que enfrenta Argentina.\" \/>\n<meta property=\"og:url\" content=\"https:\/\/informelitoral.com.ar\/bordet-revelo-que-el-empleo-privado-crecio-31-por-ciento-en-entre-rios\/\" \/>\n<meta property=\"og:site_name\" content=\"Informe Litoral\" \/>\n<meta property=\"article:publisher\" content=\"https:\/\/www.facebook.com\/informelitoral\/\" \/>\n<meta property=\"article:published_time\" content=\"2022-07-20T11:35:29+00:00\" \/>\n<meta property=\"og:image\" content=\"https:\/\/informelitoral.com.ar\/%77%70%2d%63%6f%6e%74%65%6e%74\/uploads\/2022\/07\/p_1658246104.jpg\" \/>\n\t<meta property=\"og:image:width\" content=\"1920\" \/>\n\t<meta property=\"og:image:height\" content=\"800\" \/>\n\t<meta property=\"og:image:type\" content=\"image\/jpeg\" \/>\n<meta name=\"author\" content=\"Sebastian\" \/>\n<meta name=\"twitter:card\" content=\"summary_large_image\" \/>\n<meta name=\"twitter:creator\" content=\"@InformeLitoral\" \/>\n<meta name=\"twitter:site\" content=\"@InformeLitoral\" \/>\n<meta name=\"twitter:label1\" content=\"Escrito por\" \/>\n\t<meta name=\"twitter:data1\" content=\"Sebastian\" \/>\n\t<meta name=\"twitter:label2\" content=\"Tiempo de lectura\" \/>\n\t<meta name=\"twitter:data2\" content=\"2 minutos\" \/>\n<script type=\"application\/ld+json\" class=\"yoast-schema-graph\">{\"@context\":\"https:\\\/\\\/schema.org\",\"@graph\":[{\"@type\":\"Article\",\"@id\":\"https:\\\/\\\/informelitoral.com.ar\\\/bordet-revelo-que-el-empleo-privado-crecio-31-por-ciento-en-entre-rios\\\/#article\",\"isPartOf\":{\"@id\":\"https:\\\/\\\/informelitoral.com.ar\\\/bordet-revelo-que-el-empleo-privado-crecio-31-por-ciento-en-entre-rios\\\/\"},\"author\":{\"name\":\"Sebastian\",\"@id\":\"https:\\\/\\\/informelitoral.com.ar\\\/#\\\/schema\\\/person\\\/f05f9f461677119578717524b127d6d5\"},\"headline\":\"Bordet revel\u00f3 que el empleo privado creci\u00f3 3,1 por ciento en Entre R\u00edos\",\"datePublished\":\"2022-07-20T11:35:29+00:00\",\"mainEntityOfPage\":{\"@id\":\"https:\\\/\\\/informelitoral.com.ar\\\/bordet-revelo-que-el-empleo-privado-crecio-31-por-ciento-en-entre-rios\\\/\"},\"wordCount\":411,\"commentCount\":0,\"publisher\":{\"@id\":\"https:\\\/\\\/informelitoral.com.ar\\\/#organization\"},\"image\":{\"@id\":\"https:\\\/\\\/informelitoral.com.ar\\\/bordet-revelo-que-el-empleo-privado-crecio-31-por-ciento-en-entre-rios\\\/#primaryimage\"},\"thumbnailUrl\":\"https:\\\/\\\/informelitoral.com.ar\\\/%77%70%2d%63%6f%6e%74%65%6e%74\\\/uploads\\\/2022\\\/07\\\/p_1658246104.jpg\",\"keywords\":[\"Empleo privado\",\"Gustavo Bordet\"],\"articleSection\":[\"Entre R\u00edos\"],\"inLanguage\":\"es\",\"potentialAction\":[{\"@type\":\"CommentAction\",\"name\":\"Comment\",\"target\":[\"https:\\\/\\\/informelitoral.com.ar\\\/bordet-revelo-que-el-empleo-privado-crecio-31-por-ciento-en-entre-rios\\\/#respond\"]}]},{\"@type\":\"WebPage\",\"@id\":\"https:\\\/\\\/informelitoral.com.ar\\\/bordet-revelo-que-el-empleo-privado-crecio-31-por-ciento-en-entre-rios\\\/\",\"url\":\"https:\\\/\\\/informelitoral.com.ar\\\/bordet-revelo-que-el-empleo-privado-crecio-31-por-ciento-en-entre-rios\\\/\",\"name\":\"Bordet revel\u00f3 que el empleo privado creci\u00f3 3,1 por ciento en Entre R\u00edos - Informe Litoral\",\"isPartOf\":{\"@id\":\"https:\\\/\\\/informelitoral.com.ar\\\/#website\"},\"primaryImageOfPage\":{\"@id\":\"https:\\\/\\\/informelitoral.com.ar\\\/bordet-revelo-que-el-empleo-privado-crecio-31-por-ciento-en-entre-rios\\\/#primaryimage\"},\"image\":{\"@id\":\"https:\\\/\\\/informelitoral.com.ar\\\/bordet-revelo-que-el-empleo-privado-crecio-31-por-ciento-en-entre-rios\\\/#primaryimage\"},\"thumbnailUrl\":\"https:\\\/\\\/informelitoral.com.ar\\\/%77%70%2d%63%6f%6e%74%65%6e%74\\\/uploads\\\/2022\\\/07\\\/p_1658246104.jpg\",\"datePublished\":\"2022-07-20T11:35:29+00:00\",\"breadcrumb\":{\"@id\":\"https:\\\/\\\/informelitoral.com.ar\\\/bordet-revelo-que-el-empleo-privado-crecio-31-por-ciento-en-entre-rios\\\/#breadcrumb\"},\"inLanguage\":\"es\",\"potentialAction\":[{\"@type\":\"ReadAction\",\"target\":[\"https:\\\/\\\/informelitoral.com.ar\\\/bordet-revelo-que-el-empleo-privado-crecio-31-por-ciento-en-entre-rios\\\/\"]}]},{\"@type\":\"ImageObject\",\"inLanguage\":\"es\",\"@id\":\"https:\\\/\\\/informelitoral.com.ar\\\/bordet-revelo-que-el-empleo-privado-crecio-31-por-ciento-en-entre-rios\\\/#primaryimage\",\"url\":\"https:\\\/\\\/informelitoral.com.ar\\\/%77%70%2d%63%6f%6e%74%65%6e%74\\\/uploads\\\/2022\\\/07\\\/p_1658246104.jpg\",\"contentUrl\":\"https:\\\/\\\/informelitoral.com.ar\\\/%77%70%2d%63%6f%6e%74%65%6e%74\\\/uploads\\\/2022\\\/07\\\/p_1658246104.jpg\",\"width\":1920,\"height\":800},{\"@type\":\"BreadcrumbList\",\"@id\":\"https:\\\/\\\/informelitoral.com.ar\\\/bordet-revelo-que-el-empleo-privado-crecio-31-por-ciento-en-entre-rios\\\/#breadcrumb\",\"itemListElement\":[{\"@type\":\"ListItem\",\"position\":1,\"name\":\"Portada\",\"item\":\"https:\\\/\\\/informelitoral.com.ar\\\/\"},{\"@type\":\"ListItem\",\"position\":2,\"name\":\"Bordet revel\u00f3 que el empleo privado creci\u00f3 3,1 por ciento en Entre R\u00edos\"}]},{\"@type\":\"WebSite\",\"@id\":\"https:\\\/\\\/informelitoral.com.ar\\\/#website\",\"url\":\"https:\\\/\\\/informelitoral.com.ar\\\/\",\"name\":\"Informe Litoral\",\"description\":\"&quot;Nos informamos&quot; \",\"publisher\":{\"@id\":\"https:\\\/\\\/informelitoral.com.ar\\\/#organization\"},\"potentialAction\":[{\"@type\":\"SearchAction\",\"target\":{\"@type\":\"EntryPoint\",\"urlTemplate\":\"https:\\\/\\\/informelitoral.com.ar\\\/?s={search_term_string}\"},\"query-input\":{\"@type\":\"PropertyValueSpecification\",\"valueRequired\":true,\"valueName\":\"search_term_string\"}}],\"inLanguage\":\"es\"},{\"@type\":\"Organization\",\"@id\":\"https:\\\/\\\/informelitoral.com.ar\\\/#organization\",\"name\":\"Informe Litoral\",\"url\":\"https:\\\/\\\/informelitoral.com.ar\\\/\",\"logo\":{\"@type\":\"ImageObject\",\"inLanguage\":\"es\",\"@id\":\"https:\\\/\\\/informelitoral.com.ar\\\/#\\\/schema\\\/logo\\\/image\\\/\",\"url\":\"https:\\\/\\\/informelitoral.com.ar\\\/%77%70%2d%63%6f%6e%74%65%6e%74\\\/uploads\\\/2021\\\/01\\\/circulo.png\",\"contentUrl\":\"https:\\\/\\\/informelitoral.com.ar\\\/%77%70%2d%63%6f%6e%74%65%6e%74\\\/uploads\\\/2021\\\/01\\\/circulo.png\",\"width\":723,\"height\":731,\"caption\":\"Informe Litoral\"},\"image\":{\"@id\":\"https:\\\/\\\/informelitoral.com.ar\\\/#\\\/schema\\\/logo\\\/image\\\/\"},\"sameAs\":[\"https:\\\/\\\/www.facebook.com\\\/informelitoral\\\/\",\"https:\\\/\\\/x.com\\\/InformeLitoral\",\"https:\\\/\\\/www.instagram.com\\\/informelitoral\\\/\",\"https:\\\/\\\/www.youtube.com\\\/channel\\\/UCua4Qvz8Icb6MYqhoq9xLXw\"]},{\"@type\":\"Person\",\"@id\":\"https:\\\/\\\/informelitoral.com.ar\\\/#\\\/schema\\\/person\\\/f05f9f461677119578717524b127d6d5\",\"name\":\"Sebastian\",\"image\":{\"@type\":\"ImageObject\",\"inLanguage\":\"es\",\"@id\":\"https:\\\/\\\/secure.gravatar.com\\\/avatar\\\/b71bf7481d447dfb9583c7f2798e7cc64de6efb9067b74633ed8c31059a3bd82?s=96&d=mm&r=g\",\"url\":\"https:\\\/\\\/secure.gravatar.com\\\/avatar\\\/b71bf7481d447dfb9583c7f2798e7cc64de6efb9067b74633ed8c31059a3bd82?s=96&d=mm&r=g\",\"contentUrl\":\"https:\\\/\\\/secure.gravatar.com\\\/avatar\\\/b71bf7481d447dfb9583c7f2798e7cc64de6efb9067b74633ed8c31059a3bd82?s=96&d=mm&r=g\",\"caption\":\"Sebastian\"},\"url\":\"https:\\\/\\\/informelitoral.com.ar\\\/author\\\/sebastian\\\/\"}]}<\/script>","yoast_head_json":{"title":"Bordet revel\u00f3 que el empleo privado creci\u00f3 3,1 por ciento en Entre R\u00edos - Informe Litoral","robots":{"index":"index","follow":"follow","max-snippet":"max-snippet:-1","max-image-preview":"max-image-preview:large","max-video-preview":"max-video-preview:-1"},"canonical":"https:\/\/informelitoral.com.ar\/bordet-revelo-que-el-empleo-privado-crecio-31-por-ciento-en-entre-rios\/","og_locale":"es_ES","og_type":"article","og_title":"Bordet revel\u00f3 que el empleo privado creci\u00f3 3,1 por ciento en Entre R\u00edos - Informe Litoral","og_description":"El gobernador Gustavo Bordet dio a conocer que en el \u00faltimo a\u00f1o el empleo privado de la provincia creci\u00f3 3,1 por ciento. Tambi\u00e9n explic\u00f3 que, m\u00e1s all\u00e1 de dificultades coyunturales, en el pa\u00eds \u201chay crecimiento econ\u00f3mico\u201d, y describi\u00f3 los desaf\u00edos que enfrenta Argentina.","og_url":"https:\/\/informelitoral.com.ar\/bordet-revelo-que-el-empleo-privado-crecio-31-por-ciento-en-entre-rios\/","og_site_name":"Informe Litoral","article_publisher":"https:\/\/www.facebook.com\/informelitoral\/","article_published_time":"2022-07-20T11:35:29+00:00","og_image":[{"width":1920,"height":800,"url":"https:\/\/informelitoral.com.ar\/%77%70%2d%63%6f%6e%74%65%6e%74\/uploads\/2022\/07\/p_1658246104.jpg","type":"image\/jpeg"}],"author":"Sebastian","twitter_card":"summary_large_image","twitter_creator":"@InformeLitoral","twitter_site":"@InformeLitoral","twitter_misc":{"Escrito por":"Sebastian","Tiempo de lectura":"2 minutos"},"schema":{"@context":"https:\/\/schema.org","@graph":[{"@type":"Article","@id":"https:\/\/informelitoral.com.ar\/bordet-revelo-que-el-empleo-privado-crecio-31-por-ciento-en-entre-rios\/#article","isPartOf":{"@id":"https:\/\/informelitoral.com.ar\/bordet-revelo-que-el-empleo-privado-crecio-31-por-ciento-en-entre-rios\/"},"author":{"name":"Sebastian","@id":"https:\/\/informelitoral.com.ar\/#\/schema\/person\/f05f9f461677119578717524b127d6d5"},"headline":"Bordet revel\u00f3 que el empleo privado creci\u00f3 3,1 por ciento en Entre R\u00edos","datePublished":"2022-07-20T11:35:29+00:00","mainEntityOfPage":{"@id":"https:\/\/informelitoral.com.ar\/bordet-revelo-que-el-empleo-privado-crecio-31-por-ciento-en-entre-rios\/"},"wordCount":411,"commentCount":0,"publisher":{"@id":"https:\/\/informelitoral.com.ar\/#organization"},"image":{"@id":"https:\/\/informelitoral.com.ar\/bordet-revelo-que-el-empleo-privado-crecio-31-por-ciento-en-entre-rios\/#primaryimage"},"thumbnailUrl":"https:\/\/informelitoral.com.ar\/%77%70%2d%63%6f%6e%74%65%6e%74\/uploads\/2022\/07\/p_1658246104.jpg","keywords":["Empleo privado","Gustavo Bordet"],"articleSection":["Entre R\u00edos"],"inLanguage":"es","potentialAction":[{"@type":"CommentAction","name":"Comment","target":["https:\/\/informelitoral.com.ar\/bordet-revelo-que-el-empleo-privado-crecio-31-por-ciento-en-entre-rios\/#respond"]}]},{"@type":"WebPage","@id":"https:\/\/informelitoral.com.ar\/bordet-revelo-que-el-empleo-privado-crecio-31-por-ciento-en-entre-rios\/","url":"https:\/\/informelitoral.com.ar\/bordet-revelo-que-el-empleo-privado-crecio-31-por-ciento-en-entre-rios\/","name":"Bordet revel\u00f3 que el empleo privado creci\u00f3 3,1 por ciento en Entre R\u00edos - Informe Litoral","isPartOf":{"@id":"https:\/\/informelitoral.com.ar\/#website"},"primaryImageOfPage":{"@id":"https:\/\/informelitoral.com.ar\/bordet-revelo-que-el-empleo-privado-crecio-31-por-ciento-en-entre-rios\/#primaryimage"},"image":{"@id":"https:\/\/informelitoral.com.ar\/bordet-revelo-que-el-empleo-privado-crecio-31-por-ciento-en-entre-rios\/#primaryimage"},"thumbnailUrl":"https:\/\/informelitoral.com.ar\/%77%70%2d%63%6f%6e%74%65%6e%74\/uploads\/2022\/07\/p_1658246104.jpg","datePublished":"2022-07-20T11:35:29+00:00","breadcrumb":{"@id":"https:\/\/informelitoral.com.ar\/bordet-revelo-que-el-empleo-privado-crecio-31-por-ciento-en-entre-rios\/#breadcrumb"},"inLanguage":"es","potentialAction":[{"@type":"ReadAction","target":["https:\/\/informelitoral.com.ar\/bordet-revelo-que-el-empleo-privado-crecio-31-por-ciento-en-entre-rios\/"]}]},{"@type":"ImageObject","inLanguage":"es","@id":"https:\/\/informelitoral.com.ar\/bordet-revelo-que-el-empleo-privado-crecio-31-por-ciento-en-entre-rios\/#primaryimage","url":"https:\/\/informelitoral.com.ar\/%77%70%2d%63%6f%6e%74%65%6e%74\/uploads\/2022\/07\/p_1658246104.jpg","contentUrl":"https:\/\/informelitoral.com.ar\/%77%70%2d%63%6f%6e%74%65%6e%74\/uploads\/2022\/07\/p_1658246104.jpg","width":1920,"height":800},{"@type":"BreadcrumbList","@id":"https:\/\/informelitoral.com.ar\/bordet-revelo-que-el-empleo-privado-crecio-31-por-ciento-en-entre-rios\/#breadcrumb","itemListElement":[{"@type":"ListItem","position":1,"name":"Portada","item":"https:\/\/informelitoral.com.ar\/"},{"@type":"ListItem","position":2,"name":"Bordet revel\u00f3 que el empleo privado creci\u00f3 3,1 por ciento en Entre R\u00edos"}]},{"@type":"WebSite","@id":"https:\/\/informelitoral.com.ar\/#website","url":"https:\/\/informelitoral.com.ar\/","name":"Informe Litoral","description":"&quot;Nos informamos&quot; ","publisher":{"@id":"https:\/\/informelitoral.com.ar\/#organization"},"potentialAction":[{"@type":"SearchAction","target":{"@type":"EntryPoint","urlTemplate":"https:\/\/informelitoral.com.ar\/?s={search_term_string}"},"query-input":{"@type":"PropertyValueSpecification","valueRequired":true,"valueName":"search_term_string"}}],"inLanguage":"es"},{"@type":"Organization","@id":"https:\/\/informelitoral.com.ar\/#organization","name":"Informe Litoral","url":"https:\/\/informelitoral.com.ar\/","logo":{"@type":"ImageObject","inLanguage":"es","@id":"https:\/\/informelitoral.com.ar\/#\/schema\/logo\/image\/","url":"https:\/\/informelitoral.com.ar\/%77%70%2d%63%6f%6e%74%65%6e%74\/uploads\/2021\/01\/circulo.png","contentUrl":"https:\/\/informelitoral.com.ar\/%77%70%2d%63%6f%6e%74%65%6e%74\/uploads\/2021\/01\/circulo.png","width":723,"height":731,"caption":"Informe Litoral"},"image":{"@id":"https:\/\/informelitoral.com.ar\/#\/schema\/logo\/image\/"},"sameAs":["https:\/\/www.facebook.com\/informelitoral\/","https:\/\/x.com\/InformeLitoral","https:\/\/www.instagram.com\/informelitoral\/","https:\/\/www.youtube.com\/channel\/UCua4Qvz8Icb6MYqhoq9xLXw"]},{"@type":"Person","@id":"https:\/\/informelitoral.com.ar\/#\/schema\/person\/f05f9f461677119578717524b127d6d5","name":"Sebastian","image":{"@type":"ImageObject","inLanguage":"es","@id":"https:\/\/secure.gravatar.com\/avatar\/b71bf7481d447dfb9583c7f2798e7cc64de6efb9067b74633ed8c31059a3bd82?s=96&d=mm&r=g","url":"https:\/\/secure.gravatar.com\/avatar\/b71bf7481d447dfb9583c7f2798e7cc64de6efb9067b74633ed8c31059a3bd82?s=96&d=mm&r=g","contentUrl":"https:\/\/secure.gravatar.com\/avatar\/b71bf7481d447dfb9583c7f2798e7cc64de6efb9067b74633ed8c31059a3bd82?s=96&d=mm&r=g","caption":"Sebastian"},"url":"https:\/\/informelitoral.com.ar\/author\/sebastian\/"}]}},"_links":{"self":[{"href":"https:\/\/informelitoral.com.ar\/%77%70%2d%6a%73%6f%6e\/wp\/v2\/posts\/82131","targetHints":{"allow":["GET"]}}],"collection":[{"href":"https:\/\/informelitoral.com.ar\/%77%70%2d%6a%73%6f%6e\/wp\/v2\/posts"}],"about":[{"href":"https:\/\/informelitoral.com.ar\/%77%70%2d%6a%73%6f%6e\/wp\/v2\/types\/post"}],"author":[{"embeddable":true,"href":"https:\/\/informelitoral.com.ar\/%77%70%2d%6a%73%6f%6e\/wp\/v2\/users\/8"}],"replies":[{"embeddable":true,"href":"https:\/\/informelitoral.com.ar\/%77%70%2d%6a%73%6f%6e\/wp\/v2\/comments?post=82131"}],"version-history":[{"count":0,"href":"https:\/\/informelitoral.com.ar\/%77%70%2d%6a%73%6f%6e\/wp\/v2\/posts\/82131\/revisions"}],"wp:featuredmedia":[{"embeddable":true,"href":"https:\/\/informelitoral.com.ar\/%77%70%2d%6a%73%6f%6e\/wp\/v2\/media\/82132"}],"wp:attachment":[{"href":"https:\/\/informelitoral.com.ar\/%77%70%2d%6a%73%6f%6e\/wp\/v2\/media?parent=82131"}],"wp:term":[{"taxonomy":"category","embeddable":true,"href":"https:\/\/informelitoral.com.ar\/%77%70%2d%6a%73%6f%6e\/wp\/v2\/categories?post=82131"},{"taxonomy":"post_tag","embeddable":true,"href":"https:\/\/informelitoral.com.ar\/%77%70%2d%6a%73%6f%6e\/wp\/v2\/tags?post=82131"}],"curies":[{"name":"wp","href":"https:\/\/api.w.org\/{rel}","templated":true}]}}