{"id":82122,"date":"2022-07-20T08:12:01","date_gmt":"2022-07-20T11:12:01","guid":{"rendered":"https:\/\/www.informelitoral.com.ar\/?p=82122"},"modified":"2022-07-20T08:12:01","modified_gmt":"2022-07-20T11:12:01","slug":"pronostican-temperaturas-de-hasta-27-grados-y-bajan-las-posibilidades-de-lluvias","status":"publish","type":"post","link":"https:\/\/informelitoral.com.ar\/pronostican-temperaturas-de-hasta-27-grados-y-bajan-las-posibilidades-de-lluvias\/","title":{"rendered":"Pronostican temperaturas de hasta 27 grados y bajan las posibilidades de lluvias"},"content":{"rendered":"<p>Los vientos del norte har\u00e1n que el paulatino aumento de las temperaturas, tanto m\u00ednimas como m\u00e1ximas, siga intensific\u00e1ndose. Mientras tanto, en las \u00faltimas horas modificaron los pron\u00f3sticos y pr\u00e1cticamente descartaron las lluvias que, inicialmente, estaban previstas para el viernes en Entre R\u00edos.<\/p>\n<p>Para hoy en nuestra provincia se anuncia despejado a poco nuboso durante la ma\u00f1ana. Por la tarde, nubosidad en incremento parcial sobre el norte y centro de la provincia.<\/p>\n<p>La temperatura m\u00e1xima rondar\u00e1 los 20 grados y podr\u00eda ser superior, sobre todo en el norte entrerriano.<\/p>\n","protected":false},"excerpt":{"rendered":"<p>Para hoy se pronostica aumento de la nubosidad en Entre R\u00edos. La temperatura se mantendr\u00eda en ascenso, lo que se har\u00eda incluso m\u00e1s notorio el fin de semana, con marcas que podr\u00edan alcanzar los 27 grados el domingo.<\/p>\n","protected":false},"author":8,"featured_media":82123,"comment_status":"open","ping_status":"open","sticky":false,"template":"","format":"standard","meta":{"fifu_image_url":"","fifu_image_alt":"","footnotes":""},"categories":[6],"tags":[113],"class_list":{"0":"post-82122","1":"post","2":"type-post","3":"status-publish","4":"format-standard","5":"has-post-thumbnail","7":"category-entre-rios","8":"tag-smn"},"yoast_head":"<title>Pronostican temperaturas de hasta 27 grados y bajan las posibilidades de lluvias - Informe Litoral<\/title>\n<meta name=\"robots\" content=\"index, follow, max-snippet:-1, max-image-preview:large, max-video-preview:-1\" \/>\n<link rel=\"canonical\" href=\"https:\/\/informelitoral.com.ar\/pronostican-temperaturas-de-hasta-27-grados-y-bajan-las-posibilidades-de-lluvias\/\" \/>\n<meta property=\"og:locale\" content=\"es_ES\" \/>\n<meta property=\"og:type\" content=\"article\" \/>\n<meta property=\"og:title\" content=\"Pronostican temperaturas de hasta 27 grados y bajan las posibilidades de lluvias - Informe Litoral\" \/>\n<meta property=\"og:description\" content=\"Para hoy se pronostica aumento de la nubosidad en Entre R\u00edos. La temperatura se mantendr\u00eda en ascenso, lo que se har\u00eda incluso m\u00e1s notorio el fin de semana, con marcas que podr\u00edan alcanzar los 27 grados el domingo.\" \/>\n<meta property=\"og:url\" content=\"https:\/\/informelitoral.com.ar\/pronostican-temperaturas-de-hasta-27-grados-y-bajan-las-posibilidades-de-lluvias\/\" \/>\n<meta property=\"og:site_name\" content=\"Informe Litoral\" \/>\n<meta property=\"article:publisher\" content=\"https:\/\/www.facebook.com\/informelitoral\/\" \/>\n<meta property=\"article:published_time\" content=\"2022-07-20T11:12:01+00:00\" \/>\n<meta property=\"og:image\" content=\"https:\/\/informelitoral.com.ar\/%77%70%2d%63%6f%6e%74%65%6e%74\/uploads\/2022\/07\/TIYW3AZLXVAQXBVSI6DSAHS62E.jpg\" \/>\n\t<meta property=\"og:image:width\" content=\"610\" \/>\n\t<meta property=\"og:image:height\" content=\"495\" \/>\n\t<meta property=\"og:image:type\" content=\"image\/jpeg\" \/>\n<meta name=\"author\" content=\"Sebastian\" \/>\n<meta name=\"twitter:card\" content=\"summary_large_image\" \/>\n<meta name=\"twitter:creator\" content=\"@InformeLitoral\" \/>\n<meta name=\"twitter:site\" content=\"@InformeLitoral\" \/>\n<meta name=\"twitter:label1\" content=\"Escrito por\" \/>\n\t<meta name=\"twitter:data1\" content=\"Sebastian\" \/>\n<script type=\"application\/ld+json\" class=\"yoast-schema-graph\">{\"@context\":\"https:\\\/\\\/schema.org\",\"@graph\":[{\"@type\":\"Article\",\"@id\":\"https:\\\/\\\/informelitoral.com.ar\\\/pronostican-temperaturas-de-hasta-27-grados-y-bajan-las-posibilidades-de-lluvias\\\/#article\",\"isPartOf\":{\"@id\":\"https:\\\/\\\/informelitoral.com.ar\\\/pronostican-temperaturas-de-hasta-27-grados-y-bajan-las-posibilidades-de-lluvias\\\/\"},\"author\":{\"name\":\"Sebastian\",\"@id\":\"https:\\\/\\\/informelitoral.com.ar\\\/#\\\/schema\\\/person\\\/f05f9f461677119578717524b127d6d5\"},\"headline\":\"Pronostican temperaturas de hasta 27 grados y bajan las posibilidades de lluvias\",\"datePublished\":\"2022-07-20T11:12:01+00:00\",\"mainEntityOfPage\":{\"@id\":\"https:\\\/\\\/informelitoral.com.ar\\\/pronostican-temperaturas-de-hasta-27-grados-y-bajan-las-posibilidades-de-lluvias\\\/\"},\"wordCount\":108,\"commentCount\":0,\"publisher\":{\"@id\":\"https:\\\/\\\/informelitoral.com.ar\\\/#organization\"},\"image\":{\"@id\":\"https:\\\/\\\/informelitoral.com.ar\\\/pronostican-temperaturas-de-hasta-27-grados-y-bajan-las-posibilidades-de-lluvias\\\/#primaryimage\"},\"thumbnailUrl\":\"https:\\\/\\\/informelitoral.com.ar\\\/%77%70%2d%63%6f%6e%74%65%6e%74\\\/uploads\\\/2022\\\/07\\\/TIYW3AZLXVAQXBVSI6DSAHS62E.jpg\",\"keywords\":[\"SMN\"],\"articleSection\":[\"Entre R\u00edos\"],\"inLanguage\":\"es\",\"potentialAction\":[{\"@type\":\"CommentAction\",\"name\":\"Comment\",\"target\":[\"https:\\\/\\\/informelitoral.com.ar\\\/pronostican-temperaturas-de-hasta-27-grados-y-bajan-las-posibilidades-de-lluvias\\\/#respond\"]}]},{\"@type\":\"WebPage\",\"@id\":\"https:\\\/\\\/informelitoral.com.ar\\\/pronostican-temperaturas-de-hasta-27-grados-y-bajan-las-posibilidades-de-lluvias\\\/\",\"url\":\"https:\\\/\\\/informelitoral.com.ar\\\/pronostican-temperaturas-de-hasta-27-grados-y-bajan-las-posibilidades-de-lluvias\\\/\",\"name\":\"Pronostican temperaturas de hasta 27 grados y bajan las posibilidades de lluvias - Informe Litoral\",\"isPartOf\":{\"@id\":\"https:\\\/\\\/informelitoral.com.ar\\\/#website\"},\"primaryImageOfPage\":{\"@id\":\"https:\\\/\\\/informelitoral.com.ar\\\/pronostican-temperaturas-de-hasta-27-grados-y-bajan-las-posibilidades-de-lluvias\\\/#primaryimage\"},\"image\":{\"@id\":\"https:\\\/\\\/informelitoral.com.ar\\\/pronostican-temperaturas-de-hasta-27-grados-y-bajan-las-posibilidades-de-lluvias\\\/#primaryimage\"},\"thumbnailUrl\":\"https:\\\/\\\/informelitoral.com.ar\\\/%77%70%2d%63%6f%6e%74%65%6e%74\\\/uploads\\\/2022\\\/07\\\/TIYW3AZLXVAQXBVSI6DSAHS62E.jpg\",\"datePublished\":\"2022-07-20T11:12:01+00:00\",\"breadcrumb\":{\"@id\":\"https:\\\/\\\/informelitoral.com.ar\\\/pronostican-temperaturas-de-hasta-27-grados-y-bajan-las-posibilidades-de-lluvias\\\/#breadcrumb\"},\"inLanguage\":\"es\",\"potentialAction\":[{\"@type\":\"ReadAction\",\"target\":[\"https:\\\/\\\/informelitoral.com.ar\\\/pronostican-temperaturas-de-hasta-27-grados-y-bajan-las-posibilidades-de-lluvias\\\/\"]}]},{\"@type\":\"ImageObject\",\"inLanguage\":\"es\",\"@id\":\"https:\\\/\\\/informelitoral.com.ar\\\/pronostican-temperaturas-de-hasta-27-grados-y-bajan-las-posibilidades-de-lluvias\\\/#primaryimage\",\"url\":\"https:\\\/\\\/informelitoral.com.ar\\\/%77%70%2d%63%6f%6e%74%65%6e%74\\\/uploads\\\/2022\\\/07\\\/TIYW3AZLXVAQXBVSI6DSAHS62E.jpg\",\"contentUrl\":\"https:\\\/\\\/informelitoral.com.ar\\\/%77%70%2d%63%6f%6e%74%65%6e%74\\\/uploads\\\/2022\\\/07\\\/TIYW3AZLXVAQXBVSI6DSAHS62E.jpg\",\"width\":610,\"height\":495},{\"@type\":\"BreadcrumbList\",\"@id\":\"https:\\\/\\\/informelitoral.com.ar\\\/pronostican-temperaturas-de-hasta-27-grados-y-bajan-las-posibilidades-de-lluvias\\\/#breadcrumb\",\"itemListElement\":[{\"@type\":\"ListItem\",\"position\":1,\"name\":\"Portada\",\"item\":\"https:\\\/\\\/informelitoral.com.ar\\\/\"},{\"@type\":\"ListItem\",\"position\":2,\"name\":\"Pronostican temperaturas de hasta 27 grados y bajan las posibilidades de lluvias\"}]},{\"@type\":\"WebSite\",\"@id\":\"https:\\\/\\\/informelitoral.com.ar\\\/#website\",\"url\":\"https:\\\/\\\/informelitoral.com.ar\\\/\",\"name\":\"Informe Litoral\",\"description\":\"&quot;Nos informamos&quot; \",\"publisher\":{\"@id\":\"https:\\\/\\\/informelitoral.com.ar\\\/#organization\"},\"potentialAction\":[{\"@type\":\"SearchAction\",\"target\":{\"@type\":\"EntryPoint\",\"urlTemplate\":\"https:\\\/\\\/informelitoral.com.ar\\\/?s={search_term_string}\"},\"query-input\":{\"@type\":\"PropertyValueSpecification\",\"valueRequired\":true,\"valueName\":\"search_term_string\"}}],\"inLanguage\":\"es\"},{\"@type\":\"Organization\",\"@id\":\"https:\\\/\\\/informelitoral.com.ar\\\/#organization\",\"name\":\"Informe Litoral\",\"url\":\"https:\\\/\\\/informelitoral.com.ar\\\/\",\"logo\":{\"@type\":\"ImageObject\",\"inLanguage\":\"es\",\"@id\":\"https:\\\/\\\/informelitoral.com.ar\\\/#\\\/schema\\\/logo\\\/image\\\/\",\"url\":\"https:\\\/\\\/informelitoral.com.ar\\\/%77%70%2d%63%6f%6e%74%65%6e%74\\\/uploads\\\/2021\\\/01\\\/circulo.png\",\"contentUrl\":\"https:\\\/\\\/informelitoral.com.ar\\\/%77%70%2d%63%6f%6e%74%65%6e%74\\\/uploads\\\/2021\\\/01\\\/circulo.png\",\"width\":723,\"height\":731,\"caption\":\"Informe Litoral\"},\"image\":{\"@id\":\"https:\\\/\\\/informelitoral.com.ar\\\/#\\\/schema\\\/logo\\\/image\\\/\"},\"sameAs\":[\"https:\\\/\\\/www.facebook.com\\\/informelitoral\\\/\",\"https:\\\/\\\/x.com\\\/InformeLitoral\",\"https:\\\/\\\/www.instagram.com\\\/informelitoral\\\/\",\"https:\\\/\\\/www.youtube.com\\\/channel\\\/UCua4Qvz8Icb6MYqhoq9xLXw\"]},{\"@type\":\"Person\",\"@id\":\"https:\\\/\\\/informelitoral.com.ar\\\/#\\\/schema\\\/person\\\/f05f9f461677119578717524b127d6d5\",\"name\":\"Sebastian\",\"image\":{\"@type\":\"ImageObject\",\"inLanguage\":\"es\",\"@id\":\"https:\\\/\\\/secure.gravatar.com\\\/avatar\\\/b71bf7481d447dfb9583c7f2798e7cc64de6efb9067b74633ed8c31059a3bd82?s=96&d=mm&r=g\",\"url\":\"https:\\\/\\\/secure.gravatar.com\\\/avatar\\\/b71bf7481d447dfb9583c7f2798e7cc64de6efb9067b74633ed8c31059a3bd82?s=96&d=mm&r=g\",\"contentUrl\":\"https:\\\/\\\/secure.gravatar.com\\\/avatar\\\/b71bf7481d447dfb9583c7f2798e7cc64de6efb9067b74633ed8c31059a3bd82?s=96&d=mm&r=g\",\"caption\":\"Sebastian\"},\"url\":\"https:\\\/\\\/informelitoral.com.ar\\\/author\\\/sebastian\\\/\"}]}<\/script>","yoast_head_json":{"title":"Pronostican temperaturas de hasta 27 grados y bajan las posibilidades de lluvias - Informe Litoral","robots":{"index":"index","follow":"follow","max-snippet":"max-snippet:-1","max-image-preview":"max-image-preview:large","max-video-preview":"max-video-preview:-1"},"canonical":"https:\/\/informelitoral.com.ar\/pronostican-temperaturas-de-hasta-27-grados-y-bajan-las-posibilidades-de-lluvias\/","og_locale":"es_ES","og_type":"article","og_title":"Pronostican temperaturas de hasta 27 grados y bajan las posibilidades de lluvias - Informe Litoral","og_description":"Para hoy se pronostica aumento de la nubosidad en Entre R\u00edos. La temperatura se mantendr\u00eda en ascenso, lo que se har\u00eda incluso m\u00e1s notorio el fin de semana, con marcas que podr\u00edan alcanzar los 27 grados el domingo.","og_url":"https:\/\/informelitoral.com.ar\/pronostican-temperaturas-de-hasta-27-grados-y-bajan-las-posibilidades-de-lluvias\/","og_site_name":"Informe Litoral","article_publisher":"https:\/\/www.facebook.com\/informelitoral\/","article_published_time":"2022-07-20T11:12:01+00:00","og_image":[{"width":610,"height":495,"url":"https:\/\/informelitoral.com.ar\/%77%70%2d%63%6f%6e%74%65%6e%74\/uploads\/2022\/07\/TIYW3AZLXVAQXBVSI6DSAHS62E.jpg","type":"image\/jpeg"}],"author":"Sebastian","twitter_card":"summary_large_image","twitter_creator":"@InformeLitoral","twitter_site":"@InformeLitoral","twitter_misc":{"Escrito por":"Sebastian"},"schema":{"@context":"https:\/\/schema.org","@graph":[{"@type":"Article","@id":"https:\/\/informelitoral.com.ar\/pronostican-temperaturas-de-hasta-27-grados-y-bajan-las-posibilidades-de-lluvias\/#article","isPartOf":{"@id":"https:\/\/informelitoral.com.ar\/pronostican-temperaturas-de-hasta-27-grados-y-bajan-las-posibilidades-de-lluvias\/"},"author":{"name":"Sebastian","@id":"https:\/\/informelitoral.com.ar\/#\/schema\/person\/f05f9f461677119578717524b127d6d5"},"headline":"Pronostican temperaturas de hasta 27 grados y bajan las posibilidades de lluvias","datePublished":"2022-07-20T11:12:01+00:00","mainEntityOfPage":{"@id":"https:\/\/informelitoral.com.ar\/pronostican-temperaturas-de-hasta-27-grados-y-bajan-las-posibilidades-de-lluvias\/"},"wordCount":108,"commentCount":0,"publisher":{"@id":"https:\/\/informelitoral.com.ar\/#organization"},"image":{"@id":"https:\/\/informelitoral.com.ar\/pronostican-temperaturas-de-hasta-27-grados-y-bajan-las-posibilidades-de-lluvias\/#primaryimage"},"thumbnailUrl":"https:\/\/informelitoral.com.ar\/%77%70%2d%63%6f%6e%74%65%6e%74\/uploads\/2022\/07\/TIYW3AZLXVAQXBVSI6DSAHS62E.jpg","keywords":["SMN"],"articleSection":["Entre R\u00edos"],"inLanguage":"es","potentialAction":[{"@type":"CommentAction","name":"Comment","target":["https:\/\/informelitoral.com.ar\/pronostican-temperaturas-de-hasta-27-grados-y-bajan-las-posibilidades-de-lluvias\/#respond"]}]},{"@type":"WebPage","@id":"https:\/\/informelitoral.com.ar\/pronostican-temperaturas-de-hasta-27-grados-y-bajan-las-posibilidades-de-lluvias\/","url":"https:\/\/informelitoral.com.ar\/pronostican-temperaturas-de-hasta-27-grados-y-bajan-las-posibilidades-de-lluvias\/","name":"Pronostican temperaturas de hasta 27 grados y bajan las posibilidades de lluvias - Informe Litoral","isPartOf":{"@id":"https:\/\/informelitoral.com.ar\/#website"},"primaryImageOfPage":{"@id":"https:\/\/informelitoral.com.ar\/pronostican-temperaturas-de-hasta-27-grados-y-bajan-las-posibilidades-de-lluvias\/#primaryimage"},"image":{"@id":"https:\/\/informelitoral.com.ar\/pronostican-temperaturas-de-hasta-27-grados-y-bajan-las-posibilidades-de-lluvias\/#primaryimage"},"thumbnailUrl":"https:\/\/informelitoral.com.ar\/%77%70%2d%63%6f%6e%74%65%6e%74\/uploads\/2022\/07\/TIYW3AZLXVAQXBVSI6DSAHS62E.jpg","datePublished":"2022-07-20T11:12:01+00:00","breadcrumb":{"@id":"https:\/\/informelitoral.com.ar\/pronostican-temperaturas-de-hasta-27-grados-y-bajan-las-posibilidades-de-lluvias\/#breadcrumb"},"inLanguage":"es","potentialAction":[{"@type":"ReadAction","target":["https:\/\/informelitoral.com.ar\/pronostican-temperaturas-de-hasta-27-grados-y-bajan-las-posibilidades-de-lluvias\/"]}]},{"@type":"ImageObject","inLanguage":"es","@id":"https:\/\/informelitoral.com.ar\/pronostican-temperaturas-de-hasta-27-grados-y-bajan-las-posibilidades-de-lluvias\/#primaryimage","url":"https:\/\/informelitoral.com.ar\/%77%70%2d%63%6f%6e%74%65%6e%74\/uploads\/2022\/07\/TIYW3AZLXVAQXBVSI6DSAHS62E.jpg","contentUrl":"https:\/\/informelitoral.com.ar\/%77%70%2d%63%6f%6e%74%65%6e%74\/uploads\/2022\/07\/TIYW3AZLXVAQXBVSI6DSAHS62E.jpg","width":610,"height":495},{"@type":"BreadcrumbList","@id":"https:\/\/informelitoral.com.ar\/pronostican-temperaturas-de-hasta-27-grados-y-bajan-las-posibilidades-de-lluvias\/#breadcrumb","itemListElement":[{"@type":"ListItem","position":1,"name":"Portada","item":"https:\/\/informelitoral.com.ar\/"},{"@type":"ListItem","position":2,"name":"Pronostican temperaturas de hasta 27 grados y bajan las posibilidades de lluvias"}]},{"@type":"WebSite","@id":"https:\/\/informelitoral.com.ar\/#website","url":"https:\/\/informelitoral.com.ar\/","name":"Informe Litoral","description":"&quot;Nos informamos&quot; ","publisher":{"@id":"https:\/\/informelitoral.com.ar\/#organization"},"potentialAction":[{"@type":"SearchAction","target":{"@type":"EntryPoint","urlTemplate":"https:\/\/informelitoral.com.ar\/?s={search_term_string}"},"query-input":{"@type":"PropertyValueSpecification","valueRequired":true,"valueName":"search_term_string"}}],"inLanguage":"es"},{"@type":"Organization","@id":"https:\/\/informelitoral.com.ar\/#organization","name":"Informe Litoral","url":"https:\/\/informelitoral.com.ar\/","logo":{"@type":"ImageObject","inLanguage":"es","@id":"https:\/\/informelitoral.com.ar\/#\/schema\/logo\/image\/","url":"https:\/\/informelitoral.com.ar\/%77%70%2d%63%6f%6e%74%65%6e%74\/uploads\/2021\/01\/circulo.png","contentUrl":"https:\/\/informelitoral.com.ar\/%77%70%2d%63%6f%6e%74%65%6e%74\/uploads\/2021\/01\/circulo.png","width":723,"height":731,"caption":"Informe Litoral"},"image":{"@id":"https:\/\/informelitoral.com.ar\/#\/schema\/logo\/image\/"},"sameAs":["https:\/\/www.facebook.com\/informelitoral\/","https:\/\/x.com\/InformeLitoral","https:\/\/www.instagram.com\/informelitoral\/","https:\/\/www.youtube.com\/channel\/UCua4Qvz8Icb6MYqhoq9xLXw"]},{"@type":"Person","@id":"https:\/\/informelitoral.com.ar\/#\/schema\/person\/f05f9f461677119578717524b127d6d5","name":"Sebastian","image":{"@type":"ImageObject","inLanguage":"es","@id":"https:\/\/secure.gravatar.com\/avatar\/b71bf7481d447dfb9583c7f2798e7cc64de6efb9067b74633ed8c31059a3bd82?s=96&d=mm&r=g","url":"https:\/\/secure.gravatar.com\/avatar\/b71bf7481d447dfb9583c7f2798e7cc64de6efb9067b74633ed8c31059a3bd82?s=96&d=mm&r=g","contentUrl":"https:\/\/secure.gravatar.com\/avatar\/b71bf7481d447dfb9583c7f2798e7cc64de6efb9067b74633ed8c31059a3bd82?s=96&d=mm&r=g","caption":"Sebastian"},"url":"https:\/\/informelitoral.com.ar\/author\/sebastian\/"}]}},"_links":{"self":[{"href":"https:\/\/informelitoral.com.ar\/%77%70%2d%6a%73%6f%6e\/wp\/v2\/posts\/82122","targetHints":{"allow":["GET"]}}],"collection":[{"href":"https:\/\/informelitoral.com.ar\/%77%70%2d%6a%73%6f%6e\/wp\/v2\/posts"}],"about":[{"href":"https:\/\/informelitoral.com.ar\/%77%70%2d%6a%73%6f%6e\/wp\/v2\/types\/post"}],"author":[{"embeddable":true,"href":"https:\/\/informelitoral.com.ar\/%77%70%2d%6a%73%6f%6e\/wp\/v2\/users\/8"}],"replies":[{"embeddable":true,"href":"https:\/\/informelitoral.com.ar\/%77%70%2d%6a%73%6f%6e\/wp\/v2\/comments?post=82122"}],"version-history":[{"count":0,"href":"https:\/\/informelitoral.com.ar\/%77%70%2d%6a%73%6f%6e\/wp\/v2\/posts\/82122\/revisions"}],"wp:featuredmedia":[{"embeddable":true,"href":"https:\/\/informelitoral.com.ar\/%77%70%2d%6a%73%6f%6e\/wp\/v2\/media\/82123"}],"wp:attachment":[{"href":"https:\/\/informelitoral.com.ar\/%77%70%2d%6a%73%6f%6e\/wp\/v2\/media?parent=82122"}],"wp:term":[{"taxonomy":"category","embeddable":true,"href":"https:\/\/informelitoral.com.ar\/%77%70%2d%6a%73%6f%6e\/wp\/v2\/categories?post=82122"},{"taxonomy":"post_tag","embeddable":true,"href":"https:\/\/informelitoral.com.ar\/%77%70%2d%6a%73%6f%6e\/wp\/v2\/tags?post=82122"}],"curies":[{"name":"wp","href":"https:\/\/api.w.org\/{rel}","templated":true}]}}