{"id":82104,"date":"2022-07-19T19:50:05","date_gmt":"2022-07-19T22:50:05","guid":{"rendered":"https:\/\/www.informelitoral.com.ar\/?p=82104"},"modified":"2022-07-19T19:50:05","modified_gmt":"2022-07-19T22:50:05","slug":"parana-una-vela-encendida-provoco-un-incendio-y-destruyo-la-habitacion-de-una-casa","status":"publish","type":"post","link":"https:\/\/informelitoral.com.ar\/parana-una-vela-encendida-provoco-un-incendio-y-destruyo-la-habitacion-de-una-casa\/","title":{"rendered":"Paran\u00e1: Una vela encendida provoc\u00f3 un incendio y destruy\u00f3 la habitaci\u00f3n de una casa"},"content":{"rendered":"<p>En la tarde de este martes, se registr\u00f3 un incendio en una vivienda de calle Sarav\u00ed, casi Gorriti, de la ciudad de Paran\u00e1, que dej\u00f3 p\u00e9rdidas totales en un sector de la casa donde habitan varios grupos familiares.<\/p>\n<p>Desde Bomberos Zapadores, que tomaron parte en el siniestro, indicaron que \u201ca las 14.30 horas nos dan aviso del incendio en una vivienda, se trabaja en la extinci\u00f3n y luego se constata que se hab\u00eda provocado a ra\u00edz de una vela que hab\u00eda quedado encendida en una habitaci\u00f3n, muy cerca de un colch\u00f3n y un armario de madera con prendas de vestir\u201d. Las llamas se extendieron r\u00e1pidamente por el lugar.<\/p>\n<p>\u201cLas p\u00e9rdidas fueron totales dentro de la habitaci\u00f3n, pero la estructura de la vivienda est\u00e1 estable. La gente que se encontraba en el interior al momento del hecho, pudo salir por sus propios medios y nadie tuvo que lamentar lesiones o v\u00edctimas\u201d, se\u00f1alaron.<\/p>\n<p>Finalmente, desde Zapadores expresaron que \u201clamentablemente es habitual que la gente no tenga la precauci\u00f3n necesaria para evitar este tipo de siniestros y la recomendaci\u00f3n es no dejar velas encendidas si nos vamos a retirar de la habitaci\u00f3n o de la vivienda\u201d.<\/p>\n","protected":false},"excerpt":{"rendered":"<p>El hecho se registr\u00f3 en calle Sarav\u00ed de la capital entrerriana. Desde Bomberos Zapadores indicaron  que una vela encendida tom\u00f3 un colch\u00f3n y un ropero, extendi\u00e9ndose r\u00e1pidamente por toda la habitaci\u00f3n. Hay p\u00e9rdidas totales.<\/p>\n","protected":false},"author":2,"featured_media":24888,"comment_status":"open","ping_status":"open","sticky":false,"template":"","format":"standard","meta":{"fifu_image_url":"","fifu_image_alt":"","footnotes":""},"categories":[14],"tags":[509],"class_list":{"0":"post-82104","1":"post","2":"type-post","3":"status-publish","4":"format-standard","5":"has-post-thumbnail","7":"category-policiales","8":"tag-incendio"},"yoast_head":"<title>Paran\u00e1: Una vela encendida provoc\u00f3 un incendio y destruy\u00f3 la habitaci\u00f3n de una casa - Informe Litoral<\/title>\n<meta name=\"robots\" content=\"index, follow, max-snippet:-1, max-image-preview:large, max-video-preview:-1\" \/>\n<link rel=\"canonical\" href=\"https:\/\/informelitoral.com.ar\/parana-una-vela-encendida-provoco-un-incendio-y-destruyo-la-habitacion-de-una-casa\/\" \/>\n<meta property=\"og:locale\" content=\"es_ES\" \/>\n<meta property=\"og:type\" content=\"article\" \/>\n<meta property=\"og:title\" content=\"Paran\u00e1: Una vela encendida provoc\u00f3 un incendio y destruy\u00f3 la habitaci\u00f3n de una casa - Informe Litoral\" \/>\n<meta property=\"og:description\" content=\"El hecho se registr\u00f3 en calle Sarav\u00ed de la capital entrerriana. Desde Bomberos Zapadores indicaron que una vela encendida tom\u00f3 un colch\u00f3n y un ropero, extendi\u00e9ndose r\u00e1pidamente por toda la habitaci\u00f3n. Hay p\u00e9rdidas totales.\" \/>\n<meta property=\"og:url\" content=\"https:\/\/informelitoral.com.ar\/parana-una-vela-encendida-provoco-un-incendio-y-destruyo-la-habitacion-de-una-casa\/\" \/>\n<meta property=\"og:site_name\" content=\"Informe Litoral\" \/>\n<meta property=\"article:publisher\" content=\"https:\/\/www.facebook.com\/informelitoral\/\" \/>\n<meta property=\"article:published_time\" content=\"2022-07-19T22:50:05+00:00\" \/>\n<meta property=\"og:image\" content=\"https:\/\/informelitoral.com.ar\/%77%70%2d%63%6f%6e%74%65%6e%74\/uploads\/2018\/02\/policia-patrullero-768x506.jpg\" \/>\n\t<meta property=\"og:image:width\" content=\"768\" \/>\n\t<meta property=\"og:image:height\" content=\"506\" \/>\n\t<meta property=\"og:image:type\" content=\"image\/jpeg\" \/>\n<meta name=\"author\" content=\"Gonzalo Schmidt\" \/>\n<meta name=\"twitter:card\" content=\"summary_large_image\" \/>\n<meta name=\"twitter:creator\" content=\"@InformeLitoral\" \/>\n<meta name=\"twitter:site\" content=\"@InformeLitoral\" \/>\n<meta name=\"twitter:label1\" content=\"Escrito por\" \/>\n\t<meta name=\"twitter:data1\" content=\"Gonzalo Schmidt\" \/>\n\t<meta name=\"twitter:label2\" content=\"Tiempo de lectura\" \/>\n\t<meta name=\"twitter:data2\" content=\"1 minuto\" \/>\n<script type=\"application\/ld+json\" class=\"yoast-schema-graph\">{\"@context\":\"https:\\\/\\\/schema.org\",\"@graph\":[{\"@type\":\"Article\",\"@id\":\"https:\\\/\\\/informelitoral.com.ar\\\/parana-una-vela-encendida-provoco-un-incendio-y-destruyo-la-habitacion-de-una-casa\\\/#article\",\"isPartOf\":{\"@id\":\"https:\\\/\\\/informelitoral.com.ar\\\/parana-una-vela-encendida-provoco-un-incendio-y-destruyo-la-habitacion-de-una-casa\\\/\"},\"author\":{\"name\":\"Gonzalo Schmidt\",\"@id\":\"https:\\\/\\\/informelitoral.com.ar\\\/#\\\/schema\\\/person\\\/b9d00407c836482871ef1d57bf8e3180\"},\"headline\":\"Paran\u00e1: Una vela encendida provoc\u00f3 un incendio y destruy\u00f3 la habitaci\u00f3n de una casa\",\"datePublished\":\"2022-07-19T22:50:05+00:00\",\"mainEntityOfPage\":{\"@id\":\"https:\\\/\\\/informelitoral.com.ar\\\/parana-una-vela-encendida-provoco-un-incendio-y-destruyo-la-habitacion-de-una-casa\\\/\"},\"wordCount\":222,\"commentCount\":0,\"publisher\":{\"@id\":\"https:\\\/\\\/informelitoral.com.ar\\\/#organization\"},\"image\":{\"@id\":\"https:\\\/\\\/informelitoral.com.ar\\\/parana-una-vela-encendida-provoco-un-incendio-y-destruyo-la-habitacion-de-una-casa\\\/#primaryimage\"},\"thumbnailUrl\":\"https:\\\/\\\/informelitoral.com.ar\\\/%77%70%2d%63%6f%6e%74%65%6e%74\\\/uploads\\\/2018\\\/02\\\/policia-patrullero-768x506.jpg\",\"keywords\":[\"Incendio\"],\"articleSection\":[\"Policiales\"],\"inLanguage\":\"es\",\"potentialAction\":[{\"@type\":\"CommentAction\",\"name\":\"Comment\",\"target\":[\"https:\\\/\\\/informelitoral.com.ar\\\/parana-una-vela-encendida-provoco-un-incendio-y-destruyo-la-habitacion-de-una-casa\\\/#respond\"]}]},{\"@type\":\"WebPage\",\"@id\":\"https:\\\/\\\/informelitoral.com.ar\\\/parana-una-vela-encendida-provoco-un-incendio-y-destruyo-la-habitacion-de-una-casa\\\/\",\"url\":\"https:\\\/\\\/informelitoral.com.ar\\\/parana-una-vela-encendida-provoco-un-incendio-y-destruyo-la-habitacion-de-una-casa\\\/\",\"name\":\"Paran\u00e1: Una vela encendida provoc\u00f3 un incendio y destruy\u00f3 la habitaci\u00f3n de una casa - Informe Litoral\",\"isPartOf\":{\"@id\":\"https:\\\/\\\/informelitoral.com.ar\\\/#website\"},\"primaryImageOfPage\":{\"@id\":\"https:\\\/\\\/informelitoral.com.ar\\\/parana-una-vela-encendida-provoco-un-incendio-y-destruyo-la-habitacion-de-una-casa\\\/#primaryimage\"},\"image\":{\"@id\":\"https:\\\/\\\/informelitoral.com.ar\\\/parana-una-vela-encendida-provoco-un-incendio-y-destruyo-la-habitacion-de-una-casa\\\/#primaryimage\"},\"thumbnailUrl\":\"https:\\\/\\\/informelitoral.com.ar\\\/%77%70%2d%63%6f%6e%74%65%6e%74\\\/uploads\\\/2018\\\/02\\\/policia-patrullero-768x506.jpg\",\"datePublished\":\"2022-07-19T22:50:05+00:00\",\"breadcrumb\":{\"@id\":\"https:\\\/\\\/informelitoral.com.ar\\\/parana-una-vela-encendida-provoco-un-incendio-y-destruyo-la-habitacion-de-una-casa\\\/#breadcrumb\"},\"inLanguage\":\"es\",\"potentialAction\":[{\"@type\":\"ReadAction\",\"target\":[\"https:\\\/\\\/informelitoral.com.ar\\\/parana-una-vela-encendida-provoco-un-incendio-y-destruyo-la-habitacion-de-una-casa\\\/\"]}]},{\"@type\":\"ImageObject\",\"inLanguage\":\"es\",\"@id\":\"https:\\\/\\\/informelitoral.com.ar\\\/parana-una-vela-encendida-provoco-un-incendio-y-destruyo-la-habitacion-de-una-casa\\\/#primaryimage\",\"url\":\"https:\\\/\\\/informelitoral.com.ar\\\/%77%70%2d%63%6f%6e%74%65%6e%74\\\/uploads\\\/2018\\\/02\\\/policia-patrullero-768x506.jpg\",\"contentUrl\":\"https:\\\/\\\/informelitoral.com.ar\\\/%77%70%2d%63%6f%6e%74%65%6e%74\\\/uploads\\\/2018\\\/02\\\/policia-patrullero-768x506.jpg\",\"width\":768,\"height\":506},{\"@type\":\"BreadcrumbList\",\"@id\":\"https:\\\/\\\/informelitoral.com.ar\\\/parana-una-vela-encendida-provoco-un-incendio-y-destruyo-la-habitacion-de-una-casa\\\/#breadcrumb\",\"itemListElement\":[{\"@type\":\"ListItem\",\"position\":1,\"name\":\"Portada\",\"item\":\"https:\\\/\\\/informelitoral.com.ar\\\/\"},{\"@type\":\"ListItem\",\"position\":2,\"name\":\"Paran\u00e1: Una vela encendida provoc\u00f3 un incendio y destruy\u00f3 la habitaci\u00f3n de una casa\"}]},{\"@type\":\"WebSite\",\"@id\":\"https:\\\/\\\/informelitoral.com.ar\\\/#website\",\"url\":\"https:\\\/\\\/informelitoral.com.ar\\\/\",\"name\":\"Informe Litoral\",\"description\":\"&quot;Nos informamos&quot; \",\"publisher\":{\"@id\":\"https:\\\/\\\/informelitoral.com.ar\\\/#organization\"},\"potentialAction\":[{\"@type\":\"SearchAction\",\"target\":{\"@type\":\"EntryPoint\",\"urlTemplate\":\"https:\\\/\\\/informelitoral.com.ar\\\/?s={search_term_string}\"},\"query-input\":{\"@type\":\"PropertyValueSpecification\",\"valueRequired\":true,\"valueName\":\"search_term_string\"}}],\"inLanguage\":\"es\"},{\"@type\":\"Organization\",\"@id\":\"https:\\\/\\\/informelitoral.com.ar\\\/#organization\",\"name\":\"Informe Litoral\",\"url\":\"https:\\\/\\\/informelitoral.com.ar\\\/\",\"logo\":{\"@type\":\"ImageObject\",\"inLanguage\":\"es\",\"@id\":\"https:\\\/\\\/informelitoral.com.ar\\\/#\\\/schema\\\/logo\\\/image\\\/\",\"url\":\"https:\\\/\\\/informelitoral.com.ar\\\/%77%70%2d%63%6f%6e%74%65%6e%74\\\/uploads\\\/2021\\\/01\\\/circulo.png\",\"contentUrl\":\"https:\\\/\\\/informelitoral.com.ar\\\/%77%70%2d%63%6f%6e%74%65%6e%74\\\/uploads\\\/2021\\\/01\\\/circulo.png\",\"width\":723,\"height\":731,\"caption\":\"Informe Litoral\"},\"image\":{\"@id\":\"https:\\\/\\\/informelitoral.com.ar\\\/#\\\/schema\\\/logo\\\/image\\\/\"},\"sameAs\":[\"https:\\\/\\\/www.facebook.com\\\/informelitoral\\\/\",\"https:\\\/\\\/x.com\\\/InformeLitoral\",\"https:\\\/\\\/www.instagram.com\\\/informelitoral\\\/\",\"https:\\\/\\\/www.youtube.com\\\/channel\\\/UCua4Qvz8Icb6MYqhoq9xLXw\"]},{\"@type\":\"Person\",\"@id\":\"https:\\\/\\\/informelitoral.com.ar\\\/#\\\/schema\\\/person\\\/b9d00407c836482871ef1d57bf8e3180\",\"name\":\"Gonzalo Schmidt\",\"image\":{\"@type\":\"ImageObject\",\"inLanguage\":\"es\",\"@id\":\"https:\\\/\\\/secure.gravatar.com\\\/avatar\\\/31a1a7b66ff2de83bd0e9fd79d026630d2d99e55e8bfe501287647b4fd9743de?s=96&d=mm&r=g\",\"url\":\"https:\\\/\\\/secure.gravatar.com\\\/avatar\\\/31a1a7b66ff2de83bd0e9fd79d026630d2d99e55e8bfe501287647b4fd9743de?s=96&d=mm&r=g\",\"contentUrl\":\"https:\\\/\\\/secure.gravatar.com\\\/avatar\\\/31a1a7b66ff2de83bd0e9fd79d026630d2d99e55e8bfe501287647b4fd9743de?s=96&d=mm&r=g\",\"caption\":\"Gonzalo Schmidt\"},\"description\":\"Sitio web de noticias de la provincia de Entre R\u00edos, Argentina. Informaci\u00f3n y entretenimiento. Informe Litoral, nos informamos.\",\"sameAs\":[\"http:\\\/\\\/www.isletasnoticias.com.ar\"],\"url\":\"https:\\\/\\\/informelitoral.com.ar\\\/author\\\/gonzalo\\\/\"}]}<\/script>","yoast_head_json":{"title":"Paran\u00e1: Una vela encendida provoc\u00f3 un incendio y destruy\u00f3 la habitaci\u00f3n de una casa - Informe Litoral","robots":{"index":"index","follow":"follow","max-snippet":"max-snippet:-1","max-image-preview":"max-image-preview:large","max-video-preview":"max-video-preview:-1"},"canonical":"https:\/\/informelitoral.com.ar\/parana-una-vela-encendida-provoco-un-incendio-y-destruyo-la-habitacion-de-una-casa\/","og_locale":"es_ES","og_type":"article","og_title":"Paran\u00e1: Una vela encendida provoc\u00f3 un incendio y destruy\u00f3 la habitaci\u00f3n de una casa - Informe Litoral","og_description":"El hecho se registr\u00f3 en calle Sarav\u00ed de la capital entrerriana. Desde Bomberos Zapadores indicaron que una vela encendida tom\u00f3 un colch\u00f3n y un ropero, extendi\u00e9ndose r\u00e1pidamente por toda la habitaci\u00f3n. Hay p\u00e9rdidas totales.","og_url":"https:\/\/informelitoral.com.ar\/parana-una-vela-encendida-provoco-un-incendio-y-destruyo-la-habitacion-de-una-casa\/","og_site_name":"Informe Litoral","article_publisher":"https:\/\/www.facebook.com\/informelitoral\/","article_published_time":"2022-07-19T22:50:05+00:00","og_image":[{"width":768,"height":506,"url":"https:\/\/informelitoral.com.ar\/%77%70%2d%63%6f%6e%74%65%6e%74\/uploads\/2018\/02\/policia-patrullero-768x506.jpg","type":"image\/jpeg"}],"author":"Gonzalo Schmidt","twitter_card":"summary_large_image","twitter_creator":"@InformeLitoral","twitter_site":"@InformeLitoral","twitter_misc":{"Escrito por":"Gonzalo Schmidt","Tiempo de lectura":"1 minuto"},"schema":{"@context":"https:\/\/schema.org","@graph":[{"@type":"Article","@id":"https:\/\/informelitoral.com.ar\/parana-una-vela-encendida-provoco-un-incendio-y-destruyo-la-habitacion-de-una-casa\/#article","isPartOf":{"@id":"https:\/\/informelitoral.com.ar\/parana-una-vela-encendida-provoco-un-incendio-y-destruyo-la-habitacion-de-una-casa\/"},"author":{"name":"Gonzalo Schmidt","@id":"https:\/\/informelitoral.com.ar\/#\/schema\/person\/b9d00407c836482871ef1d57bf8e3180"},"headline":"Paran\u00e1: Una vela encendida provoc\u00f3 un incendio y destruy\u00f3 la habitaci\u00f3n de una casa","datePublished":"2022-07-19T22:50:05+00:00","mainEntityOfPage":{"@id":"https:\/\/informelitoral.com.ar\/parana-una-vela-encendida-provoco-un-incendio-y-destruyo-la-habitacion-de-una-casa\/"},"wordCount":222,"commentCount":0,"publisher":{"@id":"https:\/\/informelitoral.com.ar\/#organization"},"image":{"@id":"https:\/\/informelitoral.com.ar\/parana-una-vela-encendida-provoco-un-incendio-y-destruyo-la-habitacion-de-una-casa\/#primaryimage"},"thumbnailUrl":"https:\/\/informelitoral.com.ar\/%77%70%2d%63%6f%6e%74%65%6e%74\/uploads\/2018\/02\/policia-patrullero-768x506.jpg","keywords":["Incendio"],"articleSection":["Policiales"],"inLanguage":"es","potentialAction":[{"@type":"CommentAction","name":"Comment","target":["https:\/\/informelitoral.com.ar\/parana-una-vela-encendida-provoco-un-incendio-y-destruyo-la-habitacion-de-una-casa\/#respond"]}]},{"@type":"WebPage","@id":"https:\/\/informelitoral.com.ar\/parana-una-vela-encendida-provoco-un-incendio-y-destruyo-la-habitacion-de-una-casa\/","url":"https:\/\/informelitoral.com.ar\/parana-una-vela-encendida-provoco-un-incendio-y-destruyo-la-habitacion-de-una-casa\/","name":"Paran\u00e1: Una vela encendida provoc\u00f3 un incendio y destruy\u00f3 la habitaci\u00f3n de una casa - Informe Litoral","isPartOf":{"@id":"https:\/\/informelitoral.com.ar\/#website"},"primaryImageOfPage":{"@id":"https:\/\/informelitoral.com.ar\/parana-una-vela-encendida-provoco-un-incendio-y-destruyo-la-habitacion-de-una-casa\/#primaryimage"},"image":{"@id":"https:\/\/informelitoral.com.ar\/parana-una-vela-encendida-provoco-un-incendio-y-destruyo-la-habitacion-de-una-casa\/#primaryimage"},"thumbnailUrl":"https:\/\/informelitoral.com.ar\/%77%70%2d%63%6f%6e%74%65%6e%74\/uploads\/2018\/02\/policia-patrullero-768x506.jpg","datePublished":"2022-07-19T22:50:05+00:00","breadcrumb":{"@id":"https:\/\/informelitoral.com.ar\/parana-una-vela-encendida-provoco-un-incendio-y-destruyo-la-habitacion-de-una-casa\/#breadcrumb"},"inLanguage":"es","potentialAction":[{"@type":"ReadAction","target":["https:\/\/informelitoral.com.ar\/parana-una-vela-encendida-provoco-un-incendio-y-destruyo-la-habitacion-de-una-casa\/"]}]},{"@type":"ImageObject","inLanguage":"es","@id":"https:\/\/informelitoral.com.ar\/parana-una-vela-encendida-provoco-un-incendio-y-destruyo-la-habitacion-de-una-casa\/#primaryimage","url":"https:\/\/informelitoral.com.ar\/%77%70%2d%63%6f%6e%74%65%6e%74\/uploads\/2018\/02\/policia-patrullero-768x506.jpg","contentUrl":"https:\/\/informelitoral.com.ar\/%77%70%2d%63%6f%6e%74%65%6e%74\/uploads\/2018\/02\/policia-patrullero-768x506.jpg","width":768,"height":506},{"@type":"BreadcrumbList","@id":"https:\/\/informelitoral.com.ar\/parana-una-vela-encendida-provoco-un-incendio-y-destruyo-la-habitacion-de-una-casa\/#breadcrumb","itemListElement":[{"@type":"ListItem","position":1,"name":"Portada","item":"https:\/\/informelitoral.com.ar\/"},{"@type":"ListItem","position":2,"name":"Paran\u00e1: Una vela encendida provoc\u00f3 un incendio y destruy\u00f3 la habitaci\u00f3n de una casa"}]},{"@type":"WebSite","@id":"https:\/\/informelitoral.com.ar\/#website","url":"https:\/\/informelitoral.com.ar\/","name":"Informe Litoral","description":"&quot;Nos informamos&quot; ","publisher":{"@id":"https:\/\/informelitoral.com.ar\/#organization"},"potentialAction":[{"@type":"SearchAction","target":{"@type":"EntryPoint","urlTemplate":"https:\/\/informelitoral.com.ar\/?s={search_term_string}"},"query-input":{"@type":"PropertyValueSpecification","valueRequired":true,"valueName":"search_term_string"}}],"inLanguage":"es"},{"@type":"Organization","@id":"https:\/\/informelitoral.com.ar\/#organization","name":"Informe Litoral","url":"https:\/\/informelitoral.com.ar\/","logo":{"@type":"ImageObject","inLanguage":"es","@id":"https:\/\/informelitoral.com.ar\/#\/schema\/logo\/image\/","url":"https:\/\/informelitoral.com.ar\/%77%70%2d%63%6f%6e%74%65%6e%74\/uploads\/2021\/01\/circulo.png","contentUrl":"https:\/\/informelitoral.com.ar\/%77%70%2d%63%6f%6e%74%65%6e%74\/uploads\/2021\/01\/circulo.png","width":723,"height":731,"caption":"Informe Litoral"},"image":{"@id":"https:\/\/informelitoral.com.ar\/#\/schema\/logo\/image\/"},"sameAs":["https:\/\/www.facebook.com\/informelitoral\/","https:\/\/x.com\/InformeLitoral","https:\/\/www.instagram.com\/informelitoral\/","https:\/\/www.youtube.com\/channel\/UCua4Qvz8Icb6MYqhoq9xLXw"]},{"@type":"Person","@id":"https:\/\/informelitoral.com.ar\/#\/schema\/person\/b9d00407c836482871ef1d57bf8e3180","name":"Gonzalo Schmidt","image":{"@type":"ImageObject","inLanguage":"es","@id":"https:\/\/secure.gravatar.com\/avatar\/31a1a7b66ff2de83bd0e9fd79d026630d2d99e55e8bfe501287647b4fd9743de?s=96&d=mm&r=g","url":"https:\/\/secure.gravatar.com\/avatar\/31a1a7b66ff2de83bd0e9fd79d026630d2d99e55e8bfe501287647b4fd9743de?s=96&d=mm&r=g","contentUrl":"https:\/\/secure.gravatar.com\/avatar\/31a1a7b66ff2de83bd0e9fd79d026630d2d99e55e8bfe501287647b4fd9743de?s=96&d=mm&r=g","caption":"Gonzalo Schmidt"},"description":"Sitio web de noticias de la provincia de Entre R\u00edos, Argentina. Informaci\u00f3n y entretenimiento. Informe Litoral, nos informamos.","sameAs":["http:\/\/www.isletasnoticias.com.ar"],"url":"https:\/\/informelitoral.com.ar\/author\/gonzalo\/"}]}},"_links":{"self":[{"href":"https:\/\/informelitoral.com.ar\/%77%70%2d%6a%73%6f%6e\/wp\/v2\/posts\/82104","targetHints":{"allow":["GET"]}}],"collection":[{"href":"https:\/\/informelitoral.com.ar\/%77%70%2d%6a%73%6f%6e\/wp\/v2\/posts"}],"about":[{"href":"https:\/\/informelitoral.com.ar\/%77%70%2d%6a%73%6f%6e\/wp\/v2\/types\/post"}],"author":[{"embeddable":true,"href":"https:\/\/informelitoral.com.ar\/%77%70%2d%6a%73%6f%6e\/wp\/v2\/users\/2"}],"replies":[{"embeddable":true,"href":"https:\/\/informelitoral.com.ar\/%77%70%2d%6a%73%6f%6e\/wp\/v2\/comments?post=82104"}],"version-history":[{"count":0,"href":"https:\/\/informelitoral.com.ar\/%77%70%2d%6a%73%6f%6e\/wp\/v2\/posts\/82104\/revisions"}],"wp:featuredmedia":[{"embeddable":true,"href":"https:\/\/informelitoral.com.ar\/%77%70%2d%6a%73%6f%6e\/wp\/v2\/media\/24888"}],"wp:attachment":[{"href":"https:\/\/informelitoral.com.ar\/%77%70%2d%6a%73%6f%6e\/wp\/v2\/media?parent=82104"}],"wp:term":[{"taxonomy":"category","embeddable":true,"href":"https:\/\/informelitoral.com.ar\/%77%70%2d%6a%73%6f%6e\/wp\/v2\/categories?post=82104"},{"taxonomy":"post_tag","embeddable":true,"href":"https:\/\/informelitoral.com.ar\/%77%70%2d%6a%73%6f%6e\/wp\/v2\/tags?post=82104"}],"curies":[{"name":"wp","href":"https:\/\/api.w.org\/{rel}","templated":true}]}}