{"id":82095,"date":"2022-07-19T12:32:02","date_gmt":"2022-07-19T15:32:02","guid":{"rendered":"https:\/\/www.informelitoral.com.ar\/?p=82095"},"modified":"2022-07-19T12:32:02","modified_gmt":"2022-07-19T15:32:02","slug":"que-pasa-si-viajo-hay-limite-de-pantallas-y-otras-dudas-tras-el-anuncio-de-netflix","status":"publish","type":"post","link":"https:\/\/informelitoral.com.ar\/que-pasa-si-viajo-hay-limite-de-pantallas-y-otras-dudas-tras-el-anuncio-de-netflix\/","title":{"rendered":"\u00bfQu\u00e9 pasa si viajo? \u00bfHay l\u00edmite de pantallas? y otras dudas tras el anuncio de Netflix"},"content":{"rendered":"<p class=\"paragraph\">No cabe duda de que la forma en que se consume el\u00a0<b>cine y la televisi\u00f3n<\/b>\u00a0han cambiado de forma radical con la llegada del\u00a0<i>streaming<\/i>\u00a0y, principalmente, con la presencia de uno de los actores m\u00e1s fuertes en dicho mercado:\u00a0<b>Netflix.<\/b><\/p>\n<p class=\"paragraph\">Y es que, entre todas las opciones que actualmente existen para el\u00a0<b>consumo cinematogr\u00e1fico<\/b>\u00a0y televisivo,\u00a0<b>Netflix<\/b>\u00a0se posiciona como una de las favoritas entre los usuarios, ya sea por su\u00a0<b>oferta original<\/b>\u00a0o por su\u00a0<b>amplio cat\u00e1logo de pel\u00edculas;<\/b>\u00a0as\u00ed lo demostraron sus m\u00e1s de<b>\u00a0220 millones de suscriptores;<\/b>\u00a0cifra con la que cerr\u00f3 el tercer trimestre del 2021, de acuerdo con\u00a0<i>Statista.<\/i><\/p>\n<p class=\"paragraph\">No obstante, los clientes se han hecho de ciertas t\u00e1cticas para ahorrarse algo de dinero en el consumo de su contenido favorito, como lo ha sido el compartir cuentas. Por ello, recientemente\u00a0<b>Netflix anunci\u00f3 una actualizaci\u00f3n\u00a0<\/b>con la que se podr\u00e1\u00a0<b>agregar una casa extra por un costo adicional.<\/b>\u00a0Sin embargo, la noticia ha conmocionado a los usuarios de dicha plataforma, generando varias dudas.<\/p>\n<h4 class=\"header\"><strong>\u00bfEn qu\u00e9 pa\u00edses aplican las nuevas tarifas?<\/strong><\/h4>\n<p class=\"paragraph\">De acuerdo con el anuncio de la plataforma originaria de Estados Unidos, las m\u00e1s recientes modificaciones para Am\u00e9rica Latina aplicar\u00e1n en una primera instancia para<b>\u00a0Argentina, El Salvador, Guatemala, Honduras y la Rep\u00fablica Dominicana<\/b>. Esta medida se da luego de que en marzo de este a\u00f1o sumaron la opci\u00f3n<b>\u00a0\u201cAgregar un miembro extra\u201d<\/b>\u00a0en\u00a0<b>Chile, Costa Rica y Per\u00fa.<\/b><\/p>\n<p class=\"paragraph\">La medida fue implementada debido a que la compa\u00f1\u00eda considera que el compartir la misma cuenta entre diversos hogares afecta el potencial de\u00a0<b>Netflix<\/b>\u00a0a largo plazo para\u00a0<b>invertir en el servicio y poder mejorarlo.<\/b><\/p>\n<h4 class=\"header\"><strong>\u00bfCu\u00e1l es el nuevo l\u00edmite de pantallas?<\/strong><\/h4>\n<p class=\"paragraph\"><b>Netflix\u00a0<\/b>anunci\u00f3 este 18 de julio que con las actualizaciones se agregan distintas opciones para que quien quiera compartir su cuenta, pueda hacerlo pagando un cargo adicional. Sin embargo, el n\u00famero de pantallas para visualizar al mismo tiempo no sufri\u00f3 modificaciones, ya que el\u00a0<b>plan B\u00e1sico\u00a0<\/b>mantiene\u00a0<b>una sola pantalla<\/b>, el\u00a0<b>plan Est\u00e1ndar se queda con dos<\/b>\u00a0y el\u00a0<b>plan Premium<\/b>\u00a0permite\u00a0<b>cuatro dispositivos<\/b>\u00a0para ver contenido simult\u00e1neamente.<\/p>\n","protected":false},"excerpt":{"rendered":"<p>Luego de que Netflix dio a conocer nuevas tarifas para quienes comparten su cuenta, las redes se han inundado de preguntas por parte de los usuarios<\/p>\n","protected":false},"author":8,"featured_media":82096,"comment_status":"open","ping_status":"open","sticky":false,"template":"","format":"standard","meta":{"fifu_image_url":"","fifu_image_alt":"","footnotes":""},"categories":[1594],"tags":[1775],"class_list":{"0":"post-82095","1":"post","2":"type-post","3":"status-publish","4":"format-standard","5":"has-post-thumbnail","7":"category-economia","8":"tag-netflix"},"yoast_head":"<title>\u00bfQu\u00e9 pasa si viajo? \u00bfHay l\u00edmite de pantallas? y otras dudas tras el anuncio de Netflix - Informe Litoral<\/title>\n<meta name=\"robots\" content=\"index, follow, max-snippet:-1, max-image-preview:large, max-video-preview:-1\" \/>\n<link rel=\"canonical\" href=\"https:\/\/informelitoral.com.ar\/que-pasa-si-viajo-hay-limite-de-pantallas-y-otras-dudas-tras-el-anuncio-de-netflix\/\" \/>\n<meta property=\"og:locale\" content=\"es_ES\" \/>\n<meta property=\"og:type\" content=\"article\" \/>\n<meta property=\"og:title\" content=\"\u00bfQu\u00e9 pasa si viajo? \u00bfHay l\u00edmite de pantallas? y otras dudas tras el anuncio de Netflix - Informe Litoral\" \/>\n<meta property=\"og:description\" content=\"Luego de que Netflix dio a conocer nuevas tarifas para quienes comparten su cuenta, las redes se han inundado de preguntas por parte de los usuarios\" \/>\n<meta property=\"og:url\" content=\"https:\/\/informelitoral.com.ar\/que-pasa-si-viajo-hay-limite-de-pantallas-y-otras-dudas-tras-el-anuncio-de-netflix\/\" \/>\n<meta property=\"og:site_name\" content=\"Informe Litoral\" \/>\n<meta property=\"article:publisher\" content=\"https:\/\/www.facebook.com\/informelitoral\/\" \/>\n<meta property=\"article:published_time\" content=\"2022-07-19T15:32:02+00:00\" \/>\n<meta property=\"og:image\" content=\"https:\/\/informelitoral.com.ar\/%77%70%2d%63%6f%6e%74%65%6e%74\/uploads\/2022\/07\/1633018744_328019_1633020739_noticia_normal_recorte1.jpg\" \/>\n\t<meta property=\"og:image:width\" content=\"1300\" \/>\n\t<meta property=\"og:image:height\" content=\"751\" \/>\n\t<meta property=\"og:image:type\" content=\"image\/jpeg\" \/>\n<meta name=\"author\" content=\"Sebastian\" \/>\n<meta name=\"twitter:card\" content=\"summary_large_image\" \/>\n<meta name=\"twitter:creator\" content=\"@InformeLitoral\" \/>\n<meta name=\"twitter:site\" content=\"@InformeLitoral\" \/>\n<meta name=\"twitter:label1\" content=\"Escrito por\" \/>\n\t<meta name=\"twitter:data1\" content=\"Sebastian\" \/>\n\t<meta name=\"twitter:label2\" content=\"Tiempo de lectura\" \/>\n\t<meta name=\"twitter:data2\" content=\"2 minutos\" \/>\n<script type=\"application\/ld+json\" class=\"yoast-schema-graph\">{\"@context\":\"https:\\\/\\\/schema.org\",\"@graph\":[{\"@type\":\"Article\",\"@id\":\"https:\\\/\\\/informelitoral.com.ar\\\/que-pasa-si-viajo-hay-limite-de-pantallas-y-otras-dudas-tras-el-anuncio-de-netflix\\\/#article\",\"isPartOf\":{\"@id\":\"https:\\\/\\\/informelitoral.com.ar\\\/que-pasa-si-viajo-hay-limite-de-pantallas-y-otras-dudas-tras-el-anuncio-de-netflix\\\/\"},\"author\":{\"name\":\"Sebastian\",\"@id\":\"https:\\\/\\\/informelitoral.com.ar\\\/#\\\/schema\\\/person\\\/f05f9f461677119578717524b127d6d5\"},\"headline\":\"\u00bfQu\u00e9 pasa si viajo? \u00bfHay l\u00edmite de pantallas? y otras dudas tras el anuncio de Netflix\",\"datePublished\":\"2022-07-19T15:32:02+00:00\",\"mainEntityOfPage\":{\"@id\":\"https:\\\/\\\/informelitoral.com.ar\\\/que-pasa-si-viajo-hay-limite-de-pantallas-y-otras-dudas-tras-el-anuncio-de-netflix\\\/\"},\"wordCount\":382,\"commentCount\":0,\"publisher\":{\"@id\":\"https:\\\/\\\/informelitoral.com.ar\\\/#organization\"},\"image\":{\"@id\":\"https:\\\/\\\/informelitoral.com.ar\\\/que-pasa-si-viajo-hay-limite-de-pantallas-y-otras-dudas-tras-el-anuncio-de-netflix\\\/#primaryimage\"},\"thumbnailUrl\":\"https:\\\/\\\/informelitoral.com.ar\\\/%77%70%2d%63%6f%6e%74%65%6e%74\\\/uploads\\\/2022\\\/07\\\/1633018744_328019_1633020739_noticia_normal_recorte1.jpg\",\"keywords\":[\"Netflix\"],\"articleSection\":[\"Econom\u00eda\"],\"inLanguage\":\"es\",\"potentialAction\":[{\"@type\":\"CommentAction\",\"name\":\"Comment\",\"target\":[\"https:\\\/\\\/informelitoral.com.ar\\\/que-pasa-si-viajo-hay-limite-de-pantallas-y-otras-dudas-tras-el-anuncio-de-netflix\\\/#respond\"]}]},{\"@type\":\"WebPage\",\"@id\":\"https:\\\/\\\/informelitoral.com.ar\\\/que-pasa-si-viajo-hay-limite-de-pantallas-y-otras-dudas-tras-el-anuncio-de-netflix\\\/\",\"url\":\"https:\\\/\\\/informelitoral.com.ar\\\/que-pasa-si-viajo-hay-limite-de-pantallas-y-otras-dudas-tras-el-anuncio-de-netflix\\\/\",\"name\":\"\u00bfQu\u00e9 pasa si viajo? \u00bfHay l\u00edmite de pantallas? y otras dudas tras el anuncio de Netflix - Informe Litoral\",\"isPartOf\":{\"@id\":\"https:\\\/\\\/informelitoral.com.ar\\\/#website\"},\"primaryImageOfPage\":{\"@id\":\"https:\\\/\\\/informelitoral.com.ar\\\/que-pasa-si-viajo-hay-limite-de-pantallas-y-otras-dudas-tras-el-anuncio-de-netflix\\\/#primaryimage\"},\"image\":{\"@id\":\"https:\\\/\\\/informelitoral.com.ar\\\/que-pasa-si-viajo-hay-limite-de-pantallas-y-otras-dudas-tras-el-anuncio-de-netflix\\\/#primaryimage\"},\"thumbnailUrl\":\"https:\\\/\\\/informelitoral.com.ar\\\/%77%70%2d%63%6f%6e%74%65%6e%74\\\/uploads\\\/2022\\\/07\\\/1633018744_328019_1633020739_noticia_normal_recorte1.jpg\",\"datePublished\":\"2022-07-19T15:32:02+00:00\",\"breadcrumb\":{\"@id\":\"https:\\\/\\\/informelitoral.com.ar\\\/que-pasa-si-viajo-hay-limite-de-pantallas-y-otras-dudas-tras-el-anuncio-de-netflix\\\/#breadcrumb\"},\"inLanguage\":\"es\",\"potentialAction\":[{\"@type\":\"ReadAction\",\"target\":[\"https:\\\/\\\/informelitoral.com.ar\\\/que-pasa-si-viajo-hay-limite-de-pantallas-y-otras-dudas-tras-el-anuncio-de-netflix\\\/\"]}]},{\"@type\":\"ImageObject\",\"inLanguage\":\"es\",\"@id\":\"https:\\\/\\\/informelitoral.com.ar\\\/que-pasa-si-viajo-hay-limite-de-pantallas-y-otras-dudas-tras-el-anuncio-de-netflix\\\/#primaryimage\",\"url\":\"https:\\\/\\\/informelitoral.com.ar\\\/%77%70%2d%63%6f%6e%74%65%6e%74\\\/uploads\\\/2022\\\/07\\\/1633018744_328019_1633020739_noticia_normal_recorte1.jpg\",\"contentUrl\":\"https:\\\/\\\/informelitoral.com.ar\\\/%77%70%2d%63%6f%6e%74%65%6e%74\\\/uploads\\\/2022\\\/07\\\/1633018744_328019_1633020739_noticia_normal_recorte1.jpg\",\"width\":1300,\"height\":751},{\"@type\":\"BreadcrumbList\",\"@id\":\"https:\\\/\\\/informelitoral.com.ar\\\/que-pasa-si-viajo-hay-limite-de-pantallas-y-otras-dudas-tras-el-anuncio-de-netflix\\\/#breadcrumb\",\"itemListElement\":[{\"@type\":\"ListItem\",\"position\":1,\"name\":\"Portada\",\"item\":\"https:\\\/\\\/informelitoral.com.ar\\\/\"},{\"@type\":\"ListItem\",\"position\":2,\"name\":\"\u00bfQu\u00e9 pasa si viajo? \u00bfHay l\u00edmite de pantallas? y otras dudas tras el anuncio de Netflix\"}]},{\"@type\":\"WebSite\",\"@id\":\"https:\\\/\\\/informelitoral.com.ar\\\/#website\",\"url\":\"https:\\\/\\\/informelitoral.com.ar\\\/\",\"name\":\"Informe Litoral\",\"description\":\"&quot;Nos informamos&quot; \",\"publisher\":{\"@id\":\"https:\\\/\\\/informelitoral.com.ar\\\/#organization\"},\"potentialAction\":[{\"@type\":\"SearchAction\",\"target\":{\"@type\":\"EntryPoint\",\"urlTemplate\":\"https:\\\/\\\/informelitoral.com.ar\\\/?s={search_term_string}\"},\"query-input\":{\"@type\":\"PropertyValueSpecification\",\"valueRequired\":true,\"valueName\":\"search_term_string\"}}],\"inLanguage\":\"es\"},{\"@type\":\"Organization\",\"@id\":\"https:\\\/\\\/informelitoral.com.ar\\\/#organization\",\"name\":\"Informe Litoral\",\"url\":\"https:\\\/\\\/informelitoral.com.ar\\\/\",\"logo\":{\"@type\":\"ImageObject\",\"inLanguage\":\"es\",\"@id\":\"https:\\\/\\\/informelitoral.com.ar\\\/#\\\/schema\\\/logo\\\/image\\\/\",\"url\":\"https:\\\/\\\/informelitoral.com.ar\\\/%77%70%2d%63%6f%6e%74%65%6e%74\\\/uploads\\\/2021\\\/01\\\/circulo.png\",\"contentUrl\":\"https:\\\/\\\/informelitoral.com.ar\\\/%77%70%2d%63%6f%6e%74%65%6e%74\\\/uploads\\\/2021\\\/01\\\/circulo.png\",\"width\":723,\"height\":731,\"caption\":\"Informe Litoral\"},\"image\":{\"@id\":\"https:\\\/\\\/informelitoral.com.ar\\\/#\\\/schema\\\/logo\\\/image\\\/\"},\"sameAs\":[\"https:\\\/\\\/www.facebook.com\\\/informelitoral\\\/\",\"https:\\\/\\\/x.com\\\/InformeLitoral\",\"https:\\\/\\\/www.instagram.com\\\/informelitoral\\\/\",\"https:\\\/\\\/www.youtube.com\\\/channel\\\/UCua4Qvz8Icb6MYqhoq9xLXw\"]},{\"@type\":\"Person\",\"@id\":\"https:\\\/\\\/informelitoral.com.ar\\\/#\\\/schema\\\/person\\\/f05f9f461677119578717524b127d6d5\",\"name\":\"Sebastian\",\"image\":{\"@type\":\"ImageObject\",\"inLanguage\":\"es\",\"@id\":\"https:\\\/\\\/secure.gravatar.com\\\/avatar\\\/b71bf7481d447dfb9583c7f2798e7cc64de6efb9067b74633ed8c31059a3bd82?s=96&d=mm&r=g\",\"url\":\"https:\\\/\\\/secure.gravatar.com\\\/avatar\\\/b71bf7481d447dfb9583c7f2798e7cc64de6efb9067b74633ed8c31059a3bd82?s=96&d=mm&r=g\",\"contentUrl\":\"https:\\\/\\\/secure.gravatar.com\\\/avatar\\\/b71bf7481d447dfb9583c7f2798e7cc64de6efb9067b74633ed8c31059a3bd82?s=96&d=mm&r=g\",\"caption\":\"Sebastian\"},\"url\":\"https:\\\/\\\/informelitoral.com.ar\\\/author\\\/sebastian\\\/\"}]}<\/script>","yoast_head_json":{"title":"\u00bfQu\u00e9 pasa si viajo? \u00bfHay l\u00edmite de pantallas? y otras dudas tras el anuncio de Netflix - Informe Litoral","robots":{"index":"index","follow":"follow","max-snippet":"max-snippet:-1","max-image-preview":"max-image-preview:large","max-video-preview":"max-video-preview:-1"},"canonical":"https:\/\/informelitoral.com.ar\/que-pasa-si-viajo-hay-limite-de-pantallas-y-otras-dudas-tras-el-anuncio-de-netflix\/","og_locale":"es_ES","og_type":"article","og_title":"\u00bfQu\u00e9 pasa si viajo? \u00bfHay l\u00edmite de pantallas? y otras dudas tras el anuncio de Netflix - Informe Litoral","og_description":"Luego de que Netflix dio a conocer nuevas tarifas para quienes comparten su cuenta, las redes se han inundado de preguntas por parte de los usuarios","og_url":"https:\/\/informelitoral.com.ar\/que-pasa-si-viajo-hay-limite-de-pantallas-y-otras-dudas-tras-el-anuncio-de-netflix\/","og_site_name":"Informe Litoral","article_publisher":"https:\/\/www.facebook.com\/informelitoral\/","article_published_time":"2022-07-19T15:32:02+00:00","og_image":[{"width":1300,"height":751,"url":"https:\/\/informelitoral.com.ar\/%77%70%2d%63%6f%6e%74%65%6e%74\/uploads\/2022\/07\/1633018744_328019_1633020739_noticia_normal_recorte1.jpg","type":"image\/jpeg"}],"author":"Sebastian","twitter_card":"summary_large_image","twitter_creator":"@InformeLitoral","twitter_site":"@InformeLitoral","twitter_misc":{"Escrito por":"Sebastian","Tiempo de lectura":"2 minutos"},"schema":{"@context":"https:\/\/schema.org","@graph":[{"@type":"Article","@id":"https:\/\/informelitoral.com.ar\/que-pasa-si-viajo-hay-limite-de-pantallas-y-otras-dudas-tras-el-anuncio-de-netflix\/#article","isPartOf":{"@id":"https:\/\/informelitoral.com.ar\/que-pasa-si-viajo-hay-limite-de-pantallas-y-otras-dudas-tras-el-anuncio-de-netflix\/"},"author":{"name":"Sebastian","@id":"https:\/\/informelitoral.com.ar\/#\/schema\/person\/f05f9f461677119578717524b127d6d5"},"headline":"\u00bfQu\u00e9 pasa si viajo? \u00bfHay l\u00edmite de pantallas? y otras dudas tras el anuncio de Netflix","datePublished":"2022-07-19T15:32:02+00:00","mainEntityOfPage":{"@id":"https:\/\/informelitoral.com.ar\/que-pasa-si-viajo-hay-limite-de-pantallas-y-otras-dudas-tras-el-anuncio-de-netflix\/"},"wordCount":382,"commentCount":0,"publisher":{"@id":"https:\/\/informelitoral.com.ar\/#organization"},"image":{"@id":"https:\/\/informelitoral.com.ar\/que-pasa-si-viajo-hay-limite-de-pantallas-y-otras-dudas-tras-el-anuncio-de-netflix\/#primaryimage"},"thumbnailUrl":"https:\/\/informelitoral.com.ar\/%77%70%2d%63%6f%6e%74%65%6e%74\/uploads\/2022\/07\/1633018744_328019_1633020739_noticia_normal_recorte1.jpg","keywords":["Netflix"],"articleSection":["Econom\u00eda"],"inLanguage":"es","potentialAction":[{"@type":"CommentAction","name":"Comment","target":["https:\/\/informelitoral.com.ar\/que-pasa-si-viajo-hay-limite-de-pantallas-y-otras-dudas-tras-el-anuncio-de-netflix\/#respond"]}]},{"@type":"WebPage","@id":"https:\/\/informelitoral.com.ar\/que-pasa-si-viajo-hay-limite-de-pantallas-y-otras-dudas-tras-el-anuncio-de-netflix\/","url":"https:\/\/informelitoral.com.ar\/que-pasa-si-viajo-hay-limite-de-pantallas-y-otras-dudas-tras-el-anuncio-de-netflix\/","name":"\u00bfQu\u00e9 pasa si viajo? \u00bfHay l\u00edmite de pantallas? y otras dudas tras el anuncio de Netflix - Informe Litoral","isPartOf":{"@id":"https:\/\/informelitoral.com.ar\/#website"},"primaryImageOfPage":{"@id":"https:\/\/informelitoral.com.ar\/que-pasa-si-viajo-hay-limite-de-pantallas-y-otras-dudas-tras-el-anuncio-de-netflix\/#primaryimage"},"image":{"@id":"https:\/\/informelitoral.com.ar\/que-pasa-si-viajo-hay-limite-de-pantallas-y-otras-dudas-tras-el-anuncio-de-netflix\/#primaryimage"},"thumbnailUrl":"https:\/\/informelitoral.com.ar\/%77%70%2d%63%6f%6e%74%65%6e%74\/uploads\/2022\/07\/1633018744_328019_1633020739_noticia_normal_recorte1.jpg","datePublished":"2022-07-19T15:32:02+00:00","breadcrumb":{"@id":"https:\/\/informelitoral.com.ar\/que-pasa-si-viajo-hay-limite-de-pantallas-y-otras-dudas-tras-el-anuncio-de-netflix\/#breadcrumb"},"inLanguage":"es","potentialAction":[{"@type":"ReadAction","target":["https:\/\/informelitoral.com.ar\/que-pasa-si-viajo-hay-limite-de-pantallas-y-otras-dudas-tras-el-anuncio-de-netflix\/"]}]},{"@type":"ImageObject","inLanguage":"es","@id":"https:\/\/informelitoral.com.ar\/que-pasa-si-viajo-hay-limite-de-pantallas-y-otras-dudas-tras-el-anuncio-de-netflix\/#primaryimage","url":"https:\/\/informelitoral.com.ar\/%77%70%2d%63%6f%6e%74%65%6e%74\/uploads\/2022\/07\/1633018744_328019_1633020739_noticia_normal_recorte1.jpg","contentUrl":"https:\/\/informelitoral.com.ar\/%77%70%2d%63%6f%6e%74%65%6e%74\/uploads\/2022\/07\/1633018744_328019_1633020739_noticia_normal_recorte1.jpg","width":1300,"height":751},{"@type":"BreadcrumbList","@id":"https:\/\/informelitoral.com.ar\/que-pasa-si-viajo-hay-limite-de-pantallas-y-otras-dudas-tras-el-anuncio-de-netflix\/#breadcrumb","itemListElement":[{"@type":"ListItem","position":1,"name":"Portada","item":"https:\/\/informelitoral.com.ar\/"},{"@type":"ListItem","position":2,"name":"\u00bfQu\u00e9 pasa si viajo? \u00bfHay l\u00edmite de pantallas? y otras dudas tras el anuncio de Netflix"}]},{"@type":"WebSite","@id":"https:\/\/informelitoral.com.ar\/#website","url":"https:\/\/informelitoral.com.ar\/","name":"Informe Litoral","description":"&quot;Nos informamos&quot; ","publisher":{"@id":"https:\/\/informelitoral.com.ar\/#organization"},"potentialAction":[{"@type":"SearchAction","target":{"@type":"EntryPoint","urlTemplate":"https:\/\/informelitoral.com.ar\/?s={search_term_string}"},"query-input":{"@type":"PropertyValueSpecification","valueRequired":true,"valueName":"search_term_string"}}],"inLanguage":"es"},{"@type":"Organization","@id":"https:\/\/informelitoral.com.ar\/#organization","name":"Informe Litoral","url":"https:\/\/informelitoral.com.ar\/","logo":{"@type":"ImageObject","inLanguage":"es","@id":"https:\/\/informelitoral.com.ar\/#\/schema\/logo\/image\/","url":"https:\/\/informelitoral.com.ar\/%77%70%2d%63%6f%6e%74%65%6e%74\/uploads\/2021\/01\/circulo.png","contentUrl":"https:\/\/informelitoral.com.ar\/%77%70%2d%63%6f%6e%74%65%6e%74\/uploads\/2021\/01\/circulo.png","width":723,"height":731,"caption":"Informe Litoral"},"image":{"@id":"https:\/\/informelitoral.com.ar\/#\/schema\/logo\/image\/"},"sameAs":["https:\/\/www.facebook.com\/informelitoral\/","https:\/\/x.com\/InformeLitoral","https:\/\/www.instagram.com\/informelitoral\/","https:\/\/www.youtube.com\/channel\/UCua4Qvz8Icb6MYqhoq9xLXw"]},{"@type":"Person","@id":"https:\/\/informelitoral.com.ar\/#\/schema\/person\/f05f9f461677119578717524b127d6d5","name":"Sebastian","image":{"@type":"ImageObject","inLanguage":"es","@id":"https:\/\/secure.gravatar.com\/avatar\/b71bf7481d447dfb9583c7f2798e7cc64de6efb9067b74633ed8c31059a3bd82?s=96&d=mm&r=g","url":"https:\/\/secure.gravatar.com\/avatar\/b71bf7481d447dfb9583c7f2798e7cc64de6efb9067b74633ed8c31059a3bd82?s=96&d=mm&r=g","contentUrl":"https:\/\/secure.gravatar.com\/avatar\/b71bf7481d447dfb9583c7f2798e7cc64de6efb9067b74633ed8c31059a3bd82?s=96&d=mm&r=g","caption":"Sebastian"},"url":"https:\/\/informelitoral.com.ar\/author\/sebastian\/"}]}},"_links":{"self":[{"href":"https:\/\/informelitoral.com.ar\/%77%70%2d%6a%73%6f%6e\/wp\/v2\/posts\/82095","targetHints":{"allow":["GET"]}}],"collection":[{"href":"https:\/\/informelitoral.com.ar\/%77%70%2d%6a%73%6f%6e\/wp\/v2\/posts"}],"about":[{"href":"https:\/\/informelitoral.com.ar\/%77%70%2d%6a%73%6f%6e\/wp\/v2\/types\/post"}],"author":[{"embeddable":true,"href":"https:\/\/informelitoral.com.ar\/%77%70%2d%6a%73%6f%6e\/wp\/v2\/users\/8"}],"replies":[{"embeddable":true,"href":"https:\/\/informelitoral.com.ar\/%77%70%2d%6a%73%6f%6e\/wp\/v2\/comments?post=82095"}],"version-history":[{"count":0,"href":"https:\/\/informelitoral.com.ar\/%77%70%2d%6a%73%6f%6e\/wp\/v2\/posts\/82095\/revisions"}],"wp:featuredmedia":[{"embeddable":true,"href":"https:\/\/informelitoral.com.ar\/%77%70%2d%6a%73%6f%6e\/wp\/v2\/media\/82096"}],"wp:attachment":[{"href":"https:\/\/informelitoral.com.ar\/%77%70%2d%6a%73%6f%6e\/wp\/v2\/media?parent=82095"}],"wp:term":[{"taxonomy":"category","embeddable":true,"href":"https:\/\/informelitoral.com.ar\/%77%70%2d%6a%73%6f%6e\/wp\/v2\/categories?post=82095"},{"taxonomy":"post_tag","embeddable":true,"href":"https:\/\/informelitoral.com.ar\/%77%70%2d%6a%73%6f%6e\/wp\/v2\/tags?post=82095"}],"curies":[{"name":"wp","href":"https:\/\/api.w.org\/{rel}","templated":true}]}}