{"id":82090,"date":"2022-07-19T11:11:34","date_gmt":"2022-07-19T14:11:34","guid":{"rendered":"https:\/\/www.informelitoral.com.ar\/?p=82090"},"modified":"2022-07-19T17:29:26","modified_gmt":"2022-07-19T20:29:26","slug":"se-encuentra-abierto-el-programa-de-asistencia-tecnica-dirigido-a-empresas","status":"publish","type":"post","link":"https:\/\/informelitoral.com.ar\/se-encuentra-abierto-el-programa-de-asistencia-tecnica-dirigido-a-empresas\/","title":{"rendered":"Se encuentra abierto el Programa de Asistencia T\u00e9cnica dirigido a empresas"},"content":{"rendered":"<p>El Programa de Asistencia T\u00e9cnica para el Fortalecimiento MiPyME de la Secretar\u00eda de Desarrollo Econ\u00f3mico y Emprendedor del Ministerio de Producci\u00f3n, Turismo y Desarrollo Econ\u00f3mico designa un profesional para trabajar en la empresa durante un periodo de seis meses.<\/p>\n<p><strong>Los ejes tem\u00e1ticos de las capacitaciones son:<\/strong><br \/>\n<strong>a) Comercio exterior e internacionalizaci\u00f3n<\/strong><br \/>\nDesarrollo de \u00e1reas de comercio exterior en la empresa. Adaptaci\u00f3n de procesos productivos y de productos para la apertura de nuevos mercados. Certificaci\u00f3n de normas para la exportaci\u00f3n.<\/p>\n<p><strong>b) Dise\u00f1o<\/strong><br \/>\nDise\u00f1o Industrial: desarrollo de nuevos productos o servicios o modificaci\u00f3n de los ya existentes. Dise\u00f1o gr\u00e1fico: estrategias de comunicaci\u00f3n y posicionamiento en mercados.<\/p>\n<p><strong>c) Implementaci\u00f3n de buenas pr\u00e1cticas, higiene y\/o seguridad<\/strong><br \/>\nImplementaci\u00f3n de buenas pr\u00e1cticas de manufactura. Implementaci\u00f3n de sistemas de gesti\u00f3n de calidad e inocuidad. Aspectos relacionados en general con la mejora de la calidad. Transformaciones para la mejora de la higiene y seguridad de la empresa. Incorporaci\u00f3n de buenas pr\u00e1cticas.<\/p>\n<p><strong>d) Digitalizaci\u00f3n<\/strong><br \/>\nIncorporaci\u00f3n de soluciones tecnol\u00f3gicas y de industria 4.0. Instalaci\u00f3n, soporte y mantenimiento. Digitalizaci\u00f3n de procesos.<\/p>\n<p><strong>e) Formaci\u00f3n integral<\/strong><br \/>\nProgramas de capacitaci\u00f3n intensiva dirigidos al personal y a los directivos de la empresa. Participaci\u00f3n en cursos, seminarios, congresos o jornadas sectorialmente espec\u00edficas y relevantes para la mejora de la competitividad de la empresa.<\/p>\n<p><strong>f) Sistemas y tecnolog\u00edas de gesti\u00f3n<\/strong><br \/>\nConsultor\u00eda para la adopci\u00f3n e implementaci\u00f3n de nuevos sistemas y tecnolog\u00edas y seguimiento de los mismos. Sistemas de gesti\u00f3n de la informaci\u00f3n y monitoreo. Incremento del volumen de trabajo, control de procesos, comunicaci\u00f3n e integraci\u00f3n, gesti\u00f3n eficiente de recursos y reducci\u00f3n de costos, mejora del servicio al cliente, integraci\u00f3n con clientes y proveedores, log\u00edstica y gesti\u00f3n documental.<\/p>\n<p><strong>g) Certificaciones<\/strong><br \/>\nImplementaci\u00f3n de procesos normativos que tengan como objetivo la certificaci\u00f3n de normas. Obtenci\u00f3n de certificaciones nacionales e internacionales sectorialmente espec\u00edficas.<\/p>\n<p><strong>Inscripci\u00f3n<\/strong><\/p>\n<p>Para acceder al Programa es requisito contar con un a\u00f1o de actividad econ\u00f3mica verificable y certificado MiPyME vigente. La inscripci\u00f3n se realiza mediante el link\u00a0<a href=\"https:\/\/www.entrerios.gov.ar\/economicoemprendedor\/patecnica.\" target=\"_blank\" rel=\"noopener\">https:\/\/www.entrerios.gov.ar\/economicoemprendedor\/patecnica.<\/a><\/p>\n<p>Para solicitar asesoramiento acerca del Programa u otras l\u00edneas de asistencia t\u00e9cnica y\/o financiera comunicarse a\u00a0<a href=\"mailto:economicoemprendeorer@gmail.com\">economicoemprendeorer@gmail.com<\/a>.<\/p>\n","protected":false},"excerpt":{"rendered":"<p>El Ministerio de Producci\u00f3n, Turismo y Desarrollo Econ\u00f3mico de la provincia ofrece asistencia t\u00e9cnica a empresas con el objetivo de contribuir al incremento de la productividad, competitividad e internacionalizaci\u00f3n de las MiPyMEs entrerrianas.<\/p>\n","protected":false},"author":8,"featured_media":82091,"comment_status":"open","ping_status":"open","sticky":false,"template":"","format":"standard","meta":{"fifu_image_url":"","fifu_image_alt":"","footnotes":""},"categories":[6],"tags":[3829,3470],"class_list":{"0":"post-82090","1":"post","2":"type-post","3":"status-publish","4":"format-standard","5":"has-post-thumbnail","7":"category-entre-rios","8":"tag-asistencia-tecnica","9":"tag-mipyme"},"yoast_head":"<title>Se encuentra abierto el Programa de Asistencia T\u00e9cnica dirigido a empresas - Informe Litoral<\/title>\n<meta name=\"robots\" content=\"index, follow, max-snippet:-1, max-image-preview:large, max-video-preview:-1\" \/>\n<link rel=\"canonical\" href=\"https:\/\/informelitoral.com.ar\/se-encuentra-abierto-el-programa-de-asistencia-tecnica-dirigido-a-empresas\/\" \/>\n<meta property=\"og:locale\" content=\"es_ES\" \/>\n<meta property=\"og:type\" content=\"article\" \/>\n<meta property=\"og:title\" content=\"Se encuentra abierto el Programa de Asistencia T\u00e9cnica dirigido a empresas - Informe Litoral\" \/>\n<meta property=\"og:description\" content=\"El Ministerio de Producci\u00f3n, Turismo y Desarrollo Econ\u00f3mico de la provincia ofrece asistencia t\u00e9cnica a empresas con el objetivo de contribuir al incremento de la productividad, competitividad e internacionalizaci\u00f3n de las MiPyMEs entrerrianas.\" \/>\n<meta property=\"og:url\" content=\"https:\/\/informelitoral.com.ar\/se-encuentra-abierto-el-programa-de-asistencia-tecnica-dirigido-a-empresas\/\" \/>\n<meta property=\"og:site_name\" content=\"Informe Litoral\" \/>\n<meta property=\"article:publisher\" content=\"https:\/\/www.facebook.com\/informelitoral\/\" \/>\n<meta property=\"article:published_time\" content=\"2022-07-19T14:11:34+00:00\" \/>\n<meta property=\"article:modified_time\" content=\"2022-07-19T20:29:26+00:00\" \/>\n<meta property=\"og:image\" content=\"https:\/\/informelitoral.com.ar\/%77%70%2d%63%6f%6e%74%65%6e%74\/uploads\/2022\/07\/p_1658230626.jpg\" \/>\n\t<meta property=\"og:image:width\" content=\"1920\" \/>\n\t<meta property=\"og:image:height\" content=\"800\" \/>\n\t<meta property=\"og:image:type\" content=\"image\/jpeg\" \/>\n<meta name=\"author\" content=\"Sebastian\" \/>\n<meta name=\"twitter:card\" content=\"summary_large_image\" \/>\n<meta name=\"twitter:creator\" content=\"@InformeLitoral\" \/>\n<meta name=\"twitter:site\" content=\"@InformeLitoral\" \/>\n<meta name=\"twitter:label1\" content=\"Escrito por\" \/>\n\t<meta name=\"twitter:data1\" content=\"Sebastian\" \/>\n\t<meta name=\"twitter:label2\" content=\"Tiempo de lectura\" \/>\n\t<meta name=\"twitter:data2\" content=\"2 minutos\" \/>\n<script type=\"application\/ld+json\" class=\"yoast-schema-graph\">{\"@context\":\"https:\\\/\\\/schema.org\",\"@graph\":[{\"@type\":\"Article\",\"@id\":\"https:\\\/\\\/informelitoral.com.ar\\\/se-encuentra-abierto-el-programa-de-asistencia-tecnica-dirigido-a-empresas\\\/#article\",\"isPartOf\":{\"@id\":\"https:\\\/\\\/informelitoral.com.ar\\\/se-encuentra-abierto-el-programa-de-asistencia-tecnica-dirigido-a-empresas\\\/\"},\"author\":{\"name\":\"Sebastian\",\"@id\":\"https:\\\/\\\/informelitoral.com.ar\\\/#\\\/schema\\\/person\\\/f05f9f461677119578717524b127d6d5\"},\"headline\":\"Se encuentra abierto el Programa de Asistencia T\u00e9cnica dirigido a empresas\",\"datePublished\":\"2022-07-19T14:11:34+00:00\",\"dateModified\":\"2022-07-19T20:29:26+00:00\",\"mainEntityOfPage\":{\"@id\":\"https:\\\/\\\/informelitoral.com.ar\\\/se-encuentra-abierto-el-programa-de-asistencia-tecnica-dirigido-a-empresas\\\/\"},\"wordCount\":415,\"commentCount\":0,\"publisher\":{\"@id\":\"https:\\\/\\\/informelitoral.com.ar\\\/#organization\"},\"image\":{\"@id\":\"https:\\\/\\\/informelitoral.com.ar\\\/se-encuentra-abierto-el-programa-de-asistencia-tecnica-dirigido-a-empresas\\\/#primaryimage\"},\"thumbnailUrl\":\"https:\\\/\\\/informelitoral.com.ar\\\/%77%70%2d%63%6f%6e%74%65%6e%74\\\/uploads\\\/2022\\\/07\\\/p_1658230626.jpg\",\"keywords\":[\"Asistencia t\u00e9cnica\",\"Mipyme\"],\"articleSection\":[\"Entre R\u00edos\"],\"inLanguage\":\"es\",\"potentialAction\":[{\"@type\":\"CommentAction\",\"name\":\"Comment\",\"target\":[\"https:\\\/\\\/informelitoral.com.ar\\\/se-encuentra-abierto-el-programa-de-asistencia-tecnica-dirigido-a-empresas\\\/#respond\"]}]},{\"@type\":\"WebPage\",\"@id\":\"https:\\\/\\\/informelitoral.com.ar\\\/se-encuentra-abierto-el-programa-de-asistencia-tecnica-dirigido-a-empresas\\\/\",\"url\":\"https:\\\/\\\/informelitoral.com.ar\\\/se-encuentra-abierto-el-programa-de-asistencia-tecnica-dirigido-a-empresas\\\/\",\"name\":\"Se encuentra abierto el Programa de Asistencia T\u00e9cnica dirigido a empresas - Informe Litoral\",\"isPartOf\":{\"@id\":\"https:\\\/\\\/informelitoral.com.ar\\\/#website\"},\"primaryImageOfPage\":{\"@id\":\"https:\\\/\\\/informelitoral.com.ar\\\/se-encuentra-abierto-el-programa-de-asistencia-tecnica-dirigido-a-empresas\\\/#primaryimage\"},\"image\":{\"@id\":\"https:\\\/\\\/informelitoral.com.ar\\\/se-encuentra-abierto-el-programa-de-asistencia-tecnica-dirigido-a-empresas\\\/#primaryimage\"},\"thumbnailUrl\":\"https:\\\/\\\/informelitoral.com.ar\\\/%77%70%2d%63%6f%6e%74%65%6e%74\\\/uploads\\\/2022\\\/07\\\/p_1658230626.jpg\",\"datePublished\":\"2022-07-19T14:11:34+00:00\",\"dateModified\":\"2022-07-19T20:29:26+00:00\",\"breadcrumb\":{\"@id\":\"https:\\\/\\\/informelitoral.com.ar\\\/se-encuentra-abierto-el-programa-de-asistencia-tecnica-dirigido-a-empresas\\\/#breadcrumb\"},\"inLanguage\":\"es\",\"potentialAction\":[{\"@type\":\"ReadAction\",\"target\":[\"https:\\\/\\\/informelitoral.com.ar\\\/se-encuentra-abierto-el-programa-de-asistencia-tecnica-dirigido-a-empresas\\\/\"]}]},{\"@type\":\"ImageObject\",\"inLanguage\":\"es\",\"@id\":\"https:\\\/\\\/informelitoral.com.ar\\\/se-encuentra-abierto-el-programa-de-asistencia-tecnica-dirigido-a-empresas\\\/#primaryimage\",\"url\":\"https:\\\/\\\/informelitoral.com.ar\\\/%77%70%2d%63%6f%6e%74%65%6e%74\\\/uploads\\\/2022\\\/07\\\/p_1658230626.jpg\",\"contentUrl\":\"https:\\\/\\\/informelitoral.com.ar\\\/%77%70%2d%63%6f%6e%74%65%6e%74\\\/uploads\\\/2022\\\/07\\\/p_1658230626.jpg\",\"width\":1920,\"height\":800},{\"@type\":\"BreadcrumbList\",\"@id\":\"https:\\\/\\\/informelitoral.com.ar\\\/se-encuentra-abierto-el-programa-de-asistencia-tecnica-dirigido-a-empresas\\\/#breadcrumb\",\"itemListElement\":[{\"@type\":\"ListItem\",\"position\":1,\"name\":\"Portada\",\"item\":\"https:\\\/\\\/informelitoral.com.ar\\\/\"},{\"@type\":\"ListItem\",\"position\":2,\"name\":\"Se encuentra abierto el Programa de Asistencia T\u00e9cnica dirigido a empresas\"}]},{\"@type\":\"WebSite\",\"@id\":\"https:\\\/\\\/informelitoral.com.ar\\\/#website\",\"url\":\"https:\\\/\\\/informelitoral.com.ar\\\/\",\"name\":\"Informe Litoral\",\"description\":\"&quot;Nos informamos&quot; \",\"publisher\":{\"@id\":\"https:\\\/\\\/informelitoral.com.ar\\\/#organization\"},\"potentialAction\":[{\"@type\":\"SearchAction\",\"target\":{\"@type\":\"EntryPoint\",\"urlTemplate\":\"https:\\\/\\\/informelitoral.com.ar\\\/?s={search_term_string}\"},\"query-input\":{\"@type\":\"PropertyValueSpecification\",\"valueRequired\":true,\"valueName\":\"search_term_string\"}}],\"inLanguage\":\"es\"},{\"@type\":\"Organization\",\"@id\":\"https:\\\/\\\/informelitoral.com.ar\\\/#organization\",\"name\":\"Informe Litoral\",\"url\":\"https:\\\/\\\/informelitoral.com.ar\\\/\",\"logo\":{\"@type\":\"ImageObject\",\"inLanguage\":\"es\",\"@id\":\"https:\\\/\\\/informelitoral.com.ar\\\/#\\\/schema\\\/logo\\\/image\\\/\",\"url\":\"https:\\\/\\\/informelitoral.com.ar\\\/%77%70%2d%63%6f%6e%74%65%6e%74\\\/uploads\\\/2021\\\/01\\\/circulo.png\",\"contentUrl\":\"https:\\\/\\\/informelitoral.com.ar\\\/%77%70%2d%63%6f%6e%74%65%6e%74\\\/uploads\\\/2021\\\/01\\\/circulo.png\",\"width\":723,\"height\":731,\"caption\":\"Informe Litoral\"},\"image\":{\"@id\":\"https:\\\/\\\/informelitoral.com.ar\\\/#\\\/schema\\\/logo\\\/image\\\/\"},\"sameAs\":[\"https:\\\/\\\/www.facebook.com\\\/informelitoral\\\/\",\"https:\\\/\\\/x.com\\\/InformeLitoral\",\"https:\\\/\\\/www.instagram.com\\\/informelitoral\\\/\",\"https:\\\/\\\/www.youtube.com\\\/channel\\\/UCua4Qvz8Icb6MYqhoq9xLXw\"]},{\"@type\":\"Person\",\"@id\":\"https:\\\/\\\/informelitoral.com.ar\\\/#\\\/schema\\\/person\\\/f05f9f461677119578717524b127d6d5\",\"name\":\"Sebastian\",\"image\":{\"@type\":\"ImageObject\",\"inLanguage\":\"es\",\"@id\":\"https:\\\/\\\/secure.gravatar.com\\\/avatar\\\/b71bf7481d447dfb9583c7f2798e7cc64de6efb9067b74633ed8c31059a3bd82?s=96&d=mm&r=g\",\"url\":\"https:\\\/\\\/secure.gravatar.com\\\/avatar\\\/b71bf7481d447dfb9583c7f2798e7cc64de6efb9067b74633ed8c31059a3bd82?s=96&d=mm&r=g\",\"contentUrl\":\"https:\\\/\\\/secure.gravatar.com\\\/avatar\\\/b71bf7481d447dfb9583c7f2798e7cc64de6efb9067b74633ed8c31059a3bd82?s=96&d=mm&r=g\",\"caption\":\"Sebastian\"},\"url\":\"https:\\\/\\\/informelitoral.com.ar\\\/author\\\/sebastian\\\/\"}]}<\/script>","yoast_head_json":{"title":"Se encuentra abierto el Programa de Asistencia T\u00e9cnica dirigido a empresas - Informe Litoral","robots":{"index":"index","follow":"follow","max-snippet":"max-snippet:-1","max-image-preview":"max-image-preview:large","max-video-preview":"max-video-preview:-1"},"canonical":"https:\/\/informelitoral.com.ar\/se-encuentra-abierto-el-programa-de-asistencia-tecnica-dirigido-a-empresas\/","og_locale":"es_ES","og_type":"article","og_title":"Se encuentra abierto el Programa de Asistencia T\u00e9cnica dirigido a empresas - Informe Litoral","og_description":"El Ministerio de Producci\u00f3n, Turismo y Desarrollo Econ\u00f3mico de la provincia ofrece asistencia t\u00e9cnica a empresas con el objetivo de contribuir al incremento de la productividad, competitividad e internacionalizaci\u00f3n de las MiPyMEs entrerrianas.","og_url":"https:\/\/informelitoral.com.ar\/se-encuentra-abierto-el-programa-de-asistencia-tecnica-dirigido-a-empresas\/","og_site_name":"Informe Litoral","article_publisher":"https:\/\/www.facebook.com\/informelitoral\/","article_published_time":"2022-07-19T14:11:34+00:00","article_modified_time":"2022-07-19T20:29:26+00:00","og_image":[{"width":1920,"height":800,"url":"https:\/\/informelitoral.com.ar\/%77%70%2d%63%6f%6e%74%65%6e%74\/uploads\/2022\/07\/p_1658230626.jpg","type":"image\/jpeg"}],"author":"Sebastian","twitter_card":"summary_large_image","twitter_creator":"@InformeLitoral","twitter_site":"@InformeLitoral","twitter_misc":{"Escrito por":"Sebastian","Tiempo de lectura":"2 minutos"},"schema":{"@context":"https:\/\/schema.org","@graph":[{"@type":"Article","@id":"https:\/\/informelitoral.com.ar\/se-encuentra-abierto-el-programa-de-asistencia-tecnica-dirigido-a-empresas\/#article","isPartOf":{"@id":"https:\/\/informelitoral.com.ar\/se-encuentra-abierto-el-programa-de-asistencia-tecnica-dirigido-a-empresas\/"},"author":{"name":"Sebastian","@id":"https:\/\/informelitoral.com.ar\/#\/schema\/person\/f05f9f461677119578717524b127d6d5"},"headline":"Se encuentra abierto el Programa de Asistencia T\u00e9cnica dirigido a empresas","datePublished":"2022-07-19T14:11:34+00:00","dateModified":"2022-07-19T20:29:26+00:00","mainEntityOfPage":{"@id":"https:\/\/informelitoral.com.ar\/se-encuentra-abierto-el-programa-de-asistencia-tecnica-dirigido-a-empresas\/"},"wordCount":415,"commentCount":0,"publisher":{"@id":"https:\/\/informelitoral.com.ar\/#organization"},"image":{"@id":"https:\/\/informelitoral.com.ar\/se-encuentra-abierto-el-programa-de-asistencia-tecnica-dirigido-a-empresas\/#primaryimage"},"thumbnailUrl":"https:\/\/informelitoral.com.ar\/%77%70%2d%63%6f%6e%74%65%6e%74\/uploads\/2022\/07\/p_1658230626.jpg","keywords":["Asistencia t\u00e9cnica","Mipyme"],"articleSection":["Entre R\u00edos"],"inLanguage":"es","potentialAction":[{"@type":"CommentAction","name":"Comment","target":["https:\/\/informelitoral.com.ar\/se-encuentra-abierto-el-programa-de-asistencia-tecnica-dirigido-a-empresas\/#respond"]}]},{"@type":"WebPage","@id":"https:\/\/informelitoral.com.ar\/se-encuentra-abierto-el-programa-de-asistencia-tecnica-dirigido-a-empresas\/","url":"https:\/\/informelitoral.com.ar\/se-encuentra-abierto-el-programa-de-asistencia-tecnica-dirigido-a-empresas\/","name":"Se encuentra abierto el Programa de Asistencia T\u00e9cnica dirigido a empresas - Informe Litoral","isPartOf":{"@id":"https:\/\/informelitoral.com.ar\/#website"},"primaryImageOfPage":{"@id":"https:\/\/informelitoral.com.ar\/se-encuentra-abierto-el-programa-de-asistencia-tecnica-dirigido-a-empresas\/#primaryimage"},"image":{"@id":"https:\/\/informelitoral.com.ar\/se-encuentra-abierto-el-programa-de-asistencia-tecnica-dirigido-a-empresas\/#primaryimage"},"thumbnailUrl":"https:\/\/informelitoral.com.ar\/%77%70%2d%63%6f%6e%74%65%6e%74\/uploads\/2022\/07\/p_1658230626.jpg","datePublished":"2022-07-19T14:11:34+00:00","dateModified":"2022-07-19T20:29:26+00:00","breadcrumb":{"@id":"https:\/\/informelitoral.com.ar\/se-encuentra-abierto-el-programa-de-asistencia-tecnica-dirigido-a-empresas\/#breadcrumb"},"inLanguage":"es","potentialAction":[{"@type":"ReadAction","target":["https:\/\/informelitoral.com.ar\/se-encuentra-abierto-el-programa-de-asistencia-tecnica-dirigido-a-empresas\/"]}]},{"@type":"ImageObject","inLanguage":"es","@id":"https:\/\/informelitoral.com.ar\/se-encuentra-abierto-el-programa-de-asistencia-tecnica-dirigido-a-empresas\/#primaryimage","url":"https:\/\/informelitoral.com.ar\/%77%70%2d%63%6f%6e%74%65%6e%74\/uploads\/2022\/07\/p_1658230626.jpg","contentUrl":"https:\/\/informelitoral.com.ar\/%77%70%2d%63%6f%6e%74%65%6e%74\/uploads\/2022\/07\/p_1658230626.jpg","width":1920,"height":800},{"@type":"BreadcrumbList","@id":"https:\/\/informelitoral.com.ar\/se-encuentra-abierto-el-programa-de-asistencia-tecnica-dirigido-a-empresas\/#breadcrumb","itemListElement":[{"@type":"ListItem","position":1,"name":"Portada","item":"https:\/\/informelitoral.com.ar\/"},{"@type":"ListItem","position":2,"name":"Se encuentra abierto el Programa de Asistencia T\u00e9cnica dirigido a empresas"}]},{"@type":"WebSite","@id":"https:\/\/informelitoral.com.ar\/#website","url":"https:\/\/informelitoral.com.ar\/","name":"Informe Litoral","description":"&quot;Nos informamos&quot; ","publisher":{"@id":"https:\/\/informelitoral.com.ar\/#organization"},"potentialAction":[{"@type":"SearchAction","target":{"@type":"EntryPoint","urlTemplate":"https:\/\/informelitoral.com.ar\/?s={search_term_string}"},"query-input":{"@type":"PropertyValueSpecification","valueRequired":true,"valueName":"search_term_string"}}],"inLanguage":"es"},{"@type":"Organization","@id":"https:\/\/informelitoral.com.ar\/#organization","name":"Informe Litoral","url":"https:\/\/informelitoral.com.ar\/","logo":{"@type":"ImageObject","inLanguage":"es","@id":"https:\/\/informelitoral.com.ar\/#\/schema\/logo\/image\/","url":"https:\/\/informelitoral.com.ar\/%77%70%2d%63%6f%6e%74%65%6e%74\/uploads\/2021\/01\/circulo.png","contentUrl":"https:\/\/informelitoral.com.ar\/%77%70%2d%63%6f%6e%74%65%6e%74\/uploads\/2021\/01\/circulo.png","width":723,"height":731,"caption":"Informe Litoral"},"image":{"@id":"https:\/\/informelitoral.com.ar\/#\/schema\/logo\/image\/"},"sameAs":["https:\/\/www.facebook.com\/informelitoral\/","https:\/\/x.com\/InformeLitoral","https:\/\/www.instagram.com\/informelitoral\/","https:\/\/www.youtube.com\/channel\/UCua4Qvz8Icb6MYqhoq9xLXw"]},{"@type":"Person","@id":"https:\/\/informelitoral.com.ar\/#\/schema\/person\/f05f9f461677119578717524b127d6d5","name":"Sebastian","image":{"@type":"ImageObject","inLanguage":"es","@id":"https:\/\/secure.gravatar.com\/avatar\/b71bf7481d447dfb9583c7f2798e7cc64de6efb9067b74633ed8c31059a3bd82?s=96&d=mm&r=g","url":"https:\/\/secure.gravatar.com\/avatar\/b71bf7481d447dfb9583c7f2798e7cc64de6efb9067b74633ed8c31059a3bd82?s=96&d=mm&r=g","contentUrl":"https:\/\/secure.gravatar.com\/avatar\/b71bf7481d447dfb9583c7f2798e7cc64de6efb9067b74633ed8c31059a3bd82?s=96&d=mm&r=g","caption":"Sebastian"},"url":"https:\/\/informelitoral.com.ar\/author\/sebastian\/"}]}},"_links":{"self":[{"href":"https:\/\/informelitoral.com.ar\/%77%70%2d%6a%73%6f%6e\/wp\/v2\/posts\/82090","targetHints":{"allow":["GET"]}}],"collection":[{"href":"https:\/\/informelitoral.com.ar\/%77%70%2d%6a%73%6f%6e\/wp\/v2\/posts"}],"about":[{"href":"https:\/\/informelitoral.com.ar\/%77%70%2d%6a%73%6f%6e\/wp\/v2\/types\/post"}],"author":[{"embeddable":true,"href":"https:\/\/informelitoral.com.ar\/%77%70%2d%6a%73%6f%6e\/wp\/v2\/users\/8"}],"replies":[{"embeddable":true,"href":"https:\/\/informelitoral.com.ar\/%77%70%2d%6a%73%6f%6e\/wp\/v2\/comments?post=82090"}],"version-history":[{"count":0,"href":"https:\/\/informelitoral.com.ar\/%77%70%2d%6a%73%6f%6e\/wp\/v2\/posts\/82090\/revisions"}],"wp:featuredmedia":[{"embeddable":true,"href":"https:\/\/informelitoral.com.ar\/%77%70%2d%6a%73%6f%6e\/wp\/v2\/media\/82091"}],"wp:attachment":[{"href":"https:\/\/informelitoral.com.ar\/%77%70%2d%6a%73%6f%6e\/wp\/v2\/media?parent=82090"}],"wp:term":[{"taxonomy":"category","embeddable":true,"href":"https:\/\/informelitoral.com.ar\/%77%70%2d%6a%73%6f%6e\/wp\/v2\/categories?post=82090"},{"taxonomy":"post_tag","embeddable":true,"href":"https:\/\/informelitoral.com.ar\/%77%70%2d%6a%73%6f%6e\/wp\/v2\/tags?post=82090"}],"curies":[{"name":"wp","href":"https:\/\/api.w.org\/{rel}","templated":true}]}}