{"id":82075,"date":"2022-07-19T10:08:52","date_gmt":"2022-07-19T13:08:52","guid":{"rendered":"https:\/\/www.informelitoral.com.ar\/?p=82075"},"modified":"2022-07-19T10:08:52","modified_gmt":"2022-07-19T13:08:52","slug":"advierten-sobre-el-aumento-del-contrabando-de-granos-en-fronteras","status":"publish","type":"post","link":"https:\/\/informelitoral.com.ar\/advierten-sobre-el-aumento-del-contrabando-de-granos-en-fronteras\/","title":{"rendered":"Advierten sobre el aumento del contrabando de granos en fronteras"},"content":{"rendered":"<p><strong>M\u00e1s de un mill\u00f3n de toneladas de\u00a0granos\u00a0de\u00a0soja\u00a0son contrabandeados a Bolivia y Paraguay a trav\u00e9s de pasos fronterizos y generan al pa\u00eds p\u00e9rdidas de hasta u$s 400 millones por mes<\/strong>, alert\u00f3 la\u00a0<span id=\"saysCMSEmphasisq1gi8e0uczr\" class=\"saysCMSEmphasis\">C\u00e1mara\u00a0Argentina\u00a0de la Industria Aceitera y el Centro de Exportadores de Cereales (Ciara-Cec).<\/span><\/p>\n<p><span id=\"saysCMSEmphasisyy3zc5i3oy\" class=\"saysCMSEmphasis\">\u00abSe nos est\u00e1n yendo 750.000 toneladas de granos de soja a Bolivia y un n\u00famero similar a Paraguay; estamos hablando de u$s 300 o u$s 400 millones que se le est\u00e1n escapando a la Argentina\u00bb,<\/span>\u00a0manifest\u00f3 el presidente de Ciara-Cec,\u00a0<span id=\"saysCMSEmphasis4mrhuc6lg6d\" class=\"saysCMSEmphasis\">Gustavo Id\u00edgoras<\/span>, en declaraciones a Radio 10.<\/p>\n<p>Para Id\u00edgoras, el\u00a0contrabando\u00a0de granos sucede porque \u00aben Argentina la soja vale $ 47.000 promedio y en Paraguay o en Bolivia la pagan $ 80.000, $ 85.000 o a\u00fan m\u00e1s en algunos casos, y eso genera la tentaci\u00f3n de mucha gente de acudir a la zona fronteriza\u00bb.<\/p>\n<p>\u00abTambi\u00e9n nos est\u00e1 pasando con el aceite de girasol\u00bb, remarc\u00f3 el titular de Ciara-Cec.<\/p>\n<div id=\"hybs-mslot-8600-0\" class=\"hybs-mslot\"><\/div>\n<p>Al respecto, coment\u00f3 que \u00abhoy Argentina tiene un precio interno, subsidiado por los fideicomisos\u00bb, y puntualiz\u00f3 que \u00abse ven las marcas de estos productos argentinos, de contrabando en los pa\u00edses lim\u00edtrofes\u00bb.<\/p>\n<p>Id\u00edgoras detall\u00f3 que por las fronteras<span id=\"saysCMSEmphasisnkxt9gc0hk\" class=\"saysCMSEmphasis\">\u00a0\u00abest\u00e1n pasando m\u00e1s de 3.000 camiones por mes\u00bb,\u00a0<\/span>lo cual -continu\u00f3- \u00abreduce la cantidad de veh\u00edculos que llegan a los puertos de la zona de Santa Fe, el gran cl\u00faster exportador de Argentina\u00bb.<\/p>\n<div id=\"hybs-mslot-8600-1\" class=\"hybs-mslot\"><\/div>\n<p>Por \u00faltimo, el dirigente aceitero se\u00f1al\u00f3 que \u00abhace varios meses se viene monitoreando el tema con varias presentaciones al Ministerio de Seguridad y recientemente con el nuevo director de Aduanas, Guillermo Michel, que est\u00e1 comprometido y trabajando con el tema\u00bb, ya que una de las cuestiones principales en las zonas fronterizas es la \u00abausencia del Estado\u00bb, concluy\u00f3.<\/p>\n","protected":false},"excerpt":{"rendered":"<p>Genera p\u00e9rdidas de hasta u$s 400 millones por mes, m\u00e1s de un mill\u00f3n de toneladas de granos de soja pasan a Bolivia y Paraguay donde la pagan entre $80.000 y $85.000 la tonelada.<\/p>\n","protected":false},"author":8,"featured_media":82076,"comment_status":"open","ping_status":"open","sticky":false,"template":"","format":"standard","meta":{"fifu_image_url":"","fifu_image_alt":"","footnotes":""},"categories":[10],"tags":[3828],"class_list":{"0":"post-82075","1":"post","2":"type-post","3":"status-publish","4":"format-standard","5":"has-post-thumbnail","7":"category-campo","8":"tag-contrabando-de-soja"},"yoast_head":"<title>Advierten sobre el aumento del contrabando de granos en fronteras - Informe Litoral<\/title>\n<meta name=\"robots\" content=\"index, follow, max-snippet:-1, max-image-preview:large, max-video-preview:-1\" \/>\n<link rel=\"canonical\" href=\"https:\/\/informelitoral.com.ar\/advierten-sobre-el-aumento-del-contrabando-de-granos-en-fronteras\/\" \/>\n<meta property=\"og:locale\" content=\"es_ES\" \/>\n<meta property=\"og:type\" content=\"article\" \/>\n<meta property=\"og:title\" content=\"Advierten sobre el aumento del contrabando de granos en fronteras - Informe Litoral\" \/>\n<meta property=\"og:description\" content=\"Genera p\u00e9rdidas de hasta u$s 400 millones por mes, m\u00e1s de un mill\u00f3n de toneladas de granos de soja pasan a Bolivia y Paraguay donde la pagan entre $80.000 y $85.000 la tonelada.\" \/>\n<meta property=\"og:url\" content=\"https:\/\/informelitoral.com.ar\/advierten-sobre-el-aumento-del-contrabando-de-granos-en-fronteras\/\" \/>\n<meta property=\"og:site_name\" content=\"Informe Litoral\" \/>\n<meta property=\"article:publisher\" content=\"https:\/\/www.facebook.com\/informelitoral\/\" \/>\n<meta property=\"article:published_time\" content=\"2022-07-19T13:08:52+00:00\" \/>\n<meta property=\"og:image\" content=\"https:\/\/informelitoral.com.ar\/%77%70%2d%63%6f%6e%74%65%6e%74\/uploads\/2022\/07\/1647252383680.jpg\" \/>\n\t<meta property=\"og:image:width\" content=\"1311\" \/>\n\t<meta property=\"og:image:height\" content=\"870\" \/>\n\t<meta property=\"og:image:type\" content=\"image\/jpeg\" \/>\n<meta name=\"author\" content=\"Sebastian\" \/>\n<meta name=\"twitter:card\" content=\"summary_large_image\" \/>\n<meta name=\"twitter:creator\" content=\"@InformeLitoral\" \/>\n<meta name=\"twitter:site\" content=\"@InformeLitoral\" \/>\n<meta name=\"twitter:label1\" content=\"Escrito por\" \/>\n\t<meta name=\"twitter:data1\" content=\"Sebastian\" \/>\n\t<meta name=\"twitter:label2\" content=\"Tiempo de lectura\" \/>\n\t<meta name=\"twitter:data2\" content=\"2 minutos\" \/>\n<script type=\"application\/ld+json\" class=\"yoast-schema-graph\">{\"@context\":\"https:\\\/\\\/schema.org\",\"@graph\":[{\"@type\":\"Article\",\"@id\":\"https:\\\/\\\/informelitoral.com.ar\\\/advierten-sobre-el-aumento-del-contrabando-de-granos-en-fronteras\\\/#article\",\"isPartOf\":{\"@id\":\"https:\\\/\\\/informelitoral.com.ar\\\/advierten-sobre-el-aumento-del-contrabando-de-granos-en-fronteras\\\/\"},\"author\":{\"name\":\"Sebastian\",\"@id\":\"https:\\\/\\\/informelitoral.com.ar\\\/#\\\/schema\\\/person\\\/f05f9f461677119578717524b127d6d5\"},\"headline\":\"Advierten sobre el aumento del contrabando de granos en fronteras\",\"datePublished\":\"2022-07-19T13:08:52+00:00\",\"mainEntityOfPage\":{\"@id\":\"https:\\\/\\\/informelitoral.com.ar\\\/advierten-sobre-el-aumento-del-contrabando-de-granos-en-fronteras\\\/\"},\"wordCount\":310,\"commentCount\":0,\"publisher\":{\"@id\":\"https:\\\/\\\/informelitoral.com.ar\\\/#organization\"},\"image\":{\"@id\":\"https:\\\/\\\/informelitoral.com.ar\\\/advierten-sobre-el-aumento-del-contrabando-de-granos-en-fronteras\\\/#primaryimage\"},\"thumbnailUrl\":\"https:\\\/\\\/informelitoral.com.ar\\\/%77%70%2d%63%6f%6e%74%65%6e%74\\\/uploads\\\/2022\\\/07\\\/1647252383680.jpg\",\"keywords\":[\"Contrabando de soja\"],\"articleSection\":[\"Campo\"],\"inLanguage\":\"es\",\"potentialAction\":[{\"@type\":\"CommentAction\",\"name\":\"Comment\",\"target\":[\"https:\\\/\\\/informelitoral.com.ar\\\/advierten-sobre-el-aumento-del-contrabando-de-granos-en-fronteras\\\/#respond\"]}]},{\"@type\":\"WebPage\",\"@id\":\"https:\\\/\\\/informelitoral.com.ar\\\/advierten-sobre-el-aumento-del-contrabando-de-granos-en-fronteras\\\/\",\"url\":\"https:\\\/\\\/informelitoral.com.ar\\\/advierten-sobre-el-aumento-del-contrabando-de-granos-en-fronteras\\\/\",\"name\":\"Advierten sobre el aumento del contrabando de granos en fronteras - Informe Litoral\",\"isPartOf\":{\"@id\":\"https:\\\/\\\/informelitoral.com.ar\\\/#website\"},\"primaryImageOfPage\":{\"@id\":\"https:\\\/\\\/informelitoral.com.ar\\\/advierten-sobre-el-aumento-del-contrabando-de-granos-en-fronteras\\\/#primaryimage\"},\"image\":{\"@id\":\"https:\\\/\\\/informelitoral.com.ar\\\/advierten-sobre-el-aumento-del-contrabando-de-granos-en-fronteras\\\/#primaryimage\"},\"thumbnailUrl\":\"https:\\\/\\\/informelitoral.com.ar\\\/%77%70%2d%63%6f%6e%74%65%6e%74\\\/uploads\\\/2022\\\/07\\\/1647252383680.jpg\",\"datePublished\":\"2022-07-19T13:08:52+00:00\",\"breadcrumb\":{\"@id\":\"https:\\\/\\\/informelitoral.com.ar\\\/advierten-sobre-el-aumento-del-contrabando-de-granos-en-fronteras\\\/#breadcrumb\"},\"inLanguage\":\"es\",\"potentialAction\":[{\"@type\":\"ReadAction\",\"target\":[\"https:\\\/\\\/informelitoral.com.ar\\\/advierten-sobre-el-aumento-del-contrabando-de-granos-en-fronteras\\\/\"]}]},{\"@type\":\"ImageObject\",\"inLanguage\":\"es\",\"@id\":\"https:\\\/\\\/informelitoral.com.ar\\\/advierten-sobre-el-aumento-del-contrabando-de-granos-en-fronteras\\\/#primaryimage\",\"url\":\"https:\\\/\\\/informelitoral.com.ar\\\/%77%70%2d%63%6f%6e%74%65%6e%74\\\/uploads\\\/2022\\\/07\\\/1647252383680.jpg\",\"contentUrl\":\"https:\\\/\\\/informelitoral.com.ar\\\/%77%70%2d%63%6f%6e%74%65%6e%74\\\/uploads\\\/2022\\\/07\\\/1647252383680.jpg\",\"width\":1311,\"height\":870},{\"@type\":\"BreadcrumbList\",\"@id\":\"https:\\\/\\\/informelitoral.com.ar\\\/advierten-sobre-el-aumento-del-contrabando-de-granos-en-fronteras\\\/#breadcrumb\",\"itemListElement\":[{\"@type\":\"ListItem\",\"position\":1,\"name\":\"Portada\",\"item\":\"https:\\\/\\\/informelitoral.com.ar\\\/\"},{\"@type\":\"ListItem\",\"position\":2,\"name\":\"Advierten sobre el aumento del contrabando de granos en fronteras\"}]},{\"@type\":\"WebSite\",\"@id\":\"https:\\\/\\\/informelitoral.com.ar\\\/#website\",\"url\":\"https:\\\/\\\/informelitoral.com.ar\\\/\",\"name\":\"Informe Litoral\",\"description\":\"&quot;Nos informamos&quot; \",\"publisher\":{\"@id\":\"https:\\\/\\\/informelitoral.com.ar\\\/#organization\"},\"potentialAction\":[{\"@type\":\"SearchAction\",\"target\":{\"@type\":\"EntryPoint\",\"urlTemplate\":\"https:\\\/\\\/informelitoral.com.ar\\\/?s={search_term_string}\"},\"query-input\":{\"@type\":\"PropertyValueSpecification\",\"valueRequired\":true,\"valueName\":\"search_term_string\"}}],\"inLanguage\":\"es\"},{\"@type\":\"Organization\",\"@id\":\"https:\\\/\\\/informelitoral.com.ar\\\/#organization\",\"name\":\"Informe Litoral\",\"url\":\"https:\\\/\\\/informelitoral.com.ar\\\/\",\"logo\":{\"@type\":\"ImageObject\",\"inLanguage\":\"es\",\"@id\":\"https:\\\/\\\/informelitoral.com.ar\\\/#\\\/schema\\\/logo\\\/image\\\/\",\"url\":\"https:\\\/\\\/informelitoral.com.ar\\\/%77%70%2d%63%6f%6e%74%65%6e%74\\\/uploads\\\/2021\\\/01\\\/circulo.png\",\"contentUrl\":\"https:\\\/\\\/informelitoral.com.ar\\\/%77%70%2d%63%6f%6e%74%65%6e%74\\\/uploads\\\/2021\\\/01\\\/circulo.png\",\"width\":723,\"height\":731,\"caption\":\"Informe Litoral\"},\"image\":{\"@id\":\"https:\\\/\\\/informelitoral.com.ar\\\/#\\\/schema\\\/logo\\\/image\\\/\"},\"sameAs\":[\"https:\\\/\\\/www.facebook.com\\\/informelitoral\\\/\",\"https:\\\/\\\/x.com\\\/InformeLitoral\",\"https:\\\/\\\/www.instagram.com\\\/informelitoral\\\/\",\"https:\\\/\\\/www.youtube.com\\\/channel\\\/UCua4Qvz8Icb6MYqhoq9xLXw\"]},{\"@type\":\"Person\",\"@id\":\"https:\\\/\\\/informelitoral.com.ar\\\/#\\\/schema\\\/person\\\/f05f9f461677119578717524b127d6d5\",\"name\":\"Sebastian\",\"image\":{\"@type\":\"ImageObject\",\"inLanguage\":\"es\",\"@id\":\"https:\\\/\\\/secure.gravatar.com\\\/avatar\\\/b71bf7481d447dfb9583c7f2798e7cc64de6efb9067b74633ed8c31059a3bd82?s=96&d=mm&r=g\",\"url\":\"https:\\\/\\\/secure.gravatar.com\\\/avatar\\\/b71bf7481d447dfb9583c7f2798e7cc64de6efb9067b74633ed8c31059a3bd82?s=96&d=mm&r=g\",\"contentUrl\":\"https:\\\/\\\/secure.gravatar.com\\\/avatar\\\/b71bf7481d447dfb9583c7f2798e7cc64de6efb9067b74633ed8c31059a3bd82?s=96&d=mm&r=g\",\"caption\":\"Sebastian\"},\"url\":\"https:\\\/\\\/informelitoral.com.ar\\\/author\\\/sebastian\\\/\"}]}<\/script>","yoast_head_json":{"title":"Advierten sobre el aumento del contrabando de granos en fronteras - Informe Litoral","robots":{"index":"index","follow":"follow","max-snippet":"max-snippet:-1","max-image-preview":"max-image-preview:large","max-video-preview":"max-video-preview:-1"},"canonical":"https:\/\/informelitoral.com.ar\/advierten-sobre-el-aumento-del-contrabando-de-granos-en-fronteras\/","og_locale":"es_ES","og_type":"article","og_title":"Advierten sobre el aumento del contrabando de granos en fronteras - Informe Litoral","og_description":"Genera p\u00e9rdidas de hasta u$s 400 millones por mes, m\u00e1s de un mill\u00f3n de toneladas de granos de soja pasan a Bolivia y Paraguay donde la pagan entre $80.000 y $85.000 la tonelada.","og_url":"https:\/\/informelitoral.com.ar\/advierten-sobre-el-aumento-del-contrabando-de-granos-en-fronteras\/","og_site_name":"Informe Litoral","article_publisher":"https:\/\/www.facebook.com\/informelitoral\/","article_published_time":"2022-07-19T13:08:52+00:00","og_image":[{"width":1311,"height":870,"url":"https:\/\/informelitoral.com.ar\/%77%70%2d%63%6f%6e%74%65%6e%74\/uploads\/2022\/07\/1647252383680.jpg","type":"image\/jpeg"}],"author":"Sebastian","twitter_card":"summary_large_image","twitter_creator":"@InformeLitoral","twitter_site":"@InformeLitoral","twitter_misc":{"Escrito por":"Sebastian","Tiempo de lectura":"2 minutos"},"schema":{"@context":"https:\/\/schema.org","@graph":[{"@type":"Article","@id":"https:\/\/informelitoral.com.ar\/advierten-sobre-el-aumento-del-contrabando-de-granos-en-fronteras\/#article","isPartOf":{"@id":"https:\/\/informelitoral.com.ar\/advierten-sobre-el-aumento-del-contrabando-de-granos-en-fronteras\/"},"author":{"name":"Sebastian","@id":"https:\/\/informelitoral.com.ar\/#\/schema\/person\/f05f9f461677119578717524b127d6d5"},"headline":"Advierten sobre el aumento del contrabando de granos en fronteras","datePublished":"2022-07-19T13:08:52+00:00","mainEntityOfPage":{"@id":"https:\/\/informelitoral.com.ar\/advierten-sobre-el-aumento-del-contrabando-de-granos-en-fronteras\/"},"wordCount":310,"commentCount":0,"publisher":{"@id":"https:\/\/informelitoral.com.ar\/#organization"},"image":{"@id":"https:\/\/informelitoral.com.ar\/advierten-sobre-el-aumento-del-contrabando-de-granos-en-fronteras\/#primaryimage"},"thumbnailUrl":"https:\/\/informelitoral.com.ar\/%77%70%2d%63%6f%6e%74%65%6e%74\/uploads\/2022\/07\/1647252383680.jpg","keywords":["Contrabando de soja"],"articleSection":["Campo"],"inLanguage":"es","potentialAction":[{"@type":"CommentAction","name":"Comment","target":["https:\/\/informelitoral.com.ar\/advierten-sobre-el-aumento-del-contrabando-de-granos-en-fronteras\/#respond"]}]},{"@type":"WebPage","@id":"https:\/\/informelitoral.com.ar\/advierten-sobre-el-aumento-del-contrabando-de-granos-en-fronteras\/","url":"https:\/\/informelitoral.com.ar\/advierten-sobre-el-aumento-del-contrabando-de-granos-en-fronteras\/","name":"Advierten sobre el aumento del contrabando de granos en fronteras - Informe Litoral","isPartOf":{"@id":"https:\/\/informelitoral.com.ar\/#website"},"primaryImageOfPage":{"@id":"https:\/\/informelitoral.com.ar\/advierten-sobre-el-aumento-del-contrabando-de-granos-en-fronteras\/#primaryimage"},"image":{"@id":"https:\/\/informelitoral.com.ar\/advierten-sobre-el-aumento-del-contrabando-de-granos-en-fronteras\/#primaryimage"},"thumbnailUrl":"https:\/\/informelitoral.com.ar\/%77%70%2d%63%6f%6e%74%65%6e%74\/uploads\/2022\/07\/1647252383680.jpg","datePublished":"2022-07-19T13:08:52+00:00","breadcrumb":{"@id":"https:\/\/informelitoral.com.ar\/advierten-sobre-el-aumento-del-contrabando-de-granos-en-fronteras\/#breadcrumb"},"inLanguage":"es","potentialAction":[{"@type":"ReadAction","target":["https:\/\/informelitoral.com.ar\/advierten-sobre-el-aumento-del-contrabando-de-granos-en-fronteras\/"]}]},{"@type":"ImageObject","inLanguage":"es","@id":"https:\/\/informelitoral.com.ar\/advierten-sobre-el-aumento-del-contrabando-de-granos-en-fronteras\/#primaryimage","url":"https:\/\/informelitoral.com.ar\/%77%70%2d%63%6f%6e%74%65%6e%74\/uploads\/2022\/07\/1647252383680.jpg","contentUrl":"https:\/\/informelitoral.com.ar\/%77%70%2d%63%6f%6e%74%65%6e%74\/uploads\/2022\/07\/1647252383680.jpg","width":1311,"height":870},{"@type":"BreadcrumbList","@id":"https:\/\/informelitoral.com.ar\/advierten-sobre-el-aumento-del-contrabando-de-granos-en-fronteras\/#breadcrumb","itemListElement":[{"@type":"ListItem","position":1,"name":"Portada","item":"https:\/\/informelitoral.com.ar\/"},{"@type":"ListItem","position":2,"name":"Advierten sobre el aumento del contrabando de granos en fronteras"}]},{"@type":"WebSite","@id":"https:\/\/informelitoral.com.ar\/#website","url":"https:\/\/informelitoral.com.ar\/","name":"Informe Litoral","description":"&quot;Nos informamos&quot; ","publisher":{"@id":"https:\/\/informelitoral.com.ar\/#organization"},"potentialAction":[{"@type":"SearchAction","target":{"@type":"EntryPoint","urlTemplate":"https:\/\/informelitoral.com.ar\/?s={search_term_string}"},"query-input":{"@type":"PropertyValueSpecification","valueRequired":true,"valueName":"search_term_string"}}],"inLanguage":"es"},{"@type":"Organization","@id":"https:\/\/informelitoral.com.ar\/#organization","name":"Informe Litoral","url":"https:\/\/informelitoral.com.ar\/","logo":{"@type":"ImageObject","inLanguage":"es","@id":"https:\/\/informelitoral.com.ar\/#\/schema\/logo\/image\/","url":"https:\/\/informelitoral.com.ar\/%77%70%2d%63%6f%6e%74%65%6e%74\/uploads\/2021\/01\/circulo.png","contentUrl":"https:\/\/informelitoral.com.ar\/%77%70%2d%63%6f%6e%74%65%6e%74\/uploads\/2021\/01\/circulo.png","width":723,"height":731,"caption":"Informe Litoral"},"image":{"@id":"https:\/\/informelitoral.com.ar\/#\/schema\/logo\/image\/"},"sameAs":["https:\/\/www.facebook.com\/informelitoral\/","https:\/\/x.com\/InformeLitoral","https:\/\/www.instagram.com\/informelitoral\/","https:\/\/www.youtube.com\/channel\/UCua4Qvz8Icb6MYqhoq9xLXw"]},{"@type":"Person","@id":"https:\/\/informelitoral.com.ar\/#\/schema\/person\/f05f9f461677119578717524b127d6d5","name":"Sebastian","image":{"@type":"ImageObject","inLanguage":"es","@id":"https:\/\/secure.gravatar.com\/avatar\/b71bf7481d447dfb9583c7f2798e7cc64de6efb9067b74633ed8c31059a3bd82?s=96&d=mm&r=g","url":"https:\/\/secure.gravatar.com\/avatar\/b71bf7481d447dfb9583c7f2798e7cc64de6efb9067b74633ed8c31059a3bd82?s=96&d=mm&r=g","contentUrl":"https:\/\/secure.gravatar.com\/avatar\/b71bf7481d447dfb9583c7f2798e7cc64de6efb9067b74633ed8c31059a3bd82?s=96&d=mm&r=g","caption":"Sebastian"},"url":"https:\/\/informelitoral.com.ar\/author\/sebastian\/"}]}},"_links":{"self":[{"href":"https:\/\/informelitoral.com.ar\/%77%70%2d%6a%73%6f%6e\/wp\/v2\/posts\/82075","targetHints":{"allow":["GET"]}}],"collection":[{"href":"https:\/\/informelitoral.com.ar\/%77%70%2d%6a%73%6f%6e\/wp\/v2\/posts"}],"about":[{"href":"https:\/\/informelitoral.com.ar\/%77%70%2d%6a%73%6f%6e\/wp\/v2\/types\/post"}],"author":[{"embeddable":true,"href":"https:\/\/informelitoral.com.ar\/%77%70%2d%6a%73%6f%6e\/wp\/v2\/users\/8"}],"replies":[{"embeddable":true,"href":"https:\/\/informelitoral.com.ar\/%77%70%2d%6a%73%6f%6e\/wp\/v2\/comments?post=82075"}],"version-history":[{"count":0,"href":"https:\/\/informelitoral.com.ar\/%77%70%2d%6a%73%6f%6e\/wp\/v2\/posts\/82075\/revisions"}],"wp:featuredmedia":[{"embeddable":true,"href":"https:\/\/informelitoral.com.ar\/%77%70%2d%6a%73%6f%6e\/wp\/v2\/media\/82076"}],"wp:attachment":[{"href":"https:\/\/informelitoral.com.ar\/%77%70%2d%6a%73%6f%6e\/wp\/v2\/media?parent=82075"}],"wp:term":[{"taxonomy":"category","embeddable":true,"href":"https:\/\/informelitoral.com.ar\/%77%70%2d%6a%73%6f%6e\/wp\/v2\/categories?post=82075"},{"taxonomy":"post_tag","embeddable":true,"href":"https:\/\/informelitoral.com.ar\/%77%70%2d%6a%73%6f%6e\/wp\/v2\/tags?post=82075"}],"curies":[{"name":"wp","href":"https:\/\/api.w.org\/{rel}","templated":true}]}}