{"id":82068,"date":"2022-07-19T09:04:47","date_gmt":"2022-07-19T12:04:47","guid":{"rendered":"https:\/\/www.informelitoral.com.ar\/?p=82068"},"modified":"2022-07-19T09:04:53","modified_gmt":"2022-07-19T12:04:53","slug":"mas-de-500-mil-personas-ya-se-inscribieron-en-el-registro-para-recibir-subsidios","status":"publish","type":"post","link":"https:\/\/informelitoral.com.ar\/mas-de-500-mil-personas-ya-se-inscribieron-en-el-registro-para-recibir-subsidios\/","title":{"rendered":"M\u00e1s de 500 mil personas ya se inscribieron en el registro para recibir subsidios"},"content":{"rendered":"<p>M\u00e1s de medio mill\u00f3n de usuarios complet\u00f3 de manera online hasta el momento el formulario para solicitar el subsidio a las tarifas de electricidad y gas.<br \/>\nLa asistencia estatal ser\u00e1 percibida desde el 1\u00ba de agosto hasta fin de a\u00f1o y para saber qui\u00e9nes integrar\u00e1n el listado se definieron tres categor\u00edas.<\/p>\n<p>Seg\u00fan la Secretaria de Energ\u00eda, hasta el domingo por la noche 500.823 usuarios completaron el formulario de manera online y 263.059 inscriptos quedaron en el segmento de ingresos bajos, despu\u00e9s otros 220.365 est\u00e1n dentro del sector de ingresos medios y, por \u00faltimo, 17.399 usuarios perder\u00e1n los subsidios de forma gradual hasta fin de a\u00f1o ya que alcanzan a la categor\u00eda de mayores ingresos.<\/p>\n<p>El mismo fue segmentado con la terminaci\u00f3n del n\u00famero de DNI para que la p\u00e1gina no colapse. Entre el 15\/07 al 19\/07 podr\u00e1n entrar los DNI de las personas que terminen en 0-1-2, desde el 20\/07 al 22\/07 tendr\u00e1n lugar los n\u00fameros 3-4-5 y, por \u00faltimo, del 23\/07 al 26\/07 para los 6-7-8-9.<\/p>\n<p>Para las personas que no ingresaron en su debido tiempo, el formulario seguir\u00e1 disponible hasta que julio finalice y todos aquellos que no respetaron su lugar seg\u00fan su DNI podr\u00e1n hacerlo despu\u00e9s del martes 26.<\/p>\n<p>Los usuarios que integran el nivel \u00abAlto\u00bb no podr\u00e1n tener acceso al subsidio ya que sus ingresos est\u00e1n por encima de lo establecido, que son $333 mil por mes. Para los que est\u00e9n en la categor\u00eda \u00abMedio\u00bb percibir\u00e1n dicho beneficio, pero en un porcentaje m\u00e1s reducido; y para los del nivel \u00abSocial\u00bb el subsidio ser\u00e1 del 100%.<\/p>\n<p>El registro se encuentra en la p\u00e1gina web oficial Segmentaci\u00f3n Energ\u00e9tica (https:\/\/www.argentina.gob.ar\/subsidios ). Tambi\u00e9n indicaron que el formulario se puede completar a trav\u00e9s de la App \u00abMi Argentina\u00bb, secci\u00f3n \u00abTr\u00e1mites\u00bb o de manera presencial en las oficinas del ANSES.<\/p>\n<p>&nbsp;<\/p>\n","protected":false},"excerpt":{"rendered":"<p>Seg\u00fan la Secretaria de Energ\u00eda, hasta el domingo por la noche 500.823 usuarios completaron el formulario de manera online y 263.059 inscriptos quedaron en el segmento de ingresos bajos.<\/p>\n","protected":false},"author":8,"featured_media":24481,"comment_status":"open","ping_status":"open","sticky":false,"template":"","format":"standard","meta":{"fifu_image_url":"","fifu_image_alt":"","footnotes":""},"categories":[1594],"tags":[269,3179],"class_list":{"0":"post-82068","1":"post","2":"type-post","3":"status-publish","4":"format-standard","5":"has-post-thumbnail","7":"category-economia","8":"tag-anses","9":"tag-subsidios"},"yoast_head":"<title>M\u00e1s de 500 mil personas ya se inscribieron en el registro para recibir subsidios - Informe Litoral<\/title>\n<meta name=\"robots\" content=\"index, follow, max-snippet:-1, max-image-preview:large, max-video-preview:-1\" \/>\n<link rel=\"canonical\" href=\"https:\/\/informelitoral.com.ar\/mas-de-500-mil-personas-ya-se-inscribieron-en-el-registro-para-recibir-subsidios\/\" \/>\n<meta property=\"og:locale\" content=\"es_ES\" \/>\n<meta property=\"og:type\" content=\"article\" \/>\n<meta property=\"og:title\" content=\"M\u00e1s de 500 mil personas ya se inscribieron en el registro para recibir subsidios - Informe Litoral\" \/>\n<meta property=\"og:description\" content=\"Seg\u00fan la Secretaria de Energ\u00eda, hasta el domingo por la noche 500.823 usuarios completaron el formulario de manera online y 263.059 inscriptos quedaron en el segmento de ingresos bajos.\" \/>\n<meta property=\"og:url\" content=\"https:\/\/informelitoral.com.ar\/mas-de-500-mil-personas-ya-se-inscribieron-en-el-registro-para-recibir-subsidios\/\" \/>\n<meta property=\"og:site_name\" content=\"Informe Litoral\" \/>\n<meta property=\"article:publisher\" content=\"https:\/\/www.facebook.com\/informelitoral\/\" \/>\n<meta property=\"article:published_time\" content=\"2022-07-19T12:04:47+00:00\" \/>\n<meta property=\"article:modified_time\" content=\"2022-07-19T12:04:53+00:00\" \/>\n<meta property=\"og:image\" content=\"https:\/\/informelitoral.com.ar\/%77%70%2d%63%6f%6e%74%65%6e%74\/uploads\/2018\/01\/anses_39_0_0.jpg\" \/>\n\t<meta property=\"og:image:width\" content=\"1020\" \/>\n\t<meta property=\"og:image:height\" content=\"560\" \/>\n\t<meta property=\"og:image:type\" content=\"image\/jpeg\" \/>\n<meta name=\"author\" content=\"Sebastian\" \/>\n<meta name=\"twitter:card\" content=\"summary_large_image\" \/>\n<meta name=\"twitter:creator\" content=\"@InformeLitoral\" \/>\n<meta name=\"twitter:site\" content=\"@InformeLitoral\" \/>\n<meta name=\"twitter:label1\" content=\"Escrito por\" \/>\n\t<meta name=\"twitter:data1\" content=\"Sebastian\" \/>\n\t<meta name=\"twitter:label2\" content=\"Tiempo de lectura\" \/>\n\t<meta name=\"twitter:data2\" content=\"2 minutos\" \/>\n<script type=\"application\/ld+json\" class=\"yoast-schema-graph\">{\"@context\":\"https:\\\/\\\/schema.org\",\"@graph\":[{\"@type\":\"Article\",\"@id\":\"https:\\\/\\\/informelitoral.com.ar\\\/mas-de-500-mil-personas-ya-se-inscribieron-en-el-registro-para-recibir-subsidios\\\/#article\",\"isPartOf\":{\"@id\":\"https:\\\/\\\/informelitoral.com.ar\\\/mas-de-500-mil-personas-ya-se-inscribieron-en-el-registro-para-recibir-subsidios\\\/\"},\"author\":{\"name\":\"Sebastian\",\"@id\":\"https:\\\/\\\/informelitoral.com.ar\\\/#\\\/schema\\\/person\\\/f05f9f461677119578717524b127d6d5\"},\"headline\":\"M\u00e1s de 500 mil personas ya se inscribieron en el registro para recibir subsidios\",\"datePublished\":\"2022-07-19T12:04:47+00:00\",\"dateModified\":\"2022-07-19T12:04:53+00:00\",\"mainEntityOfPage\":{\"@id\":\"https:\\\/\\\/informelitoral.com.ar\\\/mas-de-500-mil-personas-ya-se-inscribieron-en-el-registro-para-recibir-subsidios\\\/\"},\"wordCount\":342,\"commentCount\":0,\"publisher\":{\"@id\":\"https:\\\/\\\/informelitoral.com.ar\\\/#organization\"},\"image\":{\"@id\":\"https:\\\/\\\/informelitoral.com.ar\\\/mas-de-500-mil-personas-ya-se-inscribieron-en-el-registro-para-recibir-subsidios\\\/#primaryimage\"},\"thumbnailUrl\":\"https:\\\/\\\/informelitoral.com.ar\\\/%77%70%2d%63%6f%6e%74%65%6e%74\\\/uploads\\\/2018\\\/01\\\/anses_39_0_0.jpg\",\"keywords\":[\"Anses\",\"subsidios\"],\"articleSection\":[\"Econom\u00eda\"],\"inLanguage\":\"es\",\"potentialAction\":[{\"@type\":\"CommentAction\",\"name\":\"Comment\",\"target\":[\"https:\\\/\\\/informelitoral.com.ar\\\/mas-de-500-mil-personas-ya-se-inscribieron-en-el-registro-para-recibir-subsidios\\\/#respond\"]}]},{\"@type\":\"WebPage\",\"@id\":\"https:\\\/\\\/informelitoral.com.ar\\\/mas-de-500-mil-personas-ya-se-inscribieron-en-el-registro-para-recibir-subsidios\\\/\",\"url\":\"https:\\\/\\\/informelitoral.com.ar\\\/mas-de-500-mil-personas-ya-se-inscribieron-en-el-registro-para-recibir-subsidios\\\/\",\"name\":\"M\u00e1s de 500 mil personas ya se inscribieron en el registro para recibir subsidios - Informe Litoral\",\"isPartOf\":{\"@id\":\"https:\\\/\\\/informelitoral.com.ar\\\/#website\"},\"primaryImageOfPage\":{\"@id\":\"https:\\\/\\\/informelitoral.com.ar\\\/mas-de-500-mil-personas-ya-se-inscribieron-en-el-registro-para-recibir-subsidios\\\/#primaryimage\"},\"image\":{\"@id\":\"https:\\\/\\\/informelitoral.com.ar\\\/mas-de-500-mil-personas-ya-se-inscribieron-en-el-registro-para-recibir-subsidios\\\/#primaryimage\"},\"thumbnailUrl\":\"https:\\\/\\\/informelitoral.com.ar\\\/%77%70%2d%63%6f%6e%74%65%6e%74\\\/uploads\\\/2018\\\/01\\\/anses_39_0_0.jpg\",\"datePublished\":\"2022-07-19T12:04:47+00:00\",\"dateModified\":\"2022-07-19T12:04:53+00:00\",\"breadcrumb\":{\"@id\":\"https:\\\/\\\/informelitoral.com.ar\\\/mas-de-500-mil-personas-ya-se-inscribieron-en-el-registro-para-recibir-subsidios\\\/#breadcrumb\"},\"inLanguage\":\"es\",\"potentialAction\":[{\"@type\":\"ReadAction\",\"target\":[\"https:\\\/\\\/informelitoral.com.ar\\\/mas-de-500-mil-personas-ya-se-inscribieron-en-el-registro-para-recibir-subsidios\\\/\"]}]},{\"@type\":\"ImageObject\",\"inLanguage\":\"es\",\"@id\":\"https:\\\/\\\/informelitoral.com.ar\\\/mas-de-500-mil-personas-ya-se-inscribieron-en-el-registro-para-recibir-subsidios\\\/#primaryimage\",\"url\":\"https:\\\/\\\/informelitoral.com.ar\\\/%77%70%2d%63%6f%6e%74%65%6e%74\\\/uploads\\\/2018\\\/01\\\/anses_39_0_0.jpg\",\"contentUrl\":\"https:\\\/\\\/informelitoral.com.ar\\\/%77%70%2d%63%6f%6e%74%65%6e%74\\\/uploads\\\/2018\\\/01\\\/anses_39_0_0.jpg\",\"width\":1020,\"height\":560},{\"@type\":\"BreadcrumbList\",\"@id\":\"https:\\\/\\\/informelitoral.com.ar\\\/mas-de-500-mil-personas-ya-se-inscribieron-en-el-registro-para-recibir-subsidios\\\/#breadcrumb\",\"itemListElement\":[{\"@type\":\"ListItem\",\"position\":1,\"name\":\"Portada\",\"item\":\"https:\\\/\\\/informelitoral.com.ar\\\/\"},{\"@type\":\"ListItem\",\"position\":2,\"name\":\"M\u00e1s de 500 mil personas ya se inscribieron en el registro para recibir subsidios\"}]},{\"@type\":\"WebSite\",\"@id\":\"https:\\\/\\\/informelitoral.com.ar\\\/#website\",\"url\":\"https:\\\/\\\/informelitoral.com.ar\\\/\",\"name\":\"Informe Litoral\",\"description\":\"&quot;Nos informamos&quot; \",\"publisher\":{\"@id\":\"https:\\\/\\\/informelitoral.com.ar\\\/#organization\"},\"potentialAction\":[{\"@type\":\"SearchAction\",\"target\":{\"@type\":\"EntryPoint\",\"urlTemplate\":\"https:\\\/\\\/informelitoral.com.ar\\\/?s={search_term_string}\"},\"query-input\":{\"@type\":\"PropertyValueSpecification\",\"valueRequired\":true,\"valueName\":\"search_term_string\"}}],\"inLanguage\":\"es\"},{\"@type\":\"Organization\",\"@id\":\"https:\\\/\\\/informelitoral.com.ar\\\/#organization\",\"name\":\"Informe Litoral\",\"url\":\"https:\\\/\\\/informelitoral.com.ar\\\/\",\"logo\":{\"@type\":\"ImageObject\",\"inLanguage\":\"es\",\"@id\":\"https:\\\/\\\/informelitoral.com.ar\\\/#\\\/schema\\\/logo\\\/image\\\/\",\"url\":\"https:\\\/\\\/informelitoral.com.ar\\\/%77%70%2d%63%6f%6e%74%65%6e%74\\\/uploads\\\/2021\\\/01\\\/circulo.png\",\"contentUrl\":\"https:\\\/\\\/informelitoral.com.ar\\\/%77%70%2d%63%6f%6e%74%65%6e%74\\\/uploads\\\/2021\\\/01\\\/circulo.png\",\"width\":723,\"height\":731,\"caption\":\"Informe Litoral\"},\"image\":{\"@id\":\"https:\\\/\\\/informelitoral.com.ar\\\/#\\\/schema\\\/logo\\\/image\\\/\"},\"sameAs\":[\"https:\\\/\\\/www.facebook.com\\\/informelitoral\\\/\",\"https:\\\/\\\/x.com\\\/InformeLitoral\",\"https:\\\/\\\/www.instagram.com\\\/informelitoral\\\/\",\"https:\\\/\\\/www.youtube.com\\\/channel\\\/UCua4Qvz8Icb6MYqhoq9xLXw\"]},{\"@type\":\"Person\",\"@id\":\"https:\\\/\\\/informelitoral.com.ar\\\/#\\\/schema\\\/person\\\/f05f9f461677119578717524b127d6d5\",\"name\":\"Sebastian\",\"image\":{\"@type\":\"ImageObject\",\"inLanguage\":\"es\",\"@id\":\"https:\\\/\\\/secure.gravatar.com\\\/avatar\\\/b71bf7481d447dfb9583c7f2798e7cc64de6efb9067b74633ed8c31059a3bd82?s=96&d=mm&r=g\",\"url\":\"https:\\\/\\\/secure.gravatar.com\\\/avatar\\\/b71bf7481d447dfb9583c7f2798e7cc64de6efb9067b74633ed8c31059a3bd82?s=96&d=mm&r=g\",\"contentUrl\":\"https:\\\/\\\/secure.gravatar.com\\\/avatar\\\/b71bf7481d447dfb9583c7f2798e7cc64de6efb9067b74633ed8c31059a3bd82?s=96&d=mm&r=g\",\"caption\":\"Sebastian\"},\"url\":\"https:\\\/\\\/informelitoral.com.ar\\\/author\\\/sebastian\\\/\"}]}<\/script>","yoast_head_json":{"title":"M\u00e1s de 500 mil personas ya se inscribieron en el registro para recibir subsidios - Informe Litoral","robots":{"index":"index","follow":"follow","max-snippet":"max-snippet:-1","max-image-preview":"max-image-preview:large","max-video-preview":"max-video-preview:-1"},"canonical":"https:\/\/informelitoral.com.ar\/mas-de-500-mil-personas-ya-se-inscribieron-en-el-registro-para-recibir-subsidios\/","og_locale":"es_ES","og_type":"article","og_title":"M\u00e1s de 500 mil personas ya se inscribieron en el registro para recibir subsidios - Informe Litoral","og_description":"Seg\u00fan la Secretaria de Energ\u00eda, hasta el domingo por la noche 500.823 usuarios completaron el formulario de manera online y 263.059 inscriptos quedaron en el segmento de ingresos bajos.","og_url":"https:\/\/informelitoral.com.ar\/mas-de-500-mil-personas-ya-se-inscribieron-en-el-registro-para-recibir-subsidios\/","og_site_name":"Informe Litoral","article_publisher":"https:\/\/www.facebook.com\/informelitoral\/","article_published_time":"2022-07-19T12:04:47+00:00","article_modified_time":"2022-07-19T12:04:53+00:00","og_image":[{"width":1020,"height":560,"url":"https:\/\/informelitoral.com.ar\/%77%70%2d%63%6f%6e%74%65%6e%74\/uploads\/2018\/01\/anses_39_0_0.jpg","type":"image\/jpeg"}],"author":"Sebastian","twitter_card":"summary_large_image","twitter_creator":"@InformeLitoral","twitter_site":"@InformeLitoral","twitter_misc":{"Escrito por":"Sebastian","Tiempo de lectura":"2 minutos"},"schema":{"@context":"https:\/\/schema.org","@graph":[{"@type":"Article","@id":"https:\/\/informelitoral.com.ar\/mas-de-500-mil-personas-ya-se-inscribieron-en-el-registro-para-recibir-subsidios\/#article","isPartOf":{"@id":"https:\/\/informelitoral.com.ar\/mas-de-500-mil-personas-ya-se-inscribieron-en-el-registro-para-recibir-subsidios\/"},"author":{"name":"Sebastian","@id":"https:\/\/informelitoral.com.ar\/#\/schema\/person\/f05f9f461677119578717524b127d6d5"},"headline":"M\u00e1s de 500 mil personas ya se inscribieron en el registro para recibir subsidios","datePublished":"2022-07-19T12:04:47+00:00","dateModified":"2022-07-19T12:04:53+00:00","mainEntityOfPage":{"@id":"https:\/\/informelitoral.com.ar\/mas-de-500-mil-personas-ya-se-inscribieron-en-el-registro-para-recibir-subsidios\/"},"wordCount":342,"commentCount":0,"publisher":{"@id":"https:\/\/informelitoral.com.ar\/#organization"},"image":{"@id":"https:\/\/informelitoral.com.ar\/mas-de-500-mil-personas-ya-se-inscribieron-en-el-registro-para-recibir-subsidios\/#primaryimage"},"thumbnailUrl":"https:\/\/informelitoral.com.ar\/%77%70%2d%63%6f%6e%74%65%6e%74\/uploads\/2018\/01\/anses_39_0_0.jpg","keywords":["Anses","subsidios"],"articleSection":["Econom\u00eda"],"inLanguage":"es","potentialAction":[{"@type":"CommentAction","name":"Comment","target":["https:\/\/informelitoral.com.ar\/mas-de-500-mil-personas-ya-se-inscribieron-en-el-registro-para-recibir-subsidios\/#respond"]}]},{"@type":"WebPage","@id":"https:\/\/informelitoral.com.ar\/mas-de-500-mil-personas-ya-se-inscribieron-en-el-registro-para-recibir-subsidios\/","url":"https:\/\/informelitoral.com.ar\/mas-de-500-mil-personas-ya-se-inscribieron-en-el-registro-para-recibir-subsidios\/","name":"M\u00e1s de 500 mil personas ya se inscribieron en el registro para recibir subsidios - Informe Litoral","isPartOf":{"@id":"https:\/\/informelitoral.com.ar\/#website"},"primaryImageOfPage":{"@id":"https:\/\/informelitoral.com.ar\/mas-de-500-mil-personas-ya-se-inscribieron-en-el-registro-para-recibir-subsidios\/#primaryimage"},"image":{"@id":"https:\/\/informelitoral.com.ar\/mas-de-500-mil-personas-ya-se-inscribieron-en-el-registro-para-recibir-subsidios\/#primaryimage"},"thumbnailUrl":"https:\/\/informelitoral.com.ar\/%77%70%2d%63%6f%6e%74%65%6e%74\/uploads\/2018\/01\/anses_39_0_0.jpg","datePublished":"2022-07-19T12:04:47+00:00","dateModified":"2022-07-19T12:04:53+00:00","breadcrumb":{"@id":"https:\/\/informelitoral.com.ar\/mas-de-500-mil-personas-ya-se-inscribieron-en-el-registro-para-recibir-subsidios\/#breadcrumb"},"inLanguage":"es","potentialAction":[{"@type":"ReadAction","target":["https:\/\/informelitoral.com.ar\/mas-de-500-mil-personas-ya-se-inscribieron-en-el-registro-para-recibir-subsidios\/"]}]},{"@type":"ImageObject","inLanguage":"es","@id":"https:\/\/informelitoral.com.ar\/mas-de-500-mil-personas-ya-se-inscribieron-en-el-registro-para-recibir-subsidios\/#primaryimage","url":"https:\/\/informelitoral.com.ar\/%77%70%2d%63%6f%6e%74%65%6e%74\/uploads\/2018\/01\/anses_39_0_0.jpg","contentUrl":"https:\/\/informelitoral.com.ar\/%77%70%2d%63%6f%6e%74%65%6e%74\/uploads\/2018\/01\/anses_39_0_0.jpg","width":1020,"height":560},{"@type":"BreadcrumbList","@id":"https:\/\/informelitoral.com.ar\/mas-de-500-mil-personas-ya-se-inscribieron-en-el-registro-para-recibir-subsidios\/#breadcrumb","itemListElement":[{"@type":"ListItem","position":1,"name":"Portada","item":"https:\/\/informelitoral.com.ar\/"},{"@type":"ListItem","position":2,"name":"M\u00e1s de 500 mil personas ya se inscribieron en el registro para recibir subsidios"}]},{"@type":"WebSite","@id":"https:\/\/informelitoral.com.ar\/#website","url":"https:\/\/informelitoral.com.ar\/","name":"Informe Litoral","description":"&quot;Nos informamos&quot; ","publisher":{"@id":"https:\/\/informelitoral.com.ar\/#organization"},"potentialAction":[{"@type":"SearchAction","target":{"@type":"EntryPoint","urlTemplate":"https:\/\/informelitoral.com.ar\/?s={search_term_string}"},"query-input":{"@type":"PropertyValueSpecification","valueRequired":true,"valueName":"search_term_string"}}],"inLanguage":"es"},{"@type":"Organization","@id":"https:\/\/informelitoral.com.ar\/#organization","name":"Informe Litoral","url":"https:\/\/informelitoral.com.ar\/","logo":{"@type":"ImageObject","inLanguage":"es","@id":"https:\/\/informelitoral.com.ar\/#\/schema\/logo\/image\/","url":"https:\/\/informelitoral.com.ar\/%77%70%2d%63%6f%6e%74%65%6e%74\/uploads\/2021\/01\/circulo.png","contentUrl":"https:\/\/informelitoral.com.ar\/%77%70%2d%63%6f%6e%74%65%6e%74\/uploads\/2021\/01\/circulo.png","width":723,"height":731,"caption":"Informe Litoral"},"image":{"@id":"https:\/\/informelitoral.com.ar\/#\/schema\/logo\/image\/"},"sameAs":["https:\/\/www.facebook.com\/informelitoral\/","https:\/\/x.com\/InformeLitoral","https:\/\/www.instagram.com\/informelitoral\/","https:\/\/www.youtube.com\/channel\/UCua4Qvz8Icb6MYqhoq9xLXw"]},{"@type":"Person","@id":"https:\/\/informelitoral.com.ar\/#\/schema\/person\/f05f9f461677119578717524b127d6d5","name":"Sebastian","image":{"@type":"ImageObject","inLanguage":"es","@id":"https:\/\/secure.gravatar.com\/avatar\/b71bf7481d447dfb9583c7f2798e7cc64de6efb9067b74633ed8c31059a3bd82?s=96&d=mm&r=g","url":"https:\/\/secure.gravatar.com\/avatar\/b71bf7481d447dfb9583c7f2798e7cc64de6efb9067b74633ed8c31059a3bd82?s=96&d=mm&r=g","contentUrl":"https:\/\/secure.gravatar.com\/avatar\/b71bf7481d447dfb9583c7f2798e7cc64de6efb9067b74633ed8c31059a3bd82?s=96&d=mm&r=g","caption":"Sebastian"},"url":"https:\/\/informelitoral.com.ar\/author\/sebastian\/"}]}},"_links":{"self":[{"href":"https:\/\/informelitoral.com.ar\/%77%70%2d%6a%73%6f%6e\/wp\/v2\/posts\/82068","targetHints":{"allow":["GET"]}}],"collection":[{"href":"https:\/\/informelitoral.com.ar\/%77%70%2d%6a%73%6f%6e\/wp\/v2\/posts"}],"about":[{"href":"https:\/\/informelitoral.com.ar\/%77%70%2d%6a%73%6f%6e\/wp\/v2\/types\/post"}],"author":[{"embeddable":true,"href":"https:\/\/informelitoral.com.ar\/%77%70%2d%6a%73%6f%6e\/wp\/v2\/users\/8"}],"replies":[{"embeddable":true,"href":"https:\/\/informelitoral.com.ar\/%77%70%2d%6a%73%6f%6e\/wp\/v2\/comments?post=82068"}],"version-history":[{"count":0,"href":"https:\/\/informelitoral.com.ar\/%77%70%2d%6a%73%6f%6e\/wp\/v2\/posts\/82068\/revisions"}],"wp:featuredmedia":[{"embeddable":true,"href":"https:\/\/informelitoral.com.ar\/%77%70%2d%6a%73%6f%6e\/wp\/v2\/media\/24481"}],"wp:attachment":[{"href":"https:\/\/informelitoral.com.ar\/%77%70%2d%6a%73%6f%6e\/wp\/v2\/media?parent=82068"}],"wp:term":[{"taxonomy":"category","embeddable":true,"href":"https:\/\/informelitoral.com.ar\/%77%70%2d%6a%73%6f%6e\/wp\/v2\/categories?post=82068"},{"taxonomy":"post_tag","embeddable":true,"href":"https:\/\/informelitoral.com.ar\/%77%70%2d%6a%73%6f%6e\/wp\/v2\/tags?post=82068"}],"curies":[{"name":"wp","href":"https:\/\/api.w.org\/{rel}","templated":true}]}}