{"id":82055,"date":"2022-07-19T08:37:51","date_gmt":"2022-07-19T11:37:51","guid":{"rendered":"https:\/\/www.informelitoral.com.ar\/?p=82055"},"modified":"2022-07-19T17:39:58","modified_gmt":"2022-07-19T20:39:58","slug":"parana-quiso-robar-un-licor-de-cafe-y-termino-en-la-alcaidia-de-tribunales","status":"publish","type":"post","link":"https:\/\/informelitoral.com.ar\/parana-quiso-robar-un-licor-de-cafe-y-termino-en-la-alcaidia-de-tribunales\/","title":{"rendered":"Paran\u00e1: Quiso robar un licor de caf\u00e9 y termin\u00f3 en la Alcaid\u00eda de Tribunales"},"content":{"rendered":"<p>A las 18.15 del lunes, un polic\u00eda de adicional fue alertado por el propietario del supermercado Chen Shaowu, ubicado en calle Casiano Calder\u00f3n, acerca de un hombre que se retiraba con alg\u00fan elemento entre sus prendas.<\/p>\n<p>Al pasar la l\u00ednea de cajas sin abonar, este sujeto, de 36 a\u00f1os de edad, fue demorado. Llevaba un licor de caf\u00e9 marca Cusenier.<\/p>\n<p>La Fiscal\u00eda en turno, dispuso \u201cla entrega del elemento al propietario\u201d, mientras que el implicado fue \u201ctrasladado y alojado en la Alcaid\u00eda de Tribunales, por el delito de Hurto\u201d, informaron desde la Polic\u00eda.<\/p>\n","protected":false},"excerpt":{"rendered":"<p>El due\u00f1o de un supermercado alert\u00f3 a un polic\u00eda de adicional acerca de un hombre que se retiraba con alg\u00fan elemento entre sus prendas. Al pasar la l\u00ednea de cajas sin abonar, fue demorado. Llevaba un licor de caf\u00e9.<\/p>\n","protected":false},"author":8,"featured_media":24888,"comment_status":"open","ping_status":"open","sticky":false,"template":"","format":"standard","meta":{"fifu_image_url":"","fifu_image_alt":"","footnotes":""},"categories":[14],"tags":[3028,307,45],"class_list":{"0":"post-82055","1":"post","2":"type-post","3":"status-publish","4":"format-standard","5":"has-post-thumbnail","7":"category-policiales","8":"tag-delincuente","9":"tag-detenido","10":"tag-parana"},"yoast_head":"<title>Paran\u00e1: Quiso robar un licor de caf\u00e9 y termin\u00f3 en la Alcaid\u00eda de Tribunales - Informe Litoral<\/title>\n<meta name=\"robots\" content=\"index, follow, max-snippet:-1, max-image-preview:large, max-video-preview:-1\" \/>\n<link rel=\"canonical\" href=\"https:\/\/informelitoral.com.ar\/parana-quiso-robar-un-licor-de-cafe-y-termino-en-la-alcaidia-de-tribunales\/\" \/>\n<meta property=\"og:locale\" content=\"es_ES\" \/>\n<meta property=\"og:type\" content=\"article\" \/>\n<meta property=\"og:title\" content=\"Paran\u00e1: Quiso robar un licor de caf\u00e9 y termin\u00f3 en la Alcaid\u00eda de Tribunales - Informe Litoral\" \/>\n<meta property=\"og:description\" content=\"El due\u00f1o de un supermercado alert\u00f3 a un polic\u00eda de adicional acerca de un hombre que se retiraba con alg\u00fan elemento entre sus prendas. Al pasar la l\u00ednea de cajas sin abonar, fue demorado. Llevaba un licor de caf\u00e9.\" \/>\n<meta property=\"og:url\" content=\"https:\/\/informelitoral.com.ar\/parana-quiso-robar-un-licor-de-cafe-y-termino-en-la-alcaidia-de-tribunales\/\" \/>\n<meta property=\"og:site_name\" content=\"Informe Litoral\" \/>\n<meta property=\"article:publisher\" content=\"https:\/\/www.facebook.com\/informelitoral\/\" \/>\n<meta property=\"article:published_time\" content=\"2022-07-19T11:37:51+00:00\" \/>\n<meta property=\"article:modified_time\" content=\"2022-07-19T20:39:58+00:00\" \/>\n<meta property=\"og:image\" content=\"https:\/\/informelitoral.com.ar\/%77%70%2d%63%6f%6e%74%65%6e%74\/uploads\/2018\/02\/policia-patrullero-768x506.jpg\" \/>\n\t<meta property=\"og:image:width\" content=\"768\" \/>\n\t<meta property=\"og:image:height\" content=\"506\" \/>\n\t<meta property=\"og:image:type\" content=\"image\/jpeg\" \/>\n<meta name=\"author\" content=\"Sebastian\" \/>\n<meta name=\"twitter:card\" content=\"summary_large_image\" \/>\n<meta name=\"twitter:creator\" content=\"@InformeLitoral\" \/>\n<meta name=\"twitter:site\" content=\"@InformeLitoral\" \/>\n<meta name=\"twitter:label1\" content=\"Escrito por\" \/>\n\t<meta name=\"twitter:data1\" content=\"Sebastian\" \/>\n<script type=\"application\/ld+json\" class=\"yoast-schema-graph\">{\"@context\":\"https:\\\/\\\/schema.org\",\"@graph\":[{\"@type\":\"Article\",\"@id\":\"https:\\\/\\\/informelitoral.com.ar\\\/parana-quiso-robar-un-licor-de-cafe-y-termino-en-la-alcaidia-de-tribunales\\\/#article\",\"isPartOf\":{\"@id\":\"https:\\\/\\\/informelitoral.com.ar\\\/parana-quiso-robar-un-licor-de-cafe-y-termino-en-la-alcaidia-de-tribunales\\\/\"},\"author\":{\"name\":\"Sebastian\",\"@id\":\"https:\\\/\\\/informelitoral.com.ar\\\/#\\\/schema\\\/person\\\/f05f9f461677119578717524b127d6d5\"},\"headline\":\"Paran\u00e1: Quiso robar un licor de caf\u00e9 y termin\u00f3 en la Alcaid\u00eda de Tribunales\",\"datePublished\":\"2022-07-19T11:37:51+00:00\",\"dateModified\":\"2022-07-19T20:39:58+00:00\",\"mainEntityOfPage\":{\"@id\":\"https:\\\/\\\/informelitoral.com.ar\\\/parana-quiso-robar-un-licor-de-cafe-y-termino-en-la-alcaidia-de-tribunales\\\/\"},\"wordCount\":114,\"commentCount\":0,\"publisher\":{\"@id\":\"https:\\\/\\\/informelitoral.com.ar\\\/#organization\"},\"image\":{\"@id\":\"https:\\\/\\\/informelitoral.com.ar\\\/parana-quiso-robar-un-licor-de-cafe-y-termino-en-la-alcaidia-de-tribunales\\\/#primaryimage\"},\"thumbnailUrl\":\"https:\\\/\\\/informelitoral.com.ar\\\/%77%70%2d%63%6f%6e%74%65%6e%74\\\/uploads\\\/2018\\\/02\\\/policia-patrullero-768x506.jpg\",\"keywords\":[\"Delincuente\",\"Detenido\",\"Paran\u00e1\"],\"articleSection\":[\"Policiales\"],\"inLanguage\":\"es\",\"potentialAction\":[{\"@type\":\"CommentAction\",\"name\":\"Comment\",\"target\":[\"https:\\\/\\\/informelitoral.com.ar\\\/parana-quiso-robar-un-licor-de-cafe-y-termino-en-la-alcaidia-de-tribunales\\\/#respond\"]}]},{\"@type\":\"WebPage\",\"@id\":\"https:\\\/\\\/informelitoral.com.ar\\\/parana-quiso-robar-un-licor-de-cafe-y-termino-en-la-alcaidia-de-tribunales\\\/\",\"url\":\"https:\\\/\\\/informelitoral.com.ar\\\/parana-quiso-robar-un-licor-de-cafe-y-termino-en-la-alcaidia-de-tribunales\\\/\",\"name\":\"Paran\u00e1: Quiso robar un licor de caf\u00e9 y termin\u00f3 en la Alcaid\u00eda de Tribunales - Informe Litoral\",\"isPartOf\":{\"@id\":\"https:\\\/\\\/informelitoral.com.ar\\\/#website\"},\"primaryImageOfPage\":{\"@id\":\"https:\\\/\\\/informelitoral.com.ar\\\/parana-quiso-robar-un-licor-de-cafe-y-termino-en-la-alcaidia-de-tribunales\\\/#primaryimage\"},\"image\":{\"@id\":\"https:\\\/\\\/informelitoral.com.ar\\\/parana-quiso-robar-un-licor-de-cafe-y-termino-en-la-alcaidia-de-tribunales\\\/#primaryimage\"},\"thumbnailUrl\":\"https:\\\/\\\/informelitoral.com.ar\\\/%77%70%2d%63%6f%6e%74%65%6e%74\\\/uploads\\\/2018\\\/02\\\/policia-patrullero-768x506.jpg\",\"datePublished\":\"2022-07-19T11:37:51+00:00\",\"dateModified\":\"2022-07-19T20:39:58+00:00\",\"breadcrumb\":{\"@id\":\"https:\\\/\\\/informelitoral.com.ar\\\/parana-quiso-robar-un-licor-de-cafe-y-termino-en-la-alcaidia-de-tribunales\\\/#breadcrumb\"},\"inLanguage\":\"es\",\"potentialAction\":[{\"@type\":\"ReadAction\",\"target\":[\"https:\\\/\\\/informelitoral.com.ar\\\/parana-quiso-robar-un-licor-de-cafe-y-termino-en-la-alcaidia-de-tribunales\\\/\"]}]},{\"@type\":\"ImageObject\",\"inLanguage\":\"es\",\"@id\":\"https:\\\/\\\/informelitoral.com.ar\\\/parana-quiso-robar-un-licor-de-cafe-y-termino-en-la-alcaidia-de-tribunales\\\/#primaryimage\",\"url\":\"https:\\\/\\\/informelitoral.com.ar\\\/%77%70%2d%63%6f%6e%74%65%6e%74\\\/uploads\\\/2018\\\/02\\\/policia-patrullero-768x506.jpg\",\"contentUrl\":\"https:\\\/\\\/informelitoral.com.ar\\\/%77%70%2d%63%6f%6e%74%65%6e%74\\\/uploads\\\/2018\\\/02\\\/policia-patrullero-768x506.jpg\",\"width\":768,\"height\":506},{\"@type\":\"BreadcrumbList\",\"@id\":\"https:\\\/\\\/informelitoral.com.ar\\\/parana-quiso-robar-un-licor-de-cafe-y-termino-en-la-alcaidia-de-tribunales\\\/#breadcrumb\",\"itemListElement\":[{\"@type\":\"ListItem\",\"position\":1,\"name\":\"Portada\",\"item\":\"https:\\\/\\\/informelitoral.com.ar\\\/\"},{\"@type\":\"ListItem\",\"position\":2,\"name\":\"Paran\u00e1: Quiso robar un licor de caf\u00e9 y termin\u00f3 en la Alcaid\u00eda de Tribunales\"}]},{\"@type\":\"WebSite\",\"@id\":\"https:\\\/\\\/informelitoral.com.ar\\\/#website\",\"url\":\"https:\\\/\\\/informelitoral.com.ar\\\/\",\"name\":\"Informe Litoral\",\"description\":\"&quot;Nos informamos&quot; \",\"publisher\":{\"@id\":\"https:\\\/\\\/informelitoral.com.ar\\\/#organization\"},\"potentialAction\":[{\"@type\":\"SearchAction\",\"target\":{\"@type\":\"EntryPoint\",\"urlTemplate\":\"https:\\\/\\\/informelitoral.com.ar\\\/?s={search_term_string}\"},\"query-input\":{\"@type\":\"PropertyValueSpecification\",\"valueRequired\":true,\"valueName\":\"search_term_string\"}}],\"inLanguage\":\"es\"},{\"@type\":\"Organization\",\"@id\":\"https:\\\/\\\/informelitoral.com.ar\\\/#organization\",\"name\":\"Informe Litoral\",\"url\":\"https:\\\/\\\/informelitoral.com.ar\\\/\",\"logo\":{\"@type\":\"ImageObject\",\"inLanguage\":\"es\",\"@id\":\"https:\\\/\\\/informelitoral.com.ar\\\/#\\\/schema\\\/logo\\\/image\\\/\",\"url\":\"https:\\\/\\\/informelitoral.com.ar\\\/%77%70%2d%63%6f%6e%74%65%6e%74\\\/uploads\\\/2021\\\/01\\\/circulo.png\",\"contentUrl\":\"https:\\\/\\\/informelitoral.com.ar\\\/%77%70%2d%63%6f%6e%74%65%6e%74\\\/uploads\\\/2021\\\/01\\\/circulo.png\",\"width\":723,\"height\":731,\"caption\":\"Informe Litoral\"},\"image\":{\"@id\":\"https:\\\/\\\/informelitoral.com.ar\\\/#\\\/schema\\\/logo\\\/image\\\/\"},\"sameAs\":[\"https:\\\/\\\/www.facebook.com\\\/informelitoral\\\/\",\"https:\\\/\\\/x.com\\\/InformeLitoral\",\"https:\\\/\\\/www.instagram.com\\\/informelitoral\\\/\",\"https:\\\/\\\/www.youtube.com\\\/channel\\\/UCua4Qvz8Icb6MYqhoq9xLXw\"]},{\"@type\":\"Person\",\"@id\":\"https:\\\/\\\/informelitoral.com.ar\\\/#\\\/schema\\\/person\\\/f05f9f461677119578717524b127d6d5\",\"name\":\"Sebastian\",\"image\":{\"@type\":\"ImageObject\",\"inLanguage\":\"es\",\"@id\":\"https:\\\/\\\/secure.gravatar.com\\\/avatar\\\/b71bf7481d447dfb9583c7f2798e7cc64de6efb9067b74633ed8c31059a3bd82?s=96&d=mm&r=g\",\"url\":\"https:\\\/\\\/secure.gravatar.com\\\/avatar\\\/b71bf7481d447dfb9583c7f2798e7cc64de6efb9067b74633ed8c31059a3bd82?s=96&d=mm&r=g\",\"contentUrl\":\"https:\\\/\\\/secure.gravatar.com\\\/avatar\\\/b71bf7481d447dfb9583c7f2798e7cc64de6efb9067b74633ed8c31059a3bd82?s=96&d=mm&r=g\",\"caption\":\"Sebastian\"},\"url\":\"https:\\\/\\\/informelitoral.com.ar\\\/author\\\/sebastian\\\/\"}]}<\/script>","yoast_head_json":{"title":"Paran\u00e1: Quiso robar un licor de caf\u00e9 y termin\u00f3 en la Alcaid\u00eda de Tribunales - Informe Litoral","robots":{"index":"index","follow":"follow","max-snippet":"max-snippet:-1","max-image-preview":"max-image-preview:large","max-video-preview":"max-video-preview:-1"},"canonical":"https:\/\/informelitoral.com.ar\/parana-quiso-robar-un-licor-de-cafe-y-termino-en-la-alcaidia-de-tribunales\/","og_locale":"es_ES","og_type":"article","og_title":"Paran\u00e1: Quiso robar un licor de caf\u00e9 y termin\u00f3 en la Alcaid\u00eda de Tribunales - Informe Litoral","og_description":"El due\u00f1o de un supermercado alert\u00f3 a un polic\u00eda de adicional acerca de un hombre que se retiraba con alg\u00fan elemento entre sus prendas. Al pasar la l\u00ednea de cajas sin abonar, fue demorado. Llevaba un licor de caf\u00e9.","og_url":"https:\/\/informelitoral.com.ar\/parana-quiso-robar-un-licor-de-cafe-y-termino-en-la-alcaidia-de-tribunales\/","og_site_name":"Informe Litoral","article_publisher":"https:\/\/www.facebook.com\/informelitoral\/","article_published_time":"2022-07-19T11:37:51+00:00","article_modified_time":"2022-07-19T20:39:58+00:00","og_image":[{"width":768,"height":506,"url":"https:\/\/informelitoral.com.ar\/%77%70%2d%63%6f%6e%74%65%6e%74\/uploads\/2018\/02\/policia-patrullero-768x506.jpg","type":"image\/jpeg"}],"author":"Sebastian","twitter_card":"summary_large_image","twitter_creator":"@InformeLitoral","twitter_site":"@InformeLitoral","twitter_misc":{"Escrito por":"Sebastian"},"schema":{"@context":"https:\/\/schema.org","@graph":[{"@type":"Article","@id":"https:\/\/informelitoral.com.ar\/parana-quiso-robar-un-licor-de-cafe-y-termino-en-la-alcaidia-de-tribunales\/#article","isPartOf":{"@id":"https:\/\/informelitoral.com.ar\/parana-quiso-robar-un-licor-de-cafe-y-termino-en-la-alcaidia-de-tribunales\/"},"author":{"name":"Sebastian","@id":"https:\/\/informelitoral.com.ar\/#\/schema\/person\/f05f9f461677119578717524b127d6d5"},"headline":"Paran\u00e1: Quiso robar un licor de caf\u00e9 y termin\u00f3 en la Alcaid\u00eda de Tribunales","datePublished":"2022-07-19T11:37:51+00:00","dateModified":"2022-07-19T20:39:58+00:00","mainEntityOfPage":{"@id":"https:\/\/informelitoral.com.ar\/parana-quiso-robar-un-licor-de-cafe-y-termino-en-la-alcaidia-de-tribunales\/"},"wordCount":114,"commentCount":0,"publisher":{"@id":"https:\/\/informelitoral.com.ar\/#organization"},"image":{"@id":"https:\/\/informelitoral.com.ar\/parana-quiso-robar-un-licor-de-cafe-y-termino-en-la-alcaidia-de-tribunales\/#primaryimage"},"thumbnailUrl":"https:\/\/informelitoral.com.ar\/%77%70%2d%63%6f%6e%74%65%6e%74\/uploads\/2018\/02\/policia-patrullero-768x506.jpg","keywords":["Delincuente","Detenido","Paran\u00e1"],"articleSection":["Policiales"],"inLanguage":"es","potentialAction":[{"@type":"CommentAction","name":"Comment","target":["https:\/\/informelitoral.com.ar\/parana-quiso-robar-un-licor-de-cafe-y-termino-en-la-alcaidia-de-tribunales\/#respond"]}]},{"@type":"WebPage","@id":"https:\/\/informelitoral.com.ar\/parana-quiso-robar-un-licor-de-cafe-y-termino-en-la-alcaidia-de-tribunales\/","url":"https:\/\/informelitoral.com.ar\/parana-quiso-robar-un-licor-de-cafe-y-termino-en-la-alcaidia-de-tribunales\/","name":"Paran\u00e1: Quiso robar un licor de caf\u00e9 y termin\u00f3 en la Alcaid\u00eda de Tribunales - Informe Litoral","isPartOf":{"@id":"https:\/\/informelitoral.com.ar\/#website"},"primaryImageOfPage":{"@id":"https:\/\/informelitoral.com.ar\/parana-quiso-robar-un-licor-de-cafe-y-termino-en-la-alcaidia-de-tribunales\/#primaryimage"},"image":{"@id":"https:\/\/informelitoral.com.ar\/parana-quiso-robar-un-licor-de-cafe-y-termino-en-la-alcaidia-de-tribunales\/#primaryimage"},"thumbnailUrl":"https:\/\/informelitoral.com.ar\/%77%70%2d%63%6f%6e%74%65%6e%74\/uploads\/2018\/02\/policia-patrullero-768x506.jpg","datePublished":"2022-07-19T11:37:51+00:00","dateModified":"2022-07-19T20:39:58+00:00","breadcrumb":{"@id":"https:\/\/informelitoral.com.ar\/parana-quiso-robar-un-licor-de-cafe-y-termino-en-la-alcaidia-de-tribunales\/#breadcrumb"},"inLanguage":"es","potentialAction":[{"@type":"ReadAction","target":["https:\/\/informelitoral.com.ar\/parana-quiso-robar-un-licor-de-cafe-y-termino-en-la-alcaidia-de-tribunales\/"]}]},{"@type":"ImageObject","inLanguage":"es","@id":"https:\/\/informelitoral.com.ar\/parana-quiso-robar-un-licor-de-cafe-y-termino-en-la-alcaidia-de-tribunales\/#primaryimage","url":"https:\/\/informelitoral.com.ar\/%77%70%2d%63%6f%6e%74%65%6e%74\/uploads\/2018\/02\/policia-patrullero-768x506.jpg","contentUrl":"https:\/\/informelitoral.com.ar\/%77%70%2d%63%6f%6e%74%65%6e%74\/uploads\/2018\/02\/policia-patrullero-768x506.jpg","width":768,"height":506},{"@type":"BreadcrumbList","@id":"https:\/\/informelitoral.com.ar\/parana-quiso-robar-un-licor-de-cafe-y-termino-en-la-alcaidia-de-tribunales\/#breadcrumb","itemListElement":[{"@type":"ListItem","position":1,"name":"Portada","item":"https:\/\/informelitoral.com.ar\/"},{"@type":"ListItem","position":2,"name":"Paran\u00e1: Quiso robar un licor de caf\u00e9 y termin\u00f3 en la Alcaid\u00eda de Tribunales"}]},{"@type":"WebSite","@id":"https:\/\/informelitoral.com.ar\/#website","url":"https:\/\/informelitoral.com.ar\/","name":"Informe Litoral","description":"&quot;Nos informamos&quot; ","publisher":{"@id":"https:\/\/informelitoral.com.ar\/#organization"},"potentialAction":[{"@type":"SearchAction","target":{"@type":"EntryPoint","urlTemplate":"https:\/\/informelitoral.com.ar\/?s={search_term_string}"},"query-input":{"@type":"PropertyValueSpecification","valueRequired":true,"valueName":"search_term_string"}}],"inLanguage":"es"},{"@type":"Organization","@id":"https:\/\/informelitoral.com.ar\/#organization","name":"Informe Litoral","url":"https:\/\/informelitoral.com.ar\/","logo":{"@type":"ImageObject","inLanguage":"es","@id":"https:\/\/informelitoral.com.ar\/#\/schema\/logo\/image\/","url":"https:\/\/informelitoral.com.ar\/%77%70%2d%63%6f%6e%74%65%6e%74\/uploads\/2021\/01\/circulo.png","contentUrl":"https:\/\/informelitoral.com.ar\/%77%70%2d%63%6f%6e%74%65%6e%74\/uploads\/2021\/01\/circulo.png","width":723,"height":731,"caption":"Informe Litoral"},"image":{"@id":"https:\/\/informelitoral.com.ar\/#\/schema\/logo\/image\/"},"sameAs":["https:\/\/www.facebook.com\/informelitoral\/","https:\/\/x.com\/InformeLitoral","https:\/\/www.instagram.com\/informelitoral\/","https:\/\/www.youtube.com\/channel\/UCua4Qvz8Icb6MYqhoq9xLXw"]},{"@type":"Person","@id":"https:\/\/informelitoral.com.ar\/#\/schema\/person\/f05f9f461677119578717524b127d6d5","name":"Sebastian","image":{"@type":"ImageObject","inLanguage":"es","@id":"https:\/\/secure.gravatar.com\/avatar\/b71bf7481d447dfb9583c7f2798e7cc64de6efb9067b74633ed8c31059a3bd82?s=96&d=mm&r=g","url":"https:\/\/secure.gravatar.com\/avatar\/b71bf7481d447dfb9583c7f2798e7cc64de6efb9067b74633ed8c31059a3bd82?s=96&d=mm&r=g","contentUrl":"https:\/\/secure.gravatar.com\/avatar\/b71bf7481d447dfb9583c7f2798e7cc64de6efb9067b74633ed8c31059a3bd82?s=96&d=mm&r=g","caption":"Sebastian"},"url":"https:\/\/informelitoral.com.ar\/author\/sebastian\/"}]}},"_links":{"self":[{"href":"https:\/\/informelitoral.com.ar\/%77%70%2d%6a%73%6f%6e\/wp\/v2\/posts\/82055","targetHints":{"allow":["GET"]}}],"collection":[{"href":"https:\/\/informelitoral.com.ar\/%77%70%2d%6a%73%6f%6e\/wp\/v2\/posts"}],"about":[{"href":"https:\/\/informelitoral.com.ar\/%77%70%2d%6a%73%6f%6e\/wp\/v2\/types\/post"}],"author":[{"embeddable":true,"href":"https:\/\/informelitoral.com.ar\/%77%70%2d%6a%73%6f%6e\/wp\/v2\/users\/8"}],"replies":[{"embeddable":true,"href":"https:\/\/informelitoral.com.ar\/%77%70%2d%6a%73%6f%6e\/wp\/v2\/comments?post=82055"}],"version-history":[{"count":0,"href":"https:\/\/informelitoral.com.ar\/%77%70%2d%6a%73%6f%6e\/wp\/v2\/posts\/82055\/revisions"}],"wp:featuredmedia":[{"embeddable":true,"href":"https:\/\/informelitoral.com.ar\/%77%70%2d%6a%73%6f%6e\/wp\/v2\/media\/24888"}],"wp:attachment":[{"href":"https:\/\/informelitoral.com.ar\/%77%70%2d%6a%73%6f%6e\/wp\/v2\/media?parent=82055"}],"wp:term":[{"taxonomy":"category","embeddable":true,"href":"https:\/\/informelitoral.com.ar\/%77%70%2d%6a%73%6f%6e\/wp\/v2\/categories?post=82055"},{"taxonomy":"post_tag","embeddable":true,"href":"https:\/\/informelitoral.com.ar\/%77%70%2d%6a%73%6f%6e\/wp\/v2\/tags?post=82055"}],"curies":[{"name":"wp","href":"https:\/\/api.w.org\/{rel}","templated":true}]}}