{"id":81846,"date":"2022-07-15T10:48:35","date_gmt":"2022-07-15T13:48:35","guid":{"rendered":"https:\/\/www.informelitoral.com.ar\/?p=81846"},"modified":"2022-07-15T10:48:35","modified_gmt":"2022-07-15T13:48:35","slug":"subsidios-para-gas-y-electricidad-habilitaron-el-formulario-para-la-inscripcion","status":"publish","type":"post","link":"https:\/\/informelitoral.com.ar\/subsidios-para-gas-y-electricidad-habilitaron-el-formulario-para-la-inscripcion\/","title":{"rendered":"Subsidios para gas y electricidad: habilitaron el formulario para la inscripci\u00f3n"},"content":{"rendered":"<p>El formulario para la inscripci\u00f3n de usuarios de cara a la continuidad de la percepci\u00f3n de los subsidios al consumo de gas y electricidad, que comenzar\u00e1 a regir el 1 de agosto, ya est\u00e1 disponible en el sitio web\u00a0<a href=\"http:\/\/www.argentina.gob.ar\/subsidios\" target=\"_blank\" rel=\"noopener\">www.argentina.gob.ar\/subsidios<\/a>\u00a0y en la aplicaci\u00f3n Mi Argentina.<\/p>\n<p>Aquellos interesados en completarlo podr\u00e1n hacerlo seg\u00fan la terminaci\u00f3n de su Documento Nacional de Identidad (DNI), ingresando al sitio\u00a0<a href=\"http:\/\/www.argentina.gob.ar\/\" target=\"_blank\" rel=\"noopener\">www.argentina.gob.ar<\/a>\u00a0o a trav\u00e9s de la aplicaci\u00f3n Mi Argentina, ingresando por la solapa de \u00abtr\u00e1mites\u00bb.<\/p>\n<p>Para poder organizar el registro, las primeras semanas se deber\u00e1 hacer la carga seg\u00fan la terminaci\u00f3n del documento de identidad del solicitante. Para\u00a0<b>los DNI finalizados en 0, 1 y 2, la inscripci\u00f3n es desde hoy y hasta el 19 de julio; para los que terminan en 3, 4 y 5, entre el 20 y el 22; y para resto, del 23 al 26 de julio<\/b>.<\/p>\n<p><a href=\"https:\/\/subsidios-energia.argentina.gob.ar\/\" target=\"_blank\" rel=\"noopener\">HAC\u00c9 CLIK PARA ACCEDER AL FORMULARIO PARA MANTENER LOS SUBSIDIOS DE GAS Y ELECTRICIDAD<\/a><\/p>\n<p>El decreto 332\/2022 estableci\u00f3 \u00abun r\u00e9gimen de segmentaci\u00f3n de subsidios a usuarios y usuarias residenciales de los servicios p\u00fablicos de energ\u00eda el\u00e9ctrica y gas natural por red, con el objeto de lograr valores de la energ\u00eda razonables y susceptibles de ser aplicados con criterios de justicia y equidad distributiva\u00bb.<\/p>\n<p>Adem\u00e1s determin\u00f3 las caracter\u00edsticas de los niveles de usuarios a los efectos de definir las caracter\u00edsticas de la segmentaci\u00f3n.<\/p>\n<p>El nivel 1 est\u00e1 integrado por los usuarios de mayores ingresos \u00abque tendr\u00e1n a su cargo el costo pleno del componente energ\u00eda del respectivo servicio\u00bb, con ingresos mensuales netos superiores a 3,5 Canastas B\u00e1sicas Totales (CBT), que a valores de mayo representan $ 348.868,97.<\/p>\n<p>Otras de las condiciones para revestir en este grupo son la de ser titular de 3 o m\u00e1s autom\u00f3viles con antig\u00fcedad menor a cinco a\u00f1os, tres o m\u00e1s inmuebles, una o m\u00e1s aeronaves o embarcaciones de lujo o \u00abser titulares de activos societarios que exterioricen capacidad econ\u00f3mica plena\u00bb.<\/p>\n<p>El nivel 2, de menores ingresos, toma como referencia ingresos netos menores a 1 CBT ($99.676,85), contar con certificado de vivienda del Renabap, vivir en un domicilio donde funcione un comedor o merendero comunitario, que un integrante del grupo familiar posea una pensi\u00f3n vitalicia de Veteranos de Guerra del Atl\u00e1ntico Sur o posea un certificado de discapacidad.<\/p>\n<p>En este caso, el aumento en todo 2022 no ser\u00e1 superior al 40% de la variaci\u00f3n salarial del a\u00f1o pasado (53,4%), que resulta equivalente al 21,36%.<\/p>\n<p>El nivel 3 est\u00e1 integrado por clientes de ingresos medios o del nivel 2 si los propietarios en su conjunto cuentan con dos o m\u00e1s inmuebles o un veh\u00edculo de hasta tres a\u00f1os de antig\u00fcedad, excepto si un conviviente cuenta con un certificado de discapacidad.<\/p>\n<p>Para este nivel, el incremento ser\u00e1 del 80% de la variaci\u00f3n salarial de 2021, equivalente al 42,72%.<\/p>\n<h5>Los d\u00edas para anotarse<\/h5>\n<p><u>0 &#8211; 1 &#8211; 2: entre el 15\/7 y el 19\/7.<br \/>\n3 &#8211; 4 &#8211; 5: entre el 20\/7 y el 22\/7.<br \/>\n6 &#8211; 7 &#8211; 8 &#8211; 9: entre 23\/7 y el 26\/7.<\/u><\/p>\n<h5>Qu\u00e9 datos habr\u00e1 que completar en el formulario<\/h5>\n<p>\u00abEn los pr\u00f3ximos d\u00edas vas a poder inscribirte en esta misma p\u00e1gina. Si no ten\u00e9s acceso digital, vas a poder hacerlo de manera presencial en oficinas de ANSES y en las de los prestadores de servicios\u00bb, advierten desde la p\u00e1gina donde se podr\u00e1 acceder al formulario que servir\u00e1 de declaraci\u00f3n jurada.<\/p>\n<p><b>Ser\u00e1n obligatorios los siguientes datos:<\/b><\/p>\n<p>-Apellido y nombre<br \/>\n-Documento de Identidad N\u00b0 de Tr\u00e1mite<br \/>\n-CUIL<br \/>\n-G\u00e9nero<br \/>\n-Fecha de nacimiento<br \/>\n-Datos socioecon\u00f3micos<br \/>\n-Situaci\u00f3n laboral<br \/>\n-Datos de contacto<br \/>\n-Domicilio declarado por el usuario<br \/>\n-C\u00f3digo Postal<br \/>\n-Relaci\u00f3n con el domicilio<br \/>\n-Datos del servicio de la luz<br \/>\n-Datos del servicio de gas<br \/>\n-Datos del grupo conviviente<\/p>\n<h5>Respuestas a preguntas claves<\/h5>\n<p><b>\u00bfTengo que inscribirme si recibo una asignaci\u00f3n, una pensi\u00f3n o jubilaci\u00f3n?<\/b><br \/>\nS\u00ed, tienen que inscribirse todas las personas, incluyendo las que perciben una jubilaci\u00f3n, pensi\u00f3n y\/o son beneficiarias de programas sociales como la Asignaci\u00f3n Universal por Hijo, Progresar y Potenciar Trabajo.<\/p>\n<p><b>\u00bfQu\u00e9 pasa si la factura del servicio no est\u00e1 a mi nombre?<\/b><br \/>\nSi la factura no llega a tu nombre, igual vas a poder realizar la solicitud como usuario de los servicios indicando que no sos la persona titular.<\/p>\n<p><b>\u00bfPuedo mantener el subsidio si alquilo o resido en la propiedad?<\/b><br \/>\nS\u00ed, aunque no seas el propietario de tu domicilio, vas a recibir el subsidio como persona usuaria de los servicios.<\/p>\n<p><b>\u00bfQu\u00e9 sucede si tengo m\u00e1s de un medidor a mi nombre?<\/b><br \/>\nEn ese caso, se subsidiar\u00e1 s\u00f3lo el medidor del domicilio en donde declares residencia.<\/p>\n<p><b>Qu\u00e9 pasa si no completo el formulario<\/b><br \/>\nHay que tener en cuenta que podr\u00e1n retener el subsidio completo o alg\u00fan porcentaje del mismo aquellas familias cuyos ingresos est\u00e9n por debajo de los $ 350.000.<\/p>\n<p>Para conservar el beneficio los interesados deber\u00e1n, s\u00ed o s\u00ed, completar el formulario. Es decir, que de no hacerlo comenzar\u00e1n a pagar el costo total de los servicios una vez que la implementaci\u00f3n est\u00e9 en marcha.<\/p>\n<p><b>Qui\u00e9nes quedan afuera<\/b><\/p>\n<p>-Aquellos que tengan ingresos familiares mensuales netos superiores a $ 350.000 (se ir\u00e1 actualizando cada mes en base al dato de la canasta b\u00e1sica total).<br \/>\n-Aquellos usuarios que tengan tres o m\u00e1s inmuebles registrados.<br \/>\n-Los que tengan tres o m\u00e1s veh\u00edculos con antig\u00fcedad menor a los cinco a\u00f1os.<br \/>\n-Y aquellos que posean aviones o embarcaciones de lujo.<br \/>\n-Tambi\u00e9n los titulares de activos societarios que exterioricen capacidad econ\u00f3mica plena.<\/p>\n","protected":false},"excerpt":{"rendered":"<p>La inscripci\u00f3n estar\u00e1 abierta todo el mes. Para poder organizar el registro, las primeras semanas se deber\u00e1 hacer la carga seg\u00fan la terminaci\u00f3n del DNI del solicitante. El link para hacer el tr\u00e1mite.<\/p>\n","protected":false},"author":8,"featured_media":17650,"comment_status":"open","ping_status":"open","sticky":false,"template":"","format":"standard","meta":{"fifu_image_url":"","fifu_image_alt":"","footnotes":""},"categories":[1594],"tags":[269,3179],"class_list":{"0":"post-81846","1":"post","2":"type-post","3":"status-publish","4":"format-standard","5":"has-post-thumbnail","7":"category-economia","8":"tag-anses","9":"tag-subsidios"},"yoast_head":"<title>Subsidios para gas y electricidad: habilitaron el formulario para la inscripci\u00f3n - Informe Litoral<\/title>\n<meta name=\"robots\" content=\"index, follow, max-snippet:-1, max-image-preview:large, max-video-preview:-1\" \/>\n<link rel=\"canonical\" href=\"https:\/\/informelitoral.com.ar\/subsidios-para-gas-y-electricidad-habilitaron-el-formulario-para-la-inscripcion\/\" \/>\n<meta property=\"og:locale\" content=\"es_ES\" \/>\n<meta property=\"og:type\" content=\"article\" \/>\n<meta property=\"og:title\" content=\"Subsidios para gas y electricidad: habilitaron el formulario para la inscripci\u00f3n - Informe Litoral\" \/>\n<meta property=\"og:description\" content=\"La inscripci\u00f3n estar\u00e1 abierta todo el mes. Para poder organizar el registro, las primeras semanas se deber\u00e1 hacer la carga seg\u00fan la terminaci\u00f3n del DNI del solicitante. El link para hacer el tr\u00e1mite.\" \/>\n<meta property=\"og:url\" content=\"https:\/\/informelitoral.com.ar\/subsidios-para-gas-y-electricidad-habilitaron-el-formulario-para-la-inscripcion\/\" \/>\n<meta property=\"og:site_name\" content=\"Informe Litoral\" \/>\n<meta property=\"article:publisher\" content=\"https:\/\/www.facebook.com\/informelitoral\/\" \/>\n<meta property=\"article:published_time\" content=\"2022-07-15T13:48:35+00:00\" \/>\n<meta property=\"og:image\" content=\"https:\/\/informelitoral.com.ar\/%77%70%2d%63%6f%6e%74%65%6e%74\/uploads\/2016\/08\/ANSES-1.jpg\" \/>\n\t<meta property=\"og:image:width\" content=\"1508\" \/>\n\t<meta property=\"og:image:height\" content=\"706\" \/>\n\t<meta property=\"og:image:type\" content=\"image\/jpeg\" \/>\n<meta name=\"author\" content=\"Sebastian\" \/>\n<meta name=\"twitter:card\" content=\"summary_large_image\" \/>\n<meta name=\"twitter:creator\" content=\"@InformeLitoral\" \/>\n<meta name=\"twitter:site\" content=\"@InformeLitoral\" \/>\n<meta name=\"twitter:label1\" content=\"Escrito por\" \/>\n\t<meta name=\"twitter:data1\" content=\"Sebastian\" \/>\n\t<meta name=\"twitter:label2\" content=\"Tiempo de lectura\" \/>\n\t<meta name=\"twitter:data2\" content=\"5 minutos\" \/>\n<script type=\"application\/ld+json\" class=\"yoast-schema-graph\">{\"@context\":\"https:\\\/\\\/schema.org\",\"@graph\":[{\"@type\":\"Article\",\"@id\":\"https:\\\/\\\/informelitoral.com.ar\\\/subsidios-para-gas-y-electricidad-habilitaron-el-formulario-para-la-inscripcion\\\/#article\",\"isPartOf\":{\"@id\":\"https:\\\/\\\/informelitoral.com.ar\\\/subsidios-para-gas-y-electricidad-habilitaron-el-formulario-para-la-inscripcion\\\/\"},\"author\":{\"name\":\"Sebastian\",\"@id\":\"https:\\\/\\\/informelitoral.com.ar\\\/#\\\/schema\\\/person\\\/f05f9f461677119578717524b127d6d5\"},\"headline\":\"Subsidios para gas y electricidad: habilitaron el formulario para la inscripci\u00f3n\",\"datePublished\":\"2022-07-15T13:48:35+00:00\",\"mainEntityOfPage\":{\"@id\":\"https:\\\/\\\/informelitoral.com.ar\\\/subsidios-para-gas-y-electricidad-habilitaron-el-formulario-para-la-inscripcion\\\/\"},\"wordCount\":943,\"commentCount\":0,\"publisher\":{\"@id\":\"https:\\\/\\\/informelitoral.com.ar\\\/#organization\"},\"image\":{\"@id\":\"https:\\\/\\\/informelitoral.com.ar\\\/subsidios-para-gas-y-electricidad-habilitaron-el-formulario-para-la-inscripcion\\\/#primaryimage\"},\"thumbnailUrl\":\"https:\\\/\\\/informelitoral.com.ar\\\/%77%70%2d%63%6f%6e%74%65%6e%74\\\/uploads\\\/2016\\\/08\\\/ANSES-1.jpg\",\"keywords\":[\"Anses\",\"subsidios\"],\"articleSection\":[\"Econom\u00eda\"],\"inLanguage\":\"es\",\"potentialAction\":[{\"@type\":\"CommentAction\",\"name\":\"Comment\",\"target\":[\"https:\\\/\\\/informelitoral.com.ar\\\/subsidios-para-gas-y-electricidad-habilitaron-el-formulario-para-la-inscripcion\\\/#respond\"]}]},{\"@type\":\"WebPage\",\"@id\":\"https:\\\/\\\/informelitoral.com.ar\\\/subsidios-para-gas-y-electricidad-habilitaron-el-formulario-para-la-inscripcion\\\/\",\"url\":\"https:\\\/\\\/informelitoral.com.ar\\\/subsidios-para-gas-y-electricidad-habilitaron-el-formulario-para-la-inscripcion\\\/\",\"name\":\"Subsidios para gas y electricidad: habilitaron el formulario para la inscripci\u00f3n - Informe Litoral\",\"isPartOf\":{\"@id\":\"https:\\\/\\\/informelitoral.com.ar\\\/#website\"},\"primaryImageOfPage\":{\"@id\":\"https:\\\/\\\/informelitoral.com.ar\\\/subsidios-para-gas-y-electricidad-habilitaron-el-formulario-para-la-inscripcion\\\/#primaryimage\"},\"image\":{\"@id\":\"https:\\\/\\\/informelitoral.com.ar\\\/subsidios-para-gas-y-electricidad-habilitaron-el-formulario-para-la-inscripcion\\\/#primaryimage\"},\"thumbnailUrl\":\"https:\\\/\\\/informelitoral.com.ar\\\/%77%70%2d%63%6f%6e%74%65%6e%74\\\/uploads\\\/2016\\\/08\\\/ANSES-1.jpg\",\"datePublished\":\"2022-07-15T13:48:35+00:00\",\"breadcrumb\":{\"@id\":\"https:\\\/\\\/informelitoral.com.ar\\\/subsidios-para-gas-y-electricidad-habilitaron-el-formulario-para-la-inscripcion\\\/#breadcrumb\"},\"inLanguage\":\"es\",\"potentialAction\":[{\"@type\":\"ReadAction\",\"target\":[\"https:\\\/\\\/informelitoral.com.ar\\\/subsidios-para-gas-y-electricidad-habilitaron-el-formulario-para-la-inscripcion\\\/\"]}]},{\"@type\":\"ImageObject\",\"inLanguage\":\"es\",\"@id\":\"https:\\\/\\\/informelitoral.com.ar\\\/subsidios-para-gas-y-electricidad-habilitaron-el-formulario-para-la-inscripcion\\\/#primaryimage\",\"url\":\"https:\\\/\\\/informelitoral.com.ar\\\/%77%70%2d%63%6f%6e%74%65%6e%74\\\/uploads\\\/2016\\\/08\\\/ANSES-1.jpg\",\"contentUrl\":\"https:\\\/\\\/informelitoral.com.ar\\\/%77%70%2d%63%6f%6e%74%65%6e%74\\\/uploads\\\/2016\\\/08\\\/ANSES-1.jpg\",\"width\":1508,\"height\":706},{\"@type\":\"BreadcrumbList\",\"@id\":\"https:\\\/\\\/informelitoral.com.ar\\\/subsidios-para-gas-y-electricidad-habilitaron-el-formulario-para-la-inscripcion\\\/#breadcrumb\",\"itemListElement\":[{\"@type\":\"ListItem\",\"position\":1,\"name\":\"Portada\",\"item\":\"https:\\\/\\\/informelitoral.com.ar\\\/\"},{\"@type\":\"ListItem\",\"position\":2,\"name\":\"Subsidios para gas y electricidad: habilitaron el formulario para la inscripci\u00f3n\"}]},{\"@type\":\"WebSite\",\"@id\":\"https:\\\/\\\/informelitoral.com.ar\\\/#website\",\"url\":\"https:\\\/\\\/informelitoral.com.ar\\\/\",\"name\":\"Informe Litoral\",\"description\":\"&quot;Nos informamos&quot; \",\"publisher\":{\"@id\":\"https:\\\/\\\/informelitoral.com.ar\\\/#organization\"},\"potentialAction\":[{\"@type\":\"SearchAction\",\"target\":{\"@type\":\"EntryPoint\",\"urlTemplate\":\"https:\\\/\\\/informelitoral.com.ar\\\/?s={search_term_string}\"},\"query-input\":{\"@type\":\"PropertyValueSpecification\",\"valueRequired\":true,\"valueName\":\"search_term_string\"}}],\"inLanguage\":\"es\"},{\"@type\":\"Organization\",\"@id\":\"https:\\\/\\\/informelitoral.com.ar\\\/#organization\",\"name\":\"Informe Litoral\",\"url\":\"https:\\\/\\\/informelitoral.com.ar\\\/\",\"logo\":{\"@type\":\"ImageObject\",\"inLanguage\":\"es\",\"@id\":\"https:\\\/\\\/informelitoral.com.ar\\\/#\\\/schema\\\/logo\\\/image\\\/\",\"url\":\"https:\\\/\\\/informelitoral.com.ar\\\/%77%70%2d%63%6f%6e%74%65%6e%74\\\/uploads\\\/2021\\\/01\\\/circulo.png\",\"contentUrl\":\"https:\\\/\\\/informelitoral.com.ar\\\/%77%70%2d%63%6f%6e%74%65%6e%74\\\/uploads\\\/2021\\\/01\\\/circulo.png\",\"width\":723,\"height\":731,\"caption\":\"Informe Litoral\"},\"image\":{\"@id\":\"https:\\\/\\\/informelitoral.com.ar\\\/#\\\/schema\\\/logo\\\/image\\\/\"},\"sameAs\":[\"https:\\\/\\\/www.facebook.com\\\/informelitoral\\\/\",\"https:\\\/\\\/x.com\\\/InformeLitoral\",\"https:\\\/\\\/www.instagram.com\\\/informelitoral\\\/\",\"https:\\\/\\\/www.youtube.com\\\/channel\\\/UCua4Qvz8Icb6MYqhoq9xLXw\"]},{\"@type\":\"Person\",\"@id\":\"https:\\\/\\\/informelitoral.com.ar\\\/#\\\/schema\\\/person\\\/f05f9f461677119578717524b127d6d5\",\"name\":\"Sebastian\",\"image\":{\"@type\":\"ImageObject\",\"inLanguage\":\"es\",\"@id\":\"https:\\\/\\\/secure.gravatar.com\\\/avatar\\\/b71bf7481d447dfb9583c7f2798e7cc64de6efb9067b74633ed8c31059a3bd82?s=96&d=mm&r=g\",\"url\":\"https:\\\/\\\/secure.gravatar.com\\\/avatar\\\/b71bf7481d447dfb9583c7f2798e7cc64de6efb9067b74633ed8c31059a3bd82?s=96&d=mm&r=g\",\"contentUrl\":\"https:\\\/\\\/secure.gravatar.com\\\/avatar\\\/b71bf7481d447dfb9583c7f2798e7cc64de6efb9067b74633ed8c31059a3bd82?s=96&d=mm&r=g\",\"caption\":\"Sebastian\"},\"url\":\"https:\\\/\\\/informelitoral.com.ar\\\/author\\\/sebastian\\\/\"}]}<\/script>","yoast_head_json":{"title":"Subsidios para gas y electricidad: habilitaron el formulario para la inscripci\u00f3n - Informe Litoral","robots":{"index":"index","follow":"follow","max-snippet":"max-snippet:-1","max-image-preview":"max-image-preview:large","max-video-preview":"max-video-preview:-1"},"canonical":"https:\/\/informelitoral.com.ar\/subsidios-para-gas-y-electricidad-habilitaron-el-formulario-para-la-inscripcion\/","og_locale":"es_ES","og_type":"article","og_title":"Subsidios para gas y electricidad: habilitaron el formulario para la inscripci\u00f3n - Informe Litoral","og_description":"La inscripci\u00f3n estar\u00e1 abierta todo el mes. Para poder organizar el registro, las primeras semanas se deber\u00e1 hacer la carga seg\u00fan la terminaci\u00f3n del DNI del solicitante. El link para hacer el tr\u00e1mite.","og_url":"https:\/\/informelitoral.com.ar\/subsidios-para-gas-y-electricidad-habilitaron-el-formulario-para-la-inscripcion\/","og_site_name":"Informe Litoral","article_publisher":"https:\/\/www.facebook.com\/informelitoral\/","article_published_time":"2022-07-15T13:48:35+00:00","og_image":[{"width":1508,"height":706,"url":"https:\/\/informelitoral.com.ar\/%77%70%2d%63%6f%6e%74%65%6e%74\/uploads\/2016\/08\/ANSES-1.jpg","type":"image\/jpeg"}],"author":"Sebastian","twitter_card":"summary_large_image","twitter_creator":"@InformeLitoral","twitter_site":"@InformeLitoral","twitter_misc":{"Escrito por":"Sebastian","Tiempo de lectura":"5 minutos"},"schema":{"@context":"https:\/\/schema.org","@graph":[{"@type":"Article","@id":"https:\/\/informelitoral.com.ar\/subsidios-para-gas-y-electricidad-habilitaron-el-formulario-para-la-inscripcion\/#article","isPartOf":{"@id":"https:\/\/informelitoral.com.ar\/subsidios-para-gas-y-electricidad-habilitaron-el-formulario-para-la-inscripcion\/"},"author":{"name":"Sebastian","@id":"https:\/\/informelitoral.com.ar\/#\/schema\/person\/f05f9f461677119578717524b127d6d5"},"headline":"Subsidios para gas y electricidad: habilitaron el formulario para la inscripci\u00f3n","datePublished":"2022-07-15T13:48:35+00:00","mainEntityOfPage":{"@id":"https:\/\/informelitoral.com.ar\/subsidios-para-gas-y-electricidad-habilitaron-el-formulario-para-la-inscripcion\/"},"wordCount":943,"commentCount":0,"publisher":{"@id":"https:\/\/informelitoral.com.ar\/#organization"},"image":{"@id":"https:\/\/informelitoral.com.ar\/subsidios-para-gas-y-electricidad-habilitaron-el-formulario-para-la-inscripcion\/#primaryimage"},"thumbnailUrl":"https:\/\/informelitoral.com.ar\/%77%70%2d%63%6f%6e%74%65%6e%74\/uploads\/2016\/08\/ANSES-1.jpg","keywords":["Anses","subsidios"],"articleSection":["Econom\u00eda"],"inLanguage":"es","potentialAction":[{"@type":"CommentAction","name":"Comment","target":["https:\/\/informelitoral.com.ar\/subsidios-para-gas-y-electricidad-habilitaron-el-formulario-para-la-inscripcion\/#respond"]}]},{"@type":"WebPage","@id":"https:\/\/informelitoral.com.ar\/subsidios-para-gas-y-electricidad-habilitaron-el-formulario-para-la-inscripcion\/","url":"https:\/\/informelitoral.com.ar\/subsidios-para-gas-y-electricidad-habilitaron-el-formulario-para-la-inscripcion\/","name":"Subsidios para gas y electricidad: habilitaron el formulario para la inscripci\u00f3n - Informe Litoral","isPartOf":{"@id":"https:\/\/informelitoral.com.ar\/#website"},"primaryImageOfPage":{"@id":"https:\/\/informelitoral.com.ar\/subsidios-para-gas-y-electricidad-habilitaron-el-formulario-para-la-inscripcion\/#primaryimage"},"image":{"@id":"https:\/\/informelitoral.com.ar\/subsidios-para-gas-y-electricidad-habilitaron-el-formulario-para-la-inscripcion\/#primaryimage"},"thumbnailUrl":"https:\/\/informelitoral.com.ar\/%77%70%2d%63%6f%6e%74%65%6e%74\/uploads\/2016\/08\/ANSES-1.jpg","datePublished":"2022-07-15T13:48:35+00:00","breadcrumb":{"@id":"https:\/\/informelitoral.com.ar\/subsidios-para-gas-y-electricidad-habilitaron-el-formulario-para-la-inscripcion\/#breadcrumb"},"inLanguage":"es","potentialAction":[{"@type":"ReadAction","target":["https:\/\/informelitoral.com.ar\/subsidios-para-gas-y-electricidad-habilitaron-el-formulario-para-la-inscripcion\/"]}]},{"@type":"ImageObject","inLanguage":"es","@id":"https:\/\/informelitoral.com.ar\/subsidios-para-gas-y-electricidad-habilitaron-el-formulario-para-la-inscripcion\/#primaryimage","url":"https:\/\/informelitoral.com.ar\/%77%70%2d%63%6f%6e%74%65%6e%74\/uploads\/2016\/08\/ANSES-1.jpg","contentUrl":"https:\/\/informelitoral.com.ar\/%77%70%2d%63%6f%6e%74%65%6e%74\/uploads\/2016\/08\/ANSES-1.jpg","width":1508,"height":706},{"@type":"BreadcrumbList","@id":"https:\/\/informelitoral.com.ar\/subsidios-para-gas-y-electricidad-habilitaron-el-formulario-para-la-inscripcion\/#breadcrumb","itemListElement":[{"@type":"ListItem","position":1,"name":"Portada","item":"https:\/\/informelitoral.com.ar\/"},{"@type":"ListItem","position":2,"name":"Subsidios para gas y electricidad: habilitaron el formulario para la inscripci\u00f3n"}]},{"@type":"WebSite","@id":"https:\/\/informelitoral.com.ar\/#website","url":"https:\/\/informelitoral.com.ar\/","name":"Informe Litoral","description":"&quot;Nos informamos&quot; ","publisher":{"@id":"https:\/\/informelitoral.com.ar\/#organization"},"potentialAction":[{"@type":"SearchAction","target":{"@type":"EntryPoint","urlTemplate":"https:\/\/informelitoral.com.ar\/?s={search_term_string}"},"query-input":{"@type":"PropertyValueSpecification","valueRequired":true,"valueName":"search_term_string"}}],"inLanguage":"es"},{"@type":"Organization","@id":"https:\/\/informelitoral.com.ar\/#organization","name":"Informe Litoral","url":"https:\/\/informelitoral.com.ar\/","logo":{"@type":"ImageObject","inLanguage":"es","@id":"https:\/\/informelitoral.com.ar\/#\/schema\/logo\/image\/","url":"https:\/\/informelitoral.com.ar\/%77%70%2d%63%6f%6e%74%65%6e%74\/uploads\/2021\/01\/circulo.png","contentUrl":"https:\/\/informelitoral.com.ar\/%77%70%2d%63%6f%6e%74%65%6e%74\/uploads\/2021\/01\/circulo.png","width":723,"height":731,"caption":"Informe Litoral"},"image":{"@id":"https:\/\/informelitoral.com.ar\/#\/schema\/logo\/image\/"},"sameAs":["https:\/\/www.facebook.com\/informelitoral\/","https:\/\/x.com\/InformeLitoral","https:\/\/www.instagram.com\/informelitoral\/","https:\/\/www.youtube.com\/channel\/UCua4Qvz8Icb6MYqhoq9xLXw"]},{"@type":"Person","@id":"https:\/\/informelitoral.com.ar\/#\/schema\/person\/f05f9f461677119578717524b127d6d5","name":"Sebastian","image":{"@type":"ImageObject","inLanguage":"es","@id":"https:\/\/secure.gravatar.com\/avatar\/b71bf7481d447dfb9583c7f2798e7cc64de6efb9067b74633ed8c31059a3bd82?s=96&d=mm&r=g","url":"https:\/\/secure.gravatar.com\/avatar\/b71bf7481d447dfb9583c7f2798e7cc64de6efb9067b74633ed8c31059a3bd82?s=96&d=mm&r=g","contentUrl":"https:\/\/secure.gravatar.com\/avatar\/b71bf7481d447dfb9583c7f2798e7cc64de6efb9067b74633ed8c31059a3bd82?s=96&d=mm&r=g","caption":"Sebastian"},"url":"https:\/\/informelitoral.com.ar\/author\/sebastian\/"}]}},"_links":{"self":[{"href":"https:\/\/informelitoral.com.ar\/%77%70%2d%6a%73%6f%6e\/wp\/v2\/posts\/81846","targetHints":{"allow":["GET"]}}],"collection":[{"href":"https:\/\/informelitoral.com.ar\/%77%70%2d%6a%73%6f%6e\/wp\/v2\/posts"}],"about":[{"href":"https:\/\/informelitoral.com.ar\/%77%70%2d%6a%73%6f%6e\/wp\/v2\/types\/post"}],"author":[{"embeddable":true,"href":"https:\/\/informelitoral.com.ar\/%77%70%2d%6a%73%6f%6e\/wp\/v2\/users\/8"}],"replies":[{"embeddable":true,"href":"https:\/\/informelitoral.com.ar\/%77%70%2d%6a%73%6f%6e\/wp\/v2\/comments?post=81846"}],"version-history":[{"count":0,"href":"https:\/\/informelitoral.com.ar\/%77%70%2d%6a%73%6f%6e\/wp\/v2\/posts\/81846\/revisions"}],"wp:featuredmedia":[{"embeddable":true,"href":"https:\/\/informelitoral.com.ar\/%77%70%2d%6a%73%6f%6e\/wp\/v2\/media\/17650"}],"wp:attachment":[{"href":"https:\/\/informelitoral.com.ar\/%77%70%2d%6a%73%6f%6e\/wp\/v2\/media?parent=81846"}],"wp:term":[{"taxonomy":"category","embeddable":true,"href":"https:\/\/informelitoral.com.ar\/%77%70%2d%6a%73%6f%6e\/wp\/v2\/categories?post=81846"},{"taxonomy":"post_tag","embeddable":true,"href":"https:\/\/informelitoral.com.ar\/%77%70%2d%6a%73%6f%6e\/wp\/v2\/tags?post=81846"}],"curies":[{"name":"wp","href":"https:\/\/api.w.org\/{rel}","templated":true}]}}