{"id":81188,"date":"2022-07-06T18:50:33","date_gmt":"2022-07-06T21:50:33","guid":{"rendered":"https:\/\/www.informelitoral.com.ar\/?p=81188"},"modified":"2022-07-06T20:51:51","modified_gmt":"2022-07-06T23:51:51","slug":"este-domingo-a-las-20-se-reestrena-en-internet-el-cortometraje-francisco","status":"publish","type":"post","link":"https:\/\/informelitoral.com.ar\/este-domingo-a-las-20-se-reestrena-en-internet-el-cortometraje-francisco\/","title":{"rendered":"Este domingo a las 20 se reestrena en internet el cortometraje Francisco"},"content":{"rendered":"<p>Din\u00e1mico, atractivo y con la calidad del cine, el cortometraje de ficci\u00f3n documental Francisco, propone acercarnos al pr\u00f3cer entrerriano desde una mirada que permite conocer y ahondar su figura y la de su capitana, La Delfina. Ante un nuevo aniversario del fallecimiento del caudillo la provincia propone su reestreno este domingo a las 20hs en\u00a0<a href=\"https:\/\/youtu.be\/TfvDCTOFp34.\" target=\"_blank\" rel=\"noopener\">https:\/\/youtu.be\/TfvDCTOFp34.<\/a><\/p>\n<p>Al respecto el joven director entrerriano, Luchi N\u00f3bile, expres\u00f3: \u201cTenemos mucha alegr\u00eda por este reestreno por poder compartir Francisco con tanta gente\u201d.<\/p>\n<p>Recordemos que la presentaci\u00f3n del cortometraje se hab\u00eda dado el a\u00f1o pasado pero que por las condiciones sanitarias hab\u00eda sido con aforo limitado. Por lo que \u201ceste relanzamiento lo podr\u00e1n disfrutar todos desde cualquier lugar; de manera tal que ahora la pieza toma otra relevancia, otro car\u00e1cter, uno m\u00e1s educativo que tiene que ver con el objetivo original del proyecto que fue y es revalorizar nuestra historia y las figuras de Francisco Ram\u00edrez, la Delfina y otros personajes que han moldeado lo que somos\u201d.<\/p>\n<p>Consultado sobre la importancia de esta realizaci\u00f3n, N\u00f3bile dijo que, \u201ceste proyecto a nivel personal ha sido el m\u00e1s significativo de mi carrera por varios motivos: su energ\u00eda, el equipo humano que se conform\u00f3, fue muy distinto de otros trabajos que he ejecutado\u201d.<\/p>\n<p>\u201cEn ese sentido quiero volver a agradecer a cada una de las personas que aportaron y se brindaron al m\u00e1ximo en este proyecto tanto en Paran\u00e1, como en Piedras Blancas, y en Maci\u00e1 y que muchas veces han ayudado desde el silencio. Y recordar a mi abuelo, Mauro, que me di\u00f3 la fuerza para hacerlo y a quien se lo dedico al ciento por ciento\u201d.<\/p>\n<p>El director del audiovisual tambi\u00e9n aprovech\u00f3 la ocasi\u00f3n para recordar y homenajear a Jorge Pedro Busti, \u201cque fue el gran impulsor de este movimiento de estudio sobre la vida de Ram\u00edrez. Que ya no puede estar f\u00edsicamente pero que seguramente va a estar contento con esto\u201d.<\/p>\n<p>Efectivamente Jorge Pedro Busti \u2013quien entre otros roles fuera tres veces gobernador de la provincia de Entre R\u00edos\u2013 dio origen y promovi\u00f3 hasta su fallecimiento el estudio de la vida, obra y legado del general Francisco Ram\u00edrez. Fundador de la comisi\u00f3n ramiriana en 2019 \u2013que desde entonces preside el gobernador Gustavo Bordet\u2013, investigador y escritor de obras vinculadas al caudillo, pretendi\u00f3 siempre revalorizar desde una mirada hist\u00f3rica el rol, la visi\u00f3n federal y el proyecto pol\u00edtico-administrativo de Ram\u00edrez.<\/p>\n<p><strong>Acompa\u00f1amiento institucional<\/strong><\/p>\n<p>Desde el Ente Regi\u00f3n Centro, organismo que viene acompa\u00f1ando este desarrollo por el alt\u00edsimo valor hist\u00f3rico y su visi\u00f3n integracionista, su presidente Claudio Ava Aispuru, destac\u00f3 que \u201cFrancisco Ram\u00edrez, importa a la provincia y a toda la Regi\u00f3n Centro. Cabe recordar que nuestro caudillo \u2013a pesar de las circunstancias propias de un per\u00edodo de reorganizaci\u00f3n territorial y de diferentes episodios tr\u00e1gicos\u2013 fue contempor\u00e1neo y protagonista de los conflictos que tuvieron en el centro de la escena a los caudillos de Santa Fe y C\u00f3rdoba, Estanislao L\u00f3pez y Juan Bautista Bustos respectivamente\u201d.<\/p>\n<p>\u201cEs decir, que recuperar Ram\u00edrez, nos interpela por diversos motivos. Por lo hecho y por lo que queda por hacer, por aquellas huellas que nos alejaron y por las que debemos construir. Sin lugar a dudas, Jorge Busti, que entre otras cosas ha sido un estadista y un l\u00edder en la regi\u00f3n, esto lo sab\u00eda y puso su coraz\u00f3n y su capacidad para que muchos otros pudieron tomar conciencia de la relevancia de Pancho Ram\u00edrez\u201d.<\/p>\n<p>Por otra parte, Juan Coniglio, coordinador del espacio, anticip\u00f3 que tanto el cortometraje como la Cantata homenaje a Ram\u00edrez de Atahualpa Puchulu y Facundo Torres\u00e1n, \u201ca partir de un trabajo articulado con el Consejo General de Educaci\u00f3n, comenzar\u00e1n su recorrido por las escuelas entrerrianas posteriormente al receso invernal\u201d.<\/p>\n<p>Planes a futuro, elenco de Francisco, equipo de trabajo y enlace del estreno<\/p>\n<p>Sobre los planes a futuro de este corto, su director N\u00f3bile coment\u00f3 que \u201cpor ahora una segunda parte no est\u00e1 en los planes, pero dejamos las puertas abiertas porque uno nunca sabe y sobre todo considerando la riqueza de nuestra historia y todo lo que nos queda por recorrer desde el punto de vista de la cinematograf\u00eda\u201d.<\/p>\n<p>Enlace del estreno en el canal oficial de la provincia de Entre R\u00edos:\u00a0<a href=\"https:\/\/youtu.be\/TfvDCTOFp34\" target=\"_blank\" rel=\"noopener\">https:\/\/youtu.be\/TfvDCTOFp34<\/a><\/p>\n<p>Protagonistas: Juan Pablo Amarillo (Francisco Ramirez) y Ekaterina Gelroth (La Delfina)<\/p>\n<p>El cortometraje ha sido una iniciativa de la Comisi\u00f3n permanente para el Estudio de la Vida, Obra y Legado de Francisco Ram\u00edrez, posible gracias al financiamiento del Consejo Federal de Inversiones (CFI) en colaboraci\u00f3n con el Gobierno de Entre R\u00edos.<\/p>\n<p>El elenco se compone de los siguientes artistas, Juan Pablo Amarillo (Ramirez), Ekaterina Gelroth (La Delfina), Enrique Zolo (Anacleto Medina), Agust\u00edn Ruiz Diaz (Gregorio Piris), Mateo Izza (Estanislao L\u00f3pez), Mateo Montiel Lovaglio (Jos\u00e9 Rondeau), Matias Armoa (Jos\u00e9 G. Artigas), In\u00e9s Ghiggi (Tadea Jord\u00e1n), Horacio Lapunzina (Miguel Diaz V\u00e9lez), Lisandro Villarroel (Manuel de Sarratea), Gustavo Comolli (Juan R. Balcarce), Juan Sebastian Schoenfeld (Lucio Mansilla). Direcci\u00f3n y post-producci\u00f3n: Luchi N\u00f3bile; direcci\u00f3n de fotograf\u00eda, Emiliano Rico; operador de c\u00e1mara, Pedro Bootz; casting y caracterizaci\u00f3n, Erika Vernay; arte y vestuario, Marcia Orihuela; direcci\u00f3n de arte, Giuliano Andrea Muzzachiodi; producci\u00f3n general, Bruno Valentinuz; sonido, Ariel Gaspoz; gaffer, Jessica Medina; make up, Ani Cabrol; peinado, Guzm\u00e1n Agustin Sersewitz; foto fija, Federico Louteiro; asistente de producci\u00f3n, Daiana Demartini; musicalizaci\u00f3n, Enzo Demartini; estudio y masterizaci\u00f3n, Pablo Savat.<\/p>\n<p>Adem\u00e1s, contribuyeron de distintas maneras, el vestuario Municipal Teatral Caranday, la sastrer\u00eda Municipal de la Municipalidad de Paran\u00e1, ubicada en el Juan L. Ortiz, el complejo Social y Educativo Escuela Hogar \u00abEva Per\u00f3n\u00bb, la municipalidad de Piedras Blancas, la secretar\u00eda de Cultura de Entre R\u00edos, la agrupaci\u00f3n EntreAfros, el ministerio de Gobierno de Entre R\u00edos.<\/p>\n<div class=\"youtube-embed\" data-video_id=\"nu6YWH7XXdw\"><iframe loading=\"lazy\" title=\"Trailer Oficial 2022 - FRANCISCO.\" width=\"696\" height=\"392\" src=\"https:\/\/www.youtube.com\/embed\/nu6YWH7XXdw?feature=oembed&#038;enablejsapi=1\" frameborder=\"0\" allow=\"accelerometer; autoplay; clipboard-write; encrypted-media; gyroscope; picture-in-picture\" allowfullscreen><\/iframe><\/div>\n","protected":false},"excerpt":{"rendered":"<p>Con motivo de cumplirse un nuevo aniversario del fallecimiento del general Francisco Ram\u00edrez, el domingo 10 de julio a las 20 horas se publicar\u00e1 el cortometraje \u201cFrancisco\u201d, del director Luciano N\u00f3bile, en el canal oficial de youtube del Gobierno de Entre R\u00edos.<\/p>\n","protected":false},"author":2,"featured_media":81189,"comment_status":"open","ping_status":"open","sticky":false,"template":"","format":"standard","meta":{"fifu_image_url":"","fifu_image_alt":"","footnotes":""},"categories":[9],"tags":[],"class_list":{"0":"post-81188","1":"post","2":"type-post","3":"status-publish","4":"format-standard","5":"has-post-thumbnail","7":"category-sociedad"},"yoast_head":"<title>Este domingo a las 20 se reestrena en internet el cortometraje Francisco - Informe Litoral<\/title>\n<meta name=\"robots\" content=\"index, follow, max-snippet:-1, max-image-preview:large, max-video-preview:-1\" \/>\n<link rel=\"canonical\" href=\"https:\/\/informelitoral.com.ar\/este-domingo-a-las-20-se-reestrena-en-internet-el-cortometraje-francisco\/\" \/>\n<meta property=\"og:locale\" content=\"es_ES\" \/>\n<meta property=\"og:type\" content=\"article\" \/>\n<meta property=\"og:title\" content=\"Este domingo a las 20 se reestrena en internet el cortometraje Francisco - Informe Litoral\" \/>\n<meta property=\"og:description\" content=\"Con motivo de cumplirse un nuevo aniversario del fallecimiento del general Francisco Ram\u00edrez, el domingo 10 de julio a las 20 horas se publicar\u00e1 el cortometraje \u201cFrancisco\u201d, del director Luciano N\u00f3bile, en el canal oficial de youtube del Gobierno de Entre R\u00edos.\" \/>\n<meta property=\"og:url\" content=\"https:\/\/informelitoral.com.ar\/este-domingo-a-las-20-se-reestrena-en-internet-el-cortometraje-francisco\/\" \/>\n<meta property=\"og:site_name\" content=\"Informe Litoral\" \/>\n<meta property=\"article:publisher\" content=\"https:\/\/www.facebook.com\/informelitoral\/\" \/>\n<meta property=\"article:published_time\" content=\"2022-07-06T21:50:33+00:00\" \/>\n<meta property=\"article:modified_time\" content=\"2022-07-06T23:51:51+00:00\" \/>\n<meta property=\"og:image\" content=\"https:\/\/informelitoral.com.ar\/%77%70%2d%63%6f%6e%74%65%6e%74\/uploads\/2022\/07\/1657122745jpg.jpg\" \/>\n\t<meta property=\"og:image:width\" content=\"1920\" \/>\n\t<meta property=\"og:image:height\" content=\"1280\" \/>\n\t<meta property=\"og:image:type\" content=\"image\/jpeg\" \/>\n<meta name=\"author\" content=\"Gonzalo Schmidt\" \/>\n<meta name=\"twitter:card\" content=\"summary_large_image\" \/>\n<meta name=\"twitter:creator\" content=\"@InformeLitoral\" \/>\n<meta name=\"twitter:site\" content=\"@InformeLitoral\" \/>\n<meta name=\"twitter:label1\" content=\"Escrito por\" \/>\n\t<meta name=\"twitter:data1\" content=\"Gonzalo Schmidt\" \/>\n\t<meta name=\"twitter:label2\" content=\"Tiempo de lectura\" \/>\n\t<meta name=\"twitter:data2\" content=\"5 minutos\" \/>\n<script type=\"application\/ld+json\" class=\"yoast-schema-graph\">{\"@context\":\"https:\\\/\\\/schema.org\",\"@graph\":[{\"@type\":\"Article\",\"@id\":\"https:\\\/\\\/informelitoral.com.ar\\\/este-domingo-a-las-20-se-reestrena-en-internet-el-cortometraje-francisco\\\/#article\",\"isPartOf\":{\"@id\":\"https:\\\/\\\/informelitoral.com.ar\\\/este-domingo-a-las-20-se-reestrena-en-internet-el-cortometraje-francisco\\\/\"},\"author\":{\"name\":\"Gonzalo Schmidt\",\"@id\":\"https:\\\/\\\/informelitoral.com.ar\\\/#\\\/schema\\\/person\\\/b9d00407c836482871ef1d57bf8e3180\"},\"headline\":\"Este domingo a las 20 se reestrena en internet el cortometraje Francisco\",\"datePublished\":\"2022-07-06T21:50:33+00:00\",\"dateModified\":\"2022-07-06T23:51:51+00:00\",\"mainEntityOfPage\":{\"@id\":\"https:\\\/\\\/informelitoral.com.ar\\\/este-domingo-a-las-20-se-reestrena-en-internet-el-cortometraje-francisco\\\/\"},\"wordCount\":1039,\"commentCount\":0,\"publisher\":{\"@id\":\"https:\\\/\\\/informelitoral.com.ar\\\/#organization\"},\"image\":{\"@id\":\"https:\\\/\\\/informelitoral.com.ar\\\/este-domingo-a-las-20-se-reestrena-en-internet-el-cortometraje-francisco\\\/#primaryimage\"},\"thumbnailUrl\":\"https:\\\/\\\/informelitoral.com.ar\\\/%77%70%2d%63%6f%6e%74%65%6e%74\\\/uploads\\\/2022\\\/07\\\/1657122745jpg.jpg\",\"articleSection\":[\"Sociedad\"],\"inLanguage\":\"es\",\"potentialAction\":[{\"@type\":\"CommentAction\",\"name\":\"Comment\",\"target\":[\"https:\\\/\\\/informelitoral.com.ar\\\/este-domingo-a-las-20-se-reestrena-en-internet-el-cortometraje-francisco\\\/#respond\"]}]},{\"@type\":\"WebPage\",\"@id\":\"https:\\\/\\\/informelitoral.com.ar\\\/este-domingo-a-las-20-se-reestrena-en-internet-el-cortometraje-francisco\\\/\",\"url\":\"https:\\\/\\\/informelitoral.com.ar\\\/este-domingo-a-las-20-se-reestrena-en-internet-el-cortometraje-francisco\\\/\",\"name\":\"Este domingo a las 20 se reestrena en internet el cortometraje Francisco - Informe Litoral\",\"isPartOf\":{\"@id\":\"https:\\\/\\\/informelitoral.com.ar\\\/#website\"},\"primaryImageOfPage\":{\"@id\":\"https:\\\/\\\/informelitoral.com.ar\\\/este-domingo-a-las-20-se-reestrena-en-internet-el-cortometraje-francisco\\\/#primaryimage\"},\"image\":{\"@id\":\"https:\\\/\\\/informelitoral.com.ar\\\/este-domingo-a-las-20-se-reestrena-en-internet-el-cortometraje-francisco\\\/#primaryimage\"},\"thumbnailUrl\":\"https:\\\/\\\/informelitoral.com.ar\\\/%77%70%2d%63%6f%6e%74%65%6e%74\\\/uploads\\\/2022\\\/07\\\/1657122745jpg.jpg\",\"datePublished\":\"2022-07-06T21:50:33+00:00\",\"dateModified\":\"2022-07-06T23:51:51+00:00\",\"breadcrumb\":{\"@id\":\"https:\\\/\\\/informelitoral.com.ar\\\/este-domingo-a-las-20-se-reestrena-en-internet-el-cortometraje-francisco\\\/#breadcrumb\"},\"inLanguage\":\"es\",\"potentialAction\":[{\"@type\":\"ReadAction\",\"target\":[\"https:\\\/\\\/informelitoral.com.ar\\\/este-domingo-a-las-20-se-reestrena-en-internet-el-cortometraje-francisco\\\/\"]}]},{\"@type\":\"ImageObject\",\"inLanguage\":\"es\",\"@id\":\"https:\\\/\\\/informelitoral.com.ar\\\/este-domingo-a-las-20-se-reestrena-en-internet-el-cortometraje-francisco\\\/#primaryimage\",\"url\":\"https:\\\/\\\/informelitoral.com.ar\\\/%77%70%2d%63%6f%6e%74%65%6e%74\\\/uploads\\\/2022\\\/07\\\/1657122745jpg.jpg\",\"contentUrl\":\"https:\\\/\\\/informelitoral.com.ar\\\/%77%70%2d%63%6f%6e%74%65%6e%74\\\/uploads\\\/2022\\\/07\\\/1657122745jpg.jpg\",\"width\":1920,\"height\":1280},{\"@type\":\"BreadcrumbList\",\"@id\":\"https:\\\/\\\/informelitoral.com.ar\\\/este-domingo-a-las-20-se-reestrena-en-internet-el-cortometraje-francisco\\\/#breadcrumb\",\"itemListElement\":[{\"@type\":\"ListItem\",\"position\":1,\"name\":\"Portada\",\"item\":\"https:\\\/\\\/informelitoral.com.ar\\\/\"},{\"@type\":\"ListItem\",\"position\":2,\"name\":\"Este domingo a las 20 se reestrena en internet el cortometraje Francisco\"}]},{\"@type\":\"WebSite\",\"@id\":\"https:\\\/\\\/informelitoral.com.ar\\\/#website\",\"url\":\"https:\\\/\\\/informelitoral.com.ar\\\/\",\"name\":\"Informe Litoral\",\"description\":\"&quot;Nos informamos&quot; \",\"publisher\":{\"@id\":\"https:\\\/\\\/informelitoral.com.ar\\\/#organization\"},\"potentialAction\":[{\"@type\":\"SearchAction\",\"target\":{\"@type\":\"EntryPoint\",\"urlTemplate\":\"https:\\\/\\\/informelitoral.com.ar\\\/?s={search_term_string}\"},\"query-input\":{\"@type\":\"PropertyValueSpecification\",\"valueRequired\":true,\"valueName\":\"search_term_string\"}}],\"inLanguage\":\"es\"},{\"@type\":\"Organization\",\"@id\":\"https:\\\/\\\/informelitoral.com.ar\\\/#organization\",\"name\":\"Informe Litoral\",\"url\":\"https:\\\/\\\/informelitoral.com.ar\\\/\",\"logo\":{\"@type\":\"ImageObject\",\"inLanguage\":\"es\",\"@id\":\"https:\\\/\\\/informelitoral.com.ar\\\/#\\\/schema\\\/logo\\\/image\\\/\",\"url\":\"https:\\\/\\\/informelitoral.com.ar\\\/%77%70%2d%63%6f%6e%74%65%6e%74\\\/uploads\\\/2021\\\/01\\\/circulo.png\",\"contentUrl\":\"https:\\\/\\\/informelitoral.com.ar\\\/%77%70%2d%63%6f%6e%74%65%6e%74\\\/uploads\\\/2021\\\/01\\\/circulo.png\",\"width\":723,\"height\":731,\"caption\":\"Informe Litoral\"},\"image\":{\"@id\":\"https:\\\/\\\/informelitoral.com.ar\\\/#\\\/schema\\\/logo\\\/image\\\/\"},\"sameAs\":[\"https:\\\/\\\/www.facebook.com\\\/informelitoral\\\/\",\"https:\\\/\\\/x.com\\\/InformeLitoral\",\"https:\\\/\\\/www.instagram.com\\\/informelitoral\\\/\",\"https:\\\/\\\/www.youtube.com\\\/channel\\\/UCua4Qvz8Icb6MYqhoq9xLXw\"]},{\"@type\":\"Person\",\"@id\":\"https:\\\/\\\/informelitoral.com.ar\\\/#\\\/schema\\\/person\\\/b9d00407c836482871ef1d57bf8e3180\",\"name\":\"Gonzalo Schmidt\",\"image\":{\"@type\":\"ImageObject\",\"inLanguage\":\"es\",\"@id\":\"https:\\\/\\\/secure.gravatar.com\\\/avatar\\\/31a1a7b66ff2de83bd0e9fd79d026630d2d99e55e8bfe501287647b4fd9743de?s=96&d=mm&r=g\",\"url\":\"https:\\\/\\\/secure.gravatar.com\\\/avatar\\\/31a1a7b66ff2de83bd0e9fd79d026630d2d99e55e8bfe501287647b4fd9743de?s=96&d=mm&r=g\",\"contentUrl\":\"https:\\\/\\\/secure.gravatar.com\\\/avatar\\\/31a1a7b66ff2de83bd0e9fd79d026630d2d99e55e8bfe501287647b4fd9743de?s=96&d=mm&r=g\",\"caption\":\"Gonzalo Schmidt\"},\"description\":\"Sitio web de noticias de la provincia de Entre R\u00edos, Argentina. Informaci\u00f3n y entretenimiento. Informe Litoral, nos informamos.\",\"sameAs\":[\"http:\\\/\\\/www.isletasnoticias.com.ar\"],\"url\":\"https:\\\/\\\/informelitoral.com.ar\\\/author\\\/gonzalo\\\/\"}]}<\/script>","yoast_head_json":{"title":"Este domingo a las 20 se reestrena en internet el cortometraje Francisco - Informe Litoral","robots":{"index":"index","follow":"follow","max-snippet":"max-snippet:-1","max-image-preview":"max-image-preview:large","max-video-preview":"max-video-preview:-1"},"canonical":"https:\/\/informelitoral.com.ar\/este-domingo-a-las-20-se-reestrena-en-internet-el-cortometraje-francisco\/","og_locale":"es_ES","og_type":"article","og_title":"Este domingo a las 20 se reestrena en internet el cortometraje Francisco - Informe Litoral","og_description":"Con motivo de cumplirse un nuevo aniversario del fallecimiento del general Francisco Ram\u00edrez, el domingo 10 de julio a las 20 horas se publicar\u00e1 el cortometraje \u201cFrancisco\u201d, del director Luciano N\u00f3bile, en el canal oficial de youtube del Gobierno de Entre R\u00edos.","og_url":"https:\/\/informelitoral.com.ar\/este-domingo-a-las-20-se-reestrena-en-internet-el-cortometraje-francisco\/","og_site_name":"Informe Litoral","article_publisher":"https:\/\/www.facebook.com\/informelitoral\/","article_published_time":"2022-07-06T21:50:33+00:00","article_modified_time":"2022-07-06T23:51:51+00:00","og_image":[{"width":1920,"height":1280,"url":"https:\/\/informelitoral.com.ar\/%77%70%2d%63%6f%6e%74%65%6e%74\/uploads\/2022\/07\/1657122745jpg.jpg","type":"image\/jpeg"}],"author":"Gonzalo Schmidt","twitter_card":"summary_large_image","twitter_creator":"@InformeLitoral","twitter_site":"@InformeLitoral","twitter_misc":{"Escrito por":"Gonzalo Schmidt","Tiempo de lectura":"5 minutos"},"schema":{"@context":"https:\/\/schema.org","@graph":[{"@type":"Article","@id":"https:\/\/informelitoral.com.ar\/este-domingo-a-las-20-se-reestrena-en-internet-el-cortometraje-francisco\/#article","isPartOf":{"@id":"https:\/\/informelitoral.com.ar\/este-domingo-a-las-20-se-reestrena-en-internet-el-cortometraje-francisco\/"},"author":{"name":"Gonzalo Schmidt","@id":"https:\/\/informelitoral.com.ar\/#\/schema\/person\/b9d00407c836482871ef1d57bf8e3180"},"headline":"Este domingo a las 20 se reestrena en internet el cortometraje Francisco","datePublished":"2022-07-06T21:50:33+00:00","dateModified":"2022-07-06T23:51:51+00:00","mainEntityOfPage":{"@id":"https:\/\/informelitoral.com.ar\/este-domingo-a-las-20-se-reestrena-en-internet-el-cortometraje-francisco\/"},"wordCount":1039,"commentCount":0,"publisher":{"@id":"https:\/\/informelitoral.com.ar\/#organization"},"image":{"@id":"https:\/\/informelitoral.com.ar\/este-domingo-a-las-20-se-reestrena-en-internet-el-cortometraje-francisco\/#primaryimage"},"thumbnailUrl":"https:\/\/informelitoral.com.ar\/%77%70%2d%63%6f%6e%74%65%6e%74\/uploads\/2022\/07\/1657122745jpg.jpg","articleSection":["Sociedad"],"inLanguage":"es","potentialAction":[{"@type":"CommentAction","name":"Comment","target":["https:\/\/informelitoral.com.ar\/este-domingo-a-las-20-se-reestrena-en-internet-el-cortometraje-francisco\/#respond"]}]},{"@type":"WebPage","@id":"https:\/\/informelitoral.com.ar\/este-domingo-a-las-20-se-reestrena-en-internet-el-cortometraje-francisco\/","url":"https:\/\/informelitoral.com.ar\/este-domingo-a-las-20-se-reestrena-en-internet-el-cortometraje-francisco\/","name":"Este domingo a las 20 se reestrena en internet el cortometraje Francisco - Informe Litoral","isPartOf":{"@id":"https:\/\/informelitoral.com.ar\/#website"},"primaryImageOfPage":{"@id":"https:\/\/informelitoral.com.ar\/este-domingo-a-las-20-se-reestrena-en-internet-el-cortometraje-francisco\/#primaryimage"},"image":{"@id":"https:\/\/informelitoral.com.ar\/este-domingo-a-las-20-se-reestrena-en-internet-el-cortometraje-francisco\/#primaryimage"},"thumbnailUrl":"https:\/\/informelitoral.com.ar\/%77%70%2d%63%6f%6e%74%65%6e%74\/uploads\/2022\/07\/1657122745jpg.jpg","datePublished":"2022-07-06T21:50:33+00:00","dateModified":"2022-07-06T23:51:51+00:00","breadcrumb":{"@id":"https:\/\/informelitoral.com.ar\/este-domingo-a-las-20-se-reestrena-en-internet-el-cortometraje-francisco\/#breadcrumb"},"inLanguage":"es","potentialAction":[{"@type":"ReadAction","target":["https:\/\/informelitoral.com.ar\/este-domingo-a-las-20-se-reestrena-en-internet-el-cortometraje-francisco\/"]}]},{"@type":"ImageObject","inLanguage":"es","@id":"https:\/\/informelitoral.com.ar\/este-domingo-a-las-20-se-reestrena-en-internet-el-cortometraje-francisco\/#primaryimage","url":"https:\/\/informelitoral.com.ar\/%77%70%2d%63%6f%6e%74%65%6e%74\/uploads\/2022\/07\/1657122745jpg.jpg","contentUrl":"https:\/\/informelitoral.com.ar\/%77%70%2d%63%6f%6e%74%65%6e%74\/uploads\/2022\/07\/1657122745jpg.jpg","width":1920,"height":1280},{"@type":"BreadcrumbList","@id":"https:\/\/informelitoral.com.ar\/este-domingo-a-las-20-se-reestrena-en-internet-el-cortometraje-francisco\/#breadcrumb","itemListElement":[{"@type":"ListItem","position":1,"name":"Portada","item":"https:\/\/informelitoral.com.ar\/"},{"@type":"ListItem","position":2,"name":"Este domingo a las 20 se reestrena en internet el cortometraje Francisco"}]},{"@type":"WebSite","@id":"https:\/\/informelitoral.com.ar\/#website","url":"https:\/\/informelitoral.com.ar\/","name":"Informe Litoral","description":"&quot;Nos informamos&quot; ","publisher":{"@id":"https:\/\/informelitoral.com.ar\/#organization"},"potentialAction":[{"@type":"SearchAction","target":{"@type":"EntryPoint","urlTemplate":"https:\/\/informelitoral.com.ar\/?s={search_term_string}"},"query-input":{"@type":"PropertyValueSpecification","valueRequired":true,"valueName":"search_term_string"}}],"inLanguage":"es"},{"@type":"Organization","@id":"https:\/\/informelitoral.com.ar\/#organization","name":"Informe Litoral","url":"https:\/\/informelitoral.com.ar\/","logo":{"@type":"ImageObject","inLanguage":"es","@id":"https:\/\/informelitoral.com.ar\/#\/schema\/logo\/image\/","url":"https:\/\/informelitoral.com.ar\/%77%70%2d%63%6f%6e%74%65%6e%74\/uploads\/2021\/01\/circulo.png","contentUrl":"https:\/\/informelitoral.com.ar\/%77%70%2d%63%6f%6e%74%65%6e%74\/uploads\/2021\/01\/circulo.png","width":723,"height":731,"caption":"Informe Litoral"},"image":{"@id":"https:\/\/informelitoral.com.ar\/#\/schema\/logo\/image\/"},"sameAs":["https:\/\/www.facebook.com\/informelitoral\/","https:\/\/x.com\/InformeLitoral","https:\/\/www.instagram.com\/informelitoral\/","https:\/\/www.youtube.com\/channel\/UCua4Qvz8Icb6MYqhoq9xLXw"]},{"@type":"Person","@id":"https:\/\/informelitoral.com.ar\/#\/schema\/person\/b9d00407c836482871ef1d57bf8e3180","name":"Gonzalo Schmidt","image":{"@type":"ImageObject","inLanguage":"es","@id":"https:\/\/secure.gravatar.com\/avatar\/31a1a7b66ff2de83bd0e9fd79d026630d2d99e55e8bfe501287647b4fd9743de?s=96&d=mm&r=g","url":"https:\/\/secure.gravatar.com\/avatar\/31a1a7b66ff2de83bd0e9fd79d026630d2d99e55e8bfe501287647b4fd9743de?s=96&d=mm&r=g","contentUrl":"https:\/\/secure.gravatar.com\/avatar\/31a1a7b66ff2de83bd0e9fd79d026630d2d99e55e8bfe501287647b4fd9743de?s=96&d=mm&r=g","caption":"Gonzalo Schmidt"},"description":"Sitio web de noticias de la provincia de Entre R\u00edos, Argentina. Informaci\u00f3n y entretenimiento. Informe Litoral, nos informamos.","sameAs":["http:\/\/www.isletasnoticias.com.ar"],"url":"https:\/\/informelitoral.com.ar\/author\/gonzalo\/"}]}},"_links":{"self":[{"href":"https:\/\/informelitoral.com.ar\/%77%70%2d%6a%73%6f%6e\/wp\/v2\/posts\/81188","targetHints":{"allow":["GET"]}}],"collection":[{"href":"https:\/\/informelitoral.com.ar\/%77%70%2d%6a%73%6f%6e\/wp\/v2\/posts"}],"about":[{"href":"https:\/\/informelitoral.com.ar\/%77%70%2d%6a%73%6f%6e\/wp\/v2\/types\/post"}],"author":[{"embeddable":true,"href":"https:\/\/informelitoral.com.ar\/%77%70%2d%6a%73%6f%6e\/wp\/v2\/users\/2"}],"replies":[{"embeddable":true,"href":"https:\/\/informelitoral.com.ar\/%77%70%2d%6a%73%6f%6e\/wp\/v2\/comments?post=81188"}],"version-history":[{"count":0,"href":"https:\/\/informelitoral.com.ar\/%77%70%2d%6a%73%6f%6e\/wp\/v2\/posts\/81188\/revisions"}],"wp:featuredmedia":[{"embeddable":true,"href":"https:\/\/informelitoral.com.ar\/%77%70%2d%6a%73%6f%6e\/wp\/v2\/media\/81189"}],"wp:attachment":[{"href":"https:\/\/informelitoral.com.ar\/%77%70%2d%6a%73%6f%6e\/wp\/v2\/media?parent=81188"}],"wp:term":[{"taxonomy":"category","embeddable":true,"href":"https:\/\/informelitoral.com.ar\/%77%70%2d%6a%73%6f%6e\/wp\/v2\/categories?post=81188"},{"taxonomy":"post_tag","embeddable":true,"href":"https:\/\/informelitoral.com.ar\/%77%70%2d%6a%73%6f%6e\/wp\/v2\/tags?post=81188"}],"curies":[{"name":"wp","href":"https:\/\/api.w.org\/{rel}","templated":true}]}}