{"id":81180,"date":"2022-07-06T14:07:47","date_gmt":"2022-07-06T17:07:47","guid":{"rendered":"https:\/\/www.informelitoral.com.ar\/?p=81180"},"modified":"2022-07-06T14:07:47","modified_gmt":"2022-07-06T17:07:47","slug":"la-produccion-de-autos-crecio-casi-un-21-en-junio","status":"publish","type":"post","link":"https:\/\/informelitoral.com.ar\/la-produccion-de-autos-crecio-casi-un-21-en-junio\/","title":{"rendered":"La producci\u00f3n de autos creci\u00f3 casi un 21% en junio"},"content":{"rendered":"<p>La producci\u00f3n nacional de veh\u00edculos durante junio alcanz\u00f3 las 48.392 unidades, con un crecimiento del 20,9% interanual, en tanto que las exportaciones registraron una suba de 40,3 % respecto al mismo mes de 2021, con 31.892 veh\u00edculos embarcados, lo que representa el mejor desempe\u00f1o del semestre, seg\u00fan inform\u00f3 hoy la Asociaci\u00f3n de F\u00e1bricas de Automotores (Adefa).<\/p>\n<p>De acuerdo con las cifras que dio a conocer la entidad empresaria, en el primer semestre el sector produjo 243.698 unidades (autos y utilitarios), lo que marc\u00f3 un aumentos de 25,9 % en comparaci\u00f3n con las 193.580 unidades que se produjeron en el mismo per\u00edodo del 2021.<\/p>\n<p>\u00abLos datos de junio mantienen un alto nivel de crecimiento gracias al esfuerzo que viene realizando el sector en su conjunto en un contexto de negocios complejo tanto en plano internacional como local que imprime un desaf\u00edo extra a la actividad diaria de las terminales automotrices\u00bb, explic\u00f3 Mart\u00edn Galdeano, presidente de Adefa al analizar los resultados industriales de junio.<\/p>\n<p>En este escenario, y durante 20 d\u00edas h\u00e1biles de junio, las terminales automotrices produjeron 48.392 veh\u00edculos, es decir, un 4,2 % por sobre el volumen de mayo y un 20,9 % m\u00e1s respecto de las 40.035 unidades que se produjeron en el mismo mes del a\u00f1o pasado.<\/p>\n<p>El volumen de veh\u00edculos exportados en junio ascendi\u00f3 a 31.892 unidades, lo que mostr\u00f3 un alza de 19,1 % en su comparaci\u00f3n con mayo, mientras que respecto al mismo mes del 2021, el sector registr\u00f3 un crecimiento de 40,3% en los env\u00edos.<\/p>\n<p>En los primeros seis meses del a\u00f1o se exportaron 140.049 veh\u00edculos, es decir, se registr\u00f3 una mejora de 29,8 % en su comparaci\u00f3n con el mismo per\u00edodo del a\u00f1o pasado cuando se despacharon 107.877 unidades a diversos mercados.<\/p>\n<p>En lo que va del a\u00f1o, las ventas a Brasil representaron el 62,9% del total exportado por las automotrices argentinas, destino seguido por los pa\u00edses de Am\u00e9rica Central (11,3%), Per\u00fa (5,4%) y Chile (5,3%), entre los principales mercados.<\/p>\n<p>Continuando con los datos de junio, el sector comercializ\u00f3 a su red de concesionarios 37.236 unidades, un 10,4 % m\u00e1s respecto de mayo y un avance de 32,1 % en su comparaci\u00f3n con el sexto mes de 2021.<\/p>\n<p>De esta forma, la venta mayorista se ubic\u00f3 en el acumulado de enero a junio en 181.233 unidades, es decir, un 5,1 % m\u00e1s respecto del mismo per\u00edodo de 2021 en el que se comercializaron a la red de concesionarios un total de 172.426 veh\u00edculos.<\/p>\n<p>Galdeano tambi\u00e9n particip\u00f3 de la sesi\u00f3n en el Congreso en la que se dio media sanci\u00f3n al proyecto de ley de Promoci\u00f3n a las Nuevas Inversiones en el sector automotor.<\/p>\n<p>La media sanci\u00f3n en Diputados \u00abes una se\u00f1al positiva para nuestra industria incorporando instrumentos que favorecen la planificaci\u00f3n de inversiones significativas de largo plazo tanto para la producci\u00f3n de nuevos modelos como para el desarrollo del autopartismo\u00bb, se\u00f1al\u00f3 el directivo.<\/p>\n<p>\u00abPara nosotros es importante la aprobaci\u00f3n de este tipo de leyes que contribuyen a la mejora de la competitividad y eficiencia de las inversiones, las exportaciones y la generaci\u00f3n de empleo\u00bb, agreg\u00f3 el titular de la entidad.<\/p>\n","protected":false},"excerpt":{"rendered":"<p>La producci\u00f3n nacional de veh\u00edculos durante junio alcanz\u00f3 las 48.392 unidades, con un crecimiento del 20,9% interanual, en tanto que las exportaciones registraron una suba de 40,3 % <\/p>\n","protected":false},"author":8,"featured_media":81181,"comment_status":"open","ping_status":"open","sticky":false,"template":"","format":"standard","meta":{"fifu_image_url":"","fifu_image_alt":"","footnotes":""},"categories":[1594],"tags":[1143,120],"class_list":{"0":"post-81180","1":"post","2":"type-post","3":"status-publish","4":"format-standard","5":"has-post-thumbnail","7":"category-economia","8":"tag-autos","9":"tag-produccion"},"yoast_head":"<title>La producci\u00f3n de autos creci\u00f3 casi un 21% en junio - Informe Litoral<\/title>\n<meta name=\"robots\" content=\"index, follow, max-snippet:-1, max-image-preview:large, max-video-preview:-1\" \/>\n<link rel=\"canonical\" href=\"https:\/\/informelitoral.com.ar\/la-produccion-de-autos-crecio-casi-un-21-en-junio\/\" \/>\n<meta property=\"og:locale\" content=\"es_ES\" \/>\n<meta property=\"og:type\" content=\"article\" \/>\n<meta property=\"og:title\" content=\"La producci\u00f3n de autos creci\u00f3 casi un 21% en junio - Informe Litoral\" \/>\n<meta property=\"og:description\" content=\"La producci\u00f3n nacional de veh\u00edculos durante junio alcanz\u00f3 las 48.392 unidades, con un crecimiento del 20,9% interanual, en tanto que las exportaciones registraron una suba de 40,3 %\" \/>\n<meta property=\"og:url\" content=\"https:\/\/informelitoral.com.ar\/la-produccion-de-autos-crecio-casi-un-21-en-junio\/\" \/>\n<meta property=\"og:site_name\" content=\"Informe Litoral\" \/>\n<meta property=\"article:publisher\" content=\"https:\/\/www.facebook.com\/informelitoral\/\" \/>\n<meta property=\"article:published_time\" content=\"2022-07-06T17:07:47+00:00\" \/>\n<meta property=\"og:image\" content=\"https:\/\/informelitoral.com.ar\/%77%70%2d%63%6f%6e%74%65%6e%74\/uploads\/2022\/07\/autos-en-venta.jpg\" \/>\n\t<meta property=\"og:image:width\" content=\"1200\" \/>\n\t<meta property=\"og:image:height\" content=\"800\" \/>\n\t<meta property=\"og:image:type\" content=\"image\/jpeg\" \/>\n<meta name=\"author\" content=\"Sebastian\" \/>\n<meta name=\"twitter:card\" content=\"summary_large_image\" \/>\n<meta name=\"twitter:creator\" content=\"@InformeLitoral\" \/>\n<meta name=\"twitter:site\" content=\"@InformeLitoral\" \/>\n<meta name=\"twitter:label1\" content=\"Escrito por\" \/>\n\t<meta name=\"twitter:data1\" content=\"Sebastian\" \/>\n\t<meta name=\"twitter:label2\" content=\"Tiempo de lectura\" \/>\n\t<meta name=\"twitter:data2\" content=\"3 minutos\" \/>\n<script type=\"application\/ld+json\" class=\"yoast-schema-graph\">{\"@context\":\"https:\\\/\\\/schema.org\",\"@graph\":[{\"@type\":\"Article\",\"@id\":\"https:\\\/\\\/informelitoral.com.ar\\\/la-produccion-de-autos-crecio-casi-un-21-en-junio\\\/#article\",\"isPartOf\":{\"@id\":\"https:\\\/\\\/informelitoral.com.ar\\\/la-produccion-de-autos-crecio-casi-un-21-en-junio\\\/\"},\"author\":{\"name\":\"Sebastian\",\"@id\":\"https:\\\/\\\/informelitoral.com.ar\\\/#\\\/schema\\\/person\\\/f05f9f461677119578717524b127d6d5\"},\"headline\":\"La producci\u00f3n de autos creci\u00f3 casi un 21% en junio\",\"datePublished\":\"2022-07-06T17:07:47+00:00\",\"mainEntityOfPage\":{\"@id\":\"https:\\\/\\\/informelitoral.com.ar\\\/la-produccion-de-autos-crecio-casi-un-21-en-junio\\\/\"},\"wordCount\":528,\"commentCount\":0,\"publisher\":{\"@id\":\"https:\\\/\\\/informelitoral.com.ar\\\/#organization\"},\"image\":{\"@id\":\"https:\\\/\\\/informelitoral.com.ar\\\/la-produccion-de-autos-crecio-casi-un-21-en-junio\\\/#primaryimage\"},\"thumbnailUrl\":\"https:\\\/\\\/informelitoral.com.ar\\\/%77%70%2d%63%6f%6e%74%65%6e%74\\\/uploads\\\/2022\\\/07\\\/autos-en-venta.jpg\",\"keywords\":[\"Autos\",\"Producci\u00f3n\"],\"articleSection\":[\"Econom\u00eda\"],\"inLanguage\":\"es\",\"potentialAction\":[{\"@type\":\"CommentAction\",\"name\":\"Comment\",\"target\":[\"https:\\\/\\\/informelitoral.com.ar\\\/la-produccion-de-autos-crecio-casi-un-21-en-junio\\\/#respond\"]}]},{\"@type\":\"WebPage\",\"@id\":\"https:\\\/\\\/informelitoral.com.ar\\\/la-produccion-de-autos-crecio-casi-un-21-en-junio\\\/\",\"url\":\"https:\\\/\\\/informelitoral.com.ar\\\/la-produccion-de-autos-crecio-casi-un-21-en-junio\\\/\",\"name\":\"La producci\u00f3n de autos creci\u00f3 casi un 21% en junio - Informe Litoral\",\"isPartOf\":{\"@id\":\"https:\\\/\\\/informelitoral.com.ar\\\/#website\"},\"primaryImageOfPage\":{\"@id\":\"https:\\\/\\\/informelitoral.com.ar\\\/la-produccion-de-autos-crecio-casi-un-21-en-junio\\\/#primaryimage\"},\"image\":{\"@id\":\"https:\\\/\\\/informelitoral.com.ar\\\/la-produccion-de-autos-crecio-casi-un-21-en-junio\\\/#primaryimage\"},\"thumbnailUrl\":\"https:\\\/\\\/informelitoral.com.ar\\\/%77%70%2d%63%6f%6e%74%65%6e%74\\\/uploads\\\/2022\\\/07\\\/autos-en-venta.jpg\",\"datePublished\":\"2022-07-06T17:07:47+00:00\",\"breadcrumb\":{\"@id\":\"https:\\\/\\\/informelitoral.com.ar\\\/la-produccion-de-autos-crecio-casi-un-21-en-junio\\\/#breadcrumb\"},\"inLanguage\":\"es\",\"potentialAction\":[{\"@type\":\"ReadAction\",\"target\":[\"https:\\\/\\\/informelitoral.com.ar\\\/la-produccion-de-autos-crecio-casi-un-21-en-junio\\\/\"]}]},{\"@type\":\"ImageObject\",\"inLanguage\":\"es\",\"@id\":\"https:\\\/\\\/informelitoral.com.ar\\\/la-produccion-de-autos-crecio-casi-un-21-en-junio\\\/#primaryimage\",\"url\":\"https:\\\/\\\/informelitoral.com.ar\\\/%77%70%2d%63%6f%6e%74%65%6e%74\\\/uploads\\\/2022\\\/07\\\/autos-en-venta.jpg\",\"contentUrl\":\"https:\\\/\\\/informelitoral.com.ar\\\/%77%70%2d%63%6f%6e%74%65%6e%74\\\/uploads\\\/2022\\\/07\\\/autos-en-venta.jpg\",\"width\":1200,\"height\":800},{\"@type\":\"BreadcrumbList\",\"@id\":\"https:\\\/\\\/informelitoral.com.ar\\\/la-produccion-de-autos-crecio-casi-un-21-en-junio\\\/#breadcrumb\",\"itemListElement\":[{\"@type\":\"ListItem\",\"position\":1,\"name\":\"Portada\",\"item\":\"https:\\\/\\\/informelitoral.com.ar\\\/\"},{\"@type\":\"ListItem\",\"position\":2,\"name\":\"La producci\u00f3n de autos creci\u00f3 casi un 21% en junio\"}]},{\"@type\":\"WebSite\",\"@id\":\"https:\\\/\\\/informelitoral.com.ar\\\/#website\",\"url\":\"https:\\\/\\\/informelitoral.com.ar\\\/\",\"name\":\"Informe Litoral\",\"description\":\"&quot;Nos informamos&quot; \",\"publisher\":{\"@id\":\"https:\\\/\\\/informelitoral.com.ar\\\/#organization\"},\"potentialAction\":[{\"@type\":\"SearchAction\",\"target\":{\"@type\":\"EntryPoint\",\"urlTemplate\":\"https:\\\/\\\/informelitoral.com.ar\\\/?s={search_term_string}\"},\"query-input\":{\"@type\":\"PropertyValueSpecification\",\"valueRequired\":true,\"valueName\":\"search_term_string\"}}],\"inLanguage\":\"es\"},{\"@type\":\"Organization\",\"@id\":\"https:\\\/\\\/informelitoral.com.ar\\\/#organization\",\"name\":\"Informe Litoral\",\"url\":\"https:\\\/\\\/informelitoral.com.ar\\\/\",\"logo\":{\"@type\":\"ImageObject\",\"inLanguage\":\"es\",\"@id\":\"https:\\\/\\\/informelitoral.com.ar\\\/#\\\/schema\\\/logo\\\/image\\\/\",\"url\":\"https:\\\/\\\/informelitoral.com.ar\\\/%77%70%2d%63%6f%6e%74%65%6e%74\\\/uploads\\\/2021\\\/01\\\/circulo.png\",\"contentUrl\":\"https:\\\/\\\/informelitoral.com.ar\\\/%77%70%2d%63%6f%6e%74%65%6e%74\\\/uploads\\\/2021\\\/01\\\/circulo.png\",\"width\":723,\"height\":731,\"caption\":\"Informe Litoral\"},\"image\":{\"@id\":\"https:\\\/\\\/informelitoral.com.ar\\\/#\\\/schema\\\/logo\\\/image\\\/\"},\"sameAs\":[\"https:\\\/\\\/www.facebook.com\\\/informelitoral\\\/\",\"https:\\\/\\\/x.com\\\/InformeLitoral\",\"https:\\\/\\\/www.instagram.com\\\/informelitoral\\\/\",\"https:\\\/\\\/www.youtube.com\\\/channel\\\/UCua4Qvz8Icb6MYqhoq9xLXw\"]},{\"@type\":\"Person\",\"@id\":\"https:\\\/\\\/informelitoral.com.ar\\\/#\\\/schema\\\/person\\\/f05f9f461677119578717524b127d6d5\",\"name\":\"Sebastian\",\"image\":{\"@type\":\"ImageObject\",\"inLanguage\":\"es\",\"@id\":\"https:\\\/\\\/secure.gravatar.com\\\/avatar\\\/b71bf7481d447dfb9583c7f2798e7cc64de6efb9067b74633ed8c31059a3bd82?s=96&d=mm&r=g\",\"url\":\"https:\\\/\\\/secure.gravatar.com\\\/avatar\\\/b71bf7481d447dfb9583c7f2798e7cc64de6efb9067b74633ed8c31059a3bd82?s=96&d=mm&r=g\",\"contentUrl\":\"https:\\\/\\\/secure.gravatar.com\\\/avatar\\\/b71bf7481d447dfb9583c7f2798e7cc64de6efb9067b74633ed8c31059a3bd82?s=96&d=mm&r=g\",\"caption\":\"Sebastian\"},\"url\":\"https:\\\/\\\/informelitoral.com.ar\\\/author\\\/sebastian\\\/\"}]}<\/script>","yoast_head_json":{"title":"La producci\u00f3n de autos creci\u00f3 casi un 21% en junio - Informe Litoral","robots":{"index":"index","follow":"follow","max-snippet":"max-snippet:-1","max-image-preview":"max-image-preview:large","max-video-preview":"max-video-preview:-1"},"canonical":"https:\/\/informelitoral.com.ar\/la-produccion-de-autos-crecio-casi-un-21-en-junio\/","og_locale":"es_ES","og_type":"article","og_title":"La producci\u00f3n de autos creci\u00f3 casi un 21% en junio - Informe Litoral","og_description":"La producci\u00f3n nacional de veh\u00edculos durante junio alcanz\u00f3 las 48.392 unidades, con un crecimiento del 20,9% interanual, en tanto que las exportaciones registraron una suba de 40,3 %","og_url":"https:\/\/informelitoral.com.ar\/la-produccion-de-autos-crecio-casi-un-21-en-junio\/","og_site_name":"Informe Litoral","article_publisher":"https:\/\/www.facebook.com\/informelitoral\/","article_published_time":"2022-07-06T17:07:47+00:00","og_image":[{"width":1200,"height":800,"url":"https:\/\/informelitoral.com.ar\/%77%70%2d%63%6f%6e%74%65%6e%74\/uploads\/2022\/07\/autos-en-venta.jpg","type":"image\/jpeg"}],"author":"Sebastian","twitter_card":"summary_large_image","twitter_creator":"@InformeLitoral","twitter_site":"@InformeLitoral","twitter_misc":{"Escrito por":"Sebastian","Tiempo de lectura":"3 minutos"},"schema":{"@context":"https:\/\/schema.org","@graph":[{"@type":"Article","@id":"https:\/\/informelitoral.com.ar\/la-produccion-de-autos-crecio-casi-un-21-en-junio\/#article","isPartOf":{"@id":"https:\/\/informelitoral.com.ar\/la-produccion-de-autos-crecio-casi-un-21-en-junio\/"},"author":{"name":"Sebastian","@id":"https:\/\/informelitoral.com.ar\/#\/schema\/person\/f05f9f461677119578717524b127d6d5"},"headline":"La producci\u00f3n de autos creci\u00f3 casi un 21% en junio","datePublished":"2022-07-06T17:07:47+00:00","mainEntityOfPage":{"@id":"https:\/\/informelitoral.com.ar\/la-produccion-de-autos-crecio-casi-un-21-en-junio\/"},"wordCount":528,"commentCount":0,"publisher":{"@id":"https:\/\/informelitoral.com.ar\/#organization"},"image":{"@id":"https:\/\/informelitoral.com.ar\/la-produccion-de-autos-crecio-casi-un-21-en-junio\/#primaryimage"},"thumbnailUrl":"https:\/\/informelitoral.com.ar\/%77%70%2d%63%6f%6e%74%65%6e%74\/uploads\/2022\/07\/autos-en-venta.jpg","keywords":["Autos","Producci\u00f3n"],"articleSection":["Econom\u00eda"],"inLanguage":"es","potentialAction":[{"@type":"CommentAction","name":"Comment","target":["https:\/\/informelitoral.com.ar\/la-produccion-de-autos-crecio-casi-un-21-en-junio\/#respond"]}]},{"@type":"WebPage","@id":"https:\/\/informelitoral.com.ar\/la-produccion-de-autos-crecio-casi-un-21-en-junio\/","url":"https:\/\/informelitoral.com.ar\/la-produccion-de-autos-crecio-casi-un-21-en-junio\/","name":"La producci\u00f3n de autos creci\u00f3 casi un 21% en junio - Informe Litoral","isPartOf":{"@id":"https:\/\/informelitoral.com.ar\/#website"},"primaryImageOfPage":{"@id":"https:\/\/informelitoral.com.ar\/la-produccion-de-autos-crecio-casi-un-21-en-junio\/#primaryimage"},"image":{"@id":"https:\/\/informelitoral.com.ar\/la-produccion-de-autos-crecio-casi-un-21-en-junio\/#primaryimage"},"thumbnailUrl":"https:\/\/informelitoral.com.ar\/%77%70%2d%63%6f%6e%74%65%6e%74\/uploads\/2022\/07\/autos-en-venta.jpg","datePublished":"2022-07-06T17:07:47+00:00","breadcrumb":{"@id":"https:\/\/informelitoral.com.ar\/la-produccion-de-autos-crecio-casi-un-21-en-junio\/#breadcrumb"},"inLanguage":"es","potentialAction":[{"@type":"ReadAction","target":["https:\/\/informelitoral.com.ar\/la-produccion-de-autos-crecio-casi-un-21-en-junio\/"]}]},{"@type":"ImageObject","inLanguage":"es","@id":"https:\/\/informelitoral.com.ar\/la-produccion-de-autos-crecio-casi-un-21-en-junio\/#primaryimage","url":"https:\/\/informelitoral.com.ar\/%77%70%2d%63%6f%6e%74%65%6e%74\/uploads\/2022\/07\/autos-en-venta.jpg","contentUrl":"https:\/\/informelitoral.com.ar\/%77%70%2d%63%6f%6e%74%65%6e%74\/uploads\/2022\/07\/autos-en-venta.jpg","width":1200,"height":800},{"@type":"BreadcrumbList","@id":"https:\/\/informelitoral.com.ar\/la-produccion-de-autos-crecio-casi-un-21-en-junio\/#breadcrumb","itemListElement":[{"@type":"ListItem","position":1,"name":"Portada","item":"https:\/\/informelitoral.com.ar\/"},{"@type":"ListItem","position":2,"name":"La producci\u00f3n de autos creci\u00f3 casi un 21% en junio"}]},{"@type":"WebSite","@id":"https:\/\/informelitoral.com.ar\/#website","url":"https:\/\/informelitoral.com.ar\/","name":"Informe Litoral","description":"&quot;Nos informamos&quot; ","publisher":{"@id":"https:\/\/informelitoral.com.ar\/#organization"},"potentialAction":[{"@type":"SearchAction","target":{"@type":"EntryPoint","urlTemplate":"https:\/\/informelitoral.com.ar\/?s={search_term_string}"},"query-input":{"@type":"PropertyValueSpecification","valueRequired":true,"valueName":"search_term_string"}}],"inLanguage":"es"},{"@type":"Organization","@id":"https:\/\/informelitoral.com.ar\/#organization","name":"Informe Litoral","url":"https:\/\/informelitoral.com.ar\/","logo":{"@type":"ImageObject","inLanguage":"es","@id":"https:\/\/informelitoral.com.ar\/#\/schema\/logo\/image\/","url":"https:\/\/informelitoral.com.ar\/%77%70%2d%63%6f%6e%74%65%6e%74\/uploads\/2021\/01\/circulo.png","contentUrl":"https:\/\/informelitoral.com.ar\/%77%70%2d%63%6f%6e%74%65%6e%74\/uploads\/2021\/01\/circulo.png","width":723,"height":731,"caption":"Informe Litoral"},"image":{"@id":"https:\/\/informelitoral.com.ar\/#\/schema\/logo\/image\/"},"sameAs":["https:\/\/www.facebook.com\/informelitoral\/","https:\/\/x.com\/InformeLitoral","https:\/\/www.instagram.com\/informelitoral\/","https:\/\/www.youtube.com\/channel\/UCua4Qvz8Icb6MYqhoq9xLXw"]},{"@type":"Person","@id":"https:\/\/informelitoral.com.ar\/#\/schema\/person\/f05f9f461677119578717524b127d6d5","name":"Sebastian","image":{"@type":"ImageObject","inLanguage":"es","@id":"https:\/\/secure.gravatar.com\/avatar\/b71bf7481d447dfb9583c7f2798e7cc64de6efb9067b74633ed8c31059a3bd82?s=96&d=mm&r=g","url":"https:\/\/secure.gravatar.com\/avatar\/b71bf7481d447dfb9583c7f2798e7cc64de6efb9067b74633ed8c31059a3bd82?s=96&d=mm&r=g","contentUrl":"https:\/\/secure.gravatar.com\/avatar\/b71bf7481d447dfb9583c7f2798e7cc64de6efb9067b74633ed8c31059a3bd82?s=96&d=mm&r=g","caption":"Sebastian"},"url":"https:\/\/informelitoral.com.ar\/author\/sebastian\/"}]}},"_links":{"self":[{"href":"https:\/\/informelitoral.com.ar\/%77%70%2d%6a%73%6f%6e\/wp\/v2\/posts\/81180","targetHints":{"allow":["GET"]}}],"collection":[{"href":"https:\/\/informelitoral.com.ar\/%77%70%2d%6a%73%6f%6e\/wp\/v2\/posts"}],"about":[{"href":"https:\/\/informelitoral.com.ar\/%77%70%2d%6a%73%6f%6e\/wp\/v2\/types\/post"}],"author":[{"embeddable":true,"href":"https:\/\/informelitoral.com.ar\/%77%70%2d%6a%73%6f%6e\/wp\/v2\/users\/8"}],"replies":[{"embeddable":true,"href":"https:\/\/informelitoral.com.ar\/%77%70%2d%6a%73%6f%6e\/wp\/v2\/comments?post=81180"}],"version-history":[{"count":0,"href":"https:\/\/informelitoral.com.ar\/%77%70%2d%6a%73%6f%6e\/wp\/v2\/posts\/81180\/revisions"}],"wp:featuredmedia":[{"embeddable":true,"href":"https:\/\/informelitoral.com.ar\/%77%70%2d%6a%73%6f%6e\/wp\/v2\/media\/81181"}],"wp:attachment":[{"href":"https:\/\/informelitoral.com.ar\/%77%70%2d%6a%73%6f%6e\/wp\/v2\/media?parent=81180"}],"wp:term":[{"taxonomy":"category","embeddable":true,"href":"https:\/\/informelitoral.com.ar\/%77%70%2d%6a%73%6f%6e\/wp\/v2\/categories?post=81180"},{"taxonomy":"post_tag","embeddable":true,"href":"https:\/\/informelitoral.com.ar\/%77%70%2d%6a%73%6f%6e\/wp\/v2\/tags?post=81180"}],"curies":[{"name":"wp","href":"https:\/\/api.w.org\/{rel}","templated":true}]}}